{"id":63530,"date":"2021-06-29T01:57:42","date_gmt":"2021-06-29T06:57:42","guid":{"rendered":"https:\/\/akunq.net\/tr\/?p=63530"},"modified":"2021-06-29T01:59:31","modified_gmt":"2021-06-29T06:59:31","slug":"karadenizin-yasanilabilir-tek-adasi-ziyaretcilerini-agirlamaya-yeniden-basladi-mitolojik-hikayeleri-ile-on-plana-cikan-giresun-adasi-covid-19-yasaklari-sonrasi-normallesmeyle-birlikte-ziyare","status":"publish","type":"post","link":"https:\/\/akunq.net\/tr\/?p=63530","title":{"rendered":"Karadeniz\u2019in ya\u015fan\u0131labilir tek adas\u0131 ziyaret\u00e7ilerini a\u011f\u0131rlamaya yeniden ba\u015flad\u0131"},"content":{"rendered":"<p><img loading=\"lazy\" decoding=\"async\" class=\"aligncenter size-medium wp-image-63531\" src=\"https:\/\/akunq.net\/tr\/wp-content\/uploads\/2021\/06\/Giresun-Adas\u0131-360x238.jpg\" alt=\"\" width=\"360\" height=\"238\" srcset=\"https:\/\/akunq.net\/tr\/wp-content\/uploads\/sites\/6\/2021\/06\/Giresun-Adas\u0131-360x238.jpg 360w, https:\/\/akunq.net\/tr\/wp-content\/uploads\/sites\/6\/2021\/06\/Giresun-Adas\u0131-560x370.jpg 560w, https:\/\/akunq.net\/tr\/wp-content\/uploads\/sites\/6\/2021\/06\/Giresun-Adas\u0131-260x172.jpg 260w, https:\/\/akunq.net\/tr\/wp-content\/uploads\/sites\/6\/2021\/06\/Giresun-Adas\u0131-160x106.jpg 160w, https:\/\/akunq.net\/tr\/wp-content\/uploads\/sites\/6\/2021\/06\/Giresun-Adas\u0131.jpg 620w\" sizes=\"auto, (max-width: 360px) 100vw, 360px\" \/><\/p>\n<p><em><strong>Mitolojik hikayeleri ve tarihi kal\u0131nt\u0131lar\u0131yla \u00f6n plana \u00e7\u0131kan Giresun Adas\u0131, Korona vir\u00fcs (Covid19) salg\u0131n\u0131 nedeniyle ya\u015fanan k\u0131s\u0131tlamalar sonras\u0131nda ziyaret\u00e7ilerini yeniden a\u011f\u0131rlamaya ba\u015flad\u0131.<\/strong><\/em><br \/>\nAmazon kad\u0131nlar\u0131, Herk\u00fcl\u2019\u00fcn alt\u0131n postu aramak i\u00e7in adaya gelmesi gibi mitolojik hikayelere konu olmas\u0131yla bilinen ve ayn\u0131 zamanda \u00e7ok say\u0131da ku\u015f t\u00fcr\u00fcne de ev sahipli\u011fi yapan Karadeniz\u2019in ya\u015fan\u0131labilir tek adas\u0131 olan Giresun Adas\u0131\u2019na pandemi sonras\u0131 yeniden tekne turlar\u0131 d\u00fczenleniyor.<br \/>\nGiresun Adas\u0131\u2019na Alt\u0131n Post gezi teknesiyle d\u00fczenlenen ziyaretlere ada rehberi de e\u015flik ederek adan\u0131n mitolojik y\u00f6n\u00fc anlat\u0131larak gezdiriliyor.<br \/>\nKorona vir\u00fcs salg\u0131n\u0131 k\u0131s\u0131tlamalar\u0131n\u0131n ard\u0131ndan turlara yeniden ba\u015flad\u0131klar\u0131n\u0131 belirten Giresun Ada Rehberi Emre Ayd\u0131n, \u201cPandemi nedeniyle ge\u00e7en y\u0131l yine gecikmeli olarak k\u0131s\u0131tl\u0131 ziyaretler yap\u0131lm\u0131\u015ft\u0131. Bu y\u0131l ise, yasaklar\u0131n kalmas\u0131n\u0131n ard\u0131ndan yine pandemi ko\u015fullar\u0131 dikkate al\u0131narak ada turuna ba\u015flad\u0131k. Ziyaret\u00e7iler yava\u015f yava\u015f gelmeye ba\u015flad\u0131. Do\u011fu Karadeniz<code>de \u00fczerinde insanlar\u0131n ya\u015fad\u0131\u011f\u0131 tek ada olan Giresun Adas\u0131<\/code>na gelenler, Bizans mezarlar\u0131, tarihi surlar, manast\u0131r harabesi, \u015fapel gibi tarihi kal\u0131nt\u0131lar\u0131 inceleme imkan\u0131 buluyor. Giresun Adas\u0131 mitolojik hikayelere de konu olmu\u015ftur. \u00c7ok say\u0131da ku\u015f t\u00fcr\u00fcne ev sahipli\u011fi yapan Giresun Adas\u0131nda karabatak ve mart\u0131lar\u0131n yuvalar\u0131 ile \u00fcreme alanlar\u0131 g\u00f6zlemlenebiliyor. Yakla\u015f\u0131k 40 d\u00f6n\u00fcm alana sahip ada, do\u011fas\u0131yla da dikkati \u00e7ekiyor\u201d dedi.<br \/>\nAda ziyaret\u00e7ileri ise pandemi sonras\u0131nda geldikleri adadan \u00e7ok etkilendiklerini ancak bak\u0131ms\u0131z bulduklar\u0131n\u0131 ifade ettiler.<br \/>\nK\u0131y\u0131dan 1,6 km a\u00e7\u0131kta olan ve tekneyle ula\u015f\u0131lan ada, Karadeniz\u2019de karabatak ve mart\u0131lar\u0131n do\u011fal olarak \u00fcredi\u011fi ve ayn\u0131 zamanda g\u00f6\u00e7men ku\u015flar\u0131n u\u011frak ve dinlenme yeri olarak biliniyor. Hakk\u0131nda bir\u00e7ok efsaneler anlat\u0131lan, Amazon kad\u0131nlar\u0131n\u0131n ve bir\u00e7ok kavmin ya\u015fad\u0131\u011f\u0131 adada mitolojik \u00e7a\u011flara ait bir\u00e7ok kal\u0131nt\u0131 bulunuyor. Amazon kad\u0131nlar\u0131n\u0131n burada ya\u015fad\u0131\u011f\u0131na ve mitolojide Kaptan Yason \u00f6nderli\u011findeki Argonotlar\u2019\u0131n Herk\u00fcl ile birlikte alt\u0131n postu aramak i\u00e7in geldiklerine ve \u2018Aretias, Nesos ve Khalkeritis\u2019 isimleriyle an\u0131lan adada M.\u00d6. 2 bin y\u0131l\u0131ndan itibaren yerle\u015fimin ba\u015flad\u0131\u011f\u0131 san\u0131l\u0131yor. Adada, 2011 y\u0131l\u0131nda ba\u015flayan arkeolojik kaz\u0131larda kilise kal\u0131nt\u0131lar\u0131, tap\u0131nak, iskeletler, \u015farap f\u0131\u00e7\u0131lar\u0131 bulundu. Kaz\u0131lar sonucunda adan\u0131n tarihte bir dini merkez oldu\u011fu belirlendi.<\/p>\n<hr \/>\n<p><em><strong><a href=\"https:\/\/www.haberturk.com\/giresun-haberleri\/88470274-karadenizin-yasanilabilir-tek-adasi-ziyaretcilerini-agirlamaya-yeniden-basladimitolojik\">https:\/\/www.haberturk.com\/giresun-haberleri\/88470274-karadenizin-yasanilabilir-tek-adasi-ziyaretcilerini-agirlamaya-yeniden-basladimitolojik<\/a><\/strong><\/em><\/p>\n<div class=\"sharedaddy sd-sharing-enabled\">\n<div class=\"robots-nocontent sd-block sd-social sd-social-icon-text sd-sharing\">\n<h3 class=\"sd-title\"><\/h3>\n<\/div>\n<\/div>\n","protected":false},"excerpt":{"rendered":"<p>Mitolojik hikayeleri ve tarihi kal\u0131nt\u0131lar\u0131yla \u00f6n plana \u00e7\u0131kan Giresun Adas\u0131, Korona vir\u00fcs (Covid19) salg\u0131n\u0131 nedeniyle ya\u015fanan k\u0131s\u0131tlamalar sonras\u0131nda ziyaret\u00e7ilerini yeniden a\u011f\u0131rlamaya ba\u015flad\u0131. Amazon kad\u0131nlar\u0131, Herk\u00fcl\u2019\u00fcn alt\u0131n postu aramak i\u00e7in adaya gelmesi gibi mitolojik hikayelere konu olmas\u0131yla bilinen ve ayn\u0131 zamanda \u00e7ok say\u0131da ku\u015f t\u00fcr\u00fcne de ev sahipli\u011fi yapan Karadeniz\u2019in ya\u015fan\u0131labilir tek adas\u0131 olan Giresun Adas\u0131\u2019na [&hellip;]<\/p>\n","protected":false},"author":7,"featured_media":63531,"comment_status":"open","ping_status":"open","sticky":false,"template":"","format":"standard","meta":{"footnotes":""},"categories":[1],"tags":[],"class_list":["post-63530","post","type-post","status-publish","format-standard","has-post-thumbnail","hentry","category-haberler"],"yoast_head":"<!-- This site is optimized with the Yoast SEO plugin v27.4 - https:\/\/yoast.com\/product\/yoast-seo-wordpress\/ -->\n<title>Karadeniz\u2019in ya\u015fan\u0131labilir tek adas\u0131 ziyaret\u00e7ilerini a\u011f\u0131rlamaya yeniden ba\u015flad\u0131 - Bati Ermenistan Ve Bati Ermenileri Sorunlari Ara\u015ftirmalar Merkezi<\/title>\n<meta name=\"robots\" content=\"index, follow, max-snippet:-1, max-image-preview:large, max-video-preview:-1\" \/>\n<link rel=\"canonical\" href=\"https:\/\/akunq.net\/tr\/?p=63530\" \/>\n<meta property=\"og:locale\" content=\"en_US\" \/>\n<meta property=\"og:type\" content=\"article\" \/>\n<meta property=\"og:title\" content=\"Karadeniz\u2019in ya\u015fan\u0131labilir tek adas\u0131 ziyaret\u00e7ilerini a\u011f\u0131rlamaya yeniden ba\u015flad\u0131 - Bati Ermenistan Ve Bati Ermenileri Sorunlari Ara\u015ftirmalar Merkezi\" \/>\n<meta property=\"og:description\" content=\"Mitolojik hikayeleri ve tarihi kal\u0131nt\u0131lar\u0131yla \u00f6n plana \u00e7\u0131kan Giresun Adas\u0131, Korona vir\u00fcs (Covid19) salg\u0131n\u0131 nedeniyle ya\u015fanan k\u0131s\u0131tlamalar sonras\u0131nda ziyaret\u00e7ilerini yeniden a\u011f\u0131rlamaya ba\u015flad\u0131. Amazon kad\u0131nlar\u0131, Herk\u00fcl\u2019\u00fcn alt\u0131n postu aramak i\u00e7in adaya gelmesi gibi mitolojik hikayelere konu olmas\u0131yla bilinen ve ayn\u0131 zamanda \u00e7ok say\u0131da ku\u015f t\u00fcr\u00fcne de ev sahipli\u011fi yapan Karadeniz\u2019in ya\u015fan\u0131labilir tek adas\u0131 olan Giresun Adas\u0131\u2019na [&hellip;]\" \/>\n<meta property=\"og:url\" content=\"https:\/\/akunq.net\/tr\/?p=63530\" \/>\n<meta property=\"og:site_name\" content=\"Bati Ermenistan Ve Bati Ermenileri Sorunlari Ara\u015ftirmalar Merkezi\" \/>\n<meta property=\"article:published_time\" content=\"2021-06-29T06:57:42+00:00\" \/>\n<meta property=\"article:modified_time\" content=\"2021-06-29T06:59:31+00:00\" \/>\n<meta property=\"og:image\" content=\"https:\/\/akunq.net\/tr\/wp-content\/uploads\/sites\/6\/2021\/06\/Giresun-Adas\u0131.jpg\" \/>\n\t<meta property=\"og:image:width\" content=\"620\" \/>\n\t<meta property=\"og:image:height\" content=\"410\" \/>\n\t<meta property=\"og:image:type\" content=\"image\/jpeg\" \/>\n<meta name=\"author\" content=\"admin\" \/>\n<meta name=\"twitter:card\" content=\"summary_large_image\" \/>\n<meta name=\"twitter:label1\" content=\"Written by\" \/>\n\t<meta name=\"twitter:data1\" content=\"admin\" \/>\n\t<meta name=\"twitter:label2\" content=\"Est. reading time\" \/>\n\t<meta name=\"twitter:data2\" content=\"2 minutes\" \/>\n<script type=\"application\/ld+json\" class=\"yoast-schema-graph\">{\"@context\":\"https:\\\/\\\/schema.org\",\"@graph\":[{\"@type\":\"Article\",\"@id\":\"https:\\\/\\\/akunq.net\\\/tr\\\/?p=63530#article\",\"isPartOf\":{\"@id\":\"https:\\\/\\\/akunq.net\\\/tr\\\/?p=63530\"},\"author\":{\"name\":\"admin\",\"@id\":\"https:\\\/\\\/akunq.net\\\/tr\\\/#\\\/schema\\\/person\\\/096f1d38a12cce57fb855b485ed24c9e\"},\"headline\":\"Karadeniz\u2019in ya\u015fan\u0131labilir tek adas\u0131 ziyaret\u00e7ilerini a\u011f\u0131rlamaya yeniden ba\u015flad\u0131\",\"datePublished\":\"2021-06-29T06:57:42+00:00\",\"dateModified\":\"2021-06-29T06:59:31+00:00\",\"mainEntityOfPage\":{\"@id\":\"https:\\\/\\\/akunq.net\\\/tr\\\/?p=63530\"},\"wordCount\":440,\"commentCount\":0,\"image\":{\"@id\":\"https:\\\/\\\/akunq.net\\\/tr\\\/?p=63530#primaryimage\"},\"thumbnailUrl\":\"https:\\\/\\\/akunq.net\\\/tr\\\/wp-content\\\/uploads\\\/sites\\\/6\\\/2021\\\/06\\\/Giresun-Adas\u0131.jpg\",\"articleSection\":[\"Haberler\"],\"inLanguage\":\"en-US\",\"potentialAction\":[{\"@type\":\"CommentAction\",\"name\":\"Comment\",\"target\":[\"https:\\\/\\\/akunq.net\\\/tr\\\/?p=63530#respond\"]}]},{\"@type\":\"WebPage\",\"@id\":\"https:\\\/\\\/akunq.net\\\/tr\\\/?p=63530\",\"url\":\"https:\\\/\\\/akunq.net\\\/tr\\\/?p=63530\",\"name\":\"Karadeniz\u2019in ya\u015fan\u0131labilir tek adas\u0131 ziyaret\u00e7ilerini a\u011f\u0131rlamaya yeniden ba\u015flad\u0131 - Bati Ermenistan Ve Bati Ermenileri Sorunlari Ara\u015ftirmalar Merkezi\",\"isPartOf\":{\"@id\":\"https:\\\/\\\/akunq.net\\\/tr\\\/#website\"},\"primaryImageOfPage\":{\"@id\":\"https:\\\/\\\/akunq.net\\\/tr\\\/?p=63530#primaryimage\"},\"image\":{\"@id\":\"https:\\\/\\\/akunq.net\\\/tr\\\/?p=63530#primaryimage\"},\"thumbnailUrl\":\"https:\\\/\\\/akunq.net\\\/tr\\\/wp-content\\\/uploads\\\/sites\\\/6\\\/2021\\\/06\\\/Giresun-Adas\u0131.jpg\",\"datePublished\":\"2021-06-29T06:57:42+00:00\",\"dateModified\":\"2021-06-29T06:59:31+00:00\",\"author\":{\"@id\":\"https:\\\/\\\/akunq.net\\\/tr\\\/#\\\/schema\\\/person\\\/096f1d38a12cce57fb855b485ed24c9e\"},\"breadcrumb\":{\"@id\":\"https:\\\/\\\/akunq.net\\\/tr\\\/?p=63530#breadcrumb\"},\"inLanguage\":\"en-US\",\"potentialAction\":[{\"@type\":\"ReadAction\",\"target\":[\"https:\\\/\\\/akunq.net\\\/tr\\\/?p=63530\"]}]},{\"@type\":\"ImageObject\",\"inLanguage\":\"en-US\",\"@id\":\"https:\\\/\\\/akunq.net\\\/tr\\\/?p=63530#primaryimage\",\"url\":\"https:\\\/\\\/akunq.net\\\/tr\\\/wp-content\\\/uploads\\\/sites\\\/6\\\/2021\\\/06\\\/Giresun-Adas\u0131.jpg\",\"contentUrl\":\"https:\\\/\\\/akunq.net\\\/tr\\\/wp-content\\\/uploads\\\/sites\\\/6\\\/2021\\\/06\\\/Giresun-Adas\u0131.jpg\",\"width\":620,\"height\":410},{\"@type\":\"BreadcrumbList\",\"@id\":\"https:\\\/\\\/akunq.net\\\/tr\\\/?p=63530#breadcrumb\",\"itemListElement\":[{\"@type\":\"ListItem\",\"position\":1,\"name\":\"Home\",\"item\":\"https:\\\/\\\/akunq.net\\\/tr\"},{\"@type\":\"ListItem\",\"position\":2,\"name\":\"Karadeniz\u2019in ya\u015fan\u0131labilir tek adas\u0131 ziyaret\u00e7ilerini a\u011f\u0131rlamaya yeniden ba\u015flad\u0131\"}]},{\"@type\":\"WebSite\",\"@id\":\"https:\\\/\\\/akunq.net\\\/tr\\\/#website\",\"url\":\"https:\\\/\\\/akunq.net\\\/tr\\\/\",\"name\":\"Bati Ermenistan Ve Bati Ermenileri Sorunlari Ara\u015ftirmalar Merkezi\",\"description\":\"\",\"potentialAction\":[{\"@type\":\"SearchAction\",\"target\":{\"@type\":\"EntryPoint\",\"urlTemplate\":\"https:\\\/\\\/akunq.net\\\/tr\\\/?s={search_term_string}\"},\"query-input\":{\"@type\":\"PropertyValueSpecification\",\"valueRequired\":true,\"valueName\":\"search_term_string\"}}],\"inLanguage\":\"en-US\"},{\"@type\":\"Person\",\"@id\":\"https:\\\/\\\/akunq.net\\\/tr\\\/#\\\/schema\\\/person\\\/096f1d38a12cce57fb855b485ed24c9e\",\"name\":\"admin\",\"url\":\"https:\\\/\\\/akunq.net\\\/tr\\\/?author=7\"}]}<\/script>\n<!-- \/ Yoast SEO plugin. -->","yoast_head_json":{"title":"Karadeniz\u2019in ya\u015fan\u0131labilir tek adas\u0131 ziyaret\u00e7ilerini a\u011f\u0131rlamaya yeniden ba\u015flad\u0131 - Bati Ermenistan Ve Bati Ermenileri Sorunlari Ara\u015ftirmalar Merkezi","robots":{"index":"index","follow":"follow","max-snippet":"max-snippet:-1","max-image-preview":"max-image-preview:large","max-video-preview":"max-video-preview:-1"},"canonical":"https:\/\/akunq.net\/tr\/?p=63530","og_locale":"en_US","og_type":"article","og_title":"Karadeniz\u2019in ya\u015fan\u0131labilir tek adas\u0131 ziyaret\u00e7ilerini a\u011f\u0131rlamaya yeniden ba\u015flad\u0131 - Bati Ermenistan Ve Bati Ermenileri Sorunlari Ara\u015ftirmalar Merkezi","og_description":"Mitolojik hikayeleri ve tarihi kal\u0131nt\u0131lar\u0131yla \u00f6n plana \u00e7\u0131kan Giresun Adas\u0131, Korona vir\u00fcs (Covid19) salg\u0131n\u0131 nedeniyle ya\u015fanan k\u0131s\u0131tlamalar sonras\u0131nda ziyaret\u00e7ilerini yeniden a\u011f\u0131rlamaya ba\u015flad\u0131. Amazon kad\u0131nlar\u0131, Herk\u00fcl\u2019\u00fcn alt\u0131n postu aramak i\u00e7in adaya gelmesi gibi mitolojik hikayelere konu olmas\u0131yla bilinen ve ayn\u0131 zamanda \u00e7ok say\u0131da ku\u015f t\u00fcr\u00fcne de ev sahipli\u011fi yapan Karadeniz\u2019in ya\u015fan\u0131labilir tek adas\u0131 olan Giresun Adas\u0131\u2019na [&hellip;]","og_url":"https:\/\/akunq.net\/tr\/?p=63530","og_site_name":"Bati Ermenistan Ve Bati Ermenileri Sorunlari Ara\u015ftirmalar Merkezi","article_published_time":"2021-06-29T06:57:42+00:00","article_modified_time":"2021-06-29T06:59:31+00:00","og_image":[{"width":620,"height":410,"url":"https:\/\/akunq.net\/tr\/wp-content\/uploads\/sites\/6\/2021\/06\/Giresun-Adas\u0131.jpg","type":"image\/jpeg"}],"author":"admin","twitter_card":"summary_large_image","twitter_misc":{"Written by":"admin","Est. reading time":"2 minutes"},"schema":{"@context":"https:\/\/schema.org","@graph":[{"@type":"Article","@id":"https:\/\/akunq.net\/tr\/?p=63530#article","isPartOf":{"@id":"https:\/\/akunq.net\/tr\/?p=63530"},"author":{"name":"admin","@id":"https:\/\/akunq.net\/tr\/#\/schema\/person\/096f1d38a12cce57fb855b485ed24c9e"},"headline":"Karadeniz\u2019in ya\u015fan\u0131labilir tek adas\u0131 ziyaret\u00e7ilerini a\u011f\u0131rlamaya yeniden ba\u015flad\u0131","datePublished":"2021-06-29T06:57:42+00:00","dateModified":"2021-06-29T06:59:31+00:00","mainEntityOfPage":{"@id":"https:\/\/akunq.net\/tr\/?p=63530"},"wordCount":440,"commentCount":0,"image":{"@id":"https:\/\/akunq.net\/tr\/?p=63530#primaryimage"},"thumbnailUrl":"https:\/\/akunq.net\/tr\/wp-content\/uploads\/sites\/6\/2021\/06\/Giresun-Adas\u0131.jpg","articleSection":["Haberler"],"inLanguage":"en-US","potentialAction":[{"@type":"CommentAction","name":"Comment","target":["https:\/\/akunq.net\/tr\/?p=63530#respond"]}]},{"@type":"WebPage","@id":"https:\/\/akunq.net\/tr\/?p=63530","url":"https:\/\/akunq.net\/tr\/?p=63530","name":"Karadeniz\u2019in ya\u015fan\u0131labilir tek adas\u0131 ziyaret\u00e7ilerini a\u011f\u0131rlamaya yeniden ba\u015flad\u0131 - Bati Ermenistan Ve Bati Ermenileri Sorunlari Ara\u015ftirmalar Merkezi","isPartOf":{"@id":"https:\/\/akunq.net\/tr\/#website"},"primaryImageOfPage":{"@id":"https:\/\/akunq.net\/tr\/?p=63530#primaryimage"},"image":{"@id":"https:\/\/akunq.net\/tr\/?p=63530#primaryimage"},"thumbnailUrl":"https:\/\/akunq.net\/tr\/wp-content\/uploads\/sites\/6\/2021\/06\/Giresun-Adas\u0131.jpg","datePublished":"2021-06-29T06:57:42+00:00","dateModified":"2021-06-29T06:59:31+00:00","author":{"@id":"https:\/\/akunq.net\/tr\/#\/schema\/person\/096f1d38a12cce57fb855b485ed24c9e"},"breadcrumb":{"@id":"https:\/\/akunq.net\/tr\/?p=63530#breadcrumb"},"inLanguage":"en-US","potentialAction":[{"@type":"ReadAction","target":["https:\/\/akunq.net\/tr\/?p=63530"]}]},{"@type":"ImageObject","inLanguage":"en-US","@id":"https:\/\/akunq.net\/tr\/?p=63530#primaryimage","url":"https:\/\/akunq.net\/tr\/wp-content\/uploads\/sites\/6\/2021\/06\/Giresun-Adas\u0131.jpg","contentUrl":"https:\/\/akunq.net\/tr\/wp-content\/uploads\/sites\/6\/2021\/06\/Giresun-Adas\u0131.jpg","width":620,"height":410},{"@type":"BreadcrumbList","@id":"https:\/\/akunq.net\/tr\/?p=63530#breadcrumb","itemListElement":[{"@type":"ListItem","position":1,"name":"Home","item":"https:\/\/akunq.net\/tr"},{"@type":"ListItem","position":2,"name":"Karadeniz\u2019in ya\u015fan\u0131labilir tek adas\u0131 ziyaret\u00e7ilerini a\u011f\u0131rlamaya yeniden ba\u015flad\u0131"}]},{"@type":"WebSite","@id":"https:\/\/akunq.net\/tr\/#website","url":"https:\/\/akunq.net\/tr\/","name":"Bati Ermenistan Ve Bati Ermenileri Sorunlari Ara\u015ftirmalar Merkezi","description":"","potentialAction":[{"@type":"SearchAction","target":{"@type":"EntryPoint","urlTemplate":"https:\/\/akunq.net\/tr\/?s={search_term_string}"},"query-input":{"@type":"PropertyValueSpecification","valueRequired":true,"valueName":"search_term_string"}}],"inLanguage":"en-US"},{"@type":"Person","@id":"https:\/\/akunq.net\/tr\/#\/schema\/person\/096f1d38a12cce57fb855b485ed24c9e","name":"admin","url":"https:\/\/akunq.net\/tr\/?author=7"}]}},"_links":{"self":[{"href":"https:\/\/akunq.net\/tr\/index.php?rest_route=\/wp\/v2\/posts\/63530","targetHints":{"allow":["GET"]}}],"collection":[{"href":"https:\/\/akunq.net\/tr\/index.php?rest_route=\/wp\/v2\/posts"}],"about":[{"href":"https:\/\/akunq.net\/tr\/index.php?rest_route=\/wp\/v2\/types\/post"}],"author":[{"embeddable":true,"href":"https:\/\/akunq.net\/tr\/index.php?rest_route=\/wp\/v2\/users\/7"}],"replies":[{"embeddable":true,"href":"https:\/\/akunq.net\/tr\/index.php?rest_route=%2Fwp%2Fv2%2Fcomments&post=63530"}],"version-history":[{"count":2,"href":"https:\/\/akunq.net\/tr\/index.php?rest_route=\/wp\/v2\/posts\/63530\/revisions"}],"predecessor-version":[{"id":63534,"href":"https:\/\/akunq.net\/tr\/index.php?rest_route=\/wp\/v2\/posts\/63530\/revisions\/63534"}],"wp:featuredmedia":[{"embeddable":true,"href":"https:\/\/akunq.net\/tr\/index.php?rest_route=\/wp\/v2\/media\/63531"}],"wp:attachment":[{"href":"https:\/\/akunq.net\/tr\/index.php?rest_route=%2Fwp%2Fv2%2Fmedia&parent=63530"}],"wp:term":[{"taxonomy":"category","embeddable":true,"href":"https:\/\/akunq.net\/tr\/index.php?rest_route=%2Fwp%2Fv2%2Fcategories&post=63530"},{"taxonomy":"post_tag","embeddable":true,"href":"https:\/\/akunq.net\/tr\/index.php?rest_route=%2Fwp%2Fv2%2Ftags&post=63530"}],"curies":[{"name":"wp","href":"https:\/\/api.w.org\/{rel}","templated":true}]}}