{"id":63527,"date":"2021-06-29T01:44:39","date_gmt":"2021-06-29T06:44:39","guid":{"rendered":"https:\/\/akunq.net\/tr\/?p=63527"},"modified":"2021-06-29T01:44:39","modified_gmt":"2021-06-29T06:44:39","slug":"diyarbakirda-kurtce-calistayi-basladi","status":"publish","type":"post","link":"https:\/\/akunq.net\/tr\/?p=63527","title":{"rendered":"Diyarbak\u0131r\u2019da K\u00fcrt\u00e7e \u00e7al\u0131\u015ftay\u0131 ba\u015flad\u0131"},"content":{"rendered":"<p><img loading=\"lazy\" decoding=\"async\" class=\"aligncenter size-medium wp-image-63528\" src=\"https:\/\/akunq.net\/tr\/wp-content\/uploads\/2021\/06\/Diyarbak\u0131r\u2019da-K\u00fcrt\u00e7e-\u00e7al\u0131\u015ftay\u0131-360x202.png\" alt=\"\" width=\"360\" height=\"202\" srcset=\"https:\/\/akunq.net\/tr\/wp-content\/uploads\/sites\/6\/2021\/06\/Diyarbak\u0131r\u2019da-K\u00fcrt\u00e7e-\u00e7al\u0131\u015ftay\u0131-360x202.png 360w, https:\/\/akunq.net\/tr\/wp-content\/uploads\/sites\/6\/2021\/06\/Diyarbak\u0131r\u2019da-K\u00fcrt\u00e7e-\u00e7al\u0131\u015ftay\u0131-560x314.png 560w, https:\/\/akunq.net\/tr\/wp-content\/uploads\/sites\/6\/2021\/06\/Diyarbak\u0131r\u2019da-K\u00fcrt\u00e7e-\u00e7al\u0131\u015ftay\u0131-260x146.png 260w, https:\/\/akunq.net\/tr\/wp-content\/uploads\/sites\/6\/2021\/06\/Diyarbak\u0131r\u2019da-K\u00fcrt\u00e7e-\u00e7al\u0131\u015ftay\u0131-160x90.png 160w, https:\/\/akunq.net\/tr\/wp-content\/uploads\/sites\/6\/2021\/06\/Diyarbak\u0131r\u2019da-K\u00fcrt\u00e7e-\u00e7al\u0131\u015ftay\u0131.png 749w\" sizes=\"auto, (max-width: 360px) 100vw, 360px\" \/><\/p>\n<p><em><strong>Diyarbak\u0131r (R\u00fbdaw) \u2013<\/strong>\u00a0<strong>HDP ve MED-DER taraf\u0131ndan organize edilen \u201cDem Dema Parastina Ziman e (K\u00fcrt\u00e7eyi Koruma Zaman\u0131)\u201d ad\u0131yla Diyarbak\u0131r\u2019da d\u00fczenlenen \u00e7al\u0131\u015ftay ba\u015flad\u0131. \u0130ki g\u00fcn s\u00fcrecek \u00e7al\u0131\u015ftay\u0131n ard\u0131ndan sonu\u00e7 bildirisi yay\u0131mlanacak.<\/strong><\/em><\/p>\n<p>Halklar\u0131n Demokratik Partisi (HDP) ve Mezopotamya Lisan ve K\u00fclt\u00fcr Ara\u015ft\u0131rma Derne\u011fi (MED \u2013 DER) taraf\u0131ndan ortak organize edilen K\u00fcrt\u00e7eyi \u00e7al\u0131\u015ftay ba\u015flad\u0131.<\/p>\n<p>Diyarbak\u0131r\u2019daki d\u00fczenlenen ve iki g\u00fcn s\u00fcrecek olan \u201cDem Dema Parastina Ziman e (K\u00fcrt\u00e7eyi Koruma Zaman\u0131)\u201d adl\u0131 \u00e7al\u0131\u015ftay esnas\u0131nda yerel y\u00f6netimlerde \u00e7ok dillilik, K\u00fcrt\u00e7enin \u00f6nemi, K\u00fcrt\u00e7eye y\u00f6nelik bask\u0131lar ve bu konuda at\u0131lmas\u0131 gereken ad\u0131mlar tart\u0131\u015f\u0131lacak.<\/p>\n<p>R\u00fbdaw\u2019a konu\u015fan MED-DER E\u015fba\u015fkan\u0131 \u015eilan Elmas Kan, bu \u00e7al\u0131\u015ftay\u0131 15 May\u0131s K\u00fcrt Dili Bayram\u0131nda d\u00fczenlemeyi planlad\u0131klar\u0131n\u0131 ancak, yasak ve k\u0131s\u0131tlamalar nedneniyle bu g\u00fcne ald\u0131klar\u0131n\u0131 s\u00f6yledi.<\/p>\n<p>Kan, \u201c\u0130ki d\u00f6nemdir belediyelere kayyum atan\u0131yor. Ama bu bir daha se\u00e7im olmayacak, biz dil konusundaki politikalar\u0131m\u0131z\u0131 olu\u015fturmayaca\u011f\u0131z anlam\u0131na gelmiyor. Her zaman ve her s\u00fcre\u00e7te toplumun ve siyasetin i\u00e7inde bulundu\u011fu duruma g\u00f6re dil konusundaki \u00e7al\u0131\u015fmalar\u0131m\u0131z devam etmeli. MED-DER gibi kurumlar\u0131n rol ve misyonu budur\u201d dedi.<\/p>\n<p>Bu \u00e7al\u0131\u015ftayda sadece K\u00fcrt\u00e7e de\u011fil, bu co\u011frafyada ya\u015fayan di\u011fer dillerin de ya\u015fat\u0131lmas\u0131, korunmas\u0131 i\u00e7in ortak bir \u00e7al\u0131\u015fma yapacaklar\u0131n\u0131 dile getiren \u015eilan Elmas Kan, bu nedenle \u00e7ok dillili\u011fe \u00f6nem verdiklerini belirtti.<\/p>\n<p>\u0130stanbul K\u00fcrt Enstit\u00fcs\u00fc, K\u00fcrt Dil Platformu\u2019nun yan\u0131 s\u0131ra ayd\u0131n ve yazar ve sivil toplum \u00f6rg\u00fctlerini de \u00e7al\u0131\u015ftaya \u00a0daveet ettiklerini belirten Kan, \u201cBu \u00e7al\u0131\u015ftay HDP ile ortak d\u00fczenleniyor. HDP\u2019de K\u00fcrtlerin yan\u0131 s\u0131ra Ermeni, S\u00fcryani, Arap, \u00c7erkez ve Lazlar da var. Bu \u00e7al\u0131\u015ftay HDP i\u00e7in de bir politika belirleyecek\u201d diye konu\u015ftu.<\/p>\n<p><em><strong><a href=\"https:\/\/www.rudaw.net\/turkish\/kurdistan\/280620218\">https:\/\/www.rudaw.net\/turkish\/kurdistan\/280620218<\/a>\u00a0<\/strong><\/em><\/p>\n","protected":false},"excerpt":{"rendered":"<p>Diyarbak\u0131r (R\u00fbdaw) \u2013\u00a0HDP ve MED-DER taraf\u0131ndan organize edilen \u201cDem Dema Parastina Ziman e (K\u00fcrt\u00e7eyi Koruma Zaman\u0131)\u201d ad\u0131yla Diyarbak\u0131r\u2019da d\u00fczenlenen \u00e7al\u0131\u015ftay ba\u015flad\u0131. \u0130ki g\u00fcn s\u00fcrecek \u00e7al\u0131\u015ftay\u0131n ard\u0131ndan sonu\u00e7 bildirisi yay\u0131mlanacak. Halklar\u0131n Demokratik Partisi (HDP) ve Mezopotamya Lisan ve K\u00fclt\u00fcr Ara\u015ft\u0131rma Derne\u011fi (MED \u2013 DER) taraf\u0131ndan ortak organize edilen K\u00fcrt\u00e7eyi \u00e7al\u0131\u015ftay ba\u015flad\u0131. Diyarbak\u0131r\u2019daki d\u00fczenlenen ve iki g\u00fcn [&hellip;]<\/p>\n","protected":false},"author":7,"featured_media":63528,"comment_status":"open","ping_status":"open","sticky":false,"template":"","format":"standard","meta":{"footnotes":""},"categories":[1,53],"tags":[],"class_list":["post-63527","post","type-post","status-publish","format-standard","has-post-thumbnail","hentry","category-haberler","category-turkiyede-azinliklar"],"yoast_head":"<!-- This site is optimized with the Yoast SEO plugin v27.4 - https:\/\/yoast.com\/product\/yoast-seo-wordpress\/ -->\n<title>Diyarbak\u0131r\u2019da K\u00fcrt\u00e7e \u00e7al\u0131\u015ftay\u0131 ba\u015flad\u0131 - Bati Ermenistan Ve Bati Ermenileri Sorunlari Ara\u015ftirmalar Merkezi<\/title>\n<meta name=\"robots\" content=\"index, follow, max-snippet:-1, max-image-preview:large, max-video-preview:-1\" \/>\n<link rel=\"canonical\" href=\"https:\/\/akunq.net\/tr\/?p=63527\" \/>\n<meta property=\"og:locale\" content=\"en_US\" \/>\n<meta property=\"og:type\" content=\"article\" \/>\n<meta property=\"og:title\" content=\"Diyarbak\u0131r\u2019da K\u00fcrt\u00e7e \u00e7al\u0131\u015ftay\u0131 ba\u015flad\u0131 - Bati Ermenistan Ve Bati Ermenileri Sorunlari Ara\u015ftirmalar Merkezi\" \/>\n<meta property=\"og:description\" content=\"Diyarbak\u0131r (R\u00fbdaw) \u2013\u00a0HDP ve MED-DER taraf\u0131ndan organize edilen \u201cDem Dema Parastina Ziman e (K\u00fcrt\u00e7eyi Koruma Zaman\u0131)\u201d ad\u0131yla Diyarbak\u0131r\u2019da d\u00fczenlenen \u00e7al\u0131\u015ftay ba\u015flad\u0131. \u0130ki g\u00fcn s\u00fcrecek \u00e7al\u0131\u015ftay\u0131n ard\u0131ndan sonu\u00e7 bildirisi yay\u0131mlanacak. Halklar\u0131n Demokratik Partisi (HDP) ve Mezopotamya Lisan ve K\u00fclt\u00fcr Ara\u015ft\u0131rma Derne\u011fi (MED \u2013 DER) taraf\u0131ndan ortak organize edilen K\u00fcrt\u00e7eyi \u00e7al\u0131\u015ftay ba\u015flad\u0131. Diyarbak\u0131r\u2019daki d\u00fczenlenen ve iki g\u00fcn [&hellip;]\" \/>\n<meta property=\"og:url\" content=\"https:\/\/akunq.net\/tr\/?p=63527\" \/>\n<meta property=\"og:site_name\" content=\"Bati Ermenistan Ve Bati Ermenileri Sorunlari Ara\u015ftirmalar Merkezi\" \/>\n<meta property=\"article:published_time\" content=\"2021-06-29T06:44:39+00:00\" \/>\n<meta property=\"og:image\" content=\"https:\/\/akunq.net\/tr\/wp-content\/uploads\/sites\/6\/2021\/06\/Diyarbak\u0131r\u2019da-K\u00fcrt\u00e7e-\u00e7al\u0131\u015ftay\u0131.png\" \/>\n\t<meta property=\"og:image:width\" content=\"749\" \/>\n\t<meta property=\"og:image:height\" content=\"420\" \/>\n\t<meta property=\"og:image:type\" content=\"image\/png\" \/>\n<meta name=\"author\" content=\"admin\" \/>\n<meta name=\"twitter:card\" content=\"summary_large_image\" \/>\n<meta name=\"twitter:label1\" content=\"Written by\" \/>\n\t<meta name=\"twitter:data1\" content=\"admin\" \/>\n\t<meta name=\"twitter:label2\" content=\"Est. reading time\" \/>\n\t<meta name=\"twitter:data2\" content=\"2 minutes\" \/>\n<script type=\"application\/ld+json\" class=\"yoast-schema-graph\">{\"@context\":\"https:\\\/\\\/schema.org\",\"@graph\":[{\"@type\":\"Article\",\"@id\":\"https:\\\/\\\/akunq.net\\\/tr\\\/?p=63527#article\",\"isPartOf\":{\"@id\":\"https:\\\/\\\/akunq.net\\\/tr\\\/?p=63527\"},\"author\":{\"name\":\"admin\",\"@id\":\"https:\\\/\\\/akunq.net\\\/tr\\\/#\\\/schema\\\/person\\\/096f1d38a12cce57fb855b485ed24c9e\"},\"headline\":\"Diyarbak\u0131r\u2019da K\u00fcrt\u00e7e \u00e7al\u0131\u015ftay\u0131 ba\u015flad\u0131\",\"datePublished\":\"2021-06-29T06:44:39+00:00\",\"mainEntityOfPage\":{\"@id\":\"https:\\\/\\\/akunq.net\\\/tr\\\/?p=63527\"},\"wordCount\":358,\"commentCount\":0,\"image\":{\"@id\":\"https:\\\/\\\/akunq.net\\\/tr\\\/?p=63527#primaryimage\"},\"thumbnailUrl\":\"https:\\\/\\\/akunq.net\\\/tr\\\/wp-content\\\/uploads\\\/sites\\\/6\\\/2021\\\/06\\\/Diyarbak\u0131r\u2019da-K\u00fcrt\u00e7e-\u00e7al\u0131\u015ftay\u0131.png\",\"articleSection\":[\"Haberler\",\"T\u00fcrkiye\u2019de Az\u0131nl\u0131klar\"],\"inLanguage\":\"en-US\",\"potentialAction\":[{\"@type\":\"CommentAction\",\"name\":\"Comment\",\"target\":[\"https:\\\/\\\/akunq.net\\\/tr\\\/?p=63527#respond\"]}]},{\"@type\":\"WebPage\",\"@id\":\"https:\\\/\\\/akunq.net\\\/tr\\\/?p=63527\",\"url\":\"https:\\\/\\\/akunq.net\\\/tr\\\/?p=63527\",\"name\":\"Diyarbak\u0131r\u2019da K\u00fcrt\u00e7e \u00e7al\u0131\u015ftay\u0131 ba\u015flad\u0131 - Bati Ermenistan Ve Bati Ermenileri Sorunlari Ara\u015ftirmalar Merkezi\",\"isPartOf\":{\"@id\":\"https:\\\/\\\/akunq.net\\\/tr\\\/#website\"},\"primaryImageOfPage\":{\"@id\":\"https:\\\/\\\/akunq.net\\\/tr\\\/?p=63527#primaryimage\"},\"image\":{\"@id\":\"https:\\\/\\\/akunq.net\\\/tr\\\/?p=63527#primaryimage\"},\"thumbnailUrl\":\"https:\\\/\\\/akunq.net\\\/tr\\\/wp-content\\\/uploads\\\/sites\\\/6\\\/2021\\\/06\\\/Diyarbak\u0131r\u2019da-K\u00fcrt\u00e7e-\u00e7al\u0131\u015ftay\u0131.png\",\"datePublished\":\"2021-06-29T06:44:39+00:00\",\"author\":{\"@id\":\"https:\\\/\\\/akunq.net\\\/tr\\\/#\\\/schema\\\/person\\\/096f1d38a12cce57fb855b485ed24c9e\"},\"breadcrumb\":{\"@id\":\"https:\\\/\\\/akunq.net\\\/tr\\\/?p=63527#breadcrumb\"},\"inLanguage\":\"en-US\",\"potentialAction\":[{\"@type\":\"ReadAction\",\"target\":[\"https:\\\/\\\/akunq.net\\\/tr\\\/?p=63527\"]}]},{\"@type\":\"ImageObject\",\"inLanguage\":\"en-US\",\"@id\":\"https:\\\/\\\/akunq.net\\\/tr\\\/?p=63527#primaryimage\",\"url\":\"https:\\\/\\\/akunq.net\\\/tr\\\/wp-content\\\/uploads\\\/sites\\\/6\\\/2021\\\/06\\\/Diyarbak\u0131r\u2019da-K\u00fcrt\u00e7e-\u00e7al\u0131\u015ftay\u0131.png\",\"contentUrl\":\"https:\\\/\\\/akunq.net\\\/tr\\\/wp-content\\\/uploads\\\/sites\\\/6\\\/2021\\\/06\\\/Diyarbak\u0131r\u2019da-K\u00fcrt\u00e7e-\u00e7al\u0131\u015ftay\u0131.png\",\"width\":749,\"height\":420},{\"@type\":\"BreadcrumbList\",\"@id\":\"https:\\\/\\\/akunq.net\\\/tr\\\/?p=63527#breadcrumb\",\"itemListElement\":[{\"@type\":\"ListItem\",\"position\":1,\"name\":\"Home\",\"item\":\"https:\\\/\\\/akunq.net\\\/tr\"},{\"@type\":\"ListItem\",\"position\":2,\"name\":\"Diyarbak\u0131r\u2019da K\u00fcrt\u00e7e \u00e7al\u0131\u015ftay\u0131 ba\u015flad\u0131\"}]},{\"@type\":\"WebSite\",\"@id\":\"https:\\\/\\\/akunq.net\\\/tr\\\/#website\",\"url\":\"https:\\\/\\\/akunq.net\\\/tr\\\/\",\"name\":\"Bati Ermenistan Ve Bati Ermenileri Sorunlari Ara\u015ftirmalar Merkezi\",\"description\":\"\",\"potentialAction\":[{\"@type\":\"SearchAction\",\"target\":{\"@type\":\"EntryPoint\",\"urlTemplate\":\"https:\\\/\\\/akunq.net\\\/tr\\\/?s={search_term_string}\"},\"query-input\":{\"@type\":\"PropertyValueSpecification\",\"valueRequired\":true,\"valueName\":\"search_term_string\"}}],\"inLanguage\":\"en-US\"},{\"@type\":\"Person\",\"@id\":\"https:\\\/\\\/akunq.net\\\/tr\\\/#\\\/schema\\\/person\\\/096f1d38a12cce57fb855b485ed24c9e\",\"name\":\"admin\",\"url\":\"https:\\\/\\\/akunq.net\\\/tr\\\/?author=7\"}]}<\/script>\n<!-- \/ Yoast SEO plugin. -->","yoast_head_json":{"title":"Diyarbak\u0131r\u2019da K\u00fcrt\u00e7e \u00e7al\u0131\u015ftay\u0131 ba\u015flad\u0131 - Bati Ermenistan Ve Bati Ermenileri Sorunlari Ara\u015ftirmalar Merkezi","robots":{"index":"index","follow":"follow","max-snippet":"max-snippet:-1","max-image-preview":"max-image-preview:large","max-video-preview":"max-video-preview:-1"},"canonical":"https:\/\/akunq.net\/tr\/?p=63527","og_locale":"en_US","og_type":"article","og_title":"Diyarbak\u0131r\u2019da K\u00fcrt\u00e7e \u00e7al\u0131\u015ftay\u0131 ba\u015flad\u0131 - Bati Ermenistan Ve Bati Ermenileri Sorunlari Ara\u015ftirmalar Merkezi","og_description":"Diyarbak\u0131r (R\u00fbdaw) \u2013\u00a0HDP ve MED-DER taraf\u0131ndan organize edilen \u201cDem Dema Parastina Ziman e (K\u00fcrt\u00e7eyi Koruma Zaman\u0131)\u201d ad\u0131yla Diyarbak\u0131r\u2019da d\u00fczenlenen \u00e7al\u0131\u015ftay ba\u015flad\u0131. \u0130ki g\u00fcn s\u00fcrecek \u00e7al\u0131\u015ftay\u0131n ard\u0131ndan sonu\u00e7 bildirisi yay\u0131mlanacak. Halklar\u0131n Demokratik Partisi (HDP) ve Mezopotamya Lisan ve K\u00fclt\u00fcr Ara\u015ft\u0131rma Derne\u011fi (MED \u2013 DER) taraf\u0131ndan ortak organize edilen K\u00fcrt\u00e7eyi \u00e7al\u0131\u015ftay ba\u015flad\u0131. Diyarbak\u0131r\u2019daki d\u00fczenlenen ve iki g\u00fcn [&hellip;]","og_url":"https:\/\/akunq.net\/tr\/?p=63527","og_site_name":"Bati Ermenistan Ve Bati Ermenileri Sorunlari Ara\u015ftirmalar Merkezi","article_published_time":"2021-06-29T06:44:39+00:00","og_image":[{"width":749,"height":420,"url":"https:\/\/akunq.net\/tr\/wp-content\/uploads\/sites\/6\/2021\/06\/Diyarbak\u0131r\u2019da-K\u00fcrt\u00e7e-\u00e7al\u0131\u015ftay\u0131.png","type":"image\/png"}],"author":"admin","twitter_card":"summary_large_image","twitter_misc":{"Written by":"admin","Est. reading time":"2 minutes"},"schema":{"@context":"https:\/\/schema.org","@graph":[{"@type":"Article","@id":"https:\/\/akunq.net\/tr\/?p=63527#article","isPartOf":{"@id":"https:\/\/akunq.net\/tr\/?p=63527"},"author":{"name":"admin","@id":"https:\/\/akunq.net\/tr\/#\/schema\/person\/096f1d38a12cce57fb855b485ed24c9e"},"headline":"Diyarbak\u0131r\u2019da K\u00fcrt\u00e7e \u00e7al\u0131\u015ftay\u0131 ba\u015flad\u0131","datePublished":"2021-06-29T06:44:39+00:00","mainEntityOfPage":{"@id":"https:\/\/akunq.net\/tr\/?p=63527"},"wordCount":358,"commentCount":0,"image":{"@id":"https:\/\/akunq.net\/tr\/?p=63527#primaryimage"},"thumbnailUrl":"https:\/\/akunq.net\/tr\/wp-content\/uploads\/sites\/6\/2021\/06\/Diyarbak\u0131r\u2019da-K\u00fcrt\u00e7e-\u00e7al\u0131\u015ftay\u0131.png","articleSection":["Haberler","T\u00fcrkiye\u2019de Az\u0131nl\u0131klar"],"inLanguage":"en-US","potentialAction":[{"@type":"CommentAction","name":"Comment","target":["https:\/\/akunq.net\/tr\/?p=63527#respond"]}]},{"@type":"WebPage","@id":"https:\/\/akunq.net\/tr\/?p=63527","url":"https:\/\/akunq.net\/tr\/?p=63527","name":"Diyarbak\u0131r\u2019da K\u00fcrt\u00e7e \u00e7al\u0131\u015ftay\u0131 ba\u015flad\u0131 - Bati Ermenistan Ve Bati Ermenileri Sorunlari Ara\u015ftirmalar Merkezi","isPartOf":{"@id":"https:\/\/akunq.net\/tr\/#website"},"primaryImageOfPage":{"@id":"https:\/\/akunq.net\/tr\/?p=63527#primaryimage"},"image":{"@id":"https:\/\/akunq.net\/tr\/?p=63527#primaryimage"},"thumbnailUrl":"https:\/\/akunq.net\/tr\/wp-content\/uploads\/sites\/6\/2021\/06\/Diyarbak\u0131r\u2019da-K\u00fcrt\u00e7e-\u00e7al\u0131\u015ftay\u0131.png","datePublished":"2021-06-29T06:44:39+00:00","author":{"@id":"https:\/\/akunq.net\/tr\/#\/schema\/person\/096f1d38a12cce57fb855b485ed24c9e"},"breadcrumb":{"@id":"https:\/\/akunq.net\/tr\/?p=63527#breadcrumb"},"inLanguage":"en-US","potentialAction":[{"@type":"ReadAction","target":["https:\/\/akunq.net\/tr\/?p=63527"]}]},{"@type":"ImageObject","inLanguage":"en-US","@id":"https:\/\/akunq.net\/tr\/?p=63527#primaryimage","url":"https:\/\/akunq.net\/tr\/wp-content\/uploads\/sites\/6\/2021\/06\/Diyarbak\u0131r\u2019da-K\u00fcrt\u00e7e-\u00e7al\u0131\u015ftay\u0131.png","contentUrl":"https:\/\/akunq.net\/tr\/wp-content\/uploads\/sites\/6\/2021\/06\/Diyarbak\u0131r\u2019da-K\u00fcrt\u00e7e-\u00e7al\u0131\u015ftay\u0131.png","width":749,"height":420},{"@type":"BreadcrumbList","@id":"https:\/\/akunq.net\/tr\/?p=63527#breadcrumb","itemListElement":[{"@type":"ListItem","position":1,"name":"Home","item":"https:\/\/akunq.net\/tr"},{"@type":"ListItem","position":2,"name":"Diyarbak\u0131r\u2019da K\u00fcrt\u00e7e \u00e7al\u0131\u015ftay\u0131 ba\u015flad\u0131"}]},{"@type":"WebSite","@id":"https:\/\/akunq.net\/tr\/#website","url":"https:\/\/akunq.net\/tr\/","name":"Bati Ermenistan Ve Bati Ermenileri Sorunlari Ara\u015ftirmalar Merkezi","description":"","potentialAction":[{"@type":"SearchAction","target":{"@type":"EntryPoint","urlTemplate":"https:\/\/akunq.net\/tr\/?s={search_term_string}"},"query-input":{"@type":"PropertyValueSpecification","valueRequired":true,"valueName":"search_term_string"}}],"inLanguage":"en-US"},{"@type":"Person","@id":"https:\/\/akunq.net\/tr\/#\/schema\/person\/096f1d38a12cce57fb855b485ed24c9e","name":"admin","url":"https:\/\/akunq.net\/tr\/?author=7"}]}},"_links":{"self":[{"href":"https:\/\/akunq.net\/tr\/index.php?rest_route=\/wp\/v2\/posts\/63527","targetHints":{"allow":["GET"]}}],"collection":[{"href":"https:\/\/akunq.net\/tr\/index.php?rest_route=\/wp\/v2\/posts"}],"about":[{"href":"https:\/\/akunq.net\/tr\/index.php?rest_route=\/wp\/v2\/types\/post"}],"author":[{"embeddable":true,"href":"https:\/\/akunq.net\/tr\/index.php?rest_route=\/wp\/v2\/users\/7"}],"replies":[{"embeddable":true,"href":"https:\/\/akunq.net\/tr\/index.php?rest_route=%2Fwp%2Fv2%2Fcomments&post=63527"}],"version-history":[{"count":1,"href":"https:\/\/akunq.net\/tr\/index.php?rest_route=\/wp\/v2\/posts\/63527\/revisions"}],"predecessor-version":[{"id":63529,"href":"https:\/\/akunq.net\/tr\/index.php?rest_route=\/wp\/v2\/posts\/63527\/revisions\/63529"}],"wp:featuredmedia":[{"embeddable":true,"href":"https:\/\/akunq.net\/tr\/index.php?rest_route=\/wp\/v2\/media\/63528"}],"wp:attachment":[{"href":"https:\/\/akunq.net\/tr\/index.php?rest_route=%2Fwp%2Fv2%2Fmedia&parent=63527"}],"wp:term":[{"taxonomy":"category","embeddable":true,"href":"https:\/\/akunq.net\/tr\/index.php?rest_route=%2Fwp%2Fv2%2Fcategories&post=63527"},{"taxonomy":"post_tag","embeddable":true,"href":"https:\/\/akunq.net\/tr\/index.php?rest_route=%2Fwp%2Fv2%2Ftags&post=63527"}],"curies":[{"name":"wp","href":"https:\/\/api.w.org\/{rel}","templated":true}]}}