{"id":63521,"date":"2021-06-28T07:59:18","date_gmt":"2021-06-28T12:59:18","guid":{"rendered":"https:\/\/akunq.net\/tr\/?p=63521"},"modified":"2021-06-28T07:59:18","modified_gmt":"2021-06-28T12:59:18","slug":"diyarbakirda-tarihi-meryem-ana-manastiri-turizme-kazandirilmayi-bekliyor","status":"publish","type":"post","link":"https:\/\/akunq.net\/tr\/?p=63521","title":{"rendered":"Diyarbak\u0131r&#8217;da tarihi Meryem Ana Manast\u0131r\u0131 turizme kazand\u0131r\u0131lmay\u0131 bekliyor"},"content":{"rendered":"<p><img loading=\"lazy\" decoding=\"async\" class=\"aligncenter size-medium wp-image-63522\" src=\"https:\/\/akunq.net\/tr\/wp-content\/uploads\/2021\/06\/Diyarbak\u0131rda-tarihi-Meryem-Ana-Manast\u0131r\u0131-360x203.jpg\" alt=\"\" width=\"360\" height=\"203\" srcset=\"https:\/\/akunq.net\/tr\/wp-content\/uploads\/sites\/6\/2021\/06\/Diyarbak\u0131rda-tarihi-Meryem-Ana-Manast\u0131r\u0131-360x203.jpg 360w, https:\/\/akunq.net\/tr\/wp-content\/uploads\/sites\/6\/2021\/06\/Diyarbak\u0131rda-tarihi-Meryem-Ana-Manast\u0131r\u0131-768x432.jpg 768w, https:\/\/akunq.net\/tr\/wp-content\/uploads\/sites\/6\/2021\/06\/Diyarbak\u0131rda-tarihi-Meryem-Ana-Manast\u0131r\u0131-560x315.jpg 560w, https:\/\/akunq.net\/tr\/wp-content\/uploads\/sites\/6\/2021\/06\/Diyarbak\u0131rda-tarihi-Meryem-Ana-Manast\u0131r\u0131-260x146.jpg 260w, https:\/\/akunq.net\/tr\/wp-content\/uploads\/sites\/6\/2021\/06\/Diyarbak\u0131rda-tarihi-Meryem-Ana-Manast\u0131r\u0131-160x90.jpg 160w, https:\/\/akunq.net\/tr\/wp-content\/uploads\/sites\/6\/2021\/06\/Diyarbak\u0131rda-tarihi-Meryem-Ana-Manast\u0131r\u0131.jpg 864w\" sizes=\"auto, (max-width: 360px) 100vw, 360px\" \/><\/p>\n<p><em><strong>\u00c7\u00fcng\u00fc\u015f Belediye Ba\u015fkan\u0131 Ali Suat Akme\u015fe, AA muhabirine, bug\u00fcne kadar sadece kilise k\u0131sm\u0131 ayakta kalan manast\u0131rla ilgili giri\u015fimlerde bulunduklar\u0131n\u0131 s\u00f6yledi.<\/strong><\/em><\/p>\n<p>Belediye olarak bu tarihi yap\u0131n\u0131n yeniden aya\u011fa kald\u0131r\u0131lmas\u0131 i\u00e7in ellerinden geleni yapmaya haz\u0131r olduklar\u0131n\u0131 belirten Akme\u015fe, turizme \u00f6nem verdi\u011fini bildi\u011fi Diyarbak\u0131r Valisi M\u00fcnir Karalo\u011flu ile konuyu de\u011ferlendirdiklerini belirtti.<\/p>\n<p>Manast\u0131r\u0131n onar\u0131lmas\u0131n\u0131n turizm ve ekonomi anlam\u0131nda il\u00e7e sakinlerinin faydas\u0131na olaca\u011f\u0131n\u0131 vurgulayan Akme\u015fe, &#8220;Manast\u0131r\u0131n tadilat\u0131 yap\u0131l\u0131rsa il\u00e7emiz turistik bir yer olacak. \u00c7\u00fcng\u00fc\u015f&#8217;\u00fcn tarihi, ge\u00e7mi\u015ften bug\u00fcne neler ya\u015fand\u0131\u011f\u0131 bilinecek. Ekonomi g\u00fc\u00e7lenecek. \u00c7al\u0131\u015fma alanlar\u0131 geni\u015fleyecek. \u0130stihdam sa\u011flanacak.&#8221; diye konu\u015ftu.<\/p>\n<p>Dicle \u00dcniversitesi Edebiyat Fak\u00fcltesi Tarih B\u00f6l\u00fcm\u00fc Ba\u015fkan\u0131 Do\u00e7. Dr. Oktay Bozan da il\u00e7enin tarih boyunca M\u00fcsl\u00fcmanlar ve gayrim\u00fcslimlerin beraber ya\u015fad\u0131\u011f\u0131 bir merkez oldu\u011funu s\u00f6yledi.<\/p>\n<p>Tarihi kay\u0131tlara g\u00f6re manast\u0131r\u0131n 1841&#8217;de Sultan Abd\u00fclmecit d\u00f6neminde onar\u0131ld\u0131\u011f\u0131n\u0131 dile getiren Bozan, \u015funlar\u0131 kaydetti:<\/p>\n<p>&#8220;Bu manast\u0131r\u0131n inan\u00e7 merkezi olarak korunmas\u0131 ve turizme kazand\u0131r\u0131lmas\u0131 laz\u0131m. 1890&#8217;l\u0131 y\u0131llarda 30 odas\u0131, i\u00e7inde f\u0131r\u0131n\u0131, havuzu, hamam\u0131 olan, \u00c7\u00fcng\u00fc\u015f \u00e7evresindeki gayrim\u00fcslimlerin, Ermenilerin idare merkezi olan bir yer. Tarihsel olarak da milattan \u00f6nce 50&#8217;li y\u0131larda yap\u0131lm\u0131\u015f bir mabet oldu\u011funu d\u00fc\u015f\u00fcnd\u00fc\u011f\u00fcm\u00fcz zaman yap\u0131n\u0131n muhte\u015femli\u011fi, eskili\u011fi \u00e7ok \u00f6nemli bir de\u011fer ifade ediyor. O a\u00e7\u0131dan bu yap\u0131y\u0131 muhafaza etmek, y\u0131k\u0131lmas\u0131na g\u00f6z yummamak ve gelecek nesillerin istifadesine sunmak gerekiyor. Manast\u0131r onar\u0131ld\u0131\u011f\u0131 ve muhafaza alt\u0131na al\u0131nd\u0131\u011f\u0131 zaman turistler, buray\u0131 g\u00f6rme imkan\u0131na sahip olacak. \u00c7\u00fcng\u00fc\u015f&#8217;\u00fcn tarihi ge\u00e7mi\u015fi, bu kilise \u00fczerinden tekrar hat\u0131rlanacak.&#8221;<\/p>\n<p><em><strong>https:\/\/www.aa.com.tr\/tr\/kultur-sanat\/diyarbakirda-tarihi-meryem-ana-manastiri-turizme-kazandirilmayi-bekliyor-\/2287577\u00a0<\/strong><\/em><\/p>\n","protected":false},"excerpt":{"rendered":"<p>\u00c7\u00fcng\u00fc\u015f Belediye Ba\u015fkan\u0131 Ali Suat Akme\u015fe, AA muhabirine, bug\u00fcne kadar sadece kilise k\u0131sm\u0131 ayakta kalan manast\u0131rla ilgili giri\u015fimlerde bulunduklar\u0131n\u0131 s\u00f6yledi. Belediye olarak bu tarihi yap\u0131n\u0131n yeniden aya\u011fa kald\u0131r\u0131lmas\u0131 i\u00e7in ellerinden geleni yapmaya haz\u0131r olduklar\u0131n\u0131 belirten Akme\u015fe, turizme \u00f6nem verdi\u011fini bildi\u011fi Diyarbak\u0131r Valisi M\u00fcnir Karalo\u011flu ile konuyu de\u011ferlendirdiklerini belirtti. Manast\u0131r\u0131n onar\u0131lmas\u0131n\u0131n turizm ve ekonomi anlam\u0131nda il\u00e7e [&hellip;]<\/p>\n","protected":false},"author":7,"featured_media":63522,"comment_status":"open","ping_status":"open","sticky":false,"template":"","format":"standard","meta":{"footnotes":""},"categories":[22,1],"tags":[],"class_list":["post-63521","post","type-post","status-publish","format-standard","has-post-thumbnail","hentry","category-gunumuzde-bati-ermenistan","category-haberler"],"yoast_head":"<!-- This site is optimized with the Yoast SEO plugin v27.4 - https:\/\/yoast.com\/product\/yoast-seo-wordpress\/ -->\n<title>Diyarbak\u0131r&#039;da tarihi Meryem Ana Manast\u0131r\u0131 turizme kazand\u0131r\u0131lmay\u0131 bekliyor - Bati Ermenistan Ve Bati Ermenileri Sorunlari Ara\u015ftirmalar Merkezi<\/title>\n<meta name=\"robots\" content=\"index, follow, max-snippet:-1, max-image-preview:large, max-video-preview:-1\" \/>\n<link rel=\"canonical\" href=\"https:\/\/akunq.net\/tr\/?p=63521\" \/>\n<meta property=\"og:locale\" content=\"en_US\" \/>\n<meta property=\"og:type\" content=\"article\" \/>\n<meta property=\"og:title\" content=\"Diyarbak\u0131r&#039;da tarihi Meryem Ana Manast\u0131r\u0131 turizme kazand\u0131r\u0131lmay\u0131 bekliyor - Bati Ermenistan Ve Bati Ermenileri Sorunlari Ara\u015ftirmalar Merkezi\" \/>\n<meta property=\"og:description\" content=\"\u00c7\u00fcng\u00fc\u015f Belediye Ba\u015fkan\u0131 Ali Suat Akme\u015fe, AA muhabirine, bug\u00fcne kadar sadece kilise k\u0131sm\u0131 ayakta kalan manast\u0131rla ilgili giri\u015fimlerde bulunduklar\u0131n\u0131 s\u00f6yledi. Belediye olarak bu tarihi yap\u0131n\u0131n yeniden aya\u011fa kald\u0131r\u0131lmas\u0131 i\u00e7in ellerinden geleni yapmaya haz\u0131r olduklar\u0131n\u0131 belirten Akme\u015fe, turizme \u00f6nem verdi\u011fini bildi\u011fi Diyarbak\u0131r Valisi M\u00fcnir Karalo\u011flu ile konuyu de\u011ferlendirdiklerini belirtti. Manast\u0131r\u0131n onar\u0131lmas\u0131n\u0131n turizm ve ekonomi anlam\u0131nda il\u00e7e [&hellip;]\" \/>\n<meta property=\"og:url\" content=\"https:\/\/akunq.net\/tr\/?p=63521\" \/>\n<meta property=\"og:site_name\" content=\"Bati Ermenistan Ve Bati Ermenileri Sorunlari Ara\u015ftirmalar Merkezi\" \/>\n<meta property=\"article:published_time\" content=\"2021-06-28T12:59:18+00:00\" \/>\n<meta property=\"og:image\" content=\"https:\/\/akunq.net\/tr\/wp-content\/uploads\/sites\/6\/2021\/06\/Diyarbak\u0131rda-tarihi-Meryem-Ana-Manast\u0131r\u0131.jpg\" \/>\n\t<meta property=\"og:image:width\" content=\"864\" \/>\n\t<meta property=\"og:image:height\" content=\"486\" \/>\n\t<meta property=\"og:image:type\" content=\"image\/jpeg\" \/>\n<meta name=\"author\" content=\"admin\" \/>\n<meta name=\"twitter:card\" content=\"summary_large_image\" \/>\n<meta name=\"twitter:label1\" content=\"Written by\" \/>\n\t<meta name=\"twitter:data1\" content=\"admin\" \/>\n\t<meta name=\"twitter:label2\" content=\"Est. reading time\" \/>\n\t<meta name=\"twitter:data2\" content=\"2 minutes\" \/>\n<script type=\"application\/ld+json\" class=\"yoast-schema-graph\">{\"@context\":\"https:\\\/\\\/schema.org\",\"@graph\":[{\"@type\":\"Article\",\"@id\":\"https:\\\/\\\/akunq.net\\\/tr\\\/?p=63521#article\",\"isPartOf\":{\"@id\":\"https:\\\/\\\/akunq.net\\\/tr\\\/?p=63521\"},\"author\":{\"name\":\"admin\",\"@id\":\"https:\\\/\\\/akunq.net\\\/tr\\\/#\\\/schema\\\/person\\\/096f1d38a12cce57fb855b485ed24c9e\"},\"headline\":\"Diyarbak\u0131r&#8217;da tarihi Meryem Ana Manast\u0131r\u0131 turizme kazand\u0131r\u0131lmay\u0131 bekliyor\",\"datePublished\":\"2021-06-28T12:59:18+00:00\",\"mainEntityOfPage\":{\"@id\":\"https:\\\/\\\/akunq.net\\\/tr\\\/?p=63521\"},\"wordCount\":334,\"commentCount\":0,\"image\":{\"@id\":\"https:\\\/\\\/akunq.net\\\/tr\\\/?p=63521#primaryimage\"},\"thumbnailUrl\":\"https:\\\/\\\/akunq.net\\\/tr\\\/wp-content\\\/uploads\\\/sites\\\/6\\\/2021\\\/06\\\/Diyarbak\u0131rda-tarihi-Meryem-Ana-Manast\u0131r\u0131.jpg\",\"articleSection\":[\"G\u00fcn\u00fcm\u00fczde Bat\u0131 Ermenistan\",\"Haberler\"],\"inLanguage\":\"en-US\",\"potentialAction\":[{\"@type\":\"CommentAction\",\"name\":\"Comment\",\"target\":[\"https:\\\/\\\/akunq.net\\\/tr\\\/?p=63521#respond\"]}]},{\"@type\":\"WebPage\",\"@id\":\"https:\\\/\\\/akunq.net\\\/tr\\\/?p=63521\",\"url\":\"https:\\\/\\\/akunq.net\\\/tr\\\/?p=63521\",\"name\":\"Diyarbak\u0131r'da tarihi Meryem Ana Manast\u0131r\u0131 turizme kazand\u0131r\u0131lmay\u0131 bekliyor - Bati Ermenistan Ve Bati Ermenileri Sorunlari Ara\u015ftirmalar Merkezi\",\"isPartOf\":{\"@id\":\"https:\\\/\\\/akunq.net\\\/tr\\\/#website\"},\"primaryImageOfPage\":{\"@id\":\"https:\\\/\\\/akunq.net\\\/tr\\\/?p=63521#primaryimage\"},\"image\":{\"@id\":\"https:\\\/\\\/akunq.net\\\/tr\\\/?p=63521#primaryimage\"},\"thumbnailUrl\":\"https:\\\/\\\/akunq.net\\\/tr\\\/wp-content\\\/uploads\\\/sites\\\/6\\\/2021\\\/06\\\/Diyarbak\u0131rda-tarihi-Meryem-Ana-Manast\u0131r\u0131.jpg\",\"datePublished\":\"2021-06-28T12:59:18+00:00\",\"author\":{\"@id\":\"https:\\\/\\\/akunq.net\\\/tr\\\/#\\\/schema\\\/person\\\/096f1d38a12cce57fb855b485ed24c9e\"},\"breadcrumb\":{\"@id\":\"https:\\\/\\\/akunq.net\\\/tr\\\/?p=63521#breadcrumb\"},\"inLanguage\":\"en-US\",\"potentialAction\":[{\"@type\":\"ReadAction\",\"target\":[\"https:\\\/\\\/akunq.net\\\/tr\\\/?p=63521\"]}]},{\"@type\":\"ImageObject\",\"inLanguage\":\"en-US\",\"@id\":\"https:\\\/\\\/akunq.net\\\/tr\\\/?p=63521#primaryimage\",\"url\":\"https:\\\/\\\/akunq.net\\\/tr\\\/wp-content\\\/uploads\\\/sites\\\/6\\\/2021\\\/06\\\/Diyarbak\u0131rda-tarihi-Meryem-Ana-Manast\u0131r\u0131.jpg\",\"contentUrl\":\"https:\\\/\\\/akunq.net\\\/tr\\\/wp-content\\\/uploads\\\/sites\\\/6\\\/2021\\\/06\\\/Diyarbak\u0131rda-tarihi-Meryem-Ana-Manast\u0131r\u0131.jpg\",\"width\":864,\"height\":486},{\"@type\":\"BreadcrumbList\",\"@id\":\"https:\\\/\\\/akunq.net\\\/tr\\\/?p=63521#breadcrumb\",\"itemListElement\":[{\"@type\":\"ListItem\",\"position\":1,\"name\":\"Home\",\"item\":\"https:\\\/\\\/akunq.net\\\/tr\"},{\"@type\":\"ListItem\",\"position\":2,\"name\":\"Diyarbak\u0131r&#8217;da tarihi Meryem Ana Manast\u0131r\u0131 turizme kazand\u0131r\u0131lmay\u0131 bekliyor\"}]},{\"@type\":\"WebSite\",\"@id\":\"https:\\\/\\\/akunq.net\\\/tr\\\/#website\",\"url\":\"https:\\\/\\\/akunq.net\\\/tr\\\/\",\"name\":\"Bati Ermenistan Ve Bati Ermenileri Sorunlari Ara\u015ftirmalar Merkezi\",\"description\":\"\",\"potentialAction\":[{\"@type\":\"SearchAction\",\"target\":{\"@type\":\"EntryPoint\",\"urlTemplate\":\"https:\\\/\\\/akunq.net\\\/tr\\\/?s={search_term_string}\"},\"query-input\":{\"@type\":\"PropertyValueSpecification\",\"valueRequired\":true,\"valueName\":\"search_term_string\"}}],\"inLanguage\":\"en-US\"},{\"@type\":\"Person\",\"@id\":\"https:\\\/\\\/akunq.net\\\/tr\\\/#\\\/schema\\\/person\\\/096f1d38a12cce57fb855b485ed24c9e\",\"name\":\"admin\",\"url\":\"https:\\\/\\\/akunq.net\\\/tr\\\/?author=7\"}]}<\/script>\n<!-- \/ Yoast SEO plugin. -->","yoast_head_json":{"title":"Diyarbak\u0131r'da tarihi Meryem Ana Manast\u0131r\u0131 turizme kazand\u0131r\u0131lmay\u0131 bekliyor - Bati Ermenistan Ve Bati Ermenileri Sorunlari Ara\u015ftirmalar Merkezi","robots":{"index":"index","follow":"follow","max-snippet":"max-snippet:-1","max-image-preview":"max-image-preview:large","max-video-preview":"max-video-preview:-1"},"canonical":"https:\/\/akunq.net\/tr\/?p=63521","og_locale":"en_US","og_type":"article","og_title":"Diyarbak\u0131r'da tarihi Meryem Ana Manast\u0131r\u0131 turizme kazand\u0131r\u0131lmay\u0131 bekliyor - Bati Ermenistan Ve Bati Ermenileri Sorunlari Ara\u015ftirmalar Merkezi","og_description":"\u00c7\u00fcng\u00fc\u015f Belediye Ba\u015fkan\u0131 Ali Suat Akme\u015fe, AA muhabirine, bug\u00fcne kadar sadece kilise k\u0131sm\u0131 ayakta kalan manast\u0131rla ilgili giri\u015fimlerde bulunduklar\u0131n\u0131 s\u00f6yledi. Belediye olarak bu tarihi yap\u0131n\u0131n yeniden aya\u011fa kald\u0131r\u0131lmas\u0131 i\u00e7in ellerinden geleni yapmaya haz\u0131r olduklar\u0131n\u0131 belirten Akme\u015fe, turizme \u00f6nem verdi\u011fini bildi\u011fi Diyarbak\u0131r Valisi M\u00fcnir Karalo\u011flu ile konuyu de\u011ferlendirdiklerini belirtti. Manast\u0131r\u0131n onar\u0131lmas\u0131n\u0131n turizm ve ekonomi anlam\u0131nda il\u00e7e [&hellip;]","og_url":"https:\/\/akunq.net\/tr\/?p=63521","og_site_name":"Bati Ermenistan Ve Bati Ermenileri Sorunlari Ara\u015ftirmalar Merkezi","article_published_time":"2021-06-28T12:59:18+00:00","og_image":[{"width":864,"height":486,"url":"https:\/\/akunq.net\/tr\/wp-content\/uploads\/sites\/6\/2021\/06\/Diyarbak\u0131rda-tarihi-Meryem-Ana-Manast\u0131r\u0131.jpg","type":"image\/jpeg"}],"author":"admin","twitter_card":"summary_large_image","twitter_misc":{"Written by":"admin","Est. reading time":"2 minutes"},"schema":{"@context":"https:\/\/schema.org","@graph":[{"@type":"Article","@id":"https:\/\/akunq.net\/tr\/?p=63521#article","isPartOf":{"@id":"https:\/\/akunq.net\/tr\/?p=63521"},"author":{"name":"admin","@id":"https:\/\/akunq.net\/tr\/#\/schema\/person\/096f1d38a12cce57fb855b485ed24c9e"},"headline":"Diyarbak\u0131r&#8217;da tarihi Meryem Ana Manast\u0131r\u0131 turizme kazand\u0131r\u0131lmay\u0131 bekliyor","datePublished":"2021-06-28T12:59:18+00:00","mainEntityOfPage":{"@id":"https:\/\/akunq.net\/tr\/?p=63521"},"wordCount":334,"commentCount":0,"image":{"@id":"https:\/\/akunq.net\/tr\/?p=63521#primaryimage"},"thumbnailUrl":"https:\/\/akunq.net\/tr\/wp-content\/uploads\/sites\/6\/2021\/06\/Diyarbak\u0131rda-tarihi-Meryem-Ana-Manast\u0131r\u0131.jpg","articleSection":["G\u00fcn\u00fcm\u00fczde Bat\u0131 Ermenistan","Haberler"],"inLanguage":"en-US","potentialAction":[{"@type":"CommentAction","name":"Comment","target":["https:\/\/akunq.net\/tr\/?p=63521#respond"]}]},{"@type":"WebPage","@id":"https:\/\/akunq.net\/tr\/?p=63521","url":"https:\/\/akunq.net\/tr\/?p=63521","name":"Diyarbak\u0131r'da tarihi Meryem Ana Manast\u0131r\u0131 turizme kazand\u0131r\u0131lmay\u0131 bekliyor - Bati Ermenistan Ve Bati Ermenileri Sorunlari Ara\u015ftirmalar Merkezi","isPartOf":{"@id":"https:\/\/akunq.net\/tr\/#website"},"primaryImageOfPage":{"@id":"https:\/\/akunq.net\/tr\/?p=63521#primaryimage"},"image":{"@id":"https:\/\/akunq.net\/tr\/?p=63521#primaryimage"},"thumbnailUrl":"https:\/\/akunq.net\/tr\/wp-content\/uploads\/sites\/6\/2021\/06\/Diyarbak\u0131rda-tarihi-Meryem-Ana-Manast\u0131r\u0131.jpg","datePublished":"2021-06-28T12:59:18+00:00","author":{"@id":"https:\/\/akunq.net\/tr\/#\/schema\/person\/096f1d38a12cce57fb855b485ed24c9e"},"breadcrumb":{"@id":"https:\/\/akunq.net\/tr\/?p=63521#breadcrumb"},"inLanguage":"en-US","potentialAction":[{"@type":"ReadAction","target":["https:\/\/akunq.net\/tr\/?p=63521"]}]},{"@type":"ImageObject","inLanguage":"en-US","@id":"https:\/\/akunq.net\/tr\/?p=63521#primaryimage","url":"https:\/\/akunq.net\/tr\/wp-content\/uploads\/sites\/6\/2021\/06\/Diyarbak\u0131rda-tarihi-Meryem-Ana-Manast\u0131r\u0131.jpg","contentUrl":"https:\/\/akunq.net\/tr\/wp-content\/uploads\/sites\/6\/2021\/06\/Diyarbak\u0131rda-tarihi-Meryem-Ana-Manast\u0131r\u0131.jpg","width":864,"height":486},{"@type":"BreadcrumbList","@id":"https:\/\/akunq.net\/tr\/?p=63521#breadcrumb","itemListElement":[{"@type":"ListItem","position":1,"name":"Home","item":"https:\/\/akunq.net\/tr"},{"@type":"ListItem","position":2,"name":"Diyarbak\u0131r&#8217;da tarihi Meryem Ana Manast\u0131r\u0131 turizme kazand\u0131r\u0131lmay\u0131 bekliyor"}]},{"@type":"WebSite","@id":"https:\/\/akunq.net\/tr\/#website","url":"https:\/\/akunq.net\/tr\/","name":"Bati Ermenistan Ve Bati Ermenileri Sorunlari Ara\u015ftirmalar Merkezi","description":"","potentialAction":[{"@type":"SearchAction","target":{"@type":"EntryPoint","urlTemplate":"https:\/\/akunq.net\/tr\/?s={search_term_string}"},"query-input":{"@type":"PropertyValueSpecification","valueRequired":true,"valueName":"search_term_string"}}],"inLanguage":"en-US"},{"@type":"Person","@id":"https:\/\/akunq.net\/tr\/#\/schema\/person\/096f1d38a12cce57fb855b485ed24c9e","name":"admin","url":"https:\/\/akunq.net\/tr\/?author=7"}]}},"_links":{"self":[{"href":"https:\/\/akunq.net\/tr\/index.php?rest_route=\/wp\/v2\/posts\/63521","targetHints":{"allow":["GET"]}}],"collection":[{"href":"https:\/\/akunq.net\/tr\/index.php?rest_route=\/wp\/v2\/posts"}],"about":[{"href":"https:\/\/akunq.net\/tr\/index.php?rest_route=\/wp\/v2\/types\/post"}],"author":[{"embeddable":true,"href":"https:\/\/akunq.net\/tr\/index.php?rest_route=\/wp\/v2\/users\/7"}],"replies":[{"embeddable":true,"href":"https:\/\/akunq.net\/tr\/index.php?rest_route=%2Fwp%2Fv2%2Fcomments&post=63521"}],"version-history":[{"count":1,"href":"https:\/\/akunq.net\/tr\/index.php?rest_route=\/wp\/v2\/posts\/63521\/revisions"}],"predecessor-version":[{"id":63523,"href":"https:\/\/akunq.net\/tr\/index.php?rest_route=\/wp\/v2\/posts\/63521\/revisions\/63523"}],"wp:featuredmedia":[{"embeddable":true,"href":"https:\/\/akunq.net\/tr\/index.php?rest_route=\/wp\/v2\/media\/63522"}],"wp:attachment":[{"href":"https:\/\/akunq.net\/tr\/index.php?rest_route=%2Fwp%2Fv2%2Fmedia&parent=63521"}],"wp:term":[{"taxonomy":"category","embeddable":true,"href":"https:\/\/akunq.net\/tr\/index.php?rest_route=%2Fwp%2Fv2%2Fcategories&post=63521"},{"taxonomy":"post_tag","embeddable":true,"href":"https:\/\/akunq.net\/tr\/index.php?rest_route=%2Fwp%2Fv2%2Ftags&post=63521"}],"curies":[{"name":"wp","href":"https:\/\/api.w.org\/{rel}","templated":true}]}}