{"id":63516,"date":"2021-06-28T04:55:11","date_gmt":"2021-06-28T09:55:11","guid":{"rendered":"https:\/\/akunq.net\/tr\/?p=63516"},"modified":"2021-06-28T04:55:11","modified_gmt":"2021-06-28T09:55:11","slug":"tarihi-mor-aday-kilisesini-ahira-cevirdiler","status":"publish","type":"post","link":"https:\/\/akunq.net\/tr\/?p=63516","title":{"rendered":"Tarihi Mor Aday Kilisesi\u2019ni ah\u0131ra \u00e7evirdiler"},"content":{"rendered":"<p><img loading=\"lazy\" decoding=\"async\" class=\"aligncenter size-medium wp-image-63517\" src=\"https:\/\/akunq.net\/tr\/wp-content\/uploads\/2021\/06\/Tarihi-Mor-Aday-Kilisesi-360x240.jpg\" alt=\"\" width=\"360\" height=\"240\" srcset=\"https:\/\/akunq.net\/tr\/wp-content\/uploads\/sites\/6\/2021\/06\/Tarihi-Mor-Aday-Kilisesi-360x240.jpg 360w, https:\/\/akunq.net\/tr\/wp-content\/uploads\/sites\/6\/2021\/06\/Tarihi-Mor-Aday-Kilisesi-768x512.jpg 768w, https:\/\/akunq.net\/tr\/wp-content\/uploads\/sites\/6\/2021\/06\/Tarihi-Mor-Aday-Kilisesi-560x373.jpg 560w, https:\/\/akunq.net\/tr\/wp-content\/uploads\/sites\/6\/2021\/06\/Tarihi-Mor-Aday-Kilisesi-260x173.jpg 260w, https:\/\/akunq.net\/tr\/wp-content\/uploads\/sites\/6\/2021\/06\/Tarihi-Mor-Aday-Kilisesi-160x107.jpg 160w, https:\/\/akunq.net\/tr\/wp-content\/uploads\/sites\/6\/2021\/06\/Tarihi-Mor-Aday-Kilisesi.jpg 840w\" sizes=\"auto, (max-width: 360px) 100vw, 360px\" \/><\/p>\n<p><em><strong>Tarihi S\u00fcryani kilisesinin duvarlar\u0131 b\u00fcy\u00fck oranda ayakta olsa da korunmamas\u0131 nedeniyle harabeyi and\u0131r\u0131yor.<\/strong><\/em><\/p>\n<p>\u015e\u0131rnak\u2019\u0131n \u0130dil il\u00e7esine ba\u011fl\u0131 Midih\u00ea k\u00f6y\u00fcnde S\u00fcryanilerin ibadet mekanlar\u0131ndan olan Mor Aday Kilisesi bak\u0131ms\u0131z kal\u0131nca k\u00f6yl\u00fcler ah\u0131r olarak kullanmaya ba\u015flad\u0131.<\/p>\n<p>M.S. 620 y\u0131l\u0131nda in\u015fa edildi\u011fi tahmin edilen Mor Aday Kilisesi, \u015e\u0131rnak\u2019\u0131n \u0130dil il\u00e7esine ba\u011fl\u0131 \u00d6\u011f\u00fcnd\u00fck (Midih\u00ea) k\u00f6y\u00fcn\u00fcn Basak mezras\u0131nda bulunuyor. MA\u2019da yer alan habere g\u00f6re, yakla\u015f\u0131k bin 400 y\u0131ll\u0131k tarihe sahip olan kilisenin duvarlar\u0131 b\u00fcy\u00fck oranda ayakta olsa da korunmamas\u0131 nedeniyle harabeyi and\u0131r\u0131yor.<\/p>\n<p><strong>K\u00d6YL\u00dcLER\u0130N \u201cKORUNSUN\u201d TALEB\u0130 REDDED\u0130LD\u0130<\/strong><\/p>\n<p>S\u00fcryanilerin b\u00f6lgeden g\u00f6\u00e7 etmesiyle inan\u00e7 merkezi olma \u00f6zelli\u011fini yitiren kilisenin bir d\u00f6nem ev daha sonra da ah\u0131r olarak kullan\u0131ld\u0131\u011f\u0131 belirtiliyor. S\u00fcryanilerin 1990\u2019l\u0131 y\u0131llarda b\u00f6lgedeki sava\u015f\u0131n yo\u011funla\u015fmas\u0131yla k\u00f6y\u00fc tamamen terk etti\u011fi \u00f6\u011frenildi. Kilisenin korunmas\u0131 talebiyle K\u00fclt\u00fcr ve Turizm Bakanl\u0131\u011f\u0131na ba\u011fl\u0131 \u0130l K\u00fclt\u00fcr ve Turizm M\u00fcd\u00fcrl\u00fc\u011f\u00fcne ba\u015fvuruda bulunan k\u00f6yl\u00fclerin dilek\u00e7eleri ise reddedildi.<\/p>\n<p>K\u00f6y Muhtar\u0131 Mahmut Bulut, k\u00f6ydeki S\u00fcryanilerin 1992 y\u0131l\u0131ndaki son g\u00f6\u00e7\u00fcnden sonra kiliseyi sahiplenen bir kurumun olmad\u0131\u011f\u0131n\u0131 belirtti. K\u00fclt\u00fcr ve Turizm M\u00fcd\u00fcrl\u00fc\u011f\u00fcn\u00fcn taleplerini kulak arkas\u0131 yapt\u0131\u011f\u0131n\u0131 s\u00f6yleyen Bulut, \u201cKilise UNESCO d\u00fcnya miraslar\u0131nda yer alabilecek bir eser. B\u00f6lgede bu kiliseden daha b\u00fcy\u00fck bir kilise bulamazs\u0131n\u0131z. Ama gelin g\u00f6r\u00fcn ki kaderine terk edildi\u201d dedi.<\/p>\n<p><strong>AHIR OLARAK KULLANILIYOR<\/strong><\/p>\n<p>Bu tarz tarihi eserlerin koruma alt\u0131na al\u0131nmas\u0131 gerekti\u011fini s\u00f6yleyen Bulut, kilisenin ta\u015flar\u0131 ve mimarisiyle g\u00fczel bir eser oldu\u011funu ancak bu haliyle kal\u0131rsa y\u0131k\u0131lmas\u0131n\u0131n ka\u00e7\u0131n\u0131lmaz oldu\u011funu ifade etti. Bulut, k\u00f6yl\u00fclerin de hayvanlar\u0131na kilisede yem verdi\u011fini ve kimsenin \u00f6zen g\u00f6stermedi\u011fini dile getirdi. Avrupa\u2019ya g\u00f6\u00e7ertilen S\u00fcryanilerin her y\u0131l sonbahar aylar\u0131nda b\u00f6lgeye geldi\u011fini de s\u00f6yleyen Bulut, \u201cAvrupa\u2019dan gelip kilisede mum yak\u0131yor. Ama bu yetmiyor. Daha b\u00fcy\u00fck tahribatlar olmadan kilise koruma alt\u0131na al\u0131nmal\u0131d\u0131r\u201d dedi.<\/p>\n<p><em><strong>https:\/\/www.evrensel.net\/haber\/436483\/tarihi-mor-aday-kilisesini-ahira-cevirdiler\u00a0<\/strong><\/em><\/p>\n","protected":false},"excerpt":{"rendered":"<p>Tarihi S\u00fcryani kilisesinin duvarlar\u0131 b\u00fcy\u00fck oranda ayakta olsa da korunmamas\u0131 nedeniyle harabeyi and\u0131r\u0131yor. \u015e\u0131rnak\u2019\u0131n \u0130dil il\u00e7esine ba\u011fl\u0131 Midih\u00ea k\u00f6y\u00fcnde S\u00fcryanilerin ibadet mekanlar\u0131ndan olan Mor Aday Kilisesi bak\u0131ms\u0131z kal\u0131nca k\u00f6yl\u00fcler ah\u0131r olarak kullanmaya ba\u015flad\u0131. M.S. 620 y\u0131l\u0131nda in\u015fa edildi\u011fi tahmin edilen Mor Aday Kilisesi, \u015e\u0131rnak\u2019\u0131n \u0130dil il\u00e7esine ba\u011fl\u0131 \u00d6\u011f\u00fcnd\u00fck (Midih\u00ea) k\u00f6y\u00fcn\u00fcn Basak mezras\u0131nda bulunuyor. MA\u2019da yer [&hellip;]<\/p>\n","protected":false},"author":7,"featured_media":63517,"comment_status":"open","ping_status":"open","sticky":false,"template":"","format":"standard","meta":{"footnotes":""},"categories":[1],"tags":[],"class_list":["post-63516","post","type-post","status-publish","format-standard","has-post-thumbnail","hentry","category-haberler"],"yoast_head":"<!-- This site is optimized with the Yoast SEO plugin v27.4 - https:\/\/yoast.com\/product\/yoast-seo-wordpress\/ -->\n<title>Tarihi Mor Aday Kilisesi\u2019ni ah\u0131ra \u00e7evirdiler - Bati Ermenistan Ve Bati Ermenileri Sorunlari Ara\u015ftirmalar Merkezi<\/title>\n<meta name=\"robots\" content=\"index, follow, max-snippet:-1, max-image-preview:large, max-video-preview:-1\" \/>\n<link rel=\"canonical\" href=\"https:\/\/akunq.net\/tr\/?p=63516\" \/>\n<meta property=\"og:locale\" content=\"en_US\" \/>\n<meta property=\"og:type\" content=\"article\" \/>\n<meta property=\"og:title\" content=\"Tarihi Mor Aday Kilisesi\u2019ni ah\u0131ra \u00e7evirdiler - Bati Ermenistan Ve Bati Ermenileri Sorunlari Ara\u015ftirmalar Merkezi\" \/>\n<meta property=\"og:description\" content=\"Tarihi S\u00fcryani kilisesinin duvarlar\u0131 b\u00fcy\u00fck oranda ayakta olsa da korunmamas\u0131 nedeniyle harabeyi and\u0131r\u0131yor. \u015e\u0131rnak\u2019\u0131n \u0130dil il\u00e7esine ba\u011fl\u0131 Midih\u00ea k\u00f6y\u00fcnde S\u00fcryanilerin ibadet mekanlar\u0131ndan olan Mor Aday Kilisesi bak\u0131ms\u0131z kal\u0131nca k\u00f6yl\u00fcler ah\u0131r olarak kullanmaya ba\u015flad\u0131. M.S. 620 y\u0131l\u0131nda in\u015fa edildi\u011fi tahmin edilen Mor Aday Kilisesi, \u015e\u0131rnak\u2019\u0131n \u0130dil il\u00e7esine ba\u011fl\u0131 \u00d6\u011f\u00fcnd\u00fck (Midih\u00ea) k\u00f6y\u00fcn\u00fcn Basak mezras\u0131nda bulunuyor. MA\u2019da yer [&hellip;]\" \/>\n<meta property=\"og:url\" content=\"https:\/\/akunq.net\/tr\/?p=63516\" \/>\n<meta property=\"og:site_name\" content=\"Bati Ermenistan Ve Bati Ermenileri Sorunlari Ara\u015ftirmalar Merkezi\" \/>\n<meta property=\"article:published_time\" content=\"2021-06-28T09:55:11+00:00\" \/>\n<meta property=\"og:image\" content=\"https:\/\/akunq.net\/tr\/wp-content\/uploads\/sites\/6\/2021\/06\/Tarihi-Mor-Aday-Kilisesi.jpg\" \/>\n\t<meta property=\"og:image:width\" content=\"840\" \/>\n\t<meta property=\"og:image:height\" content=\"560\" \/>\n\t<meta property=\"og:image:type\" content=\"image\/jpeg\" \/>\n<meta name=\"author\" content=\"admin\" \/>\n<meta name=\"twitter:card\" content=\"summary_large_image\" \/>\n<meta name=\"twitter:label1\" content=\"Written by\" \/>\n\t<meta name=\"twitter:data1\" content=\"admin\" \/>\n\t<meta name=\"twitter:label2\" content=\"Est. reading time\" \/>\n\t<meta name=\"twitter:data2\" content=\"2 minutes\" \/>\n<script type=\"application\/ld+json\" class=\"yoast-schema-graph\">{\"@context\":\"https:\\\/\\\/schema.org\",\"@graph\":[{\"@type\":\"Article\",\"@id\":\"https:\\\/\\\/akunq.net\\\/tr\\\/?p=63516#article\",\"isPartOf\":{\"@id\":\"https:\\\/\\\/akunq.net\\\/tr\\\/?p=63516\"},\"author\":{\"name\":\"admin\",\"@id\":\"https:\\\/\\\/akunq.net\\\/tr\\\/#\\\/schema\\\/person\\\/096f1d38a12cce57fb855b485ed24c9e\"},\"headline\":\"Tarihi Mor Aday Kilisesi\u2019ni ah\u0131ra \u00e7evirdiler\",\"datePublished\":\"2021-06-28T09:55:11+00:00\",\"mainEntityOfPage\":{\"@id\":\"https:\\\/\\\/akunq.net\\\/tr\\\/?p=63516\"},\"wordCount\":398,\"commentCount\":0,\"image\":{\"@id\":\"https:\\\/\\\/akunq.net\\\/tr\\\/?p=63516#primaryimage\"},\"thumbnailUrl\":\"https:\\\/\\\/akunq.net\\\/tr\\\/wp-content\\\/uploads\\\/sites\\\/6\\\/2021\\\/06\\\/Tarihi-Mor-Aday-Kilisesi.jpg\",\"articleSection\":[\"Haberler\"],\"inLanguage\":\"en-US\",\"potentialAction\":[{\"@type\":\"CommentAction\",\"name\":\"Comment\",\"target\":[\"https:\\\/\\\/akunq.net\\\/tr\\\/?p=63516#respond\"]}]},{\"@type\":\"WebPage\",\"@id\":\"https:\\\/\\\/akunq.net\\\/tr\\\/?p=63516\",\"url\":\"https:\\\/\\\/akunq.net\\\/tr\\\/?p=63516\",\"name\":\"Tarihi Mor Aday Kilisesi\u2019ni ah\u0131ra \u00e7evirdiler - Bati Ermenistan Ve Bati Ermenileri Sorunlari Ara\u015ftirmalar Merkezi\",\"isPartOf\":{\"@id\":\"https:\\\/\\\/akunq.net\\\/tr\\\/#website\"},\"primaryImageOfPage\":{\"@id\":\"https:\\\/\\\/akunq.net\\\/tr\\\/?p=63516#primaryimage\"},\"image\":{\"@id\":\"https:\\\/\\\/akunq.net\\\/tr\\\/?p=63516#primaryimage\"},\"thumbnailUrl\":\"https:\\\/\\\/akunq.net\\\/tr\\\/wp-content\\\/uploads\\\/sites\\\/6\\\/2021\\\/06\\\/Tarihi-Mor-Aday-Kilisesi.jpg\",\"datePublished\":\"2021-06-28T09:55:11+00:00\",\"author\":{\"@id\":\"https:\\\/\\\/akunq.net\\\/tr\\\/#\\\/schema\\\/person\\\/096f1d38a12cce57fb855b485ed24c9e\"},\"breadcrumb\":{\"@id\":\"https:\\\/\\\/akunq.net\\\/tr\\\/?p=63516#breadcrumb\"},\"inLanguage\":\"en-US\",\"potentialAction\":[{\"@type\":\"ReadAction\",\"target\":[\"https:\\\/\\\/akunq.net\\\/tr\\\/?p=63516\"]}]},{\"@type\":\"ImageObject\",\"inLanguage\":\"en-US\",\"@id\":\"https:\\\/\\\/akunq.net\\\/tr\\\/?p=63516#primaryimage\",\"url\":\"https:\\\/\\\/akunq.net\\\/tr\\\/wp-content\\\/uploads\\\/sites\\\/6\\\/2021\\\/06\\\/Tarihi-Mor-Aday-Kilisesi.jpg\",\"contentUrl\":\"https:\\\/\\\/akunq.net\\\/tr\\\/wp-content\\\/uploads\\\/sites\\\/6\\\/2021\\\/06\\\/Tarihi-Mor-Aday-Kilisesi.jpg\",\"width\":840,\"height\":560},{\"@type\":\"BreadcrumbList\",\"@id\":\"https:\\\/\\\/akunq.net\\\/tr\\\/?p=63516#breadcrumb\",\"itemListElement\":[{\"@type\":\"ListItem\",\"position\":1,\"name\":\"Home\",\"item\":\"https:\\\/\\\/akunq.net\\\/tr\"},{\"@type\":\"ListItem\",\"position\":2,\"name\":\"Tarihi Mor Aday Kilisesi\u2019ni ah\u0131ra \u00e7evirdiler\"}]},{\"@type\":\"WebSite\",\"@id\":\"https:\\\/\\\/akunq.net\\\/tr\\\/#website\",\"url\":\"https:\\\/\\\/akunq.net\\\/tr\\\/\",\"name\":\"Bati Ermenistan Ve Bati Ermenileri Sorunlari Ara\u015ftirmalar Merkezi\",\"description\":\"\",\"potentialAction\":[{\"@type\":\"SearchAction\",\"target\":{\"@type\":\"EntryPoint\",\"urlTemplate\":\"https:\\\/\\\/akunq.net\\\/tr\\\/?s={search_term_string}\"},\"query-input\":{\"@type\":\"PropertyValueSpecification\",\"valueRequired\":true,\"valueName\":\"search_term_string\"}}],\"inLanguage\":\"en-US\"},{\"@type\":\"Person\",\"@id\":\"https:\\\/\\\/akunq.net\\\/tr\\\/#\\\/schema\\\/person\\\/096f1d38a12cce57fb855b485ed24c9e\",\"name\":\"admin\",\"url\":\"https:\\\/\\\/akunq.net\\\/tr\\\/?author=7\"}]}<\/script>\n<!-- \/ Yoast SEO plugin. -->","yoast_head_json":{"title":"Tarihi Mor Aday Kilisesi\u2019ni ah\u0131ra \u00e7evirdiler - Bati Ermenistan Ve Bati Ermenileri Sorunlari Ara\u015ftirmalar Merkezi","robots":{"index":"index","follow":"follow","max-snippet":"max-snippet:-1","max-image-preview":"max-image-preview:large","max-video-preview":"max-video-preview:-1"},"canonical":"https:\/\/akunq.net\/tr\/?p=63516","og_locale":"en_US","og_type":"article","og_title":"Tarihi Mor Aday Kilisesi\u2019ni ah\u0131ra \u00e7evirdiler - Bati Ermenistan Ve Bati Ermenileri Sorunlari Ara\u015ftirmalar Merkezi","og_description":"Tarihi S\u00fcryani kilisesinin duvarlar\u0131 b\u00fcy\u00fck oranda ayakta olsa da korunmamas\u0131 nedeniyle harabeyi and\u0131r\u0131yor. \u015e\u0131rnak\u2019\u0131n \u0130dil il\u00e7esine ba\u011fl\u0131 Midih\u00ea k\u00f6y\u00fcnde S\u00fcryanilerin ibadet mekanlar\u0131ndan olan Mor Aday Kilisesi bak\u0131ms\u0131z kal\u0131nca k\u00f6yl\u00fcler ah\u0131r olarak kullanmaya ba\u015flad\u0131. M.S. 620 y\u0131l\u0131nda in\u015fa edildi\u011fi tahmin edilen Mor Aday Kilisesi, \u015e\u0131rnak\u2019\u0131n \u0130dil il\u00e7esine ba\u011fl\u0131 \u00d6\u011f\u00fcnd\u00fck (Midih\u00ea) k\u00f6y\u00fcn\u00fcn Basak mezras\u0131nda bulunuyor. MA\u2019da yer [&hellip;]","og_url":"https:\/\/akunq.net\/tr\/?p=63516","og_site_name":"Bati Ermenistan Ve Bati Ermenileri Sorunlari Ara\u015ftirmalar Merkezi","article_published_time":"2021-06-28T09:55:11+00:00","og_image":[{"width":840,"height":560,"url":"https:\/\/akunq.net\/tr\/wp-content\/uploads\/sites\/6\/2021\/06\/Tarihi-Mor-Aday-Kilisesi.jpg","type":"image\/jpeg"}],"author":"admin","twitter_card":"summary_large_image","twitter_misc":{"Written by":"admin","Est. reading time":"2 minutes"},"schema":{"@context":"https:\/\/schema.org","@graph":[{"@type":"Article","@id":"https:\/\/akunq.net\/tr\/?p=63516#article","isPartOf":{"@id":"https:\/\/akunq.net\/tr\/?p=63516"},"author":{"name":"admin","@id":"https:\/\/akunq.net\/tr\/#\/schema\/person\/096f1d38a12cce57fb855b485ed24c9e"},"headline":"Tarihi Mor Aday Kilisesi\u2019ni ah\u0131ra \u00e7evirdiler","datePublished":"2021-06-28T09:55:11+00:00","mainEntityOfPage":{"@id":"https:\/\/akunq.net\/tr\/?p=63516"},"wordCount":398,"commentCount":0,"image":{"@id":"https:\/\/akunq.net\/tr\/?p=63516#primaryimage"},"thumbnailUrl":"https:\/\/akunq.net\/tr\/wp-content\/uploads\/sites\/6\/2021\/06\/Tarihi-Mor-Aday-Kilisesi.jpg","articleSection":["Haberler"],"inLanguage":"en-US","potentialAction":[{"@type":"CommentAction","name":"Comment","target":["https:\/\/akunq.net\/tr\/?p=63516#respond"]}]},{"@type":"WebPage","@id":"https:\/\/akunq.net\/tr\/?p=63516","url":"https:\/\/akunq.net\/tr\/?p=63516","name":"Tarihi Mor Aday Kilisesi\u2019ni ah\u0131ra \u00e7evirdiler - Bati Ermenistan Ve Bati Ermenileri Sorunlari Ara\u015ftirmalar Merkezi","isPartOf":{"@id":"https:\/\/akunq.net\/tr\/#website"},"primaryImageOfPage":{"@id":"https:\/\/akunq.net\/tr\/?p=63516#primaryimage"},"image":{"@id":"https:\/\/akunq.net\/tr\/?p=63516#primaryimage"},"thumbnailUrl":"https:\/\/akunq.net\/tr\/wp-content\/uploads\/sites\/6\/2021\/06\/Tarihi-Mor-Aday-Kilisesi.jpg","datePublished":"2021-06-28T09:55:11+00:00","author":{"@id":"https:\/\/akunq.net\/tr\/#\/schema\/person\/096f1d38a12cce57fb855b485ed24c9e"},"breadcrumb":{"@id":"https:\/\/akunq.net\/tr\/?p=63516#breadcrumb"},"inLanguage":"en-US","potentialAction":[{"@type":"ReadAction","target":["https:\/\/akunq.net\/tr\/?p=63516"]}]},{"@type":"ImageObject","inLanguage":"en-US","@id":"https:\/\/akunq.net\/tr\/?p=63516#primaryimage","url":"https:\/\/akunq.net\/tr\/wp-content\/uploads\/sites\/6\/2021\/06\/Tarihi-Mor-Aday-Kilisesi.jpg","contentUrl":"https:\/\/akunq.net\/tr\/wp-content\/uploads\/sites\/6\/2021\/06\/Tarihi-Mor-Aday-Kilisesi.jpg","width":840,"height":560},{"@type":"BreadcrumbList","@id":"https:\/\/akunq.net\/tr\/?p=63516#breadcrumb","itemListElement":[{"@type":"ListItem","position":1,"name":"Home","item":"https:\/\/akunq.net\/tr"},{"@type":"ListItem","position":2,"name":"Tarihi Mor Aday Kilisesi\u2019ni ah\u0131ra \u00e7evirdiler"}]},{"@type":"WebSite","@id":"https:\/\/akunq.net\/tr\/#website","url":"https:\/\/akunq.net\/tr\/","name":"Bati Ermenistan Ve Bati Ermenileri Sorunlari Ara\u015ftirmalar Merkezi","description":"","potentialAction":[{"@type":"SearchAction","target":{"@type":"EntryPoint","urlTemplate":"https:\/\/akunq.net\/tr\/?s={search_term_string}"},"query-input":{"@type":"PropertyValueSpecification","valueRequired":true,"valueName":"search_term_string"}}],"inLanguage":"en-US"},{"@type":"Person","@id":"https:\/\/akunq.net\/tr\/#\/schema\/person\/096f1d38a12cce57fb855b485ed24c9e","name":"admin","url":"https:\/\/akunq.net\/tr\/?author=7"}]}},"_links":{"self":[{"href":"https:\/\/akunq.net\/tr\/index.php?rest_route=\/wp\/v2\/posts\/63516","targetHints":{"allow":["GET"]}}],"collection":[{"href":"https:\/\/akunq.net\/tr\/index.php?rest_route=\/wp\/v2\/posts"}],"about":[{"href":"https:\/\/akunq.net\/tr\/index.php?rest_route=\/wp\/v2\/types\/post"}],"author":[{"embeddable":true,"href":"https:\/\/akunq.net\/tr\/index.php?rest_route=\/wp\/v2\/users\/7"}],"replies":[{"embeddable":true,"href":"https:\/\/akunq.net\/tr\/index.php?rest_route=%2Fwp%2Fv2%2Fcomments&post=63516"}],"version-history":[{"count":1,"href":"https:\/\/akunq.net\/tr\/index.php?rest_route=\/wp\/v2\/posts\/63516\/revisions"}],"predecessor-version":[{"id":63518,"href":"https:\/\/akunq.net\/tr\/index.php?rest_route=\/wp\/v2\/posts\/63516\/revisions\/63518"}],"wp:featuredmedia":[{"embeddable":true,"href":"https:\/\/akunq.net\/tr\/index.php?rest_route=\/wp\/v2\/media\/63517"}],"wp:attachment":[{"href":"https:\/\/akunq.net\/tr\/index.php?rest_route=%2Fwp%2Fv2%2Fmedia&parent=63516"}],"wp:term":[{"taxonomy":"category","embeddable":true,"href":"https:\/\/akunq.net\/tr\/index.php?rest_route=%2Fwp%2Fv2%2Fcategories&post=63516"},{"taxonomy":"post_tag","embeddable":true,"href":"https:\/\/akunq.net\/tr\/index.php?rest_route=%2Fwp%2Fv2%2Ftags&post=63516"}],"curies":[{"name":"wp","href":"https:\/\/api.w.org\/{rel}","templated":true}]}}