{"id":63495,"date":"2021-06-28T01:52:12","date_gmt":"2021-06-28T06:52:12","guid":{"rendered":"https:\/\/akunq.net\/tr\/?p=63495"},"modified":"2021-06-28T01:52:12","modified_gmt":"2021-06-28T06:52:12","slug":"tgs-afp-muhabiri-bulent-kilic-serbest-birakildi","status":"publish","type":"post","link":"https:\/\/akunq.net\/tr\/?p=63495","title":{"rendered":"TGS: AFP muhabiri B\u00fclent K\u0131l\u0131\u00e7 serbest b\u0131rak\u0131ld\u0131"},"content":{"rendered":"<div class=\"b-article__lead\">\n<p><img loading=\"lazy\" decoding=\"async\" class=\"aligncenter size-medium wp-image-63496\" src=\"https:\/\/akunq.net\/tr\/wp-content\/uploads\/2021\/06\/AFP-\u056c\u0580\u0561\u0563\u0580\u0578\u0572-360x270.jpg\" alt=\"\" width=\"360\" height=\"270\" srcset=\"https:\/\/akunq.net\/tr\/wp-content\/uploads\/sites\/6\/2021\/06\/AFP-\u056c\u0580\u0561\u0563\u0580\u0578\u0572-360x270.jpg 360w, https:\/\/akunq.net\/tr\/wp-content\/uploads\/sites\/6\/2021\/06\/AFP-\u056c\u0580\u0561\u0563\u0580\u0578\u0572-260x195.jpg 260w, https:\/\/akunq.net\/tr\/wp-content\/uploads\/sites\/6\/2021\/06\/AFP-\u056c\u0580\u0561\u0563\u0580\u0578\u0572-160x120.jpg 160w, https:\/\/akunq.net\/tr\/wp-content\/uploads\/sites\/6\/2021\/06\/AFP-\u056c\u0580\u0561\u0563\u0580\u0578\u0572.jpg 400w\" sizes=\"auto, (max-width: 360px) 100vw, 360px\" \/><\/p>\n<p><em><strong>T\u00fcrkiye Gazeteciler Sendikas\u0131, (TGS) B\u00fclent K\u0131l\u0131\u00e7\u2019\u0131n serbest b\u0131rak\u0131ld\u0131\u011f\u0131n\u0131 duyurdu. TGS\u2019den yap\u0131lan a\u00e7\u0131klamada, \u201c\u00dcyemiz B\u00fclent K\u0131l\u0131\u00e7 sa\u011fl\u0131k kontrol\u00fcn\u00fcn ard\u0131ndan serbest b\u0131rak\u0131ld\u0131\u201d denildi.<\/strong><\/em><\/p>\n<\/div>\n<div class=\"b-article__text\">\n<p>TGS, Taksim&#8217;deki<a href=\"https:\/\/tr.sputniknews.com\/turkiye\/202106261044825209-taksimde-lgbti-onur-haftasi-yuruyusune-mudahale\/\" target=\"_blank\" rel=\"noopener noreferrer\">\u00a0&#8216;LGBT\u0130+Onur Y\u00fcr\u00fcy\u00fc\u015f\u00fc&#8217;<\/a>n\u00fc\u00a0takip eden Frans\u0131z haber ajans\u0131<strong>\u00a0AFP<\/strong>&#8216;nin foto-muhabiri\u00a0<strong>B\u00fclent K\u0131l\u0131\u00e7<\/strong>&#8216;\u0131n serbest b\u0131rak\u0131ld\u0131\u011f\u0131n\u0131 duyurdu. TGS\u2019den yap\u0131lan a\u00e7\u0131klamada,\u00a0<em>\u201c\u00dcyemiz B\u00fclent K\u0131l\u0131\u00e7 sa\u011fl\u0131k kontrol\u00fcn\u00fcn ard\u0131ndan serbest b\u0131rak\u0131ld\u0131. \u015eu an kendisine i\u015fkence eden ve kameras\u0131na zarar veren polisler hakk\u0131nda \u015fik\u00e2yette bulunuyoruz\u201d<\/em>\u00a0ifadeleri kullan\u0131ld\u0131.<\/p>\n<div class=\"ria-tweet\">\n<div class=\"twitter-tweet twitter-tweet-rendered\"><iframe id=\"twitter-widget-0\" class=\"\" title=\"Twitter Tweet\" src=\"https:\/\/platform.twitter.com\/embed\/Tweet.html?dnt=false&amp;embedId=twitter-widget-0&amp;features=eyJ0ZndfZXhwZXJpbWVudHNfY29va2llX2V4cGlyYXRpb24iOnsiYnVja2V0IjoxMjA5NjAwLCJ2ZXJzaW9uIjpudWxsfSwidGZ3X2hvcml6b25fdHdlZXRfZW1iZWRfOTU1NSI6eyJidWNrZXQiOiJodGUiLCJ2ZXJzaW9uIjpudWxsfSwidGZ3X3R3ZWV0X2VtYmVkX2NsaWNrYWJpbGl0eV8xMjEwMiI6eyJidWNrZXQiOiJjb250cm9sIiwidmVyc2lvbiI6bnVsbH19&amp;frame=false&amp;hideCard=false&amp;hideThread=false&amp;id=1408834886786506756&amp;lang=tr&amp;origin=https%3A%2F%2Ftr.sputniknews.com%2Fturkiye%2F202106261044825081-tgs-afp-muhabiri-bogazina-basilip-nefessiz-birakilarak-gozaltina-alindi%2F&amp;sessionId=816599b21c229ba10a1e8ff9552d84f4d101490f&amp;siteScreenName=sputnik_TR&amp;theme=light&amp;widgetsVersion=82e1070%3A1619632193066&amp;width=550px\" frameborder=\"0\" scrolling=\"no\" allowfullscreen=\"allowfullscreen\" data-tweet-id=\"1408834886786506756\" data-mce-fragment=\"1\"><\/iframe><\/div>\n<\/div>\n<p>T\u00fcrkiye Gazeteciler Sendikas\u0131,<strong>\u00a0B\u00fclent K\u0131l\u0131\u00e7<\/strong>&#8216;\u0131n\u00a0bo\u011faz\u0131na bas\u0131larak g\u00f6zalt\u0131na al\u0131nmas\u0131na tepki g\u00f6stermi\u015fti.<\/p>\n<p>Sendika, Twitter hesab\u0131ndan yapt\u0131\u011f\u0131 a\u00e7\u0131klamada, &#8220;<em>Taksim\u2019deki #onurhaftasi y\u00fcr\u00fcy\u00fc\u015f\u00fcn\u00fc takip eden AFP Muhabiri B\u00fclent K\u0131l\u0131\u00e7 bo\u011faz\u0131na bas\u0131l\u0131p nefessiz b\u0131rak\u0131larak g\u00f6zalt\u0131na al\u0131nd\u0131. \u00dcyemizin derh\u00e2l serbest b\u0131rak\u0131lmas\u0131n\u0131 ve sorumlu polisler hakk\u0131nda i\u015flem yap\u0131lmas\u0131n\u0131 talep ediyoruz!&#8221;<\/em>\u00a0ifadelerini kullanm\u0131\u015ft\u0131.<\/p>\n<p>\u0130stanbul Valili\u011fi&#8217;nin &#8216;<em>izin verilmeyece\u011fi&#8217;ni<\/em>\u00a0<a href=\"https:\/\/tr.sputniknews.com\/turkiye\/202106241044812431-istanbulda-lgbti-onur-yuruyusu-duzenlenmesi-basvurusuna-valilikten-ret\/\" target=\"_blank\" rel=\"noopener noreferrer\">a\u00e7\u0131klad\u0131\u011f\u0131<\/a>\u00a0,<em>\u00a0&#8216;LGBT\u0130+Onur Y\u00fcr\u00fcy\u00fc\u015f&#8217;<\/em>ne kat\u0131lmak amac\u0131yla Beyo\u011flu&#8217;nda toplanan kalabal\u0131\u011fa polis m\u00fcdahalede bulundu. Bu esnada g\u00f6r\u00fcnt\u00fc almak isteyen, AFP&#8217;nin foto-muhabiri gazeteci\u00a0<strong>B\u00fclent K\u0131l\u0131\u00e7<\/strong>\u00a0da Mis Sokak&#8217;ta g\u00f6zalt\u0131na al\u0131nd\u0131.<\/p>\n<div class=\"ria-tweet\">\n<div class=\"twitter-tweet twitter-tweet-rendered\"><iframe id=\"twitter-widget-1\" class=\"\" title=\"Twitter Tweet\" src=\"https:\/\/platform.twitter.com\/embed\/Tweet.html?dnt=false&amp;embedId=twitter-widget-1&amp;features=eyJ0ZndfZXhwZXJpbWVudHNfY29va2llX2V4cGlyYXRpb24iOnsiYnVja2V0IjoxMjA5NjAwLCJ2ZXJzaW9uIjpudWxsfSwidGZ3X2hvcml6b25fdHdlZXRfZW1iZWRfOTU1NSI6eyJidWNrZXQiOiJodGUiLCJ2ZXJzaW9uIjpudWxsfSwidGZ3X3R3ZWV0X2VtYmVkX2NsaWNrYWJpbGl0eV8xMjEwMiI6eyJidWNrZXQiOiJjb250cm9sIiwidmVyc2lvbiI6bnVsbH19&amp;frame=false&amp;hideCard=false&amp;hideThread=false&amp;id=1408770640312737794&amp;lang=tr&amp;origin=https%3A%2F%2Ftr.sputniknews.com%2Fturkiye%2F202106261044825081-tgs-afp-muhabiri-bogazina-basilip-nefessiz-birakilarak-gozaltina-alindi%2F&amp;sessionId=816599b21c229ba10a1e8ff9552d84f4d101490f&amp;siteScreenName=sputnik_TR&amp;theme=light&amp;widgetsVersion=82e1070%3A1619632193066&amp;width=550px\" frameborder=\"0\" scrolling=\"no\" allowfullscreen=\"allowfullscreen\" data-tweet-id=\"1408770640312737794\" data-mce-fragment=\"1\"><\/iframe><\/div>\n<\/div>\n<p><strong>B\u00fclent K\u0131l\u0131\u00e7<\/strong>\u00a0Twitter hesab\u0131ndan yapt\u0131\u011f\u0131 payla\u015f\u0131mda ise \u015fu ifadelere yer verdi:<\/p>\n<p><em>&#8220;Can\u0131ma kast edilmeye \u00e7al\u0131\u015f\u0131ld\u0131, nefesim kesilmek istendi, bana bunu yapandan, Anayasa Mahkemesi, Avrupa \u0130nsan Haklar\u0131, her ne ise, bu D\u00fcnya\u2019da hangi mahkemeyse hesap soraca\u011f\u0131m, ya\u015fad\u0131\u011f\u0131m s\u00fcrece bunun mahkemede hesab\u0131 verilecek. Ulu Divan\u2019a kalmayacak.#NefesAlam\u0131yorum #Pride2021.&#8221;<\/em><\/p>\n<div class=\"ria-tweet\">\n<div class=\"twitter-tweet twitter-tweet-rendered\"><iframe id=\"twitter-widget-2\" class=\"\" title=\"Twitter Tweet\" src=\"https:\/\/platform.twitter.com\/embed\/Tweet.html?dnt=false&amp;embedId=twitter-widget-2&amp;features=eyJ0ZndfZXhwZXJpbWVudHNfY29va2llX2V4cGlyYXRpb24iOnsiYnVja2V0IjoxMjA5NjAwLCJ2ZXJzaW9uIjpudWxsfSwidGZ3X2hvcml6b25fdHdlZXRfZW1iZWRfOTU1NSI6eyJidWNrZXQiOiJodGUiLCJ2ZXJzaW9uIjpudWxsfSwidGZ3X3R3ZWV0X2VtYmVkX2NsaWNrYWJpbGl0eV8xMjEwMiI6eyJidWNrZXQiOiJjb250cm9sIiwidmVyc2lvbiI6bnVsbH19&amp;frame=false&amp;hideCard=false&amp;hideThread=false&amp;id=1408898398309257217&amp;lang=tr&amp;origin=https%3A%2F%2Ftr.sputniknews.com%2Fturkiye%2F202106261044825081-tgs-afp-muhabiri-bogazina-basilip-nefessiz-birakilarak-gozaltina-alindi%2F&amp;sessionId=816599b21c229ba10a1e8ff9552d84f4d101490f&amp;siteScreenName=sputnik_TR&amp;theme=light&amp;widgetsVersion=82e1070%3A1619632193066&amp;width=550px\" frameborder=\"0\" scrolling=\"no\" allowfullscreen=\"allowfullscreen\" data-tweet-id=\"1408898398309257217\" data-mce-fragment=\"1\"><\/iframe><\/div>\n<\/div>\n<p><em><strong>\u200bhttps:\/\/tr.sputniknews.com\/turkiye\/202106261044825081-tgs-afp-muhabiri-bogazina-basilip-nefessiz-birakilarak-gozaltina-alindi\/\u00a0<\/strong><\/em><\/p>\n<\/div>\n","protected":false},"excerpt":{"rendered":"<p>T\u00fcrkiye Gazeteciler Sendikas\u0131, (TGS) B\u00fclent K\u0131l\u0131\u00e7\u2019\u0131n serbest b\u0131rak\u0131ld\u0131\u011f\u0131n\u0131 duyurdu. TGS\u2019den yap\u0131lan a\u00e7\u0131klamada, \u201c\u00dcyemiz B\u00fclent K\u0131l\u0131\u00e7 sa\u011fl\u0131k kontrol\u00fcn\u00fcn ard\u0131ndan serbest b\u0131rak\u0131ld\u0131\u201d denildi. TGS, Taksim&#8217;deki\u00a0&#8216;LGBT\u0130+Onur Y\u00fcr\u00fcy\u00fc\u015f\u00fc&#8217;n\u00fc\u00a0takip eden Frans\u0131z haber ajans\u0131\u00a0AFP&#8216;nin foto-muhabiri\u00a0B\u00fclent K\u0131l\u0131\u00e7&#8216;\u0131n serbest b\u0131rak\u0131ld\u0131\u011f\u0131n\u0131 duyurdu. TGS\u2019den yap\u0131lan a\u00e7\u0131klamada,\u00a0\u201c\u00dcyemiz B\u00fclent K\u0131l\u0131\u00e7 sa\u011fl\u0131k kontrol\u00fcn\u00fcn ard\u0131ndan serbest b\u0131rak\u0131ld\u0131. \u015eu an kendisine i\u015fkence eden ve kameras\u0131na zarar veren polisler hakk\u0131nda \u015fik\u00e2yette [&hellip;]<\/p>\n","protected":false},"author":7,"featured_media":63496,"comment_status":"open","ping_status":"open","sticky":false,"template":"","format":"standard","meta":{"footnotes":""},"categories":[1],"tags":[],"class_list":["post-63495","post","type-post","status-publish","format-standard","has-post-thumbnail","hentry","category-haberler"],"yoast_head":"<!-- This site is optimized with the Yoast SEO plugin v27.4 - https:\/\/yoast.com\/product\/yoast-seo-wordpress\/ -->\n<title>TGS: AFP muhabiri B\u00fclent K\u0131l\u0131\u00e7 serbest b\u0131rak\u0131ld\u0131 - Bati Ermenistan Ve Bati Ermenileri Sorunlari Ara\u015ftirmalar Merkezi<\/title>\n<meta name=\"robots\" content=\"index, follow, max-snippet:-1, max-image-preview:large, max-video-preview:-1\" \/>\n<link rel=\"canonical\" href=\"https:\/\/akunq.net\/tr\/?p=63495\" \/>\n<meta property=\"og:locale\" content=\"en_US\" \/>\n<meta property=\"og:type\" content=\"article\" \/>\n<meta property=\"og:title\" content=\"TGS: AFP muhabiri B\u00fclent K\u0131l\u0131\u00e7 serbest b\u0131rak\u0131ld\u0131 - Bati Ermenistan Ve Bati Ermenileri Sorunlari Ara\u015ftirmalar Merkezi\" \/>\n<meta property=\"og:description\" content=\"T\u00fcrkiye Gazeteciler Sendikas\u0131, (TGS) B\u00fclent K\u0131l\u0131\u00e7\u2019\u0131n serbest b\u0131rak\u0131ld\u0131\u011f\u0131n\u0131 duyurdu. TGS\u2019den yap\u0131lan a\u00e7\u0131klamada, \u201c\u00dcyemiz B\u00fclent K\u0131l\u0131\u00e7 sa\u011fl\u0131k kontrol\u00fcn\u00fcn ard\u0131ndan serbest b\u0131rak\u0131ld\u0131\u201d denildi. TGS, Taksim&#8217;deki\u00a0&#8216;LGBT\u0130+Onur Y\u00fcr\u00fcy\u00fc\u015f\u00fc&#8217;n\u00fc\u00a0takip eden Frans\u0131z haber ajans\u0131\u00a0AFP&#8216;nin foto-muhabiri\u00a0B\u00fclent K\u0131l\u0131\u00e7&#8216;\u0131n serbest b\u0131rak\u0131ld\u0131\u011f\u0131n\u0131 duyurdu. TGS\u2019den yap\u0131lan a\u00e7\u0131klamada,\u00a0\u201c\u00dcyemiz B\u00fclent K\u0131l\u0131\u00e7 sa\u011fl\u0131k kontrol\u00fcn\u00fcn ard\u0131ndan serbest b\u0131rak\u0131ld\u0131. \u015eu an kendisine i\u015fkence eden ve kameras\u0131na zarar veren polisler hakk\u0131nda \u015fik\u00e2yette [&hellip;]\" \/>\n<meta property=\"og:url\" content=\"https:\/\/akunq.net\/tr\/?p=63495\" \/>\n<meta property=\"og:site_name\" content=\"Bati Ermenistan Ve Bati Ermenileri Sorunlari Ara\u015ftirmalar Merkezi\" \/>\n<meta property=\"article:published_time\" content=\"2021-06-28T06:52:12+00:00\" \/>\n<meta property=\"og:image\" content=\"https:\/\/akunq.net\/tr\/wp-content\/uploads\/sites\/6\/2021\/06\/AFP-\u056c\u0580\u0561\u0563\u0580\u0578\u0572.jpg\" \/>\n\t<meta property=\"og:image:width\" content=\"400\" \/>\n\t<meta property=\"og:image:height\" content=\"300\" \/>\n\t<meta property=\"og:image:type\" content=\"image\/jpeg\" \/>\n<meta name=\"author\" content=\"admin\" \/>\n<meta name=\"twitter:card\" content=\"summary_large_image\" \/>\n<meta name=\"twitter:label1\" content=\"Written by\" \/>\n\t<meta name=\"twitter:data1\" content=\"admin\" \/>\n\t<meta name=\"twitter:label2\" content=\"Est. reading time\" \/>\n\t<meta name=\"twitter:data2\" content=\"2 minutes\" \/>\n<script type=\"application\/ld+json\" class=\"yoast-schema-graph\">{\"@context\":\"https:\\\/\\\/schema.org\",\"@graph\":[{\"@type\":\"Article\",\"@id\":\"https:\\\/\\\/akunq.net\\\/tr\\\/?p=63495#article\",\"isPartOf\":{\"@id\":\"https:\\\/\\\/akunq.net\\\/tr\\\/?p=63495\"},\"author\":{\"name\":\"admin\",\"@id\":\"https:\\\/\\\/akunq.net\\\/tr\\\/#\\\/schema\\\/person\\\/096f1d38a12cce57fb855b485ed24c9e\"},\"headline\":\"TGS: AFP muhabiri B\u00fclent K\u0131l\u0131\u00e7 serbest b\u0131rak\u0131ld\u0131\",\"datePublished\":\"2021-06-28T06:52:12+00:00\",\"mainEntityOfPage\":{\"@id\":\"https:\\\/\\\/akunq.net\\\/tr\\\/?p=63495\"},\"wordCount\":322,\"commentCount\":0,\"image\":{\"@id\":\"https:\\\/\\\/akunq.net\\\/tr\\\/?p=63495#primaryimage\"},\"thumbnailUrl\":\"https:\\\/\\\/akunq.net\\\/tr\\\/wp-content\\\/uploads\\\/sites\\\/6\\\/2021\\\/06\\\/AFP-\u056c\u0580\u0561\u0563\u0580\u0578\u0572.jpg\",\"articleSection\":[\"Haberler\"],\"inLanguage\":\"en-US\",\"potentialAction\":[{\"@type\":\"CommentAction\",\"name\":\"Comment\",\"target\":[\"https:\\\/\\\/akunq.net\\\/tr\\\/?p=63495#respond\"]}]},{\"@type\":\"WebPage\",\"@id\":\"https:\\\/\\\/akunq.net\\\/tr\\\/?p=63495\",\"url\":\"https:\\\/\\\/akunq.net\\\/tr\\\/?p=63495\",\"name\":\"TGS: AFP muhabiri B\u00fclent K\u0131l\u0131\u00e7 serbest b\u0131rak\u0131ld\u0131 - Bati Ermenistan Ve Bati Ermenileri Sorunlari Ara\u015ftirmalar Merkezi\",\"isPartOf\":{\"@id\":\"https:\\\/\\\/akunq.net\\\/tr\\\/#website\"},\"primaryImageOfPage\":{\"@id\":\"https:\\\/\\\/akunq.net\\\/tr\\\/?p=63495#primaryimage\"},\"image\":{\"@id\":\"https:\\\/\\\/akunq.net\\\/tr\\\/?p=63495#primaryimage\"},\"thumbnailUrl\":\"https:\\\/\\\/akunq.net\\\/tr\\\/wp-content\\\/uploads\\\/sites\\\/6\\\/2021\\\/06\\\/AFP-\u056c\u0580\u0561\u0563\u0580\u0578\u0572.jpg\",\"datePublished\":\"2021-06-28T06:52:12+00:00\",\"author\":{\"@id\":\"https:\\\/\\\/akunq.net\\\/tr\\\/#\\\/schema\\\/person\\\/096f1d38a12cce57fb855b485ed24c9e\"},\"breadcrumb\":{\"@id\":\"https:\\\/\\\/akunq.net\\\/tr\\\/?p=63495#breadcrumb\"},\"inLanguage\":\"en-US\",\"potentialAction\":[{\"@type\":\"ReadAction\",\"target\":[\"https:\\\/\\\/akunq.net\\\/tr\\\/?p=63495\"]}]},{\"@type\":\"ImageObject\",\"inLanguage\":\"en-US\",\"@id\":\"https:\\\/\\\/akunq.net\\\/tr\\\/?p=63495#primaryimage\",\"url\":\"https:\\\/\\\/akunq.net\\\/tr\\\/wp-content\\\/uploads\\\/sites\\\/6\\\/2021\\\/06\\\/AFP-\u056c\u0580\u0561\u0563\u0580\u0578\u0572.jpg\",\"contentUrl\":\"https:\\\/\\\/akunq.net\\\/tr\\\/wp-content\\\/uploads\\\/sites\\\/6\\\/2021\\\/06\\\/AFP-\u056c\u0580\u0561\u0563\u0580\u0578\u0572.jpg\",\"width\":400,\"height\":300},{\"@type\":\"BreadcrumbList\",\"@id\":\"https:\\\/\\\/akunq.net\\\/tr\\\/?p=63495#breadcrumb\",\"itemListElement\":[{\"@type\":\"ListItem\",\"position\":1,\"name\":\"Home\",\"item\":\"https:\\\/\\\/akunq.net\\\/tr\"},{\"@type\":\"ListItem\",\"position\":2,\"name\":\"TGS: AFP muhabiri B\u00fclent K\u0131l\u0131\u00e7 serbest b\u0131rak\u0131ld\u0131\"}]},{\"@type\":\"WebSite\",\"@id\":\"https:\\\/\\\/akunq.net\\\/tr\\\/#website\",\"url\":\"https:\\\/\\\/akunq.net\\\/tr\\\/\",\"name\":\"Bati Ermenistan Ve Bati Ermenileri Sorunlari Ara\u015ftirmalar Merkezi\",\"description\":\"\",\"potentialAction\":[{\"@type\":\"SearchAction\",\"target\":{\"@type\":\"EntryPoint\",\"urlTemplate\":\"https:\\\/\\\/akunq.net\\\/tr\\\/?s={search_term_string}\"},\"query-input\":{\"@type\":\"PropertyValueSpecification\",\"valueRequired\":true,\"valueName\":\"search_term_string\"}}],\"inLanguage\":\"en-US\"},{\"@type\":\"Person\",\"@id\":\"https:\\\/\\\/akunq.net\\\/tr\\\/#\\\/schema\\\/person\\\/096f1d38a12cce57fb855b485ed24c9e\",\"name\":\"admin\",\"url\":\"https:\\\/\\\/akunq.net\\\/tr\\\/?author=7\"}]}<\/script>\n<!-- \/ Yoast SEO plugin. -->","yoast_head_json":{"title":"TGS: AFP muhabiri B\u00fclent K\u0131l\u0131\u00e7 serbest b\u0131rak\u0131ld\u0131 - Bati Ermenistan Ve Bati Ermenileri Sorunlari Ara\u015ftirmalar Merkezi","robots":{"index":"index","follow":"follow","max-snippet":"max-snippet:-1","max-image-preview":"max-image-preview:large","max-video-preview":"max-video-preview:-1"},"canonical":"https:\/\/akunq.net\/tr\/?p=63495","og_locale":"en_US","og_type":"article","og_title":"TGS: AFP muhabiri B\u00fclent K\u0131l\u0131\u00e7 serbest b\u0131rak\u0131ld\u0131 - Bati Ermenistan Ve Bati Ermenileri Sorunlari Ara\u015ftirmalar Merkezi","og_description":"T\u00fcrkiye Gazeteciler Sendikas\u0131, (TGS) B\u00fclent K\u0131l\u0131\u00e7\u2019\u0131n serbest b\u0131rak\u0131ld\u0131\u011f\u0131n\u0131 duyurdu. TGS\u2019den yap\u0131lan a\u00e7\u0131klamada, \u201c\u00dcyemiz B\u00fclent K\u0131l\u0131\u00e7 sa\u011fl\u0131k kontrol\u00fcn\u00fcn ard\u0131ndan serbest b\u0131rak\u0131ld\u0131\u201d denildi. TGS, Taksim&#8217;deki\u00a0&#8216;LGBT\u0130+Onur Y\u00fcr\u00fcy\u00fc\u015f\u00fc&#8217;n\u00fc\u00a0takip eden Frans\u0131z haber ajans\u0131\u00a0AFP&#8216;nin foto-muhabiri\u00a0B\u00fclent K\u0131l\u0131\u00e7&#8216;\u0131n serbest b\u0131rak\u0131ld\u0131\u011f\u0131n\u0131 duyurdu. TGS\u2019den yap\u0131lan a\u00e7\u0131klamada,\u00a0\u201c\u00dcyemiz B\u00fclent K\u0131l\u0131\u00e7 sa\u011fl\u0131k kontrol\u00fcn\u00fcn ard\u0131ndan serbest b\u0131rak\u0131ld\u0131. \u015eu an kendisine i\u015fkence eden ve kameras\u0131na zarar veren polisler hakk\u0131nda \u015fik\u00e2yette [&hellip;]","og_url":"https:\/\/akunq.net\/tr\/?p=63495","og_site_name":"Bati Ermenistan Ve Bati Ermenileri Sorunlari Ara\u015ftirmalar Merkezi","article_published_time":"2021-06-28T06:52:12+00:00","og_image":[{"width":400,"height":300,"url":"https:\/\/akunq.net\/tr\/wp-content\/uploads\/sites\/6\/2021\/06\/AFP-\u056c\u0580\u0561\u0563\u0580\u0578\u0572.jpg","type":"image\/jpeg"}],"author":"admin","twitter_card":"summary_large_image","twitter_misc":{"Written by":"admin","Est. reading time":"2 minutes"},"schema":{"@context":"https:\/\/schema.org","@graph":[{"@type":"Article","@id":"https:\/\/akunq.net\/tr\/?p=63495#article","isPartOf":{"@id":"https:\/\/akunq.net\/tr\/?p=63495"},"author":{"name":"admin","@id":"https:\/\/akunq.net\/tr\/#\/schema\/person\/096f1d38a12cce57fb855b485ed24c9e"},"headline":"TGS: AFP muhabiri B\u00fclent K\u0131l\u0131\u00e7 serbest b\u0131rak\u0131ld\u0131","datePublished":"2021-06-28T06:52:12+00:00","mainEntityOfPage":{"@id":"https:\/\/akunq.net\/tr\/?p=63495"},"wordCount":322,"commentCount":0,"image":{"@id":"https:\/\/akunq.net\/tr\/?p=63495#primaryimage"},"thumbnailUrl":"https:\/\/akunq.net\/tr\/wp-content\/uploads\/sites\/6\/2021\/06\/AFP-\u056c\u0580\u0561\u0563\u0580\u0578\u0572.jpg","articleSection":["Haberler"],"inLanguage":"en-US","potentialAction":[{"@type":"CommentAction","name":"Comment","target":["https:\/\/akunq.net\/tr\/?p=63495#respond"]}]},{"@type":"WebPage","@id":"https:\/\/akunq.net\/tr\/?p=63495","url":"https:\/\/akunq.net\/tr\/?p=63495","name":"TGS: AFP muhabiri B\u00fclent K\u0131l\u0131\u00e7 serbest b\u0131rak\u0131ld\u0131 - Bati Ermenistan Ve Bati Ermenileri Sorunlari Ara\u015ftirmalar Merkezi","isPartOf":{"@id":"https:\/\/akunq.net\/tr\/#website"},"primaryImageOfPage":{"@id":"https:\/\/akunq.net\/tr\/?p=63495#primaryimage"},"image":{"@id":"https:\/\/akunq.net\/tr\/?p=63495#primaryimage"},"thumbnailUrl":"https:\/\/akunq.net\/tr\/wp-content\/uploads\/sites\/6\/2021\/06\/AFP-\u056c\u0580\u0561\u0563\u0580\u0578\u0572.jpg","datePublished":"2021-06-28T06:52:12+00:00","author":{"@id":"https:\/\/akunq.net\/tr\/#\/schema\/person\/096f1d38a12cce57fb855b485ed24c9e"},"breadcrumb":{"@id":"https:\/\/akunq.net\/tr\/?p=63495#breadcrumb"},"inLanguage":"en-US","potentialAction":[{"@type":"ReadAction","target":["https:\/\/akunq.net\/tr\/?p=63495"]}]},{"@type":"ImageObject","inLanguage":"en-US","@id":"https:\/\/akunq.net\/tr\/?p=63495#primaryimage","url":"https:\/\/akunq.net\/tr\/wp-content\/uploads\/sites\/6\/2021\/06\/AFP-\u056c\u0580\u0561\u0563\u0580\u0578\u0572.jpg","contentUrl":"https:\/\/akunq.net\/tr\/wp-content\/uploads\/sites\/6\/2021\/06\/AFP-\u056c\u0580\u0561\u0563\u0580\u0578\u0572.jpg","width":400,"height":300},{"@type":"BreadcrumbList","@id":"https:\/\/akunq.net\/tr\/?p=63495#breadcrumb","itemListElement":[{"@type":"ListItem","position":1,"name":"Home","item":"https:\/\/akunq.net\/tr"},{"@type":"ListItem","position":2,"name":"TGS: AFP muhabiri B\u00fclent K\u0131l\u0131\u00e7 serbest b\u0131rak\u0131ld\u0131"}]},{"@type":"WebSite","@id":"https:\/\/akunq.net\/tr\/#website","url":"https:\/\/akunq.net\/tr\/","name":"Bati Ermenistan Ve Bati Ermenileri Sorunlari Ara\u015ftirmalar Merkezi","description":"","potentialAction":[{"@type":"SearchAction","target":{"@type":"EntryPoint","urlTemplate":"https:\/\/akunq.net\/tr\/?s={search_term_string}"},"query-input":{"@type":"PropertyValueSpecification","valueRequired":true,"valueName":"search_term_string"}}],"inLanguage":"en-US"},{"@type":"Person","@id":"https:\/\/akunq.net\/tr\/#\/schema\/person\/096f1d38a12cce57fb855b485ed24c9e","name":"admin","url":"https:\/\/akunq.net\/tr\/?author=7"}]}},"_links":{"self":[{"href":"https:\/\/akunq.net\/tr\/index.php?rest_route=\/wp\/v2\/posts\/63495","targetHints":{"allow":["GET"]}}],"collection":[{"href":"https:\/\/akunq.net\/tr\/index.php?rest_route=\/wp\/v2\/posts"}],"about":[{"href":"https:\/\/akunq.net\/tr\/index.php?rest_route=\/wp\/v2\/types\/post"}],"author":[{"embeddable":true,"href":"https:\/\/akunq.net\/tr\/index.php?rest_route=\/wp\/v2\/users\/7"}],"replies":[{"embeddable":true,"href":"https:\/\/akunq.net\/tr\/index.php?rest_route=%2Fwp%2Fv2%2Fcomments&post=63495"}],"version-history":[{"count":1,"href":"https:\/\/akunq.net\/tr\/index.php?rest_route=\/wp\/v2\/posts\/63495\/revisions"}],"predecessor-version":[{"id":63497,"href":"https:\/\/akunq.net\/tr\/index.php?rest_route=\/wp\/v2\/posts\/63495\/revisions\/63497"}],"wp:featuredmedia":[{"embeddable":true,"href":"https:\/\/akunq.net\/tr\/index.php?rest_route=\/wp\/v2\/media\/63496"}],"wp:attachment":[{"href":"https:\/\/akunq.net\/tr\/index.php?rest_route=%2Fwp%2Fv2%2Fmedia&parent=63495"}],"wp:term":[{"taxonomy":"category","embeddable":true,"href":"https:\/\/akunq.net\/tr\/index.php?rest_route=%2Fwp%2Fv2%2Fcategories&post=63495"},{"taxonomy":"post_tag","embeddable":true,"href":"https:\/\/akunq.net\/tr\/index.php?rest_route=%2Fwp%2Fv2%2Ftags&post=63495"}],"curies":[{"name":"wp","href":"https:\/\/api.w.org\/{rel}","templated":true}]}}