{"id":63487,"date":"2021-06-25T03:21:46","date_gmt":"2021-06-25T08:21:46","guid":{"rendered":"https:\/\/akunq.net\/tr\/?p=63487"},"modified":"2021-06-25T03:21:46","modified_gmt":"2021-06-25T08:21:46","slug":"ermenistan-ekonomi-bakani-karsta-baraj-insa-ettiler-o-yuzden-sulama-suyumuz-azaldi","status":"publish","type":"post","link":"https:\/\/akunq.net\/tr\/?p=63487","title":{"rendered":"Ermenistan Ekonomi Bakan\u0131: &#8221;Kars\u2019ta baraj in\u015fa ettiler o y\u00fczden sulama suyumuz azald\u0131&#8221;"},"content":{"rendered":"<p><img loading=\"lazy\" decoding=\"async\" class=\"aligncenter size-medium wp-image-63488\" src=\"https:\/\/akunq.net\/tr\/wp-content\/uploads\/2021\/06\/Akhuryan-nehri-360x241.jpg\" alt=\"\" width=\"360\" height=\"241\" srcset=\"https:\/\/akunq.net\/tr\/wp-content\/uploads\/sites\/6\/2021\/06\/Akhuryan-nehri-360x241.jpg 360w, https:\/\/akunq.net\/tr\/wp-content\/uploads\/sites\/6\/2021\/06\/Akhuryan-nehri-560x374.jpg 560w, https:\/\/akunq.net\/tr\/wp-content\/uploads\/sites\/6\/2021\/06\/Akhuryan-nehri-260x174.jpg 260w, https:\/\/akunq.net\/tr\/wp-content\/uploads\/sites\/6\/2021\/06\/Akhuryan-nehri-160x107.jpg 160w, https:\/\/akunq.net\/tr\/wp-content\/uploads\/sites\/6\/2021\/06\/Akhuryan-nehri.jpg 643w\" sizes=\"auto, (max-width: 360px) 100vw, 360px\" \/><\/p>\n<p><strong><em>Ermenistan Ekonomi Bakan\u0131 Vahan Kerobyan gazetecilere verdi\u011fi brifing s\u0131ras\u0131nda tar\u0131m alan\u0131nda mevcut sorunlara da de\u011findi.<\/em><\/strong><\/p>\n<p>\u00d6zellikle Akhuryan nehrinden sa\u011flanan sulama suyuyla ilgili a\u00e7\u0131klamada bulunan Kerobyan T\u00fcrkiye H\u00fck\u00fcmeti&#8217;nin,\u00a0 Kars\u2019ta baraj in\u015fa etti\u011finden dolay\u0131 Akhuryan\u2019daki suyun azald\u0131\u011f\u0131n\u0131 ve b\u00f6ylece sulama sisteminin etkilendi\u011fini dile getirdi.<\/p>\n<p>Ekonomi Bakan\u0131\u2019n\u0131n s\u00f6zlerine g\u00f6re B\u00f6lgesel Y\u00f6netim ve Altyap\u0131lar Bakanl\u0131\u011f\u0131\u2019yla birlikte bu sorunun giderilmesine y\u00f6nelik yo\u011fun \u00e7al\u0131\u015fmalar s\u00fcrd\u00fcr\u00fcyorlar.<\/p>\n<p>G\u00fcrcistan \u00fczerinden Ermenistan\u2019\u0131n T\u00fcrkiye\u2019den elektrik sat\u0131n ald\u0131\u011f\u0131na dair iddialar\u0131na cevaben ise Ekonomi Bakan\u0131 Vahan Kerobyan bu konunun kendi yetkisi alt\u0131nda olmad\u0131\u011f\u0131n\u0131 ifade etti.<\/p>\n<p><em><strong>https:\/\/www.ermenihaber.am\/tr\/news\/2021\/06\/24\/Ermenistan-Ekonomi-Bakan%C4%B1-Kars-baraj\/210433\u00a0<\/strong><\/em><\/p>\n","protected":false},"excerpt":{"rendered":"<p>Ermenistan Ekonomi Bakan\u0131 Vahan Kerobyan gazetecilere verdi\u011fi brifing s\u0131ras\u0131nda tar\u0131m alan\u0131nda mevcut sorunlara da de\u011findi. \u00d6zellikle Akhuryan nehrinden sa\u011flanan sulama suyuyla ilgili a\u00e7\u0131klamada bulunan Kerobyan T\u00fcrkiye H\u00fck\u00fcmeti&#8217;nin,\u00a0 Kars\u2019ta baraj in\u015fa etti\u011finden dolay\u0131 Akhuryan\u2019daki suyun azald\u0131\u011f\u0131n\u0131 ve b\u00f6ylece sulama sisteminin etkilendi\u011fini dile getirdi. Ekonomi Bakan\u0131\u2019n\u0131n s\u00f6zlerine g\u00f6re B\u00f6lgesel Y\u00f6netim ve Altyap\u0131lar Bakanl\u0131\u011f\u0131\u2019yla birlikte bu sorunun giderilmesine [&hellip;]<\/p>\n","protected":false},"author":7,"featured_media":63488,"comment_status":"open","ping_status":"open","sticky":false,"template":"","format":"standard","meta":{"footnotes":""},"categories":[1],"tags":[],"class_list":["post-63487","post","type-post","status-publish","format-standard","has-post-thumbnail","hentry","category-haberler"],"yoast_head":"<!-- This site is optimized with the Yoast SEO plugin v27.4 - https:\/\/yoast.com\/product\/yoast-seo-wordpress\/ -->\n<title>Ermenistan Ekonomi Bakan\u0131: &#039;&#039;Kars\u2019ta baraj in\u015fa ettiler o y\u00fczden sulama suyumuz azald\u0131&#039;&#039; - Bati Ermenistan Ve Bati Ermenileri Sorunlari Ara\u015ftirmalar Merkezi<\/title>\n<meta name=\"robots\" content=\"index, follow, max-snippet:-1, max-image-preview:large, max-video-preview:-1\" \/>\n<link rel=\"canonical\" href=\"https:\/\/akunq.net\/tr\/?p=63487\" \/>\n<meta property=\"og:locale\" content=\"en_US\" \/>\n<meta property=\"og:type\" content=\"article\" \/>\n<meta property=\"og:title\" content=\"Ermenistan Ekonomi Bakan\u0131: &#039;&#039;Kars\u2019ta baraj in\u015fa ettiler o y\u00fczden sulama suyumuz azald\u0131&#039;&#039; - Bati Ermenistan Ve Bati Ermenileri Sorunlari Ara\u015ftirmalar Merkezi\" \/>\n<meta property=\"og:description\" content=\"Ermenistan Ekonomi Bakan\u0131 Vahan Kerobyan gazetecilere verdi\u011fi brifing s\u0131ras\u0131nda tar\u0131m alan\u0131nda mevcut sorunlara da de\u011findi. \u00d6zellikle Akhuryan nehrinden sa\u011flanan sulama suyuyla ilgili a\u00e7\u0131klamada bulunan Kerobyan T\u00fcrkiye H\u00fck\u00fcmeti&#8217;nin,\u00a0 Kars\u2019ta baraj in\u015fa etti\u011finden dolay\u0131 Akhuryan\u2019daki suyun azald\u0131\u011f\u0131n\u0131 ve b\u00f6ylece sulama sisteminin etkilendi\u011fini dile getirdi. Ekonomi Bakan\u0131\u2019n\u0131n s\u00f6zlerine g\u00f6re B\u00f6lgesel Y\u00f6netim ve Altyap\u0131lar Bakanl\u0131\u011f\u0131\u2019yla birlikte bu sorunun giderilmesine [&hellip;]\" \/>\n<meta property=\"og:url\" content=\"https:\/\/akunq.net\/tr\/?p=63487\" \/>\n<meta property=\"og:site_name\" content=\"Bati Ermenistan Ve Bati Ermenileri Sorunlari Ara\u015ftirmalar Merkezi\" \/>\n<meta property=\"article:published_time\" content=\"2021-06-25T08:21:46+00:00\" \/>\n<meta property=\"og:image\" content=\"https:\/\/akunq.net\/tr\/wp-content\/uploads\/sites\/6\/2021\/06\/Akhuryan-nehri.jpg\" \/>\n\t<meta property=\"og:image:width\" content=\"643\" \/>\n\t<meta property=\"og:image:height\" content=\"430\" \/>\n\t<meta property=\"og:image:type\" content=\"image\/jpeg\" \/>\n<meta name=\"author\" content=\"admin\" \/>\n<meta name=\"twitter:card\" content=\"summary_large_image\" \/>\n<meta name=\"twitter:label1\" content=\"Written by\" \/>\n\t<meta name=\"twitter:data1\" content=\"admin\" \/>\n\t<meta name=\"twitter:label2\" content=\"Est. reading time\" \/>\n\t<meta name=\"twitter:data2\" content=\"1 minute\" \/>\n<script type=\"application\/ld+json\" class=\"yoast-schema-graph\">{\"@context\":\"https:\\\/\\\/schema.org\",\"@graph\":[{\"@type\":\"Article\",\"@id\":\"https:\\\/\\\/akunq.net\\\/tr\\\/?p=63487#article\",\"isPartOf\":{\"@id\":\"https:\\\/\\\/akunq.net\\\/tr\\\/?p=63487\"},\"author\":{\"name\":\"admin\",\"@id\":\"https:\\\/\\\/akunq.net\\\/tr\\\/#\\\/schema\\\/person\\\/096f1d38a12cce57fb855b485ed24c9e\"},\"headline\":\"Ermenistan Ekonomi Bakan\u0131: &#8221;Kars\u2019ta baraj in\u015fa ettiler o y\u00fczden sulama suyumuz azald\u0131&#8221;\",\"datePublished\":\"2021-06-25T08:21:46+00:00\",\"mainEntityOfPage\":{\"@id\":\"https:\\\/\\\/akunq.net\\\/tr\\\/?p=63487\"},\"wordCount\":149,\"commentCount\":0,\"image\":{\"@id\":\"https:\\\/\\\/akunq.net\\\/tr\\\/?p=63487#primaryimage\"},\"thumbnailUrl\":\"https:\\\/\\\/akunq.net\\\/tr\\\/wp-content\\\/uploads\\\/sites\\\/6\\\/2021\\\/06\\\/Akhuryan-nehri.jpg\",\"articleSection\":[\"Haberler\"],\"inLanguage\":\"en-US\",\"potentialAction\":[{\"@type\":\"CommentAction\",\"name\":\"Comment\",\"target\":[\"https:\\\/\\\/akunq.net\\\/tr\\\/?p=63487#respond\"]}]},{\"@type\":\"WebPage\",\"@id\":\"https:\\\/\\\/akunq.net\\\/tr\\\/?p=63487\",\"url\":\"https:\\\/\\\/akunq.net\\\/tr\\\/?p=63487\",\"name\":\"Ermenistan Ekonomi Bakan\u0131: ''Kars\u2019ta baraj in\u015fa ettiler o y\u00fczden sulama suyumuz azald\u0131'' - Bati Ermenistan Ve Bati Ermenileri Sorunlari Ara\u015ftirmalar Merkezi\",\"isPartOf\":{\"@id\":\"https:\\\/\\\/akunq.net\\\/tr\\\/#website\"},\"primaryImageOfPage\":{\"@id\":\"https:\\\/\\\/akunq.net\\\/tr\\\/?p=63487#primaryimage\"},\"image\":{\"@id\":\"https:\\\/\\\/akunq.net\\\/tr\\\/?p=63487#primaryimage\"},\"thumbnailUrl\":\"https:\\\/\\\/akunq.net\\\/tr\\\/wp-content\\\/uploads\\\/sites\\\/6\\\/2021\\\/06\\\/Akhuryan-nehri.jpg\",\"datePublished\":\"2021-06-25T08:21:46+00:00\",\"author\":{\"@id\":\"https:\\\/\\\/akunq.net\\\/tr\\\/#\\\/schema\\\/person\\\/096f1d38a12cce57fb855b485ed24c9e\"},\"breadcrumb\":{\"@id\":\"https:\\\/\\\/akunq.net\\\/tr\\\/?p=63487#breadcrumb\"},\"inLanguage\":\"en-US\",\"potentialAction\":[{\"@type\":\"ReadAction\",\"target\":[\"https:\\\/\\\/akunq.net\\\/tr\\\/?p=63487\"]}]},{\"@type\":\"ImageObject\",\"inLanguage\":\"en-US\",\"@id\":\"https:\\\/\\\/akunq.net\\\/tr\\\/?p=63487#primaryimage\",\"url\":\"https:\\\/\\\/akunq.net\\\/tr\\\/wp-content\\\/uploads\\\/sites\\\/6\\\/2021\\\/06\\\/Akhuryan-nehri.jpg\",\"contentUrl\":\"https:\\\/\\\/akunq.net\\\/tr\\\/wp-content\\\/uploads\\\/sites\\\/6\\\/2021\\\/06\\\/Akhuryan-nehri.jpg\",\"width\":643,\"height\":430},{\"@type\":\"BreadcrumbList\",\"@id\":\"https:\\\/\\\/akunq.net\\\/tr\\\/?p=63487#breadcrumb\",\"itemListElement\":[{\"@type\":\"ListItem\",\"position\":1,\"name\":\"Home\",\"item\":\"https:\\\/\\\/akunq.net\\\/tr\"},{\"@type\":\"ListItem\",\"position\":2,\"name\":\"Ermenistan Ekonomi Bakan\u0131: &#8221;Kars\u2019ta baraj in\u015fa ettiler o y\u00fczden sulama suyumuz azald\u0131&#8221;\"}]},{\"@type\":\"WebSite\",\"@id\":\"https:\\\/\\\/akunq.net\\\/tr\\\/#website\",\"url\":\"https:\\\/\\\/akunq.net\\\/tr\\\/\",\"name\":\"Bati Ermenistan Ve Bati Ermenileri Sorunlari Ara\u015ftirmalar Merkezi\",\"description\":\"\",\"potentialAction\":[{\"@type\":\"SearchAction\",\"target\":{\"@type\":\"EntryPoint\",\"urlTemplate\":\"https:\\\/\\\/akunq.net\\\/tr\\\/?s={search_term_string}\"},\"query-input\":{\"@type\":\"PropertyValueSpecification\",\"valueRequired\":true,\"valueName\":\"search_term_string\"}}],\"inLanguage\":\"en-US\"},{\"@type\":\"Person\",\"@id\":\"https:\\\/\\\/akunq.net\\\/tr\\\/#\\\/schema\\\/person\\\/096f1d38a12cce57fb855b485ed24c9e\",\"name\":\"admin\",\"url\":\"https:\\\/\\\/akunq.net\\\/tr\\\/?author=7\"}]}<\/script>\n<!-- \/ Yoast SEO plugin. -->","yoast_head_json":{"title":"Ermenistan Ekonomi Bakan\u0131: ''Kars\u2019ta baraj in\u015fa ettiler o y\u00fczden sulama suyumuz azald\u0131'' - Bati Ermenistan Ve Bati Ermenileri Sorunlari Ara\u015ftirmalar Merkezi","robots":{"index":"index","follow":"follow","max-snippet":"max-snippet:-1","max-image-preview":"max-image-preview:large","max-video-preview":"max-video-preview:-1"},"canonical":"https:\/\/akunq.net\/tr\/?p=63487","og_locale":"en_US","og_type":"article","og_title":"Ermenistan Ekonomi Bakan\u0131: ''Kars\u2019ta baraj in\u015fa ettiler o y\u00fczden sulama suyumuz azald\u0131'' - Bati Ermenistan Ve Bati Ermenileri Sorunlari Ara\u015ftirmalar Merkezi","og_description":"Ermenistan Ekonomi Bakan\u0131 Vahan Kerobyan gazetecilere verdi\u011fi brifing s\u0131ras\u0131nda tar\u0131m alan\u0131nda mevcut sorunlara da de\u011findi. \u00d6zellikle Akhuryan nehrinden sa\u011flanan sulama suyuyla ilgili a\u00e7\u0131klamada bulunan Kerobyan T\u00fcrkiye H\u00fck\u00fcmeti&#8217;nin,\u00a0 Kars\u2019ta baraj in\u015fa etti\u011finden dolay\u0131 Akhuryan\u2019daki suyun azald\u0131\u011f\u0131n\u0131 ve b\u00f6ylece sulama sisteminin etkilendi\u011fini dile getirdi. Ekonomi Bakan\u0131\u2019n\u0131n s\u00f6zlerine g\u00f6re B\u00f6lgesel Y\u00f6netim ve Altyap\u0131lar Bakanl\u0131\u011f\u0131\u2019yla birlikte bu sorunun giderilmesine [&hellip;]","og_url":"https:\/\/akunq.net\/tr\/?p=63487","og_site_name":"Bati Ermenistan Ve Bati Ermenileri Sorunlari Ara\u015ftirmalar Merkezi","article_published_time":"2021-06-25T08:21:46+00:00","og_image":[{"width":643,"height":430,"url":"https:\/\/akunq.net\/tr\/wp-content\/uploads\/sites\/6\/2021\/06\/Akhuryan-nehri.jpg","type":"image\/jpeg"}],"author":"admin","twitter_card":"summary_large_image","twitter_misc":{"Written by":"admin","Est. reading time":"1 minute"},"schema":{"@context":"https:\/\/schema.org","@graph":[{"@type":"Article","@id":"https:\/\/akunq.net\/tr\/?p=63487#article","isPartOf":{"@id":"https:\/\/akunq.net\/tr\/?p=63487"},"author":{"name":"admin","@id":"https:\/\/akunq.net\/tr\/#\/schema\/person\/096f1d38a12cce57fb855b485ed24c9e"},"headline":"Ermenistan Ekonomi Bakan\u0131: &#8221;Kars\u2019ta baraj in\u015fa ettiler o y\u00fczden sulama suyumuz azald\u0131&#8221;","datePublished":"2021-06-25T08:21:46+00:00","mainEntityOfPage":{"@id":"https:\/\/akunq.net\/tr\/?p=63487"},"wordCount":149,"commentCount":0,"image":{"@id":"https:\/\/akunq.net\/tr\/?p=63487#primaryimage"},"thumbnailUrl":"https:\/\/akunq.net\/tr\/wp-content\/uploads\/sites\/6\/2021\/06\/Akhuryan-nehri.jpg","articleSection":["Haberler"],"inLanguage":"en-US","potentialAction":[{"@type":"CommentAction","name":"Comment","target":["https:\/\/akunq.net\/tr\/?p=63487#respond"]}]},{"@type":"WebPage","@id":"https:\/\/akunq.net\/tr\/?p=63487","url":"https:\/\/akunq.net\/tr\/?p=63487","name":"Ermenistan Ekonomi Bakan\u0131: ''Kars\u2019ta baraj in\u015fa ettiler o y\u00fczden sulama suyumuz azald\u0131'' - Bati Ermenistan Ve Bati Ermenileri Sorunlari Ara\u015ftirmalar Merkezi","isPartOf":{"@id":"https:\/\/akunq.net\/tr\/#website"},"primaryImageOfPage":{"@id":"https:\/\/akunq.net\/tr\/?p=63487#primaryimage"},"image":{"@id":"https:\/\/akunq.net\/tr\/?p=63487#primaryimage"},"thumbnailUrl":"https:\/\/akunq.net\/tr\/wp-content\/uploads\/sites\/6\/2021\/06\/Akhuryan-nehri.jpg","datePublished":"2021-06-25T08:21:46+00:00","author":{"@id":"https:\/\/akunq.net\/tr\/#\/schema\/person\/096f1d38a12cce57fb855b485ed24c9e"},"breadcrumb":{"@id":"https:\/\/akunq.net\/tr\/?p=63487#breadcrumb"},"inLanguage":"en-US","potentialAction":[{"@type":"ReadAction","target":["https:\/\/akunq.net\/tr\/?p=63487"]}]},{"@type":"ImageObject","inLanguage":"en-US","@id":"https:\/\/akunq.net\/tr\/?p=63487#primaryimage","url":"https:\/\/akunq.net\/tr\/wp-content\/uploads\/sites\/6\/2021\/06\/Akhuryan-nehri.jpg","contentUrl":"https:\/\/akunq.net\/tr\/wp-content\/uploads\/sites\/6\/2021\/06\/Akhuryan-nehri.jpg","width":643,"height":430},{"@type":"BreadcrumbList","@id":"https:\/\/akunq.net\/tr\/?p=63487#breadcrumb","itemListElement":[{"@type":"ListItem","position":1,"name":"Home","item":"https:\/\/akunq.net\/tr"},{"@type":"ListItem","position":2,"name":"Ermenistan Ekonomi Bakan\u0131: &#8221;Kars\u2019ta baraj in\u015fa ettiler o y\u00fczden sulama suyumuz azald\u0131&#8221;"}]},{"@type":"WebSite","@id":"https:\/\/akunq.net\/tr\/#website","url":"https:\/\/akunq.net\/tr\/","name":"Bati Ermenistan Ve Bati Ermenileri Sorunlari Ara\u015ftirmalar Merkezi","description":"","potentialAction":[{"@type":"SearchAction","target":{"@type":"EntryPoint","urlTemplate":"https:\/\/akunq.net\/tr\/?s={search_term_string}"},"query-input":{"@type":"PropertyValueSpecification","valueRequired":true,"valueName":"search_term_string"}}],"inLanguage":"en-US"},{"@type":"Person","@id":"https:\/\/akunq.net\/tr\/#\/schema\/person\/096f1d38a12cce57fb855b485ed24c9e","name":"admin","url":"https:\/\/akunq.net\/tr\/?author=7"}]}},"_links":{"self":[{"href":"https:\/\/akunq.net\/tr\/index.php?rest_route=\/wp\/v2\/posts\/63487","targetHints":{"allow":["GET"]}}],"collection":[{"href":"https:\/\/akunq.net\/tr\/index.php?rest_route=\/wp\/v2\/posts"}],"about":[{"href":"https:\/\/akunq.net\/tr\/index.php?rest_route=\/wp\/v2\/types\/post"}],"author":[{"embeddable":true,"href":"https:\/\/akunq.net\/tr\/index.php?rest_route=\/wp\/v2\/users\/7"}],"replies":[{"embeddable":true,"href":"https:\/\/akunq.net\/tr\/index.php?rest_route=%2Fwp%2Fv2%2Fcomments&post=63487"}],"version-history":[{"count":1,"href":"https:\/\/akunq.net\/tr\/index.php?rest_route=\/wp\/v2\/posts\/63487\/revisions"}],"predecessor-version":[{"id":63489,"href":"https:\/\/akunq.net\/tr\/index.php?rest_route=\/wp\/v2\/posts\/63487\/revisions\/63489"}],"wp:featuredmedia":[{"embeddable":true,"href":"https:\/\/akunq.net\/tr\/index.php?rest_route=\/wp\/v2\/media\/63488"}],"wp:attachment":[{"href":"https:\/\/akunq.net\/tr\/index.php?rest_route=%2Fwp%2Fv2%2Fmedia&parent=63487"}],"wp:term":[{"taxonomy":"category","embeddable":true,"href":"https:\/\/akunq.net\/tr\/index.php?rest_route=%2Fwp%2Fv2%2Fcategories&post=63487"},{"taxonomy":"post_tag","embeddable":true,"href":"https:\/\/akunq.net\/tr\/index.php?rest_route=%2Fwp%2Fv2%2Ftags&post=63487"}],"curies":[{"name":"wp","href":"https:\/\/api.w.org\/{rel}","templated":true}]}}