{"id":63484,"date":"2021-06-25T03:09:38","date_gmt":"2021-06-25T08:09:38","guid":{"rendered":"https:\/\/akunq.net\/tr\/?p=63484"},"modified":"2021-06-25T03:09:38","modified_gmt":"2021-06-25T08:09:38","slug":"nobelin-diyeti-bitmedi-orhan-pamukun-kitabinda-turkiyeye-ve-cumhur-ittifakina-agir-hakaretler","status":"publish","type":"post","link":"https:\/\/akunq.net\/tr\/?p=63484","title":{"rendered":"Nobel\u2019in diyeti bitmedi! Orhan Pamuk\u2019un kitab\u0131nda T\u00fcrkiye\u2019ye ve Cumhur \u0130ttifak\u0131\u2019na a\u011f\u0131r hakaretler!"},"content":{"rendered":"<div><img loading=\"lazy\" decoding=\"async\" class=\"aligncenter size-medium wp-image-63485\" src=\"https:\/\/akunq.net\/tr\/wp-content\/uploads\/2021\/06\/Orhan-Pamuk-360x180.jpeg\" alt=\"\" width=\"360\" height=\"180\" srcset=\"https:\/\/akunq.net\/tr\/wp-content\/uploads\/sites\/6\/2021\/06\/Orhan-Pamuk-360x180.jpeg 360w, https:\/\/akunq.net\/tr\/wp-content\/uploads\/sites\/6\/2021\/06\/Orhan-Pamuk-560x280.jpeg 560w, https:\/\/akunq.net\/tr\/wp-content\/uploads\/sites\/6\/2021\/06\/Orhan-Pamuk-260x130.jpeg 260w, https:\/\/akunq.net\/tr\/wp-content\/uploads\/sites\/6\/2021\/06\/Orhan-Pamuk-160x80.jpeg 160w, https:\/\/akunq.net\/tr\/wp-content\/uploads\/sites\/6\/2021\/06\/Orhan-Pamuk.jpeg 625w\" sizes=\"auto, (max-width: 360px) 100vw, 360px\" \/><\/div>\n<div class=\"htdisc-box-2\"><em>***HyeTert, bu kayna\u011f\u0131n ve\/veya i\u00e7eri\u011fin yanl\u0131\u015f ve\/veya yan\u0131lt\u0131c\u0131 bilgiler ve\/veya soyk\u0131r\u0131m inkarc\u0131l\u0131\u011f\u0131, \u0131rk\u00e7\u0131l\u0131k, ayr\u0131mc\u0131l\u0131k ya da nefret su\u00e7u i\u00e7erdi\u011fi\/yayd\u0131\u011f\u0131 kan\u0131s\u0131ndad\u0131r. Metni payla\u015fmadan \u00f6nce bu uyar\u0131lar\u0131 g\u00f6z \u00f6n\u00fcne alarak, i\u00e7eri\u011fi ve\/veya kayna\u011f\u0131 g\u00fcvenilir kaynaklardan kontrol ediniz.***<\/em><\/div>\n<p><em><strong>Kitap okurlar\u0131n\u0131n onca para verip ald\u0131klar\u0131 kitaplar\u0131ndan hi\u00e7bir \u015fey anlamad\u0131\u011f\u0131, derdini anlatacak kadar T\u00fcrk\u00e7e bile bilmedi\u011fi yorumlar\u0131na maruz kalan \u201cT\u00fcrkiye\u2019nin Nobel Edebiyat \u00d6d\u00fcll\u00fc tek yazar\u0131\u201d unvanl\u0131 Orhan Pamuk, yetersiz T\u00fcrk\u00e7esiyle kaleme ald\u0131\u011f\u0131 \u201cVeba G\u00fcnleri\u201d adl\u0131 kitab\u0131nda T\u00fcrkiye\u2019ye yine soyk\u0131r\u0131m su\u00e7lamas\u0131nda bulundu. Pamuk, Cumhur \u0130ttifak\u0131\u2019n\u0131n \u00f6nemli ortaklar\u0131ndan MHP\u2019nin taban\u0131na da k\u0131r\u0131k d\u00f6k\u00fck c\u00fcmlelerle sata\u015fmay\u0131 ihmal etmedi.<\/strong><\/em><\/p>\n<p><strong>\u201cT\u00fcrkiye\u2019de 1 milyon Ermeni \u00f6ld\u00fcr\u00fcld\u00fc\u201d<\/strong>\u00a0\u015feklindeki ihanet a\u00e7\u0131klamas\u0131n\u0131 yapt\u0131\u011f\u0131 y\u0131l kendisine Nobel Edebiyat \u00d6d\u00fcl\u00fc verilen Yazar Orhan Pamuk, ayn\u0131 y\u00f6ndeki sald\u0131r\u0131lar\u0131na kitaplar\u0131nda devam ediyor.<\/p>\n<p>Orhan Pamuk\u2019un,<strong>\u00a0\u201cHayal\u00ee bir ada devleti\u201d<\/strong>nde 1901 y\u0131l\u0131nda ortaya \u00e7\u0131kan Veba salg\u0131n\u0131n\u0131 anlatt\u0131\u011f\u0131 iddia edilen kurgu roman\u0131nda kurdu\u011fu c\u00fcmleler Milliyet\u00e7i Muhafazakar okurlar\u0131 \u00e7ileden \u00e7\u0131kard\u0131.<\/p>\n<h2><strong>Osmanl\u0131\u2019ya \u2018katliam\u2019 su\u00e7lamas\u0131<\/strong><\/h2>\n<p>Kitab\u0131n 524. Sayfas\u0131nda yer alan,<strong>\u00a0\u201cOsmanl\u0131 ar\u015fivlerinde y\u0131llarca sab\u0131rla \u00e7al\u0131\u015f\u0131p Ermeni, Rum, K\u00fcrt katliamlar\u0131 gibi naho\u015f konular\u0131 ara\u015ft\u0131ran ya da bir d\u00f6nemin milli \u00e7at\u0131\u015fmalar\u0131n\u0131n asl\u0131nda san\u0131ld\u0131\u011f\u0131 gibi olmad\u0131\u011f\u0131n\u0131 kan\u0131tlayan yabanc\u0131 uyruklu Osmanl\u0131 tarih\u00e7ilerinin \u0130stanbul\u2019daki ar\u015fivlerde \u00e7al\u0131\u015fma izni birden esrarengiz bir \u015fekilde iptal edilince ne kadar \u00fcz\u00fcld\u00fcklerini y\u0131llarca g\u00f6rm\u00fc\u015ft\u00fcm. Cesur ve namuslu arkada\u015flar\u0131m\u0131n d\u00fcr\u00fcstl\u00fcklerinden dolay\u0131 T\u00fcrk Devleti taraf\u0131ndan ac\u0131mas\u0131zca cezaland\u0131r\u0131lmalar\u0131na tan\u0131k olmama ra\u011fmen, ayn\u0131 ceza yirmi bir y\u0131l Minger Devleti taraf\u0131ndan bana verilince yaln\u0131zl\u0131k ve su\u00e7luluk duygular\u0131na da kap\u0131ld\u0131m\u201d<\/strong>\u00a0\u015feklindeki ifadeler, a\u00e7\u0131k\u00e7a Osmanl\u0131\u2019y\u0131 Ermeni, Rum, K\u00fcrt katliamlar\u0131 yapmakla su\u00e7luyor.<\/p>\n<figure class=\"wp-block-image\"><img decoding=\"async\" src=\"https:\/\/i1.wp.com\/cdn.yeniakit.com.tr\/images\/detail\/1624546145-e99331.jpeg?ssl=1\" alt=\"\" data-recalc-dims=\"1\" \/><\/figure>\n<h2><strong>Cumhur \u0130ttifak\u0131\u2019na \u0131smarlama hakaret!<\/strong><\/h2>\n<p>Orhan Pamuk, adeta kendisine y\u00f6n verenlerce kitab\u0131n bitmesine yak\u0131n bir zamanlarda \u0131smarland\u0131\u011f\u0131 izlenimi veren bir b\u00f6l\u00fcmde ise Cumhur \u0130ttifak\u0131\u2019n\u0131n \u00f6nemli orta\u011f\u0131 MHP\u2019nin milliyet\u00e7i taban\u0131na hakarette bulunuyor.<\/p>\n<p>Pamuk kitab\u0131n\u0131n 525. Sayfas\u0131nda,<strong>\u00a0\u201c2000\u2019li y\u0131llarda, art\u0131k eski tarz imparatorluklar ve s\u00f6m\u00fcrgeler \u00e7ok gerilerde kalm\u0131\u015fken, \u2018milliyet\u00e7i\u2019 yaln\u0131zca devletin her dedi\u011fini onaylayan, iktidardakilere dalkavukluk etmekten ba\u015fka bir niyet beslemeyen ve h\u00fck\u00fcmeti ele\u015ftirecek cesareti olmayanlara itibar kazand\u0131rmak i\u00e7in kullan\u0131lan bir s\u0131fata d\u00f6n\u00fc\u015fm\u00fc\u015ft\u00fcr\u2026\u201d<\/strong>ifadeleri dikkat \u00e7ekiyor.<\/p>\n<figure class=\"wp-block-image\"><img decoding=\"async\" src=\"https:\/\/i1.wp.com\/cdn.yeniakit.com.tr\/images\/detail\/1624546161-6bd703.jpeg?ssl=1\" alt=\"\" data-recalc-dims=\"1\" \/><\/figure>\n<h2><strong>\u2018Orhan Pamuk\u2019un T\u00fcrkiye\u2019ye ihaneti\u2019 olarak yorumland\u0131<\/strong><\/h2>\n<p>Orhan Pamuk\u2019un T\u00fcrkiye\u2019ye ve milliyet\u00e7ilere y\u00f6nelik a\u011f\u0131r hakaretleri, sosyal medyada yo\u011fun ele\u015ftiri ve tepkilere neden olurken, sosyal medya kullan\u0131c\u0131lar\u0131 Pamuk\u2019u\u00a0<strong>\u201cT\u00fcrkiye\u2019ye ihanet\u201d<\/strong>le su\u00e7lad\u0131.<\/p>\n<p>Kullan\u0131c\u0131lar\u0131n \u00f6nemli bir b\u00f6l\u00fcm\u00fc ise kitab\u0131n\u0131 al\u0131p okumaya \u00e7al\u0131\u015ft\u0131klar\u0131 halde hi\u00e7bir \u015fey anlamad\u0131klar\u0131n\u0131 belirterek,\u00a0<strong>\u201cDemek ki b\u00f6yle yetersiz birinin \u00fcnl\u00fc bir yazar olmas\u0131, T\u00fcrkiye\u2019ye hakaret etmesine ba\u011fl\u0131ym\u0131\u015f\u201d<\/strong>\u00a0gibi yorumlarda bulunuyorlar.<\/p>\n<p><em><strong><a href=\"https:\/\/www.yeniakit.com.tr\/haber\/nobelin-diyeti-bitmedi-orhan-pamukun-kitabinda-turkiyeye-ve-cumhur-ittifakina-agir-hakaretler-1551873.html\">https:\/\/www.yeniakit.com.tr\/haber\/nobelin-diyeti-bitmedi-orhan-pamukun-kitabinda-turkiyeye-ve-cumhur-ittifakina-agir-hakaretler-1551873.html<\/a><\/strong><\/em><\/p>\n<p><em><strong>https:\/\/hyetert.org\/2021\/06\/24\/nobelin-diyeti-bitmedi-orhan-pamukun-kitabinda-turkiyeye-ve-cumhur-ittifakina-agir-hakaretler\/\u00a0<\/strong><\/em><\/p>\n","protected":false},"excerpt":{"rendered":"<p>***HyeTert, bu kayna\u011f\u0131n ve\/veya i\u00e7eri\u011fin yanl\u0131\u015f ve\/veya yan\u0131lt\u0131c\u0131 bilgiler ve\/veya soyk\u0131r\u0131m inkarc\u0131l\u0131\u011f\u0131, \u0131rk\u00e7\u0131l\u0131k, ayr\u0131mc\u0131l\u0131k ya da nefret su\u00e7u i\u00e7erdi\u011fi\/yayd\u0131\u011f\u0131 kan\u0131s\u0131ndad\u0131r. Metni payla\u015fmadan \u00f6nce bu uyar\u0131lar\u0131 g\u00f6z \u00f6n\u00fcne alarak, i\u00e7eri\u011fi ve\/veya kayna\u011f\u0131 g\u00fcvenilir kaynaklardan kontrol ediniz.*** Kitap okurlar\u0131n\u0131n onca para verip ald\u0131klar\u0131 kitaplar\u0131ndan hi\u00e7bir \u015fey anlamad\u0131\u011f\u0131, derdini anlatacak kadar T\u00fcrk\u00e7e bile bilmedi\u011fi yorumlar\u0131na maruz kalan \u201cT\u00fcrkiye\u2019nin [&hellip;]<\/p>\n","protected":false},"author":7,"featured_media":63485,"comment_status":"open","ping_status":"open","sticky":false,"template":"","format":"standard","meta":{"footnotes":""},"categories":[1],"tags":[],"class_list":["post-63484","post","type-post","status-publish","format-standard","has-post-thumbnail","hentry","category-haberler"],"yoast_head":"<!-- This site is optimized with the Yoast SEO plugin v27.4 - https:\/\/yoast.com\/product\/yoast-seo-wordpress\/ -->\n<title>Nobel\u2019in diyeti bitmedi! Orhan Pamuk\u2019un kitab\u0131nda T\u00fcrkiye\u2019ye ve Cumhur \u0130ttifak\u0131\u2019na a\u011f\u0131r hakaretler! - Bati Ermenistan Ve Bati Ermenileri Sorunlari Ara\u015ftirmalar Merkezi<\/title>\n<meta name=\"robots\" content=\"index, follow, max-snippet:-1, max-image-preview:large, max-video-preview:-1\" \/>\n<link rel=\"canonical\" href=\"https:\/\/akunq.net\/tr\/?p=63484\" \/>\n<meta property=\"og:locale\" content=\"en_US\" \/>\n<meta property=\"og:type\" content=\"article\" \/>\n<meta property=\"og:title\" content=\"Nobel\u2019in diyeti bitmedi! Orhan Pamuk\u2019un kitab\u0131nda T\u00fcrkiye\u2019ye ve Cumhur \u0130ttifak\u0131\u2019na a\u011f\u0131r hakaretler! - Bati Ermenistan Ve Bati Ermenileri Sorunlari Ara\u015ftirmalar Merkezi\" \/>\n<meta property=\"og:description\" content=\"***HyeTert, bu kayna\u011f\u0131n ve\/veya i\u00e7eri\u011fin yanl\u0131\u015f ve\/veya yan\u0131lt\u0131c\u0131 bilgiler ve\/veya soyk\u0131r\u0131m inkarc\u0131l\u0131\u011f\u0131, \u0131rk\u00e7\u0131l\u0131k, ayr\u0131mc\u0131l\u0131k ya da nefret su\u00e7u i\u00e7erdi\u011fi\/yayd\u0131\u011f\u0131 kan\u0131s\u0131ndad\u0131r. Metni payla\u015fmadan \u00f6nce bu uyar\u0131lar\u0131 g\u00f6z \u00f6n\u00fcne alarak, i\u00e7eri\u011fi ve\/veya kayna\u011f\u0131 g\u00fcvenilir kaynaklardan kontrol ediniz.*** Kitap okurlar\u0131n\u0131n onca para verip ald\u0131klar\u0131 kitaplar\u0131ndan hi\u00e7bir \u015fey anlamad\u0131\u011f\u0131, derdini anlatacak kadar T\u00fcrk\u00e7e bile bilmedi\u011fi yorumlar\u0131na maruz kalan \u201cT\u00fcrkiye\u2019nin [&hellip;]\" \/>\n<meta property=\"og:url\" content=\"https:\/\/akunq.net\/tr\/?p=63484\" \/>\n<meta property=\"og:site_name\" content=\"Bati Ermenistan Ve Bati Ermenileri Sorunlari Ara\u015ftirmalar Merkezi\" \/>\n<meta property=\"article:published_time\" content=\"2021-06-25T08:09:38+00:00\" \/>\n<meta property=\"og:image\" content=\"https:\/\/akunq.net\/tr\/wp-content\/uploads\/sites\/6\/2021\/06\/Orhan-Pamuk.jpeg\" \/>\n\t<meta property=\"og:image:width\" content=\"625\" \/>\n\t<meta property=\"og:image:height\" content=\"313\" \/>\n\t<meta property=\"og:image:type\" content=\"image\/jpeg\" \/>\n<meta name=\"author\" content=\"admin\" \/>\n<meta name=\"twitter:card\" content=\"summary_large_image\" \/>\n<meta name=\"twitter:label1\" content=\"Written by\" \/>\n\t<meta name=\"twitter:data1\" content=\"admin\" \/>\n\t<meta name=\"twitter:label2\" content=\"Est. reading time\" \/>\n\t<meta name=\"twitter:data2\" content=\"3 minutes\" \/>\n<script type=\"application\/ld+json\" class=\"yoast-schema-graph\">{\"@context\":\"https:\\\/\\\/schema.org\",\"@graph\":[{\"@type\":\"Article\",\"@id\":\"https:\\\/\\\/akunq.net\\\/tr\\\/?p=63484#article\",\"isPartOf\":{\"@id\":\"https:\\\/\\\/akunq.net\\\/tr\\\/?p=63484\"},\"author\":{\"name\":\"admin\",\"@id\":\"https:\\\/\\\/akunq.net\\\/tr\\\/#\\\/schema\\\/person\\\/096f1d38a12cce57fb855b485ed24c9e\"},\"headline\":\"Nobel\u2019in diyeti bitmedi! Orhan Pamuk\u2019un kitab\u0131nda T\u00fcrkiye\u2019ye ve Cumhur \u0130ttifak\u0131\u2019na a\u011f\u0131r hakaretler!\",\"datePublished\":\"2021-06-25T08:09:38+00:00\",\"mainEntityOfPage\":{\"@id\":\"https:\\\/\\\/akunq.net\\\/tr\\\/?p=63484\"},\"wordCount\":601,\"commentCount\":0,\"image\":{\"@id\":\"https:\\\/\\\/akunq.net\\\/tr\\\/?p=63484#primaryimage\"},\"thumbnailUrl\":\"https:\\\/\\\/akunq.net\\\/tr\\\/wp-content\\\/uploads\\\/sites\\\/6\\\/2021\\\/06\\\/Orhan-Pamuk.jpeg\",\"articleSection\":[\"Haberler\"],\"inLanguage\":\"en-US\",\"potentialAction\":[{\"@type\":\"CommentAction\",\"name\":\"Comment\",\"target\":[\"https:\\\/\\\/akunq.net\\\/tr\\\/?p=63484#respond\"]}]},{\"@type\":\"WebPage\",\"@id\":\"https:\\\/\\\/akunq.net\\\/tr\\\/?p=63484\",\"url\":\"https:\\\/\\\/akunq.net\\\/tr\\\/?p=63484\",\"name\":\"Nobel\u2019in diyeti bitmedi! Orhan Pamuk\u2019un kitab\u0131nda T\u00fcrkiye\u2019ye ve Cumhur \u0130ttifak\u0131\u2019na a\u011f\u0131r hakaretler! - Bati Ermenistan Ve Bati Ermenileri Sorunlari Ara\u015ftirmalar Merkezi\",\"isPartOf\":{\"@id\":\"https:\\\/\\\/akunq.net\\\/tr\\\/#website\"},\"primaryImageOfPage\":{\"@id\":\"https:\\\/\\\/akunq.net\\\/tr\\\/?p=63484#primaryimage\"},\"image\":{\"@id\":\"https:\\\/\\\/akunq.net\\\/tr\\\/?p=63484#primaryimage\"},\"thumbnailUrl\":\"https:\\\/\\\/akunq.net\\\/tr\\\/wp-content\\\/uploads\\\/sites\\\/6\\\/2021\\\/06\\\/Orhan-Pamuk.jpeg\",\"datePublished\":\"2021-06-25T08:09:38+00:00\",\"author\":{\"@id\":\"https:\\\/\\\/akunq.net\\\/tr\\\/#\\\/schema\\\/person\\\/096f1d38a12cce57fb855b485ed24c9e\"},\"breadcrumb\":{\"@id\":\"https:\\\/\\\/akunq.net\\\/tr\\\/?p=63484#breadcrumb\"},\"inLanguage\":\"en-US\",\"potentialAction\":[{\"@type\":\"ReadAction\",\"target\":[\"https:\\\/\\\/akunq.net\\\/tr\\\/?p=63484\"]}]},{\"@type\":\"ImageObject\",\"inLanguage\":\"en-US\",\"@id\":\"https:\\\/\\\/akunq.net\\\/tr\\\/?p=63484#primaryimage\",\"url\":\"https:\\\/\\\/akunq.net\\\/tr\\\/wp-content\\\/uploads\\\/sites\\\/6\\\/2021\\\/06\\\/Orhan-Pamuk.jpeg\",\"contentUrl\":\"https:\\\/\\\/akunq.net\\\/tr\\\/wp-content\\\/uploads\\\/sites\\\/6\\\/2021\\\/06\\\/Orhan-Pamuk.jpeg\",\"width\":625,\"height\":313},{\"@type\":\"BreadcrumbList\",\"@id\":\"https:\\\/\\\/akunq.net\\\/tr\\\/?p=63484#breadcrumb\",\"itemListElement\":[{\"@type\":\"ListItem\",\"position\":1,\"name\":\"Home\",\"item\":\"https:\\\/\\\/akunq.net\\\/tr\"},{\"@type\":\"ListItem\",\"position\":2,\"name\":\"Nobel\u2019in diyeti bitmedi! Orhan Pamuk\u2019un kitab\u0131nda T\u00fcrkiye\u2019ye ve Cumhur \u0130ttifak\u0131\u2019na a\u011f\u0131r hakaretler!\"}]},{\"@type\":\"WebSite\",\"@id\":\"https:\\\/\\\/akunq.net\\\/tr\\\/#website\",\"url\":\"https:\\\/\\\/akunq.net\\\/tr\\\/\",\"name\":\"Bati Ermenistan Ve Bati Ermenileri Sorunlari Ara\u015ftirmalar Merkezi\",\"description\":\"\",\"potentialAction\":[{\"@type\":\"SearchAction\",\"target\":{\"@type\":\"EntryPoint\",\"urlTemplate\":\"https:\\\/\\\/akunq.net\\\/tr\\\/?s={search_term_string}\"},\"query-input\":{\"@type\":\"PropertyValueSpecification\",\"valueRequired\":true,\"valueName\":\"search_term_string\"}}],\"inLanguage\":\"en-US\"},{\"@type\":\"Person\",\"@id\":\"https:\\\/\\\/akunq.net\\\/tr\\\/#\\\/schema\\\/person\\\/096f1d38a12cce57fb855b485ed24c9e\",\"name\":\"admin\",\"url\":\"https:\\\/\\\/akunq.net\\\/tr\\\/?author=7\"}]}<\/script>\n<!-- \/ Yoast SEO plugin. -->","yoast_head_json":{"title":"Nobel\u2019in diyeti bitmedi! Orhan Pamuk\u2019un kitab\u0131nda T\u00fcrkiye\u2019ye ve Cumhur \u0130ttifak\u0131\u2019na a\u011f\u0131r hakaretler! - Bati Ermenistan Ve Bati Ermenileri Sorunlari Ara\u015ftirmalar Merkezi","robots":{"index":"index","follow":"follow","max-snippet":"max-snippet:-1","max-image-preview":"max-image-preview:large","max-video-preview":"max-video-preview:-1"},"canonical":"https:\/\/akunq.net\/tr\/?p=63484","og_locale":"en_US","og_type":"article","og_title":"Nobel\u2019in diyeti bitmedi! Orhan Pamuk\u2019un kitab\u0131nda T\u00fcrkiye\u2019ye ve Cumhur \u0130ttifak\u0131\u2019na a\u011f\u0131r hakaretler! - Bati Ermenistan Ve Bati Ermenileri Sorunlari Ara\u015ftirmalar Merkezi","og_description":"***HyeTert, bu kayna\u011f\u0131n ve\/veya i\u00e7eri\u011fin yanl\u0131\u015f ve\/veya yan\u0131lt\u0131c\u0131 bilgiler ve\/veya soyk\u0131r\u0131m inkarc\u0131l\u0131\u011f\u0131, \u0131rk\u00e7\u0131l\u0131k, ayr\u0131mc\u0131l\u0131k ya da nefret su\u00e7u i\u00e7erdi\u011fi\/yayd\u0131\u011f\u0131 kan\u0131s\u0131ndad\u0131r. Metni payla\u015fmadan \u00f6nce bu uyar\u0131lar\u0131 g\u00f6z \u00f6n\u00fcne alarak, i\u00e7eri\u011fi ve\/veya kayna\u011f\u0131 g\u00fcvenilir kaynaklardan kontrol ediniz.*** Kitap okurlar\u0131n\u0131n onca para verip ald\u0131klar\u0131 kitaplar\u0131ndan hi\u00e7bir \u015fey anlamad\u0131\u011f\u0131, derdini anlatacak kadar T\u00fcrk\u00e7e bile bilmedi\u011fi yorumlar\u0131na maruz kalan \u201cT\u00fcrkiye\u2019nin [&hellip;]","og_url":"https:\/\/akunq.net\/tr\/?p=63484","og_site_name":"Bati Ermenistan Ve Bati Ermenileri Sorunlari Ara\u015ftirmalar Merkezi","article_published_time":"2021-06-25T08:09:38+00:00","og_image":[{"width":625,"height":313,"url":"https:\/\/akunq.net\/tr\/wp-content\/uploads\/sites\/6\/2021\/06\/Orhan-Pamuk.jpeg","type":"image\/jpeg"}],"author":"admin","twitter_card":"summary_large_image","twitter_misc":{"Written by":"admin","Est. reading time":"3 minutes"},"schema":{"@context":"https:\/\/schema.org","@graph":[{"@type":"Article","@id":"https:\/\/akunq.net\/tr\/?p=63484#article","isPartOf":{"@id":"https:\/\/akunq.net\/tr\/?p=63484"},"author":{"name":"admin","@id":"https:\/\/akunq.net\/tr\/#\/schema\/person\/096f1d38a12cce57fb855b485ed24c9e"},"headline":"Nobel\u2019in diyeti bitmedi! Orhan Pamuk\u2019un kitab\u0131nda T\u00fcrkiye\u2019ye ve Cumhur \u0130ttifak\u0131\u2019na a\u011f\u0131r hakaretler!","datePublished":"2021-06-25T08:09:38+00:00","mainEntityOfPage":{"@id":"https:\/\/akunq.net\/tr\/?p=63484"},"wordCount":601,"commentCount":0,"image":{"@id":"https:\/\/akunq.net\/tr\/?p=63484#primaryimage"},"thumbnailUrl":"https:\/\/akunq.net\/tr\/wp-content\/uploads\/sites\/6\/2021\/06\/Orhan-Pamuk.jpeg","articleSection":["Haberler"],"inLanguage":"en-US","potentialAction":[{"@type":"CommentAction","name":"Comment","target":["https:\/\/akunq.net\/tr\/?p=63484#respond"]}]},{"@type":"WebPage","@id":"https:\/\/akunq.net\/tr\/?p=63484","url":"https:\/\/akunq.net\/tr\/?p=63484","name":"Nobel\u2019in diyeti bitmedi! Orhan Pamuk\u2019un kitab\u0131nda T\u00fcrkiye\u2019ye ve Cumhur \u0130ttifak\u0131\u2019na a\u011f\u0131r hakaretler! - Bati Ermenistan Ve Bati Ermenileri Sorunlari Ara\u015ftirmalar Merkezi","isPartOf":{"@id":"https:\/\/akunq.net\/tr\/#website"},"primaryImageOfPage":{"@id":"https:\/\/akunq.net\/tr\/?p=63484#primaryimage"},"image":{"@id":"https:\/\/akunq.net\/tr\/?p=63484#primaryimage"},"thumbnailUrl":"https:\/\/akunq.net\/tr\/wp-content\/uploads\/sites\/6\/2021\/06\/Orhan-Pamuk.jpeg","datePublished":"2021-06-25T08:09:38+00:00","author":{"@id":"https:\/\/akunq.net\/tr\/#\/schema\/person\/096f1d38a12cce57fb855b485ed24c9e"},"breadcrumb":{"@id":"https:\/\/akunq.net\/tr\/?p=63484#breadcrumb"},"inLanguage":"en-US","potentialAction":[{"@type":"ReadAction","target":["https:\/\/akunq.net\/tr\/?p=63484"]}]},{"@type":"ImageObject","inLanguage":"en-US","@id":"https:\/\/akunq.net\/tr\/?p=63484#primaryimage","url":"https:\/\/akunq.net\/tr\/wp-content\/uploads\/sites\/6\/2021\/06\/Orhan-Pamuk.jpeg","contentUrl":"https:\/\/akunq.net\/tr\/wp-content\/uploads\/sites\/6\/2021\/06\/Orhan-Pamuk.jpeg","width":625,"height":313},{"@type":"BreadcrumbList","@id":"https:\/\/akunq.net\/tr\/?p=63484#breadcrumb","itemListElement":[{"@type":"ListItem","position":1,"name":"Home","item":"https:\/\/akunq.net\/tr"},{"@type":"ListItem","position":2,"name":"Nobel\u2019in diyeti bitmedi! Orhan Pamuk\u2019un kitab\u0131nda T\u00fcrkiye\u2019ye ve Cumhur \u0130ttifak\u0131\u2019na a\u011f\u0131r hakaretler!"}]},{"@type":"WebSite","@id":"https:\/\/akunq.net\/tr\/#website","url":"https:\/\/akunq.net\/tr\/","name":"Bati Ermenistan Ve Bati Ermenileri Sorunlari Ara\u015ftirmalar Merkezi","description":"","potentialAction":[{"@type":"SearchAction","target":{"@type":"EntryPoint","urlTemplate":"https:\/\/akunq.net\/tr\/?s={search_term_string}"},"query-input":{"@type":"PropertyValueSpecification","valueRequired":true,"valueName":"search_term_string"}}],"inLanguage":"en-US"},{"@type":"Person","@id":"https:\/\/akunq.net\/tr\/#\/schema\/person\/096f1d38a12cce57fb855b485ed24c9e","name":"admin","url":"https:\/\/akunq.net\/tr\/?author=7"}]}},"_links":{"self":[{"href":"https:\/\/akunq.net\/tr\/index.php?rest_route=\/wp\/v2\/posts\/63484","targetHints":{"allow":["GET"]}}],"collection":[{"href":"https:\/\/akunq.net\/tr\/index.php?rest_route=\/wp\/v2\/posts"}],"about":[{"href":"https:\/\/akunq.net\/tr\/index.php?rest_route=\/wp\/v2\/types\/post"}],"author":[{"embeddable":true,"href":"https:\/\/akunq.net\/tr\/index.php?rest_route=\/wp\/v2\/users\/7"}],"replies":[{"embeddable":true,"href":"https:\/\/akunq.net\/tr\/index.php?rest_route=%2Fwp%2Fv2%2Fcomments&post=63484"}],"version-history":[{"count":1,"href":"https:\/\/akunq.net\/tr\/index.php?rest_route=\/wp\/v2\/posts\/63484\/revisions"}],"predecessor-version":[{"id":63486,"href":"https:\/\/akunq.net\/tr\/index.php?rest_route=\/wp\/v2\/posts\/63484\/revisions\/63486"}],"wp:featuredmedia":[{"embeddable":true,"href":"https:\/\/akunq.net\/tr\/index.php?rest_route=\/wp\/v2\/media\/63485"}],"wp:attachment":[{"href":"https:\/\/akunq.net\/tr\/index.php?rest_route=%2Fwp%2Fv2%2Fmedia&parent=63484"}],"wp:term":[{"taxonomy":"category","embeddable":true,"href":"https:\/\/akunq.net\/tr\/index.php?rest_route=%2Fwp%2Fv2%2Fcategories&post=63484"},{"taxonomy":"post_tag","embeddable":true,"href":"https:\/\/akunq.net\/tr\/index.php?rest_route=%2Fwp%2Fv2%2Ftags&post=63484"}],"curies":[{"name":"wp","href":"https:\/\/api.w.org\/{rel}","templated":true}]}}