{"id":63467,"date":"2021-06-24T03:06:55","date_gmt":"2021-06-24T08:06:55","guid":{"rendered":"https:\/\/akunq.net\/tr\/?p=63467"},"modified":"2021-06-24T03:06:55","modified_gmt":"2021-06-24T08:06:55","slug":"ab-liderlerinin-gundemi-turkiye-ile-iliskiler","status":"publish","type":"post","link":"https:\/\/akunq.net\/tr\/?p=63467","title":{"rendered":"AB liderlerinin g\u00fcndemi T\u00fcrkiye ile ili\u015fkiler"},"content":{"rendered":"<p><img loading=\"lazy\" decoding=\"async\" class=\"aligncenter size-medium wp-image-63468\" src=\"https:\/\/akunq.net\/tr\/wp-content\/uploads\/2021\/06\/AB-360x203.jpg\" alt=\"\" width=\"360\" height=\"203\" srcset=\"https:\/\/akunq.net\/tr\/wp-content\/uploads\/sites\/6\/2021\/06\/AB-360x203.jpg 360w, https:\/\/akunq.net\/tr\/wp-content\/uploads\/sites\/6\/2021\/06\/AB-768x432.jpg 768w, https:\/\/akunq.net\/tr\/wp-content\/uploads\/sites\/6\/2021\/06\/AB-560x315.jpg 560w, https:\/\/akunq.net\/tr\/wp-content\/uploads\/sites\/6\/2021\/06\/AB-260x146.jpg 260w, https:\/\/akunq.net\/tr\/wp-content\/uploads\/sites\/6\/2021\/06\/AB-160x90.jpg 160w, https:\/\/akunq.net\/tr\/wp-content\/uploads\/sites\/6\/2021\/06\/AB.jpg 864w\" sizes=\"auto, (max-width: 360px) 100vw, 360px\" \/><\/p>\n<p class=\"intro\"><strong><em>AB devlet ve h\u00fck\u00fcmet ba\u015fkanlar\u0131n\u0131n zirvesinde m\u00fclteci mutabakat\u0131n\u0131n g\u00fcncellenmesi ve T\u00fcrkiye&#8217;ye ek yapt\u0131r\u0131m karar\u0131 al\u0131n\u0131p al\u0131nmayaca\u011f\u0131 ele al\u0131nacak. Uzmanlar zirveden beklentileri DW T\u00fcrk\u00e7e&#8217;ye de\u011ferlendirdi.<\/em><\/strong><\/p>\n<div id=\"sharing-bar\" class=\"min\"><span dir=\"ltr\">\u00a0<\/span><span style=\"letter-spacing: 0.05em;\">Avrupa Birli\u011fi (AB) devlet ve h\u00fck\u00fcmet ba\u015fkanlar\u0131, 24-25 Haziran&#8217;da Br\u00fcksel&#8217;de bir araya geliyor. Zirvede Covid-19 pandemisiyle m\u00fccadelenin yan\u0131 s\u0131ra AB&#8217;nin Rusya ve T\u00fcrkiye ile ili\u015fkileri ele al\u0131nacak. T\u00fcrkiye ile ili\u015fkiler ba\u015fl\u0131\u011f\u0131n\u0131n alt\u0131nda ise T\u00fcrkiye&#8217;nin Do\u011fu Akdeniz&#8217;deki do\u011fal gaz arama faaliyetleri ve 18 Mart 2016 tarihli m\u00fclteci mutabakat\u0131n\u0131n g\u00fcncellenmesi var. AB ile T\u00fcrkiye&#8217;nin be\u015f y\u0131l \u00f6nce Suriyeli m\u00fcltecilerin Avrupa&#8217;ya ka\u00e7ak ge\u00e7i\u015flerini \u00f6nlemeye y\u00f6nelik \u00fczerinde mutabakat\u0131n gelece\u011fi konusunda Br\u00fcksel ve Ankara aras\u0131nda g\u00f6r\u00fc\u015fmeler s\u00fcr\u00fcyor.\u00a0<\/span><a style=\"letter-spacing: 0.05em;\" href=\"https:\/\/www.dw.com\/tr\/almanya-ve-ab-komisyonundan-t%C3%BCrkiye-a%C3%A7%C4%B1klamas%C4%B1\/a-57999714\">AB liderler zirvesi \u00f6ncesinde<\/a><span style=\"letter-spacing: 0.05em;\">\u00a0\u00f6zellikle Almanya&#8217;dan gelen a\u00e7\u0131klamalar, yeni bir mutabakatla ilgili ad\u0131mlar\u0131n at\u0131labilece\u011fine i\u015faret ediyor.<\/span><\/div>\n<div class=\"group\">\n<div class=\"longText\">\n<p>Berlin&#8217;de Sal\u0131 g\u00fcn\u00fc \u0130talya Ba\u015fbakan\u0131 Mario Draghi&#8217;yi a\u011f\u0131rlayan Almanya Ba\u015fbakan\u0131 Angela Merkel, m\u00fclteci mutabakat\u0131n\u0131n uzat\u0131lmas\u0131 gerekti\u011fini vurgulayarak AB&#8217;nin T\u00fcrkiye&#8217;ye deste\u011finin s\u00fcrmesi gerekti\u011fini s\u00f6yledi. Merkel, a\u00e7\u0131klamas\u0131nda Draghi&#8217;ye de i\u015faret ederek &#8220;\u0130kimiz de T\u00fcrkiye&#8217;nin i\u015fbirli\u011fi olmadan yol alamayaca\u011f\u0131m\u0131z konusunda hemfikiriz diye d\u00fc\u015f\u00fcn\u00fcyorum&#8221; dedi. Draghi de Merkel&#8217;in g\u00f6r\u00fc\u015f\u00fcn\u00fc payla\u015ft\u0131\u011f\u0131n\u0131 s\u00f6yledi.<\/p>\n<p>Zirve \u00f6ncesi Ankara-Br\u00fcksel aras\u0131ndaki temaslar ise Cumhurba\u015fkan\u0131 Recep Tayyip Erdo\u011fan ve AB Komisyonu Ba\u015fkan\u0131 Ursula von der Leyen aras\u0131nda ger\u00e7ekle\u015fti. G\u00f6r\u00fc\u015fmede, G\u00fcmr\u00fck Birli\u011fi&#8217;nin g\u00fcncellenmesi m\u00fczakerelerine bir an evvel ve \u00f6nko\u015fulsuz \u015fekilde ba\u015flan\u0131lmas\u0131 gerekti\u011fini vurgulayan Cumhurba\u015fkan\u0131 Erdo\u011fan, kamu sa\u011fl\u0131\u011f\u0131, iklim de\u011fi\u015fikli\u011fi ile i\u00e7i\u015fleri, g\u00f6\u00e7 ve ter\u00f6rizmle m\u00fccadelede i\u015f birli\u011fi alanlar\u0131n\u0131 da i\u00e7erecek \u015fekilde Y\u00fcksek D\u00fczeyli Diyalog toplant\u0131lar\u0131n\u0131n ba\u015flat\u0131lmas\u0131 niyetini dile getirdi. Erdo\u011fan ayr\u0131ca vize serbestisinin temininin de T\u00fcrk halk\u0131n\u0131n uzun s\u00fcredir bekledi\u011fi bir ad\u0131m oldu\u011funu belirterek 18 Mart mutabakat\u0131n\u0131n t\u00fcm unsurlar\u0131yla ve g\u00fc\u00e7lendirilerek hayata ge\u00e7irilmesi gerekti\u011fini ifade etti. G\u00f6r\u00fc\u015fmeyle ilgili a\u00e7\u0131klama yapan von der Leyen, mutabakat\u0131n gelecekte T\u00fcrkiye&#8217;deki Suriyeli s\u0131\u011f\u0131nmac\u0131lar\u0131n sosyo-ekonomik a\u00e7\u0131dan desteklenmesi do\u011frultusunda ilerlemesi gerekti\u011fini ifade ederek, &#8220;Art\u0131k \u00e7ok fazla akut insani yard\u0131ma ihtiyac\u0131m\u0131z olmayacak. Ancak insanlara perspektif sunulmas\u0131 \u00f6nemli&#8221; diye konu\u015ftu.<\/p>\n<h2>Do\u011fu Akdeniz&#8217;de \u00e7\u00f6z\u00fcm aray\u0131\u015flar\u0131<\/h2>\n<p>Do\u011fu Akdeniz&#8217;de T\u00fcrkiye ve Yunanistan aras\u0131ndaki g\u00f6r\u00fc\u015fmeler sonras\u0131 tansiyon biraz olsun d\u00fc\u015fm\u00fc\u015f olsa da zirveden yine de T\u00fcrkiye&#8217;ye kar\u015f\u0131 bu konuda nas\u0131l bir mesaj \u00e7\u0131kaca\u011f\u0131 merak ediliyor. AB, T\u00fcrkiye&#8217;nin Do\u011fu Akdeniz&#8217;deki do\u011fal gaz faaliyetleri nedeniyle Kas\u0131m 2019&#8217;da yapt\u0131r\u0131mlar i\u00e7in yasal \u00e7er\u00e7evede uzla\u015fm\u0131\u015f, ancak yapt\u0131r\u0131m listesinin sonradan doldurulmas\u0131 kararla\u015ft\u0131r\u0131lm\u0131\u015ft\u0131. \u015eubat 2020&#8217;de ise T\u00fcrkiye Petrolleri Anonim Ortakl\u0131\u011f\u0131&#8217;n\u0131n (TPAO) iki y\u00f6neticisi\u00a0yapt\u0131r\u0131m listesine al\u0131nm\u0131\u015ft\u0131. Son olarak Mart ay\u0131nda yap\u0131lan liderler zirvesinde ise ek yapt\u0131r\u0131m karar\u0131n\u0131n 24-25 Haziran&#8217;daki zirveye b\u0131rak\u0131lmas\u0131nda anla\u015f\u0131lm\u0131\u015ft\u0131. Zirve sonras\u0131 yay\u0131nlanan bildiride bir yandan i\u015fbirli\u011fi ve diyalog mesajlar\u0131 verilirken di\u011fer yandan da yapt\u0131r\u0131m tedbirlerinin h\u00e2l\u00e2 masada oldu\u011fu bir s\u00f6ylem hakimdi.<\/p>\n<div class=\"picBox medium\n\"><img decoding=\"async\" title=\" \u0130ktisadi Kalk\u0131nma Vakf\u0131 Genel Sekreteri \u00c7i\u011fdem Nas\" src=\"https:\/\/static.dw.com\/image\/6533692_404.jpg\" alt=\" \u0130ktisadi Kalk\u0131nma Vakf\u0131 Genel Sekreteri \u00c7i\u011fdem Nas\" \/><em>\u0130ktisadi Kalk\u0131nma Vakf\u0131 Genel Sekreteri \u00c7i\u011fdem Nas<\/em><\/p>\n<\/div>\n<p>Ancak T\u00fcrkiye Ekonomi Politikalar\u0131 Ara\u015ft\u0131rma Vakf\u0131 (TEPAV) AB \u00c7al\u0131\u015fmalar\u0131 Merkezi Direkt\u00f6r\u00fc Nilgu\u0308n Ar\u0131san Eralp, ek bir yapt\u0131r\u0131m karar\u0131 al\u0131naca\u011f\u0131n\u0131 tahmin etmiyor. T\u00fcrkiye&#8217;ye kar\u015f\u0131 olumlu bir hava oldu\u011funu vurgulayan Eralp, &#8220;AB&#8217;nin T\u00fcrkiye&#8217;den iki beklentisi var: Biri Do\u011fu Akdeniz&#8217;de istikrara katk\u0131da bulunmas\u0131 ya da istikrars\u0131zl\u0131\u011fa yol a\u00e7mamas\u0131, di\u011feri ise m\u00fclteciler konusunda AB\u2019ye destek olmas\u0131&#8221; diyor.<\/p>\n<p>&#8220;AB&#8217;nin amac\u0131na ula\u015ft\u0131\u011f\u0131n\u0131&#8221; belirten \u0130ktisadi Kalk\u0131nma Vakf\u0131 Genel Sekreteri \u00c7i\u011fdem Nas\u00a0da &#8220;T\u00fcrkiye, Do\u011fu Akdeniz\u2019de gerilimi d\u00fc\u015f\u00fcr\u00fcc\u00fc politikalar izledi\u011fi i\u00e7in durum \u015fu anl\u0131k aciliyetini kaybetti&#8221; ifadelerini kullan\u0131yor. Nas&#8217;a g\u00f6re &#8220;T\u00fcrkiye&#8217;yi tamamen d\u0131\u015far\u0131da b\u0131rakmak istemeyen&#8221; Avrupa Birli\u011fi, &#8220;yapt\u0131r\u0131m karar\u0131&#8221; almayacak. Nas, AB&#8217;nin \u00f6zellikle m\u00fclteci ve g\u00fcvenlik konular\u0131nda &#8220;T\u00fcrkiye&#8217;ye ihtiyac\u0131 oldu\u011funu&#8221; vurgulayarak &#8220;T\u00fcrkiye&#8217;yi zor bir duruma sokacak l\u00fcks\u00fc yok&#8221; \u015feklinde konu\u015fuyor.<\/p>\n<h2>18 Mart mutabakat\u0131n\u0131n g\u00fcncellenmesi talepleri<\/h2>\n<p>Zirvede T\u00fcrkiye ile ilgili bir di\u011fer g\u00fcndeme de m\u00fclteci mutabakatan\u0131n\u0131 g\u00fcncellenmesi olacak. 2016 tarihli anla\u015fma, T\u00fcrkiye ve AB aras\u0131ndaki m\u00fclteci anla\u015fmas\u0131, yasad\u0131\u015f\u0131 yollardan Yunanistan&#8217;a ge\u00e7enlerin T\u00fcrkiye&#8217;ye geri g\u00f6nderilmesini, T\u00fcrkiye&#8217;nin geri ald\u0131\u011f\u0131 her bir s\u0131\u011f\u0131nmac\u0131 kar\u015f\u0131l\u0131\u011f\u0131nda, AB&#8217;nin de T\u00fcrkiye&#8217;den Suriyeli bir s\u0131\u011f\u0131nmac\u0131y\u0131 Avrupa&#8217;ya kabul etmesini \u00f6ng\u00f6r\u00fcyordu. Mutakabat, AB&#8217;nin T\u00fcrkiye&#8217;ye m\u00fclteciler i\u00e7in mali destek sa\u011flamas\u0131n\u0131 da kaps\u0131yordu. T\u00fcrkiye \u015fimdi bu mali yard\u0131mlar\u0131n da art\u0131r\u0131lmas\u0131n\u0131 talep ederken\u00a0<a href=\"https:\/\/www.dw.com\/tr\/abden-t%C3%BCrkiye-i%C3%A7in-35-milyar-euroluk-fon-haz%C4%B1rl%C4%B1%C4%9F%C4%B1\/a-58017100\">AB&#8217;den de bu konuda olumlu sinyaller<\/a>geliyor.<\/p>\n<div class=\"col3\">\n<div class=\"standaloneWrap\">\n<div class=\"imgTeaserL video\" data-media-id=\"57371561\">\n<div class=\"mediaItem\" data-media-id=\"57371561\">\n<div class=\"teaserContentWrap information\">\n<h2>T\u00fcrkiye&#8217;de b\u00fcy\u00fcyen Suriyeli \u00e7ocuklar | &#8220;Burada do\u011fmu\u015fum gibi hissediyorum&#8221;<\/h2>\n<\/div>\n<\/div>\n<\/div>\n<\/div>\n<\/div>\n<p>T\u00fcrk-Alman \u00dcniversitesi Uluslararas\u0131 \u0130li\u015fkiler B\u00f6l\u00fcm\u00fc \u00d6\u011fretim \u00dcyesi Prof. Dr. Murat Erdo\u011fan da &#8220;Mutabakat\u0131n ard\u0131ndan ger\u00e7ekle\u015fen neredeyse tek unsur mali i\u015fbirli\u011fi oldu&#8221; de\u011ferlendirmesini yap\u0131yor. AB&#8217;nin &#8220;Biz size para verelim, siz de m\u00fcltecileri tutun&#8221; noktas\u0131na gelmi\u015f oldu\u011funa de\u011finen Erdo\u011fan, &#8220;Bu T\u00fcrkiye&#8217;nin parayla m\u00fcltecilere korumac\u0131l\u0131k yapt\u0131\u011f\u0131 gibi bir durum olu\u015fturdu. \u0130\u015fbirli\u011fi sadece mali alanda kald\u0131\u011f\u0131 i\u00e7in s\u00fcrd\u00fcr\u00fclebilir de\u011fil&#8221; g\u00f6r\u00fc\u015f\u00fcn\u00fc dile getiriyor.<\/p>\n<p>T\u00fcrkiye G\u00f6\u00e7 \u0130daresi Genel M\u00fcd\u00fcrl\u00fc\u011f\u00fc&#8217;n\u00fcn Haziran ay\u0131 verilerine g\u00f6re T\u00fcrkiye&#8217;de 3,6 milyon kay\u0131tl\u0131 Suriyeli ge\u00e7ici koruma kapsam\u0131nda bulunuyor. BM verilerine g\u00f6re de en \u00e7ok Suriyeli&#8217;ye ev sahipli\u011fi yapan \u00fclkelerin ba\u015f\u0131nda T\u00fcrkiye geliyor. Suriyeliler Barometresi 2020 raporunu haz\u0131rlayan Prof. Murat Erdo\u011fan, &#8220;Her ge\u00e7en g\u00fcn Suriyelilerin i\u00e7inde Avrupa&#8217;ya gitme konusunda bir istek, talep var&#8221; diyor ve s\u00f6zlerini &#8220;Ekonomi k\u00f6t\u00fcle\u015ftik\u00e7e bu talepler daha da art\u0131yor. \u0130\u015flerini kaybettiler, \u00f6zellikle pandemi d\u00f6neminde daha da yoksulla\u015ft\u0131lar&#8221; diye konu\u015fuyor.<\/p>\n<p>Raporun tamam\u0131 ise \u00f6n\u00fcm\u00fczdeki haftalarda a\u00e7\u0131klanacak.<\/p>\n<div class=\"picBox medium\nrechts\n\"><a class=\"overlayLink init\" href=\"https:\/\/www.dw.com\/tr\/ab-liderlerinin-g%C3%BCndemi-t%C3%BCrkiye-ile-ili%C5%9Fkiler\/a-58019264#\" rel=\"nofollow\"><img decoding=\"async\" title=\" Prof. Dr. Murat Erdo\u011fan\" src=\"https:\/\/static.dw.com\/image\/19094480_404.jpg\" alt=\" Prof. Dr. Murat Erdo\u011fan\" \/><\/a><em>Prof. Dr. Murat Erdo\u011fan<\/em><\/p>\n<\/div>\n<h2>&#8220;Be\u015f y\u0131l \u00f6ncesine g\u00f6re bamba\u015fka bir noktaday\u0131z&#8221;<\/h2>\n<p><a href=\"https:\/\/www.dw.com\/tr\/ab-t%C3%BCrkiye-m%C3%BClteci-mutabakat%C4%B1-yenilenecek-mi\/a-56907304\">AB-T\u00fcrkiye mutabakat\u0131<\/a>, yaln\u0131zca yasad\u0131\u015f\u0131 g\u00f6\u00e7\u00fcn \u00f6nlenmesiyle s\u0131n\u0131rl\u0131 de\u011fil. Mutabakatta, T\u00fcrkiye&#8217;nin AB ile m\u00fczakere s\u00fcrecinin canland\u0131r\u0131lmas\u0131, G\u00fcmr\u00fck Birli\u011fi&#8217;nin g\u00fcncellenmesi ve T\u00fcrk vatanda\u015flar\u0131na vize serbestisi getirilmesi gibi ba\u015fka ba\u015fl\u0131klar da bulunuyor. Ankara, AB&#8217;nin bu ba\u015fl\u0131klarda da ad\u0131mlar atmas\u0131n\u0131 istiyor. Ancak ba\u015fta vize serbestisi olmak \u00fczere bu ba\u015fl\u0131klarda belirgin bir ilerleme sa\u011flanamad\u0131.<\/p>\n<p>M\u00fclteciler konusunda ise nas\u0131l yeni bir i\u015fbirli\u011fi olaca\u011f\u0131 konusunda belirsizli\u011fin s\u00fcrd\u00fc\u011f\u00fcne i\u015faret eden Nilgu\u0308n Ar\u0131san Eralp,\u00a0 AB liderlerinin AB Komisyonu&#8217;na talimat verdi\u011fini belirterek Komisyon&#8217;un &#8220;sadece T\u00fcrkiye&#8217;ye, ayn\u0131 zamanda L\u00fcbnan ve \u00dcrd\u00fcn&#8217;e de m\u00fclteciler konusunda yap\u0131lan yard\u0131m\u0131n devam etmesi konusunda bir \u00e7al\u0131\u015fma haz\u0131rlad\u0131\u011f\u0131na dikkat \u00e7ekiyor.<\/p>\n<p>T\u00fcrkiye&#8217;de Suriyeli m\u00fcltecinin yan\u0131 s\u0131ra 320 bin civar\u0131nda da farkl\u0131 uyruklardan m\u00fclteciler de bulunuyor. Yakla\u015f\u0131k 1,5 milyon da d\u00fczensiz g\u00f6\u00e7men oldu\u011funu belirten Murat Erdo\u011fan, be\u015f y\u0131l \u00f6ncesine g\u00f6re farkl\u0131 bir noktada olundu\u011funu ifade ediyor. AB ile yap\u0131lacak yeni bir mutabakatta sadece Suriyelilerin g\u00fcndeme gelmemesi gerekti\u011fini ifade eden Erdo\u011fan, &#8220;Di\u011fer m\u00fclteciler konusunda da i\u015fbirli\u011fi gerekiyor&#8221; diyor. Erdo\u011fan ayr\u0131ca, AB&#8217;den gelen deste\u011fin T\u00fcrkiye&#8217;deki Suriyelilerin b\u00fct\u00fcn ihtiya\u00e7lar\u0131n\u0131 kar\u015f\u0131layacak bir destek olmad\u0131\u011f\u0131n\u0131 da s\u00f6zlerine ekliyor.<\/p>\n<p>Murat Erdo\u011fan ile benzer g\u00f6r\u00fc\u015fleri payla\u015fan \u0130ktisadi Kalk\u0131nma Vakf\u0131 Genel Sekreteri \u00c7i\u011fdem Nas\u00a0da &#8220;T\u00fcrkiye&#8217;deki m\u00fclteci ya da d\u00fczensiz g\u00f6\u00e7men dedi\u011fimiz ki\u015filer sadece Suriyeli de\u011fil. Afganistan&#8217;dan, \u0130ran&#8217;dan, Irak&#8217;tan gelenler var. AB ile s\u00fcrecin sadece Suriyeliler \u00fczerinden de\u011fil daha geni\u015f perspektiften ele al\u0131nmas\u0131 gerekiyor&#8221; de\u011ferlendirmesini yap\u0131yor.<\/p>\n<p><em><strong>Adnan A\u011fa\u00e7<\/strong><\/em><\/p>\n<p><em><strong>\u00a9 Deutsche Welle T\u00fcrk\u00e7e<\/strong><\/em><\/p>\n<p><em><strong>https:\/\/www.dw.com\/tr\/ab-liderlerinin-g%C3%BCndemi-t%C3%BCrkiye-ile-ili%C5%9Fkiler\/a-58019264\u00a0<\/strong><\/em><\/p>\n<\/div>\n<\/div>\n","protected":false},"excerpt":{"rendered":"<p>AB devlet ve h\u00fck\u00fcmet ba\u015fkanlar\u0131n\u0131n zirvesinde m\u00fclteci mutabakat\u0131n\u0131n g\u00fcncellenmesi ve T\u00fcrkiye&#8217;ye ek yapt\u0131r\u0131m karar\u0131 al\u0131n\u0131p al\u0131nmayaca\u011f\u0131 ele al\u0131nacak. Uzmanlar zirveden beklentileri DW T\u00fcrk\u00e7e&#8217;ye de\u011ferlendirdi. \u00a0Avrupa Birli\u011fi (AB) devlet ve h\u00fck\u00fcmet ba\u015fkanlar\u0131, 24-25 Haziran&#8217;da Br\u00fcksel&#8217;de bir araya geliyor. Zirvede Covid-19 pandemisiyle m\u00fccadelenin yan\u0131 s\u0131ra AB&#8217;nin Rusya ve T\u00fcrkiye ile ili\u015fkileri ele al\u0131nacak. T\u00fcrkiye ile ili\u015fkiler ba\u015fl\u0131\u011f\u0131n\u0131n [&hellip;]<\/p>\n","protected":false},"author":7,"featured_media":63468,"comment_status":"open","ping_status":"open","sticky":false,"template":"","format":"standard","meta":{"footnotes":""},"categories":[1],"tags":[],"class_list":["post-63467","post","type-post","status-publish","format-standard","has-post-thumbnail","hentry","category-haberler"],"yoast_head":"<!-- This site is optimized with the Yoast SEO plugin v27.4 - https:\/\/yoast.com\/product\/yoast-seo-wordpress\/ -->\n<title>AB liderlerinin g\u00fcndemi T\u00fcrkiye ile ili\u015fkiler - Bati Ermenistan Ve Bati Ermenileri Sorunlari Ara\u015ftirmalar Merkezi<\/title>\n<meta name=\"robots\" content=\"index, follow, max-snippet:-1, max-image-preview:large, max-video-preview:-1\" \/>\n<link rel=\"canonical\" href=\"https:\/\/akunq.net\/tr\/?p=63467\" \/>\n<meta property=\"og:locale\" content=\"en_US\" \/>\n<meta property=\"og:type\" content=\"article\" \/>\n<meta property=\"og:title\" content=\"AB liderlerinin g\u00fcndemi T\u00fcrkiye ile ili\u015fkiler - Bati Ermenistan Ve Bati Ermenileri Sorunlari Ara\u015ftirmalar Merkezi\" \/>\n<meta property=\"og:description\" content=\"AB devlet ve h\u00fck\u00fcmet ba\u015fkanlar\u0131n\u0131n zirvesinde m\u00fclteci mutabakat\u0131n\u0131n g\u00fcncellenmesi ve T\u00fcrkiye&#8217;ye ek yapt\u0131r\u0131m karar\u0131 al\u0131n\u0131p al\u0131nmayaca\u011f\u0131 ele al\u0131nacak. Uzmanlar zirveden beklentileri DW T\u00fcrk\u00e7e&#8217;ye de\u011ferlendirdi. \u00a0Avrupa Birli\u011fi (AB) devlet ve h\u00fck\u00fcmet ba\u015fkanlar\u0131, 24-25 Haziran&#8217;da Br\u00fcksel&#8217;de bir araya geliyor. Zirvede Covid-19 pandemisiyle m\u00fccadelenin yan\u0131 s\u0131ra AB&#8217;nin Rusya ve T\u00fcrkiye ile ili\u015fkileri ele al\u0131nacak. T\u00fcrkiye ile ili\u015fkiler ba\u015fl\u0131\u011f\u0131n\u0131n [&hellip;]\" \/>\n<meta property=\"og:url\" content=\"https:\/\/akunq.net\/tr\/?p=63467\" \/>\n<meta property=\"og:site_name\" content=\"Bati Ermenistan Ve Bati Ermenileri Sorunlari Ara\u015ftirmalar Merkezi\" \/>\n<meta property=\"article:published_time\" content=\"2021-06-24T08:06:55+00:00\" \/>\n<meta property=\"og:image\" content=\"https:\/\/akunq.net\/tr\/wp-content\/uploads\/sites\/6\/2021\/06\/AB.jpg\" \/>\n\t<meta property=\"og:image:width\" content=\"864\" \/>\n\t<meta property=\"og:image:height\" content=\"486\" \/>\n\t<meta property=\"og:image:type\" content=\"image\/jpeg\" \/>\n<meta name=\"author\" content=\"admin\" \/>\n<meta name=\"twitter:card\" content=\"summary_large_image\" \/>\n<meta name=\"twitter:label1\" content=\"Written by\" \/>\n\t<meta name=\"twitter:data1\" content=\"admin\" \/>\n\t<meta name=\"twitter:label2\" content=\"Est. reading time\" \/>\n\t<meta name=\"twitter:data2\" content=\"7 minutes\" \/>\n<script type=\"application\/ld+json\" class=\"yoast-schema-graph\">{\"@context\":\"https:\\\/\\\/schema.org\",\"@graph\":[{\"@type\":\"Article\",\"@id\":\"https:\\\/\\\/akunq.net\\\/tr\\\/?p=63467#article\",\"isPartOf\":{\"@id\":\"https:\\\/\\\/akunq.net\\\/tr\\\/?p=63467\"},\"author\":{\"name\":\"admin\",\"@id\":\"https:\\\/\\\/akunq.net\\\/tr\\\/#\\\/schema\\\/person\\\/096f1d38a12cce57fb855b485ed24c9e\"},\"headline\":\"AB liderlerinin g\u00fcndemi T\u00fcrkiye ile ili\u015fkiler\",\"datePublished\":\"2021-06-24T08:06:55+00:00\",\"mainEntityOfPage\":{\"@id\":\"https:\\\/\\\/akunq.net\\\/tr\\\/?p=63467\"},\"wordCount\":1445,\"commentCount\":0,\"image\":{\"@id\":\"https:\\\/\\\/akunq.net\\\/tr\\\/?p=63467#primaryimage\"},\"thumbnailUrl\":\"https:\\\/\\\/akunq.net\\\/tr\\\/wp-content\\\/uploads\\\/sites\\\/6\\\/2021\\\/06\\\/AB.jpg\",\"articleSection\":[\"Haberler\"],\"inLanguage\":\"en-US\",\"potentialAction\":[{\"@type\":\"CommentAction\",\"name\":\"Comment\",\"target\":[\"https:\\\/\\\/akunq.net\\\/tr\\\/?p=63467#respond\"]}]},{\"@type\":\"WebPage\",\"@id\":\"https:\\\/\\\/akunq.net\\\/tr\\\/?p=63467\",\"url\":\"https:\\\/\\\/akunq.net\\\/tr\\\/?p=63467\",\"name\":\"AB liderlerinin g\u00fcndemi T\u00fcrkiye ile ili\u015fkiler - Bati Ermenistan Ve Bati Ermenileri Sorunlari Ara\u015ftirmalar Merkezi\",\"isPartOf\":{\"@id\":\"https:\\\/\\\/akunq.net\\\/tr\\\/#website\"},\"primaryImageOfPage\":{\"@id\":\"https:\\\/\\\/akunq.net\\\/tr\\\/?p=63467#primaryimage\"},\"image\":{\"@id\":\"https:\\\/\\\/akunq.net\\\/tr\\\/?p=63467#primaryimage\"},\"thumbnailUrl\":\"https:\\\/\\\/akunq.net\\\/tr\\\/wp-content\\\/uploads\\\/sites\\\/6\\\/2021\\\/06\\\/AB.jpg\",\"datePublished\":\"2021-06-24T08:06:55+00:00\",\"author\":{\"@id\":\"https:\\\/\\\/akunq.net\\\/tr\\\/#\\\/schema\\\/person\\\/096f1d38a12cce57fb855b485ed24c9e\"},\"breadcrumb\":{\"@id\":\"https:\\\/\\\/akunq.net\\\/tr\\\/?p=63467#breadcrumb\"},\"inLanguage\":\"en-US\",\"potentialAction\":[{\"@type\":\"ReadAction\",\"target\":[\"https:\\\/\\\/akunq.net\\\/tr\\\/?p=63467\"]}]},{\"@type\":\"ImageObject\",\"inLanguage\":\"en-US\",\"@id\":\"https:\\\/\\\/akunq.net\\\/tr\\\/?p=63467#primaryimage\",\"url\":\"https:\\\/\\\/akunq.net\\\/tr\\\/wp-content\\\/uploads\\\/sites\\\/6\\\/2021\\\/06\\\/AB.jpg\",\"contentUrl\":\"https:\\\/\\\/akunq.net\\\/tr\\\/wp-content\\\/uploads\\\/sites\\\/6\\\/2021\\\/06\\\/AB.jpg\",\"width\":864,\"height\":486},{\"@type\":\"BreadcrumbList\",\"@id\":\"https:\\\/\\\/akunq.net\\\/tr\\\/?p=63467#breadcrumb\",\"itemListElement\":[{\"@type\":\"ListItem\",\"position\":1,\"name\":\"Home\",\"item\":\"https:\\\/\\\/akunq.net\\\/tr\"},{\"@type\":\"ListItem\",\"position\":2,\"name\":\"AB liderlerinin g\u00fcndemi T\u00fcrkiye ile ili\u015fkiler\"}]},{\"@type\":\"WebSite\",\"@id\":\"https:\\\/\\\/akunq.net\\\/tr\\\/#website\",\"url\":\"https:\\\/\\\/akunq.net\\\/tr\\\/\",\"name\":\"Bati Ermenistan Ve Bati Ermenileri Sorunlari Ara\u015ftirmalar Merkezi\",\"description\":\"\",\"potentialAction\":[{\"@type\":\"SearchAction\",\"target\":{\"@type\":\"EntryPoint\",\"urlTemplate\":\"https:\\\/\\\/akunq.net\\\/tr\\\/?s={search_term_string}\"},\"query-input\":{\"@type\":\"PropertyValueSpecification\",\"valueRequired\":true,\"valueName\":\"search_term_string\"}}],\"inLanguage\":\"en-US\"},{\"@type\":\"Person\",\"@id\":\"https:\\\/\\\/akunq.net\\\/tr\\\/#\\\/schema\\\/person\\\/096f1d38a12cce57fb855b485ed24c9e\",\"name\":\"admin\",\"url\":\"https:\\\/\\\/akunq.net\\\/tr\\\/?author=7\"}]}<\/script>\n<!-- \/ Yoast SEO plugin. -->","yoast_head_json":{"title":"AB liderlerinin g\u00fcndemi T\u00fcrkiye ile ili\u015fkiler - Bati Ermenistan Ve Bati Ermenileri Sorunlari Ara\u015ftirmalar Merkezi","robots":{"index":"index","follow":"follow","max-snippet":"max-snippet:-1","max-image-preview":"max-image-preview:large","max-video-preview":"max-video-preview:-1"},"canonical":"https:\/\/akunq.net\/tr\/?p=63467","og_locale":"en_US","og_type":"article","og_title":"AB liderlerinin g\u00fcndemi T\u00fcrkiye ile ili\u015fkiler - Bati Ermenistan Ve Bati Ermenileri Sorunlari Ara\u015ftirmalar Merkezi","og_description":"AB devlet ve h\u00fck\u00fcmet ba\u015fkanlar\u0131n\u0131n zirvesinde m\u00fclteci mutabakat\u0131n\u0131n g\u00fcncellenmesi ve T\u00fcrkiye&#8217;ye ek yapt\u0131r\u0131m karar\u0131 al\u0131n\u0131p al\u0131nmayaca\u011f\u0131 ele al\u0131nacak. Uzmanlar zirveden beklentileri DW T\u00fcrk\u00e7e&#8217;ye de\u011ferlendirdi. \u00a0Avrupa Birli\u011fi (AB) devlet ve h\u00fck\u00fcmet ba\u015fkanlar\u0131, 24-25 Haziran&#8217;da Br\u00fcksel&#8217;de bir araya geliyor. Zirvede Covid-19 pandemisiyle m\u00fccadelenin yan\u0131 s\u0131ra AB&#8217;nin Rusya ve T\u00fcrkiye ile ili\u015fkileri ele al\u0131nacak. T\u00fcrkiye ile ili\u015fkiler ba\u015fl\u0131\u011f\u0131n\u0131n [&hellip;]","og_url":"https:\/\/akunq.net\/tr\/?p=63467","og_site_name":"Bati Ermenistan Ve Bati Ermenileri Sorunlari Ara\u015ftirmalar Merkezi","article_published_time":"2021-06-24T08:06:55+00:00","og_image":[{"width":864,"height":486,"url":"https:\/\/akunq.net\/tr\/wp-content\/uploads\/sites\/6\/2021\/06\/AB.jpg","type":"image\/jpeg"}],"author":"admin","twitter_card":"summary_large_image","twitter_misc":{"Written by":"admin","Est. reading time":"7 minutes"},"schema":{"@context":"https:\/\/schema.org","@graph":[{"@type":"Article","@id":"https:\/\/akunq.net\/tr\/?p=63467#article","isPartOf":{"@id":"https:\/\/akunq.net\/tr\/?p=63467"},"author":{"name":"admin","@id":"https:\/\/akunq.net\/tr\/#\/schema\/person\/096f1d38a12cce57fb855b485ed24c9e"},"headline":"AB liderlerinin g\u00fcndemi T\u00fcrkiye ile ili\u015fkiler","datePublished":"2021-06-24T08:06:55+00:00","mainEntityOfPage":{"@id":"https:\/\/akunq.net\/tr\/?p=63467"},"wordCount":1445,"commentCount":0,"image":{"@id":"https:\/\/akunq.net\/tr\/?p=63467#primaryimage"},"thumbnailUrl":"https:\/\/akunq.net\/tr\/wp-content\/uploads\/sites\/6\/2021\/06\/AB.jpg","articleSection":["Haberler"],"inLanguage":"en-US","potentialAction":[{"@type":"CommentAction","name":"Comment","target":["https:\/\/akunq.net\/tr\/?p=63467#respond"]}]},{"@type":"WebPage","@id":"https:\/\/akunq.net\/tr\/?p=63467","url":"https:\/\/akunq.net\/tr\/?p=63467","name":"AB liderlerinin g\u00fcndemi T\u00fcrkiye ile ili\u015fkiler - Bati Ermenistan Ve Bati Ermenileri Sorunlari Ara\u015ftirmalar Merkezi","isPartOf":{"@id":"https:\/\/akunq.net\/tr\/#website"},"primaryImageOfPage":{"@id":"https:\/\/akunq.net\/tr\/?p=63467#primaryimage"},"image":{"@id":"https:\/\/akunq.net\/tr\/?p=63467#primaryimage"},"thumbnailUrl":"https:\/\/akunq.net\/tr\/wp-content\/uploads\/sites\/6\/2021\/06\/AB.jpg","datePublished":"2021-06-24T08:06:55+00:00","author":{"@id":"https:\/\/akunq.net\/tr\/#\/schema\/person\/096f1d38a12cce57fb855b485ed24c9e"},"breadcrumb":{"@id":"https:\/\/akunq.net\/tr\/?p=63467#breadcrumb"},"inLanguage":"en-US","potentialAction":[{"@type":"ReadAction","target":["https:\/\/akunq.net\/tr\/?p=63467"]}]},{"@type":"ImageObject","inLanguage":"en-US","@id":"https:\/\/akunq.net\/tr\/?p=63467#primaryimage","url":"https:\/\/akunq.net\/tr\/wp-content\/uploads\/sites\/6\/2021\/06\/AB.jpg","contentUrl":"https:\/\/akunq.net\/tr\/wp-content\/uploads\/sites\/6\/2021\/06\/AB.jpg","width":864,"height":486},{"@type":"BreadcrumbList","@id":"https:\/\/akunq.net\/tr\/?p=63467#breadcrumb","itemListElement":[{"@type":"ListItem","position":1,"name":"Home","item":"https:\/\/akunq.net\/tr"},{"@type":"ListItem","position":2,"name":"AB liderlerinin g\u00fcndemi T\u00fcrkiye ile ili\u015fkiler"}]},{"@type":"WebSite","@id":"https:\/\/akunq.net\/tr\/#website","url":"https:\/\/akunq.net\/tr\/","name":"Bati Ermenistan Ve Bati Ermenileri Sorunlari Ara\u015ftirmalar Merkezi","description":"","potentialAction":[{"@type":"SearchAction","target":{"@type":"EntryPoint","urlTemplate":"https:\/\/akunq.net\/tr\/?s={search_term_string}"},"query-input":{"@type":"PropertyValueSpecification","valueRequired":true,"valueName":"search_term_string"}}],"inLanguage":"en-US"},{"@type":"Person","@id":"https:\/\/akunq.net\/tr\/#\/schema\/person\/096f1d38a12cce57fb855b485ed24c9e","name":"admin","url":"https:\/\/akunq.net\/tr\/?author=7"}]}},"_links":{"self":[{"href":"https:\/\/akunq.net\/tr\/index.php?rest_route=\/wp\/v2\/posts\/63467","targetHints":{"allow":["GET"]}}],"collection":[{"href":"https:\/\/akunq.net\/tr\/index.php?rest_route=\/wp\/v2\/posts"}],"about":[{"href":"https:\/\/akunq.net\/tr\/index.php?rest_route=\/wp\/v2\/types\/post"}],"author":[{"embeddable":true,"href":"https:\/\/akunq.net\/tr\/index.php?rest_route=\/wp\/v2\/users\/7"}],"replies":[{"embeddable":true,"href":"https:\/\/akunq.net\/tr\/index.php?rest_route=%2Fwp%2Fv2%2Fcomments&post=63467"}],"version-history":[{"count":1,"href":"https:\/\/akunq.net\/tr\/index.php?rest_route=\/wp\/v2\/posts\/63467\/revisions"}],"predecessor-version":[{"id":63469,"href":"https:\/\/akunq.net\/tr\/index.php?rest_route=\/wp\/v2\/posts\/63467\/revisions\/63469"}],"wp:featuredmedia":[{"embeddable":true,"href":"https:\/\/akunq.net\/tr\/index.php?rest_route=\/wp\/v2\/media\/63468"}],"wp:attachment":[{"href":"https:\/\/akunq.net\/tr\/index.php?rest_route=%2Fwp%2Fv2%2Fmedia&parent=63467"}],"wp:term":[{"taxonomy":"category","embeddable":true,"href":"https:\/\/akunq.net\/tr\/index.php?rest_route=%2Fwp%2Fv2%2Fcategories&post=63467"},{"taxonomy":"post_tag","embeddable":true,"href":"https:\/\/akunq.net\/tr\/index.php?rest_route=%2Fwp%2Fv2%2Ftags&post=63467"}],"curies":[{"name":"wp","href":"https:\/\/api.w.org\/{rel}","templated":true}]}}