{"id":63464,"date":"2021-06-24T02:54:35","date_gmt":"2021-06-24T07:54:35","guid":{"rendered":"https:\/\/akunq.net\/tr\/?p=63464"},"modified":"2021-06-24T02:54:35","modified_gmt":"2021-06-24T07:54:35","slug":"abdli-senator-menendez-erdogana-onemli-bir-tutum-degisikligi-olmadigi-surece-taviz-verilmemeli","status":"publish","type":"post","link":"https:\/\/akunq.net\/tr\/?p=63464","title":{"rendered":"ABD\u2019li Senat\u00f6r Menendez: Erdo\u011fan\u2019a \u00f6nemli bir tutum de\u011fi\u015fikli\u011fi olmad\u0131\u011f\u0131 s\u00fcrece taviz verilmemeli"},"content":{"rendered":"<p><img loading=\"lazy\" decoding=\"async\" class=\"aligncenter size-medium wp-image-63465\" src=\"https:\/\/akunq.net\/tr\/wp-content\/uploads\/2021\/06\/Menendez-360x191.jpg\" alt=\"\" width=\"360\" height=\"191\" srcset=\"https:\/\/akunq.net\/tr\/wp-content\/uploads\/sites\/6\/2021\/06\/Menendez-360x191.jpg 360w, https:\/\/akunq.net\/tr\/wp-content\/uploads\/sites\/6\/2021\/06\/Menendez-560x298.jpg 560w, https:\/\/akunq.net\/tr\/wp-content\/uploads\/sites\/6\/2021\/06\/Menendez-260x138.jpg 260w, https:\/\/akunq.net\/tr\/wp-content\/uploads\/sites\/6\/2021\/06\/Menendez-160x85.jpg 160w, https:\/\/akunq.net\/tr\/wp-content\/uploads\/sites\/6\/2021\/06\/Menendez.jpg 705w\" sizes=\"auto, (max-width: 360px) 100vw, 360px\" \/><\/p>\n<p><strong><em>ABD Senatosu D\u0131\u015f \u0130li\u015fkiler Komisyonu Ba\u015fkan\u0131 ve Demokrat New Jersey Senat\u00f6r\u00fc Bob Menendez, T\u00fcrkiye ile ABD aras\u0131ndaki ili\u015fkilerin seyrine ili\u015fkin de\u011ferlendirmelerde bulundu.<\/em><\/strong><\/p>\n<p>Yunan Kathimerini gazetesine r\u00f6portaj veren Menendez, ABD Ba\u015fkan\u0131 Joe Biden ile T\u00fcrkiye Cumhurba\u015fkan\u0131 Recep Tayyip Erdo\u011fan aras\u0131ndaki g\u00f6r\u00fc\u015fmeye dair \u201cBa\u015fkan Biden, ge\u00e7en hafta Erdo\u011fan ile yapt\u0131\u011f\u0131 g\u00f6r\u00fc\u015fmede herhangi bir ek koz kullanmaya ihtiya\u00e7 duymad\u0131. Zaten kullanmaya niyetimiz olsa bolca var\u201d yorumunu yapt\u0131.<\/p>\n<p>Senat\u00f6r, \u201cT\u00fcrkiye\u2019nin S-400 al\u0131m\u0131, Do\u011fu Akdeniz\u2019deki istikrars\u0131zla\u015ft\u0131r\u0131c\u0131 eylemleri, Azerbaycan\u2019daki otokratlara deste\u011fi ve T\u00fcrk halk\u0131na anti-demokratik muamelesi s\u00f6z konusu oldu\u011funda, Ba\u015fkan Biden\u2019\u0131n Erdo\u011fan\u2019a kar\u015f\u0131 kararl\u0131 olmaya ve ABD\u2019nin ulusal g\u00fcvenlik \u00e7\u0131karlar\u0131n\u0131 ilerletmeye devam edece\u011fine dair her t\u00fcrl\u00fc beklentim var. T\u00fcrkiye ile yapt\u0131\u011f\u0131m\u0131z t\u00fcm toplant\u0131lar\u0131n g\u00fcndemi bu olmal\u0131 ve Say\u0131n Erdo\u011fan\u2019a bu alanlar\u0131n her birinde \u00f6nemli bir tutum de\u011fi\u015fikli\u011fi olmadan taviz vermemesini \u015fiddetle \u00f6neririm\u201d dedi.<\/p>\n<div class=\"twitter-tweet twitter-tweet-rendered\"><iframe id=\"twitter-widget-0\" class=\"\" title=\"Twitter Tweet\" src=\"https:\/\/platform.twitter.com\/embed\/Tweet.html?creatorScreenName=HyeTert&amp;dnt=true&amp;embedId=twitter-widget-0&amp;features=eyJ0ZndfZXhwZXJpbWVudHNfY29va2llX2V4cGlyYXRpb24iOnsiYnVja2V0IjoxMjA5NjAwLCJ2ZXJzaW9uIjpudWxsfSwidGZ3X2hvcml6b25fdHdlZXRfZW1iZWRfOTU1NSI6eyJidWNrZXQiOiJodGUiLCJ2ZXJzaW9uIjpudWxsfSwidGZ3X3R3ZWV0X2VtYmVkX2NsaWNrYWJpbGl0eV8xMjEwMiI6eyJidWNrZXQiOiJjb250cm9sIiwidmVyc2lvbiI6bnVsbH19&amp;frame=false&amp;hideCard=false&amp;hideThread=false&amp;id=1407043912087347200&amp;lang=tr&amp;origin=https%3A%2F%2Fhyetert.org%2F2021%2F06%2F24%2Fabdli-senator-menendez-erdogana-onemli-bir-tutum-degisikligi-olmadigi-surece-taviz-verilmemeli%2F&amp;sessionId=6590cfa43a930ecdc2ce475762f106fe972bc8ec&amp;siteScreenName=HyeTert&amp;theme=light&amp;widgetsVersion=82e1070%3A1619632193066&amp;width=500px\" frameborder=\"0\" scrolling=\"no\" allowfullscreen=\"allowfullscreen\" data-tweet-id=\"1407043912087347200\" data-mce-fragment=\"1\"><\/iframe><\/div>\n<p>\u00d6te yandan Ege ve Do\u011fu Akdeniz\u2019de Atina\u2019ya deste\u011fini defalarca dile getirmi\u015f olan ve ayn\u0131 zamanda Biden\u2019\u0131n, 1915 olaylar\u0131n\u0131 \u2018soyk\u0131r\u0131m\u2019 olarak tan\u0131mas\u0131nda \u00f6nemli rol\u00fc olan Menendez, \u201cABD ile Yunanistan aras\u0131ndaki ikili ili\u015fki hi\u00e7 bu kadar g\u00fc\u00e7l\u00fc olmam\u0131\u015ft\u0131 ve savunma i\u015fbirli\u011fi \u00f6nemli bir dayanak noktas\u0131\u201d ifadelerini kulland\u0131.<\/p>\n<p>Biden\u2019\u0131n T\u00fcrk mevkida\u015f\u0131 Erdo\u011fan\u2019a kar\u015f\u0131 \u2018kararl\u0131 duru\u015funu s\u00fcrd\u00fcrmesini bekledi\u011fini\u2019 dile getiren ABD\u2019li Senat\u00f6r, ayr\u0131ca K\u0131br\u0131s, Yunanistan, \u0130srail ve ABD aras\u0131ndaki 3+1 ortakl\u0131\u011f\u0131n\u0131n, b\u00f6lgeye \u00f6nemli faydalar\u0131 olababilece\u011fine inanad\u0131\u011f\u0131n\u0131 belirtti.<\/p>\n<hr \/>\n<p><em><strong><a href=\"https:\/\/tr.sputniknews.com\/abd\/202106241044805868-abdli-senator-menendez-erdogana-onemli-bir-tutum-degisikligi-olmadigi-surece-taviz-verilmemeli\/\" target=\"_blank\" rel=\"noopener noreferrer\">Sputnik T\u00fcrkiye<\/a>\u00a0<\/strong><\/em><\/p>\n","protected":false},"excerpt":{"rendered":"<p>ABD Senatosu D\u0131\u015f \u0130li\u015fkiler Komisyonu Ba\u015fkan\u0131 ve Demokrat New Jersey Senat\u00f6r\u00fc Bob Menendez, T\u00fcrkiye ile ABD aras\u0131ndaki ili\u015fkilerin seyrine ili\u015fkin de\u011ferlendirmelerde bulundu. Yunan Kathimerini gazetesine r\u00f6portaj veren Menendez, ABD Ba\u015fkan\u0131 Joe Biden ile T\u00fcrkiye Cumhurba\u015fkan\u0131 Recep Tayyip Erdo\u011fan aras\u0131ndaki g\u00f6r\u00fc\u015fmeye dair \u201cBa\u015fkan Biden, ge\u00e7en hafta Erdo\u011fan ile yapt\u0131\u011f\u0131 g\u00f6r\u00fc\u015fmede herhangi bir ek koz kullanmaya ihtiya\u00e7 [&hellip;]<\/p>\n","protected":false},"author":7,"featured_media":63465,"comment_status":"open","ping_status":"open","sticky":false,"template":"","format":"standard","meta":{"footnotes":""},"categories":[1],"tags":[],"class_list":["post-63464","post","type-post","status-publish","format-standard","has-post-thumbnail","hentry","category-haberler"],"yoast_head":"<!-- This site is optimized with the Yoast SEO plugin v27.4 - https:\/\/yoast.com\/product\/yoast-seo-wordpress\/ -->\n<title>ABD\u2019li Senat\u00f6r Menendez: Erdo\u011fan\u2019a \u00f6nemli bir tutum de\u011fi\u015fikli\u011fi olmad\u0131\u011f\u0131 s\u00fcrece taviz verilmemeli - Bati Ermenistan Ve Bati Ermenileri Sorunlari Ara\u015ftirmalar Merkezi<\/title>\n<meta name=\"robots\" content=\"index, follow, max-snippet:-1, max-image-preview:large, max-video-preview:-1\" \/>\n<link rel=\"canonical\" href=\"https:\/\/akunq.net\/tr\/?p=63464\" \/>\n<meta property=\"og:locale\" content=\"en_US\" \/>\n<meta property=\"og:type\" content=\"article\" \/>\n<meta property=\"og:title\" content=\"ABD\u2019li Senat\u00f6r Menendez: Erdo\u011fan\u2019a \u00f6nemli bir tutum de\u011fi\u015fikli\u011fi olmad\u0131\u011f\u0131 s\u00fcrece taviz verilmemeli - Bati Ermenistan Ve Bati Ermenileri Sorunlari Ara\u015ftirmalar Merkezi\" \/>\n<meta property=\"og:description\" content=\"ABD Senatosu D\u0131\u015f \u0130li\u015fkiler Komisyonu Ba\u015fkan\u0131 ve Demokrat New Jersey Senat\u00f6r\u00fc Bob Menendez, T\u00fcrkiye ile ABD aras\u0131ndaki ili\u015fkilerin seyrine ili\u015fkin de\u011ferlendirmelerde bulundu. Yunan Kathimerini gazetesine r\u00f6portaj veren Menendez, ABD Ba\u015fkan\u0131 Joe Biden ile T\u00fcrkiye Cumhurba\u015fkan\u0131 Recep Tayyip Erdo\u011fan aras\u0131ndaki g\u00f6r\u00fc\u015fmeye dair \u201cBa\u015fkan Biden, ge\u00e7en hafta Erdo\u011fan ile yapt\u0131\u011f\u0131 g\u00f6r\u00fc\u015fmede herhangi bir ek koz kullanmaya ihtiya\u00e7 [&hellip;]\" \/>\n<meta property=\"og:url\" content=\"https:\/\/akunq.net\/tr\/?p=63464\" \/>\n<meta property=\"og:site_name\" content=\"Bati Ermenistan Ve Bati Ermenileri Sorunlari Ara\u015ftirmalar Merkezi\" \/>\n<meta property=\"article:published_time\" content=\"2021-06-24T07:54:35+00:00\" \/>\n<meta property=\"og:image\" content=\"https:\/\/akunq.net\/tr\/wp-content\/uploads\/sites\/6\/2021\/06\/Menendez.jpg\" \/>\n\t<meta property=\"og:image:width\" content=\"705\" \/>\n\t<meta property=\"og:image:height\" content=\"375\" \/>\n\t<meta property=\"og:image:type\" content=\"image\/jpeg\" \/>\n<meta name=\"author\" content=\"admin\" \/>\n<meta name=\"twitter:card\" content=\"summary_large_image\" \/>\n<meta name=\"twitter:label1\" content=\"Written by\" \/>\n\t<meta name=\"twitter:data1\" content=\"admin\" \/>\n\t<meta name=\"twitter:label2\" content=\"Est. reading time\" \/>\n\t<meta name=\"twitter:data2\" content=\"1 minute\" \/>\n<script type=\"application\/ld+json\" class=\"yoast-schema-graph\">{\"@context\":\"https:\\\/\\\/schema.org\",\"@graph\":[{\"@type\":\"Article\",\"@id\":\"https:\\\/\\\/akunq.net\\\/tr\\\/?p=63464#article\",\"isPartOf\":{\"@id\":\"https:\\\/\\\/akunq.net\\\/tr\\\/?p=63464\"},\"author\":{\"name\":\"admin\",\"@id\":\"https:\\\/\\\/akunq.net\\\/tr\\\/#\\\/schema\\\/person\\\/096f1d38a12cce57fb855b485ed24c9e\"},\"headline\":\"ABD\u2019li Senat\u00f6r Menendez: Erdo\u011fan\u2019a \u00f6nemli bir tutum de\u011fi\u015fikli\u011fi olmad\u0131\u011f\u0131 s\u00fcrece taviz verilmemeli\",\"datePublished\":\"2021-06-24T07:54:35+00:00\",\"mainEntityOfPage\":{\"@id\":\"https:\\\/\\\/akunq.net\\\/tr\\\/?p=63464\"},\"wordCount\":316,\"commentCount\":0,\"image\":{\"@id\":\"https:\\\/\\\/akunq.net\\\/tr\\\/?p=63464#primaryimage\"},\"thumbnailUrl\":\"https:\\\/\\\/akunq.net\\\/tr\\\/wp-content\\\/uploads\\\/sites\\\/6\\\/2021\\\/06\\\/Menendez.jpg\",\"articleSection\":[\"Haberler\"],\"inLanguage\":\"en-US\",\"potentialAction\":[{\"@type\":\"CommentAction\",\"name\":\"Comment\",\"target\":[\"https:\\\/\\\/akunq.net\\\/tr\\\/?p=63464#respond\"]}]},{\"@type\":\"WebPage\",\"@id\":\"https:\\\/\\\/akunq.net\\\/tr\\\/?p=63464\",\"url\":\"https:\\\/\\\/akunq.net\\\/tr\\\/?p=63464\",\"name\":\"ABD\u2019li Senat\u00f6r Menendez: Erdo\u011fan\u2019a \u00f6nemli bir tutum de\u011fi\u015fikli\u011fi olmad\u0131\u011f\u0131 s\u00fcrece taviz verilmemeli - Bati Ermenistan Ve Bati Ermenileri Sorunlari Ara\u015ftirmalar Merkezi\",\"isPartOf\":{\"@id\":\"https:\\\/\\\/akunq.net\\\/tr\\\/#website\"},\"primaryImageOfPage\":{\"@id\":\"https:\\\/\\\/akunq.net\\\/tr\\\/?p=63464#primaryimage\"},\"image\":{\"@id\":\"https:\\\/\\\/akunq.net\\\/tr\\\/?p=63464#primaryimage\"},\"thumbnailUrl\":\"https:\\\/\\\/akunq.net\\\/tr\\\/wp-content\\\/uploads\\\/sites\\\/6\\\/2021\\\/06\\\/Menendez.jpg\",\"datePublished\":\"2021-06-24T07:54:35+00:00\",\"author\":{\"@id\":\"https:\\\/\\\/akunq.net\\\/tr\\\/#\\\/schema\\\/person\\\/096f1d38a12cce57fb855b485ed24c9e\"},\"breadcrumb\":{\"@id\":\"https:\\\/\\\/akunq.net\\\/tr\\\/?p=63464#breadcrumb\"},\"inLanguage\":\"en-US\",\"potentialAction\":[{\"@type\":\"ReadAction\",\"target\":[\"https:\\\/\\\/akunq.net\\\/tr\\\/?p=63464\"]}]},{\"@type\":\"ImageObject\",\"inLanguage\":\"en-US\",\"@id\":\"https:\\\/\\\/akunq.net\\\/tr\\\/?p=63464#primaryimage\",\"url\":\"https:\\\/\\\/akunq.net\\\/tr\\\/wp-content\\\/uploads\\\/sites\\\/6\\\/2021\\\/06\\\/Menendez.jpg\",\"contentUrl\":\"https:\\\/\\\/akunq.net\\\/tr\\\/wp-content\\\/uploads\\\/sites\\\/6\\\/2021\\\/06\\\/Menendez.jpg\",\"width\":705,\"height\":375},{\"@type\":\"BreadcrumbList\",\"@id\":\"https:\\\/\\\/akunq.net\\\/tr\\\/?p=63464#breadcrumb\",\"itemListElement\":[{\"@type\":\"ListItem\",\"position\":1,\"name\":\"Home\",\"item\":\"https:\\\/\\\/akunq.net\\\/tr\"},{\"@type\":\"ListItem\",\"position\":2,\"name\":\"ABD\u2019li Senat\u00f6r Menendez: Erdo\u011fan\u2019a \u00f6nemli bir tutum de\u011fi\u015fikli\u011fi olmad\u0131\u011f\u0131 s\u00fcrece taviz verilmemeli\"}]},{\"@type\":\"WebSite\",\"@id\":\"https:\\\/\\\/akunq.net\\\/tr\\\/#website\",\"url\":\"https:\\\/\\\/akunq.net\\\/tr\\\/\",\"name\":\"Bati Ermenistan Ve Bati Ermenileri Sorunlari Ara\u015ftirmalar Merkezi\",\"description\":\"\",\"potentialAction\":[{\"@type\":\"SearchAction\",\"target\":{\"@type\":\"EntryPoint\",\"urlTemplate\":\"https:\\\/\\\/akunq.net\\\/tr\\\/?s={search_term_string}\"},\"query-input\":{\"@type\":\"PropertyValueSpecification\",\"valueRequired\":true,\"valueName\":\"search_term_string\"}}],\"inLanguage\":\"en-US\"},{\"@type\":\"Person\",\"@id\":\"https:\\\/\\\/akunq.net\\\/tr\\\/#\\\/schema\\\/person\\\/096f1d38a12cce57fb855b485ed24c9e\",\"name\":\"admin\",\"url\":\"https:\\\/\\\/akunq.net\\\/tr\\\/?author=7\"}]}<\/script>\n<!-- \/ Yoast SEO plugin. -->","yoast_head_json":{"title":"ABD\u2019li Senat\u00f6r Menendez: Erdo\u011fan\u2019a \u00f6nemli bir tutum de\u011fi\u015fikli\u011fi olmad\u0131\u011f\u0131 s\u00fcrece taviz verilmemeli - Bati Ermenistan Ve Bati Ermenileri Sorunlari Ara\u015ftirmalar Merkezi","robots":{"index":"index","follow":"follow","max-snippet":"max-snippet:-1","max-image-preview":"max-image-preview:large","max-video-preview":"max-video-preview:-1"},"canonical":"https:\/\/akunq.net\/tr\/?p=63464","og_locale":"en_US","og_type":"article","og_title":"ABD\u2019li Senat\u00f6r Menendez: Erdo\u011fan\u2019a \u00f6nemli bir tutum de\u011fi\u015fikli\u011fi olmad\u0131\u011f\u0131 s\u00fcrece taviz verilmemeli - Bati Ermenistan Ve Bati Ermenileri Sorunlari Ara\u015ftirmalar Merkezi","og_description":"ABD Senatosu D\u0131\u015f \u0130li\u015fkiler Komisyonu Ba\u015fkan\u0131 ve Demokrat New Jersey Senat\u00f6r\u00fc Bob Menendez, T\u00fcrkiye ile ABD aras\u0131ndaki ili\u015fkilerin seyrine ili\u015fkin de\u011ferlendirmelerde bulundu. Yunan Kathimerini gazetesine r\u00f6portaj veren Menendez, ABD Ba\u015fkan\u0131 Joe Biden ile T\u00fcrkiye Cumhurba\u015fkan\u0131 Recep Tayyip Erdo\u011fan aras\u0131ndaki g\u00f6r\u00fc\u015fmeye dair \u201cBa\u015fkan Biden, ge\u00e7en hafta Erdo\u011fan ile yapt\u0131\u011f\u0131 g\u00f6r\u00fc\u015fmede herhangi bir ek koz kullanmaya ihtiya\u00e7 [&hellip;]","og_url":"https:\/\/akunq.net\/tr\/?p=63464","og_site_name":"Bati Ermenistan Ve Bati Ermenileri Sorunlari Ara\u015ftirmalar Merkezi","article_published_time":"2021-06-24T07:54:35+00:00","og_image":[{"width":705,"height":375,"url":"https:\/\/akunq.net\/tr\/wp-content\/uploads\/sites\/6\/2021\/06\/Menendez.jpg","type":"image\/jpeg"}],"author":"admin","twitter_card":"summary_large_image","twitter_misc":{"Written by":"admin","Est. reading time":"1 minute"},"schema":{"@context":"https:\/\/schema.org","@graph":[{"@type":"Article","@id":"https:\/\/akunq.net\/tr\/?p=63464#article","isPartOf":{"@id":"https:\/\/akunq.net\/tr\/?p=63464"},"author":{"name":"admin","@id":"https:\/\/akunq.net\/tr\/#\/schema\/person\/096f1d38a12cce57fb855b485ed24c9e"},"headline":"ABD\u2019li Senat\u00f6r Menendez: Erdo\u011fan\u2019a \u00f6nemli bir tutum de\u011fi\u015fikli\u011fi olmad\u0131\u011f\u0131 s\u00fcrece taviz verilmemeli","datePublished":"2021-06-24T07:54:35+00:00","mainEntityOfPage":{"@id":"https:\/\/akunq.net\/tr\/?p=63464"},"wordCount":316,"commentCount":0,"image":{"@id":"https:\/\/akunq.net\/tr\/?p=63464#primaryimage"},"thumbnailUrl":"https:\/\/akunq.net\/tr\/wp-content\/uploads\/sites\/6\/2021\/06\/Menendez.jpg","articleSection":["Haberler"],"inLanguage":"en-US","potentialAction":[{"@type":"CommentAction","name":"Comment","target":["https:\/\/akunq.net\/tr\/?p=63464#respond"]}]},{"@type":"WebPage","@id":"https:\/\/akunq.net\/tr\/?p=63464","url":"https:\/\/akunq.net\/tr\/?p=63464","name":"ABD\u2019li Senat\u00f6r Menendez: Erdo\u011fan\u2019a \u00f6nemli bir tutum de\u011fi\u015fikli\u011fi olmad\u0131\u011f\u0131 s\u00fcrece taviz verilmemeli - Bati Ermenistan Ve Bati Ermenileri Sorunlari Ara\u015ftirmalar Merkezi","isPartOf":{"@id":"https:\/\/akunq.net\/tr\/#website"},"primaryImageOfPage":{"@id":"https:\/\/akunq.net\/tr\/?p=63464#primaryimage"},"image":{"@id":"https:\/\/akunq.net\/tr\/?p=63464#primaryimage"},"thumbnailUrl":"https:\/\/akunq.net\/tr\/wp-content\/uploads\/sites\/6\/2021\/06\/Menendez.jpg","datePublished":"2021-06-24T07:54:35+00:00","author":{"@id":"https:\/\/akunq.net\/tr\/#\/schema\/person\/096f1d38a12cce57fb855b485ed24c9e"},"breadcrumb":{"@id":"https:\/\/akunq.net\/tr\/?p=63464#breadcrumb"},"inLanguage":"en-US","potentialAction":[{"@type":"ReadAction","target":["https:\/\/akunq.net\/tr\/?p=63464"]}]},{"@type":"ImageObject","inLanguage":"en-US","@id":"https:\/\/akunq.net\/tr\/?p=63464#primaryimage","url":"https:\/\/akunq.net\/tr\/wp-content\/uploads\/sites\/6\/2021\/06\/Menendez.jpg","contentUrl":"https:\/\/akunq.net\/tr\/wp-content\/uploads\/sites\/6\/2021\/06\/Menendez.jpg","width":705,"height":375},{"@type":"BreadcrumbList","@id":"https:\/\/akunq.net\/tr\/?p=63464#breadcrumb","itemListElement":[{"@type":"ListItem","position":1,"name":"Home","item":"https:\/\/akunq.net\/tr"},{"@type":"ListItem","position":2,"name":"ABD\u2019li Senat\u00f6r Menendez: Erdo\u011fan\u2019a \u00f6nemli bir tutum de\u011fi\u015fikli\u011fi olmad\u0131\u011f\u0131 s\u00fcrece taviz verilmemeli"}]},{"@type":"WebSite","@id":"https:\/\/akunq.net\/tr\/#website","url":"https:\/\/akunq.net\/tr\/","name":"Bati Ermenistan Ve Bati Ermenileri Sorunlari Ara\u015ftirmalar Merkezi","description":"","potentialAction":[{"@type":"SearchAction","target":{"@type":"EntryPoint","urlTemplate":"https:\/\/akunq.net\/tr\/?s={search_term_string}"},"query-input":{"@type":"PropertyValueSpecification","valueRequired":true,"valueName":"search_term_string"}}],"inLanguage":"en-US"},{"@type":"Person","@id":"https:\/\/akunq.net\/tr\/#\/schema\/person\/096f1d38a12cce57fb855b485ed24c9e","name":"admin","url":"https:\/\/akunq.net\/tr\/?author=7"}]}},"_links":{"self":[{"href":"https:\/\/akunq.net\/tr\/index.php?rest_route=\/wp\/v2\/posts\/63464","targetHints":{"allow":["GET"]}}],"collection":[{"href":"https:\/\/akunq.net\/tr\/index.php?rest_route=\/wp\/v2\/posts"}],"about":[{"href":"https:\/\/akunq.net\/tr\/index.php?rest_route=\/wp\/v2\/types\/post"}],"author":[{"embeddable":true,"href":"https:\/\/akunq.net\/tr\/index.php?rest_route=\/wp\/v2\/users\/7"}],"replies":[{"embeddable":true,"href":"https:\/\/akunq.net\/tr\/index.php?rest_route=%2Fwp%2Fv2%2Fcomments&post=63464"}],"version-history":[{"count":1,"href":"https:\/\/akunq.net\/tr\/index.php?rest_route=\/wp\/v2\/posts\/63464\/revisions"}],"predecessor-version":[{"id":63466,"href":"https:\/\/akunq.net\/tr\/index.php?rest_route=\/wp\/v2\/posts\/63464\/revisions\/63466"}],"wp:featuredmedia":[{"embeddable":true,"href":"https:\/\/akunq.net\/tr\/index.php?rest_route=\/wp\/v2\/media\/63465"}],"wp:attachment":[{"href":"https:\/\/akunq.net\/tr\/index.php?rest_route=%2Fwp%2Fv2%2Fmedia&parent=63464"}],"wp:term":[{"taxonomy":"category","embeddable":true,"href":"https:\/\/akunq.net\/tr\/index.php?rest_route=%2Fwp%2Fv2%2Fcategories&post=63464"},{"taxonomy":"post_tag","embeddable":true,"href":"https:\/\/akunq.net\/tr\/index.php?rest_route=%2Fwp%2Fv2%2Ftags&post=63464"}],"curies":[{"name":"wp","href":"https:\/\/api.w.org\/{rel}","templated":true}]}}