{"id":63458,"date":"2021-06-24T02:38:22","date_gmt":"2021-06-24T07:38:22","guid":{"rendered":"https:\/\/akunq.net\/tr\/?p=63458"},"modified":"2021-06-24T02:38:22","modified_gmt":"2021-06-24T07:38:22","slug":"muzik-tarihcisi-francesco-martinelli-hasan-saltiki-yazdi-turkiyenin-buyuk-bir-vefa-borcu-var","status":"publish","type":"post","link":"https:\/\/akunq.net\/tr\/?p=63458","title":{"rendered":"M\u00fczik tarih\u00e7isi Francesco Martinelli Hasan Salt\u0131k\u2019\u0131 yazd\u0131: T\u00fcrkiye\u2019nin b\u00fcy\u00fck bir vefa borcu var"},"content":{"rendered":"<p><img loading=\"lazy\" decoding=\"async\" class=\"aligncenter size-medium wp-image-63459\" src=\"https:\/\/akunq.net\/tr\/wp-content\/uploads\/2021\/06\/Hasan-Saltik-360x203.jpg\" alt=\"\" width=\"360\" height=\"203\" srcset=\"https:\/\/akunq.net\/tr\/wp-content\/uploads\/sites\/6\/2021\/06\/Hasan-Saltik-360x203.jpg 360w, https:\/\/akunq.net\/tr\/wp-content\/uploads\/sites\/6\/2021\/06\/Hasan-Saltik-768x432.jpg 768w, https:\/\/akunq.net\/tr\/wp-content\/uploads\/sites\/6\/2021\/06\/Hasan-Saltik-560x315.jpg 560w, https:\/\/akunq.net\/tr\/wp-content\/uploads\/sites\/6\/2021\/06\/Hasan-Saltik-260x146.jpg 260w, https:\/\/akunq.net\/tr\/wp-content\/uploads\/sites\/6\/2021\/06\/Hasan-Saltik-160x90.jpg 160w, https:\/\/akunq.net\/tr\/wp-content\/uploads\/sites\/6\/2021\/06\/Hasan-Saltik.jpg 1280w\" sizes=\"auto, (max-width: 360px) 100vw, 360px\" \/><\/p>\n<p><em><strong>M\u00fczik tarih\u00e7isi Francesco Martinelli, ge\u00e7ti\u011fimiz g\u00fcnlerde vefat eden Hasan Salt\u0131k hakk\u0131nda yazd\u0131: T\u00fcrkiye\u2019nin Hasan Salt\u0131k\u2019a b\u00fcy\u00fck bir vefa borcu var.<\/strong><\/em><\/p>\n<p>DUVAR \u2013 T\u00fcrkiye m\u00fczi\u011fi \u00fczerine \u00e7al\u0131\u015fmalar\u0131yla tan\u0131nan \u0130talyan m\u00fczik tarih\u00e7isi ve yazar Francesco Martinelli, 2 Haziran\u2019da vefat eden yap\u0131mc\u0131 Hasan Salt\u0131k ile ilgili bir yaz\u0131 kaleme ald\u0131.<\/p>\n<p>\u0130ngiltere merkezli d\u00fcnya m\u00fczi\u011fi portal\u0131 Songlines\u2019ta yay\u0131nlanan yaz\u0131s\u0131nda Martinelli, Hasan Salt\u0131k\u2019\u0131n hayat\u0131yla ve ge\u00e7mi\u015fiyle ilgili bilgilerin yan\u0131 s\u0131ra, onun m\u00fczik d\u00fcnyas\u0131na yapt\u0131\u011f\u0131 katk\u0131lara de\u011findi.<\/p>\n<p>Martinelli, yaz\u0131s\u0131nda \u015fu ifadelere yer verdi:<\/p>\n<p>\u201c90\u2019lar\u0131n ba\u015f\u0131nda yabanc\u0131 pop ve Arabesk m\u00fczi\u011fin hegemonyas\u0131ndaki T\u00fcrkiye m\u00fczik piyasas\u0131n\u0131n pazarlanabilir oldu\u011funu d\u00fc\u015f\u00fcnmedi\u011fi geleneksel, yerel ve klasik m\u00fczi\u011fin k\u00fclt\u00fcrel ve ticari de\u011ferini g\u00f6rd\u00fc.<\/p>\n<p>Bir yap\u0131m \u015firketinden fazlas\u0131 olan Kalan, -muhtemelen Salt\u0131k\u2019\u0131n Dersim k\u00f6kleri nedeniyle- K\u00fcrt ve di\u011fer az\u0131nl\u0131k m\u00fcziklerini de i\u00e7eren, tarihi ve etnik m\u00fczik a\u00e7\u0131s\u0131ndan kurumsal bir ar\u015fiv olma \u00f6zelli\u011fini de ta\u015f\u0131yor. 30 y\u0131ldan uzun bir s\u00fcre bu yap\u0131m \u015firketi siyasi, toplumsal ve dilsel engelleri a\u015farak devletin asla yapmad\u0131\u011f\u0131 bir \u015feyi yapm\u0131\u015f ve Anadolu\u2019nun ve onun t\u00fcm tarihsel n\u00fcfusunun m\u00fczikal miras\u0131n\u0131 belgelemek i\u00e7in \u00e7ok kapsaml\u0131 bir \u00e7aba g\u00f6stermi\u015ftir.\u201d<\/p>\n<p>Salt\u0131k\u2019\u0131n Kalan m\u00fczikle Grup Yorum, Erkan O\u011fur, Karde\u015f T\u00fcrk\u00fcler gibi \u00e7ok pop\u00fcler olmu\u015f \u00e7al\u0131\u015fmalara da imza att\u0131\u011f\u0131n\u0131 belirten Martinelli, \u201cT\u00fcrkiye\u2019nin Hasan Salt\u0131k\u2019a b\u00fcy\u00fck bir vefa borcu var\u201d dedi.<\/p>\n<hr \/>\n<p><em><strong><a href=\"https:\/\/www.gazeteduvar.com.tr\/muzik-tarihcisi-francesco-martinelli-hasan-saltiki-yazdi-turkiyenin-buyuk-bir-vefa-borcu-var-haber-1526403\" target=\"_blank\" rel=\"noopener noreferrer\">Gazete Duvar<\/a>\u00a0<\/strong><\/em><\/p>\n","protected":false},"excerpt":{"rendered":"<p>M\u00fczik tarih\u00e7isi Francesco Martinelli, ge\u00e7ti\u011fimiz g\u00fcnlerde vefat eden Hasan Salt\u0131k hakk\u0131nda yazd\u0131: T\u00fcrkiye\u2019nin Hasan Salt\u0131k\u2019a b\u00fcy\u00fck bir vefa borcu var. DUVAR \u2013 T\u00fcrkiye m\u00fczi\u011fi \u00fczerine \u00e7al\u0131\u015fmalar\u0131yla tan\u0131nan \u0130talyan m\u00fczik tarih\u00e7isi ve yazar Francesco Martinelli, 2 Haziran\u2019da vefat eden yap\u0131mc\u0131 Hasan Salt\u0131k ile ilgili bir yaz\u0131 kaleme ald\u0131. \u0130ngiltere merkezli d\u00fcnya m\u00fczi\u011fi portal\u0131 Songlines\u2019ta yay\u0131nlanan yaz\u0131s\u0131nda [&hellip;]<\/p>\n","protected":false},"author":7,"featured_media":63459,"comment_status":"open","ping_status":"open","sticky":false,"template":"","format":"standard","meta":{"footnotes":""},"categories":[1],"tags":[],"class_list":["post-63458","post","type-post","status-publish","format-standard","has-post-thumbnail","hentry","category-haberler"],"yoast_head":"<!-- This site is optimized with the Yoast SEO plugin v27.4 - https:\/\/yoast.com\/product\/yoast-seo-wordpress\/ -->\n<title>M\u00fczik tarih\u00e7isi Francesco Martinelli Hasan Salt\u0131k\u2019\u0131 yazd\u0131: T\u00fcrkiye\u2019nin b\u00fcy\u00fck bir vefa borcu var - Bati Ermenistan Ve Bati Ermenileri Sorunlari Ara\u015ftirmalar Merkezi<\/title>\n<meta name=\"robots\" content=\"index, follow, max-snippet:-1, max-image-preview:large, max-video-preview:-1\" \/>\n<link rel=\"canonical\" href=\"https:\/\/akunq.net\/tr\/?p=63458\" \/>\n<meta property=\"og:locale\" content=\"en_US\" \/>\n<meta property=\"og:type\" content=\"article\" \/>\n<meta property=\"og:title\" content=\"M\u00fczik tarih\u00e7isi Francesco Martinelli Hasan Salt\u0131k\u2019\u0131 yazd\u0131: T\u00fcrkiye\u2019nin b\u00fcy\u00fck bir vefa borcu var - Bati Ermenistan Ve Bati Ermenileri Sorunlari Ara\u015ftirmalar Merkezi\" \/>\n<meta property=\"og:description\" content=\"M\u00fczik tarih\u00e7isi Francesco Martinelli, ge\u00e7ti\u011fimiz g\u00fcnlerde vefat eden Hasan Salt\u0131k hakk\u0131nda yazd\u0131: T\u00fcrkiye\u2019nin Hasan Salt\u0131k\u2019a b\u00fcy\u00fck bir vefa borcu var. DUVAR \u2013 T\u00fcrkiye m\u00fczi\u011fi \u00fczerine \u00e7al\u0131\u015fmalar\u0131yla tan\u0131nan \u0130talyan m\u00fczik tarih\u00e7isi ve yazar Francesco Martinelli, 2 Haziran\u2019da vefat eden yap\u0131mc\u0131 Hasan Salt\u0131k ile ilgili bir yaz\u0131 kaleme ald\u0131. \u0130ngiltere merkezli d\u00fcnya m\u00fczi\u011fi portal\u0131 Songlines\u2019ta yay\u0131nlanan yaz\u0131s\u0131nda [&hellip;]\" \/>\n<meta property=\"og:url\" content=\"https:\/\/akunq.net\/tr\/?p=63458\" \/>\n<meta property=\"og:site_name\" content=\"Bati Ermenistan Ve Bati Ermenileri Sorunlari Ara\u015ftirmalar Merkezi\" \/>\n<meta property=\"article:published_time\" content=\"2021-06-24T07:38:22+00:00\" \/>\n<meta property=\"og:image\" content=\"https:\/\/akunq.net\/tr\/wp-content\/uploads\/sites\/6\/2021\/06\/Hasan-Saltik.jpg\" \/>\n\t<meta property=\"og:image:width\" content=\"1280\" \/>\n\t<meta property=\"og:image:height\" content=\"720\" \/>\n\t<meta property=\"og:image:type\" content=\"image\/jpeg\" \/>\n<meta name=\"author\" content=\"admin\" \/>\n<meta name=\"twitter:card\" content=\"summary_large_image\" \/>\n<meta name=\"twitter:label1\" content=\"Written by\" \/>\n\t<meta name=\"twitter:data1\" content=\"admin\" \/>\n\t<meta name=\"twitter:label2\" content=\"Est. reading time\" \/>\n\t<meta name=\"twitter:data2\" content=\"1 minute\" \/>\n<script type=\"application\/ld+json\" class=\"yoast-schema-graph\">{\"@context\":\"https:\\\/\\\/schema.org\",\"@graph\":[{\"@type\":\"Article\",\"@id\":\"https:\\\/\\\/akunq.net\\\/tr\\\/?p=63458#article\",\"isPartOf\":{\"@id\":\"https:\\\/\\\/akunq.net\\\/tr\\\/?p=63458\"},\"author\":{\"name\":\"admin\",\"@id\":\"https:\\\/\\\/akunq.net\\\/tr\\\/#\\\/schema\\\/person\\\/096f1d38a12cce57fb855b485ed24c9e\"},\"headline\":\"M\u00fczik tarih\u00e7isi Francesco Martinelli Hasan Salt\u0131k\u2019\u0131 yazd\u0131: T\u00fcrkiye\u2019nin b\u00fcy\u00fck bir vefa borcu var\",\"datePublished\":\"2021-06-24T07:38:22+00:00\",\"mainEntityOfPage\":{\"@id\":\"https:\\\/\\\/akunq.net\\\/tr\\\/?p=63458\"},\"wordCount\":319,\"commentCount\":0,\"image\":{\"@id\":\"https:\\\/\\\/akunq.net\\\/tr\\\/?p=63458#primaryimage\"},\"thumbnailUrl\":\"https:\\\/\\\/akunq.net\\\/tr\\\/wp-content\\\/uploads\\\/sites\\\/6\\\/2021\\\/06\\\/Hasan-Saltik.jpg\",\"articleSection\":[\"Haberler\"],\"inLanguage\":\"en-US\",\"potentialAction\":[{\"@type\":\"CommentAction\",\"name\":\"Comment\",\"target\":[\"https:\\\/\\\/akunq.net\\\/tr\\\/?p=63458#respond\"]}]},{\"@type\":\"WebPage\",\"@id\":\"https:\\\/\\\/akunq.net\\\/tr\\\/?p=63458\",\"url\":\"https:\\\/\\\/akunq.net\\\/tr\\\/?p=63458\",\"name\":\"M\u00fczik tarih\u00e7isi Francesco Martinelli Hasan Salt\u0131k\u2019\u0131 yazd\u0131: T\u00fcrkiye\u2019nin b\u00fcy\u00fck bir vefa borcu var - Bati Ermenistan Ve Bati Ermenileri Sorunlari Ara\u015ftirmalar Merkezi\",\"isPartOf\":{\"@id\":\"https:\\\/\\\/akunq.net\\\/tr\\\/#website\"},\"primaryImageOfPage\":{\"@id\":\"https:\\\/\\\/akunq.net\\\/tr\\\/?p=63458#primaryimage\"},\"image\":{\"@id\":\"https:\\\/\\\/akunq.net\\\/tr\\\/?p=63458#primaryimage\"},\"thumbnailUrl\":\"https:\\\/\\\/akunq.net\\\/tr\\\/wp-content\\\/uploads\\\/sites\\\/6\\\/2021\\\/06\\\/Hasan-Saltik.jpg\",\"datePublished\":\"2021-06-24T07:38:22+00:00\",\"author\":{\"@id\":\"https:\\\/\\\/akunq.net\\\/tr\\\/#\\\/schema\\\/person\\\/096f1d38a12cce57fb855b485ed24c9e\"},\"breadcrumb\":{\"@id\":\"https:\\\/\\\/akunq.net\\\/tr\\\/?p=63458#breadcrumb\"},\"inLanguage\":\"en-US\",\"potentialAction\":[{\"@type\":\"ReadAction\",\"target\":[\"https:\\\/\\\/akunq.net\\\/tr\\\/?p=63458\"]}]},{\"@type\":\"ImageObject\",\"inLanguage\":\"en-US\",\"@id\":\"https:\\\/\\\/akunq.net\\\/tr\\\/?p=63458#primaryimage\",\"url\":\"https:\\\/\\\/akunq.net\\\/tr\\\/wp-content\\\/uploads\\\/sites\\\/6\\\/2021\\\/06\\\/Hasan-Saltik.jpg\",\"contentUrl\":\"https:\\\/\\\/akunq.net\\\/tr\\\/wp-content\\\/uploads\\\/sites\\\/6\\\/2021\\\/06\\\/Hasan-Saltik.jpg\",\"width\":1280,\"height\":720},{\"@type\":\"BreadcrumbList\",\"@id\":\"https:\\\/\\\/akunq.net\\\/tr\\\/?p=63458#breadcrumb\",\"itemListElement\":[{\"@type\":\"ListItem\",\"position\":1,\"name\":\"Home\",\"item\":\"https:\\\/\\\/akunq.net\\\/tr\"},{\"@type\":\"ListItem\",\"position\":2,\"name\":\"M\u00fczik tarih\u00e7isi Francesco Martinelli Hasan Salt\u0131k\u2019\u0131 yazd\u0131: T\u00fcrkiye\u2019nin b\u00fcy\u00fck bir vefa borcu var\"}]},{\"@type\":\"WebSite\",\"@id\":\"https:\\\/\\\/akunq.net\\\/tr\\\/#website\",\"url\":\"https:\\\/\\\/akunq.net\\\/tr\\\/\",\"name\":\"Bati Ermenistan Ve Bati Ermenileri Sorunlari Ara\u015ftirmalar Merkezi\",\"description\":\"\",\"potentialAction\":[{\"@type\":\"SearchAction\",\"target\":{\"@type\":\"EntryPoint\",\"urlTemplate\":\"https:\\\/\\\/akunq.net\\\/tr\\\/?s={search_term_string}\"},\"query-input\":{\"@type\":\"PropertyValueSpecification\",\"valueRequired\":true,\"valueName\":\"search_term_string\"}}],\"inLanguage\":\"en-US\"},{\"@type\":\"Person\",\"@id\":\"https:\\\/\\\/akunq.net\\\/tr\\\/#\\\/schema\\\/person\\\/096f1d38a12cce57fb855b485ed24c9e\",\"name\":\"admin\",\"url\":\"https:\\\/\\\/akunq.net\\\/tr\\\/?author=7\"}]}<\/script>\n<!-- \/ Yoast SEO plugin. -->","yoast_head_json":{"title":"M\u00fczik tarih\u00e7isi Francesco Martinelli Hasan Salt\u0131k\u2019\u0131 yazd\u0131: T\u00fcrkiye\u2019nin b\u00fcy\u00fck bir vefa borcu var - Bati Ermenistan Ve Bati Ermenileri Sorunlari Ara\u015ftirmalar Merkezi","robots":{"index":"index","follow":"follow","max-snippet":"max-snippet:-1","max-image-preview":"max-image-preview:large","max-video-preview":"max-video-preview:-1"},"canonical":"https:\/\/akunq.net\/tr\/?p=63458","og_locale":"en_US","og_type":"article","og_title":"M\u00fczik tarih\u00e7isi Francesco Martinelli Hasan Salt\u0131k\u2019\u0131 yazd\u0131: T\u00fcrkiye\u2019nin b\u00fcy\u00fck bir vefa borcu var - Bati Ermenistan Ve Bati Ermenileri Sorunlari Ara\u015ftirmalar Merkezi","og_description":"M\u00fczik tarih\u00e7isi Francesco Martinelli, ge\u00e7ti\u011fimiz g\u00fcnlerde vefat eden Hasan Salt\u0131k hakk\u0131nda yazd\u0131: T\u00fcrkiye\u2019nin Hasan Salt\u0131k\u2019a b\u00fcy\u00fck bir vefa borcu var. DUVAR \u2013 T\u00fcrkiye m\u00fczi\u011fi \u00fczerine \u00e7al\u0131\u015fmalar\u0131yla tan\u0131nan \u0130talyan m\u00fczik tarih\u00e7isi ve yazar Francesco Martinelli, 2 Haziran\u2019da vefat eden yap\u0131mc\u0131 Hasan Salt\u0131k ile ilgili bir yaz\u0131 kaleme ald\u0131. \u0130ngiltere merkezli d\u00fcnya m\u00fczi\u011fi portal\u0131 Songlines\u2019ta yay\u0131nlanan yaz\u0131s\u0131nda [&hellip;]","og_url":"https:\/\/akunq.net\/tr\/?p=63458","og_site_name":"Bati Ermenistan Ve Bati Ermenileri Sorunlari Ara\u015ftirmalar Merkezi","article_published_time":"2021-06-24T07:38:22+00:00","og_image":[{"width":1280,"height":720,"url":"https:\/\/akunq.net\/tr\/wp-content\/uploads\/sites\/6\/2021\/06\/Hasan-Saltik.jpg","type":"image\/jpeg"}],"author":"admin","twitter_card":"summary_large_image","twitter_misc":{"Written by":"admin","Est. reading time":"1 minute"},"schema":{"@context":"https:\/\/schema.org","@graph":[{"@type":"Article","@id":"https:\/\/akunq.net\/tr\/?p=63458#article","isPartOf":{"@id":"https:\/\/akunq.net\/tr\/?p=63458"},"author":{"name":"admin","@id":"https:\/\/akunq.net\/tr\/#\/schema\/person\/096f1d38a12cce57fb855b485ed24c9e"},"headline":"M\u00fczik tarih\u00e7isi Francesco Martinelli Hasan Salt\u0131k\u2019\u0131 yazd\u0131: T\u00fcrkiye\u2019nin b\u00fcy\u00fck bir vefa borcu var","datePublished":"2021-06-24T07:38:22+00:00","mainEntityOfPage":{"@id":"https:\/\/akunq.net\/tr\/?p=63458"},"wordCount":319,"commentCount":0,"image":{"@id":"https:\/\/akunq.net\/tr\/?p=63458#primaryimage"},"thumbnailUrl":"https:\/\/akunq.net\/tr\/wp-content\/uploads\/sites\/6\/2021\/06\/Hasan-Saltik.jpg","articleSection":["Haberler"],"inLanguage":"en-US","potentialAction":[{"@type":"CommentAction","name":"Comment","target":["https:\/\/akunq.net\/tr\/?p=63458#respond"]}]},{"@type":"WebPage","@id":"https:\/\/akunq.net\/tr\/?p=63458","url":"https:\/\/akunq.net\/tr\/?p=63458","name":"M\u00fczik tarih\u00e7isi Francesco Martinelli Hasan Salt\u0131k\u2019\u0131 yazd\u0131: T\u00fcrkiye\u2019nin b\u00fcy\u00fck bir vefa borcu var - Bati Ermenistan Ve Bati Ermenileri Sorunlari Ara\u015ftirmalar Merkezi","isPartOf":{"@id":"https:\/\/akunq.net\/tr\/#website"},"primaryImageOfPage":{"@id":"https:\/\/akunq.net\/tr\/?p=63458#primaryimage"},"image":{"@id":"https:\/\/akunq.net\/tr\/?p=63458#primaryimage"},"thumbnailUrl":"https:\/\/akunq.net\/tr\/wp-content\/uploads\/sites\/6\/2021\/06\/Hasan-Saltik.jpg","datePublished":"2021-06-24T07:38:22+00:00","author":{"@id":"https:\/\/akunq.net\/tr\/#\/schema\/person\/096f1d38a12cce57fb855b485ed24c9e"},"breadcrumb":{"@id":"https:\/\/akunq.net\/tr\/?p=63458#breadcrumb"},"inLanguage":"en-US","potentialAction":[{"@type":"ReadAction","target":["https:\/\/akunq.net\/tr\/?p=63458"]}]},{"@type":"ImageObject","inLanguage":"en-US","@id":"https:\/\/akunq.net\/tr\/?p=63458#primaryimage","url":"https:\/\/akunq.net\/tr\/wp-content\/uploads\/sites\/6\/2021\/06\/Hasan-Saltik.jpg","contentUrl":"https:\/\/akunq.net\/tr\/wp-content\/uploads\/sites\/6\/2021\/06\/Hasan-Saltik.jpg","width":1280,"height":720},{"@type":"BreadcrumbList","@id":"https:\/\/akunq.net\/tr\/?p=63458#breadcrumb","itemListElement":[{"@type":"ListItem","position":1,"name":"Home","item":"https:\/\/akunq.net\/tr"},{"@type":"ListItem","position":2,"name":"M\u00fczik tarih\u00e7isi Francesco Martinelli Hasan Salt\u0131k\u2019\u0131 yazd\u0131: T\u00fcrkiye\u2019nin b\u00fcy\u00fck bir vefa borcu var"}]},{"@type":"WebSite","@id":"https:\/\/akunq.net\/tr\/#website","url":"https:\/\/akunq.net\/tr\/","name":"Bati Ermenistan Ve Bati Ermenileri Sorunlari Ara\u015ftirmalar Merkezi","description":"","potentialAction":[{"@type":"SearchAction","target":{"@type":"EntryPoint","urlTemplate":"https:\/\/akunq.net\/tr\/?s={search_term_string}"},"query-input":{"@type":"PropertyValueSpecification","valueRequired":true,"valueName":"search_term_string"}}],"inLanguage":"en-US"},{"@type":"Person","@id":"https:\/\/akunq.net\/tr\/#\/schema\/person\/096f1d38a12cce57fb855b485ed24c9e","name":"admin","url":"https:\/\/akunq.net\/tr\/?author=7"}]}},"_links":{"self":[{"href":"https:\/\/akunq.net\/tr\/index.php?rest_route=\/wp\/v2\/posts\/63458","targetHints":{"allow":["GET"]}}],"collection":[{"href":"https:\/\/akunq.net\/tr\/index.php?rest_route=\/wp\/v2\/posts"}],"about":[{"href":"https:\/\/akunq.net\/tr\/index.php?rest_route=\/wp\/v2\/types\/post"}],"author":[{"embeddable":true,"href":"https:\/\/akunq.net\/tr\/index.php?rest_route=\/wp\/v2\/users\/7"}],"replies":[{"embeddable":true,"href":"https:\/\/akunq.net\/tr\/index.php?rest_route=%2Fwp%2Fv2%2Fcomments&post=63458"}],"version-history":[{"count":1,"href":"https:\/\/akunq.net\/tr\/index.php?rest_route=\/wp\/v2\/posts\/63458\/revisions"}],"predecessor-version":[{"id":63460,"href":"https:\/\/akunq.net\/tr\/index.php?rest_route=\/wp\/v2\/posts\/63458\/revisions\/63460"}],"wp:featuredmedia":[{"embeddable":true,"href":"https:\/\/akunq.net\/tr\/index.php?rest_route=\/wp\/v2\/media\/63459"}],"wp:attachment":[{"href":"https:\/\/akunq.net\/tr\/index.php?rest_route=%2Fwp%2Fv2%2Fmedia&parent=63458"}],"wp:term":[{"taxonomy":"category","embeddable":true,"href":"https:\/\/akunq.net\/tr\/index.php?rest_route=%2Fwp%2Fv2%2Fcategories&post=63458"},{"taxonomy":"post_tag","embeddable":true,"href":"https:\/\/akunq.net\/tr\/index.php?rest_route=%2Fwp%2Fv2%2Ftags&post=63458"}],"curies":[{"name":"wp","href":"https:\/\/api.w.org\/{rel}","templated":true}]}}