{"id":63449,"date":"2021-06-24T02:00:57","date_gmt":"2021-06-24T07:00:57","guid":{"rendered":"https:\/\/akunq.net\/tr\/?p=63449"},"modified":"2021-06-24T02:00:57","modified_gmt":"2021-06-24T07:00:57","slug":"hollanda-parlamentosundaki-turk-partisi-ermeni-esirlerini-derhal-serbest-birakma-cagrisina-katildi","status":"publish","type":"post","link":"https:\/\/akunq.net\/tr\/?p=63449","title":{"rendered":"Hollanda Parlamentosu\u2019ndaki T\u00fcrk partisi Ermeni esirlerini derhal serbest b\u0131rakma \u00e7a\u011fr\u0131s\u0131na kat\u0131ld\u0131"},"content":{"rendered":"<p><img loading=\"lazy\" decoding=\"async\" class=\"aligncenter size-medium wp-image-63450\" src=\"https:\/\/akunq.net\/tr\/wp-content\/uploads\/2021\/06\/\u0570\u0561\u0575-\u057c\u0561\u0566\u0574\u0561\u0563\u0565\u0580\u056b\u0576\u0565\u0580-360x239.png\" alt=\"\" width=\"360\" height=\"239\" srcset=\"https:\/\/akunq.net\/tr\/wp-content\/uploads\/sites\/6\/2021\/06\/\u0570\u0561\u0575-\u057c\u0561\u0566\u0574\u0561\u0563\u0565\u0580\u056b\u0576\u0565\u0580-360x239.png 360w, https:\/\/akunq.net\/tr\/wp-content\/uploads\/sites\/6\/2021\/06\/\u0570\u0561\u0575-\u057c\u0561\u0566\u0574\u0561\u0563\u0565\u0580\u056b\u0576\u0565\u0580-560x371.png 560w, https:\/\/akunq.net\/tr\/wp-content\/uploads\/sites\/6\/2021\/06\/\u0570\u0561\u0575-\u057c\u0561\u0566\u0574\u0561\u0563\u0565\u0580\u056b\u0576\u0565\u0580-260x172.png 260w, https:\/\/akunq.net\/tr\/wp-content\/uploads\/sites\/6\/2021\/06\/\u0570\u0561\u0575-\u057c\u0561\u0566\u0574\u0561\u0563\u0565\u0580\u056b\u0576\u0565\u0580-160x106.png 160w, https:\/\/akunq.net\/tr\/wp-content\/uploads\/sites\/6\/2021\/06\/\u0570\u0561\u0575-\u057c\u0561\u0566\u0574\u0561\u0563\u0565\u0580\u056b\u0576\u0565\u0580.png 769w\" sizes=\"auto, (max-width: 360px) 100vw, 360px\" \/><\/p>\n<p><em><strong>Hollanda\u2019da T\u00fcrkiye ve Azerbaycan\u2019\u0131n menfaatlerine hizmet eden, T\u00fcrklerden olu\u015fan \u201cDenk\u201d Partisi tutumunu de\u011fi\u015ftirerek Parlamento\u2019da Azerbaycan\u2019a kar\u015f\u0131 kabul edilen tasar\u0131y\u0131 destekledi.<\/strong><\/em><\/p>\n<p>Hollanda Parlamentosu\u2019nda temsil edilen \u00fc\u00e7 ki\u015filk \u201cDenk\u201d Partisi T\u00fcrk cemaatinin oylar\u0131 sayesinde Parlamento\u2019da yer al\u0131yor.<\/p>\n<p>Ge\u00e7en hafta Parlamento Hollanda D\u0131\u015fi\u015fleri Bakan\u0131\u2019na y\u00f6nelik bir \u00e7a\u011fr\u0131 i\u00e7eren tasar\u0131 onaylad\u0131. Bu tasar\u0131ya g\u00f6re Hollanda D\u0131\u015fi\u015fleri Bakan\u0131 Avrupa d\u00fczeyinde Azerbaycan\u2019a kar\u015f\u0131 bask\u0131 uygulay\u0131p Ermeni esirlerinin derhal iadesini sa\u011flama konusunda ad\u0131mlar atmal\u0131.<\/p>\n<p>\u0130\u015fte \u201cDenk\u201d Partisi \u00a0bu \u00e7a\u011fr\u0131ya kat\u0131ld\u0131 ve Azerbaycan\u2019dan Ermeni esirlerinin derhal serbest b\u0131rak\u0131lmas\u0131n\u0131 talep etti.<\/p>\n<p><em><strong>Ermenihaber.am\u00a0<\/strong><\/em><\/p>\n","protected":false},"excerpt":{"rendered":"<p>Hollanda\u2019da T\u00fcrkiye ve Azerbaycan\u2019\u0131n menfaatlerine hizmet eden, T\u00fcrklerden olu\u015fan \u201cDenk\u201d Partisi tutumunu de\u011fi\u015ftirerek Parlamento\u2019da Azerbaycan\u2019a kar\u015f\u0131 kabul edilen tasar\u0131y\u0131 destekledi. Hollanda Parlamentosu\u2019nda temsil edilen \u00fc\u00e7 ki\u015filk \u201cDenk\u201d Partisi T\u00fcrk cemaatinin oylar\u0131 sayesinde Parlamento\u2019da yer al\u0131yor. Ge\u00e7en hafta Parlamento Hollanda D\u0131\u015fi\u015fleri Bakan\u0131\u2019na y\u00f6nelik bir \u00e7a\u011fr\u0131 i\u00e7eren tasar\u0131 onaylad\u0131. Bu tasar\u0131ya g\u00f6re Hollanda D\u0131\u015fi\u015fleri Bakan\u0131 Avrupa d\u00fczeyinde [&hellip;]<\/p>\n","protected":false},"author":7,"featured_media":63450,"comment_status":"open","ping_status":"open","sticky":false,"template":"","format":"standard","meta":{"footnotes":""},"categories":[1],"tags":[],"class_list":["post-63449","post","type-post","status-publish","format-standard","has-post-thumbnail","hentry","category-haberler"],"yoast_head":"<!-- This site is optimized with the Yoast SEO plugin v27.4 - https:\/\/yoast.com\/product\/yoast-seo-wordpress\/ -->\n<title>Hollanda Parlamentosu\u2019ndaki T\u00fcrk partisi Ermeni esirlerini derhal serbest b\u0131rakma \u00e7a\u011fr\u0131s\u0131na kat\u0131ld\u0131 - Bati Ermenistan Ve Bati Ermenileri Sorunlari Ara\u015ftirmalar Merkezi<\/title>\n<meta name=\"robots\" content=\"index, follow, max-snippet:-1, max-image-preview:large, max-video-preview:-1\" \/>\n<link rel=\"canonical\" href=\"https:\/\/akunq.net\/tr\/?p=63449\" \/>\n<meta property=\"og:locale\" content=\"en_US\" \/>\n<meta property=\"og:type\" content=\"article\" \/>\n<meta property=\"og:title\" content=\"Hollanda Parlamentosu\u2019ndaki T\u00fcrk partisi Ermeni esirlerini derhal serbest b\u0131rakma \u00e7a\u011fr\u0131s\u0131na kat\u0131ld\u0131 - Bati Ermenistan Ve Bati Ermenileri Sorunlari Ara\u015ftirmalar Merkezi\" \/>\n<meta property=\"og:description\" content=\"Hollanda\u2019da T\u00fcrkiye ve Azerbaycan\u2019\u0131n menfaatlerine hizmet eden, T\u00fcrklerden olu\u015fan \u201cDenk\u201d Partisi tutumunu de\u011fi\u015ftirerek Parlamento\u2019da Azerbaycan\u2019a kar\u015f\u0131 kabul edilen tasar\u0131y\u0131 destekledi. Hollanda Parlamentosu\u2019nda temsil edilen \u00fc\u00e7 ki\u015filk \u201cDenk\u201d Partisi T\u00fcrk cemaatinin oylar\u0131 sayesinde Parlamento\u2019da yer al\u0131yor. Ge\u00e7en hafta Parlamento Hollanda D\u0131\u015fi\u015fleri Bakan\u0131\u2019na y\u00f6nelik bir \u00e7a\u011fr\u0131 i\u00e7eren tasar\u0131 onaylad\u0131. Bu tasar\u0131ya g\u00f6re Hollanda D\u0131\u015fi\u015fleri Bakan\u0131 Avrupa d\u00fczeyinde [&hellip;]\" \/>\n<meta property=\"og:url\" content=\"https:\/\/akunq.net\/tr\/?p=63449\" \/>\n<meta property=\"og:site_name\" content=\"Bati Ermenistan Ve Bati Ermenileri Sorunlari Ara\u015ftirmalar Merkezi\" \/>\n<meta property=\"article:published_time\" content=\"2021-06-24T07:00:57+00:00\" \/>\n<meta property=\"og:image\" content=\"https:\/\/akunq.net\/tr\/wp-content\/uploads\/sites\/6\/2021\/06\/\u0570\u0561\u0575-\u057c\u0561\u0566\u0574\u0561\u0563\u0565\u0580\u056b\u0576\u0565\u0580.png\" \/>\n\t<meta property=\"og:image:width\" content=\"769\" \/>\n\t<meta property=\"og:image:height\" content=\"510\" \/>\n\t<meta property=\"og:image:type\" content=\"image\/png\" \/>\n<meta name=\"author\" content=\"admin\" \/>\n<meta name=\"twitter:card\" content=\"summary_large_image\" \/>\n<meta name=\"twitter:label1\" content=\"Written by\" \/>\n\t<meta name=\"twitter:data1\" content=\"admin\" \/>\n\t<meta name=\"twitter:label2\" content=\"Est. reading time\" \/>\n\t<meta name=\"twitter:data2\" content=\"1 minute\" \/>\n<script type=\"application\/ld+json\" class=\"yoast-schema-graph\">{\"@context\":\"https:\\\/\\\/schema.org\",\"@graph\":[{\"@type\":\"Article\",\"@id\":\"https:\\\/\\\/akunq.net\\\/tr\\\/?p=63449#article\",\"isPartOf\":{\"@id\":\"https:\\\/\\\/akunq.net\\\/tr\\\/?p=63449\"},\"author\":{\"name\":\"admin\",\"@id\":\"https:\\\/\\\/akunq.net\\\/tr\\\/#\\\/schema\\\/person\\\/096f1d38a12cce57fb855b485ed24c9e\"},\"headline\":\"Hollanda Parlamentosu\u2019ndaki T\u00fcrk partisi Ermeni esirlerini derhal serbest b\u0131rakma \u00e7a\u011fr\u0131s\u0131na kat\u0131ld\u0131\",\"datePublished\":\"2021-06-24T07:00:57+00:00\",\"mainEntityOfPage\":{\"@id\":\"https:\\\/\\\/akunq.net\\\/tr\\\/?p=63449\"},\"wordCount\":139,\"commentCount\":0,\"image\":{\"@id\":\"https:\\\/\\\/akunq.net\\\/tr\\\/?p=63449#primaryimage\"},\"thumbnailUrl\":\"https:\\\/\\\/akunq.net\\\/tr\\\/wp-content\\\/uploads\\\/sites\\\/6\\\/2021\\\/06\\\/\u0570\u0561\u0575-\u057c\u0561\u0566\u0574\u0561\u0563\u0565\u0580\u056b\u0576\u0565\u0580.png\",\"articleSection\":[\"Haberler\"],\"inLanguage\":\"en-US\",\"potentialAction\":[{\"@type\":\"CommentAction\",\"name\":\"Comment\",\"target\":[\"https:\\\/\\\/akunq.net\\\/tr\\\/?p=63449#respond\"]}]},{\"@type\":\"WebPage\",\"@id\":\"https:\\\/\\\/akunq.net\\\/tr\\\/?p=63449\",\"url\":\"https:\\\/\\\/akunq.net\\\/tr\\\/?p=63449\",\"name\":\"Hollanda Parlamentosu\u2019ndaki T\u00fcrk partisi Ermeni esirlerini derhal serbest b\u0131rakma \u00e7a\u011fr\u0131s\u0131na kat\u0131ld\u0131 - Bati Ermenistan Ve Bati Ermenileri Sorunlari Ara\u015ftirmalar Merkezi\",\"isPartOf\":{\"@id\":\"https:\\\/\\\/akunq.net\\\/tr\\\/#website\"},\"primaryImageOfPage\":{\"@id\":\"https:\\\/\\\/akunq.net\\\/tr\\\/?p=63449#primaryimage\"},\"image\":{\"@id\":\"https:\\\/\\\/akunq.net\\\/tr\\\/?p=63449#primaryimage\"},\"thumbnailUrl\":\"https:\\\/\\\/akunq.net\\\/tr\\\/wp-content\\\/uploads\\\/sites\\\/6\\\/2021\\\/06\\\/\u0570\u0561\u0575-\u057c\u0561\u0566\u0574\u0561\u0563\u0565\u0580\u056b\u0576\u0565\u0580.png\",\"datePublished\":\"2021-06-24T07:00:57+00:00\",\"author\":{\"@id\":\"https:\\\/\\\/akunq.net\\\/tr\\\/#\\\/schema\\\/person\\\/096f1d38a12cce57fb855b485ed24c9e\"},\"breadcrumb\":{\"@id\":\"https:\\\/\\\/akunq.net\\\/tr\\\/?p=63449#breadcrumb\"},\"inLanguage\":\"en-US\",\"potentialAction\":[{\"@type\":\"ReadAction\",\"target\":[\"https:\\\/\\\/akunq.net\\\/tr\\\/?p=63449\"]}]},{\"@type\":\"ImageObject\",\"inLanguage\":\"en-US\",\"@id\":\"https:\\\/\\\/akunq.net\\\/tr\\\/?p=63449#primaryimage\",\"url\":\"https:\\\/\\\/akunq.net\\\/tr\\\/wp-content\\\/uploads\\\/sites\\\/6\\\/2021\\\/06\\\/\u0570\u0561\u0575-\u057c\u0561\u0566\u0574\u0561\u0563\u0565\u0580\u056b\u0576\u0565\u0580.png\",\"contentUrl\":\"https:\\\/\\\/akunq.net\\\/tr\\\/wp-content\\\/uploads\\\/sites\\\/6\\\/2021\\\/06\\\/\u0570\u0561\u0575-\u057c\u0561\u0566\u0574\u0561\u0563\u0565\u0580\u056b\u0576\u0565\u0580.png\",\"width\":769,\"height\":510},{\"@type\":\"BreadcrumbList\",\"@id\":\"https:\\\/\\\/akunq.net\\\/tr\\\/?p=63449#breadcrumb\",\"itemListElement\":[{\"@type\":\"ListItem\",\"position\":1,\"name\":\"Home\",\"item\":\"https:\\\/\\\/akunq.net\\\/tr\"},{\"@type\":\"ListItem\",\"position\":2,\"name\":\"Hollanda Parlamentosu\u2019ndaki T\u00fcrk partisi Ermeni esirlerini derhal serbest b\u0131rakma \u00e7a\u011fr\u0131s\u0131na kat\u0131ld\u0131\"}]},{\"@type\":\"WebSite\",\"@id\":\"https:\\\/\\\/akunq.net\\\/tr\\\/#website\",\"url\":\"https:\\\/\\\/akunq.net\\\/tr\\\/\",\"name\":\"Bati Ermenistan Ve Bati Ermenileri Sorunlari Ara\u015ftirmalar Merkezi\",\"description\":\"\",\"potentialAction\":[{\"@type\":\"SearchAction\",\"target\":{\"@type\":\"EntryPoint\",\"urlTemplate\":\"https:\\\/\\\/akunq.net\\\/tr\\\/?s={search_term_string}\"},\"query-input\":{\"@type\":\"PropertyValueSpecification\",\"valueRequired\":true,\"valueName\":\"search_term_string\"}}],\"inLanguage\":\"en-US\"},{\"@type\":\"Person\",\"@id\":\"https:\\\/\\\/akunq.net\\\/tr\\\/#\\\/schema\\\/person\\\/096f1d38a12cce57fb855b485ed24c9e\",\"name\":\"admin\",\"url\":\"https:\\\/\\\/akunq.net\\\/tr\\\/?author=7\"}]}<\/script>\n<!-- \/ Yoast SEO plugin. -->","yoast_head_json":{"title":"Hollanda Parlamentosu\u2019ndaki T\u00fcrk partisi Ermeni esirlerini derhal serbest b\u0131rakma \u00e7a\u011fr\u0131s\u0131na kat\u0131ld\u0131 - Bati Ermenistan Ve Bati Ermenileri Sorunlari Ara\u015ftirmalar Merkezi","robots":{"index":"index","follow":"follow","max-snippet":"max-snippet:-1","max-image-preview":"max-image-preview:large","max-video-preview":"max-video-preview:-1"},"canonical":"https:\/\/akunq.net\/tr\/?p=63449","og_locale":"en_US","og_type":"article","og_title":"Hollanda Parlamentosu\u2019ndaki T\u00fcrk partisi Ermeni esirlerini derhal serbest b\u0131rakma \u00e7a\u011fr\u0131s\u0131na kat\u0131ld\u0131 - Bati Ermenistan Ve Bati Ermenileri Sorunlari Ara\u015ftirmalar Merkezi","og_description":"Hollanda\u2019da T\u00fcrkiye ve Azerbaycan\u2019\u0131n menfaatlerine hizmet eden, T\u00fcrklerden olu\u015fan \u201cDenk\u201d Partisi tutumunu de\u011fi\u015ftirerek Parlamento\u2019da Azerbaycan\u2019a kar\u015f\u0131 kabul edilen tasar\u0131y\u0131 destekledi. Hollanda Parlamentosu\u2019nda temsil edilen \u00fc\u00e7 ki\u015filk \u201cDenk\u201d Partisi T\u00fcrk cemaatinin oylar\u0131 sayesinde Parlamento\u2019da yer al\u0131yor. Ge\u00e7en hafta Parlamento Hollanda D\u0131\u015fi\u015fleri Bakan\u0131\u2019na y\u00f6nelik bir \u00e7a\u011fr\u0131 i\u00e7eren tasar\u0131 onaylad\u0131. Bu tasar\u0131ya g\u00f6re Hollanda D\u0131\u015fi\u015fleri Bakan\u0131 Avrupa d\u00fczeyinde [&hellip;]","og_url":"https:\/\/akunq.net\/tr\/?p=63449","og_site_name":"Bati Ermenistan Ve Bati Ermenileri Sorunlari Ara\u015ftirmalar Merkezi","article_published_time":"2021-06-24T07:00:57+00:00","og_image":[{"width":769,"height":510,"url":"https:\/\/akunq.net\/tr\/wp-content\/uploads\/sites\/6\/2021\/06\/\u0570\u0561\u0575-\u057c\u0561\u0566\u0574\u0561\u0563\u0565\u0580\u056b\u0576\u0565\u0580.png","type":"image\/png"}],"author":"admin","twitter_card":"summary_large_image","twitter_misc":{"Written by":"admin","Est. reading time":"1 minute"},"schema":{"@context":"https:\/\/schema.org","@graph":[{"@type":"Article","@id":"https:\/\/akunq.net\/tr\/?p=63449#article","isPartOf":{"@id":"https:\/\/akunq.net\/tr\/?p=63449"},"author":{"name":"admin","@id":"https:\/\/akunq.net\/tr\/#\/schema\/person\/096f1d38a12cce57fb855b485ed24c9e"},"headline":"Hollanda Parlamentosu\u2019ndaki T\u00fcrk partisi Ermeni esirlerini derhal serbest b\u0131rakma \u00e7a\u011fr\u0131s\u0131na kat\u0131ld\u0131","datePublished":"2021-06-24T07:00:57+00:00","mainEntityOfPage":{"@id":"https:\/\/akunq.net\/tr\/?p=63449"},"wordCount":139,"commentCount":0,"image":{"@id":"https:\/\/akunq.net\/tr\/?p=63449#primaryimage"},"thumbnailUrl":"https:\/\/akunq.net\/tr\/wp-content\/uploads\/sites\/6\/2021\/06\/\u0570\u0561\u0575-\u057c\u0561\u0566\u0574\u0561\u0563\u0565\u0580\u056b\u0576\u0565\u0580.png","articleSection":["Haberler"],"inLanguage":"en-US","potentialAction":[{"@type":"CommentAction","name":"Comment","target":["https:\/\/akunq.net\/tr\/?p=63449#respond"]}]},{"@type":"WebPage","@id":"https:\/\/akunq.net\/tr\/?p=63449","url":"https:\/\/akunq.net\/tr\/?p=63449","name":"Hollanda Parlamentosu\u2019ndaki T\u00fcrk partisi Ermeni esirlerini derhal serbest b\u0131rakma \u00e7a\u011fr\u0131s\u0131na kat\u0131ld\u0131 - Bati Ermenistan Ve Bati Ermenileri Sorunlari Ara\u015ftirmalar Merkezi","isPartOf":{"@id":"https:\/\/akunq.net\/tr\/#website"},"primaryImageOfPage":{"@id":"https:\/\/akunq.net\/tr\/?p=63449#primaryimage"},"image":{"@id":"https:\/\/akunq.net\/tr\/?p=63449#primaryimage"},"thumbnailUrl":"https:\/\/akunq.net\/tr\/wp-content\/uploads\/sites\/6\/2021\/06\/\u0570\u0561\u0575-\u057c\u0561\u0566\u0574\u0561\u0563\u0565\u0580\u056b\u0576\u0565\u0580.png","datePublished":"2021-06-24T07:00:57+00:00","author":{"@id":"https:\/\/akunq.net\/tr\/#\/schema\/person\/096f1d38a12cce57fb855b485ed24c9e"},"breadcrumb":{"@id":"https:\/\/akunq.net\/tr\/?p=63449#breadcrumb"},"inLanguage":"en-US","potentialAction":[{"@type":"ReadAction","target":["https:\/\/akunq.net\/tr\/?p=63449"]}]},{"@type":"ImageObject","inLanguage":"en-US","@id":"https:\/\/akunq.net\/tr\/?p=63449#primaryimage","url":"https:\/\/akunq.net\/tr\/wp-content\/uploads\/sites\/6\/2021\/06\/\u0570\u0561\u0575-\u057c\u0561\u0566\u0574\u0561\u0563\u0565\u0580\u056b\u0576\u0565\u0580.png","contentUrl":"https:\/\/akunq.net\/tr\/wp-content\/uploads\/sites\/6\/2021\/06\/\u0570\u0561\u0575-\u057c\u0561\u0566\u0574\u0561\u0563\u0565\u0580\u056b\u0576\u0565\u0580.png","width":769,"height":510},{"@type":"BreadcrumbList","@id":"https:\/\/akunq.net\/tr\/?p=63449#breadcrumb","itemListElement":[{"@type":"ListItem","position":1,"name":"Home","item":"https:\/\/akunq.net\/tr"},{"@type":"ListItem","position":2,"name":"Hollanda Parlamentosu\u2019ndaki T\u00fcrk partisi Ermeni esirlerini derhal serbest b\u0131rakma \u00e7a\u011fr\u0131s\u0131na kat\u0131ld\u0131"}]},{"@type":"WebSite","@id":"https:\/\/akunq.net\/tr\/#website","url":"https:\/\/akunq.net\/tr\/","name":"Bati Ermenistan Ve Bati Ermenileri Sorunlari Ara\u015ftirmalar Merkezi","description":"","potentialAction":[{"@type":"SearchAction","target":{"@type":"EntryPoint","urlTemplate":"https:\/\/akunq.net\/tr\/?s={search_term_string}"},"query-input":{"@type":"PropertyValueSpecification","valueRequired":true,"valueName":"search_term_string"}}],"inLanguage":"en-US"},{"@type":"Person","@id":"https:\/\/akunq.net\/tr\/#\/schema\/person\/096f1d38a12cce57fb855b485ed24c9e","name":"admin","url":"https:\/\/akunq.net\/tr\/?author=7"}]}},"_links":{"self":[{"href":"https:\/\/akunq.net\/tr\/index.php?rest_route=\/wp\/v2\/posts\/63449","targetHints":{"allow":["GET"]}}],"collection":[{"href":"https:\/\/akunq.net\/tr\/index.php?rest_route=\/wp\/v2\/posts"}],"about":[{"href":"https:\/\/akunq.net\/tr\/index.php?rest_route=\/wp\/v2\/types\/post"}],"author":[{"embeddable":true,"href":"https:\/\/akunq.net\/tr\/index.php?rest_route=\/wp\/v2\/users\/7"}],"replies":[{"embeddable":true,"href":"https:\/\/akunq.net\/tr\/index.php?rest_route=%2Fwp%2Fv2%2Fcomments&post=63449"}],"version-history":[{"count":1,"href":"https:\/\/akunq.net\/tr\/index.php?rest_route=\/wp\/v2\/posts\/63449\/revisions"}],"predecessor-version":[{"id":63451,"href":"https:\/\/akunq.net\/tr\/index.php?rest_route=\/wp\/v2\/posts\/63449\/revisions\/63451"}],"wp:featuredmedia":[{"embeddable":true,"href":"https:\/\/akunq.net\/tr\/index.php?rest_route=\/wp\/v2\/media\/63450"}],"wp:attachment":[{"href":"https:\/\/akunq.net\/tr\/index.php?rest_route=%2Fwp%2Fv2%2Fmedia&parent=63449"}],"wp:term":[{"taxonomy":"category","embeddable":true,"href":"https:\/\/akunq.net\/tr\/index.php?rest_route=%2Fwp%2Fv2%2Fcategories&post=63449"},{"taxonomy":"post_tag","embeddable":true,"href":"https:\/\/akunq.net\/tr\/index.php?rest_route=%2Fwp%2Fv2%2Ftags&post=63449"}],"curies":[{"name":"wp","href":"https:\/\/api.w.org\/{rel}","templated":true}]}}