{"id":63433,"date":"2021-06-23T03:37:09","date_gmt":"2021-06-23T08:37:09","guid":{"rendered":"https:\/\/akunq.net\/tr\/?p=63433"},"modified":"2021-06-23T03:37:09","modified_gmt":"2021-06-23T08:37:09","slug":"tapu-kadastro-genel-mudurlugunde-yer-alan-haritada-kusadasindaki-davutlar-cemevi-hac-sembolu-ile-isaretlendi","status":"publish","type":"post","link":"https:\/\/akunq.net\/tr\/?p=63433","title":{"rendered":"Tapu Kadastro Genel M\u00fcd\u00fcrl\u00fc\u011f\u00fc\u2019nde yer alan haritada Ku\u015fadas\u0131\u2019ndaki Davutlar Cemevi, \u2018ha\u00e7\u2019 sembol\u00fc ile i\u015faretlendi"},"content":{"rendered":"<p><img loading=\"lazy\" decoding=\"async\" class=\"aligncenter size-medium wp-image-63434\" src=\"https:\/\/akunq.net\/tr\/wp-content\/uploads\/2021\/06\/Bulent-Tezcan-360x213.jpg\" alt=\"\" width=\"360\" height=\"213\" srcset=\"https:\/\/akunq.net\/tr\/wp-content\/uploads\/sites\/6\/2021\/06\/Bulent-Tezcan-360x213.jpg 360w, https:\/\/akunq.net\/tr\/wp-content\/uploads\/sites\/6\/2021\/06\/Bulent-Tezcan-560x332.jpg 560w, https:\/\/akunq.net\/tr\/wp-content\/uploads\/sites\/6\/2021\/06\/Bulent-Tezcan-260x154.jpg 260w, https:\/\/akunq.net\/tr\/wp-content\/uploads\/sites\/6\/2021\/06\/Bulent-Tezcan-160x95.jpg 160w, https:\/\/akunq.net\/tr\/wp-content\/uploads\/sites\/6\/2021\/06\/Bulent-Tezcan.jpg 760w\" sizes=\"auto, (max-width: 360px) 100vw, 360px\" \/><\/p>\n<p><em><strong>Tapu Kadastro Genel M\u00fcd\u00fcrl\u00fc\u011f\u00fc\u2019n\u00fcn internet sitesinde yer alan haritada camiler \u201cay-y\u0131ld\u0131z\u201d ile g\u00f6sterilirken Ku\u015fadas\u0131\u2019ndaki Davutlar Cemevi \u201cha\u00e7\u201d ile i\u015faretlendi. M\u00fcd\u00fcrl\u00fc\u011f\u00fcn ba\u011fl\u0131 oldu\u011fu \u00c7evre ve \u015eehircilik Bakanl\u0131\u011f\u0131\u2019na tepki g\u00f6steren CHP\u2019li B\u00fclent Tezcan, konuyu Meclis\u2019e ta\u015f\u0131d\u0131.<\/strong><\/em><\/p>\n<p><strong>Erdem Sevgi<\/strong><\/p>\n<p>CHP PM \u00fcyesi ve Ayd\u0131n Milletvekili B\u00fclent Tezcan, Tapu Kadastro Genel M\u00fcd\u00fcrl\u00fc\u011f\u00fc\u2019n\u00fcn (TKGM) internet sitesinde yer alan haritada, Ku\u015fadas\u0131\u2019ndaki Davutlar Cemevi\u2019nin \u201cha\u00e7\u201d i\u015fareti ile g\u00f6sterilmesini Meclis g\u00fcndemine ta\u015f\u0131d\u0131. M\u00fcd\u00fcrl\u00fc\u011fe ait, \u201cparselsorgu.tkgm.gov.tr\u201d adresli siteye girildi\u011finde harita \u00fczerinde yak\u0131n b\u00f6lgede yer alan camilerin \u201cay y\u0131ld\u0131z\u201d sembol\u00fc ile g\u00f6sterilmesine kar\u015f\u0131n Davutlar Cemevi\u2019nin \u201cha\u00e7\u201d i\u015fareti ile sisteme kodland\u0131\u011f\u0131n\u0131 kaydeden Tezcan, \u00c7evre ve \u015eehircilik Bakan\u0131 Murat Kurum\u2019un yan\u0131tlamas\u0131 istemiyle TBMM Ba\u015fkanl\u0131\u011f\u0131\u2019na sundu\u011fu \u00f6nergesinde, \u201cDavutlar Cemevi\u2019nin do\u011fusunda bulunan Davutlar Merkez Camii ve di\u011fer t\u00fcm camiler \u2018ay y\u0131ld\u0131z\u2019 sembol\u00fc ile g\u00f6sterilmi\u015f. ?Ba\u015fka cemevlerinin de ayn\u0131 \u015fekilde \u2018ha\u00e7\u2019 i\u015faretiyle g\u00f6sterildi\u011fi, sitedeki sorgu ekran\u0131n\u0131n sa\u011f alt k\u00f6\u015fesinde haritan\u0131n \u2018Google\u2019 ve \u2018Harita Genel M\u00fcd\u00fcrl\u00fc\u011f\u00fc (HGM) Atlas\u2019 kaynakl\u0131 oldu\u011fu anla\u015f\u0131l\u0131yor\u201d ifadelerini kulland\u0131.<\/p>\n<p><strong>\u2018NEDEN K\u0130L\u0130SE SEMBOL\u00dc?\u2019<\/strong><\/p>\n<p>Tezcan, Cumhuriyet\u2019e yapt\u0131\u011f\u0131 a\u00e7\u0131klamada, bakanl\u0131\u011f\u0131n sitesinde kullan\u0131lan haritada cemevinin \u201cha\u00e7\u201d i\u015fareti ile verilmesinin \u00e7ok rahats\u0131z edici oldu\u011funu belirterek \u201cRahats\u0131z olan vatanda\u015flar\u0131n bildirmesi \u00fczerine konudan haberdar olduk. Bunun arkas\u0131nda \u00f6zel bir kas\u0131t aram\u0131yoruz ama ciddi bir ihmal ya da ciddiyetsizlik var. Haritan\u0131n kayna\u011f\u0131na bakt\u0131k. Google\u2019\u0131 kullan\u0131yorlar, bununla ilgili mi diye. Haritan\u0131n alt k\u00f6\u015fesinde \u2018Google\u2019 ve \u2018Harita Genel M\u00fcd\u00fcrl\u00fc\u011f\u00fc Atlas\u2019 haritas\u0131n\u0131n kullan\u0131ld\u0131\u011f\u0131 g\u00f6r\u00fcl\u00fcyor. Her ikisi de kaynak g\u00f6steriliyor. Burada yap\u0131lmas\u0131 gereken, onu oldu\u011fu gibi almak yerine oradaki \u2018ha\u00e7\u2019 i\u015faretini de\u011fi\u015ftirebilirsiniz. Google bunu kullan\u0131yorsa neden giri\u015fimde bulunmad\u0131n\u0131z? Alevi inanc\u0131na mensup vatanda\u015flar\u0131m\u0131z, bu durumdan hakl\u0131 olarak rahats\u0131zl\u0131k hissediyorlar. Bug\u00fcne kadar herhangi bir giri\u015fimde bulunmad\u0131larsa, bundan sonra harekete ge\u00e7meleri laz\u0131m\u201d dedi.<\/p>\n<p>Milli Savunma Bakanl\u0131\u011f\u0131\u2019na ba\u011fl\u0131 Harita Genel M\u00fcd\u00fcrl\u00fc\u011f\u00fc\u2019ne ait olan ve farkl\u0131 sitelerde yay\u0131mlanan \u201cAtlas\u201da ait haritalarda uygulama farkl\u0131l\u0131klar\u0131 bulundu\u011funu kaydeden Tezcan, \u201cAtlas\u2019\u0131n ba\u015fka bir sitesine bakt\u0131\u011f\u0131m\u0131zda cemevlerinin de \u2018ay y\u0131ld\u0131z\u2019 sembol\u00fc ile g\u00f6sterildi\u011fini g\u00f6r\u00fcyoruz. Demek ki bunu yapabilmeleri m\u00fcmk\u00fcn. O zaman bakanl\u0131\u011f\u0131n sitesindeki harita niye bu \u015fekliyle kullan\u0131l\u0131yor? Bu durum T\u00fcrkiye\u2019de ayr\u0131mc\u0131l\u0131\u011f\u0131n altyap\u0131s\u0131n\u0131 olu\u015fturacak s\u0131k\u0131nt\u0131l\u0131 bir ad\u0131md\u0131r, rahats\u0131z edicidir. H\u00fck\u00fcmetin bununla ilgili gerekli ad\u0131m\u0131 atmas\u0131 laz\u0131m. Bakanl\u0131k sitesinde bunun b\u00f6yle kullan\u0131lmas\u0131 kabul edilebilecek bir \u015fey de\u011fil\u201d diye konu\u015ftu.<\/p>\n<p><em><strong>https:\/\/www.cumhuriyet.com.tr\/haber\/tapu-kadastro-genel-mudurlugunde-yer-alan-haritada-kusadasindaki-davutlar-cemevi-hac-sembolu-ile-isaretlendi-1846612\u00a0<\/strong><\/em><\/p>\n","protected":false},"excerpt":{"rendered":"<p>Tapu Kadastro Genel M\u00fcd\u00fcrl\u00fc\u011f\u00fc\u2019n\u00fcn internet sitesinde yer alan haritada camiler \u201cay-y\u0131ld\u0131z\u201d ile g\u00f6sterilirken Ku\u015fadas\u0131\u2019ndaki Davutlar Cemevi \u201cha\u00e7\u201d ile i\u015faretlendi. M\u00fcd\u00fcrl\u00fc\u011f\u00fcn ba\u011fl\u0131 oldu\u011fu \u00c7evre ve \u015eehircilik Bakanl\u0131\u011f\u0131\u2019na tepki g\u00f6steren CHP\u2019li B\u00fclent Tezcan, konuyu Meclis\u2019e ta\u015f\u0131d\u0131. Erdem Sevgi CHP PM \u00fcyesi ve Ayd\u0131n Milletvekili B\u00fclent Tezcan, Tapu Kadastro Genel M\u00fcd\u00fcrl\u00fc\u011f\u00fc\u2019n\u00fcn (TKGM) internet sitesinde yer alan haritada, Ku\u015fadas\u0131\u2019ndaki [&hellip;]<\/p>\n","protected":false},"author":7,"featured_media":63434,"comment_status":"open","ping_status":"open","sticky":false,"template":"","format":"standard","meta":{"footnotes":""},"categories":[1],"tags":[],"class_list":["post-63433","post","type-post","status-publish","format-standard","has-post-thumbnail","hentry","category-haberler"],"yoast_head":"<!-- This site is optimized with the Yoast SEO plugin v27.4 - https:\/\/yoast.com\/product\/yoast-seo-wordpress\/ -->\n<title>Tapu Kadastro Genel M\u00fcd\u00fcrl\u00fc\u011f\u00fc\u2019nde yer alan haritada Ku\u015fadas\u0131\u2019ndaki Davutlar Cemevi, \u2018ha\u00e7\u2019 sembol\u00fc ile i\u015faretlendi - Bati Ermenistan Ve Bati Ermenileri Sorunlari Ara\u015ftirmalar Merkezi<\/title>\n<meta name=\"robots\" content=\"index, follow, max-snippet:-1, max-image-preview:large, max-video-preview:-1\" \/>\n<link rel=\"canonical\" href=\"https:\/\/akunq.net\/tr\/?p=63433\" \/>\n<meta property=\"og:locale\" content=\"en_US\" \/>\n<meta property=\"og:type\" content=\"article\" \/>\n<meta property=\"og:title\" content=\"Tapu Kadastro Genel M\u00fcd\u00fcrl\u00fc\u011f\u00fc\u2019nde yer alan haritada Ku\u015fadas\u0131\u2019ndaki Davutlar Cemevi, \u2018ha\u00e7\u2019 sembol\u00fc ile i\u015faretlendi - Bati Ermenistan Ve Bati Ermenileri Sorunlari Ara\u015ftirmalar Merkezi\" \/>\n<meta property=\"og:description\" content=\"Tapu Kadastro Genel M\u00fcd\u00fcrl\u00fc\u011f\u00fc\u2019n\u00fcn internet sitesinde yer alan haritada camiler \u201cay-y\u0131ld\u0131z\u201d ile g\u00f6sterilirken Ku\u015fadas\u0131\u2019ndaki Davutlar Cemevi \u201cha\u00e7\u201d ile i\u015faretlendi. M\u00fcd\u00fcrl\u00fc\u011f\u00fcn ba\u011fl\u0131 oldu\u011fu \u00c7evre ve \u015eehircilik Bakanl\u0131\u011f\u0131\u2019na tepki g\u00f6steren CHP\u2019li B\u00fclent Tezcan, konuyu Meclis\u2019e ta\u015f\u0131d\u0131. Erdem Sevgi CHP PM \u00fcyesi ve Ayd\u0131n Milletvekili B\u00fclent Tezcan, Tapu Kadastro Genel M\u00fcd\u00fcrl\u00fc\u011f\u00fc\u2019n\u00fcn (TKGM) internet sitesinde yer alan haritada, Ku\u015fadas\u0131\u2019ndaki [&hellip;]\" \/>\n<meta property=\"og:url\" content=\"https:\/\/akunq.net\/tr\/?p=63433\" \/>\n<meta property=\"og:site_name\" content=\"Bati Ermenistan Ve Bati Ermenileri Sorunlari Ara\u015ftirmalar Merkezi\" \/>\n<meta property=\"article:published_time\" content=\"2021-06-23T08:37:09+00:00\" \/>\n<meta property=\"og:image\" content=\"https:\/\/akunq.net\/tr\/wp-content\/uploads\/sites\/6\/2021\/06\/Bulent-Tezcan.jpg\" \/>\n\t<meta property=\"og:image:width\" content=\"760\" \/>\n\t<meta property=\"og:image:height\" content=\"450\" \/>\n\t<meta property=\"og:image:type\" content=\"image\/jpeg\" \/>\n<meta name=\"author\" content=\"admin\" \/>\n<meta name=\"twitter:card\" content=\"summary_large_image\" \/>\n<meta name=\"twitter:label1\" content=\"Written by\" \/>\n\t<meta name=\"twitter:data1\" content=\"admin\" \/>\n\t<meta name=\"twitter:label2\" content=\"Est. reading time\" \/>\n\t<meta name=\"twitter:data2\" content=\"3 minutes\" \/>\n<script type=\"application\/ld+json\" class=\"yoast-schema-graph\">{\"@context\":\"https:\\\/\\\/schema.org\",\"@graph\":[{\"@type\":\"Article\",\"@id\":\"https:\\\/\\\/akunq.net\\\/tr\\\/?p=63433#article\",\"isPartOf\":{\"@id\":\"https:\\\/\\\/akunq.net\\\/tr\\\/?p=63433\"},\"author\":{\"name\":\"admin\",\"@id\":\"https:\\\/\\\/akunq.net\\\/tr\\\/#\\\/schema\\\/person\\\/096f1d38a12cce57fb855b485ed24c9e\"},\"headline\":\"Tapu Kadastro Genel M\u00fcd\u00fcrl\u00fc\u011f\u00fc\u2019nde yer alan haritada Ku\u015fadas\u0131\u2019ndaki Davutlar Cemevi, \u2018ha\u00e7\u2019 sembol\u00fc ile i\u015faretlendi\",\"datePublished\":\"2021-06-23T08:37:09+00:00\",\"mainEntityOfPage\":{\"@id\":\"https:\\\/\\\/akunq.net\\\/tr\\\/?p=63433\"},\"wordCount\":534,\"commentCount\":0,\"image\":{\"@id\":\"https:\\\/\\\/akunq.net\\\/tr\\\/?p=63433#primaryimage\"},\"thumbnailUrl\":\"https:\\\/\\\/akunq.net\\\/tr\\\/wp-content\\\/uploads\\\/sites\\\/6\\\/2021\\\/06\\\/Bulent-Tezcan.jpg\",\"articleSection\":[\"Haberler\"],\"inLanguage\":\"en-US\",\"potentialAction\":[{\"@type\":\"CommentAction\",\"name\":\"Comment\",\"target\":[\"https:\\\/\\\/akunq.net\\\/tr\\\/?p=63433#respond\"]}]},{\"@type\":\"WebPage\",\"@id\":\"https:\\\/\\\/akunq.net\\\/tr\\\/?p=63433\",\"url\":\"https:\\\/\\\/akunq.net\\\/tr\\\/?p=63433\",\"name\":\"Tapu Kadastro Genel M\u00fcd\u00fcrl\u00fc\u011f\u00fc\u2019nde yer alan haritada Ku\u015fadas\u0131\u2019ndaki Davutlar Cemevi, \u2018ha\u00e7\u2019 sembol\u00fc ile i\u015faretlendi - Bati Ermenistan Ve Bati Ermenileri Sorunlari Ara\u015ftirmalar Merkezi\",\"isPartOf\":{\"@id\":\"https:\\\/\\\/akunq.net\\\/tr\\\/#website\"},\"primaryImageOfPage\":{\"@id\":\"https:\\\/\\\/akunq.net\\\/tr\\\/?p=63433#primaryimage\"},\"image\":{\"@id\":\"https:\\\/\\\/akunq.net\\\/tr\\\/?p=63433#primaryimage\"},\"thumbnailUrl\":\"https:\\\/\\\/akunq.net\\\/tr\\\/wp-content\\\/uploads\\\/sites\\\/6\\\/2021\\\/06\\\/Bulent-Tezcan.jpg\",\"datePublished\":\"2021-06-23T08:37:09+00:00\",\"author\":{\"@id\":\"https:\\\/\\\/akunq.net\\\/tr\\\/#\\\/schema\\\/person\\\/096f1d38a12cce57fb855b485ed24c9e\"},\"breadcrumb\":{\"@id\":\"https:\\\/\\\/akunq.net\\\/tr\\\/?p=63433#breadcrumb\"},\"inLanguage\":\"en-US\",\"potentialAction\":[{\"@type\":\"ReadAction\",\"target\":[\"https:\\\/\\\/akunq.net\\\/tr\\\/?p=63433\"]}]},{\"@type\":\"ImageObject\",\"inLanguage\":\"en-US\",\"@id\":\"https:\\\/\\\/akunq.net\\\/tr\\\/?p=63433#primaryimage\",\"url\":\"https:\\\/\\\/akunq.net\\\/tr\\\/wp-content\\\/uploads\\\/sites\\\/6\\\/2021\\\/06\\\/Bulent-Tezcan.jpg\",\"contentUrl\":\"https:\\\/\\\/akunq.net\\\/tr\\\/wp-content\\\/uploads\\\/sites\\\/6\\\/2021\\\/06\\\/Bulent-Tezcan.jpg\",\"width\":760,\"height\":450},{\"@type\":\"BreadcrumbList\",\"@id\":\"https:\\\/\\\/akunq.net\\\/tr\\\/?p=63433#breadcrumb\",\"itemListElement\":[{\"@type\":\"ListItem\",\"position\":1,\"name\":\"Home\",\"item\":\"https:\\\/\\\/akunq.net\\\/tr\"},{\"@type\":\"ListItem\",\"position\":2,\"name\":\"Tapu Kadastro Genel M\u00fcd\u00fcrl\u00fc\u011f\u00fc\u2019nde yer alan haritada Ku\u015fadas\u0131\u2019ndaki Davutlar Cemevi, \u2018ha\u00e7\u2019 sembol\u00fc ile i\u015faretlendi\"}]},{\"@type\":\"WebSite\",\"@id\":\"https:\\\/\\\/akunq.net\\\/tr\\\/#website\",\"url\":\"https:\\\/\\\/akunq.net\\\/tr\\\/\",\"name\":\"Bati Ermenistan Ve Bati Ermenileri Sorunlari Ara\u015ftirmalar Merkezi\",\"description\":\"\",\"potentialAction\":[{\"@type\":\"SearchAction\",\"target\":{\"@type\":\"EntryPoint\",\"urlTemplate\":\"https:\\\/\\\/akunq.net\\\/tr\\\/?s={search_term_string}\"},\"query-input\":{\"@type\":\"PropertyValueSpecification\",\"valueRequired\":true,\"valueName\":\"search_term_string\"}}],\"inLanguage\":\"en-US\"},{\"@type\":\"Person\",\"@id\":\"https:\\\/\\\/akunq.net\\\/tr\\\/#\\\/schema\\\/person\\\/096f1d38a12cce57fb855b485ed24c9e\",\"name\":\"admin\",\"url\":\"https:\\\/\\\/akunq.net\\\/tr\\\/?author=7\"}]}<\/script>\n<!-- \/ Yoast SEO plugin. -->","yoast_head_json":{"title":"Tapu Kadastro Genel M\u00fcd\u00fcrl\u00fc\u011f\u00fc\u2019nde yer alan haritada Ku\u015fadas\u0131\u2019ndaki Davutlar Cemevi, \u2018ha\u00e7\u2019 sembol\u00fc ile i\u015faretlendi - Bati Ermenistan Ve Bati Ermenileri Sorunlari Ara\u015ftirmalar Merkezi","robots":{"index":"index","follow":"follow","max-snippet":"max-snippet:-1","max-image-preview":"max-image-preview:large","max-video-preview":"max-video-preview:-1"},"canonical":"https:\/\/akunq.net\/tr\/?p=63433","og_locale":"en_US","og_type":"article","og_title":"Tapu Kadastro Genel M\u00fcd\u00fcrl\u00fc\u011f\u00fc\u2019nde yer alan haritada Ku\u015fadas\u0131\u2019ndaki Davutlar Cemevi, \u2018ha\u00e7\u2019 sembol\u00fc ile i\u015faretlendi - Bati Ermenistan Ve Bati Ermenileri Sorunlari Ara\u015ftirmalar Merkezi","og_description":"Tapu Kadastro Genel M\u00fcd\u00fcrl\u00fc\u011f\u00fc\u2019n\u00fcn internet sitesinde yer alan haritada camiler \u201cay-y\u0131ld\u0131z\u201d ile g\u00f6sterilirken Ku\u015fadas\u0131\u2019ndaki Davutlar Cemevi \u201cha\u00e7\u201d ile i\u015faretlendi. M\u00fcd\u00fcrl\u00fc\u011f\u00fcn ba\u011fl\u0131 oldu\u011fu \u00c7evre ve \u015eehircilik Bakanl\u0131\u011f\u0131\u2019na tepki g\u00f6steren CHP\u2019li B\u00fclent Tezcan, konuyu Meclis\u2019e ta\u015f\u0131d\u0131. Erdem Sevgi CHP PM \u00fcyesi ve Ayd\u0131n Milletvekili B\u00fclent Tezcan, Tapu Kadastro Genel M\u00fcd\u00fcrl\u00fc\u011f\u00fc\u2019n\u00fcn (TKGM) internet sitesinde yer alan haritada, Ku\u015fadas\u0131\u2019ndaki [&hellip;]","og_url":"https:\/\/akunq.net\/tr\/?p=63433","og_site_name":"Bati Ermenistan Ve Bati Ermenileri Sorunlari Ara\u015ftirmalar Merkezi","article_published_time":"2021-06-23T08:37:09+00:00","og_image":[{"width":760,"height":450,"url":"https:\/\/akunq.net\/tr\/wp-content\/uploads\/sites\/6\/2021\/06\/Bulent-Tezcan.jpg","type":"image\/jpeg"}],"author":"admin","twitter_card":"summary_large_image","twitter_misc":{"Written by":"admin","Est. reading time":"3 minutes"},"schema":{"@context":"https:\/\/schema.org","@graph":[{"@type":"Article","@id":"https:\/\/akunq.net\/tr\/?p=63433#article","isPartOf":{"@id":"https:\/\/akunq.net\/tr\/?p=63433"},"author":{"name":"admin","@id":"https:\/\/akunq.net\/tr\/#\/schema\/person\/096f1d38a12cce57fb855b485ed24c9e"},"headline":"Tapu Kadastro Genel M\u00fcd\u00fcrl\u00fc\u011f\u00fc\u2019nde yer alan haritada Ku\u015fadas\u0131\u2019ndaki Davutlar Cemevi, \u2018ha\u00e7\u2019 sembol\u00fc ile i\u015faretlendi","datePublished":"2021-06-23T08:37:09+00:00","mainEntityOfPage":{"@id":"https:\/\/akunq.net\/tr\/?p=63433"},"wordCount":534,"commentCount":0,"image":{"@id":"https:\/\/akunq.net\/tr\/?p=63433#primaryimage"},"thumbnailUrl":"https:\/\/akunq.net\/tr\/wp-content\/uploads\/sites\/6\/2021\/06\/Bulent-Tezcan.jpg","articleSection":["Haberler"],"inLanguage":"en-US","potentialAction":[{"@type":"CommentAction","name":"Comment","target":["https:\/\/akunq.net\/tr\/?p=63433#respond"]}]},{"@type":"WebPage","@id":"https:\/\/akunq.net\/tr\/?p=63433","url":"https:\/\/akunq.net\/tr\/?p=63433","name":"Tapu Kadastro Genel M\u00fcd\u00fcrl\u00fc\u011f\u00fc\u2019nde yer alan haritada Ku\u015fadas\u0131\u2019ndaki Davutlar Cemevi, \u2018ha\u00e7\u2019 sembol\u00fc ile i\u015faretlendi - Bati Ermenistan Ve Bati Ermenileri Sorunlari Ara\u015ftirmalar Merkezi","isPartOf":{"@id":"https:\/\/akunq.net\/tr\/#website"},"primaryImageOfPage":{"@id":"https:\/\/akunq.net\/tr\/?p=63433#primaryimage"},"image":{"@id":"https:\/\/akunq.net\/tr\/?p=63433#primaryimage"},"thumbnailUrl":"https:\/\/akunq.net\/tr\/wp-content\/uploads\/sites\/6\/2021\/06\/Bulent-Tezcan.jpg","datePublished":"2021-06-23T08:37:09+00:00","author":{"@id":"https:\/\/akunq.net\/tr\/#\/schema\/person\/096f1d38a12cce57fb855b485ed24c9e"},"breadcrumb":{"@id":"https:\/\/akunq.net\/tr\/?p=63433#breadcrumb"},"inLanguage":"en-US","potentialAction":[{"@type":"ReadAction","target":["https:\/\/akunq.net\/tr\/?p=63433"]}]},{"@type":"ImageObject","inLanguage":"en-US","@id":"https:\/\/akunq.net\/tr\/?p=63433#primaryimage","url":"https:\/\/akunq.net\/tr\/wp-content\/uploads\/sites\/6\/2021\/06\/Bulent-Tezcan.jpg","contentUrl":"https:\/\/akunq.net\/tr\/wp-content\/uploads\/sites\/6\/2021\/06\/Bulent-Tezcan.jpg","width":760,"height":450},{"@type":"BreadcrumbList","@id":"https:\/\/akunq.net\/tr\/?p=63433#breadcrumb","itemListElement":[{"@type":"ListItem","position":1,"name":"Home","item":"https:\/\/akunq.net\/tr"},{"@type":"ListItem","position":2,"name":"Tapu Kadastro Genel M\u00fcd\u00fcrl\u00fc\u011f\u00fc\u2019nde yer alan haritada Ku\u015fadas\u0131\u2019ndaki Davutlar Cemevi, \u2018ha\u00e7\u2019 sembol\u00fc ile i\u015faretlendi"}]},{"@type":"WebSite","@id":"https:\/\/akunq.net\/tr\/#website","url":"https:\/\/akunq.net\/tr\/","name":"Bati Ermenistan Ve Bati Ermenileri Sorunlari Ara\u015ftirmalar Merkezi","description":"","potentialAction":[{"@type":"SearchAction","target":{"@type":"EntryPoint","urlTemplate":"https:\/\/akunq.net\/tr\/?s={search_term_string}"},"query-input":{"@type":"PropertyValueSpecification","valueRequired":true,"valueName":"search_term_string"}}],"inLanguage":"en-US"},{"@type":"Person","@id":"https:\/\/akunq.net\/tr\/#\/schema\/person\/096f1d38a12cce57fb855b485ed24c9e","name":"admin","url":"https:\/\/akunq.net\/tr\/?author=7"}]}},"_links":{"self":[{"href":"https:\/\/akunq.net\/tr\/index.php?rest_route=\/wp\/v2\/posts\/63433","targetHints":{"allow":["GET"]}}],"collection":[{"href":"https:\/\/akunq.net\/tr\/index.php?rest_route=\/wp\/v2\/posts"}],"about":[{"href":"https:\/\/akunq.net\/tr\/index.php?rest_route=\/wp\/v2\/types\/post"}],"author":[{"embeddable":true,"href":"https:\/\/akunq.net\/tr\/index.php?rest_route=\/wp\/v2\/users\/7"}],"replies":[{"embeddable":true,"href":"https:\/\/akunq.net\/tr\/index.php?rest_route=%2Fwp%2Fv2%2Fcomments&post=63433"}],"version-history":[{"count":1,"href":"https:\/\/akunq.net\/tr\/index.php?rest_route=\/wp\/v2\/posts\/63433\/revisions"}],"predecessor-version":[{"id":63435,"href":"https:\/\/akunq.net\/tr\/index.php?rest_route=\/wp\/v2\/posts\/63433\/revisions\/63435"}],"wp:featuredmedia":[{"embeddable":true,"href":"https:\/\/akunq.net\/tr\/index.php?rest_route=\/wp\/v2\/media\/63434"}],"wp:attachment":[{"href":"https:\/\/akunq.net\/tr\/index.php?rest_route=%2Fwp%2Fv2%2Fmedia&parent=63433"}],"wp:term":[{"taxonomy":"category","embeddable":true,"href":"https:\/\/akunq.net\/tr\/index.php?rest_route=%2Fwp%2Fv2%2Fcategories&post=63433"},{"taxonomy":"post_tag","embeddable":true,"href":"https:\/\/akunq.net\/tr\/index.php?rest_route=%2Fwp%2Fv2%2Ftags&post=63433"}],"curies":[{"name":"wp","href":"https:\/\/api.w.org\/{rel}","templated":true}]}}