{"id":63426,"date":"2021-06-23T03:09:27","date_gmt":"2021-06-23T08:09:27","guid":{"rendered":"https:\/\/akunq.net\/tr\/?p=63426"},"modified":"2021-06-23T03:09:27","modified_gmt":"2021-06-23T08:09:27","slug":"buldan-hukumetin-kucuk-ortagi-izmir-katliamini-ustlendi","status":"publish","type":"post","link":"https:\/\/akunq.net\/tr\/?p=63426","title":{"rendered":"Buldan: H\u00fck\u00fcmetin k\u00fc\u00e7\u00fck orta\u011f\u0131 \u0130zmir katliam\u0131n\u0131 \u00fcstlendi"},"content":{"rendered":"<p><img loading=\"lazy\" decoding=\"async\" class=\"aligncenter size-medium wp-image-63427\" src=\"https:\/\/akunq.net\/tr\/wp-content\/uploads\/2021\/06\/Buldan-360x203.jpeg\" alt=\"\" width=\"360\" height=\"203\" srcset=\"https:\/\/akunq.net\/tr\/wp-content\/uploads\/sites\/6\/2021\/06\/Buldan-360x203.jpeg 360w, https:\/\/akunq.net\/tr\/wp-content\/uploads\/sites\/6\/2021\/06\/Buldan-768x432.jpeg 768w, https:\/\/akunq.net\/tr\/wp-content\/uploads\/sites\/6\/2021\/06\/Buldan-560x315.jpeg 560w, https:\/\/akunq.net\/tr\/wp-content\/uploads\/sites\/6\/2021\/06\/Buldan-260x146.jpeg 260w, https:\/\/akunq.net\/tr\/wp-content\/uploads\/sites\/6\/2021\/06\/Buldan-160x90.jpeg 160w, https:\/\/akunq.net\/tr\/wp-content\/uploads\/sites\/6\/2021\/06\/Buldan.jpeg 1280w\" sizes=\"auto, (max-width: 360px) 100vw, 360px\" \/><\/p>\n<p><em><strong>Partisinin grup toplant\u0131s\u0131nda MHP Genel Ba\u015fkan\u0131 Devlet Bah\u00e7eli&#8217;nin, Deniz Poyraz hakk\u0131nda s\u00f6ylediklerine de\u011finen HDP e\u015f Genel Ba\u015fkan\u0131 Pervin Buldan, &#8220;Katil ile Bah\u00e7eli&#8217;nin dili ayn\u0131d\u0131r. H\u00fck\u00fcmetin k\u00fc\u00e7\u00fck orta\u011f\u0131 \u0130zmir katliam\u0131n\u0131 a\u00e7\u0131k\u00e7a \u00fcstlenmi\u015ftir&#8221; dedi.<\/strong><\/em><\/p>\n<p>Buldan, &#8220;Katilin profili bizlere ortak bir y\u00fcz\u00fc g\u00f6stermektedir. Nedir bu ortak y\u00fcz? HDP\u2019ye y\u00f6nelik \u201cha\u015fere temizli\u011fi yap\u0131ls\u0131n\u201d diyen soyk\u0131r\u0131m dilidir. \u201cDaha neler g\u00f6receksiniz\u201d diyen tehdit dilidir. \u201c6 milyon ki\u015finin verdi\u011fi oy kala\u015fnikof kur\u015funudur\u201d diyen medya tetik\u00e7ili\u011fidir!&#8221; dedi.<\/p>\n<p>Bah\u00e7eli HDP \u0130zmir \u0130l \u00d6rg\u00fct\u00fc \u00e7al\u0131\u015fan\u0131 Deniz Poyraz&#8217;\u0131n \u00f6ld\u00fcr\u00fclmesi ile ilgili olarak, &#8220;\u00d6ld\u00fcr\u00fclen Deniz Poyraz&#8217;\u0131n kim oldu\u011funu ben size s\u00f6yleyeyim. PKK&#8217;n\u0131n k\u0131rsal kat\u0131l\u0131m sorumlusu, \u015fehirden da\u011fa \u00e7\u0131kmak isteyen PKK sempatizanlar\u0131n\u0131 ter\u00f6r kamplar\u0131na sevk eden halkan\u0131n i\u00e7inde yer alan milis i\u015fbirlik\u00e7idir.&#8217; demi\u015fti. Bah\u00e7eli, &#8220;Kim ne biliyorsa kimin elinde ne belge ne bilgi varsa emniyet g\u00fc\u00e7lerine ve adli makamlara teslim etmek durumundad\u0131r. Biz bu cinayeti reddediyoruz. Katilin ve i\u015fbirlik\u00e7ilerinin en a\u011f\u0131r cezaya \u00e7arpt\u0131r\u0131lmas\u0131n\u0131 istiyoruz.&#8221; diye konu\u015fmu\u015ftu.<\/p>\n<p>Devlet Bah\u00e7eli&#8217;nin, Deniz Poyraz hakk\u0131nda s\u00f6ylediklerine de\u011finen Buldan, &#8220;Katil ile Bah\u00e7eli&#8217;nin dili ayn\u0131d\u0131r. H\u00fck\u00fcmetin k\u00fc\u00e7\u00fck orta\u011f\u0131 \u0130zmir katliam\u0131n\u0131 a\u00e7\u0131k\u00e7a \u00fcstlenmi\u015ftir! &#8221; ifadelerini kullanarak, &#8220;Var m\u0131 bu \u00fclkede adaletin k\u0131r\u0131nt\u0131lar\u0131, var m\u0131 \u00fclkede haddini bildirecek y\u00fcrekli bir savc\u0131?&#8221; diye sordu.<\/p>\n<p>Buldan, &#8220;Deniz Poyraz\u2019\u0131 katleden \u00f6rg\u00fctl\u00fc, planl\u0131 birlikteliktir. \u0130stedikleri kadar sorumluluktan ka\u00e7maya \u00e7al\u0131\u015fs\u0131nlar, kurtulamazlar. \u0130zmir katliam\u0131nda bu ortak y\u00fcz\u00fcn sahiplerinin tamam\u0131n\u0131n parmak izi, nefret izi vard\u0131r. Su\u00e7\u00fcst\u00fc yakaland\u0131lar.&#8221; diye konu\u015ftu.<\/p>\n<p>Buldan, &#8220;AKP Genel Ba\u015fkan\u0131 &#8216;K\u0131nad\u0131k, benzerlerini de k\u0131nayaca\u011f\u0131z&#8217; demi\u015ftir. Ne demek benzerleri? Yeni katliamlar m\u0131 ya\u015fanacak bu \u00fclkede? Siyaseti rekabet de\u011fil kin ve d\u00fc\u015fmanl\u0131k olarak g\u00f6ren bu zihniyetin yaratt\u0131\u011f\u0131 zehirli iklim, katliamlara zemin sunmaktad\u0131r&#8221; diyerek Erdo\u011fan&#8217;\u0131n a\u00e7\u0131klamalar\u0131na tepki g\u00f6sterdi.<\/p>\n<p>Pervin Buldan \u015funlar\u0131 s\u00f6yledi: &#8220;Parti binam\u0131z\u0131n \u00f6n\u00fcnde s\u00fcrekli GBT yapan polisler, ke\u015fif halindeki tetik\u00e7iyi fark etmemi\u015f olabilir mi? M\u00fcmk\u00fcn de\u011fildir. Parti binam\u0131za bir \u00e7ay i\u00e7meye gelen vatanda\u015fa dahi \u00fcyelik cezas\u0131 verenler, tetik\u00e7iye katliam i\u00e7in yol vermi\u015ftir. Bu \u00e7ok a\u00e7\u0131k ve nettir. Katliam esnas\u0131nda ve katliam sonras\u0131nda y\u00f6neticilerimizin binaya girmesini engelleyenler, katili engellememi\u015ftir. Katilin katliam yapmas\u0131 i\u00e7in ortam uygun hale getirilmi\u015ftir&#8221;<\/p>\n<p>HDP&#8217;nin kapat\u0131lmas\u0131na ili\u015fkin at\u0131lan ad\u0131mlara de\u011finen Buldan, &#8220;\u00dclke yang\u0131n yeriyken, i\u015fsizlikten, yoksulluktan insanlar k\u0131r\u0131l\u0131rken, topluma tek vaatleri HDP\u2019nin kapat\u0131lmas\u0131, demokratik siyasetin tasfiyesidir. As\u0131l kapanacak olan sizin soygun d\u00fczeniniz olacakt\u0131r&#8221; dedi.<\/p>\n<p><em><strong>http:\/\/www.agos.com.tr\/tr\/yazi\/25816\/buldan-hukumetin-kucuk-ortagi-izmir-katliamini-ustlendi\u00a0<\/strong><\/em><\/p>\n","protected":false},"excerpt":{"rendered":"<p>Partisinin grup toplant\u0131s\u0131nda MHP Genel Ba\u015fkan\u0131 Devlet Bah\u00e7eli&#8217;nin, Deniz Poyraz hakk\u0131nda s\u00f6ylediklerine de\u011finen HDP e\u015f Genel Ba\u015fkan\u0131 Pervin Buldan, &#8220;Katil ile Bah\u00e7eli&#8217;nin dili ayn\u0131d\u0131r. H\u00fck\u00fcmetin k\u00fc\u00e7\u00fck orta\u011f\u0131 \u0130zmir katliam\u0131n\u0131 a\u00e7\u0131k\u00e7a \u00fcstlenmi\u015ftir&#8221; dedi. Buldan, &#8220;Katilin profili bizlere ortak bir y\u00fcz\u00fc g\u00f6stermektedir. Nedir bu ortak y\u00fcz? HDP\u2019ye y\u00f6nelik \u201cha\u015fere temizli\u011fi yap\u0131ls\u0131n\u201d diyen soyk\u0131r\u0131m dilidir. \u201cDaha neler g\u00f6receksiniz\u201d [&hellip;]<\/p>\n","protected":false},"author":7,"featured_media":63427,"comment_status":"open","ping_status":"open","sticky":false,"template":"","format":"standard","meta":{"footnotes":""},"categories":[1],"tags":[],"class_list":["post-63426","post","type-post","status-publish","format-standard","has-post-thumbnail","hentry","category-haberler"],"yoast_head":"<!-- This site is optimized with the Yoast SEO plugin v27.4 - https:\/\/yoast.com\/product\/yoast-seo-wordpress\/ -->\n<title>Buldan: H\u00fck\u00fcmetin k\u00fc\u00e7\u00fck orta\u011f\u0131 \u0130zmir katliam\u0131n\u0131 \u00fcstlendi - Bati Ermenistan Ve Bati Ermenileri Sorunlari Ara\u015ftirmalar Merkezi<\/title>\n<meta name=\"robots\" content=\"index, follow, max-snippet:-1, max-image-preview:large, max-video-preview:-1\" \/>\n<link rel=\"canonical\" href=\"https:\/\/akunq.net\/tr\/?p=63426\" \/>\n<meta property=\"og:locale\" content=\"en_US\" \/>\n<meta property=\"og:type\" content=\"article\" \/>\n<meta property=\"og:title\" content=\"Buldan: H\u00fck\u00fcmetin k\u00fc\u00e7\u00fck orta\u011f\u0131 \u0130zmir katliam\u0131n\u0131 \u00fcstlendi - Bati Ermenistan Ve Bati Ermenileri Sorunlari Ara\u015ftirmalar Merkezi\" \/>\n<meta property=\"og:description\" content=\"Partisinin grup toplant\u0131s\u0131nda MHP Genel Ba\u015fkan\u0131 Devlet Bah\u00e7eli&#8217;nin, Deniz Poyraz hakk\u0131nda s\u00f6ylediklerine de\u011finen HDP e\u015f Genel Ba\u015fkan\u0131 Pervin Buldan, &#8220;Katil ile Bah\u00e7eli&#8217;nin dili ayn\u0131d\u0131r. H\u00fck\u00fcmetin k\u00fc\u00e7\u00fck orta\u011f\u0131 \u0130zmir katliam\u0131n\u0131 a\u00e7\u0131k\u00e7a \u00fcstlenmi\u015ftir&#8221; dedi. Buldan, &#8220;Katilin profili bizlere ortak bir y\u00fcz\u00fc g\u00f6stermektedir. Nedir bu ortak y\u00fcz? HDP\u2019ye y\u00f6nelik \u201cha\u015fere temizli\u011fi yap\u0131ls\u0131n\u201d diyen soyk\u0131r\u0131m dilidir. \u201cDaha neler g\u00f6receksiniz\u201d [&hellip;]\" \/>\n<meta property=\"og:url\" content=\"https:\/\/akunq.net\/tr\/?p=63426\" \/>\n<meta property=\"og:site_name\" content=\"Bati Ermenistan Ve Bati Ermenileri Sorunlari Ara\u015ftirmalar Merkezi\" \/>\n<meta property=\"article:published_time\" content=\"2021-06-23T08:09:27+00:00\" \/>\n<meta property=\"og:image\" content=\"https:\/\/akunq.net\/tr\/wp-content\/uploads\/sites\/6\/2021\/06\/Buldan.jpeg\" \/>\n\t<meta property=\"og:image:width\" content=\"1280\" \/>\n\t<meta property=\"og:image:height\" content=\"720\" \/>\n\t<meta property=\"og:image:type\" content=\"image\/jpeg\" \/>\n<meta name=\"author\" content=\"admin\" \/>\n<meta name=\"twitter:card\" content=\"summary_large_image\" \/>\n<meta name=\"twitter:label1\" content=\"Written by\" \/>\n\t<meta name=\"twitter:data1\" content=\"admin\" \/>\n\t<meta name=\"twitter:label2\" content=\"Est. reading time\" \/>\n\t<meta name=\"twitter:data2\" content=\"3 minutes\" \/>\n<script type=\"application\/ld+json\" class=\"yoast-schema-graph\">{\"@context\":\"https:\\\/\\\/schema.org\",\"@graph\":[{\"@type\":\"Article\",\"@id\":\"https:\\\/\\\/akunq.net\\\/tr\\\/?p=63426#article\",\"isPartOf\":{\"@id\":\"https:\\\/\\\/akunq.net\\\/tr\\\/?p=63426\"},\"author\":{\"name\":\"admin\",\"@id\":\"https:\\\/\\\/akunq.net\\\/tr\\\/#\\\/schema\\\/person\\\/096f1d38a12cce57fb855b485ed24c9e\"},\"headline\":\"Buldan: H\u00fck\u00fcmetin k\u00fc\u00e7\u00fck orta\u011f\u0131 \u0130zmir katliam\u0131n\u0131 \u00fcstlendi\",\"datePublished\":\"2021-06-23T08:09:27+00:00\",\"mainEntityOfPage\":{\"@id\":\"https:\\\/\\\/akunq.net\\\/tr\\\/?p=63426\"},\"wordCount\":516,\"commentCount\":0,\"image\":{\"@id\":\"https:\\\/\\\/akunq.net\\\/tr\\\/?p=63426#primaryimage\"},\"thumbnailUrl\":\"https:\\\/\\\/akunq.net\\\/tr\\\/wp-content\\\/uploads\\\/sites\\\/6\\\/2021\\\/06\\\/Buldan.jpeg\",\"articleSection\":[\"Haberler\"],\"inLanguage\":\"en-US\",\"potentialAction\":[{\"@type\":\"CommentAction\",\"name\":\"Comment\",\"target\":[\"https:\\\/\\\/akunq.net\\\/tr\\\/?p=63426#respond\"]}]},{\"@type\":\"WebPage\",\"@id\":\"https:\\\/\\\/akunq.net\\\/tr\\\/?p=63426\",\"url\":\"https:\\\/\\\/akunq.net\\\/tr\\\/?p=63426\",\"name\":\"Buldan: H\u00fck\u00fcmetin k\u00fc\u00e7\u00fck orta\u011f\u0131 \u0130zmir katliam\u0131n\u0131 \u00fcstlendi - Bati Ermenistan Ve Bati Ermenileri Sorunlari Ara\u015ftirmalar Merkezi\",\"isPartOf\":{\"@id\":\"https:\\\/\\\/akunq.net\\\/tr\\\/#website\"},\"primaryImageOfPage\":{\"@id\":\"https:\\\/\\\/akunq.net\\\/tr\\\/?p=63426#primaryimage\"},\"image\":{\"@id\":\"https:\\\/\\\/akunq.net\\\/tr\\\/?p=63426#primaryimage\"},\"thumbnailUrl\":\"https:\\\/\\\/akunq.net\\\/tr\\\/wp-content\\\/uploads\\\/sites\\\/6\\\/2021\\\/06\\\/Buldan.jpeg\",\"datePublished\":\"2021-06-23T08:09:27+00:00\",\"author\":{\"@id\":\"https:\\\/\\\/akunq.net\\\/tr\\\/#\\\/schema\\\/person\\\/096f1d38a12cce57fb855b485ed24c9e\"},\"breadcrumb\":{\"@id\":\"https:\\\/\\\/akunq.net\\\/tr\\\/?p=63426#breadcrumb\"},\"inLanguage\":\"en-US\",\"potentialAction\":[{\"@type\":\"ReadAction\",\"target\":[\"https:\\\/\\\/akunq.net\\\/tr\\\/?p=63426\"]}]},{\"@type\":\"ImageObject\",\"inLanguage\":\"en-US\",\"@id\":\"https:\\\/\\\/akunq.net\\\/tr\\\/?p=63426#primaryimage\",\"url\":\"https:\\\/\\\/akunq.net\\\/tr\\\/wp-content\\\/uploads\\\/sites\\\/6\\\/2021\\\/06\\\/Buldan.jpeg\",\"contentUrl\":\"https:\\\/\\\/akunq.net\\\/tr\\\/wp-content\\\/uploads\\\/sites\\\/6\\\/2021\\\/06\\\/Buldan.jpeg\",\"width\":1280,\"height\":720},{\"@type\":\"BreadcrumbList\",\"@id\":\"https:\\\/\\\/akunq.net\\\/tr\\\/?p=63426#breadcrumb\",\"itemListElement\":[{\"@type\":\"ListItem\",\"position\":1,\"name\":\"Home\",\"item\":\"https:\\\/\\\/akunq.net\\\/tr\"},{\"@type\":\"ListItem\",\"position\":2,\"name\":\"Buldan: H\u00fck\u00fcmetin k\u00fc\u00e7\u00fck orta\u011f\u0131 \u0130zmir katliam\u0131n\u0131 \u00fcstlendi\"}]},{\"@type\":\"WebSite\",\"@id\":\"https:\\\/\\\/akunq.net\\\/tr\\\/#website\",\"url\":\"https:\\\/\\\/akunq.net\\\/tr\\\/\",\"name\":\"Bati Ermenistan Ve Bati Ermenileri Sorunlari Ara\u015ftirmalar Merkezi\",\"description\":\"\",\"potentialAction\":[{\"@type\":\"SearchAction\",\"target\":{\"@type\":\"EntryPoint\",\"urlTemplate\":\"https:\\\/\\\/akunq.net\\\/tr\\\/?s={search_term_string}\"},\"query-input\":{\"@type\":\"PropertyValueSpecification\",\"valueRequired\":true,\"valueName\":\"search_term_string\"}}],\"inLanguage\":\"en-US\"},{\"@type\":\"Person\",\"@id\":\"https:\\\/\\\/akunq.net\\\/tr\\\/#\\\/schema\\\/person\\\/096f1d38a12cce57fb855b485ed24c9e\",\"name\":\"admin\",\"url\":\"https:\\\/\\\/akunq.net\\\/tr\\\/?author=7\"}]}<\/script>\n<!-- \/ Yoast SEO plugin. -->","yoast_head_json":{"title":"Buldan: H\u00fck\u00fcmetin k\u00fc\u00e7\u00fck orta\u011f\u0131 \u0130zmir katliam\u0131n\u0131 \u00fcstlendi - Bati Ermenistan Ve Bati Ermenileri Sorunlari Ara\u015ftirmalar Merkezi","robots":{"index":"index","follow":"follow","max-snippet":"max-snippet:-1","max-image-preview":"max-image-preview:large","max-video-preview":"max-video-preview:-1"},"canonical":"https:\/\/akunq.net\/tr\/?p=63426","og_locale":"en_US","og_type":"article","og_title":"Buldan: H\u00fck\u00fcmetin k\u00fc\u00e7\u00fck orta\u011f\u0131 \u0130zmir katliam\u0131n\u0131 \u00fcstlendi - Bati Ermenistan Ve Bati Ermenileri Sorunlari Ara\u015ftirmalar Merkezi","og_description":"Partisinin grup toplant\u0131s\u0131nda MHP Genel Ba\u015fkan\u0131 Devlet Bah\u00e7eli&#8217;nin, Deniz Poyraz hakk\u0131nda s\u00f6ylediklerine de\u011finen HDP e\u015f Genel Ba\u015fkan\u0131 Pervin Buldan, &#8220;Katil ile Bah\u00e7eli&#8217;nin dili ayn\u0131d\u0131r. H\u00fck\u00fcmetin k\u00fc\u00e7\u00fck orta\u011f\u0131 \u0130zmir katliam\u0131n\u0131 a\u00e7\u0131k\u00e7a \u00fcstlenmi\u015ftir&#8221; dedi. Buldan, &#8220;Katilin profili bizlere ortak bir y\u00fcz\u00fc g\u00f6stermektedir. Nedir bu ortak y\u00fcz? HDP\u2019ye y\u00f6nelik \u201cha\u015fere temizli\u011fi yap\u0131ls\u0131n\u201d diyen soyk\u0131r\u0131m dilidir. \u201cDaha neler g\u00f6receksiniz\u201d [&hellip;]","og_url":"https:\/\/akunq.net\/tr\/?p=63426","og_site_name":"Bati Ermenistan Ve Bati Ermenileri Sorunlari Ara\u015ftirmalar Merkezi","article_published_time":"2021-06-23T08:09:27+00:00","og_image":[{"width":1280,"height":720,"url":"https:\/\/akunq.net\/tr\/wp-content\/uploads\/sites\/6\/2021\/06\/Buldan.jpeg","type":"image\/jpeg"}],"author":"admin","twitter_card":"summary_large_image","twitter_misc":{"Written by":"admin","Est. reading time":"3 minutes"},"schema":{"@context":"https:\/\/schema.org","@graph":[{"@type":"Article","@id":"https:\/\/akunq.net\/tr\/?p=63426#article","isPartOf":{"@id":"https:\/\/akunq.net\/tr\/?p=63426"},"author":{"name":"admin","@id":"https:\/\/akunq.net\/tr\/#\/schema\/person\/096f1d38a12cce57fb855b485ed24c9e"},"headline":"Buldan: H\u00fck\u00fcmetin k\u00fc\u00e7\u00fck orta\u011f\u0131 \u0130zmir katliam\u0131n\u0131 \u00fcstlendi","datePublished":"2021-06-23T08:09:27+00:00","mainEntityOfPage":{"@id":"https:\/\/akunq.net\/tr\/?p=63426"},"wordCount":516,"commentCount":0,"image":{"@id":"https:\/\/akunq.net\/tr\/?p=63426#primaryimage"},"thumbnailUrl":"https:\/\/akunq.net\/tr\/wp-content\/uploads\/sites\/6\/2021\/06\/Buldan.jpeg","articleSection":["Haberler"],"inLanguage":"en-US","potentialAction":[{"@type":"CommentAction","name":"Comment","target":["https:\/\/akunq.net\/tr\/?p=63426#respond"]}]},{"@type":"WebPage","@id":"https:\/\/akunq.net\/tr\/?p=63426","url":"https:\/\/akunq.net\/tr\/?p=63426","name":"Buldan: H\u00fck\u00fcmetin k\u00fc\u00e7\u00fck orta\u011f\u0131 \u0130zmir katliam\u0131n\u0131 \u00fcstlendi - Bati Ermenistan Ve Bati Ermenileri Sorunlari Ara\u015ftirmalar Merkezi","isPartOf":{"@id":"https:\/\/akunq.net\/tr\/#website"},"primaryImageOfPage":{"@id":"https:\/\/akunq.net\/tr\/?p=63426#primaryimage"},"image":{"@id":"https:\/\/akunq.net\/tr\/?p=63426#primaryimage"},"thumbnailUrl":"https:\/\/akunq.net\/tr\/wp-content\/uploads\/sites\/6\/2021\/06\/Buldan.jpeg","datePublished":"2021-06-23T08:09:27+00:00","author":{"@id":"https:\/\/akunq.net\/tr\/#\/schema\/person\/096f1d38a12cce57fb855b485ed24c9e"},"breadcrumb":{"@id":"https:\/\/akunq.net\/tr\/?p=63426#breadcrumb"},"inLanguage":"en-US","potentialAction":[{"@type":"ReadAction","target":["https:\/\/akunq.net\/tr\/?p=63426"]}]},{"@type":"ImageObject","inLanguage":"en-US","@id":"https:\/\/akunq.net\/tr\/?p=63426#primaryimage","url":"https:\/\/akunq.net\/tr\/wp-content\/uploads\/sites\/6\/2021\/06\/Buldan.jpeg","contentUrl":"https:\/\/akunq.net\/tr\/wp-content\/uploads\/sites\/6\/2021\/06\/Buldan.jpeg","width":1280,"height":720},{"@type":"BreadcrumbList","@id":"https:\/\/akunq.net\/tr\/?p=63426#breadcrumb","itemListElement":[{"@type":"ListItem","position":1,"name":"Home","item":"https:\/\/akunq.net\/tr"},{"@type":"ListItem","position":2,"name":"Buldan: H\u00fck\u00fcmetin k\u00fc\u00e7\u00fck orta\u011f\u0131 \u0130zmir katliam\u0131n\u0131 \u00fcstlendi"}]},{"@type":"WebSite","@id":"https:\/\/akunq.net\/tr\/#website","url":"https:\/\/akunq.net\/tr\/","name":"Bati Ermenistan Ve Bati Ermenileri Sorunlari Ara\u015ftirmalar Merkezi","description":"","potentialAction":[{"@type":"SearchAction","target":{"@type":"EntryPoint","urlTemplate":"https:\/\/akunq.net\/tr\/?s={search_term_string}"},"query-input":{"@type":"PropertyValueSpecification","valueRequired":true,"valueName":"search_term_string"}}],"inLanguage":"en-US"},{"@type":"Person","@id":"https:\/\/akunq.net\/tr\/#\/schema\/person\/096f1d38a12cce57fb855b485ed24c9e","name":"admin","url":"https:\/\/akunq.net\/tr\/?author=7"}]}},"_links":{"self":[{"href":"https:\/\/akunq.net\/tr\/index.php?rest_route=\/wp\/v2\/posts\/63426","targetHints":{"allow":["GET"]}}],"collection":[{"href":"https:\/\/akunq.net\/tr\/index.php?rest_route=\/wp\/v2\/posts"}],"about":[{"href":"https:\/\/akunq.net\/tr\/index.php?rest_route=\/wp\/v2\/types\/post"}],"author":[{"embeddable":true,"href":"https:\/\/akunq.net\/tr\/index.php?rest_route=\/wp\/v2\/users\/7"}],"replies":[{"embeddable":true,"href":"https:\/\/akunq.net\/tr\/index.php?rest_route=%2Fwp%2Fv2%2Fcomments&post=63426"}],"version-history":[{"count":1,"href":"https:\/\/akunq.net\/tr\/index.php?rest_route=\/wp\/v2\/posts\/63426\/revisions"}],"predecessor-version":[{"id":63428,"href":"https:\/\/akunq.net\/tr\/index.php?rest_route=\/wp\/v2\/posts\/63426\/revisions\/63428"}],"wp:featuredmedia":[{"embeddable":true,"href":"https:\/\/akunq.net\/tr\/index.php?rest_route=\/wp\/v2\/media\/63427"}],"wp:attachment":[{"href":"https:\/\/akunq.net\/tr\/index.php?rest_route=%2Fwp%2Fv2%2Fmedia&parent=63426"}],"wp:term":[{"taxonomy":"category","embeddable":true,"href":"https:\/\/akunq.net\/tr\/index.php?rest_route=%2Fwp%2Fv2%2Fcategories&post=63426"},{"taxonomy":"post_tag","embeddable":true,"href":"https:\/\/akunq.net\/tr\/index.php?rest_route=%2Fwp%2Fv2%2Ftags&post=63426"}],"curies":[{"name":"wp","href":"https:\/\/api.w.org\/{rel}","templated":true}]}}