{"id":63423,"date":"2021-06-23T02:30:58","date_gmt":"2021-06-23T07:30:58","guid":{"rendered":"https:\/\/akunq.net\/tr\/?p=63423"},"modified":"2021-06-23T02:30:58","modified_gmt":"2021-06-23T07:30:58","slug":"azerbaycan-artik-haritalarda-meghri-bolgesini-kendi-sinirlari-icinde-gostermeye-basladi","status":"publish","type":"post","link":"https:\/\/akunq.net\/tr\/?p=63423","title":{"rendered":"Azerbaycan art\u0131k haritalarda Meghri b\u00f6lgesini kendi s\u0131n\u0131rlar\u0131 i\u00e7inde g\u00f6stermeye ba\u015flad\u0131"},"content":{"rendered":"<p><img loading=\"lazy\" decoding=\"async\" class=\"aligncenter size-medium wp-image-63424\" src=\"https:\/\/akunq.net\/tr\/wp-content\/uploads\/2021\/06\/Azerbaycan-Pakistan-360x166.jpg\" alt=\"\" width=\"360\" height=\"166\" srcset=\"https:\/\/akunq.net\/tr\/wp-content\/uploads\/sites\/6\/2021\/06\/Azerbaycan-Pakistan-360x166.jpg 360w, https:\/\/akunq.net\/tr\/wp-content\/uploads\/sites\/6\/2021\/06\/Azerbaycan-Pakistan-768x354.jpg 768w, https:\/\/akunq.net\/tr\/wp-content\/uploads\/sites\/6\/2021\/06\/Azerbaycan-Pakistan-560x258.jpg 560w, https:\/\/akunq.net\/tr\/wp-content\/uploads\/sites\/6\/2021\/06\/Azerbaycan-Pakistan-260x120.jpg 260w, https:\/\/akunq.net\/tr\/wp-content\/uploads\/sites\/6\/2021\/06\/Azerbaycan-Pakistan-160x74.jpg 160w, https:\/\/akunq.net\/tr\/wp-content\/uploads\/sites\/6\/2021\/06\/Azerbaycan-Pakistan.jpg 803w\" sizes=\"auto, (max-width: 360px) 100vw, 360px\" \/><\/p>\n<p><em><strong>\u0130ran Uzman\u0131 Vardan Voskanyan kendi Facebook sayfas\u0131ndan payla\u015f\u0131mda bulunarak Azerbaycan\u2019\u0131n \u2018yeni harita\u2019 giri\u015fimlerine de\u011findi.<\/strong><\/em><\/p>\n<p>Son zamanlarda Azerbaycan-Pakistan askeri ve siyasi \u00a0ili\u015fkileri \u00e7ok yo\u011funla\u015ft\u0131.<\/p>\n<p>Bu \u00e7er\u00e7evede Bak\u00fc\u2019de Azerbaycan ve Pakistan\u2019\u0131n Hava Kuvvetlerinin \u00fcst d\u00fczey yetkilileri aras\u0131nda bir g\u00f6r\u00fc\u015fme ger\u00e7ekle\u015ftirildi.<\/p>\n<p>\u0130ran Uzman\u0131 Vardan Voskanyan\u2019\u0131n s\u00f6zlerine g\u00f6re bu resmi g\u00f6r\u00fc\u015fme s\u0131ras\u0131nda Azerbaycan Silahl\u0131 Kuvvetleri yetkilisi, Pakistan Havac\u0131l\u0131k Mare\u015fal\u0131 Tarid Ziya\u2019ya bir hat\u0131ra hediyesi verdi.<\/p>\n<p>Bu hediyenin \u00fczerinde Azerbaycan haritas\u0131 vard\u0131. Bu haritada ise Ermenistan\u2019\u0131n g\u00fcneyinde yer alan Meghri b\u00f6lgesi Azerbaycan s\u0131n\u0131rlar\u0131 i\u00e7inde resmedilmi\u015fti. B\u00f6ylece Azerbaycan devlet d\u00fczeyinde Ermenistan\u2019\u0131n toprak b\u00fct\u00fcnl\u00fc\u011f\u00fcne ayk\u0131r\u0131 haritalar ortaya \u00e7\u0131karmaya ba\u015flam\u0131\u015ft\u0131r.<\/p>\n<p>Azerbaycan Meghri\u2019den ge\u00e7ecek ve Azerbaycan\u2019\u0131 Nakhijevan\u2019a ba\u011flayacak olan s\u00f6zde Zangezur koridoru iddialar\u0131n\u0131 \u00f6ne s\u00fcrmeye devam ediyor. Halbuki ate\u015fkes bildirisinde sadece b\u00f6lgedeki ula\u015f\u0131m yollar\u0131n\u0131n a\u00e7\u0131lmas\u0131ndan s\u00f6z ediliyor.<\/p>\n<p><em><strong>https:\/\/www.ermenihaber.am\/tr\/news\/2021\/06\/22\/Azerbaycan-Pakistan-Ermenistan-Meghri-b%C3%B6lgesi\/210233\u00a0<\/strong><\/em><\/p>\n","protected":false},"excerpt":{"rendered":"<p>\u0130ran Uzman\u0131 Vardan Voskanyan kendi Facebook sayfas\u0131ndan payla\u015f\u0131mda bulunarak Azerbaycan\u2019\u0131n \u2018yeni harita\u2019 giri\u015fimlerine de\u011findi. Son zamanlarda Azerbaycan-Pakistan askeri ve siyasi \u00a0ili\u015fkileri \u00e7ok yo\u011funla\u015ft\u0131. Bu \u00e7er\u00e7evede Bak\u00fc\u2019de Azerbaycan ve Pakistan\u2019\u0131n Hava Kuvvetlerinin \u00fcst d\u00fczey yetkilileri aras\u0131nda bir g\u00f6r\u00fc\u015fme ger\u00e7ekle\u015ftirildi. \u0130ran Uzman\u0131 Vardan Voskanyan\u2019\u0131n s\u00f6zlerine g\u00f6re bu resmi g\u00f6r\u00fc\u015fme s\u0131ras\u0131nda Azerbaycan Silahl\u0131 Kuvvetleri yetkilisi, Pakistan Havac\u0131l\u0131k Mare\u015fal\u0131 [&hellip;]<\/p>\n","protected":false},"author":7,"featured_media":63424,"comment_status":"open","ping_status":"open","sticky":false,"template":"","format":"standard","meta":{"footnotes":""},"categories":[1],"tags":[],"class_list":["post-63423","post","type-post","status-publish","format-standard","has-post-thumbnail","hentry","category-haberler"],"yoast_head":"<!-- This site is optimized with the Yoast SEO plugin v27.4 - https:\/\/yoast.com\/product\/yoast-seo-wordpress\/ -->\n<title>Azerbaycan art\u0131k haritalarda Meghri b\u00f6lgesini kendi s\u0131n\u0131rlar\u0131 i\u00e7inde g\u00f6stermeye ba\u015flad\u0131 - Bati Ermenistan Ve Bati Ermenileri Sorunlari Ara\u015ftirmalar Merkezi<\/title>\n<meta name=\"robots\" content=\"index, follow, max-snippet:-1, max-image-preview:large, max-video-preview:-1\" \/>\n<link rel=\"canonical\" href=\"https:\/\/akunq.net\/tr\/?p=63423\" \/>\n<meta property=\"og:locale\" content=\"en_US\" \/>\n<meta property=\"og:type\" content=\"article\" \/>\n<meta property=\"og:title\" content=\"Azerbaycan art\u0131k haritalarda Meghri b\u00f6lgesini kendi s\u0131n\u0131rlar\u0131 i\u00e7inde g\u00f6stermeye ba\u015flad\u0131 - Bati Ermenistan Ve Bati Ermenileri Sorunlari Ara\u015ftirmalar Merkezi\" \/>\n<meta property=\"og:description\" content=\"\u0130ran Uzman\u0131 Vardan Voskanyan kendi Facebook sayfas\u0131ndan payla\u015f\u0131mda bulunarak Azerbaycan\u2019\u0131n \u2018yeni harita\u2019 giri\u015fimlerine de\u011findi. Son zamanlarda Azerbaycan-Pakistan askeri ve siyasi \u00a0ili\u015fkileri \u00e7ok yo\u011funla\u015ft\u0131. Bu \u00e7er\u00e7evede Bak\u00fc\u2019de Azerbaycan ve Pakistan\u2019\u0131n Hava Kuvvetlerinin \u00fcst d\u00fczey yetkilileri aras\u0131nda bir g\u00f6r\u00fc\u015fme ger\u00e7ekle\u015ftirildi. \u0130ran Uzman\u0131 Vardan Voskanyan\u2019\u0131n s\u00f6zlerine g\u00f6re bu resmi g\u00f6r\u00fc\u015fme s\u0131ras\u0131nda Azerbaycan Silahl\u0131 Kuvvetleri yetkilisi, Pakistan Havac\u0131l\u0131k Mare\u015fal\u0131 [&hellip;]\" \/>\n<meta property=\"og:url\" content=\"https:\/\/akunq.net\/tr\/?p=63423\" \/>\n<meta property=\"og:site_name\" content=\"Bati Ermenistan Ve Bati Ermenileri Sorunlari Ara\u015ftirmalar Merkezi\" \/>\n<meta property=\"article:published_time\" content=\"2021-06-23T07:30:58+00:00\" \/>\n<meta property=\"og:image\" content=\"https:\/\/akunq.net\/tr\/wp-content\/uploads\/sites\/6\/2021\/06\/Azerbaycan-Pakistan.jpg\" \/>\n\t<meta property=\"og:image:width\" content=\"803\" \/>\n\t<meta property=\"og:image:height\" content=\"370\" \/>\n\t<meta property=\"og:image:type\" content=\"image\/jpeg\" \/>\n<meta name=\"author\" content=\"admin\" \/>\n<meta name=\"twitter:card\" content=\"summary_large_image\" \/>\n<meta name=\"twitter:label1\" content=\"Written by\" \/>\n\t<meta name=\"twitter:data1\" content=\"admin\" \/>\n\t<meta name=\"twitter:label2\" content=\"Est. reading time\" \/>\n\t<meta name=\"twitter:data2\" content=\"1 minute\" \/>\n<script type=\"application\/ld+json\" class=\"yoast-schema-graph\">{\"@context\":\"https:\\\/\\\/schema.org\",\"@graph\":[{\"@type\":\"Article\",\"@id\":\"https:\\\/\\\/akunq.net\\\/tr\\\/?p=63423#article\",\"isPartOf\":{\"@id\":\"https:\\\/\\\/akunq.net\\\/tr\\\/?p=63423\"},\"author\":{\"name\":\"admin\",\"@id\":\"https:\\\/\\\/akunq.net\\\/tr\\\/#\\\/schema\\\/person\\\/096f1d38a12cce57fb855b485ed24c9e\"},\"headline\":\"Azerbaycan art\u0131k haritalarda Meghri b\u00f6lgesini kendi s\u0131n\u0131rlar\u0131 i\u00e7inde g\u00f6stermeye ba\u015flad\u0131\",\"datePublished\":\"2021-06-23T07:30:58+00:00\",\"mainEntityOfPage\":{\"@id\":\"https:\\\/\\\/akunq.net\\\/tr\\\/?p=63423\"},\"wordCount\":206,\"commentCount\":0,\"image\":{\"@id\":\"https:\\\/\\\/akunq.net\\\/tr\\\/?p=63423#primaryimage\"},\"thumbnailUrl\":\"https:\\\/\\\/akunq.net\\\/tr\\\/wp-content\\\/uploads\\\/sites\\\/6\\\/2021\\\/06\\\/Azerbaycan-Pakistan.jpg\",\"articleSection\":[\"Haberler\"],\"inLanguage\":\"en-US\",\"potentialAction\":[{\"@type\":\"CommentAction\",\"name\":\"Comment\",\"target\":[\"https:\\\/\\\/akunq.net\\\/tr\\\/?p=63423#respond\"]}]},{\"@type\":\"WebPage\",\"@id\":\"https:\\\/\\\/akunq.net\\\/tr\\\/?p=63423\",\"url\":\"https:\\\/\\\/akunq.net\\\/tr\\\/?p=63423\",\"name\":\"Azerbaycan art\u0131k haritalarda Meghri b\u00f6lgesini kendi s\u0131n\u0131rlar\u0131 i\u00e7inde g\u00f6stermeye ba\u015flad\u0131 - Bati Ermenistan Ve Bati Ermenileri Sorunlari Ara\u015ftirmalar Merkezi\",\"isPartOf\":{\"@id\":\"https:\\\/\\\/akunq.net\\\/tr\\\/#website\"},\"primaryImageOfPage\":{\"@id\":\"https:\\\/\\\/akunq.net\\\/tr\\\/?p=63423#primaryimage\"},\"image\":{\"@id\":\"https:\\\/\\\/akunq.net\\\/tr\\\/?p=63423#primaryimage\"},\"thumbnailUrl\":\"https:\\\/\\\/akunq.net\\\/tr\\\/wp-content\\\/uploads\\\/sites\\\/6\\\/2021\\\/06\\\/Azerbaycan-Pakistan.jpg\",\"datePublished\":\"2021-06-23T07:30:58+00:00\",\"author\":{\"@id\":\"https:\\\/\\\/akunq.net\\\/tr\\\/#\\\/schema\\\/person\\\/096f1d38a12cce57fb855b485ed24c9e\"},\"breadcrumb\":{\"@id\":\"https:\\\/\\\/akunq.net\\\/tr\\\/?p=63423#breadcrumb\"},\"inLanguage\":\"en-US\",\"potentialAction\":[{\"@type\":\"ReadAction\",\"target\":[\"https:\\\/\\\/akunq.net\\\/tr\\\/?p=63423\"]}]},{\"@type\":\"ImageObject\",\"inLanguage\":\"en-US\",\"@id\":\"https:\\\/\\\/akunq.net\\\/tr\\\/?p=63423#primaryimage\",\"url\":\"https:\\\/\\\/akunq.net\\\/tr\\\/wp-content\\\/uploads\\\/sites\\\/6\\\/2021\\\/06\\\/Azerbaycan-Pakistan.jpg\",\"contentUrl\":\"https:\\\/\\\/akunq.net\\\/tr\\\/wp-content\\\/uploads\\\/sites\\\/6\\\/2021\\\/06\\\/Azerbaycan-Pakistan.jpg\",\"width\":803,\"height\":370},{\"@type\":\"BreadcrumbList\",\"@id\":\"https:\\\/\\\/akunq.net\\\/tr\\\/?p=63423#breadcrumb\",\"itemListElement\":[{\"@type\":\"ListItem\",\"position\":1,\"name\":\"Home\",\"item\":\"https:\\\/\\\/akunq.net\\\/tr\"},{\"@type\":\"ListItem\",\"position\":2,\"name\":\"Azerbaycan art\u0131k haritalarda Meghri b\u00f6lgesini kendi s\u0131n\u0131rlar\u0131 i\u00e7inde g\u00f6stermeye ba\u015flad\u0131\"}]},{\"@type\":\"WebSite\",\"@id\":\"https:\\\/\\\/akunq.net\\\/tr\\\/#website\",\"url\":\"https:\\\/\\\/akunq.net\\\/tr\\\/\",\"name\":\"Bati Ermenistan Ve Bati Ermenileri Sorunlari Ara\u015ftirmalar Merkezi\",\"description\":\"\",\"potentialAction\":[{\"@type\":\"SearchAction\",\"target\":{\"@type\":\"EntryPoint\",\"urlTemplate\":\"https:\\\/\\\/akunq.net\\\/tr\\\/?s={search_term_string}\"},\"query-input\":{\"@type\":\"PropertyValueSpecification\",\"valueRequired\":true,\"valueName\":\"search_term_string\"}}],\"inLanguage\":\"en-US\"},{\"@type\":\"Person\",\"@id\":\"https:\\\/\\\/akunq.net\\\/tr\\\/#\\\/schema\\\/person\\\/096f1d38a12cce57fb855b485ed24c9e\",\"name\":\"admin\",\"url\":\"https:\\\/\\\/akunq.net\\\/tr\\\/?author=7\"}]}<\/script>\n<!-- \/ Yoast SEO plugin. -->","yoast_head_json":{"title":"Azerbaycan art\u0131k haritalarda Meghri b\u00f6lgesini kendi s\u0131n\u0131rlar\u0131 i\u00e7inde g\u00f6stermeye ba\u015flad\u0131 - Bati Ermenistan Ve Bati Ermenileri Sorunlari Ara\u015ftirmalar Merkezi","robots":{"index":"index","follow":"follow","max-snippet":"max-snippet:-1","max-image-preview":"max-image-preview:large","max-video-preview":"max-video-preview:-1"},"canonical":"https:\/\/akunq.net\/tr\/?p=63423","og_locale":"en_US","og_type":"article","og_title":"Azerbaycan art\u0131k haritalarda Meghri b\u00f6lgesini kendi s\u0131n\u0131rlar\u0131 i\u00e7inde g\u00f6stermeye ba\u015flad\u0131 - Bati Ermenistan Ve Bati Ermenileri Sorunlari Ara\u015ftirmalar Merkezi","og_description":"\u0130ran Uzman\u0131 Vardan Voskanyan kendi Facebook sayfas\u0131ndan payla\u015f\u0131mda bulunarak Azerbaycan\u2019\u0131n \u2018yeni harita\u2019 giri\u015fimlerine de\u011findi. Son zamanlarda Azerbaycan-Pakistan askeri ve siyasi \u00a0ili\u015fkileri \u00e7ok yo\u011funla\u015ft\u0131. Bu \u00e7er\u00e7evede Bak\u00fc\u2019de Azerbaycan ve Pakistan\u2019\u0131n Hava Kuvvetlerinin \u00fcst d\u00fczey yetkilileri aras\u0131nda bir g\u00f6r\u00fc\u015fme ger\u00e7ekle\u015ftirildi. \u0130ran Uzman\u0131 Vardan Voskanyan\u2019\u0131n s\u00f6zlerine g\u00f6re bu resmi g\u00f6r\u00fc\u015fme s\u0131ras\u0131nda Azerbaycan Silahl\u0131 Kuvvetleri yetkilisi, Pakistan Havac\u0131l\u0131k Mare\u015fal\u0131 [&hellip;]","og_url":"https:\/\/akunq.net\/tr\/?p=63423","og_site_name":"Bati Ermenistan Ve Bati Ermenileri Sorunlari Ara\u015ftirmalar Merkezi","article_published_time":"2021-06-23T07:30:58+00:00","og_image":[{"width":803,"height":370,"url":"https:\/\/akunq.net\/tr\/wp-content\/uploads\/sites\/6\/2021\/06\/Azerbaycan-Pakistan.jpg","type":"image\/jpeg"}],"author":"admin","twitter_card":"summary_large_image","twitter_misc":{"Written by":"admin","Est. reading time":"1 minute"},"schema":{"@context":"https:\/\/schema.org","@graph":[{"@type":"Article","@id":"https:\/\/akunq.net\/tr\/?p=63423#article","isPartOf":{"@id":"https:\/\/akunq.net\/tr\/?p=63423"},"author":{"name":"admin","@id":"https:\/\/akunq.net\/tr\/#\/schema\/person\/096f1d38a12cce57fb855b485ed24c9e"},"headline":"Azerbaycan art\u0131k haritalarda Meghri b\u00f6lgesini kendi s\u0131n\u0131rlar\u0131 i\u00e7inde g\u00f6stermeye ba\u015flad\u0131","datePublished":"2021-06-23T07:30:58+00:00","mainEntityOfPage":{"@id":"https:\/\/akunq.net\/tr\/?p=63423"},"wordCount":206,"commentCount":0,"image":{"@id":"https:\/\/akunq.net\/tr\/?p=63423#primaryimage"},"thumbnailUrl":"https:\/\/akunq.net\/tr\/wp-content\/uploads\/sites\/6\/2021\/06\/Azerbaycan-Pakistan.jpg","articleSection":["Haberler"],"inLanguage":"en-US","potentialAction":[{"@type":"CommentAction","name":"Comment","target":["https:\/\/akunq.net\/tr\/?p=63423#respond"]}]},{"@type":"WebPage","@id":"https:\/\/akunq.net\/tr\/?p=63423","url":"https:\/\/akunq.net\/tr\/?p=63423","name":"Azerbaycan art\u0131k haritalarda Meghri b\u00f6lgesini kendi s\u0131n\u0131rlar\u0131 i\u00e7inde g\u00f6stermeye ba\u015flad\u0131 - Bati Ermenistan Ve Bati Ermenileri Sorunlari Ara\u015ftirmalar Merkezi","isPartOf":{"@id":"https:\/\/akunq.net\/tr\/#website"},"primaryImageOfPage":{"@id":"https:\/\/akunq.net\/tr\/?p=63423#primaryimage"},"image":{"@id":"https:\/\/akunq.net\/tr\/?p=63423#primaryimage"},"thumbnailUrl":"https:\/\/akunq.net\/tr\/wp-content\/uploads\/sites\/6\/2021\/06\/Azerbaycan-Pakistan.jpg","datePublished":"2021-06-23T07:30:58+00:00","author":{"@id":"https:\/\/akunq.net\/tr\/#\/schema\/person\/096f1d38a12cce57fb855b485ed24c9e"},"breadcrumb":{"@id":"https:\/\/akunq.net\/tr\/?p=63423#breadcrumb"},"inLanguage":"en-US","potentialAction":[{"@type":"ReadAction","target":["https:\/\/akunq.net\/tr\/?p=63423"]}]},{"@type":"ImageObject","inLanguage":"en-US","@id":"https:\/\/akunq.net\/tr\/?p=63423#primaryimage","url":"https:\/\/akunq.net\/tr\/wp-content\/uploads\/sites\/6\/2021\/06\/Azerbaycan-Pakistan.jpg","contentUrl":"https:\/\/akunq.net\/tr\/wp-content\/uploads\/sites\/6\/2021\/06\/Azerbaycan-Pakistan.jpg","width":803,"height":370},{"@type":"BreadcrumbList","@id":"https:\/\/akunq.net\/tr\/?p=63423#breadcrumb","itemListElement":[{"@type":"ListItem","position":1,"name":"Home","item":"https:\/\/akunq.net\/tr"},{"@type":"ListItem","position":2,"name":"Azerbaycan art\u0131k haritalarda Meghri b\u00f6lgesini kendi s\u0131n\u0131rlar\u0131 i\u00e7inde g\u00f6stermeye ba\u015flad\u0131"}]},{"@type":"WebSite","@id":"https:\/\/akunq.net\/tr\/#website","url":"https:\/\/akunq.net\/tr\/","name":"Bati Ermenistan Ve Bati Ermenileri Sorunlari Ara\u015ftirmalar Merkezi","description":"","potentialAction":[{"@type":"SearchAction","target":{"@type":"EntryPoint","urlTemplate":"https:\/\/akunq.net\/tr\/?s={search_term_string}"},"query-input":{"@type":"PropertyValueSpecification","valueRequired":true,"valueName":"search_term_string"}}],"inLanguage":"en-US"},{"@type":"Person","@id":"https:\/\/akunq.net\/tr\/#\/schema\/person\/096f1d38a12cce57fb855b485ed24c9e","name":"admin","url":"https:\/\/akunq.net\/tr\/?author=7"}]}},"_links":{"self":[{"href":"https:\/\/akunq.net\/tr\/index.php?rest_route=\/wp\/v2\/posts\/63423","targetHints":{"allow":["GET"]}}],"collection":[{"href":"https:\/\/akunq.net\/tr\/index.php?rest_route=\/wp\/v2\/posts"}],"about":[{"href":"https:\/\/akunq.net\/tr\/index.php?rest_route=\/wp\/v2\/types\/post"}],"author":[{"embeddable":true,"href":"https:\/\/akunq.net\/tr\/index.php?rest_route=\/wp\/v2\/users\/7"}],"replies":[{"embeddable":true,"href":"https:\/\/akunq.net\/tr\/index.php?rest_route=%2Fwp%2Fv2%2Fcomments&post=63423"}],"version-history":[{"count":1,"href":"https:\/\/akunq.net\/tr\/index.php?rest_route=\/wp\/v2\/posts\/63423\/revisions"}],"predecessor-version":[{"id":63425,"href":"https:\/\/akunq.net\/tr\/index.php?rest_route=\/wp\/v2\/posts\/63423\/revisions\/63425"}],"wp:featuredmedia":[{"embeddable":true,"href":"https:\/\/akunq.net\/tr\/index.php?rest_route=\/wp\/v2\/media\/63424"}],"wp:attachment":[{"href":"https:\/\/akunq.net\/tr\/index.php?rest_route=%2Fwp%2Fv2%2Fmedia&parent=63423"}],"wp:term":[{"taxonomy":"category","embeddable":true,"href":"https:\/\/akunq.net\/tr\/index.php?rest_route=%2Fwp%2Fv2%2Fcategories&post=63423"},{"taxonomy":"post_tag","embeddable":true,"href":"https:\/\/akunq.net\/tr\/index.php?rest_route=%2Fwp%2Fv2%2Ftags&post=63423"}],"curies":[{"name":"wp","href":"https:\/\/api.w.org\/{rel}","templated":true}]}}