{"id":63400,"date":"2021-06-21T06:04:34","date_gmt":"2021-06-21T11:04:34","guid":{"rendered":"https:\/\/akunq.net\/tr\/?p=63400"},"modified":"2021-06-21T06:04:34","modified_gmt":"2021-06-21T11:04:34","slug":"aym-hdpnin-kapatilmasi-talepli-iddianameyi-kabul-etti","status":"publish","type":"post","link":"https:\/\/akunq.net\/tr\/?p=63400","title":{"rendered":"AYM, HDP&#8217;nin kapat\u0131lmas\u0131 talepli iddianameyi kabul etti"},"content":{"rendered":"<p><img loading=\"lazy\" decoding=\"async\" class=\"aligncenter size-medium wp-image-63401\" src=\"https:\/\/akunq.net\/tr\/wp-content\/uploads\/2021\/06\/Anayasa-Mahkemesi-360x150.jpg\" alt=\"\" width=\"360\" height=\"150\" srcset=\"https:\/\/akunq.net\/tr\/wp-content\/uploads\/sites\/6\/2021\/06\/Anayasa-Mahkemesi-360x150.jpg 360w, https:\/\/akunq.net\/tr\/wp-content\/uploads\/sites\/6\/2021\/06\/Anayasa-Mahkemesi-560x233.jpg 560w, https:\/\/akunq.net\/tr\/wp-content\/uploads\/sites\/6\/2021\/06\/Anayasa-Mahkemesi-260x108.jpg 260w, https:\/\/akunq.net\/tr\/wp-content\/uploads\/sites\/6\/2021\/06\/Anayasa-Mahkemesi-160x67.jpg 160w, https:\/\/akunq.net\/tr\/wp-content\/uploads\/sites\/6\/2021\/06\/Anayasa-Mahkemesi.jpg 620w\" sizes=\"auto, (max-width: 360px) 100vw, 360px\" \/><\/p>\n<p><em><strong>HDP&#8217;nin kapat\u0131lmas\u0131 istemiyle yeniden a\u00e7\u0131lan davada ilk incelemesini yapan Anayasa Mahkemesi, iddianamenin kabul\u00fcne karar verdi. Karar \u2018oy birli\u011fiyle\u2019 al\u0131nd\u0131.<\/strong><\/em><\/p>\n<p>Anayasa Mahkemesi AYM), Halklar\u0131n Demokratik Partisi\u2019nin (HDP) kapat\u0131lmas\u0131 istemiyle yeniden haz\u0131rlanan iddianamenin ilk incelemesini yapt\u0131.<\/p>\n<p>AYM Genel Kurulu, haz\u0131rlanan iddianameyi \u2018oy birli\u011fiyle\u2019 kabul etti. Y\u00fcksek mahkeme hazine yard\u0131mlar\u0131n\u0131n bulundu\u011fu banka hesab\u0131na bloke konulmas\u0131 y\u00f6n\u00fcndeki tedbir talebini ise bu a\u015famada reddetti.<\/p>\n<p>\u0130lk inceleme s\u0131ras\u0131nda iddianamede belirtilen ki\u015filer hakk\u0131ndaki siyasi yasak talebi ile partinin hazine yard\u0131mlar\u0131n\u0131n bulundu\u011fu banka hesab\u0131na tedbiren bloke konulmas\u0131na karar verilmesi y\u00f6n\u00fcndeki talebin daha sonra de\u011ferlendirilmesine karar verdi.<\/p>\n<p>Yarg\u0131tay Cumhuriyet Ba\u015fsavc\u0131l\u0131\u011f\u0131nca, bir siyasi partinin kapat\u0131lmas\u0131 istemiyle Anayasa Mahkemesi\u2019ne a\u00e7\u0131lan davalarda &#8220;ceza davas\u0131&#8221; prosed\u00fcr\u00fc izleniyor. Haz\u0131rlanacak tensip tutana\u011f\u0131nda kapatma davas\u0131 s\u00fcrecinde izlenecek y\u00f6ntem belirlenecek.<\/p>\n<p>\u0130ddianame, \u00f6n savunman\u0131n verilmesi i\u00e7in HDP&#8217;ye g\u00f6nderilecek. Tensip tutana\u011f\u0131n\u0131n imzalanmas\u0131yla tebli\u011fe \u00e7\u0131kar\u0131lacak iddianamenin partiye tebli\u011finden itibaren \u00f6n savunma i\u00e7in s\u00fcre ba\u015flam\u0131\u015f olacak.<\/p>\n<p>HDP&#8217;nin, belirlenecek yasal s\u00fcre i\u00e7inde \u00f6n savunmas\u0131n\u0131 vermesi gerekiyor. Ancak parti, bu s\u00fcrenin uzat\u0131lmas\u0131 i\u00e7in ba\u015fvuruda bulunabilecek. Ek s\u00fcre talebini, AYM heyeti karara ba\u011flayacak.<\/p>\n<p>Parti taraf\u0131ndan \u00f6n savunman\u0131n verilmesinin ard\u0131ndan Yarg\u0131tay Cumhuriyet Ba\u015fsavc\u0131s\u0131 Bekir \u015eahin, esas hakk\u0131ndakini g\u00f6r\u00fc\u015f\u00fcn\u00fc sunacak.<\/p>\n<p>Daha sonra AYM bir tarih belirleyecek ve \u015eahin s\u00f6zl\u00fc a\u00e7\u0131klama, HDP de s\u00f6zl\u00fc savunma yapacak.<\/p>\n<p>B\u00fct\u00fcn s\u00fcrecin ard\u0131ndan davaya ili\u015fkin bilgi, belgeleri toplayacak raport\u00f6r, esas hakk\u0131ndaki raporunu haz\u0131rlayacak. Bu i\u015flemler s\u00fcrerken gerek Yarg\u0131tay Cumhuriyet Ba\u015fsavc\u0131l\u0131\u011f\u0131 gerekse daval\u0131 HDP, ek delil veya yaz\u0131l\u0131 ek savunma verebilecek.<\/p>\n<p>Raporun, Y\u00fcksek Mahkeme \u00fcyelerine da\u011f\u0131t\u0131lmas\u0131n\u0131n ard\u0131ndan Ba\u015fkan Z\u00fcht\u00fc Arslan toplant\u0131 i\u00e7in bir g\u00fcn belirleyecek, \u00fcyeler belirlenen g\u00fcnde bir araya gelerek kapatma istemini esastan g\u00f6r\u00fc\u015fmeye ba\u015flayacak.<\/p>\n<p>HDP hakk\u0131ndaki kapatma davas\u0131n\u0131 15 ki\u015fiden olu\u015fan Anayasa Mahkemesi heyeti karara ba\u011flayacak. Anayasa&#8217;n\u0131n 69. maddesinde say\u0131lan hallerden \u00f6t\u00fcr\u00fc partinin kapat\u0131lmas\u0131na veya dava konusu fiillerin a\u011f\u0131rl\u0131\u011f\u0131na g\u00f6re devlet yard\u0131m\u0131ndan k\u0131smen ya da tamamen yoksun b\u0131rak\u0131lmas\u0131na, toplant\u0131ya kat\u0131lan \u00fcyelerin 3&#8217;te 2 oy \u00e7oklu\u011fuyla yani 15 \u00fcyenin 10&#8217;unun oyuyla karar verilebilecek.<\/p>\n<p>Anayasa Mahkemesinin, siyasi yasak istenen partililerin beyan ve eylemleriyle partinin kapat\u0131lmas\u0131na neden oldu\u011funu belirlemesi halinde, bu ki\u015filer kesin karar\u0131n Resmi Gazete&#8217;de gerek\u00e7eli olarak yay\u0131mlanmas\u0131ndan ba\u015flayarak 5 y\u0131l s\u00fcreyle bir ba\u015fka partinin kurucusu, \u00fcyesi, y\u00f6neticisi ve deneticisi olamayacak.<\/p>\n<p><em><strong>(Ajanslar, Bianet)<\/strong><\/em><\/p>\n<p><em><strong>http:\/\/www.agos.com.tr\/tr\/yazi\/25808\/aym-hdp-nin-kapatilmasi-talepli-iddianameyi-kabul-etti\u00a0<\/strong><\/em><\/p>\n","protected":false},"excerpt":{"rendered":"<p>HDP&#8217;nin kapat\u0131lmas\u0131 istemiyle yeniden a\u00e7\u0131lan davada ilk incelemesini yapan Anayasa Mahkemesi, iddianamenin kabul\u00fcne karar verdi. Karar \u2018oy birli\u011fiyle\u2019 al\u0131nd\u0131. Anayasa Mahkemesi AYM), Halklar\u0131n Demokratik Partisi\u2019nin (HDP) kapat\u0131lmas\u0131 istemiyle yeniden haz\u0131rlanan iddianamenin ilk incelemesini yapt\u0131. AYM Genel Kurulu, haz\u0131rlanan iddianameyi \u2018oy birli\u011fiyle\u2019 kabul etti. Y\u00fcksek mahkeme hazine yard\u0131mlar\u0131n\u0131n bulundu\u011fu banka hesab\u0131na bloke konulmas\u0131 y\u00f6n\u00fcndeki tedbir talebini [&hellip;]<\/p>\n","protected":false},"author":7,"featured_media":63401,"comment_status":"open","ping_status":"open","sticky":false,"template":"","format":"standard","meta":{"footnotes":""},"categories":[1],"tags":[],"class_list":["post-63400","post","type-post","status-publish","format-standard","has-post-thumbnail","hentry","category-haberler"],"yoast_head":"<!-- This site is optimized with the Yoast SEO plugin v27.4 - https:\/\/yoast.com\/product\/yoast-seo-wordpress\/ -->\n<title>AYM, HDP&#039;nin kapat\u0131lmas\u0131 talepli iddianameyi kabul etti - Bati Ermenistan Ve Bati Ermenileri Sorunlari Ara\u015ftirmalar Merkezi<\/title>\n<meta name=\"robots\" content=\"index, follow, max-snippet:-1, max-image-preview:large, max-video-preview:-1\" \/>\n<link rel=\"canonical\" href=\"https:\/\/akunq.net\/tr\/?p=63400\" \/>\n<meta property=\"og:locale\" content=\"en_US\" \/>\n<meta property=\"og:type\" content=\"article\" \/>\n<meta property=\"og:title\" content=\"AYM, HDP&#039;nin kapat\u0131lmas\u0131 talepli iddianameyi kabul etti - Bati Ermenistan Ve Bati Ermenileri Sorunlari Ara\u015ftirmalar Merkezi\" \/>\n<meta property=\"og:description\" content=\"HDP&#8217;nin kapat\u0131lmas\u0131 istemiyle yeniden a\u00e7\u0131lan davada ilk incelemesini yapan Anayasa Mahkemesi, iddianamenin kabul\u00fcne karar verdi. Karar \u2018oy birli\u011fiyle\u2019 al\u0131nd\u0131. Anayasa Mahkemesi AYM), Halklar\u0131n Demokratik Partisi\u2019nin (HDP) kapat\u0131lmas\u0131 istemiyle yeniden haz\u0131rlanan iddianamenin ilk incelemesini yapt\u0131. AYM Genel Kurulu, haz\u0131rlanan iddianameyi \u2018oy birli\u011fiyle\u2019 kabul etti. Y\u00fcksek mahkeme hazine yard\u0131mlar\u0131n\u0131n bulundu\u011fu banka hesab\u0131na bloke konulmas\u0131 y\u00f6n\u00fcndeki tedbir talebini [&hellip;]\" \/>\n<meta property=\"og:url\" content=\"https:\/\/akunq.net\/tr\/?p=63400\" \/>\n<meta property=\"og:site_name\" content=\"Bati Ermenistan Ve Bati Ermenileri Sorunlari Ara\u015ftirmalar Merkezi\" \/>\n<meta property=\"article:published_time\" content=\"2021-06-21T11:04:34+00:00\" \/>\n<meta property=\"og:image\" content=\"https:\/\/akunq.net\/tr\/wp-content\/uploads\/sites\/6\/2021\/06\/Anayasa-Mahkemesi.jpg\" \/>\n\t<meta property=\"og:image:width\" content=\"620\" \/>\n\t<meta property=\"og:image:height\" content=\"258\" \/>\n\t<meta property=\"og:image:type\" content=\"image\/jpeg\" \/>\n<meta name=\"author\" content=\"admin\" \/>\n<meta name=\"twitter:card\" content=\"summary_large_image\" \/>\n<meta name=\"twitter:label1\" content=\"Written by\" \/>\n\t<meta name=\"twitter:data1\" content=\"admin\" \/>\n\t<meta name=\"twitter:label2\" content=\"Est. reading time\" \/>\n\t<meta name=\"twitter:data2\" content=\"2 minutes\" \/>\n<script type=\"application\/ld+json\" class=\"yoast-schema-graph\">{\"@context\":\"https:\\\/\\\/schema.org\",\"@graph\":[{\"@type\":\"Article\",\"@id\":\"https:\\\/\\\/akunq.net\\\/tr\\\/?p=63400#article\",\"isPartOf\":{\"@id\":\"https:\\\/\\\/akunq.net\\\/tr\\\/?p=63400\"},\"author\":{\"name\":\"admin\",\"@id\":\"https:\\\/\\\/akunq.net\\\/tr\\\/#\\\/schema\\\/person\\\/096f1d38a12cce57fb855b485ed24c9e\"},\"headline\":\"AYM, HDP&#8217;nin kapat\u0131lmas\u0131 talepli iddianameyi kabul etti\",\"datePublished\":\"2021-06-21T11:04:34+00:00\",\"mainEntityOfPage\":{\"@id\":\"https:\\\/\\\/akunq.net\\\/tr\\\/?p=63400\"},\"wordCount\":483,\"commentCount\":0,\"image\":{\"@id\":\"https:\\\/\\\/akunq.net\\\/tr\\\/?p=63400#primaryimage\"},\"thumbnailUrl\":\"https:\\\/\\\/akunq.net\\\/tr\\\/wp-content\\\/uploads\\\/sites\\\/6\\\/2021\\\/06\\\/Anayasa-Mahkemesi.jpg\",\"articleSection\":[\"Haberler\"],\"inLanguage\":\"en-US\",\"potentialAction\":[{\"@type\":\"CommentAction\",\"name\":\"Comment\",\"target\":[\"https:\\\/\\\/akunq.net\\\/tr\\\/?p=63400#respond\"]}]},{\"@type\":\"WebPage\",\"@id\":\"https:\\\/\\\/akunq.net\\\/tr\\\/?p=63400\",\"url\":\"https:\\\/\\\/akunq.net\\\/tr\\\/?p=63400\",\"name\":\"AYM, HDP'nin kapat\u0131lmas\u0131 talepli iddianameyi kabul etti - Bati Ermenistan Ve Bati Ermenileri Sorunlari Ara\u015ftirmalar Merkezi\",\"isPartOf\":{\"@id\":\"https:\\\/\\\/akunq.net\\\/tr\\\/#website\"},\"primaryImageOfPage\":{\"@id\":\"https:\\\/\\\/akunq.net\\\/tr\\\/?p=63400#primaryimage\"},\"image\":{\"@id\":\"https:\\\/\\\/akunq.net\\\/tr\\\/?p=63400#primaryimage\"},\"thumbnailUrl\":\"https:\\\/\\\/akunq.net\\\/tr\\\/wp-content\\\/uploads\\\/sites\\\/6\\\/2021\\\/06\\\/Anayasa-Mahkemesi.jpg\",\"datePublished\":\"2021-06-21T11:04:34+00:00\",\"author\":{\"@id\":\"https:\\\/\\\/akunq.net\\\/tr\\\/#\\\/schema\\\/person\\\/096f1d38a12cce57fb855b485ed24c9e\"},\"breadcrumb\":{\"@id\":\"https:\\\/\\\/akunq.net\\\/tr\\\/?p=63400#breadcrumb\"},\"inLanguage\":\"en-US\",\"potentialAction\":[{\"@type\":\"ReadAction\",\"target\":[\"https:\\\/\\\/akunq.net\\\/tr\\\/?p=63400\"]}]},{\"@type\":\"ImageObject\",\"inLanguage\":\"en-US\",\"@id\":\"https:\\\/\\\/akunq.net\\\/tr\\\/?p=63400#primaryimage\",\"url\":\"https:\\\/\\\/akunq.net\\\/tr\\\/wp-content\\\/uploads\\\/sites\\\/6\\\/2021\\\/06\\\/Anayasa-Mahkemesi.jpg\",\"contentUrl\":\"https:\\\/\\\/akunq.net\\\/tr\\\/wp-content\\\/uploads\\\/sites\\\/6\\\/2021\\\/06\\\/Anayasa-Mahkemesi.jpg\",\"width\":620,\"height\":258},{\"@type\":\"BreadcrumbList\",\"@id\":\"https:\\\/\\\/akunq.net\\\/tr\\\/?p=63400#breadcrumb\",\"itemListElement\":[{\"@type\":\"ListItem\",\"position\":1,\"name\":\"Home\",\"item\":\"https:\\\/\\\/akunq.net\\\/tr\"},{\"@type\":\"ListItem\",\"position\":2,\"name\":\"AYM, HDP&#8217;nin kapat\u0131lmas\u0131 talepli iddianameyi kabul etti\"}]},{\"@type\":\"WebSite\",\"@id\":\"https:\\\/\\\/akunq.net\\\/tr\\\/#website\",\"url\":\"https:\\\/\\\/akunq.net\\\/tr\\\/\",\"name\":\"Bati Ermenistan Ve Bati Ermenileri Sorunlari Ara\u015ftirmalar Merkezi\",\"description\":\"\",\"potentialAction\":[{\"@type\":\"SearchAction\",\"target\":{\"@type\":\"EntryPoint\",\"urlTemplate\":\"https:\\\/\\\/akunq.net\\\/tr\\\/?s={search_term_string}\"},\"query-input\":{\"@type\":\"PropertyValueSpecification\",\"valueRequired\":true,\"valueName\":\"search_term_string\"}}],\"inLanguage\":\"en-US\"},{\"@type\":\"Person\",\"@id\":\"https:\\\/\\\/akunq.net\\\/tr\\\/#\\\/schema\\\/person\\\/096f1d38a12cce57fb855b485ed24c9e\",\"name\":\"admin\",\"url\":\"https:\\\/\\\/akunq.net\\\/tr\\\/?author=7\"}]}<\/script>\n<!-- \/ Yoast SEO plugin. -->","yoast_head_json":{"title":"AYM, HDP'nin kapat\u0131lmas\u0131 talepli iddianameyi kabul etti - Bati Ermenistan Ve Bati Ermenileri Sorunlari Ara\u015ftirmalar Merkezi","robots":{"index":"index","follow":"follow","max-snippet":"max-snippet:-1","max-image-preview":"max-image-preview:large","max-video-preview":"max-video-preview:-1"},"canonical":"https:\/\/akunq.net\/tr\/?p=63400","og_locale":"en_US","og_type":"article","og_title":"AYM, HDP'nin kapat\u0131lmas\u0131 talepli iddianameyi kabul etti - Bati Ermenistan Ve Bati Ermenileri Sorunlari Ara\u015ftirmalar Merkezi","og_description":"HDP&#8217;nin kapat\u0131lmas\u0131 istemiyle yeniden a\u00e7\u0131lan davada ilk incelemesini yapan Anayasa Mahkemesi, iddianamenin kabul\u00fcne karar verdi. Karar \u2018oy birli\u011fiyle\u2019 al\u0131nd\u0131. Anayasa Mahkemesi AYM), Halklar\u0131n Demokratik Partisi\u2019nin (HDP) kapat\u0131lmas\u0131 istemiyle yeniden haz\u0131rlanan iddianamenin ilk incelemesini yapt\u0131. AYM Genel Kurulu, haz\u0131rlanan iddianameyi \u2018oy birli\u011fiyle\u2019 kabul etti. Y\u00fcksek mahkeme hazine yard\u0131mlar\u0131n\u0131n bulundu\u011fu banka hesab\u0131na bloke konulmas\u0131 y\u00f6n\u00fcndeki tedbir talebini [&hellip;]","og_url":"https:\/\/akunq.net\/tr\/?p=63400","og_site_name":"Bati Ermenistan Ve Bati Ermenileri Sorunlari Ara\u015ftirmalar Merkezi","article_published_time":"2021-06-21T11:04:34+00:00","og_image":[{"width":620,"height":258,"url":"https:\/\/akunq.net\/tr\/wp-content\/uploads\/sites\/6\/2021\/06\/Anayasa-Mahkemesi.jpg","type":"image\/jpeg"}],"author":"admin","twitter_card":"summary_large_image","twitter_misc":{"Written by":"admin","Est. reading time":"2 minutes"},"schema":{"@context":"https:\/\/schema.org","@graph":[{"@type":"Article","@id":"https:\/\/akunq.net\/tr\/?p=63400#article","isPartOf":{"@id":"https:\/\/akunq.net\/tr\/?p=63400"},"author":{"name":"admin","@id":"https:\/\/akunq.net\/tr\/#\/schema\/person\/096f1d38a12cce57fb855b485ed24c9e"},"headline":"AYM, HDP&#8217;nin kapat\u0131lmas\u0131 talepli iddianameyi kabul etti","datePublished":"2021-06-21T11:04:34+00:00","mainEntityOfPage":{"@id":"https:\/\/akunq.net\/tr\/?p=63400"},"wordCount":483,"commentCount":0,"image":{"@id":"https:\/\/akunq.net\/tr\/?p=63400#primaryimage"},"thumbnailUrl":"https:\/\/akunq.net\/tr\/wp-content\/uploads\/sites\/6\/2021\/06\/Anayasa-Mahkemesi.jpg","articleSection":["Haberler"],"inLanguage":"en-US","potentialAction":[{"@type":"CommentAction","name":"Comment","target":["https:\/\/akunq.net\/tr\/?p=63400#respond"]}]},{"@type":"WebPage","@id":"https:\/\/akunq.net\/tr\/?p=63400","url":"https:\/\/akunq.net\/tr\/?p=63400","name":"AYM, HDP'nin kapat\u0131lmas\u0131 talepli iddianameyi kabul etti - Bati Ermenistan Ve Bati Ermenileri Sorunlari Ara\u015ftirmalar Merkezi","isPartOf":{"@id":"https:\/\/akunq.net\/tr\/#website"},"primaryImageOfPage":{"@id":"https:\/\/akunq.net\/tr\/?p=63400#primaryimage"},"image":{"@id":"https:\/\/akunq.net\/tr\/?p=63400#primaryimage"},"thumbnailUrl":"https:\/\/akunq.net\/tr\/wp-content\/uploads\/sites\/6\/2021\/06\/Anayasa-Mahkemesi.jpg","datePublished":"2021-06-21T11:04:34+00:00","author":{"@id":"https:\/\/akunq.net\/tr\/#\/schema\/person\/096f1d38a12cce57fb855b485ed24c9e"},"breadcrumb":{"@id":"https:\/\/akunq.net\/tr\/?p=63400#breadcrumb"},"inLanguage":"en-US","potentialAction":[{"@type":"ReadAction","target":["https:\/\/akunq.net\/tr\/?p=63400"]}]},{"@type":"ImageObject","inLanguage":"en-US","@id":"https:\/\/akunq.net\/tr\/?p=63400#primaryimage","url":"https:\/\/akunq.net\/tr\/wp-content\/uploads\/sites\/6\/2021\/06\/Anayasa-Mahkemesi.jpg","contentUrl":"https:\/\/akunq.net\/tr\/wp-content\/uploads\/sites\/6\/2021\/06\/Anayasa-Mahkemesi.jpg","width":620,"height":258},{"@type":"BreadcrumbList","@id":"https:\/\/akunq.net\/tr\/?p=63400#breadcrumb","itemListElement":[{"@type":"ListItem","position":1,"name":"Home","item":"https:\/\/akunq.net\/tr"},{"@type":"ListItem","position":2,"name":"AYM, HDP&#8217;nin kapat\u0131lmas\u0131 talepli iddianameyi kabul etti"}]},{"@type":"WebSite","@id":"https:\/\/akunq.net\/tr\/#website","url":"https:\/\/akunq.net\/tr\/","name":"Bati Ermenistan Ve Bati Ermenileri Sorunlari Ara\u015ftirmalar Merkezi","description":"","potentialAction":[{"@type":"SearchAction","target":{"@type":"EntryPoint","urlTemplate":"https:\/\/akunq.net\/tr\/?s={search_term_string}"},"query-input":{"@type":"PropertyValueSpecification","valueRequired":true,"valueName":"search_term_string"}}],"inLanguage":"en-US"},{"@type":"Person","@id":"https:\/\/akunq.net\/tr\/#\/schema\/person\/096f1d38a12cce57fb855b485ed24c9e","name":"admin","url":"https:\/\/akunq.net\/tr\/?author=7"}]}},"_links":{"self":[{"href":"https:\/\/akunq.net\/tr\/index.php?rest_route=\/wp\/v2\/posts\/63400","targetHints":{"allow":["GET"]}}],"collection":[{"href":"https:\/\/akunq.net\/tr\/index.php?rest_route=\/wp\/v2\/posts"}],"about":[{"href":"https:\/\/akunq.net\/tr\/index.php?rest_route=\/wp\/v2\/types\/post"}],"author":[{"embeddable":true,"href":"https:\/\/akunq.net\/tr\/index.php?rest_route=\/wp\/v2\/users\/7"}],"replies":[{"embeddable":true,"href":"https:\/\/akunq.net\/tr\/index.php?rest_route=%2Fwp%2Fv2%2Fcomments&post=63400"}],"version-history":[{"count":1,"href":"https:\/\/akunq.net\/tr\/index.php?rest_route=\/wp\/v2\/posts\/63400\/revisions"}],"predecessor-version":[{"id":63402,"href":"https:\/\/akunq.net\/tr\/index.php?rest_route=\/wp\/v2\/posts\/63400\/revisions\/63402"}],"wp:featuredmedia":[{"embeddable":true,"href":"https:\/\/akunq.net\/tr\/index.php?rest_route=\/wp\/v2\/media\/63401"}],"wp:attachment":[{"href":"https:\/\/akunq.net\/tr\/index.php?rest_route=%2Fwp%2Fv2%2Fmedia&parent=63400"}],"wp:term":[{"taxonomy":"category","embeddable":true,"href":"https:\/\/akunq.net\/tr\/index.php?rest_route=%2Fwp%2Fv2%2Fcategories&post=63400"},{"taxonomy":"post_tag","embeddable":true,"href":"https:\/\/akunq.net\/tr\/index.php?rest_route=%2Fwp%2Fv2%2Ftags&post=63400"}],"curies":[{"name":"wp","href":"https:\/\/api.w.org\/{rel}","templated":true}]}}