{"id":63378,"date":"2021-06-18T03:24:17","date_gmt":"2021-06-18T08:24:17","guid":{"rendered":"https:\/\/akunq.net\/tr\/?p=63378"},"modified":"2021-06-18T03:24:17","modified_gmt":"2021-06-18T08:24:17","slug":"hdpye-saldirinin-arkasindaki-nefret-soylemi","status":"publish","type":"post","link":"https:\/\/akunq.net\/tr\/?p=63378","title":{"rendered":"&#8220;HDP&#8217;ye sald\u0131r\u0131n\u0131n arkas\u0131ndaki nefret s\u00f6ylemi&#8221;"},"content":{"rendered":"<p class=\"intro\"><em><strong>HDP il binas\u0131na sald\u0131r\u0131n\u0131n arka plan\u0131nda yatan nedenleri de\u011ferlendiren uzmanlar, siyasetteki nefret s\u00f6ylemine dikkat \u00e7ekiyor, iktidar\u0131n nefret s\u00f6yleminin bu t\u00fcr sald\u0131r\u0131lar\u0131 cesaretlendirdi\u011fi tespiti yap\u0131yor.<\/strong><\/em><\/p>\n<div id=\"sharing-bar\" class=\"min\"><span dir=\"ltr\">\u00a0<\/span><span dir=\"ltr\">\u00a0<\/span><span dir=\"ltr\">\u00a0<\/span><span dir=\"ltr\">\u00a0<\/span><\/div>\n<div class=\"picBox full\"><a class=\"overlayLink init\" href=\"https:\/\/www.dw.com\/tr\/hdpye-sald%C4%B1r%C4%B1n%C4%B1n-arkas%C4%B1ndaki-nefret-s%C3%B6ylemi\/a-57944535#\" rel=\"nofollow\"><img decoding=\"async\" title=\"default\" src=\"https:\/\/static.dw.com\/image\/56906284_303.jpg\" alt=\"default\" \/><\/a><\/div>\n<div class=\"group\">\n<div class=\"longText\">\n<p>HDP \u0130zmir \u0130l Ba\u015fkanl\u0131\u011f\u0131 binas\u0131na sald\u0131r\u0131, Anayasa Mahkemesi&#8217;nin\u00a0<a href=\"https:\/\/www.dw.com\/tr\/yarg%C4%B1tay-cumhuriyet-ba%C5%9Fsavc%C4%B1l%C4%B1%C4%9F%C4%B1-hdpye-yeniden-kapatma-davas%C4%B1-a%C3%A7t%C4%B1\/a-57807103\">HDP&#8217;nin kapat\u0131lmas\u0131 istemiyle haz\u0131rlanan ikinci iddianame<\/a>\u00a0\u00fczerindeki ilk incelemesini yapaca\u011f\u0131 21 Haziran \u00f6ncesinde ger\u00e7ekle\u015fti. Deniz Poyraz ad\u0131nda bir ki\u015finin hayat\u0131 kaybetti\u011fi sald\u0131r\u0131 sonras\u0131 yapt\u0131\u011f\u0131 a\u00e7\u0131klamada, sald\u0131r\u0131dan AKP ile MHP&#8217;yi sorumlu tutan HDP\u00a0E\u015f Genel Ba\u015fkan\u0131 Mithat Sancar ise &#8220;Burada yap\u0131lmak istenen ge\u00e7mi\u015fte benzerlerini g\u00f6rd\u00fc\u011f\u00fcm\u00fcz kanl\u0131 oyunlar\u0131n tekrar\u0131 gibidir. 7 Haziran-1 Kas\u0131m aras\u0131 ya\u015fananlar\u0131 bo\u015funa hat\u0131rlatm\u0131yoruz&#8221; diye konu\u015ftu.<\/p>\n<p>Cumhurba\u015fkan\u0131 Tayyip Erdo\u011fan da ge\u00e7en hafta Meclis Grup Toplant\u0131s\u0131&#8217;nda yapt\u0131\u011f\u0131 konu\u015fmada 7 Haziran se\u00e7imlerine de\u011finmi\u015f ve &#8220;T\u00fcrkiye, 2013&#8217;teki Gezi olaylar\u0131yla ba\u015flayan karanl\u0131k senaryonun Meclis ve\u00e7hesiyle 7 Haziran 2015 se\u00e7imlerinde kar\u015f\u0131la\u015fm\u0131\u015ft\u0131r. \u00dclkemizin \u00fczerine belirsizlik kara bulutlar\u0131n\u0131n \u00e7\u00f6kt\u00fcr\u00fclmeye, eski T\u00fcrkiye \u00f6zlemlerinin tekrar canland\u0131r\u0131lmaya \u00e7al\u0131\u015f\u0131ld\u0131\u011f\u0131, ter\u00f6r \u00f6rg\u00fctleri eliyle siyasetin dizayn edilmeye kalk\u0131\u015f\u0131ld\u0131\u011f\u0131 7 Haziran 2015 se\u00e7imlerinin asla unutulmamas\u0131 gerekiyor&#8221; ifadelerini kullanm\u0131\u015ft\u0131.<\/p>\n<p>T\u00fcrkiye&#8217;nin kritik g\u00fcnlerden ge\u00e7ti\u011fine dikkat \u00e7eken uzmanlar da 7 Haziran-1 Kas\u0131m 2015 aras\u0131nda T\u00fcrkiye&#8217;de ya\u015fananlar\u0131 hat\u0131rlatmas\u0131n\u0131n &#8220;\u00e7ok \u00f6nemli&#8221; oldu\u011fu g\u00f6r\u00fc\u015f\u00fcnde.<\/p>\n<p>Kamuoyu ara\u015ft\u0131rmac\u0131s\u0131 \u0130brahim Uslu, DW T\u00fcrk\u00e7e&#8217;ye AKP&#8217;nin ve hemen sonras\u0131nda da MHP&#8217;nin 7 Haziran&#8217;dan beri &#8220;g\u00fcnden g\u00fcne dozunu art\u0131ran bir \u015fiddet, nefret s\u00f6ylemi&#8221; kulland\u0131\u011f\u0131n\u0131 s\u00f6yl\u00fcyor. Uslu, &#8220;Bir partinin hatalar\u0131n\u0131 s\u00f6ylemek ayr\u0131 \u015fey, \u015feytanla\u015ft\u0131rmak ayr\u0131 \u015fey. Bir partiyi sabah ak\u015fam ter\u00f6r destek\u00e7isi ilan ederseniz, \u00fclkede akan her kandan o partiyi sorumu tutarsan\u0131z birilerinin de HDP&#8217;den nefret etmesinin, gidip de\u00a0<a href=\"https:\/\/www.dw.com\/tr\/hdp-izmir-binas%C4%B1na-sald%C4%B1r%C4%B1-1-ki%C5%9Fi-hayat%C4%B1n%C4%B1-kaybetti\/a-57932622\">HDP&#8217;ye sald\u0131rmas\u0131n\u0131n yolunu<\/a>a\u00e7m\u0131\u015f olursunuz&#8221; diyor.<\/p>\n<div class=\"picBox medium\n\"><a class=\"overlayLink init\" href=\"https:\/\/www.dw.com\/tr\/hdpye-sald%C4%B1r%C4%B1n%C4%B1n-arkas%C4%B1ndaki-nefret-s%C3%B6ylemi\/a-57944535#\" rel=\"nofollow\"><img decoding=\"async\" title=\"\u0130brahim Uslu\" src=\"https:\/\/static.dw.com\/image\/38390891_404.jpg\" alt=\"\u0130brahim Uslu\" \/><\/a><em>\u0130brahim Uslu<\/em><\/p>\n<\/div>\n<p>7 Haziran 2015 se\u00e7imlerinde AKP, iktidara geldi\u011fi 2002 se\u00e7imlerinden sonra ilk kez parlamentodaki tek ba\u015f\u0131na iktidar \u00e7o\u011funlu\u011funu kaybetmi\u015fti. AKP y\u00fczde 40,8 oy al\u0131rken, HDP oylar\u0131 y\u00fczde 13,1&#8217;e y\u00fckselmi\u015fti. A\u011fustos 2015&#8217;te MHP lideri Bah\u00e7eli de &#8220;\u0130zmir&#8217;de, Marmaris&#8217;te yazl\u0131klar\u0131nda yat\u0131p AKP&#8217;nin olmas\u0131n diye oyunu MHP&#8217;ye vermeyen, ama HDP&#8217;yi meclise ta\u015f\u0131yan zavall\u0131lar, T\u00fcrkiye&#8217;nin kayma\u011f\u0131n\u0131 yiyenler, Bo\u011faz&#8217;da, yal\u0131larda viskisini yudumlay\u0131p oyunu HDP&#8217;ye veren \u015ferefsizler. \u015eimdi HDP ile koalisyonu kurun&#8221; \u00e7\u0131k\u0131\u015f\u0131yla HDP&#8217;yi do\u011frudan hedef alm\u0131\u015ft\u0131.<\/p>\n<p>HDP&#8217;nin kapat\u0131lmas\u0131n\u0131 isteyen Bah\u00e7eli&#8217;nin HDP&#8217;li y\u00f6neticilere ve HDP&#8217;ye oy verenlere y\u00fcklenmekten vazge\u00e7medi\u011fini ve &#8220;nefret dilini s\u00fcrekli \u00f6ne \u00e7\u0131kard\u0131\u011f\u0131n\u0131&#8221; hat\u0131rlatan \u0130brahim Uslu, &#8220;\u0130ktidar gerilim siyasetinden vazge\u00e7miyor. Bu b\u00f6yle gidemez. Bu gerilim devam edemez&#8221; g\u00f6r\u00fc\u015f\u00fcn\u00fc dile getiriyor. 7 Haziran 2015 se\u00e7iminde &#8220;uzla\u015fma ve demokrasi&#8221;den yana olan se\u00e7menin iktidardan deste\u011fini \u00e7ekti\u011fine i\u015faret eden Uslu, \u00f6n\u00fcm\u00fczdeki ilk se\u00e7imde se\u00e7menin iktidar ve muhalefeti bu a\u00e7\u0131dan teraziye koyabilece\u011fi mesaj\u0131 veriyor.<\/p>\n<h2>&#8220;Cenazeye gitmeliler&#8221;<\/h2>\n<p>Uslu, &#8220;Se\u00e7men kutupla\u015fma siyasetini cezaland\u0131rma karar\u0131 al\u0131rsa, \u00fclkedeki \u015fiddetten kayg\u0131s\u0131n\u0131 sand\u0131\u011fa yans\u0131t\u0131rsa, ki o g\u00fcn \u00e7ok uzakta de\u011fil, siyaset\u00e7i de gereken mesaj\u0131 alm\u0131\u015f olacak. Bu \u015fiddet ortam\u0131n\u0131n, nefret s\u00f6yleminin bir an \u00f6nce bitirilmesi gerekiyor&#8221; de\u011ferlendirmesini yap\u0131yor.<\/p>\n<p>HDP \u0130zmir il binas\u0131na sald\u0131r\u0131dan sonra muhalefetin demokrasi, hukuk gibi evrensel de\u011ferlerde ve parlamenter sistemde birle\u015fti\u011fini bir kez daha g\u00f6sterircesine sald\u0131r\u0131y\u0131 k\u0131namakta birle\u015fmesinin, \u00e7ok anlaml\u0131 oldu\u011funu s\u00f6yleyen Uslu, &#8220;Bug\u00fcn se\u00e7men muhalefetin \u015fiddet dilini de\u011fil, iktidar cephesinin \u015fiddet dilini konu\u015fuyor.\u00a0<a href=\"https:\/\/www.dw.com\/tr\/hdp-binas%C4%B1na-sald%C4%B1r%C4%B1-ankarada-tansiyonu-y%C3%BCkseltti\/a-57937490\">Sald\u0131r\u0131y\u0131 k\u0131nad\u0131lar<\/a>\u00a0ama bu yetmez. \u0130ktidar, tansiyonu d\u00fc\u015f\u00fcrmek i\u00e7in ya hayat\u0131n\u0131 kaybeden HDP il binas\u0131 \u00e7al\u0131\u015fan\u0131n\u0131n cenazesine gitmeli ya da HDP&#8217;ye ba\u015fsa\u011fl\u0131\u011f\u0131 ziyaretinde bulunmal\u0131. T\u00fcrkiye&#8217;nin huzur arad\u0131\u011f\u0131 a\u00e7\u0131k\u00e7a g\u00f6sterilmezse sald\u0131rganlar cesaretlenir&#8221; uyar\u0131s\u0131nda bulunuyor.<\/p>\n<div class=\"picBox full\n\"><a class=\"overlayLink init\" href=\"https:\/\/www.dw.com\/tr\/hdpye-sald%C4%B1r%C4%B1n%C4%B1n-arkas%C4%B1ndaki-nefret-s%C3%B6ylemi\/a-57944535#\" rel=\"nofollow\"><img decoding=\"async\" title=\"Cumhurba\u015fkan\u0131 Recep Tayyip Erdo\u011fan \" src=\"https:\/\/static.dw.com\/image\/57579866_401.jpg\" alt=\"Cumhurba\u015fkan\u0131 Recep Tayyip Erdo\u011fan \" \/><\/a><em>Cumhurba\u015fkan\u0131 Recep Tayyip Erdo\u011fan<\/em><\/p>\n<\/div>\n<h2>7 Haziran ve sonras\u0131<\/h2>\n<p>Erdo\u011fan, Meclis Grup Toplant\u0131s\u0131&#8217;ndaki konu\u015fmas\u0131nda 7 Haziran sonras\u0131ndaki s\u00fcre\u00e7te T\u00fcrkiye&#8217;nin Kas\u0131m 2015&#8217;te bir yenileme se\u00e7imi, 15 Temmuz 2016\u2019da bir darbe giri\u015fimi, Nisan 2017\u2019de bir halk oylamas\u0131, Haziran 2018&#8217;de bir erken se\u00e7im, Mart 2019&#8217;da da bir mahalli se\u00e7im ya\u015fad\u0131\u011f\u0131na dikkat \u00e7ekmi\u015fti. Erdo\u011fan, &#8220;Bu d\u00f6nemde \u00e7ukur eylemleriyle vatan\u0131m\u0131z\u0131n b\u00fct\u00fcnl\u00fc\u011f\u00fcne ter\u00f6r \u00f6rg\u00fctleri kullan\u0131larak milletimizin g\u00fcvenli\u011fine, Suriye&#8217;deki karma\u015fa f\u0131rsat bilinerek \u00fclke s\u0131n\u0131rlar\u0131m\u0131z\u0131n dokunulmazl\u0131\u011f\u0131na ve ekonomimize sald\u0131r\u0131lm\u0131\u015ft\u0131r. Allah&#8217;a \u015f\u00fck\u00fcr \u00fclkeyi kaosa ve \u00e7\u00f6k\u00fc\u015fe s\u00fcr\u00fckleme oyununu bozduk&#8221; ifadeleri de kullanm\u0131\u015ft\u0131.<\/p>\n<p>Erdo\u011fan&#8217;\u0131n hat\u0131rlatt\u0131\u011f\u0131 7 Haziran se\u00e7imi sonras\u0131nda K\u00fcrt sorunu i\u00e7in y\u00fcr\u00fct\u00fclen \u00e7\u00f6z\u00fcm s\u00fcreci de noktaland\u0131. PKK, yol kesme ve \u015fantiye basma eylemlerine ba\u015flad\u0131. T\u00fcrkiye &#8220;canl\u0131 bombalar&#8221;\u0131n d\u00fczenledi\u011fi intihar sald\u0131r\u0131lar\u0131yla sars\u0131ld\u0131. \u015eanl\u0131urfa Suru\u00e7&#8217;ta 33 ki\u015fi hayat\u0131n\u0131 yitirdi. Suru\u00e7 sald\u0131r\u0131s\u0131ndan iki g\u00fcn sonra Ceylanp\u0131nar&#8217;da 2 polis ba\u015flar\u0131ndan vurularak \u00f6ld\u00fcr\u00fcld\u00fc. PKK ve I\u015e\u0130D&#8217;e y\u00f6nelik eylemler ba\u015flad\u0131. T\u00fcrkiye tarihinin en kanl\u0131 sald\u0131r\u0131s\u0131 10 Ekim&#8217;de Ankara&#8217;da ya\u015fand\u0131. Gar Katliam\u0131 olarak tarihe ge\u00e7en sald\u0131r\u0131da 102 ki\u015fi hayat\u0131n\u0131 yitirdi. 1 Kas\u0131m&#8217;da yenilenen se\u00e7imde AKP yeniden tek ba\u015f\u0131na iktidar \u00e7o\u011funlu\u011funu elde etti.<\/p>\n<h2>&#8220;\u0130ktidar\u0131n elinde yeterince imkan ve g\u00fc\u00e7 var&#8221;<\/h2>\n<p>Ko\u00e7 \u00dcniversitesi&#8217;nden siyaset bilimci Prof. Dr. Murat Somer de sald\u0131r\u0131y\u0131 DW T\u00fcrk\u00e7e&#8217;ye de\u011ferlendirirken t\u0131pk\u0131 Uslu gibi iktidar\u0131n nefret dili ve s\u00f6yleminin bu t\u00fcr sald\u0131r\u0131lar\u0131 kolayla\u015ft\u0131rd\u0131\u011f\u0131, sald\u0131rganlar\u0131 cesaretlendirdi\u011fi tespiti yap\u0131yor.<\/p>\n<div class=\"picBox medium\nrechts\n\"><a class=\"overlayLink init\" href=\"https:\/\/www.dw.com\/tr\/hdpye-sald%C4%B1r%C4%B1n%C4%B1n-arkas%C4%B1ndaki-nefret-s%C3%B6ylemi\/a-57944535#\" rel=\"nofollow\"><img decoding=\"async\" title=\"Prof. Dr. Murat Somer \" src=\"https:\/\/static.dw.com\/image\/56932374_404.jpg\" alt=\"Prof. Dr. Murat Somer \" \/><\/a><em>Prof. Dr. Murat Somer<\/em><\/p>\n<\/div>\n<p>Somer, &#8220;\u0130ktidar\u0131n ve g\u00fcd\u00fcm\u00fcndeki medyan\u0131n kulland\u0131\u011f\u0131 d\u00fc\u015fmanla\u015ft\u0131r\u0131c\u0131 dili ve s\u00f6ylemi muhalefet kullanm\u0131\u015f olsayd\u0131, iktidar\u0131n 2015&#8217;ten beri kurdu\u011fu hukuk d\u00fczeni i\u00e7indeki savc\u0131lar, ter\u00f6rle iltisakl\u0131 olmak, ba\u011flant\u0131l\u0131 olmak su\u00e7undan ilgili ki\u015filere dava a\u00e7ard\u0131. \u0130ktidar\u0131n elinde bu t\u00fcr olaylar\u0131n olmas\u0131n\u0131 engellemek i\u00e7in yeterince g\u00fc\u00e7 ve imk\u00e2n var. Neden engellenmiyor. Engellenmiyorsa, bu olaylara g\u00f6z yumuluyor, hatta birileri bundan fayda umuyor demektir&#8221; yorumu yap\u0131yor.<\/p>\n<p>Sald\u0131r\u0131dan sonra muhalefetin demokrasi, hukuk, toplumsal bar\u0131\u015f ve huzur temelinde ortak bir tav\u0131r sergiledi\u011fine, ortak a\u00e7\u0131klama yapmasalar da sald\u0131r\u0131y\u0131 ve arkas\u0131ndaki niyetleri k\u0131nayan, lanetleyen benzer a\u00e7\u0131klamalarla birbirlerine yakla\u015ft\u0131klar\u0131na vurgu yap\u0131yor.<\/p>\n<p>7 Haziran 2015 sonras\u0131nda ya\u015fananlar\u0131 hat\u0131rlatan Somer, &#8220;Toplum ve muhalefet partileri bir \u00f6\u011frenme s\u00fcrecinden ge\u00e7ti. 7 Haziran 2015 se\u00e7iminde muhalefete \u015fans vermek istedi se\u00e7men. Ama \u00fclke \u00f6yle bir korku iklimine s\u00fcr\u00fcklendi ki, muhalefetin ortak hareket etmesi engellendi. \u015eimdi HDP binas\u0131nda i\u015flenen cinayetin arkas\u0131nda olanlar\u0131n hedefi muhalefeti b\u00f6lmek olabilir ama umduklar\u0131n\u0131 da bulamayabilirler. \u00c7\u00fcnk\u00fc muhalefetin birbirine yakla\u015fmas\u0131 s\u00f6z konusu&#8221; diye konu\u015fuyor.<\/p>\n<p>Ya\u015fananlar\u0131n &#8220;muhalefet i\u00e7in s\u0131nav&#8221; olarak da de\u011ferlendirilebilece\u011fini anlatan Somer, T\u00fcrkiye&#8217;nin 7 Haziran 2015 sonras\u0131nda ya\u015fananlar\u0131 tekrar ya\u015famamas\u0131 i\u00e7in muhalefetin &#8220;ortak bir dille, ortak bir tav\u0131r sergileyip toplumun \u00f6n\u00fcne bir \u00e7\u00f6z\u00fcm plan\u0131 sunabilece\u011fi&#8221; \u00f6nerisini getiriyor. HDP&#8217;nin de bu d\u00f6nemin yeniden ya\u015fanmas\u0131n\u0131 istemedi\u011fini d\u00fc\u015f\u00fcnd\u00fc\u011f\u00fcn\u00fc s\u00f6yleyen Somer, &#8220;Muhalefet; demokrasi, hukuk ve toplumsal bar\u0131\u015f temelli bir hikaye sunabilirse topluma, HDP de destekleyecek ve istismara a\u00e7\u0131k politikalardan ka\u00e7\u0131nacakt\u0131r&#8221; diyor.<\/p>\n<p><em><strong>Hilal K\u00f6yl\u00fc \/ Ankara<\/strong><\/em><\/p>\n<p><em><strong>\u00a9 Deutsche Welle T\u00fcrk\u00e7e<\/strong><\/em><\/p>\n<p><em><strong>https:\/\/www.dw.com\/tr\/hdpye-sald%C4%B1r%C4%B1n%C4%B1n-arkas%C4%B1ndaki-nefret-s%C3%B6ylemi\/a-57944535\u00a0<\/strong><\/em><\/p>\n<\/div>\n<\/div>\n","protected":false},"excerpt":{"rendered":"<p>HDP il binas\u0131na sald\u0131r\u0131n\u0131n arka plan\u0131nda yatan nedenleri de\u011ferlendiren uzmanlar, siyasetteki nefret s\u00f6ylemine dikkat \u00e7ekiyor, iktidar\u0131n nefret s\u00f6yleminin bu t\u00fcr sald\u0131r\u0131lar\u0131 cesaretlendirdi\u011fi tespiti yap\u0131yor. \u00a0\u00a0\u00a0\u00a0 HDP \u0130zmir \u0130l Ba\u015fkanl\u0131\u011f\u0131 binas\u0131na sald\u0131r\u0131, Anayasa Mahkemesi&#8217;nin\u00a0HDP&#8217;nin kapat\u0131lmas\u0131 istemiyle haz\u0131rlanan ikinci iddianame\u00a0\u00fczerindeki ilk incelemesini yapaca\u011f\u0131 21 Haziran \u00f6ncesinde ger\u00e7ekle\u015fti. Deniz Poyraz ad\u0131nda bir ki\u015finin hayat\u0131 kaybetti\u011fi sald\u0131r\u0131 sonras\u0131 yapt\u0131\u011f\u0131 [&hellip;]<\/p>\n","protected":false},"author":7,"featured_media":63379,"comment_status":"open","ping_status":"open","sticky":false,"template":"","format":"standard","meta":{"footnotes":""},"categories":[1],"tags":[],"class_list":["post-63378","post","type-post","status-publish","format-standard","has-post-thumbnail","hentry","category-haberler"],"yoast_head":"<!-- This site is optimized with the Yoast SEO plugin v27.4 - https:\/\/yoast.com\/product\/yoast-seo-wordpress\/ -->\n<title>&quot;HDP&#039;ye sald\u0131r\u0131n\u0131n arkas\u0131ndaki nefret s\u00f6ylemi&quot; - Bati Ermenistan Ve Bati Ermenileri Sorunlari Ara\u015ftirmalar Merkezi<\/title>\n<meta name=\"robots\" content=\"index, follow, max-snippet:-1, max-image-preview:large, max-video-preview:-1\" \/>\n<link rel=\"canonical\" href=\"https:\/\/akunq.net\/tr\/?p=63378\" \/>\n<meta property=\"og:locale\" content=\"en_US\" \/>\n<meta property=\"og:type\" content=\"article\" \/>\n<meta property=\"og:title\" content=\"&quot;HDP&#039;ye sald\u0131r\u0131n\u0131n arkas\u0131ndaki nefret s\u00f6ylemi&quot; - Bati Ermenistan Ve Bati Ermenileri Sorunlari Ara\u015ftirmalar Merkezi\" \/>\n<meta property=\"og:description\" content=\"HDP il binas\u0131na sald\u0131r\u0131n\u0131n arka plan\u0131nda yatan nedenleri de\u011ferlendiren uzmanlar, siyasetteki nefret s\u00f6ylemine dikkat \u00e7ekiyor, iktidar\u0131n nefret s\u00f6yleminin bu t\u00fcr sald\u0131r\u0131lar\u0131 cesaretlendirdi\u011fi tespiti yap\u0131yor. \u00a0\u00a0\u00a0\u00a0 HDP \u0130zmir \u0130l Ba\u015fkanl\u0131\u011f\u0131 binas\u0131na sald\u0131r\u0131, Anayasa Mahkemesi&#8217;nin\u00a0HDP&#8217;nin kapat\u0131lmas\u0131 istemiyle haz\u0131rlanan ikinci iddianame\u00a0\u00fczerindeki ilk incelemesini yapaca\u011f\u0131 21 Haziran \u00f6ncesinde ger\u00e7ekle\u015fti. Deniz Poyraz ad\u0131nda bir ki\u015finin hayat\u0131 kaybetti\u011fi sald\u0131r\u0131 sonras\u0131 yapt\u0131\u011f\u0131 [&hellip;]\" \/>\n<meta property=\"og:url\" content=\"https:\/\/akunq.net\/tr\/?p=63378\" \/>\n<meta property=\"og:site_name\" content=\"Bati Ermenistan Ve Bati Ermenileri Sorunlari Ara\u015ftirmalar Merkezi\" \/>\n<meta property=\"article:published_time\" content=\"2021-06-18T08:24:17+00:00\" \/>\n<meta property=\"og:image\" content=\"https:\/\/akunq.net\/tr\/wp-content\/uploads\/sites\/6\/2021\/06\/HDP.jpg\" \/>\n\t<meta property=\"og:image:width\" content=\"700\" \/>\n\t<meta property=\"og:image:height\" content=\"394\" \/>\n\t<meta property=\"og:image:type\" content=\"image\/jpeg\" \/>\n<meta name=\"author\" content=\"admin\" \/>\n<meta name=\"twitter:card\" content=\"summary_large_image\" \/>\n<meta name=\"twitter:label1\" content=\"Written by\" \/>\n\t<meta name=\"twitter:data1\" content=\"admin\" \/>\n\t<meta name=\"twitter:label2\" content=\"Est. reading time\" \/>\n\t<meta name=\"twitter:data2\" content=\"7 minutes\" \/>\n<script type=\"application\/ld+json\" class=\"yoast-schema-graph\">{\"@context\":\"https:\\\/\\\/schema.org\",\"@graph\":[{\"@type\":\"Article\",\"@id\":\"https:\\\/\\\/akunq.net\\\/tr\\\/?p=63378#article\",\"isPartOf\":{\"@id\":\"https:\\\/\\\/akunq.net\\\/tr\\\/?p=63378\"},\"author\":{\"name\":\"admin\",\"@id\":\"https:\\\/\\\/akunq.net\\\/tr\\\/#\\\/schema\\\/person\\\/096f1d38a12cce57fb855b485ed24c9e\"},\"headline\":\"&#8220;HDP&#8217;ye sald\u0131r\u0131n\u0131n arkas\u0131ndaki nefret s\u00f6ylemi&#8221;\",\"datePublished\":\"2021-06-18T08:24:17+00:00\",\"mainEntityOfPage\":{\"@id\":\"https:\\\/\\\/akunq.net\\\/tr\\\/?p=63378\"},\"wordCount\":1327,\"commentCount\":0,\"image\":{\"@id\":\"https:\\\/\\\/akunq.net\\\/tr\\\/?p=63378#primaryimage\"},\"thumbnailUrl\":\"https:\\\/\\\/akunq.net\\\/tr\\\/wp-content\\\/uploads\\\/sites\\\/6\\\/2021\\\/06\\\/HDP.jpg\",\"articleSection\":[\"Haberler\"],\"inLanguage\":\"en-US\",\"potentialAction\":[{\"@type\":\"CommentAction\",\"name\":\"Comment\",\"target\":[\"https:\\\/\\\/akunq.net\\\/tr\\\/?p=63378#respond\"]}]},{\"@type\":\"WebPage\",\"@id\":\"https:\\\/\\\/akunq.net\\\/tr\\\/?p=63378\",\"url\":\"https:\\\/\\\/akunq.net\\\/tr\\\/?p=63378\",\"name\":\"\\\"HDP'ye sald\u0131r\u0131n\u0131n arkas\u0131ndaki nefret s\u00f6ylemi\\\" - Bati Ermenistan Ve Bati Ermenileri Sorunlari Ara\u015ftirmalar Merkezi\",\"isPartOf\":{\"@id\":\"https:\\\/\\\/akunq.net\\\/tr\\\/#website\"},\"primaryImageOfPage\":{\"@id\":\"https:\\\/\\\/akunq.net\\\/tr\\\/?p=63378#primaryimage\"},\"image\":{\"@id\":\"https:\\\/\\\/akunq.net\\\/tr\\\/?p=63378#primaryimage\"},\"thumbnailUrl\":\"https:\\\/\\\/akunq.net\\\/tr\\\/wp-content\\\/uploads\\\/sites\\\/6\\\/2021\\\/06\\\/HDP.jpg\",\"datePublished\":\"2021-06-18T08:24:17+00:00\",\"author\":{\"@id\":\"https:\\\/\\\/akunq.net\\\/tr\\\/#\\\/schema\\\/person\\\/096f1d38a12cce57fb855b485ed24c9e\"},\"breadcrumb\":{\"@id\":\"https:\\\/\\\/akunq.net\\\/tr\\\/?p=63378#breadcrumb\"},\"inLanguage\":\"en-US\",\"potentialAction\":[{\"@type\":\"ReadAction\",\"target\":[\"https:\\\/\\\/akunq.net\\\/tr\\\/?p=63378\"]}]},{\"@type\":\"ImageObject\",\"inLanguage\":\"en-US\",\"@id\":\"https:\\\/\\\/akunq.net\\\/tr\\\/?p=63378#primaryimage\",\"url\":\"https:\\\/\\\/akunq.net\\\/tr\\\/wp-content\\\/uploads\\\/sites\\\/6\\\/2021\\\/06\\\/HDP.jpg\",\"contentUrl\":\"https:\\\/\\\/akunq.net\\\/tr\\\/wp-content\\\/uploads\\\/sites\\\/6\\\/2021\\\/06\\\/HDP.jpg\",\"width\":700,\"height\":394},{\"@type\":\"BreadcrumbList\",\"@id\":\"https:\\\/\\\/akunq.net\\\/tr\\\/?p=63378#breadcrumb\",\"itemListElement\":[{\"@type\":\"ListItem\",\"position\":1,\"name\":\"Home\",\"item\":\"https:\\\/\\\/akunq.net\\\/tr\"},{\"@type\":\"ListItem\",\"position\":2,\"name\":\"&#8220;HDP&#8217;ye sald\u0131r\u0131n\u0131n arkas\u0131ndaki nefret s\u00f6ylemi&#8221;\"}]},{\"@type\":\"WebSite\",\"@id\":\"https:\\\/\\\/akunq.net\\\/tr\\\/#website\",\"url\":\"https:\\\/\\\/akunq.net\\\/tr\\\/\",\"name\":\"Bati Ermenistan Ve Bati Ermenileri Sorunlari Ara\u015ftirmalar Merkezi\",\"description\":\"\",\"potentialAction\":[{\"@type\":\"SearchAction\",\"target\":{\"@type\":\"EntryPoint\",\"urlTemplate\":\"https:\\\/\\\/akunq.net\\\/tr\\\/?s={search_term_string}\"},\"query-input\":{\"@type\":\"PropertyValueSpecification\",\"valueRequired\":true,\"valueName\":\"search_term_string\"}}],\"inLanguage\":\"en-US\"},{\"@type\":\"Person\",\"@id\":\"https:\\\/\\\/akunq.net\\\/tr\\\/#\\\/schema\\\/person\\\/096f1d38a12cce57fb855b485ed24c9e\",\"name\":\"admin\",\"url\":\"https:\\\/\\\/akunq.net\\\/tr\\\/?author=7\"}]}<\/script>\n<!-- \/ Yoast SEO plugin. -->","yoast_head_json":{"title":"\"HDP'ye sald\u0131r\u0131n\u0131n arkas\u0131ndaki nefret s\u00f6ylemi\" - Bati Ermenistan Ve Bati Ermenileri Sorunlari Ara\u015ftirmalar Merkezi","robots":{"index":"index","follow":"follow","max-snippet":"max-snippet:-1","max-image-preview":"max-image-preview:large","max-video-preview":"max-video-preview:-1"},"canonical":"https:\/\/akunq.net\/tr\/?p=63378","og_locale":"en_US","og_type":"article","og_title":"\"HDP'ye sald\u0131r\u0131n\u0131n arkas\u0131ndaki nefret s\u00f6ylemi\" - Bati Ermenistan Ve Bati Ermenileri Sorunlari Ara\u015ftirmalar Merkezi","og_description":"HDP il binas\u0131na sald\u0131r\u0131n\u0131n arka plan\u0131nda yatan nedenleri de\u011ferlendiren uzmanlar, siyasetteki nefret s\u00f6ylemine dikkat \u00e7ekiyor, iktidar\u0131n nefret s\u00f6yleminin bu t\u00fcr sald\u0131r\u0131lar\u0131 cesaretlendirdi\u011fi tespiti yap\u0131yor. \u00a0\u00a0\u00a0\u00a0 HDP \u0130zmir \u0130l Ba\u015fkanl\u0131\u011f\u0131 binas\u0131na sald\u0131r\u0131, Anayasa Mahkemesi&#8217;nin\u00a0HDP&#8217;nin kapat\u0131lmas\u0131 istemiyle haz\u0131rlanan ikinci iddianame\u00a0\u00fczerindeki ilk incelemesini yapaca\u011f\u0131 21 Haziran \u00f6ncesinde ger\u00e7ekle\u015fti. Deniz Poyraz ad\u0131nda bir ki\u015finin hayat\u0131 kaybetti\u011fi sald\u0131r\u0131 sonras\u0131 yapt\u0131\u011f\u0131 [&hellip;]","og_url":"https:\/\/akunq.net\/tr\/?p=63378","og_site_name":"Bati Ermenistan Ve Bati Ermenileri Sorunlari Ara\u015ftirmalar Merkezi","article_published_time":"2021-06-18T08:24:17+00:00","og_image":[{"width":700,"height":394,"url":"https:\/\/akunq.net\/tr\/wp-content\/uploads\/sites\/6\/2021\/06\/HDP.jpg","type":"image\/jpeg"}],"author":"admin","twitter_card":"summary_large_image","twitter_misc":{"Written by":"admin","Est. reading time":"7 minutes"},"schema":{"@context":"https:\/\/schema.org","@graph":[{"@type":"Article","@id":"https:\/\/akunq.net\/tr\/?p=63378#article","isPartOf":{"@id":"https:\/\/akunq.net\/tr\/?p=63378"},"author":{"name":"admin","@id":"https:\/\/akunq.net\/tr\/#\/schema\/person\/096f1d38a12cce57fb855b485ed24c9e"},"headline":"&#8220;HDP&#8217;ye sald\u0131r\u0131n\u0131n arkas\u0131ndaki nefret s\u00f6ylemi&#8221;","datePublished":"2021-06-18T08:24:17+00:00","mainEntityOfPage":{"@id":"https:\/\/akunq.net\/tr\/?p=63378"},"wordCount":1327,"commentCount":0,"image":{"@id":"https:\/\/akunq.net\/tr\/?p=63378#primaryimage"},"thumbnailUrl":"https:\/\/akunq.net\/tr\/wp-content\/uploads\/sites\/6\/2021\/06\/HDP.jpg","articleSection":["Haberler"],"inLanguage":"en-US","potentialAction":[{"@type":"CommentAction","name":"Comment","target":["https:\/\/akunq.net\/tr\/?p=63378#respond"]}]},{"@type":"WebPage","@id":"https:\/\/akunq.net\/tr\/?p=63378","url":"https:\/\/akunq.net\/tr\/?p=63378","name":"\"HDP'ye sald\u0131r\u0131n\u0131n arkas\u0131ndaki nefret s\u00f6ylemi\" - Bati Ermenistan Ve Bati Ermenileri Sorunlari Ara\u015ftirmalar Merkezi","isPartOf":{"@id":"https:\/\/akunq.net\/tr\/#website"},"primaryImageOfPage":{"@id":"https:\/\/akunq.net\/tr\/?p=63378#primaryimage"},"image":{"@id":"https:\/\/akunq.net\/tr\/?p=63378#primaryimage"},"thumbnailUrl":"https:\/\/akunq.net\/tr\/wp-content\/uploads\/sites\/6\/2021\/06\/HDP.jpg","datePublished":"2021-06-18T08:24:17+00:00","author":{"@id":"https:\/\/akunq.net\/tr\/#\/schema\/person\/096f1d38a12cce57fb855b485ed24c9e"},"breadcrumb":{"@id":"https:\/\/akunq.net\/tr\/?p=63378#breadcrumb"},"inLanguage":"en-US","potentialAction":[{"@type":"ReadAction","target":["https:\/\/akunq.net\/tr\/?p=63378"]}]},{"@type":"ImageObject","inLanguage":"en-US","@id":"https:\/\/akunq.net\/tr\/?p=63378#primaryimage","url":"https:\/\/akunq.net\/tr\/wp-content\/uploads\/sites\/6\/2021\/06\/HDP.jpg","contentUrl":"https:\/\/akunq.net\/tr\/wp-content\/uploads\/sites\/6\/2021\/06\/HDP.jpg","width":700,"height":394},{"@type":"BreadcrumbList","@id":"https:\/\/akunq.net\/tr\/?p=63378#breadcrumb","itemListElement":[{"@type":"ListItem","position":1,"name":"Home","item":"https:\/\/akunq.net\/tr"},{"@type":"ListItem","position":2,"name":"&#8220;HDP&#8217;ye sald\u0131r\u0131n\u0131n arkas\u0131ndaki nefret s\u00f6ylemi&#8221;"}]},{"@type":"WebSite","@id":"https:\/\/akunq.net\/tr\/#website","url":"https:\/\/akunq.net\/tr\/","name":"Bati Ermenistan Ve Bati Ermenileri Sorunlari Ara\u015ftirmalar Merkezi","description":"","potentialAction":[{"@type":"SearchAction","target":{"@type":"EntryPoint","urlTemplate":"https:\/\/akunq.net\/tr\/?s={search_term_string}"},"query-input":{"@type":"PropertyValueSpecification","valueRequired":true,"valueName":"search_term_string"}}],"inLanguage":"en-US"},{"@type":"Person","@id":"https:\/\/akunq.net\/tr\/#\/schema\/person\/096f1d38a12cce57fb855b485ed24c9e","name":"admin","url":"https:\/\/akunq.net\/tr\/?author=7"}]}},"_links":{"self":[{"href":"https:\/\/akunq.net\/tr\/index.php?rest_route=\/wp\/v2\/posts\/63378","targetHints":{"allow":["GET"]}}],"collection":[{"href":"https:\/\/akunq.net\/tr\/index.php?rest_route=\/wp\/v2\/posts"}],"about":[{"href":"https:\/\/akunq.net\/tr\/index.php?rest_route=\/wp\/v2\/types\/post"}],"author":[{"embeddable":true,"href":"https:\/\/akunq.net\/tr\/index.php?rest_route=\/wp\/v2\/users\/7"}],"replies":[{"embeddable":true,"href":"https:\/\/akunq.net\/tr\/index.php?rest_route=%2Fwp%2Fv2%2Fcomments&post=63378"}],"version-history":[{"count":1,"href":"https:\/\/akunq.net\/tr\/index.php?rest_route=\/wp\/v2\/posts\/63378\/revisions"}],"predecessor-version":[{"id":63380,"href":"https:\/\/akunq.net\/tr\/index.php?rest_route=\/wp\/v2\/posts\/63378\/revisions\/63380"}],"wp:featuredmedia":[{"embeddable":true,"href":"https:\/\/akunq.net\/tr\/index.php?rest_route=\/wp\/v2\/media\/63379"}],"wp:attachment":[{"href":"https:\/\/akunq.net\/tr\/index.php?rest_route=%2Fwp%2Fv2%2Fmedia&parent=63378"}],"wp:term":[{"taxonomy":"category","embeddable":true,"href":"https:\/\/akunq.net\/tr\/index.php?rest_route=%2Fwp%2Fv2%2Fcategories&post=63378"},{"taxonomy":"post_tag","embeddable":true,"href":"https:\/\/akunq.net\/tr\/index.php?rest_route=%2Fwp%2Fv2%2Ftags&post=63378"}],"curies":[{"name":"wp","href":"https:\/\/api.w.org\/{rel}","templated":true}]}}