{"id":63370,"date":"2021-06-18T02:36:14","date_gmt":"2021-06-18T07:36:14","guid":{"rendered":"https:\/\/akunq.net\/tr\/?p=63370"},"modified":"2021-06-18T02:54:39","modified_gmt":"2021-06-18T07:54:39","slug":"aym-gokceke-hakaret-davasinda-bagdatin-ifade-ozgurlugunun-ihlal-edildigine-karar-verdi","status":"publish","type":"post","link":"https:\/\/akunq.net\/tr\/?p=63370","title":{"rendered":"AYM, G\u00f6k\u00e7ek&#8217;e hakaret davas\u0131nda Ba\u011fdat&#8217;\u0131n ifade \u00f6zg\u00fcrl\u00fc\u011f\u00fcn\u00fcn ihlal edildi\u011fine karar verdi"},"content":{"rendered":"<div class=\"b-article__lead\">\n<p><img loading=\"lazy\" decoding=\"async\" class=\"aligncenter size-medium wp-image-63371\" src=\"https:\/\/akunq.net\/tr\/wp-content\/uploads\/2021\/06\/Hayko-Ba\u011fdat-360x203.jpg\" alt=\"\" width=\"360\" height=\"203\" srcset=\"https:\/\/akunq.net\/tr\/wp-content\/uploads\/sites\/6\/2021\/06\/Hayko-Ba\u011fdat-360x203.jpg 360w, https:\/\/akunq.net\/tr\/wp-content\/uploads\/sites\/6\/2021\/06\/Hayko-Ba\u011fdat-560x315.jpg 560w, https:\/\/akunq.net\/tr\/wp-content\/uploads\/sites\/6\/2021\/06\/Hayko-Ba\u011fdat-260x146.jpg 260w, https:\/\/akunq.net\/tr\/wp-content\/uploads\/sites\/6\/2021\/06\/Hayko-Ba\u011fdat-160x90.jpg 160w, https:\/\/akunq.net\/tr\/wp-content\/uploads\/sites\/6\/2021\/06\/Hayko-Ba\u011fdat.jpg 736w\" sizes=\"auto, (max-width: 360px) 100vw, 360px\" \/><\/p>\n<p><em><strong>Eski Ankara Belediye Ba\u015fkan\u0131 Melih G\u00f6k\u00e7ek&#8217;in gazeteci Hayko Ba\u011fdat&#8217;a a\u00e7t\u0131\u011f\u0131 hakaret davas\u0131nda Ba\u011fdat&#8217;\u0131n ifade \u00f6zg\u00fcrl\u00fc\u011f\u00fcn\u00fcn ihlal edildi\u011fine karar verildi. AYM, &#8216;daha fazla ele\u015ftiriye katlanma&#8217; vurgusu yapt\u0131.<\/strong><\/em><\/p>\n<\/div>\n<div class=\"b-article__text\">\n<p>Anayasa Mahkemesi (AYM), gazeteci<strong>\u00a0Hayko Ba\u011fdat<\/strong>&#8216;\u0131n eski\u00a0<strong>Ankara Belediye Ba\u015fkan\u0131 Melih G\u00f6k\u00e7ek<\/strong>&#8216;e hakaret etti\u011fi gerek\u00e7esiyle\u00a0tazminat \u00f6demeye mahkum edilmesinin ifade \u00f6zg\u00fcrl\u00fc\u011f\u00fcn\u00fc ihlal etti\u011fine karar verdi.<\/p>\n<p>Alman Ye\u015filler Partisi&#8217;nin eski E\u015f Ba\u015fkan\u0131 Cem \u00d6zdemir, 2015 y\u0131l\u0131nda\u00a0<a href=\"https:\/\/tr.sputniknews.com\/turkiye\/202001031040958835-anayasa-mahkemesi-melih-gokceke-hakaret-davasinda-hayko-bagdati-hakli-buldu\/\" target=\"_blank\" rel=\"noopener noreferrer\">Ermenistan&#8217;\u0131<\/a>\u00a0ziyaret etmi\u015f ve Soyk\u0131r\u0131m An\u0131t\u0131&#8217;na \u00e7elenk b\u0131rakm\u0131\u015ft\u0131. D\u00f6nemin Ankara B\u00fcy\u00fck\u015fehir Belediye Ba\u015fkan\u0131 Melih G\u00f6k\u00e7ek, \u00d6zdemir&#8217;e, Twitter \u00fczerinden &#8220;<em>Alman Ye\u015filler Partisi MV&#8217;ne merak\u0131mdan soruyorum. L\u00fctfen cevap ver. Senin k\u00f6kenin Ermeni mi?&#8221;<\/em>\u00a0mesaj\u0131n\u0131 payla\u015fm\u0131\u015ft\u0131.<\/p>\n<p>G\u00f6k\u00e7ek&#8217;in mesaj\u0131na tepki g\u00f6steren Ba\u011fdat ise, &#8220;<em>Cevap ver Cem \u00d6zdemir?&#8221;, &#8220;#melihgokcekermeniymi\u015f Ba\u011fr\u0131ma ta\u015f bas\u0131p deyiverdim&#8221;, &#8220;Sana resmen Ermeni dedim. Dava a\u00e7 bence? @06melihgokcek&#8221;, &#8220;Ba\u015fkenti resmen Ermeni&#8217;ye vermi\u015fler Yaz\u0131klar olsun&#8230;&#8221; diye payla\u015f\u0131m yapm\u0131\u015ft\u0131. Ba\u011fdat son mesaj\u0131nda ise &#8220;Yeterince durumu izah ettiysek tamamd\u0131r. Melih G\u00f6k\u00e7ek i\u011fren\u00e7 bir adam. Ve bin y\u0131ld\u0131r dedi\u011fimiz gibi: Ya\u015fas\u0131n halklar\u0131n karde\u015fli\u011fi \ud83d\ude42<\/em>&#8221; ifadelerine yer vermi\u015fti.<\/p>\n<h2>&#8216;Yeterince tart\u0131\u015f\u0131l\u0131p de\u011ferlendirilmedi&#8217;<\/h2>\n<p>Gazete Duvar&#8217;\u0131n\u00a0<a href=\"https:\/\/www.gazeteduvar.com.tr\/aym-gokceke-hakaret-davasinda-bagdatin-ifade-ozgurlugunun-ihlal-edildigine-karar-verdi-haber-1525750\" target=\"_blank\" rel=\"noopener noreferrer\">haberine<\/a>\u00a0g\u00f6re derece mahkemesinin Ba\u011fdat&#8217;\u0131n tazminat \u00f6demesine ili\u015fkin karar\u0131 sonras\u0131 AYM&#8217;nin bug\u00fcn yay\u0131nlad\u0131\u011f\u0131 kararda, \u015fu ifadelere yer verildi:<\/p>\n<blockquote class=\"marker-quote1\"><p>&#8220;\u0130lk derece mahkemesince ve kanun yolu denetimi s\u00fcrecinde verilen kararlarda davaya konu ifade; payla\u015f\u0131m\u0131n tamam\u0131, taraflar aras\u0131nda ya\u015fanan polemi\u011fin \u00f6ncesi ve sonras\u0131 dikkate al\u0131nmaks\u0131z\u0131n, bir di\u011fer anlat\u0131mla olay\u0131n b\u00fct\u00fcnselli\u011fi g\u00f6zard\u0131 edilerek yaln\u0131zca tart\u0131\u015fmal\u0131 bir kelimenin olaylar\u0131n ve ba\u015fvurucunun kulland\u0131\u011f\u0131 s\u00f6zlerin b\u00fct\u00fcn\u00fcnden kopar\u0131larak bir de\u011ferlendirme yap\u0131lm\u0131\u015ft\u0131r. Ba\u015fvurucunun s\u00f6z konusu ifadeyi kendisinin de i\u00e7inde bulundu\u011fu Ermeni toplumuna kar\u015f\u0131 davac\u0131n\u0131n sarf etti\u011fi daha \u00f6nceki s\u00f6zlerine kar\u015f\u0131l\u0131k olarak kulland\u0131\u011f\u0131 hususu derece mahkemeleri taraf\u0131ndan yeterince tart\u0131\u015f\u0131l\u0131p de\u011ferlendirilmemi\u015ftir.&#8221;<\/p><\/blockquote>\n<p>Kararda\u00a0<em><strong>&#8216;siyaset\u00e7ilerin, kamuoyunca tan\u0131nan ki\u015filerin ve kamusal yetki kullanan g\u00f6revlilerin g\u00f6rd\u00fckleri i\u015flev nedeniyle daha fazla ele\u015ftiriye katlanmak durumunda olduklar\u0131<\/strong><\/em>&#8216; ve bunlara y\u00f6nelik\u00a0<strong><em>&#8216;ele\u015ftirinin s\u0131n\u0131rlar\u0131n\u0131n \u00e7ok daha geni\u015f oldu\u011fu<\/em><\/strong>&#8216; vurgusu yap\u0131ld\u0131.<\/p>\n<p>AYM, Ba\u011fdat&#8217;\u0131n manevi tazminat \u00f6demeye mahkum edilmesinin cayd\u0131r\u0131c\u0131 etki do\u011furarak kamuoyundaki farkl\u0131 seslerin susmas\u0131na yol a\u00e7\u0131p \u00e7o\u011fulcu toplumun s\u00fcrd\u00fcr\u00fclebilmesine engel olabilece\u011fi g\u00f6r\u00fc\u015f\u00fcne yer verdi ve, &#8220;<em>Bu nedenle somut olayda ba\u015fvurucunun manevi tazminat \u00f6demesine karar verilmesi demokratik toplumun vazge\u00e7ilmez bir unsuru olan siyasilerin s\u00f6ylem ve faaliyetlerine ili\u015fkin ele\u015ftiri ve bilgilendirme ortam\u0131na da zarar verebilir<\/em>&#8221; ifadeleri kararda yer ald\u0131.<\/p>\n<p>Anayasa\u2019n\u0131n 26. maddesinde g\u00fcvence alt\u0131na al\u0131nan ifade \u00f6zg\u00fcrl\u00fc\u011f\u00fcn\u00fcn ihlali karar\u0131 AYM \u00dcyesi Selahaddin Mente\u015f&#8217;in kar\u015f\u0131oyuyla al\u0131nd\u0131.<\/p>\n<h3>Tazminat\u0131 Ali \u0130smail Korkmaz Vakf\u0131&#8217;na ba\u011f\u0131\u015flayacak<\/h3>\n<p>AYM, daha \u00f6nce yap\u0131lan ba\u015fvuruda da Ba\u011fdat&#8217;\u0131n s\u00f6zleri k\u0131zg\u0131nl\u0131kla s\u00f6yledi\u011fine ve ceza verilmesinin farkl\u0131 seslerin susmas\u0131na yol a\u00e7abilece\u011fi, gazetecilik faaliyetinin bask\u0131 alt\u0131na al\u0131naca\u011f\u0131 gerek\u00e7eleri ile Ba\u011fdat&#8217;\u0131 hakl\u0131 bulmu\u015ftu. AYM, Hayko Ba\u011fdat hakk\u0131ndaki mahkumiyet karar\u0131n\u0131n kald\u0131r\u0131lmas\u0131na ve 9 bin 150 TL manevi tazminat \u00f6denmesine karar vermi\u015fti.<\/p>\n<p>Bili\u015fim Hukuku Uzman\u0131 Prof. Dr. Yaman Akdeniz, Twitter \u00fczerinden karara ili\u015fkin payla\u015f\u0131m yapt\u0131. Akdeniz,\u00a0<em>&#8220;Melih G\u00f6k\u00e7ek\u2019in a\u00e7t\u0131\u011f\u0131 hakaret davas\u0131 ile ilgili Hayko Ba\u011fdat\u2019\u0131n Anayasa Mahkemesine yapt\u0131\u011f\u0131 ikinci ba\u015fvuruda da AYM ifade \u00f6zg\u00fcrl\u00fc\u011f\u00fc karar\u0131 verdi. B\u00f6ylece kesin sonu\u00e7 2-0\u00a0Hayko Ba\u011fdat lehine sonu\u00e7lanm\u0131\u015f oldu&#8221;<\/em>\u00a0dedi.<\/p>\n<div class=\"ria-tweet\">\n<div class=\"twitter-tweet twitter-tweet-rendered\"><iframe id=\"twitter-widget-0\" class=\"\" title=\"Twitter Tweet\" src=\"https:\/\/platform.twitter.com\/embed\/Tweet.html?dnt=false&amp;embedId=twitter-widget-0&amp;features=eyJ0ZndfZXhwZXJpbWVudHNfY29va2llX2V4cGlyYXRpb24iOnsiYnVja2V0IjoxMjA5NjAwLCJ2ZXJzaW9uIjpudWxsfSwidGZ3X2hvcml6b25fdHdlZXRfZW1iZWRfOTU1NSI6eyJidWNrZXQiOiJodGUiLCJ2ZXJzaW9uIjpudWxsfSwidGZ3X3R3ZWV0X2VtYmVkX2NsaWNrYWJpbGl0eV8xMjEwMiI6eyJidWNrZXQiOiJjb250cm9sIiwidmVyc2lvbiI6bnVsbH19&amp;frame=false&amp;hideCard=false&amp;hideThread=false&amp;id=1405423087286468608&amp;lang=tr&amp;origin=https%3A%2F%2Ftr.sputniknews.com%2Fturkiye%2F202106171044756545-aym-gokceke-hakaret-davasinda-bagdatin-ifade-ozgurlugunun-ihlal-edildigine-karar-verdi%2F&amp;sessionId=486edb2d33b7418dd15eedb34caa9b3b84431d8f&amp;siteScreenName=sputnik_TR&amp;theme=light&amp;widgetsVersion=82e1070%3A1619632193066&amp;width=550px\" frameborder=\"0\" scrolling=\"no\" allowfullscreen=\"allowfullscreen\" data-tweet-id=\"1405423087286468608\" data-mce-fragment=\"1\"><\/iframe><\/div>\n<\/div>\n<p>Ba\u011fdat ise Akdeniz&#8217;e yan\u0131t vererek, &#8220;<em>Yaman Bey merhaba. Elinize sa\u011fl\u0131k. Ben Melih G\u00f6k\u00e7ek&#8217;ten kazand\u0131\u011f\u0131m\u0131z tazminat\u0131 Ali \u0130smail Korkmaz Vakf\u0131&#8217;na ula\u015ft\u0131rmak istedim. Fakat buradan bu i\u015flemleri yapmam, paray\u0131 tahsil edip yerine ula\u015ft\u0131rmam imk\u00e2ns\u0131z. Belki bir \u00e7\u00f6z\u00fcm bulabiliriz. Tekrar te\u015fekk\u00fcr ederim. Sevgiler<\/em>&#8221; ifadelerini kulland\u0131.<\/p>\n<p><em><strong>https:\/\/tr.sputniknews.com\/turkiye\/202106171044756545-aym-gokceke-hakaret-davasinda-bagdatin-ifade-ozgurlugunun-ihlal-edildigine-karar-verdi\/<\/strong><\/em><\/p>\n<\/div>\n","protected":false},"excerpt":{"rendered":"<p>Eski Ankara Belediye Ba\u015fkan\u0131 Melih G\u00f6k\u00e7ek&#8217;in gazeteci Hayko Ba\u011fdat&#8217;a a\u00e7t\u0131\u011f\u0131 hakaret davas\u0131nda Ba\u011fdat&#8217;\u0131n ifade \u00f6zg\u00fcrl\u00fc\u011f\u00fcn\u00fcn ihlal edildi\u011fine karar verildi. AYM, &#8216;daha fazla ele\u015ftiriye katlanma&#8217; vurgusu yapt\u0131. Anayasa Mahkemesi (AYM), gazeteci\u00a0Hayko Ba\u011fdat&#8216;\u0131n eski\u00a0Ankara Belediye Ba\u015fkan\u0131 Melih G\u00f6k\u00e7ek&#8216;e hakaret etti\u011fi gerek\u00e7esiyle\u00a0tazminat \u00f6demeye mahkum edilmesinin ifade \u00f6zg\u00fcrl\u00fc\u011f\u00fcn\u00fc ihlal etti\u011fine karar verdi. Alman Ye\u015filler Partisi&#8217;nin eski E\u015f Ba\u015fkan\u0131 Cem [&hellip;]<\/p>\n","protected":false},"author":7,"featured_media":63371,"comment_status":"open","ping_status":"open","sticky":false,"template":"","format":"standard","meta":{"footnotes":""},"categories":[1],"tags":[],"class_list":["post-63370","post","type-post","status-publish","format-standard","has-post-thumbnail","hentry","category-haberler"],"yoast_head":"<!-- This site is optimized with the Yoast SEO plugin v27.4 - https:\/\/yoast.com\/product\/yoast-seo-wordpress\/ -->\n<title>AYM, G\u00f6k\u00e7ek&#039;e hakaret davas\u0131nda Ba\u011fdat&#039;\u0131n ifade \u00f6zg\u00fcrl\u00fc\u011f\u00fcn\u00fcn ihlal edildi\u011fine karar verdi - Bati Ermenistan Ve Bati Ermenileri Sorunlari Ara\u015ftirmalar Merkezi<\/title>\n<meta name=\"robots\" content=\"index, follow, max-snippet:-1, max-image-preview:large, max-video-preview:-1\" \/>\n<link rel=\"canonical\" href=\"https:\/\/akunq.net\/tr\/?p=63370\" \/>\n<meta property=\"og:locale\" content=\"en_US\" \/>\n<meta property=\"og:type\" content=\"article\" \/>\n<meta property=\"og:title\" content=\"AYM, G\u00f6k\u00e7ek&#039;e hakaret davas\u0131nda Ba\u011fdat&#039;\u0131n ifade \u00f6zg\u00fcrl\u00fc\u011f\u00fcn\u00fcn ihlal edildi\u011fine karar verdi - Bati Ermenistan Ve Bati Ermenileri Sorunlari Ara\u015ftirmalar Merkezi\" \/>\n<meta property=\"og:description\" content=\"Eski Ankara Belediye Ba\u015fkan\u0131 Melih G\u00f6k\u00e7ek&#8217;in gazeteci Hayko Ba\u011fdat&#8217;a a\u00e7t\u0131\u011f\u0131 hakaret davas\u0131nda Ba\u011fdat&#8217;\u0131n ifade \u00f6zg\u00fcrl\u00fc\u011f\u00fcn\u00fcn ihlal edildi\u011fine karar verildi. AYM, &#8216;daha fazla ele\u015ftiriye katlanma&#8217; vurgusu yapt\u0131. Anayasa Mahkemesi (AYM), gazeteci\u00a0Hayko Ba\u011fdat&#8216;\u0131n eski\u00a0Ankara Belediye Ba\u015fkan\u0131 Melih G\u00f6k\u00e7ek&#8216;e hakaret etti\u011fi gerek\u00e7esiyle\u00a0tazminat \u00f6demeye mahkum edilmesinin ifade \u00f6zg\u00fcrl\u00fc\u011f\u00fcn\u00fc ihlal etti\u011fine karar verdi. Alman Ye\u015filler Partisi&#8217;nin eski E\u015f Ba\u015fkan\u0131 Cem [&hellip;]\" \/>\n<meta property=\"og:url\" content=\"https:\/\/akunq.net\/tr\/?p=63370\" \/>\n<meta property=\"og:site_name\" content=\"Bati Ermenistan Ve Bati Ermenileri Sorunlari Ara\u015ftirmalar Merkezi\" \/>\n<meta property=\"article:published_time\" content=\"2021-06-18T07:36:14+00:00\" \/>\n<meta property=\"article:modified_time\" content=\"2021-06-18T07:54:39+00:00\" \/>\n<meta property=\"og:image\" content=\"https:\/\/akunq.net\/tr\/wp-content\/uploads\/sites\/6\/2021\/06\/Hayko-Ba\u011fdat.jpg\" \/>\n\t<meta property=\"og:image:width\" content=\"736\" \/>\n\t<meta property=\"og:image:height\" content=\"414\" \/>\n\t<meta property=\"og:image:type\" content=\"image\/jpeg\" \/>\n<meta name=\"author\" content=\"admin\" \/>\n<meta name=\"twitter:card\" content=\"summary_large_image\" \/>\n<meta name=\"twitter:label1\" content=\"Written by\" \/>\n\t<meta name=\"twitter:data1\" content=\"admin\" \/>\n\t<meta name=\"twitter:label2\" content=\"Est. reading time\" \/>\n\t<meta name=\"twitter:data2\" content=\"4 minutes\" \/>\n<script type=\"application\/ld+json\" class=\"yoast-schema-graph\">{\"@context\":\"https:\\\/\\\/schema.org\",\"@graph\":[{\"@type\":\"Article\",\"@id\":\"https:\\\/\\\/akunq.net\\\/tr\\\/?p=63370#article\",\"isPartOf\":{\"@id\":\"https:\\\/\\\/akunq.net\\\/tr\\\/?p=63370\"},\"author\":{\"name\":\"admin\",\"@id\":\"https:\\\/\\\/akunq.net\\\/tr\\\/#\\\/schema\\\/person\\\/096f1d38a12cce57fb855b485ed24c9e\"},\"headline\":\"AYM, G\u00f6k\u00e7ek&#8217;e hakaret davas\u0131nda Ba\u011fdat&#8217;\u0131n ifade \u00f6zg\u00fcrl\u00fc\u011f\u00fcn\u00fcn ihlal edildi\u011fine karar verdi\",\"datePublished\":\"2021-06-18T07:36:14+00:00\",\"dateModified\":\"2021-06-18T07:54:39+00:00\",\"mainEntityOfPage\":{\"@id\":\"https:\\\/\\\/akunq.net\\\/tr\\\/?p=63370\"},\"wordCount\":747,\"commentCount\":0,\"image\":{\"@id\":\"https:\\\/\\\/akunq.net\\\/tr\\\/?p=63370#primaryimage\"},\"thumbnailUrl\":\"https:\\\/\\\/akunq.net\\\/tr\\\/wp-content\\\/uploads\\\/sites\\\/6\\\/2021\\\/06\\\/Hayko-Ba\u011fdat.jpg\",\"articleSection\":[\"Haberler\"],\"inLanguage\":\"en-US\",\"potentialAction\":[{\"@type\":\"CommentAction\",\"name\":\"Comment\",\"target\":[\"https:\\\/\\\/akunq.net\\\/tr\\\/?p=63370#respond\"]}]},{\"@type\":\"WebPage\",\"@id\":\"https:\\\/\\\/akunq.net\\\/tr\\\/?p=63370\",\"url\":\"https:\\\/\\\/akunq.net\\\/tr\\\/?p=63370\",\"name\":\"AYM, G\u00f6k\u00e7ek'e hakaret davas\u0131nda Ba\u011fdat'\u0131n ifade \u00f6zg\u00fcrl\u00fc\u011f\u00fcn\u00fcn ihlal edildi\u011fine karar verdi - Bati Ermenistan Ve Bati Ermenileri Sorunlari Ara\u015ftirmalar Merkezi\",\"isPartOf\":{\"@id\":\"https:\\\/\\\/akunq.net\\\/tr\\\/#website\"},\"primaryImageOfPage\":{\"@id\":\"https:\\\/\\\/akunq.net\\\/tr\\\/?p=63370#primaryimage\"},\"image\":{\"@id\":\"https:\\\/\\\/akunq.net\\\/tr\\\/?p=63370#primaryimage\"},\"thumbnailUrl\":\"https:\\\/\\\/akunq.net\\\/tr\\\/wp-content\\\/uploads\\\/sites\\\/6\\\/2021\\\/06\\\/Hayko-Ba\u011fdat.jpg\",\"datePublished\":\"2021-06-18T07:36:14+00:00\",\"dateModified\":\"2021-06-18T07:54:39+00:00\",\"author\":{\"@id\":\"https:\\\/\\\/akunq.net\\\/tr\\\/#\\\/schema\\\/person\\\/096f1d38a12cce57fb855b485ed24c9e\"},\"breadcrumb\":{\"@id\":\"https:\\\/\\\/akunq.net\\\/tr\\\/?p=63370#breadcrumb\"},\"inLanguage\":\"en-US\",\"potentialAction\":[{\"@type\":\"ReadAction\",\"target\":[\"https:\\\/\\\/akunq.net\\\/tr\\\/?p=63370\"]}]},{\"@type\":\"ImageObject\",\"inLanguage\":\"en-US\",\"@id\":\"https:\\\/\\\/akunq.net\\\/tr\\\/?p=63370#primaryimage\",\"url\":\"https:\\\/\\\/akunq.net\\\/tr\\\/wp-content\\\/uploads\\\/sites\\\/6\\\/2021\\\/06\\\/Hayko-Ba\u011fdat.jpg\",\"contentUrl\":\"https:\\\/\\\/akunq.net\\\/tr\\\/wp-content\\\/uploads\\\/sites\\\/6\\\/2021\\\/06\\\/Hayko-Ba\u011fdat.jpg\",\"width\":736,\"height\":414},{\"@type\":\"BreadcrumbList\",\"@id\":\"https:\\\/\\\/akunq.net\\\/tr\\\/?p=63370#breadcrumb\",\"itemListElement\":[{\"@type\":\"ListItem\",\"position\":1,\"name\":\"Home\",\"item\":\"https:\\\/\\\/akunq.net\\\/tr\"},{\"@type\":\"ListItem\",\"position\":2,\"name\":\"AYM, G\u00f6k\u00e7ek&#8217;e hakaret davas\u0131nda Ba\u011fdat&#8217;\u0131n ifade \u00f6zg\u00fcrl\u00fc\u011f\u00fcn\u00fcn ihlal edildi\u011fine karar verdi\"}]},{\"@type\":\"WebSite\",\"@id\":\"https:\\\/\\\/akunq.net\\\/tr\\\/#website\",\"url\":\"https:\\\/\\\/akunq.net\\\/tr\\\/\",\"name\":\"Bati Ermenistan Ve Bati Ermenileri Sorunlari Ara\u015ftirmalar Merkezi\",\"description\":\"\",\"potentialAction\":[{\"@type\":\"SearchAction\",\"target\":{\"@type\":\"EntryPoint\",\"urlTemplate\":\"https:\\\/\\\/akunq.net\\\/tr\\\/?s={search_term_string}\"},\"query-input\":{\"@type\":\"PropertyValueSpecification\",\"valueRequired\":true,\"valueName\":\"search_term_string\"}}],\"inLanguage\":\"en-US\"},{\"@type\":\"Person\",\"@id\":\"https:\\\/\\\/akunq.net\\\/tr\\\/#\\\/schema\\\/person\\\/096f1d38a12cce57fb855b485ed24c9e\",\"name\":\"admin\",\"url\":\"https:\\\/\\\/akunq.net\\\/tr\\\/?author=7\"}]}<\/script>\n<!-- \/ Yoast SEO plugin. -->","yoast_head_json":{"title":"AYM, G\u00f6k\u00e7ek'e hakaret davas\u0131nda Ba\u011fdat'\u0131n ifade \u00f6zg\u00fcrl\u00fc\u011f\u00fcn\u00fcn ihlal edildi\u011fine karar verdi - Bati Ermenistan Ve Bati Ermenileri Sorunlari Ara\u015ftirmalar Merkezi","robots":{"index":"index","follow":"follow","max-snippet":"max-snippet:-1","max-image-preview":"max-image-preview:large","max-video-preview":"max-video-preview:-1"},"canonical":"https:\/\/akunq.net\/tr\/?p=63370","og_locale":"en_US","og_type":"article","og_title":"AYM, G\u00f6k\u00e7ek'e hakaret davas\u0131nda Ba\u011fdat'\u0131n ifade \u00f6zg\u00fcrl\u00fc\u011f\u00fcn\u00fcn ihlal edildi\u011fine karar verdi - Bati Ermenistan Ve Bati Ermenileri Sorunlari Ara\u015ftirmalar Merkezi","og_description":"Eski Ankara Belediye Ba\u015fkan\u0131 Melih G\u00f6k\u00e7ek&#8217;in gazeteci Hayko Ba\u011fdat&#8217;a a\u00e7t\u0131\u011f\u0131 hakaret davas\u0131nda Ba\u011fdat&#8217;\u0131n ifade \u00f6zg\u00fcrl\u00fc\u011f\u00fcn\u00fcn ihlal edildi\u011fine karar verildi. AYM, &#8216;daha fazla ele\u015ftiriye katlanma&#8217; vurgusu yapt\u0131. Anayasa Mahkemesi (AYM), gazeteci\u00a0Hayko Ba\u011fdat&#8216;\u0131n eski\u00a0Ankara Belediye Ba\u015fkan\u0131 Melih G\u00f6k\u00e7ek&#8216;e hakaret etti\u011fi gerek\u00e7esiyle\u00a0tazminat \u00f6demeye mahkum edilmesinin ifade \u00f6zg\u00fcrl\u00fc\u011f\u00fcn\u00fc ihlal etti\u011fine karar verdi. Alman Ye\u015filler Partisi&#8217;nin eski E\u015f Ba\u015fkan\u0131 Cem [&hellip;]","og_url":"https:\/\/akunq.net\/tr\/?p=63370","og_site_name":"Bati Ermenistan Ve Bati Ermenileri Sorunlari Ara\u015ftirmalar Merkezi","article_published_time":"2021-06-18T07:36:14+00:00","article_modified_time":"2021-06-18T07:54:39+00:00","og_image":[{"width":736,"height":414,"url":"https:\/\/akunq.net\/tr\/wp-content\/uploads\/sites\/6\/2021\/06\/Hayko-Ba\u011fdat.jpg","type":"image\/jpeg"}],"author":"admin","twitter_card":"summary_large_image","twitter_misc":{"Written by":"admin","Est. reading time":"4 minutes"},"schema":{"@context":"https:\/\/schema.org","@graph":[{"@type":"Article","@id":"https:\/\/akunq.net\/tr\/?p=63370#article","isPartOf":{"@id":"https:\/\/akunq.net\/tr\/?p=63370"},"author":{"name":"admin","@id":"https:\/\/akunq.net\/tr\/#\/schema\/person\/096f1d38a12cce57fb855b485ed24c9e"},"headline":"AYM, G\u00f6k\u00e7ek&#8217;e hakaret davas\u0131nda Ba\u011fdat&#8217;\u0131n ifade \u00f6zg\u00fcrl\u00fc\u011f\u00fcn\u00fcn ihlal edildi\u011fine karar verdi","datePublished":"2021-06-18T07:36:14+00:00","dateModified":"2021-06-18T07:54:39+00:00","mainEntityOfPage":{"@id":"https:\/\/akunq.net\/tr\/?p=63370"},"wordCount":747,"commentCount":0,"image":{"@id":"https:\/\/akunq.net\/tr\/?p=63370#primaryimage"},"thumbnailUrl":"https:\/\/akunq.net\/tr\/wp-content\/uploads\/sites\/6\/2021\/06\/Hayko-Ba\u011fdat.jpg","articleSection":["Haberler"],"inLanguage":"en-US","potentialAction":[{"@type":"CommentAction","name":"Comment","target":["https:\/\/akunq.net\/tr\/?p=63370#respond"]}]},{"@type":"WebPage","@id":"https:\/\/akunq.net\/tr\/?p=63370","url":"https:\/\/akunq.net\/tr\/?p=63370","name":"AYM, G\u00f6k\u00e7ek'e hakaret davas\u0131nda Ba\u011fdat'\u0131n ifade \u00f6zg\u00fcrl\u00fc\u011f\u00fcn\u00fcn ihlal edildi\u011fine karar verdi - Bati Ermenistan Ve Bati Ermenileri Sorunlari Ara\u015ftirmalar Merkezi","isPartOf":{"@id":"https:\/\/akunq.net\/tr\/#website"},"primaryImageOfPage":{"@id":"https:\/\/akunq.net\/tr\/?p=63370#primaryimage"},"image":{"@id":"https:\/\/akunq.net\/tr\/?p=63370#primaryimage"},"thumbnailUrl":"https:\/\/akunq.net\/tr\/wp-content\/uploads\/sites\/6\/2021\/06\/Hayko-Ba\u011fdat.jpg","datePublished":"2021-06-18T07:36:14+00:00","dateModified":"2021-06-18T07:54:39+00:00","author":{"@id":"https:\/\/akunq.net\/tr\/#\/schema\/person\/096f1d38a12cce57fb855b485ed24c9e"},"breadcrumb":{"@id":"https:\/\/akunq.net\/tr\/?p=63370#breadcrumb"},"inLanguage":"en-US","potentialAction":[{"@type":"ReadAction","target":["https:\/\/akunq.net\/tr\/?p=63370"]}]},{"@type":"ImageObject","inLanguage":"en-US","@id":"https:\/\/akunq.net\/tr\/?p=63370#primaryimage","url":"https:\/\/akunq.net\/tr\/wp-content\/uploads\/sites\/6\/2021\/06\/Hayko-Ba\u011fdat.jpg","contentUrl":"https:\/\/akunq.net\/tr\/wp-content\/uploads\/sites\/6\/2021\/06\/Hayko-Ba\u011fdat.jpg","width":736,"height":414},{"@type":"BreadcrumbList","@id":"https:\/\/akunq.net\/tr\/?p=63370#breadcrumb","itemListElement":[{"@type":"ListItem","position":1,"name":"Home","item":"https:\/\/akunq.net\/tr"},{"@type":"ListItem","position":2,"name":"AYM, G\u00f6k\u00e7ek&#8217;e hakaret davas\u0131nda Ba\u011fdat&#8217;\u0131n ifade \u00f6zg\u00fcrl\u00fc\u011f\u00fcn\u00fcn ihlal edildi\u011fine karar verdi"}]},{"@type":"WebSite","@id":"https:\/\/akunq.net\/tr\/#website","url":"https:\/\/akunq.net\/tr\/","name":"Bati Ermenistan Ve Bati Ermenileri Sorunlari Ara\u015ftirmalar Merkezi","description":"","potentialAction":[{"@type":"SearchAction","target":{"@type":"EntryPoint","urlTemplate":"https:\/\/akunq.net\/tr\/?s={search_term_string}"},"query-input":{"@type":"PropertyValueSpecification","valueRequired":true,"valueName":"search_term_string"}}],"inLanguage":"en-US"},{"@type":"Person","@id":"https:\/\/akunq.net\/tr\/#\/schema\/person\/096f1d38a12cce57fb855b485ed24c9e","name":"admin","url":"https:\/\/akunq.net\/tr\/?author=7"}]}},"_links":{"self":[{"href":"https:\/\/akunq.net\/tr\/index.php?rest_route=\/wp\/v2\/posts\/63370","targetHints":{"allow":["GET"]}}],"collection":[{"href":"https:\/\/akunq.net\/tr\/index.php?rest_route=\/wp\/v2\/posts"}],"about":[{"href":"https:\/\/akunq.net\/tr\/index.php?rest_route=\/wp\/v2\/types\/post"}],"author":[{"embeddable":true,"href":"https:\/\/akunq.net\/tr\/index.php?rest_route=\/wp\/v2\/users\/7"}],"replies":[{"embeddable":true,"href":"https:\/\/akunq.net\/tr\/index.php?rest_route=%2Fwp%2Fv2%2Fcomments&post=63370"}],"version-history":[{"count":2,"href":"https:\/\/akunq.net\/tr\/index.php?rest_route=\/wp\/v2\/posts\/63370\/revisions"}],"predecessor-version":[{"id":63374,"href":"https:\/\/akunq.net\/tr\/index.php?rest_route=\/wp\/v2\/posts\/63370\/revisions\/63374"}],"wp:featuredmedia":[{"embeddable":true,"href":"https:\/\/akunq.net\/tr\/index.php?rest_route=\/wp\/v2\/media\/63371"}],"wp:attachment":[{"href":"https:\/\/akunq.net\/tr\/index.php?rest_route=%2Fwp%2Fv2%2Fmedia&parent=63370"}],"wp:term":[{"taxonomy":"category","embeddable":true,"href":"https:\/\/akunq.net\/tr\/index.php?rest_route=%2Fwp%2Fv2%2Fcategories&post=63370"},{"taxonomy":"post_tag","embeddable":true,"href":"https:\/\/akunq.net\/tr\/index.php?rest_route=%2Fwp%2Fv2%2Ftags&post=63370"}],"curies":[{"name":"wp","href":"https:\/\/api.w.org\/{rel}","templated":true}]}}