{"id":63367,"date":"2021-06-18T02:27:18","date_gmt":"2021-06-18T07:27:18","guid":{"rendered":"https:\/\/akunq.net\/tr\/?p=63367"},"modified":"2021-06-18T02:27:18","modified_gmt":"2021-06-18T07:27:18","slug":"izmir-hdp-il-binasina-saldiri-icisleri-bakani-bu-olayi-onlemekle-mukellef-guctur-istifa-etmeli","status":"publish","type":"post","link":"https:\/\/akunq.net\/tr\/?p=63367","title":{"rendered":"\u0130zmir HDP il binas\u0131na sald\u0131r\u0131: &#8216;\u0130\u00e7i\u015fleri Bakan\u0131 bu olay\u0131 \u00f6nlemekle m\u00fckellef g\u00fc\u00e7t\u00fcr, istifa etmeli&#8217;"},"content":{"rendered":"<p><img loading=\"lazy\" decoding=\"async\" class=\"aligncenter size-medium wp-image-63368\" src=\"https:\/\/akunq.net\/tr\/wp-content\/uploads\/2021\/06\/\u0130zmirin-Konak-il\u00e7esindeki-HDP-\u0130l-Ba\u015fkanl\u0131\u011f\u0131na-sald\u0131r\u0131-360x203.jpg\" alt=\"\" width=\"360\" height=\"203\" srcset=\"https:\/\/akunq.net\/tr\/wp-content\/uploads\/sites\/6\/2021\/06\/\u0130zmirin-Konak-il\u00e7esindeki-HDP-\u0130l-Ba\u015fkanl\u0131\u011f\u0131na-sald\u0131r\u0131-360x203.jpg 360w, https:\/\/akunq.net\/tr\/wp-content\/uploads\/sites\/6\/2021\/06\/\u0130zmirin-Konak-il\u00e7esindeki-HDP-\u0130l-Ba\u015fkanl\u0131\u011f\u0131na-sald\u0131r\u0131-768x432.jpg 768w, https:\/\/akunq.net\/tr\/wp-content\/uploads\/sites\/6\/2021\/06\/\u0130zmirin-Konak-il\u00e7esindeki-HDP-\u0130l-Ba\u015fkanl\u0131\u011f\u0131na-sald\u0131r\u0131-560x315.jpg 560w, https:\/\/akunq.net\/tr\/wp-content\/uploads\/sites\/6\/2021\/06\/\u0130zmirin-Konak-il\u00e7esindeki-HDP-\u0130l-Ba\u015fkanl\u0131\u011f\u0131na-sald\u0131r\u0131-260x146.jpg 260w, https:\/\/akunq.net\/tr\/wp-content\/uploads\/sites\/6\/2021\/06\/\u0130zmirin-Konak-il\u00e7esindeki-HDP-\u0130l-Ba\u015fkanl\u0131\u011f\u0131na-sald\u0131r\u0131-160x90.jpg 160w, https:\/\/akunq.net\/tr\/wp-content\/uploads\/sites\/6\/2021\/06\/\u0130zmirin-Konak-il\u00e7esindeki-HDP-\u0130l-Ba\u015fkanl\u0131\u011f\u0131na-sald\u0131r\u0131.jpg 773w\" sizes=\"auto, (max-width: 360px) 100vw, 360px\" \/><\/p>\n<p><em><strong>Halklar\u0131n Demokratik Partisi&#8217;nin (HDP) \u0130zmir il binas\u0131na silahl\u0131 sald\u0131r\u0131 d\u00fczenlendi. Sald\u0131r\u0131da parti \u00e7al\u0131\u015fan\u0131 Deniz Poyraz hayat\u0131n\u0131 kaybetti. \u0130zmir Valili\u011fi sald\u0131rgan\u0131n yakaland\u0131\u011f\u0131n\u0131 duyurdu.<\/strong><\/em><\/p>\n<p>HDP Van milletvekili Tayyip Temel&#8217;e g\u00f6re bir s\u00fcredir \u0130\u00e7i\u015fleri Bakanl\u0131\u011f\u0131\u2019na ba\u011fl\u0131 valilikler ve emniyet m\u00fcd\u00fcrl\u00fckleri ile ilintili gruplar HDP&#8217;nin parti binalar\u0131 \u00f6n\u00fcnde provokasyon yap\u0131yor. \u0130zmir HDP il binas\u0131na yap\u0131lan sald\u0131r\u0131y\u0131 da bunun bir par\u00e7as\u0131 g\u00f6r\u00fcyor.<\/p>\n<p>&#8221;Bu gruplar asl\u0131nda Diyarbak\u0131r\u2019dan ba\u015flayarak \u015e\u0131rnak, Van ve en sonunda da \u0130zmir il binam\u0131z\u0131n \u00f6n\u00fcne \u00e7ad\u0131r kurdu. \u00c7ok organizeler ve hatta \u00fccret ald\u0131klar\u0131 ifade ediliyor. Son olarak \u0130zmir&#8217;de il binam\u0131z \u00f6n\u00fcndeki provokatif eylem i\u00e7in defalarca emniyet ile g\u00f6r\u00fc\u015f\u00fcld\u00fc. Polis de o ki\u015fiyi korumak i\u00e7in etraf\u0131n\u0131 bariyerlerle kapatt\u0131.&#8221;<\/p>\n<div class=\"teads-adCall\"><\/div>\n<div class=\"widget widget--type-quotation\n    widget--size-fullwidth\n    widget--align-center\"><\/p>\n<div class=\"widget__wrapper\">\n<div class=\"widget__content\">\n<blockquote class=\"widget__quote\"><p><span class=\"widget__quoteText\">Ki\u015fi girdi\u011fi gibi etrafa ate\u015f etmi\u015f. Onlarca kur\u015fun duvarlara ve pencerelere isabet etmi\u015f. Ayn\u0131 zamanda da Sabahat Tuncel\u2019in foto\u011fraf\u0131na defalarca ate\u015f edilmi\u015f. Bu ki\u015finin SADAT ile ili\u015fkisi oldu\u011fu iddia ediliyor.<\/span><\/p><\/blockquote>\n<div class=\"widget__authorText\">Tayip Temel<\/div>\n<div class=\"widget__author_descriptionText\">HDP Van milletvekili<\/div>\n<\/div>\n<\/div>\n<\/div>\n<p>Temel sald\u0131r\u0131n\u0131n zamanlamas\u0131na dikkat \u00e7ekiyor. \u00c7\u00fcnk\u00fc sald\u0131r\u0131n\u0131n ger\u00e7ekle\u015fti\u011fi g\u00fcn saat 15.00&#8217;da HDP parti e\u015f ba\u015fkanlar\u0131n\u0131n da aralar\u0131nda bulundu\u011fu 40 ki\u015fi toplant\u0131 halinde olacakt\u0131. Ayn\u0131 zamanda HDP \u0130zmir il binas\u0131nda HDP ekoloji komisyonunun \u00f6nc\u00fcl\u00fc\u011f\u00fcnde Prof. Dr. Beyza \u00dcst\u00fcn\u2019\u00fcn \u00e7\u0131kard\u0131\u011f\u0131 kitab\u0131n da imza g\u00fcn\u00fcyd\u00fc. HDP Van milletvekili Tayyip Temel, &#8221;Muhtemelen sald\u0131r\u0131y\u0131 organize eden g\u00fc\u00e7ler bu saati \u015fa\u015f\u0131rd\u0131.&#8221; diyor ve olaya dair \u015fu detaylar\u0131 payla\u015f\u0131yor.<\/p>\n<p>&#8221;Ki\u015fi girdi\u011fi gibi etrafa ate\u015f etmi\u015f. Onlarca kur\u015fun duvarlara ve pencerelere isabet etmi\u015f. Ayn\u0131 zamanda da Sabahat Tuncel\u2019in foto\u011fraf\u0131na defalarca ate\u015f edilmi\u015f. Belli ki istihbarat sa\u011flanm\u0131\u015f. Sald\u0131rgan\u0131n da foto\u011fraflar\u0131 hemen ortaya \u00e7\u0131kt\u0131. G\u00f6r\u00fcyoruz ki Suriye\u2019de e\u011fitilmi\u015f, donat\u0131lm\u0131\u015f. Bu ki\u015finin\u00a0<a href=\"https:\/\/tr.euronews.com\/2021\/05\/30\/sadat-nedir-neden-kuruldu-ve-faaliyetleri-neler\">SADAT<\/a>\u00a0ile ili\u015fkisi oldu\u011fu iddia ediliyor. Zaten SADAT\u2019a ba\u011fl\u0131 ki\u015filer biraz gayrime\u015fru \u00e7al\u0131\u015fmalar y\u00fcr\u00fctt\u00fckleri i\u00e7in devletin belli kurumlar\u0131nda resmi ve gayriresmi \u00e7al\u0131\u015fabiliyorlar. B\u00f6yle bir bilgi de ald\u0131k. O nedenle sald\u0131rgan\u0131n ba\u011flar\u0131 ara\u015ft\u0131r\u0131l\u0131rsa bunun \u00e7ok organizeli bir \u015fekilde g\u00fcndemi de\u011fi\u015ftirmeye y\u00f6nelik oldu\u011fu ortaya \u00e7\u0131kar.&#8221;<\/p>\n<div class=\"widget widget--type-quotation\n    widget--size-fullwidth\n    widget--align-center\"><\/p>\n<div class=\"widget__wrapper\">\n<div class=\"widget__content\">\n<blockquote class=\"widget__quote\"><p><span class=\"widget__quoteText\">\u0130\u00e7i\u015fleri Bakan\u0131 bu olay\u0131 \u00f6nlemek ile m\u00fckellef g\u00fc\u00e7t\u00fcr. Kap\u0131da n\u00f6bet tutan polisler, \u0130\u00e7i\u015fleri Bakanl\u0131\u011f\u0131&#8217;n\u0131n talimatlar\u0131 ile hareket ediyor. T\u00fcrkiye\u2019de \u0130\u00e7i\u015fleri Bakan\u0131 istifa etmesi gereken bir durumdad\u0131r.<\/span><\/p><\/blockquote>\n<div class=\"widget__authorText\">Tayip Temel<\/div>\n<div class=\"widget__author_descriptionText\">HDP Van milletvekili<\/div>\n<\/div>\n<\/div>\n<\/div>\n<p>Konuyla ilgili HDP olarak ara\u015ft\u0131rmalar\u0131na devam ettiklerini s\u00f6yleyen HDP Van milletvekili Temel, sald\u0131r\u0131n\u0131n sorumlusu olarak \u0130\u00e7i\u015fleri Bakanl\u0131\u011f\u0131&#8217;n\u0131 g\u00f6rd\u00fcklerini ifade ediyor. Ve bu sald\u0131r\u0131n\u0131n tesad\u00fcf olmad\u0131\u011f\u0131n\u0131, s\u00fcrecin bilin\u00e7li bir \u015fekilde \u00f6r\u00fcld\u00fc\u011f\u00fcn\u00fcn alt\u0131n\u0131 \u00e7iziyor. Temel&#8217;e g\u00f6re bu s\u00fcreci \u00f6renler devlet kademelerinde g\u00f6rev yapanlar.<\/p>\n<p>HDP&#8217;li vekil Temel, &#8221;\u0130\u00e7i\u015fleri Bakanl\u0131\u011f\u0131\u2019n\u0131n son zamanlarda g\u00fcndem olmas\u0131 sebebiyle, g\u00fcndemi de\u011fi\u015ftirmek i\u00e7in baz\u0131 gayr\u0131me\u015fru g\u00fc\u00e7lerin bir \u015fekilde bu sald\u0131r\u0131 veya benzer sald\u0131r\u0131lar\u0131 te\u015fvik etti\u011fini d\u00fc\u015f\u00fcn\u00fcyoruz.&#8221; a\u00e7\u0131klamas\u0131nda bulunuyor.<\/p>\n<div id=\"adzone-sharethrough_01\" class=\"advertising advertising--no-label advertising--sharethrough js-adzone advertising--called advertising--rendered\" data-ad-key=\"strnativekey\" data-ad-key-value=\"1G96EdRgcHV6pyWWMGCR7SB7\" data-google-query-id=\"CKPhu9nToPECFaJgxgod684Nag\">\n<div id=\"google_ads_iframe_\/6458\/euronews_new\/news\/news\/world_3__container__\"><iframe id=\"google_ads_iframe_\/6458\/euronews_new\/news\/news\/world_3\" title=\"3rd party ad content\" name=\"google_ads_iframe_\/6458\/euronews_new\/news\/news\/world_3\" width=\"2\" height=\"1\" frameborder=\"0\" marginwidth=\"0\" marginheight=\"0\" scrolling=\"no\" data-google-container-id=\"4\" data-load-complete=\"true\" data-mce-fragment=\"1\"><\/iframe><\/div>\n<\/div>\n<p>&#8221;Ara\u015ft\u0131rmalar\u0131m\u0131z s\u00fcr\u00fcyor, ama ki\u015finin kendi kaynaklar\u0131nda tehdit ve foto\u011fraflar var. Bunlar\u0131n g\u00f6r\u00fclmemi\u015f olmas\u0131 m\u00fcmk\u00fcn de\u011fil. Polisin g\u00f6z\u00fc \u00f6n\u00fcnde ger\u00e7ekle\u015fen bu sald\u0131r\u0131n\u0131n organize bir sald\u0131r\u0131 oldu\u011fu \u015f\u00fcphesi art\u0131r\u0131yor bizde. Bu konuda adres iktidard\u0131r. Daha b\u00fcy\u00fck sald\u0131r\u0131lar\u0131n olma ihtimali kesinlikle var. \u0130\u00e7i\u015fleri Bakan\u0131 bu olay\u0131 \u00f6nlemek ile m\u00fckellef g\u00fc\u00e7t\u00fcr. Kap\u0131da n\u00f6bet tutan polisler \u0130\u00e7i\u015fleri Bakanl\u0131\u011f\u0131n\u0131n talimatlar\u0131 ile hareket ediyor. T\u00fcrkiye\u2019de \u0130\u00e7i\u015fleri Bakan\u0131 istifa etmesi gereken bir durumdad\u0131r. Bug\u00fcn ya\u015fanan sald\u0131r\u0131 mahkeme salonlar\u0131ndan ba\u015flayan, Meclis k\u00fcrs\u00fclerinden katliam \u00e7a\u011fr\u0131lar\u0131yla devam eden ve il binalar\u0131m\u0131z\u0131n \u00f6n\u00fcnde \u00e7e\u015fitli provokatif gruplarla provoke edilen bir s\u00fcrecin cinayete d\u00f6n\u00fc\u015fm\u00fc\u015f halidir.&#8221;<\/p>\n<div class=\"widget widget--type-quotation\n    widget--size-fullwidth\n    widget--align-center\"><\/p>\n<div class=\"widget__wrapper\">\n<div class=\"widget__content\">\n<blockquote class=\"widget__quote\"><p><span class=\"widget__quoteText\">Bizzat iktidar\u0131n orta\u011f\u0131 ile birlikte her g\u00fcn HDP&#8217;ye sald\u0131ran, kriminalize eden ve hedef g\u00f6steren bu iktidar\u0131n deme\u00e7lerini \u00e7ok anlaml\u0131 g\u00f6rm\u00fcyorum<\/span><\/p><\/blockquote>\n<div class=\"widget__authorText\">Fatma Kurtulan<\/div>\n<div class=\"widget__author_descriptionText\">HDP Mersin milletvekili<\/div>\n<\/div>\n<\/div>\n<\/div>\n<p>\u0130zmir&#8217;deki sald\u0131r\u0131n\u0131n sonras\u0131nda Adalet Bakan\u0131 Abd\u00fclhamit G\u00fcl sosyal medya hesab\u0131ndan bir a\u00e7\u0131klama yaparak sald\u0131r\u0131y\u0131 lanetledi ve olay\u0131n t\u00fcm y\u00f6nleriyle ayd\u0131nlat\u0131laca\u011f\u0131n\u0131 belirtti.<\/p>\n<div class=\"widget widget--type-tweet widget--size-fullwidth widget--align-center\">\n<div class=\"widget__wrapper\">\n<div class=\"widget__ratio widget__ratio\u2014auto\">\n<div class=\"widget__contents\">\n<figure class=\"widget__figure\">\n<div class=\"widget__tweet\" data-tweet-id=\"1405521981743656968\" data-tweetloaded=\"true\">\n<div class=\"twitter-tweet twitter-tweet-rendered\"><iframe id=\"twitter-widget-0\" class=\"\" title=\"Twitter Tweet\" src=\"https:\/\/platform.twitter.com\/embed\/Tweet.html?dnt=false&amp;embedId=twitter-widget-0&amp;features=eyJ0ZndfZXhwZXJpbWVudHNfY29va2llX2V4cGlyYXRpb24iOnsiYnVja2V0IjoxMjA5NjAwLCJ2ZXJzaW9uIjpudWxsfSwidGZ3X2hvcml6b25fdHdlZXRfZW1iZWRfOTU1NSI6eyJidWNrZXQiOiJodGUiLCJ2ZXJzaW9uIjpudWxsfSwidGZ3X3R3ZWV0X2VtYmVkX2NsaWNrYWJpbGl0eV8xMjEwMiI6eyJidWNrZXQiOiJjb250cm9sIiwidmVyc2lvbiI6bnVsbH19&amp;frame=false&amp;hideCard=false&amp;hideThread=false&amp;id=1405521981743656968&amp;lang=en&amp;origin=https%3A%2F%2Ftr.euronews.com%2F2021%2F06%2F17%2Fizmir-hdp-il-binas-na-sald-r-icisleri-bakan-bu-olay-onlemekle-mukellef-guctur-istifa-etmel&amp;sessionId=df705bc897987f6cc18a2680233ee83efc1f9345&amp;siteScreenName=euronews&amp;theme=light&amp;widgetsVersion=82e1070%3A1619632193066&amp;width=550px\" frameborder=\"0\" scrolling=\"no\" allowfullscreen=\"allowfullscreen\" data-tweet-id=\"1405521981743656968\" data-mce-fragment=\"1\"><\/iframe><\/div>\n<\/div>\n<\/figure>\n<\/div>\n<\/div>\n<\/div>\n<\/div>\n<p>Euronews&#8217;e bu a\u00e7\u0131klamay\u0131 de\u011ferlendiren HDP Mersin milletvekili Fatma Kurtulan, Adalet Bakan\u0131 Abd\u00fclhamit G\u00fcl&#8217;\u00fcn a\u00e7\u0131klamalar\u0131n\u0131 anlaml\u0131 bulmad\u0131\u011f\u0131n\u0131 s\u00f6yl\u00fcyor.<\/p>\n<p>G\u00fcl&#8217;\u00fcn vermi\u015f oldu\u011fu tepkiyi kamuoyunun tepkisine ba\u011flayan Kurtulan, &#8221;O zaman bu zihniyeti de\u011fi\u015ftirmeleri laz\u0131m. E\u011fer bunu do\u011fru bulmuyorlarsa bunun gere\u011fini yapmal\u0131lar&#8221; diyor.<\/p>\n<p>&#8221;Bizzat iktidar\u0131n orta\u011f\u0131 ile birlikte her g\u00fcn partiye sald\u0131ran, kriminalize eden ve hedef g\u00f6steren bu iktidar\u0131n deme\u00e7lerini \u00e7ok anlaml\u0131 g\u00f6rm\u00fcyorum. Bundan beslenen klikler buna kat\u0131lm\u0131yor ve bunu do\u011fru bulmuyorsa devlet veya kendi i\u00e7lerindeki bir kili\u011fin yapt\u0131\u011f\u0131 i\u015f olarak g\u00f6r\u00fcyorlarsa bunun gere\u011fini yapmal\u0131lar. Bunun arkas\u0131ndaki azmettiriciler bizzat devlet i\u00e7indeki klikler ve bu iktidard\u0131r.&#8221;<\/p>\n<h2><strong>&#8221;HDP&#8217;ye y\u00f6nelik daha \u00e7ok insan\u0131n \u00f6l\u00fcm\u00fcn\u00fc hedefleyen bir konsept devrede&#8221;<\/strong><\/h2>\n<p>HDP&#8217;ye y\u00f6nelik sald\u0131r\u0131lar\u0131n arkas\u0131nda devlet i\u00e7i kliklerin oldu\u011funu ve bu nedenle de sald\u0131r\u0131lar\u0131n cezas\u0131z kald\u0131\u011f\u0131n\u0131 d\u00fc\u015f\u00fcnen HDP Mersin milletvekili Kurtulan, HDP&#8217;ye y\u00f6nelik daha \u00e7ok insan\u0131n \u00f6l\u00fcm\u00fcn\u00fc hedefleyen bir konseptin devrede oldu\u011fu kan\u0131s\u0131nda.<\/p>\n<p>&#8221;2015\u2019te HDP Mersin il binas\u0131na yap\u0131lan &#8216;bombal\u0131 \u00e7i\u00e7ek&#8217; sald\u0131r\u0131s\u0131nda, ki\u015fi elini kolunu sallayarak geliyor ve daha sonra T\u00fcrkiye\u2019nin d\u0131\u015f\u0131na \u00e7\u0131k\u0131yor. S\u00f6zde partinin korumalar\u0131 var, devlet resmi olarak g\u00fcvenlik sa\u011fl\u0131yor. Ama her sald\u0131r\u0131 sonras\u0131nda, partimizi korumakla g\u00f6revli olan polisler d\u0131\u015far\u0131 \u00e7\u0131k\u0131yor. Bizler ve demokrasi g\u00fc\u00e7lerinin defalarca s\u00f6yledi\u011fi \u015feyi Sedat Peker \u015fimdi itiraf ediyor. B\u00f6yle oldu\u011fu i\u00e7in herkes taraf\u0131ndan dikkate al\u0131n\u0131yor. Ama bizler s\u00fcrekli dedik. Mesela Tahir El\u00e7i&#8217;nin, Ape Musa\u2019n\u0131n katilleri neden hala bulunmuyor? Devlet i\u00e7indeki yap\u0131lar\u0131n i\u015fi oldu\u011fu i\u00e7in bulunam\u0131yor, bulunmak istenmiyor. Bu durum da ayn\u0131d\u0131r. \u015eimdi iktidar kanad\u0131ndan a\u00e7\u0131klamalar olacak bu ki\u015finin yarg\u0131 \u00f6n\u00fcne \u00e7\u0131kar\u0131laca\u011f\u0131na dair. \u0130yi de bu tetik\u00e7i meselesi de\u011fil ki. Mesele onu azmettiren zihniyet. Bu katilleri ortaya \u00e7\u0131karan, yeti\u015ftiren, \u00fczerimize salan zihniyeti ele almak laz\u0131m.&#8221;<\/p>\n<div class=\"widget widget--type-quotation\n    widget--size-fullwidth\n    widget--align-center\"><\/p>\n<div class=\"widget__wrapper\">\n<div class=\"widget__content\">\n<blockquote class=\"widget__quote\"><p><span class=\"widget__quoteText\">Kendi geleceklerini bizim yoklu\u011fumuz \u00fczerine kurgulad\u0131klar\u0131 i\u00e7in bu sald\u0131r\u0131y\u0131 sorunsuz s\u00fcrd\u00fcrmek istiyorlar. Ama HDP diz \u00e7\u00f6kmez.<\/span><\/p><\/blockquote>\n<p><cite class=\"widget__author\"><\/cite><\/div>\n<\/div>\n<\/div>\n<p>\u0130ktidar\u0131n sand\u0131kta ve siyaseten HDP ile ba\u015f edemedi\u011fini s\u00f6yleyen Kurtulan, \u0130\u00e7i\u015fleri Bakan\u0131n\u0131 &#8216;g\u00fcvenlik\u00e7i politikalar\u0131 en pervas\u0131z kullanan, yetkisini en k\u00f6t\u00fcye kullanan ki\u015fi&#8217; olarak su\u00e7luyor. T\u00fcm hak taleplerinde bulunan herkes bu \u00fclkede tehdit alt\u0131nda diyen HDP&#8217;li Kurtulan, bunun sorumlulu\u011funu da \u0130\u00e7i\u015fleri Bakan\u0131na y\u00fckl\u00fcyor.<\/p>\n<p>&#8221;HDP \u00e7ok do\u011fru bir yerde duruyor. Parti binalar\u0131n\u0131 kapatma derecesine varan bask\u0131lara ra\u011fmen yeni kongrelerle daha da b\u00fcy\u00fcyoruz. Bununla ba\u015f edemeyen bir g\u00fc\u00e7 kendi \u00f6n\u00fcnde engel olarak g\u00f6rd\u00fc\u011f\u00fc partimizi kriminalize ederek diz \u00e7\u00f6kt\u00fcrmeyi d\u00fc\u015f\u00fcn\u00fcyor. Koltuklar\u0131n\u0131n \u00f6mr\u00fcn\u00fc uzatmak ve ceplerindeki paralar\u0131n miktar\u0131n\u0131 b\u00fcy\u00fctmeye odaklanm\u0131\u015f bir zihniyet. Kendi geleceklerini bizim yoklu\u011fumuz \u00fczerine kurgulad\u0131klar\u0131 i\u00e7in bu sald\u0131r\u0131y\u0131 sorunsuz s\u00fcrd\u00fcrmek istiyorlar. Ama HDP diz \u00e7\u00f6kmez.&#8221;<\/p>\n<p><em><strong>https:\/\/tr.euronews.com\/2021\/06\/17\/izmir-hdp-il-binas-na-sald-r-icisleri-bakan-bu-olay-onlemekle-mukellef-guctur-istifa-etmel\u00a0<\/strong><\/em><\/p>\n","protected":false},"excerpt":{"rendered":"<p>Halklar\u0131n Demokratik Partisi&#8217;nin (HDP) \u0130zmir il binas\u0131na silahl\u0131 sald\u0131r\u0131 d\u00fczenlendi. Sald\u0131r\u0131da parti \u00e7al\u0131\u015fan\u0131 Deniz Poyraz hayat\u0131n\u0131 kaybetti. \u0130zmir Valili\u011fi sald\u0131rgan\u0131n yakaland\u0131\u011f\u0131n\u0131 duyurdu. HDP Van milletvekili Tayyip Temel&#8217;e g\u00f6re bir s\u00fcredir \u0130\u00e7i\u015fleri Bakanl\u0131\u011f\u0131\u2019na ba\u011fl\u0131 valilikler ve emniyet m\u00fcd\u00fcrl\u00fckleri ile ilintili gruplar HDP&#8217;nin parti binalar\u0131 \u00f6n\u00fcnde provokasyon yap\u0131yor. \u0130zmir HDP il binas\u0131na yap\u0131lan sald\u0131r\u0131y\u0131 da bunun bir [&hellip;]<\/p>\n","protected":false},"author":7,"featured_media":63368,"comment_status":"open","ping_status":"open","sticky":false,"template":"","format":"standard","meta":{"footnotes":""},"categories":[1],"tags":[],"class_list":["post-63367","post","type-post","status-publish","format-standard","has-post-thumbnail","hentry","category-haberler"],"yoast_head":"<!-- This site is optimized with the Yoast SEO plugin v27.4 - https:\/\/yoast.com\/product\/yoast-seo-wordpress\/ -->\n<title>\u0130zmir HDP il binas\u0131na sald\u0131r\u0131: &#039;\u0130\u00e7i\u015fleri Bakan\u0131 bu olay\u0131 \u00f6nlemekle m\u00fckellef g\u00fc\u00e7t\u00fcr, istifa etmeli&#039; - Bati Ermenistan Ve Bati Ermenileri Sorunlari Ara\u015ftirmalar Merkezi<\/title>\n<meta name=\"robots\" content=\"index, follow, max-snippet:-1, max-image-preview:large, max-video-preview:-1\" \/>\n<link rel=\"canonical\" href=\"https:\/\/akunq.net\/tr\/?p=63367\" \/>\n<meta property=\"og:locale\" content=\"en_US\" \/>\n<meta property=\"og:type\" content=\"article\" \/>\n<meta property=\"og:title\" content=\"\u0130zmir HDP il binas\u0131na sald\u0131r\u0131: &#039;\u0130\u00e7i\u015fleri Bakan\u0131 bu olay\u0131 \u00f6nlemekle m\u00fckellef g\u00fc\u00e7t\u00fcr, istifa etmeli&#039; - Bati Ermenistan Ve Bati Ermenileri Sorunlari Ara\u015ftirmalar Merkezi\" \/>\n<meta property=\"og:description\" content=\"Halklar\u0131n Demokratik Partisi&#8217;nin (HDP) \u0130zmir il binas\u0131na silahl\u0131 sald\u0131r\u0131 d\u00fczenlendi. Sald\u0131r\u0131da parti \u00e7al\u0131\u015fan\u0131 Deniz Poyraz hayat\u0131n\u0131 kaybetti. \u0130zmir Valili\u011fi sald\u0131rgan\u0131n yakaland\u0131\u011f\u0131n\u0131 duyurdu. HDP Van milletvekili Tayyip Temel&#8217;e g\u00f6re bir s\u00fcredir \u0130\u00e7i\u015fleri Bakanl\u0131\u011f\u0131\u2019na ba\u011fl\u0131 valilikler ve emniyet m\u00fcd\u00fcrl\u00fckleri ile ilintili gruplar HDP&#8217;nin parti binalar\u0131 \u00f6n\u00fcnde provokasyon yap\u0131yor. \u0130zmir HDP il binas\u0131na yap\u0131lan sald\u0131r\u0131y\u0131 da bunun bir [&hellip;]\" \/>\n<meta property=\"og:url\" content=\"https:\/\/akunq.net\/tr\/?p=63367\" \/>\n<meta property=\"og:site_name\" content=\"Bati Ermenistan Ve Bati Ermenileri Sorunlari Ara\u015ftirmalar Merkezi\" \/>\n<meta property=\"article:published_time\" content=\"2021-06-18T07:27:18+00:00\" \/>\n<meta property=\"og:image\" content=\"https:\/\/akunq.net\/tr\/wp-content\/uploads\/sites\/6\/2021\/06\/\u0130zmirin-Konak-il\u00e7esindeki-HDP-\u0130l-Ba\u015fkanl\u0131\u011f\u0131na-sald\u0131r\u0131.jpg\" \/>\n\t<meta property=\"og:image:width\" content=\"773\" \/>\n\t<meta property=\"og:image:height\" content=\"435\" \/>\n\t<meta property=\"og:image:type\" content=\"image\/jpeg\" \/>\n<meta name=\"author\" content=\"admin\" \/>\n<meta name=\"twitter:card\" content=\"summary_large_image\" \/>\n<meta name=\"twitter:label1\" content=\"Written by\" \/>\n\t<meta name=\"twitter:data1\" content=\"admin\" \/>\n\t<meta name=\"twitter:label2\" content=\"Est. reading time\" \/>\n\t<meta name=\"twitter:data2\" content=\"7 minutes\" \/>\n<script type=\"application\/ld+json\" class=\"yoast-schema-graph\">{\"@context\":\"https:\\\/\\\/schema.org\",\"@graph\":[{\"@type\":\"Article\",\"@id\":\"https:\\\/\\\/akunq.net\\\/tr\\\/?p=63367#article\",\"isPartOf\":{\"@id\":\"https:\\\/\\\/akunq.net\\\/tr\\\/?p=63367\"},\"author\":{\"name\":\"admin\",\"@id\":\"https:\\\/\\\/akunq.net\\\/tr\\\/#\\\/schema\\\/person\\\/096f1d38a12cce57fb855b485ed24c9e\"},\"headline\":\"\u0130zmir HDP il binas\u0131na sald\u0131r\u0131: &#8216;\u0130\u00e7i\u015fleri Bakan\u0131 bu olay\u0131 \u00f6nlemekle m\u00fckellef g\u00fc\u00e7t\u00fcr, istifa etmeli&#8217;\",\"datePublished\":\"2021-06-18T07:27:18+00:00\",\"mainEntityOfPage\":{\"@id\":\"https:\\\/\\\/akunq.net\\\/tr\\\/?p=63367\"},\"wordCount\":1367,\"commentCount\":0,\"image\":{\"@id\":\"https:\\\/\\\/akunq.net\\\/tr\\\/?p=63367#primaryimage\"},\"thumbnailUrl\":\"https:\\\/\\\/akunq.net\\\/tr\\\/wp-content\\\/uploads\\\/sites\\\/6\\\/2021\\\/06\\\/\u0130zmirin-Konak-il\u00e7esindeki-HDP-\u0130l-Ba\u015fkanl\u0131\u011f\u0131na-sald\u0131r\u0131.jpg\",\"articleSection\":[\"Haberler\"],\"inLanguage\":\"en-US\",\"potentialAction\":[{\"@type\":\"CommentAction\",\"name\":\"Comment\",\"target\":[\"https:\\\/\\\/akunq.net\\\/tr\\\/?p=63367#respond\"]}]},{\"@type\":\"WebPage\",\"@id\":\"https:\\\/\\\/akunq.net\\\/tr\\\/?p=63367\",\"url\":\"https:\\\/\\\/akunq.net\\\/tr\\\/?p=63367\",\"name\":\"\u0130zmir HDP il binas\u0131na sald\u0131r\u0131: '\u0130\u00e7i\u015fleri Bakan\u0131 bu olay\u0131 \u00f6nlemekle m\u00fckellef g\u00fc\u00e7t\u00fcr, istifa etmeli' - Bati Ermenistan Ve Bati Ermenileri Sorunlari Ara\u015ftirmalar Merkezi\",\"isPartOf\":{\"@id\":\"https:\\\/\\\/akunq.net\\\/tr\\\/#website\"},\"primaryImageOfPage\":{\"@id\":\"https:\\\/\\\/akunq.net\\\/tr\\\/?p=63367#primaryimage\"},\"image\":{\"@id\":\"https:\\\/\\\/akunq.net\\\/tr\\\/?p=63367#primaryimage\"},\"thumbnailUrl\":\"https:\\\/\\\/akunq.net\\\/tr\\\/wp-content\\\/uploads\\\/sites\\\/6\\\/2021\\\/06\\\/\u0130zmirin-Konak-il\u00e7esindeki-HDP-\u0130l-Ba\u015fkanl\u0131\u011f\u0131na-sald\u0131r\u0131.jpg\",\"datePublished\":\"2021-06-18T07:27:18+00:00\",\"author\":{\"@id\":\"https:\\\/\\\/akunq.net\\\/tr\\\/#\\\/schema\\\/person\\\/096f1d38a12cce57fb855b485ed24c9e\"},\"breadcrumb\":{\"@id\":\"https:\\\/\\\/akunq.net\\\/tr\\\/?p=63367#breadcrumb\"},\"inLanguage\":\"en-US\",\"potentialAction\":[{\"@type\":\"ReadAction\",\"target\":[\"https:\\\/\\\/akunq.net\\\/tr\\\/?p=63367\"]}]},{\"@type\":\"ImageObject\",\"inLanguage\":\"en-US\",\"@id\":\"https:\\\/\\\/akunq.net\\\/tr\\\/?p=63367#primaryimage\",\"url\":\"https:\\\/\\\/akunq.net\\\/tr\\\/wp-content\\\/uploads\\\/sites\\\/6\\\/2021\\\/06\\\/\u0130zmirin-Konak-il\u00e7esindeki-HDP-\u0130l-Ba\u015fkanl\u0131\u011f\u0131na-sald\u0131r\u0131.jpg\",\"contentUrl\":\"https:\\\/\\\/akunq.net\\\/tr\\\/wp-content\\\/uploads\\\/sites\\\/6\\\/2021\\\/06\\\/\u0130zmirin-Konak-il\u00e7esindeki-HDP-\u0130l-Ba\u015fkanl\u0131\u011f\u0131na-sald\u0131r\u0131.jpg\",\"width\":773,\"height\":435},{\"@type\":\"BreadcrumbList\",\"@id\":\"https:\\\/\\\/akunq.net\\\/tr\\\/?p=63367#breadcrumb\",\"itemListElement\":[{\"@type\":\"ListItem\",\"position\":1,\"name\":\"Home\",\"item\":\"https:\\\/\\\/akunq.net\\\/tr\"},{\"@type\":\"ListItem\",\"position\":2,\"name\":\"\u0130zmir HDP il binas\u0131na sald\u0131r\u0131: &#8216;\u0130\u00e7i\u015fleri Bakan\u0131 bu olay\u0131 \u00f6nlemekle m\u00fckellef g\u00fc\u00e7t\u00fcr, istifa etmeli&#8217;\"}]},{\"@type\":\"WebSite\",\"@id\":\"https:\\\/\\\/akunq.net\\\/tr\\\/#website\",\"url\":\"https:\\\/\\\/akunq.net\\\/tr\\\/\",\"name\":\"Bati Ermenistan Ve Bati Ermenileri Sorunlari Ara\u015ftirmalar Merkezi\",\"description\":\"\",\"potentialAction\":[{\"@type\":\"SearchAction\",\"target\":{\"@type\":\"EntryPoint\",\"urlTemplate\":\"https:\\\/\\\/akunq.net\\\/tr\\\/?s={search_term_string}\"},\"query-input\":{\"@type\":\"PropertyValueSpecification\",\"valueRequired\":true,\"valueName\":\"search_term_string\"}}],\"inLanguage\":\"en-US\"},{\"@type\":\"Person\",\"@id\":\"https:\\\/\\\/akunq.net\\\/tr\\\/#\\\/schema\\\/person\\\/096f1d38a12cce57fb855b485ed24c9e\",\"name\":\"admin\",\"url\":\"https:\\\/\\\/akunq.net\\\/tr\\\/?author=7\"}]}<\/script>\n<!-- \/ Yoast SEO plugin. -->","yoast_head_json":{"title":"\u0130zmir HDP il binas\u0131na sald\u0131r\u0131: '\u0130\u00e7i\u015fleri Bakan\u0131 bu olay\u0131 \u00f6nlemekle m\u00fckellef g\u00fc\u00e7t\u00fcr, istifa etmeli' - Bati Ermenistan Ve Bati Ermenileri Sorunlari Ara\u015ftirmalar Merkezi","robots":{"index":"index","follow":"follow","max-snippet":"max-snippet:-1","max-image-preview":"max-image-preview:large","max-video-preview":"max-video-preview:-1"},"canonical":"https:\/\/akunq.net\/tr\/?p=63367","og_locale":"en_US","og_type":"article","og_title":"\u0130zmir HDP il binas\u0131na sald\u0131r\u0131: '\u0130\u00e7i\u015fleri Bakan\u0131 bu olay\u0131 \u00f6nlemekle m\u00fckellef g\u00fc\u00e7t\u00fcr, istifa etmeli' - Bati Ermenistan Ve Bati Ermenileri Sorunlari Ara\u015ftirmalar Merkezi","og_description":"Halklar\u0131n Demokratik Partisi&#8217;nin (HDP) \u0130zmir il binas\u0131na silahl\u0131 sald\u0131r\u0131 d\u00fczenlendi. Sald\u0131r\u0131da parti \u00e7al\u0131\u015fan\u0131 Deniz Poyraz hayat\u0131n\u0131 kaybetti. \u0130zmir Valili\u011fi sald\u0131rgan\u0131n yakaland\u0131\u011f\u0131n\u0131 duyurdu. HDP Van milletvekili Tayyip Temel&#8217;e g\u00f6re bir s\u00fcredir \u0130\u00e7i\u015fleri Bakanl\u0131\u011f\u0131\u2019na ba\u011fl\u0131 valilikler ve emniyet m\u00fcd\u00fcrl\u00fckleri ile ilintili gruplar HDP&#8217;nin parti binalar\u0131 \u00f6n\u00fcnde provokasyon yap\u0131yor. \u0130zmir HDP il binas\u0131na yap\u0131lan sald\u0131r\u0131y\u0131 da bunun bir [&hellip;]","og_url":"https:\/\/akunq.net\/tr\/?p=63367","og_site_name":"Bati Ermenistan Ve Bati Ermenileri Sorunlari Ara\u015ftirmalar Merkezi","article_published_time":"2021-06-18T07:27:18+00:00","og_image":[{"width":773,"height":435,"url":"https:\/\/akunq.net\/tr\/wp-content\/uploads\/sites\/6\/2021\/06\/\u0130zmirin-Konak-il\u00e7esindeki-HDP-\u0130l-Ba\u015fkanl\u0131\u011f\u0131na-sald\u0131r\u0131.jpg","type":"image\/jpeg"}],"author":"admin","twitter_card":"summary_large_image","twitter_misc":{"Written by":"admin","Est. reading time":"7 minutes"},"schema":{"@context":"https:\/\/schema.org","@graph":[{"@type":"Article","@id":"https:\/\/akunq.net\/tr\/?p=63367#article","isPartOf":{"@id":"https:\/\/akunq.net\/tr\/?p=63367"},"author":{"name":"admin","@id":"https:\/\/akunq.net\/tr\/#\/schema\/person\/096f1d38a12cce57fb855b485ed24c9e"},"headline":"\u0130zmir HDP il binas\u0131na sald\u0131r\u0131: &#8216;\u0130\u00e7i\u015fleri Bakan\u0131 bu olay\u0131 \u00f6nlemekle m\u00fckellef g\u00fc\u00e7t\u00fcr, istifa etmeli&#8217;","datePublished":"2021-06-18T07:27:18+00:00","mainEntityOfPage":{"@id":"https:\/\/akunq.net\/tr\/?p=63367"},"wordCount":1367,"commentCount":0,"image":{"@id":"https:\/\/akunq.net\/tr\/?p=63367#primaryimage"},"thumbnailUrl":"https:\/\/akunq.net\/tr\/wp-content\/uploads\/sites\/6\/2021\/06\/\u0130zmirin-Konak-il\u00e7esindeki-HDP-\u0130l-Ba\u015fkanl\u0131\u011f\u0131na-sald\u0131r\u0131.jpg","articleSection":["Haberler"],"inLanguage":"en-US","potentialAction":[{"@type":"CommentAction","name":"Comment","target":["https:\/\/akunq.net\/tr\/?p=63367#respond"]}]},{"@type":"WebPage","@id":"https:\/\/akunq.net\/tr\/?p=63367","url":"https:\/\/akunq.net\/tr\/?p=63367","name":"\u0130zmir HDP il binas\u0131na sald\u0131r\u0131: '\u0130\u00e7i\u015fleri Bakan\u0131 bu olay\u0131 \u00f6nlemekle m\u00fckellef g\u00fc\u00e7t\u00fcr, istifa etmeli' - Bati Ermenistan Ve Bati Ermenileri Sorunlari Ara\u015ftirmalar Merkezi","isPartOf":{"@id":"https:\/\/akunq.net\/tr\/#website"},"primaryImageOfPage":{"@id":"https:\/\/akunq.net\/tr\/?p=63367#primaryimage"},"image":{"@id":"https:\/\/akunq.net\/tr\/?p=63367#primaryimage"},"thumbnailUrl":"https:\/\/akunq.net\/tr\/wp-content\/uploads\/sites\/6\/2021\/06\/\u0130zmirin-Konak-il\u00e7esindeki-HDP-\u0130l-Ba\u015fkanl\u0131\u011f\u0131na-sald\u0131r\u0131.jpg","datePublished":"2021-06-18T07:27:18+00:00","author":{"@id":"https:\/\/akunq.net\/tr\/#\/schema\/person\/096f1d38a12cce57fb855b485ed24c9e"},"breadcrumb":{"@id":"https:\/\/akunq.net\/tr\/?p=63367#breadcrumb"},"inLanguage":"en-US","potentialAction":[{"@type":"ReadAction","target":["https:\/\/akunq.net\/tr\/?p=63367"]}]},{"@type":"ImageObject","inLanguage":"en-US","@id":"https:\/\/akunq.net\/tr\/?p=63367#primaryimage","url":"https:\/\/akunq.net\/tr\/wp-content\/uploads\/sites\/6\/2021\/06\/\u0130zmirin-Konak-il\u00e7esindeki-HDP-\u0130l-Ba\u015fkanl\u0131\u011f\u0131na-sald\u0131r\u0131.jpg","contentUrl":"https:\/\/akunq.net\/tr\/wp-content\/uploads\/sites\/6\/2021\/06\/\u0130zmirin-Konak-il\u00e7esindeki-HDP-\u0130l-Ba\u015fkanl\u0131\u011f\u0131na-sald\u0131r\u0131.jpg","width":773,"height":435},{"@type":"BreadcrumbList","@id":"https:\/\/akunq.net\/tr\/?p=63367#breadcrumb","itemListElement":[{"@type":"ListItem","position":1,"name":"Home","item":"https:\/\/akunq.net\/tr"},{"@type":"ListItem","position":2,"name":"\u0130zmir HDP il binas\u0131na sald\u0131r\u0131: &#8216;\u0130\u00e7i\u015fleri Bakan\u0131 bu olay\u0131 \u00f6nlemekle m\u00fckellef g\u00fc\u00e7t\u00fcr, istifa etmeli&#8217;"}]},{"@type":"WebSite","@id":"https:\/\/akunq.net\/tr\/#website","url":"https:\/\/akunq.net\/tr\/","name":"Bati Ermenistan Ve Bati Ermenileri Sorunlari Ara\u015ftirmalar Merkezi","description":"","potentialAction":[{"@type":"SearchAction","target":{"@type":"EntryPoint","urlTemplate":"https:\/\/akunq.net\/tr\/?s={search_term_string}"},"query-input":{"@type":"PropertyValueSpecification","valueRequired":true,"valueName":"search_term_string"}}],"inLanguage":"en-US"},{"@type":"Person","@id":"https:\/\/akunq.net\/tr\/#\/schema\/person\/096f1d38a12cce57fb855b485ed24c9e","name":"admin","url":"https:\/\/akunq.net\/tr\/?author=7"}]}},"_links":{"self":[{"href":"https:\/\/akunq.net\/tr\/index.php?rest_route=\/wp\/v2\/posts\/63367","targetHints":{"allow":["GET"]}}],"collection":[{"href":"https:\/\/akunq.net\/tr\/index.php?rest_route=\/wp\/v2\/posts"}],"about":[{"href":"https:\/\/akunq.net\/tr\/index.php?rest_route=\/wp\/v2\/types\/post"}],"author":[{"embeddable":true,"href":"https:\/\/akunq.net\/tr\/index.php?rest_route=\/wp\/v2\/users\/7"}],"replies":[{"embeddable":true,"href":"https:\/\/akunq.net\/tr\/index.php?rest_route=%2Fwp%2Fv2%2Fcomments&post=63367"}],"version-history":[{"count":1,"href":"https:\/\/akunq.net\/tr\/index.php?rest_route=\/wp\/v2\/posts\/63367\/revisions"}],"predecessor-version":[{"id":63369,"href":"https:\/\/akunq.net\/tr\/index.php?rest_route=\/wp\/v2\/posts\/63367\/revisions\/63369"}],"wp:featuredmedia":[{"embeddable":true,"href":"https:\/\/akunq.net\/tr\/index.php?rest_route=\/wp\/v2\/media\/63368"}],"wp:attachment":[{"href":"https:\/\/akunq.net\/tr\/index.php?rest_route=%2Fwp%2Fv2%2Fmedia&parent=63367"}],"wp:term":[{"taxonomy":"category","embeddable":true,"href":"https:\/\/akunq.net\/tr\/index.php?rest_route=%2Fwp%2Fv2%2Fcategories&post=63367"},{"taxonomy":"post_tag","embeddable":true,"href":"https:\/\/akunq.net\/tr\/index.php?rest_route=%2Fwp%2Fv2%2Ftags&post=63367"}],"curies":[{"name":"wp","href":"https:\/\/api.w.org\/{rel}","templated":true}]}}