{"id":63354,"date":"2021-06-17T03:17:44","date_gmt":"2021-06-17T08:17:44","guid":{"rendered":"https:\/\/akunq.net\/tr\/?p=63354"},"modified":"2021-06-17T03:17:44","modified_gmt":"2021-06-17T08:17:44","slug":"orgutlu-sessizlik","status":"publish","type":"post","link":"https:\/\/akunq.net\/tr\/?p=63354","title":{"rendered":"\u00d6rg\u00fctl\u00fc sessizlik"},"content":{"rendered":"<div><img loading=\"lazy\" decoding=\"async\" class=\"aligncenter size-medium wp-image-63355\" src=\"https:\/\/akunq.net\/tr\/wp-content\/uploads\/2021\/06\/Arat-Dink-360x216.jpg\" alt=\"\" width=\"360\" height=\"216\" srcset=\"https:\/\/akunq.net\/tr\/wp-content\/uploads\/sites\/6\/2021\/06\/Arat-Dink-360x216.jpg 360w, https:\/\/akunq.net\/tr\/wp-content\/uploads\/sites\/6\/2021\/06\/Arat-Dink-560x336.jpg 560w, https:\/\/akunq.net\/tr\/wp-content\/uploads\/sites\/6\/2021\/06\/Arat-Dink-260x156.jpg 260w, https:\/\/akunq.net\/tr\/wp-content\/uploads\/sites\/6\/2021\/06\/Arat-Dink-160x96.jpg 160w, https:\/\/akunq.net\/tr\/wp-content\/uploads\/sites\/6\/2021\/06\/Arat-Dink.jpg 768w\" sizes=\"auto, (max-width: 360px) 100vw, 360px\" \/><\/div>\n<div class=\"post-meta\"><strong><span class=\"posted-by\"><span class=\"reviewer\"><a title=\"Arat Dink\" href=\"http:\/\/www.agos.com.tr\/tr\/yazar\/377\/arat-dink\" rel=\"author\">Arat Dink<\/a><\/span>\u00a0 <\/span><\/strong><\/div>\n<div class=\"post-meta\"><em><strong><span style=\"color: #333333; font-family: 'Cantata One', serif; letter-spacing: 0.05em;\">Zeki Tekiner, d\u00f6rt ay \u00f6nce ba\u015fka bir silahl\u0131 sald\u0131r\u0131dan \u015fans eseri \u00f6l\u00fcmc\u00fcl bir yara almadan kurtulmu\u015ftu. Vali\u2019yi olay\u0131n siyasi boyutu oldu\u011funa ikna edememi\u015flerdi. Dostlar\u0131 Nev\u015fehir\u2019den bir s\u00fcre uzakla\u015fmas\u0131n\u0131 istediler. O, \u201cBana Nev\u015fehirliden zarar gelmez\u201d dedi, kald\u0131. Su, tan\u0131d\u0131k ak\u0131yor, de\u011fil mi?<\/span><\/strong><\/em><\/div>\n<div class=\"post-container cf\">\n<div class=\"post-content-right\">\n<div class=\"post-content description \">\n<p>\u201cBu memleketin kurban\u0131 olduk\u201d demi\u015f Zeki Tekiner, hastaneye birlikte geldikleri dostuna. O s\u0131rada hastanedeki tek doktor olan kad\u0131n do\u011fum uzman\u0131, yaralar\u0131na m\u00fcdahale etmeye \u00e7al\u0131\u015f\u0131yordu. Kur\u015funlardan biri y\u00fcre\u011fine isabet etmi\u015fti. Kurtar\u0131lamad\u0131.<\/p>\n<p>17 Haziran memleketin kara g\u00fcnlerinden biridir. 1980\u2019de asker\u00ee darbeye \u00fc\u00e7 kala Nev\u015fehir\u2019in g\u00f6be\u011finde bir bakkal d\u00fckk\u00e2n\u0131na giren tetik\u00e7iler silahlar\u0131n\u0131 s\u0131k\u0131p ellerini kollar\u0131n\u0131 sallaya sallaya oradan uzakla\u015ft\u0131lar. Hedeflerinde CHP \u0130l Ba\u015fkan\u0131 Mehmet Zeki Tekiner vard\u0131. D\u00fckk\u00e2n\u0131n sahibi iki karde\u015ften biri kap\u0131ya daha yak\u0131nd\u0131; Yavuz Y\u00fckselbaba\u2026 \u201cYapma! Dur!\u201d diye at\u0131ld\u0131\u011f\u0131nda iki tetik\u00e7iden daha geride olan\u0131 onun \u00fczerine bir \u015farj\u00f6r mermi bo\u015faltt\u0131. Yavuz Y\u00fckselbaba insanl\u0131\u011f\u0131n onurudur. Orada katledildi.<\/p>\n<p>Belki bir k\u0131sm\u0131n\u0131z \u201cYapma, dur\u201d dememek laz\u0131m diye hisse \u00e7\u0131karm\u0131\u015fs\u0131n\u0131zd\u0131r. Babas\u0131n\u0131 bir ya\u015f\u0131ndayken kaybeden O\u011fuz Y\u00fckselbaba, 40 y\u0131l sonra konu\u015fmac\u0131 olarak kat\u0131ld\u0131\u011f\u0131 bir anmada, s\u00f6z\u00fc al\u0131r almaz, o esnada elinde silah olan vard\u0131r, kafas\u0131nda niyet olan vard\u0131r ve belki vicdanlar\u0131 vard\u0131r diye onlara seslendi: \u201cYapmay\u0131n! Durun! Yapmay\u0131n! \u00c7ocuklar \u00e7ok ac\u0131 \u00e7ekiyor\u2026\u201d<\/p>\n<p>Aytmatov\u2019un \u2018Beyaz Gemi\u2019si, onun i\u00e7in Nev\u015fehir\u2019in mavi g\u00f6ky\u00fcz\u00fcnde u\u00e7an, babaya selam g\u00f6nderilen beyaz u\u00e7aklard\u0131.<\/p>\n<p>Zeki Tekiner, d\u00f6rt ay \u00f6nce ba\u015fka bir silahl\u0131 sald\u0131r\u0131dan \u015fans eseri \u00f6l\u00fcmc\u00fcl bir yara almadan kurtulmu\u015ftu. Vali\u2019yi olay\u0131n siyasi boyutu oldu\u011funa ikna edememi\u015flerdi. Dostlar\u0131 Nev\u015fehir\u2019den bir s\u00fcre uzakla\u015fmas\u0131n\u0131 istediler. O, \u201cBana Nev\u015fehirliden zarar gelmez\u201d dedi, kald\u0131. Partideki g\u00f6revinin yan\u0131 s\u0131ra bir avukat olarak herkesin yard\u0131m\u0131na ko\u015fan Tekiner, sevgiyle ba\u011f kurdu\u011fu hem\u015ferilerinin kendisine olan sevgisinin de fark\u0131ndayd\u0131. Su, tan\u0131d\u0131k ak\u0131yor, de\u011fil mi?<\/p>\n<p>Tetik\u00e7iler, \u015fehir d\u0131\u015f\u0131ndan \u00f6zel olarak getirildiler. Kalacak yeri, silah\u0131 ve ka\u00e7\u0131\u015f\u0131 bir Nev\u015fehirli ayarlam\u0131\u015ft\u0131; \u00d6mer Ay. Birka\u00e7 ay \u00f6nce merkezi Nev\u015fehir\u2019de kurulan \u00dclk\u00fc Yolu Derne\u011fi\u2019nin \u0130\u00e7 Anadolu E\u011fitim Sorumlusu\u2019ydu. \u2018Ana Merkez\u2019den g\u00f6nderilen tetik\u00e7ilere Zeki Tekiner\u2019i g\u00f6steren de oydu. Yani hedefi i\u015faretleyen\u2026 Emir b\u00fcy\u00fck yerdendi, bunu hi\u00e7 ayr\u0131nt\u0131lar\u0131yla anlatmad\u0131.<\/p>\n<p>18 Haziran bir ba\u015fka kara g\u00fcnd\u00fcr. CHP Genel Ba\u015fkan\u0131 Ecevit ve y\u00fczden fazla milletvekili cenaze i\u00e7in Nev\u015fehir\u2019e gelir. Ankara\u2019dan gelenler daha \u015fehre girerken otob\u00fcslerde sald\u0131r\u0131yla kar\u015f\u0131lan\u0131rlar. Valilik ve Emniyet hi\u00e7bir \u00f6nlem almaz. Tabutlar omuzlarda ta\u015f\u0131n\u0131rken, cenaze kortejine \u00e7apraz ate\u015f a\u00e7\u0131l\u0131r. Be\u015fi milletvekili olmak \u00fczere dokuz ki\u015fi yaralan\u0131r. Bu kez hastanede yaln\u0131zca di\u015f hekimi vard\u0131r. Tekiner\u2019in yerde kalan tabutu 13 kur\u015funla vurulur.<\/p>\n<p>Bu davran\u0131\u015f kal\u0131b\u0131na a\u015finas\u0131n\u0131zd\u0131r. \u00d6nce suikast, ard\u0131ndan cenazeye sald\u0131r\u0131\u2026 Tarihimizde bir\u00e7ok defa kar\u015f\u0131m\u0131za \u00e7\u0131kar. Anlad\u0131\u011f\u0131m\u0131z kadar\u0131yla bir yerlerde e\u011fitimi verilen, gayrinizami harbin yayg\u0131n bir y\u00f6ntemi. Toplumu y\u0131ld\u0131rma, bask\u0131 alt\u0131na alma tekni\u011fi.<\/p>\n<p>Ecevit bakar ki doktor yok, polis yok, valili\u011fe ge\u00e7er. Vali camdan izlemi\u015f olaylar\u0131, pi\u015fkin pi\u015fkin \u201cGe\u00e7mi\u015f olsun\u201d der. Ecevit, Genelkurmay Ba\u015fkan\u0131 Kenan Evren ve Ba\u015fbakan S\u00fcleyman Demirel\u2019le telefonda g\u00f6r\u00fc\u015f\u00fcr, ya\u015fananlar\u0131 anlat\u0131r. Vali ise k\u00fc\u00e7\u00fck bir hadise oldu\u011funu ve bast\u0131r\u0131ld\u0131\u011f\u0131n\u0131 s\u00f6yler. Ecevit bakar ki doktor yok, polis yok, vali de yok. Telefonu tekrar al\u0131r, \u201cNev\u015fehir\u2019de devleti g\u00f6rmeden ben ve 120 parlamenter arkada\u015f\u0131m buray\u0131 terk etmeyece\u011fiz\u201d der. Orada devlet de yok diye d\u00fc\u015f\u00fcnerek\u2026<\/p>\n<p>CHP il\u00e7e y\u00f6neticilerinden olan ve Tekiner\u2019i \u00f6ld\u00fcrenlere engel olmaya \u00e7al\u0131\u015f\u0131rken \u00f6ld\u00fcr\u00fclen Yavuz Y\u00fckselbaba\u2019n\u0131n naa\u015f\u0131 o g\u00fcn zorlukla defnedilir. Nev\u015fehir\u2019i devlete emanet eden CHP\u2019liler, bir d\u00f6nem milletvekilli\u011fi de yapm\u0131\u015f olan Zeki Tekiner\u2019in kur\u015funlanm\u0131\u015f tabutu ile Ankara\u2019ya do\u011fru yola \u00e7\u0131karlar.<\/p>\n<p>Her ne kadar \u2018polis yok\u2019 dediysek de, polis asl\u0131nda oralardad\u0131r. Abdullah \u00c7atl\u0131, Mehmet Ali A\u011fca ve \u00d6mer Ay\u2019a sahte isimli resm\u00ee pasaportlar d\u00fczenleyen, ayn\u0131 d\u00f6nemin Nev\u015fehir Emniyet M\u00fcd\u00fcrl\u00fc\u011f\u00fc\u2019d\u00fcr; yani \u0130brahim \u015eahin\u2019in g\u00f6rev yeri. Pasaport seri numaralar\u0131n\u0131n son alt\u0131 hanesi \u015f\u00f6yle devam eder; 136 634, 136 635, 136 636\u2026 \u0130nsan \u00f6ncesini ve sonras\u0131n\u0131 merak etmekten kendini alam\u0131yor. \u2018Papa suikast\u0131\u2019ndan sonra \u2018mesele\u2019 meydana \u00e7\u0131k\u0131nca Nev\u015fehir Pasaport Dairesi\u2019nde tesad\u00fcfen \u00e7\u0131kan yang\u0131n y\u00fcz\u00fcnden konu kapat\u0131lm\u0131\u015f. Yang\u0131nda kayboldu\u011fu s\u00f6ylenen bilgi istense ba\u015fka yerlerden bulunamaz m\u0131? Baz\u0131 lekeler vard\u0131r, silinmek bir yana sildik\u00e7e bula\u015f\u0131r. Yanan olsa olsa kaybedilen zamand\u0131r.<\/p>\n<p>\u00d6mer Ay, tetik\u00e7ileri bir s\u00fcre daha Nev\u015fehir\u2019de, kiralad\u0131\u011f\u0131 evde saklad\u0131ktan sonra, ka\u00e7malar\u0131na yard\u0131mc\u0131 olur, silahlar\u0131 nehre atar, ard\u0131ndan yurtd\u0131\u015f\u0131na ka\u00e7ar. Almanya\u2019da bir trafik kontrol\u00fcnde yakay\u0131 ele verir ve \u2018idam edilmemek\u2019 \u015fart\u0131yla T\u00fcrkiye\u2019ye iade edilir. Tetik\u00e7iler de farkl\u0131 zamanlarda yakalan\u0131p su\u00e7lar\u0131n\u0131 itiraf etmi\u015flerdir. \u00d6mer Ay, \u2018azmettirici\u2019 olarak h\u00fck\u00fcm giyer. Ancak ne hikmetse d\u00f6rt y\u0131l yat\u0131p \u00e7\u0131kar.<\/p>\n<p>\u00d6mer Ay \u015fimdi, \u0130Y\u0130 Parti\u2019nin Nev\u015fehir \u0130l Ba\u015fkan\u0131. CHP\u2019li y\u00f6neticiler 40 y\u0131l \u00f6nce il ba\u015fkanlar\u0131n\u0131 \u00f6ld\u00fcrten ki\u015fiyi ge\u00e7en y\u0131l kutlamaya gittiler. Peri masal\u0131 gibi\u2026 Herkes helalle\u015fiyor. T\u00fcrkiye bar\u0131\u015f\u0131yor.<\/p>\n<p>Tekiner ve Y\u00fckselbaba aileleri \u201cBu i\u015fte bir yanl\u0131\u015fl\u0131k var\u201d diyor. Toplumsal Bellek Platformu \u201cBu masalda bir gariplik var\u201d diyor. Birileri bar\u0131\u015fayazm\u0131\u015f, yak\u0131nlar\u0131 \u00f6ld\u00fcr\u00fclenler bar\u0131\u015fa kar\u015f\u0131, \u00f6yle mi? Orada durun bakal\u0131m.<\/p>\n<p>Meral Ak\u015fener ge\u00e7ti\u011fimiz g\u00fcnlerde, partililerine y\u00f6nelik sald\u0131r\u0131lar\u0131 hakl\u0131 olarak k\u0131narken, meselenin \u00f6z\u00fcne de\u011finmi\u015f asl\u0131nda: \u201cBu t\u00fcr olaylar\u0131n \u00f6n\u00fcn\u00fcn kesilmesi i\u00e7in yapan\u0131n yan\u0131na k\u00e2r kalmamas\u0131 gerekiyor.\u201d Hak savunucular\u0131n\u0131n y\u0131llard\u0131r \u2018cezas\u0131zl\u0131k\u2019 diye anlatt\u0131klar\u0131n\u0131n bir ba\u015fka ifadesi. \u2018Cezas\u0131zl\u0131k\u2019 diyoruz da, bo\u015f konu\u015fuyoruz. T\u00fcrkiye\u2019de su\u00e7luya \u2018takdir, taltif, terfi\u2019 var. K\u00e2r var. Partisinin il ba\u015fkan\u0131n\u0131n, \u00f6ld\u00fcrtt\u00fc\u011f\u00fc insan\u0131n ailesine yeti\u015ftirdi\u011fi cevaplardan utan\u0131yor mudur acaba?<\/p>\n<p>Baz\u0131s\u0131 \u201cE, cezas\u0131n\u0131 \u00e7ekmi\u015f i\u015fte!\u201d diyesi. Bunu s\u00f6yleyen ki\u015finin, birinin eline silah verip iki insan\u0131 vurdurabilece\u011finden; sonra da silah\u0131 ortadan kald\u0131r\u0131p, tetik\u00e7inin ka\u00e7mas\u0131na yard\u0131m edebilece\u011finden endi\u015fe ediyorum. Cezas\u0131n\u0131n \u2018d\u00f6rt y\u0131l\u2019 oldu\u011funu d\u00fc\u015f\u00fcn\u00fcyor \u00e7\u00fcnk\u00fc. Nedir ki, yatar \u00e7\u0131kar\u2026 Memlekette siyasi tutuklular, hi\u00e7bir h\u00fck\u00fcm giymeden bundan fazla yat\u0131yor. Nerede ba\u015fl\u0131yor \u015fu adalet y\u00fcr\u00fcy\u00fc\u015f\u00fc, nerede bitiyor?<\/p>\n<p>\u201cT\u00fcrkiye\u2019nin 81 ilinin 80\u2019inde ittifak s\u00fcr\u00fcyor, Nev\u015fehir hari\u00e7.\u201d Ya da \u201cNev\u015fehir\u2019de k\u0131rm\u0131z\u0131 \u00e7izgimiz Tekiner ve Y\u00fckselbaba\u2019d\u0131r\u201d gibi bir \u00e7ift afili laf da m\u0131 \u00e7\u0131kmaz a\u011f\u0131zlardan? \u201cOnunla bununla niye ittifak kurdunuz?\u201d diye soran yok, \u201cNas\u0131l bir ittifak kurdunuz?\u201d diye soruluyor. Neleri kaps\u0131yor, neleri kapsam\u0131yor? Bir y\u0131ld\u0131r CHP\u2019den tek bir ses \u00e7\u0131km\u0131yor. As\u0131l \u00fcrk\u00fct\u00fcc\u00fc olan bu. Hen\u00fcz muhalefetteyken b\u00f6yle bir konudaki \u015fu \u00f6rg\u00fctl\u00fc sessizlik, bu s\u0131zd\u0131rmaz kabuk bize ne vadediyor?<\/p>\n<p>Ge\u00e7en y\u0131l \u00d6mer Ay, kendini ve Millet \u0130ttifak\u0131\u2019n\u0131 savunurken, y\u00fcce g\u00f6n\u00fcll\u00fcl\u00fck sergilemi\u015f, \u00f6ld\u00fcrtt\u00fc\u011f\u00fc insan\u0131 sitayi\u015fle and\u0131ktan sonra Yavuz Y\u00fckselbaba\u2019ya da de\u011finmi\u015f: \u201cYan\u0131nda masum biri de \u00f6ld\u00fcr\u00fcld\u00fc.\u201d Biz her sayd\u0131\u011f\u0131m\u0131zda en az iki \u00e7\u0131k\u0131yor masumlar\u0131n say\u0131s\u0131. Ge\u00e7elim\u2026<\/p>\n<p>Derdimiz idam edilsinler, ille de h\u00fccreye at\u0131ls\u0131nlar de\u011fil. H\u00e2l\u00e2 anlamad\u0131n\u0131z m\u0131? Katillerin, canilerin siyasete at\u0131l\u0131rken utanacaklar\u0131 bir \u015fehir, bir \u00fclke istiyoruz. Toplum i\u00e7inde az\u0131c\u0131k mahcup gezselerdi bari, diyoruz. Hadi o hayal olsun, bari adalet sistemi diye bir \u015fey icat etseydik de onu \u00e7al\u0131\u015ft\u0131rsayd\u0131k. Sonra ta\u015f\u0131sayd\u0131n\u0131z omuzlarda. Muhatab\u0131m\u0131z katiller de\u011fil. Muhatab\u0131m\u0131z di\u011ferleri, muhatab\u0131m\u0131z toplum.<\/p>\n<p>Aylin Tekiner\u2019le tan\u0131\u015ft\u0131\u011f\u0131m\u0131zda bir ses kayd\u0131 ar\u0131yordu. Babas\u0131n\u0131n hi\u00e7 hat\u0131rlamad\u0131\u011f\u0131 sesini ar\u0131yordu. Bulam\u0131yor. Kendi sesine bir yank\u0131 dahi bulam\u0131yor. Kimsenin bar\u0131\u015f\u0131na kar\u0131\u015fmaz. Ya\u015fananlar elbette iki aileyi de incitiyor ama hi\u00e7 kapanmam\u0131\u015f b\u00fcy\u00fck yaralar\u0131n\u0131n yan\u0131nda, bu yap\u0131lanlar sinek \u0131s\u0131r\u0131\u011f\u0131d\u0131r. Yak\u0131nlar\u0131n\u0131 kaybedenler yaln\u0131zca ayna tutuyor. Bakars\u0131n\u0131z bakmazs\u0131n\u0131z, siz bilirsiniz. Bizlik bir durum yok.<\/p>\n<p>Bar\u0131\u015f dediniz mi, bizde akan sular durur. Bar\u0131\u015f\u0131 g\u00f6rd\u00fck m\u00fc ta ufuktan tan\u0131r\u0131z. Bar\u0131\u015fa ancak kurban oluruz. \u00d6yle de b\u00f6yle de kurban oluruz.<\/p>\n<p><em><strong>http:\/\/www.agos.com.tr\/tr\/yazi\/25796\/orgutlu-sessizlik\u00a0<\/strong><\/em><\/p>\n<\/div>\n<\/div>\n<\/div>\n","protected":false},"excerpt":{"rendered":"<p>Arat Dink\u00a0 Zeki Tekiner, d\u00f6rt ay \u00f6nce ba\u015fka bir silahl\u0131 sald\u0131r\u0131dan \u015fans eseri \u00f6l\u00fcmc\u00fcl bir yara almadan kurtulmu\u015ftu. Vali\u2019yi olay\u0131n siyasi boyutu oldu\u011funa ikna edememi\u015flerdi. Dostlar\u0131 Nev\u015fehir\u2019den bir s\u00fcre uzakla\u015fmas\u0131n\u0131 istediler. O, \u201cBana Nev\u015fehirliden zarar gelmez\u201d dedi, kald\u0131. Su, tan\u0131d\u0131k ak\u0131yor, de\u011fil mi? \u201cBu memleketin kurban\u0131 olduk\u201d demi\u015f Zeki Tekiner, hastaneye birlikte geldikleri dostuna. O [&hellip;]<\/p>\n","protected":false},"author":7,"featured_media":63355,"comment_status":"open","ping_status":"open","sticky":false,"template":"","format":"standard","meta":{"footnotes":""},"categories":[1,70],"tags":[],"class_list":["post-63354","post","type-post","status-publish","format-standard","has-post-thumbnail","hentry","category-haberler","category-makaleler"],"yoast_head":"<!-- This site is optimized with the Yoast SEO plugin v27.4 - https:\/\/yoast.com\/product\/yoast-seo-wordpress\/ -->\n<title>\u00d6rg\u00fctl\u00fc sessizlik - Bati Ermenistan Ve Bati Ermenileri Sorunlari Ara\u015ftirmalar Merkezi<\/title>\n<meta name=\"robots\" content=\"index, follow, max-snippet:-1, max-image-preview:large, max-video-preview:-1\" \/>\n<link rel=\"canonical\" href=\"https:\/\/akunq.net\/tr\/?p=63354\" \/>\n<meta property=\"og:locale\" content=\"en_US\" \/>\n<meta property=\"og:type\" content=\"article\" \/>\n<meta property=\"og:title\" content=\"\u00d6rg\u00fctl\u00fc sessizlik - Bati Ermenistan Ve Bati Ermenileri Sorunlari Ara\u015ftirmalar Merkezi\" \/>\n<meta property=\"og:description\" content=\"Arat Dink\u00a0 Zeki Tekiner, d\u00f6rt ay \u00f6nce ba\u015fka bir silahl\u0131 sald\u0131r\u0131dan \u015fans eseri \u00f6l\u00fcmc\u00fcl bir yara almadan kurtulmu\u015ftu. Vali\u2019yi olay\u0131n siyasi boyutu oldu\u011funa ikna edememi\u015flerdi. Dostlar\u0131 Nev\u015fehir\u2019den bir s\u00fcre uzakla\u015fmas\u0131n\u0131 istediler. O, \u201cBana Nev\u015fehirliden zarar gelmez\u201d dedi, kald\u0131. Su, tan\u0131d\u0131k ak\u0131yor, de\u011fil mi? \u201cBu memleketin kurban\u0131 olduk\u201d demi\u015f Zeki Tekiner, hastaneye birlikte geldikleri dostuna. O [&hellip;]\" \/>\n<meta property=\"og:url\" content=\"https:\/\/akunq.net\/tr\/?p=63354\" \/>\n<meta property=\"og:site_name\" content=\"Bati Ermenistan Ve Bati Ermenileri Sorunlari Ara\u015ftirmalar Merkezi\" \/>\n<meta property=\"article:published_time\" content=\"2021-06-17T08:17:44+00:00\" \/>\n<meta property=\"og:image\" content=\"https:\/\/akunq.net\/tr\/wp-content\/uploads\/sites\/6\/2021\/06\/Arat-Dink.jpg\" \/>\n\t<meta property=\"og:image:width\" content=\"768\" \/>\n\t<meta property=\"og:image:height\" content=\"461\" \/>\n\t<meta property=\"og:image:type\" content=\"image\/jpeg\" \/>\n<meta name=\"author\" content=\"admin\" \/>\n<meta name=\"twitter:card\" content=\"summary_large_image\" \/>\n<meta name=\"twitter:label1\" content=\"Written by\" \/>\n\t<meta name=\"twitter:data1\" content=\"admin\" \/>\n\t<meta name=\"twitter:label2\" content=\"Est. reading time\" \/>\n\t<meta name=\"twitter:data2\" content=\"8 minutes\" \/>\n<script type=\"application\/ld+json\" class=\"yoast-schema-graph\">{\"@context\":\"https:\\\/\\\/schema.org\",\"@graph\":[{\"@type\":\"Article\",\"@id\":\"https:\\\/\\\/akunq.net\\\/tr\\\/?p=63354#article\",\"isPartOf\":{\"@id\":\"https:\\\/\\\/akunq.net\\\/tr\\\/?p=63354\"},\"author\":{\"name\":\"admin\",\"@id\":\"https:\\\/\\\/akunq.net\\\/tr\\\/#\\\/schema\\\/person\\\/096f1d38a12cce57fb855b485ed24c9e\"},\"headline\":\"\u00d6rg\u00fctl\u00fc sessizlik\",\"datePublished\":\"2021-06-17T08:17:44+00:00\",\"mainEntityOfPage\":{\"@id\":\"https:\\\/\\\/akunq.net\\\/tr\\\/?p=63354\"},\"wordCount\":1567,\"commentCount\":0,\"image\":{\"@id\":\"https:\\\/\\\/akunq.net\\\/tr\\\/?p=63354#primaryimage\"},\"thumbnailUrl\":\"https:\\\/\\\/akunq.net\\\/tr\\\/wp-content\\\/uploads\\\/sites\\\/6\\\/2021\\\/06\\\/Arat-Dink.jpg\",\"articleSection\":[\"Haberler\",\"Makaleler\"],\"inLanguage\":\"en-US\",\"potentialAction\":[{\"@type\":\"CommentAction\",\"name\":\"Comment\",\"target\":[\"https:\\\/\\\/akunq.net\\\/tr\\\/?p=63354#respond\"]}]},{\"@type\":\"WebPage\",\"@id\":\"https:\\\/\\\/akunq.net\\\/tr\\\/?p=63354\",\"url\":\"https:\\\/\\\/akunq.net\\\/tr\\\/?p=63354\",\"name\":\"\u00d6rg\u00fctl\u00fc sessizlik - Bati Ermenistan Ve Bati Ermenileri Sorunlari Ara\u015ftirmalar Merkezi\",\"isPartOf\":{\"@id\":\"https:\\\/\\\/akunq.net\\\/tr\\\/#website\"},\"primaryImageOfPage\":{\"@id\":\"https:\\\/\\\/akunq.net\\\/tr\\\/?p=63354#primaryimage\"},\"image\":{\"@id\":\"https:\\\/\\\/akunq.net\\\/tr\\\/?p=63354#primaryimage\"},\"thumbnailUrl\":\"https:\\\/\\\/akunq.net\\\/tr\\\/wp-content\\\/uploads\\\/sites\\\/6\\\/2021\\\/06\\\/Arat-Dink.jpg\",\"datePublished\":\"2021-06-17T08:17:44+00:00\",\"author\":{\"@id\":\"https:\\\/\\\/akunq.net\\\/tr\\\/#\\\/schema\\\/person\\\/096f1d38a12cce57fb855b485ed24c9e\"},\"breadcrumb\":{\"@id\":\"https:\\\/\\\/akunq.net\\\/tr\\\/?p=63354#breadcrumb\"},\"inLanguage\":\"en-US\",\"potentialAction\":[{\"@type\":\"ReadAction\",\"target\":[\"https:\\\/\\\/akunq.net\\\/tr\\\/?p=63354\"]}]},{\"@type\":\"ImageObject\",\"inLanguage\":\"en-US\",\"@id\":\"https:\\\/\\\/akunq.net\\\/tr\\\/?p=63354#primaryimage\",\"url\":\"https:\\\/\\\/akunq.net\\\/tr\\\/wp-content\\\/uploads\\\/sites\\\/6\\\/2021\\\/06\\\/Arat-Dink.jpg\",\"contentUrl\":\"https:\\\/\\\/akunq.net\\\/tr\\\/wp-content\\\/uploads\\\/sites\\\/6\\\/2021\\\/06\\\/Arat-Dink.jpg\",\"width\":768,\"height\":461},{\"@type\":\"BreadcrumbList\",\"@id\":\"https:\\\/\\\/akunq.net\\\/tr\\\/?p=63354#breadcrumb\",\"itemListElement\":[{\"@type\":\"ListItem\",\"position\":1,\"name\":\"Home\",\"item\":\"https:\\\/\\\/akunq.net\\\/tr\"},{\"@type\":\"ListItem\",\"position\":2,\"name\":\"\u00d6rg\u00fctl\u00fc sessizlik\"}]},{\"@type\":\"WebSite\",\"@id\":\"https:\\\/\\\/akunq.net\\\/tr\\\/#website\",\"url\":\"https:\\\/\\\/akunq.net\\\/tr\\\/\",\"name\":\"Bati Ermenistan Ve Bati Ermenileri Sorunlari Ara\u015ftirmalar Merkezi\",\"description\":\"\",\"potentialAction\":[{\"@type\":\"SearchAction\",\"target\":{\"@type\":\"EntryPoint\",\"urlTemplate\":\"https:\\\/\\\/akunq.net\\\/tr\\\/?s={search_term_string}\"},\"query-input\":{\"@type\":\"PropertyValueSpecification\",\"valueRequired\":true,\"valueName\":\"search_term_string\"}}],\"inLanguage\":\"en-US\"},{\"@type\":\"Person\",\"@id\":\"https:\\\/\\\/akunq.net\\\/tr\\\/#\\\/schema\\\/person\\\/096f1d38a12cce57fb855b485ed24c9e\",\"name\":\"admin\",\"url\":\"https:\\\/\\\/akunq.net\\\/tr\\\/?author=7\"}]}<\/script>\n<!-- \/ Yoast SEO plugin. -->","yoast_head_json":{"title":"\u00d6rg\u00fctl\u00fc sessizlik - Bati Ermenistan Ve Bati Ermenileri Sorunlari Ara\u015ftirmalar Merkezi","robots":{"index":"index","follow":"follow","max-snippet":"max-snippet:-1","max-image-preview":"max-image-preview:large","max-video-preview":"max-video-preview:-1"},"canonical":"https:\/\/akunq.net\/tr\/?p=63354","og_locale":"en_US","og_type":"article","og_title":"\u00d6rg\u00fctl\u00fc sessizlik - Bati Ermenistan Ve Bati Ermenileri Sorunlari Ara\u015ftirmalar Merkezi","og_description":"Arat Dink\u00a0 Zeki Tekiner, d\u00f6rt ay \u00f6nce ba\u015fka bir silahl\u0131 sald\u0131r\u0131dan \u015fans eseri \u00f6l\u00fcmc\u00fcl bir yara almadan kurtulmu\u015ftu. Vali\u2019yi olay\u0131n siyasi boyutu oldu\u011funa ikna edememi\u015flerdi. Dostlar\u0131 Nev\u015fehir\u2019den bir s\u00fcre uzakla\u015fmas\u0131n\u0131 istediler. O, \u201cBana Nev\u015fehirliden zarar gelmez\u201d dedi, kald\u0131. Su, tan\u0131d\u0131k ak\u0131yor, de\u011fil mi? \u201cBu memleketin kurban\u0131 olduk\u201d demi\u015f Zeki Tekiner, hastaneye birlikte geldikleri dostuna. O [&hellip;]","og_url":"https:\/\/akunq.net\/tr\/?p=63354","og_site_name":"Bati Ermenistan Ve Bati Ermenileri Sorunlari Ara\u015ftirmalar Merkezi","article_published_time":"2021-06-17T08:17:44+00:00","og_image":[{"width":768,"height":461,"url":"https:\/\/akunq.net\/tr\/wp-content\/uploads\/sites\/6\/2021\/06\/Arat-Dink.jpg","type":"image\/jpeg"}],"author":"admin","twitter_card":"summary_large_image","twitter_misc":{"Written by":"admin","Est. reading time":"8 minutes"},"schema":{"@context":"https:\/\/schema.org","@graph":[{"@type":"Article","@id":"https:\/\/akunq.net\/tr\/?p=63354#article","isPartOf":{"@id":"https:\/\/akunq.net\/tr\/?p=63354"},"author":{"name":"admin","@id":"https:\/\/akunq.net\/tr\/#\/schema\/person\/096f1d38a12cce57fb855b485ed24c9e"},"headline":"\u00d6rg\u00fctl\u00fc sessizlik","datePublished":"2021-06-17T08:17:44+00:00","mainEntityOfPage":{"@id":"https:\/\/akunq.net\/tr\/?p=63354"},"wordCount":1567,"commentCount":0,"image":{"@id":"https:\/\/akunq.net\/tr\/?p=63354#primaryimage"},"thumbnailUrl":"https:\/\/akunq.net\/tr\/wp-content\/uploads\/sites\/6\/2021\/06\/Arat-Dink.jpg","articleSection":["Haberler","Makaleler"],"inLanguage":"en-US","potentialAction":[{"@type":"CommentAction","name":"Comment","target":["https:\/\/akunq.net\/tr\/?p=63354#respond"]}]},{"@type":"WebPage","@id":"https:\/\/akunq.net\/tr\/?p=63354","url":"https:\/\/akunq.net\/tr\/?p=63354","name":"\u00d6rg\u00fctl\u00fc sessizlik - Bati Ermenistan Ve Bati Ermenileri Sorunlari Ara\u015ftirmalar Merkezi","isPartOf":{"@id":"https:\/\/akunq.net\/tr\/#website"},"primaryImageOfPage":{"@id":"https:\/\/akunq.net\/tr\/?p=63354#primaryimage"},"image":{"@id":"https:\/\/akunq.net\/tr\/?p=63354#primaryimage"},"thumbnailUrl":"https:\/\/akunq.net\/tr\/wp-content\/uploads\/sites\/6\/2021\/06\/Arat-Dink.jpg","datePublished":"2021-06-17T08:17:44+00:00","author":{"@id":"https:\/\/akunq.net\/tr\/#\/schema\/person\/096f1d38a12cce57fb855b485ed24c9e"},"breadcrumb":{"@id":"https:\/\/akunq.net\/tr\/?p=63354#breadcrumb"},"inLanguage":"en-US","potentialAction":[{"@type":"ReadAction","target":["https:\/\/akunq.net\/tr\/?p=63354"]}]},{"@type":"ImageObject","inLanguage":"en-US","@id":"https:\/\/akunq.net\/tr\/?p=63354#primaryimage","url":"https:\/\/akunq.net\/tr\/wp-content\/uploads\/sites\/6\/2021\/06\/Arat-Dink.jpg","contentUrl":"https:\/\/akunq.net\/tr\/wp-content\/uploads\/sites\/6\/2021\/06\/Arat-Dink.jpg","width":768,"height":461},{"@type":"BreadcrumbList","@id":"https:\/\/akunq.net\/tr\/?p=63354#breadcrumb","itemListElement":[{"@type":"ListItem","position":1,"name":"Home","item":"https:\/\/akunq.net\/tr"},{"@type":"ListItem","position":2,"name":"\u00d6rg\u00fctl\u00fc sessizlik"}]},{"@type":"WebSite","@id":"https:\/\/akunq.net\/tr\/#website","url":"https:\/\/akunq.net\/tr\/","name":"Bati Ermenistan Ve Bati Ermenileri Sorunlari Ara\u015ftirmalar Merkezi","description":"","potentialAction":[{"@type":"SearchAction","target":{"@type":"EntryPoint","urlTemplate":"https:\/\/akunq.net\/tr\/?s={search_term_string}"},"query-input":{"@type":"PropertyValueSpecification","valueRequired":true,"valueName":"search_term_string"}}],"inLanguage":"en-US"},{"@type":"Person","@id":"https:\/\/akunq.net\/tr\/#\/schema\/person\/096f1d38a12cce57fb855b485ed24c9e","name":"admin","url":"https:\/\/akunq.net\/tr\/?author=7"}]}},"_links":{"self":[{"href":"https:\/\/akunq.net\/tr\/index.php?rest_route=\/wp\/v2\/posts\/63354","targetHints":{"allow":["GET"]}}],"collection":[{"href":"https:\/\/akunq.net\/tr\/index.php?rest_route=\/wp\/v2\/posts"}],"about":[{"href":"https:\/\/akunq.net\/tr\/index.php?rest_route=\/wp\/v2\/types\/post"}],"author":[{"embeddable":true,"href":"https:\/\/akunq.net\/tr\/index.php?rest_route=\/wp\/v2\/users\/7"}],"replies":[{"embeddable":true,"href":"https:\/\/akunq.net\/tr\/index.php?rest_route=%2Fwp%2Fv2%2Fcomments&post=63354"}],"version-history":[{"count":1,"href":"https:\/\/akunq.net\/tr\/index.php?rest_route=\/wp\/v2\/posts\/63354\/revisions"}],"predecessor-version":[{"id":63356,"href":"https:\/\/akunq.net\/tr\/index.php?rest_route=\/wp\/v2\/posts\/63354\/revisions\/63356"}],"wp:featuredmedia":[{"embeddable":true,"href":"https:\/\/akunq.net\/tr\/index.php?rest_route=\/wp\/v2\/media\/63355"}],"wp:attachment":[{"href":"https:\/\/akunq.net\/tr\/index.php?rest_route=%2Fwp%2Fv2%2Fmedia&parent=63354"}],"wp:term":[{"taxonomy":"category","embeddable":true,"href":"https:\/\/akunq.net\/tr\/index.php?rest_route=%2Fwp%2Fv2%2Fcategories&post=63354"},{"taxonomy":"post_tag","embeddable":true,"href":"https:\/\/akunq.net\/tr\/index.php?rest_route=%2Fwp%2Fv2%2Ftags&post=63354"}],"curies":[{"name":"wp","href":"https:\/\/api.w.org\/{rel}","templated":true}]}}