{"id":63345,"date":"2021-06-17T02:48:37","date_gmt":"2021-06-17T07:48:37","guid":{"rendered":"https:\/\/akunq.net\/tr\/?p=63345"},"modified":"2021-06-17T02:48:37","modified_gmt":"2021-06-17T07:48:37","slug":"balyoz-davasi-basladigi-yere-dondu","status":"publish","type":"post","link":"https:\/\/akunq.net\/tr\/?p=63345","title":{"rendered":"Balyoz davas\u0131 ba\u015flad\u0131\u011f\u0131 yere d\u00f6nd\u00fc"},"content":{"rendered":"<p class=\"intro\"><em><strong>Yarg\u0131tay 16. Ceza Dairesi, Balyoz davas\u0131nda aras\u0131nda \u00c7etin Do\u011fan&#8217;\u0131n bulundu\u011fu 7 askere verilen beraat karar\u0131n\u0131 bozarken, yerel mahkeme taraf\u0131ndan &#8220;g\u00fcvenilir bulunmayan&#8221; dijital delillerin yeniden incelenmesini istedi.<\/strong><\/em><\/p>\n<div class=\"picBox full\"><a class=\"overlayLink init\" href=\"https:\/\/www.dw.com\/tr\/balyoz-davas%C4%B1-ba%C5%9Flad%C4%B1%C4%9F%C4%B1-yere-d%C3%B6nd%C3%BC\/a-57927062#\" rel=\"nofollow\"><img decoding=\"async\" title=\"T\u00fcrkei Fotoreportage Institutionen\" src=\"https:\/\/static.dw.com\/image\/50748950_303.jpg\" alt=\"T\u00fcrkei Fotoreportage Institutionen\" \/><\/a><\/div>\n<div class=\"group\">\n<div class=\"longText\">\n<p>Yarg\u0131tay 16. Ceza Dairesi, &#8220;kumpas&#8221; olarak g\u00f6r\u00fclen Balyoz Plan\u0131 davas\u0131n\u0131n sil ba\u015ftan g\u00f6r\u00fclmesine neden olacak bir karara imza att\u0131. Aras\u0131nda d\u00f6nemin Birinci Ordu Komutan\u0131 emekli Orgeneral \u00c7etin Do\u011fan&#8217;\u0131n bulundu\u011fu 7 ki\u015fiye verilen beraat karar\u0131n\u0131 bozan Yarg\u0131tay, bu ki\u015filerin &#8220;darbe su\u00e7u i\u00e7in anla\u015fma&#8221; maddesinden cezaland\u0131r\u0131lmas\u0131n\u0131 istedi. Yarg\u0131tay, yeniden yap\u0131lacak yarg\u0131lama s\u0131ras\u0131nda yerel mahkemenin &#8220;g\u00fcvenilir bulmayarak&#8221; h\u00fckme esas almad\u0131\u011f\u0131 &#8220;dijital delillerin&#8221; de denetlenmesini istedi.<\/p>\n<p>Yarg\u0131 i\u00e7erisindeki G\u00fclen yap\u0131lanmas\u0131 taraf\u0131ndan T\u00fcrk Silahl\u0131 Kuvvetleri&#8217;ne &#8220;kumpas kurmak&#8221; amac\u0131yla a\u00e7\u0131ld\u0131\u011f\u0131 mahkeme kararlar\u0131na giren Balyoz davas\u0131nda san\u0131k askerlerin avukatlar\u0131, yarg\u0131lama boyunca dijital verilerin sahte oldu\u011funu iddia etmi\u015fti. Ancak o d\u00f6nemki mahkeme, bunu dikkate almam\u0131\u015f ve san\u0131k askerleri h\u00fck\u00fcmeti devirmeye te\u015febb\u00fcs su\u00e7undan mahk\u00fbm etmi\u015fti. \u0130ktidar ile G\u00fclen cemaatinin aras\u0131n\u0131n a\u00e7\u0131lmas\u0131na neden 17 Aral\u0131k s\u00fcrecinin ard\u0131ndan davaya bakan Anayasa Mahkemesi, Balyoz davas\u0131nda verilen mahk\u00fbmiyet karar\u0131na ili\u015fkin 2014 y\u0131l\u0131nda ihlal karar\u0131 vermi\u015f, &#8220;dijital delillerin g\u00fcvenirlili\u011fi&#8221; konusunda savunman\u0131n iddialar\u0131n\u0131n yok say\u0131lmas\u0131n\u0131 adil yarg\u0131lanma hakk\u0131na ayk\u0131r\u0131 bulmu\u015ftu.<\/p>\n<p>Yeniden ba\u015flayan davaya bakan \u0130stanbul Anadolu 4. A\u011f\u0131r Ceza Mahkemesi ise 31 Mart 2015 tarihinde aras\u0131nda \u00c7etin Do\u011fan&#8217;\u0131n bulundu\u011fu 7 san\u0131k hakk\u0131nda beraat karar\u0131 vermi\u015fti. &#8220;Dijital delillerin hi\u00e7 birinin g\u00fcvenilir&#8221; olmad\u0131\u011f\u0131na h\u00fckmeden mahkeme, bu nedenle bu delilerin h\u00fckme esas al\u0131namayaca\u011f\u0131n\u0131 kaydetmi\u015fti.<\/p>\n<h2>Yarg\u0131tay beraati bozdu, 12 y\u0131la kadar hapis istedi<\/h2>\n<p>Savc\u0131l\u0131\u011f\u0131n temyiz istemini g\u00f6r\u00fc\u015fen Yarg\u0131tay 16. Ceza Dairesi ise davada verilen beraat karar\u0131n\u0131 bozdu. Daire, \u00c7etin Do\u011fan&#8217;\u0131n aras\u0131nda bulundu\u011fu 7 san\u0131\u011f\u0131n eyleminin T\u00fcrk Ceza Yasas\u0131&#8217;n\u0131n &#8220;su\u00e7 i\u00e7in anla\u015fma&#8221; ba\u015fl\u0131kl\u0131 316. maddesi uyar\u0131nca 3 y\u0131ldan 12 y\u0131la kadar hapisle yarg\u0131lanmalar\u0131 gerekti\u011fini belirtti.<\/p>\n<p>Kararda, san\u0131klar\u0131n, plan seminerine ili\u015fkin &#8220;olas\u0131l\u0131\u011f\u0131 en y\u00fcksek tehlikeli senaryo&#8221;nun i\u00e7eri\u011finden ayr\u0131larak demokratik se\u00e7imlerle i\u015f ba\u015f\u0131na gelmi\u015f me\u015fru AKP h\u00fck\u00fcmetinin g\u00f6revine cebren son vermek i\u00e7in 05-07 Mart 2003 tarihlerinde d\u00fczenli olarak topland\u0131klar\u0131 savunuldu.<\/p>\n<p>San\u0131klar\u0131n, Genelkurmay Ba\u015fkan\u0131 ve kuvvet komutanlar\u0131 vas\u0131tas\u0131yla h\u00fckumetin tehdit ettirilmesi, Milli Mutabakat H\u00fckumeti kurulmas\u0131, \u00f6ncesi ve sonras\u0131yla bu neticeye ula\u015ft\u0131racak organizasyon ve planlamalar \u00fczerinde anla\u015ft\u0131klar\u0131 iddia edildi.<\/p>\n<h2>&#8220;Su\u00e7un icras\u0131na ba\u015flayamad\u0131lar&#8221;<\/h2>\n<p>Fakat bu ittifak\u0131n fark\u0131na var\u0131lmas\u0131 \u00fczerine bir k\u0131sm\u0131n\u0131n emeklili\u011fini istedi\u011fi, bir k\u0131sm\u0131n\u0131n da askeri \u015furada emekli edildi\u011fini anlat\u0131lan kararda, h\u00fck\u00fcmeti devirmeye te\u015febb\u00fcs su\u00e7u y\u00f6n\u00fcnden san\u0131klar\u0131n kast\u0131n\u0131n \u015f\u00fcpheye yer b\u0131rakmayacak i\u00e7imde ortaya \u00e7\u0131kt\u0131\u011f\u0131 belirtildi. Buna kar\u015f\u0131n san\u0131klar\u0131n davran\u0131\u015flar\u0131n\u0131n, su\u00e7lar\u0131n &#8220;do\u011frudan do\u011fruya icras\u0131na ba\u015flad\u0131klar\u0131n\u0131n kabul\u00fcn\u00fc m\u00fcmk\u00fcn k\u0131lan a\u015famaya m\u00fcncer olmad\u0131\u011f\u0131\/olamad\u0131\u011f\u0131&#8221;n\u0131n a\u00e7\u0131k oldu\u011fu savunulan kararda, bu nedenle ama\u00e7 su\u00e7lar bak\u0131m\u0131ndan san\u0131klar\u0131n eylemleri te\u015febb\u00fcs a\u015famas\u0131na ula\u015fmayan haz\u0131rl\u0131k hareketleri kapsam\u0131nda de\u011ferlendirilece\u011fi kaydedildi.<\/p>\n<p>Kararda, su\u00e7un nitelemesine ili\u015fkin \u015fu de\u011ferlendirme yap\u0131ld\u0131:<\/p>\n<p>&#8220;Fakat dosya kapsam\u0131, san\u0131klar taraf\u0131ndan da varl\u0131\u011f\u0131 kabul edilen mezkur seminer \u00e7al\u0131\u015fmas\u0131nda, yine san\u0131klar taraf\u0131ndan ger\u00e7ekle\u015ftirildi\u011fi kabul edilen ses kay\u0131tlar\u0131, \u00f6zellikle somut yer ve ki\u015filer belirtilmek suretiyle milli mutabakat h\u00fckumeti kurulmas\u0131, y\u00f6netimin devral\u0131nmas\u0131, iktidar partisine mensup belediye ba\u015fkanlar\u0131, siyaset\u00e7iler ve bir k\u0131s\u0131m y\u00f6neticilerin bu \u00e7er\u00e7evede toplan\u0131p g\u00f6zalt\u0131na al\u0131narak tutuklanaca\u011f\u0131na y\u00f6nelik konu\u015fma i\u00e7erikleri, plan seminerinin hukuki dayana\u011f\u0131 ile icra \u015fekline ili\u015fkin kurumsal belgeler dikkate al\u0131nd\u0131\u011f\u0131nda san\u0131klar\u0131n fikir birli\u011fi i\u00e7erisinde vukuu bulan eylemlerinin unsurlar\u0131 itibariyle 765 say\u0131l\u0131 T\u00fcrk Ceza Kanunun 171. maddesinde ve bunun kar\u015f\u0131l\u0131\u011f\u0131 olan 01\/06\/2005 tarihinde y\u00fcr\u00fcrl\u00fc\u011fe giren 5237 say\u0131l\u0131 T\u00fcrk Ceza Kanunun 316. maddesinde d\u00fczenlenen su\u00e7u olu\u015fturdu\u011fu nazara al\u0131nmal\u0131d\u0131r.&#8221;<\/p>\n<h2>&#8220;Su\u00e7tan \u00e7ekilme h\u00fckm\u00fc uygulanamaz&#8221;<\/h2>\n<p>Ancak kararda, san\u0131klar\u0131n su\u00e7tan \u00e7ekildiklerine dair &#8220;savunma, delil, somut olgu veya davran\u0131\u015f\u0131 belirlenemeyen san\u0131klardan, ittifak\u0131n fark\u0131na var\u0131lmas\u0131 \u00fczerine, bir k\u0131sm\u0131n\u0131n emeklili\u011fini istedi\u011fi, bir k\u0131sm\u0131n\u0131n da Askeri \u015eura&#8217;da re&#8217;sen emekli edildi\u011finin anla\u015f\u0131lmas\u0131 kar\u015f\u0131s\u0131nda san\u0131klar hakk\u0131nda TCK&#8217;n\u0131n 316\/2. maddesindeki ama\u00e7lanan su\u00e7 i\u015flenmeden veya anla\u015fma dolay\u0131s\u0131yla soru\u015fturmaya ba\u015flanmadan \u00f6nce bu ittifaktan \u00e7ekilenlere ceza verilmez&#8221; h\u00fckm\u00fcn\u00fcn uygulanmayaca\u011f\u0131 belirtildi.<\/p>\n<p>Kararda, &#8220;AYM&#8217;nin adil yarg\u0131lanma hakk\u0131n\u0131n ihlal edildi\u011fine ili\u015fkin belirtilen karar\u0131na konu olmayan olas\u0131l\u0131\u011f\u0131 en y\u00fcksek tehlikeli senaryonun esas itibariyle s\u00fcbutunda tart\u0131\u015fma bulunmad\u0131\u011f\u0131&#8221; iddia edildi. Duru\u015fmada plan seminerine ili\u015fkin ses kay\u0131tlar\u0131n\u0131n san\u0131klar taraf\u0131ndan do\u011fruland\u0131\u011f\u0131 ve dosyaya plan seminerinin hukuki dayana\u011f\u0131 ve icra \u015fekline ili\u015fkin kurumsal belgeler girdi\u011fine i\u015faret edilen kararda, &#8220;olgu ve i\u00e7eri\u011finde tart\u0131\u015fma bulunmayan bu somut delillerin maddi meselenin s\u00fcbutu i\u00e7in yeterli, g\u00fcvenilir ve denetlenebilir oldu\u011funun kabul\u00fc gerekir&#8221; denildi.<\/p>\n<h2>&#8220;Dijital deliller tart\u0131\u015f\u0131ls\u0131n&#8221;<\/h2>\n<p>Yarg\u0131tay, bozma karar\u0131nda yerel mahkemenin &#8220;g\u00fcvenilir bulmad\u0131\u011f\u0131&#8221; dijital verilerin hukuka ayk\u0131r\u0131 \u00fcretilip \u00fcretilmedi\u011fi konusunun denetlenmesini isterken &#8220;kategorik olarak delil de\u011feri ta\u015f\u0131mad\u0131klar\u0131 y\u00f6n\u00fcndeki kabulde isabet olmad\u0131\u011f\u0131n\u0131&#8221; savundu. Daire, bu konuda &#8220;Somut dava y\u00f6n\u00fcnden, soru\u015fturma ve kovu\u015fturma safahat\u0131nda g\u00f6rev alm\u0131\u015f bir k\u0131s\u0131m \u015fah\u0131slar\u0131n \u00f6zellikle dijital delillerle ilgili olarak tespit edilmi\u015fse sorumluluklar\u0131n\u0131n gere\u011fine tevess\u00fcl edilmesi ne denli hukukun gere\u011fi ise, bu durumun san\u0131klar\u0131n sorumluluklar\u0131n\u0131 perdelemesine izin vermemek de ayn\u0131 gereklili\u011fin sonucudur&#8221; de\u011ferlendirmesini yapt\u0131.<\/p>\n<p>\u00d6te yandan Yarg\u0131tay, davada tan\u0131k olarak dinlenmeyen d\u00f6nemin Genelkurmay Ba\u015fkan\u0131 Hilmi \u00d6zk\u00f6k ile Kara Kuvvetleri Komutan\u0131 Ayta\u00e7 Yalman&#8217;\u0131n da dinlenmesini istedi. Ancak Ayta\u00e7 Yalman 2020&#8217;de hayat\u0131n\u0131 kaybetmi\u015fti.<\/p>\n<h2>&#8220;K\u0131r\u0131lgan demokrasi&#8221;<\/h2>\n<p>Gerek ter\u00f6rle m\u00fccadelenin gerekse darbe yarg\u0131lamalar\u0131n\u0131n mahiyetinden kaynaklanan g\u00fc\u00e7l\u00fcklerinin oldu\u011fu belirtilen kararda, &#8220;Ba\u015far\u0131ya ula\u015fm\u0131\u015f bir darbenin yarg\u0131lanmas\u0131 ne denli g\u00fc\u00e7 ise icras\u0131na ba\u015flanm\u0131\u015f bir darbenin ba\u015far\u0131l\u0131 olamama ihtimalinde bile korunan de\u011ferlere, anayasal demokratik d\u00fczene verdi\u011fi zararlar tecr\u00fcbe edilmi\u015f ger\u00e7eklerdir. Bu nedenlerle kanun vaz\u0131\u0131, temel ilkeden ayr\u0131larak say\u0131l\u0131 su\u00e7lar y\u00f6n\u00fcnden haz\u0131rl\u0131k hareketlerini de cezaland\u0131rma yoluna gitmi\u015ftir. Niteli\u011fi gere\u011fi cezaland\u0131r\u0131lan bu hareketlerle ilgili elde edilen hukuka uygun ve yeterli delillerin de\u011ferlendirilmesinde de ayn\u0131 hassasiyetin korunmas\u0131 gerekir. Aksi halde yeterince k\u00f6k salamayan k\u0131r\u0131lgan demokrasilerin, her defas\u0131nda ayn\u0131 \u015fans\u0131 bulamayabilece\u011fi g\u00f6z ard\u0131 edilmemelidir&#8221; ifadeleri kullan\u0131ld\u0131.<\/p>\n<div class=\"picBox medium\n\"><a class=\"overlayLink init\" href=\"https:\/\/www.dw.com\/tr\/balyoz-davas%C4%B1-ba%C5%9Flad%C4%B1%C4%9F%C4%B1-yere-d%C3%B6nd%C3%BC\/a-57927062#\" rel=\"nofollow\"><img decoding=\"async\" title=\"\u00c7etin Do\u011fan'\u0131n avukat\u0131 H\u00fcseyin Ers\u00f6z\" src=\"https:\/\/static.dw.com\/image\/16995222_404.jpg\" alt=\"\u00c7etin Do\u011fan'\u0131n avukat\u0131 H\u00fcseyin Ers\u00f6z\" \/><\/a><em>\u00c7etin Do\u011fan&#8217;\u0131n avukat\u0131 H\u00fcseyin Ers\u00f6z<\/em><\/p>\n<\/div>\n<h2>Avukat Ers\u00f6z: Hukuku ger\u00e7eklikten kopuk<\/h2>\n<p>DW T\u00fcrk\u00e7e&#8217;ye konu\u015fan \u00c7etin Do\u011fan&#8217;\u0131n avukat\u0131 H\u00fcseyin Ers\u00f6z de Yarg\u0131tay&#8217;\u0131n de\u011ferlendirmelerinin &#8220;somut, hukuki ve fiili ger\u00e7eklikten kopuk ve varsay\u0131msal oldu\u011funu&#8221; kaydetti. \u0130stanbul Anadolu 4. A\u011f\u0131r Ceza Mahkemesi taraf\u0131ndan yapt\u0131r\u0131lan bilirki\u015fi incelemelerinde s\u00f6z konusu su\u00e7lamalar\u0131n\u0131n hi\u00e7bir hukuki ge\u00e7erlili\u011finin olmad\u0131\u011f\u0131n\u0131n somut olarak tespit edildi\u011fini ifade eden Ers\u00f6z, \u015f\u00f6yle konu\u015ftu:<\/p>\n<p>&#8220;Ortada dijital dok\u00fcmanlara dayanan bir darbe iddias\u0131 bu raporlarla kalmad\u0131\u011f\u0131 gibi darbeye y\u00f6nelik su\u00e7 i\u00e7in anla\u015fma fiilinin de bulunmayaca\u011f\u0131 a\u00e7\u0131kt\u0131r. \u00c7\u00fcnk\u00fc m\u00fclga TCK 171. Maddesinde \u00e7ok a\u00e7\u0131k ve net olarak gizli ittifaktan bahsedilmektedir. Bu \u00e7er\u00e7evede y\u00fczlerce ki\u015finin kat\u0131ld\u0131\u011f\u0131 bir plan seminerinde sadece yedi ki\u015finin yapm\u0131\u015f oldu\u011fu konu\u015fmalar\u0131 temel alarak bu su\u00e7un gizli bir ittifak \u00e7er\u00e7evesinde i\u015flendi\u011fini ileri s\u00fcrmek hukuki olmad\u0131\u011f\u0131 kadar mant\u0131k d\u0131\u015f\u0131 olan bir yorumdur. Bu sebeple Yarg\u0131tay&#8217;\u0131n karar\u0131 her y\u00f6n\u00fcyle hukuki zeminden yoksun maddi ger\u00e7ekten de kopuktur.&#8221;<\/p>\n<p>Ers\u00f6z, Yarg\u0131tay&#8217;\u0131n dijital delillerle ilgili yapt\u0131\u011f\u0131 yorumun \u00e7ok vahim oldu\u011funu belirterek &#8220;Zira karardaki de\u011ferlendirmeler beraatle neticelendirip haklar\u0131ndaki karar kesinle\u015fmi\u015f olan san\u0131klar y\u00f6n\u00fcyle de bir su\u00e7 atf\u0131 olu\u015fturabilecek de\u011ferlendirmeler bar\u0131nd\u0131rmaktad\u0131r. Bu karar\u0131n gerisinde siyasi konjekt\u00f6re g\u00f6re de\u011ferlendirmeler bar\u0131nd\u0131ran bir mahiyete sahip oldu\u011fu kanaatindeyim&#8221; dedi.<\/p>\n<h2>&#8220;Komployu kuranlar\u0131 sevindirecek&#8221;<\/h2>\n<p>Bu karardan en \u00e7ok sevinecek olanlar\u0131n &#8220;Balyoz komplosunu tasarlayan, hayata ge\u00e7iren ve kamuoyu alg\u0131s\u0131n\u0131 y\u00f6nlendiren ki\u015filer olaca\u011f\u0131n\u0131&#8221; dile getiren Ers\u00f6z, &#8220;\u00c7\u00fcnk\u00fc bu karar tam da 2011 senesinde bu komplonun ortaya at\u0131ld\u0131\u011f\u0131 d\u00f6nemdeki iddialar\u0131 da tekrar g\u00fcndeme getirecek ve san\u0131klar hakk\u0131nda verilmi\u015f olan beraat kararlar\u0131 \u00fczerine \u015faibe d\u00fc\u015f\u00fcrecek de\u011ferlendirmeler i\u00e7ermektedir. Bu y\u00f6n\u00fcyle de vahimdir&#8221; de\u011ferlendirmesini yapt\u0131.<\/p>\n<p><em><strong>Alican Uluda\u011f<\/strong><\/em><\/p>\n<p><em><strong>\u00a9 Deutsche Welle T\u00fcrk\u00e7e<\/strong><\/em><\/p>\n<p><em><strong>https:\/\/www.dw.com\/tr\/balyoz-davas%C4%B1-ba%C5%9Flad%C4%B1%C4%9F%C4%B1-yere-d%C3%B6nd%C3%BC\/a-57927062\u00a0<\/strong><\/em><\/p>\n<\/div>\n<\/div>\n","protected":false},"excerpt":{"rendered":"<p>Yarg\u0131tay 16. Ceza Dairesi, Balyoz davas\u0131nda aras\u0131nda \u00c7etin Do\u011fan&#8217;\u0131n bulundu\u011fu 7 askere verilen beraat karar\u0131n\u0131 bozarken, yerel mahkeme taraf\u0131ndan &#8220;g\u00fcvenilir bulunmayan&#8221; dijital delillerin yeniden incelenmesini istedi. Yarg\u0131tay 16. Ceza Dairesi, &#8220;kumpas&#8221; olarak g\u00f6r\u00fclen Balyoz Plan\u0131 davas\u0131n\u0131n sil ba\u015ftan g\u00f6r\u00fclmesine neden olacak bir karara imza att\u0131. Aras\u0131nda d\u00f6nemin Birinci Ordu Komutan\u0131 emekli Orgeneral \u00c7etin Do\u011fan&#8217;\u0131n bulundu\u011fu [&hellip;]<\/p>\n","protected":false},"author":7,"featured_media":63346,"comment_status":"open","ping_status":"open","sticky":false,"template":"","format":"standard","meta":{"footnotes":""},"categories":[1],"tags":[],"class_list":["post-63345","post","type-post","status-publish","format-standard","has-post-thumbnail","hentry","category-haberler"],"yoast_head":"<!-- This site is optimized with the Yoast SEO plugin v27.4 - https:\/\/yoast.com\/product\/yoast-seo-wordpress\/ -->\n<title>Balyoz davas\u0131 ba\u015flad\u0131\u011f\u0131 yere d\u00f6nd\u00fc - Bati Ermenistan Ve Bati Ermenileri Sorunlari Ara\u015ftirmalar Merkezi<\/title>\n<meta name=\"robots\" content=\"index, follow, max-snippet:-1, max-image-preview:large, max-video-preview:-1\" \/>\n<link rel=\"canonical\" href=\"https:\/\/akunq.net\/tr\/?p=63345\" \/>\n<meta property=\"og:locale\" content=\"en_US\" \/>\n<meta property=\"og:type\" content=\"article\" \/>\n<meta property=\"og:title\" content=\"Balyoz davas\u0131 ba\u015flad\u0131\u011f\u0131 yere d\u00f6nd\u00fc - Bati Ermenistan Ve Bati Ermenileri Sorunlari Ara\u015ftirmalar Merkezi\" \/>\n<meta property=\"og:description\" content=\"Yarg\u0131tay 16. Ceza Dairesi, Balyoz davas\u0131nda aras\u0131nda \u00c7etin Do\u011fan&#8217;\u0131n bulundu\u011fu 7 askere verilen beraat karar\u0131n\u0131 bozarken, yerel mahkeme taraf\u0131ndan &#8220;g\u00fcvenilir bulunmayan&#8221; dijital delillerin yeniden incelenmesini istedi. Yarg\u0131tay 16. Ceza Dairesi, &#8220;kumpas&#8221; olarak g\u00f6r\u00fclen Balyoz Plan\u0131 davas\u0131n\u0131n sil ba\u015ftan g\u00f6r\u00fclmesine neden olacak bir karara imza att\u0131. Aras\u0131nda d\u00f6nemin Birinci Ordu Komutan\u0131 emekli Orgeneral \u00c7etin Do\u011fan&#8217;\u0131n bulundu\u011fu [&hellip;]\" \/>\n<meta property=\"og:url\" content=\"https:\/\/akunq.net\/tr\/?p=63345\" \/>\n<meta property=\"og:site_name\" content=\"Bati Ermenistan Ve Bati Ermenileri Sorunlari Ara\u015ftirmalar Merkezi\" \/>\n<meta property=\"article:published_time\" content=\"2021-06-17T07:48:37+00:00\" \/>\n<meta property=\"og:image\" content=\"https:\/\/akunq.net\/tr\/wp-content\/uploads\/sites\/6\/2021\/06\/Yarg\u0131tay-16.-Ceza-Dairesi.jpg\" \/>\n\t<meta property=\"og:image:width\" content=\"700\" \/>\n\t<meta property=\"og:image:height\" content=\"394\" \/>\n\t<meta property=\"og:image:type\" content=\"image\/jpeg\" \/>\n<meta name=\"author\" content=\"admin\" \/>\n<meta name=\"twitter:card\" content=\"summary_large_image\" \/>\n<meta name=\"twitter:label1\" content=\"Written by\" \/>\n\t<meta name=\"twitter:data1\" content=\"admin\" \/>\n\t<meta name=\"twitter:label2\" content=\"Est. reading time\" \/>\n\t<meta name=\"twitter:data2\" content=\"8 minutes\" \/>\n<script type=\"application\/ld+json\" class=\"yoast-schema-graph\">{\"@context\":\"https:\\\/\\\/schema.org\",\"@graph\":[{\"@type\":\"Article\",\"@id\":\"https:\\\/\\\/akunq.net\\\/tr\\\/?p=63345#article\",\"isPartOf\":{\"@id\":\"https:\\\/\\\/akunq.net\\\/tr\\\/?p=63345\"},\"author\":{\"name\":\"admin\",\"@id\":\"https:\\\/\\\/akunq.net\\\/tr\\\/#\\\/schema\\\/person\\\/096f1d38a12cce57fb855b485ed24c9e\"},\"headline\":\"Balyoz davas\u0131 ba\u015flad\u0131\u011f\u0131 yere d\u00f6nd\u00fc\",\"datePublished\":\"2021-06-17T07:48:37+00:00\",\"mainEntityOfPage\":{\"@id\":\"https:\\\/\\\/akunq.net\\\/tr\\\/?p=63345\"},\"wordCount\":1600,\"commentCount\":0,\"image\":{\"@id\":\"https:\\\/\\\/akunq.net\\\/tr\\\/?p=63345#primaryimage\"},\"thumbnailUrl\":\"https:\\\/\\\/akunq.net\\\/tr\\\/wp-content\\\/uploads\\\/sites\\\/6\\\/2021\\\/06\\\/Yarg\u0131tay-16.-Ceza-Dairesi.jpg\",\"articleSection\":[\"Haberler\"],\"inLanguage\":\"en-US\",\"potentialAction\":[{\"@type\":\"CommentAction\",\"name\":\"Comment\",\"target\":[\"https:\\\/\\\/akunq.net\\\/tr\\\/?p=63345#respond\"]}]},{\"@type\":\"WebPage\",\"@id\":\"https:\\\/\\\/akunq.net\\\/tr\\\/?p=63345\",\"url\":\"https:\\\/\\\/akunq.net\\\/tr\\\/?p=63345\",\"name\":\"Balyoz davas\u0131 ba\u015flad\u0131\u011f\u0131 yere d\u00f6nd\u00fc - Bati Ermenistan Ve Bati Ermenileri Sorunlari Ara\u015ftirmalar Merkezi\",\"isPartOf\":{\"@id\":\"https:\\\/\\\/akunq.net\\\/tr\\\/#website\"},\"primaryImageOfPage\":{\"@id\":\"https:\\\/\\\/akunq.net\\\/tr\\\/?p=63345#primaryimage\"},\"image\":{\"@id\":\"https:\\\/\\\/akunq.net\\\/tr\\\/?p=63345#primaryimage\"},\"thumbnailUrl\":\"https:\\\/\\\/akunq.net\\\/tr\\\/wp-content\\\/uploads\\\/sites\\\/6\\\/2021\\\/06\\\/Yarg\u0131tay-16.-Ceza-Dairesi.jpg\",\"datePublished\":\"2021-06-17T07:48:37+00:00\",\"author\":{\"@id\":\"https:\\\/\\\/akunq.net\\\/tr\\\/#\\\/schema\\\/person\\\/096f1d38a12cce57fb855b485ed24c9e\"},\"breadcrumb\":{\"@id\":\"https:\\\/\\\/akunq.net\\\/tr\\\/?p=63345#breadcrumb\"},\"inLanguage\":\"en-US\",\"potentialAction\":[{\"@type\":\"ReadAction\",\"target\":[\"https:\\\/\\\/akunq.net\\\/tr\\\/?p=63345\"]}]},{\"@type\":\"ImageObject\",\"inLanguage\":\"en-US\",\"@id\":\"https:\\\/\\\/akunq.net\\\/tr\\\/?p=63345#primaryimage\",\"url\":\"https:\\\/\\\/akunq.net\\\/tr\\\/wp-content\\\/uploads\\\/sites\\\/6\\\/2021\\\/06\\\/Yarg\u0131tay-16.-Ceza-Dairesi.jpg\",\"contentUrl\":\"https:\\\/\\\/akunq.net\\\/tr\\\/wp-content\\\/uploads\\\/sites\\\/6\\\/2021\\\/06\\\/Yarg\u0131tay-16.-Ceza-Dairesi.jpg\",\"width\":700,\"height\":394},{\"@type\":\"BreadcrumbList\",\"@id\":\"https:\\\/\\\/akunq.net\\\/tr\\\/?p=63345#breadcrumb\",\"itemListElement\":[{\"@type\":\"ListItem\",\"position\":1,\"name\":\"Home\",\"item\":\"https:\\\/\\\/akunq.net\\\/tr\"},{\"@type\":\"ListItem\",\"position\":2,\"name\":\"Balyoz davas\u0131 ba\u015flad\u0131\u011f\u0131 yere d\u00f6nd\u00fc\"}]},{\"@type\":\"WebSite\",\"@id\":\"https:\\\/\\\/akunq.net\\\/tr\\\/#website\",\"url\":\"https:\\\/\\\/akunq.net\\\/tr\\\/\",\"name\":\"Bati Ermenistan Ve Bati Ermenileri Sorunlari Ara\u015ftirmalar Merkezi\",\"description\":\"\",\"potentialAction\":[{\"@type\":\"SearchAction\",\"target\":{\"@type\":\"EntryPoint\",\"urlTemplate\":\"https:\\\/\\\/akunq.net\\\/tr\\\/?s={search_term_string}\"},\"query-input\":{\"@type\":\"PropertyValueSpecification\",\"valueRequired\":true,\"valueName\":\"search_term_string\"}}],\"inLanguage\":\"en-US\"},{\"@type\":\"Person\",\"@id\":\"https:\\\/\\\/akunq.net\\\/tr\\\/#\\\/schema\\\/person\\\/096f1d38a12cce57fb855b485ed24c9e\",\"name\":\"admin\",\"url\":\"https:\\\/\\\/akunq.net\\\/tr\\\/?author=7\"}]}<\/script>\n<!-- \/ Yoast SEO plugin. -->","yoast_head_json":{"title":"Balyoz davas\u0131 ba\u015flad\u0131\u011f\u0131 yere d\u00f6nd\u00fc - Bati Ermenistan Ve Bati Ermenileri Sorunlari Ara\u015ftirmalar Merkezi","robots":{"index":"index","follow":"follow","max-snippet":"max-snippet:-1","max-image-preview":"max-image-preview:large","max-video-preview":"max-video-preview:-1"},"canonical":"https:\/\/akunq.net\/tr\/?p=63345","og_locale":"en_US","og_type":"article","og_title":"Balyoz davas\u0131 ba\u015flad\u0131\u011f\u0131 yere d\u00f6nd\u00fc - Bati Ermenistan Ve Bati Ermenileri Sorunlari Ara\u015ftirmalar Merkezi","og_description":"Yarg\u0131tay 16. Ceza Dairesi, Balyoz davas\u0131nda aras\u0131nda \u00c7etin Do\u011fan&#8217;\u0131n bulundu\u011fu 7 askere verilen beraat karar\u0131n\u0131 bozarken, yerel mahkeme taraf\u0131ndan &#8220;g\u00fcvenilir bulunmayan&#8221; dijital delillerin yeniden incelenmesini istedi. Yarg\u0131tay 16. Ceza Dairesi, &#8220;kumpas&#8221; olarak g\u00f6r\u00fclen Balyoz Plan\u0131 davas\u0131n\u0131n sil ba\u015ftan g\u00f6r\u00fclmesine neden olacak bir karara imza att\u0131. Aras\u0131nda d\u00f6nemin Birinci Ordu Komutan\u0131 emekli Orgeneral \u00c7etin Do\u011fan&#8217;\u0131n bulundu\u011fu [&hellip;]","og_url":"https:\/\/akunq.net\/tr\/?p=63345","og_site_name":"Bati Ermenistan Ve Bati Ermenileri Sorunlari Ara\u015ftirmalar Merkezi","article_published_time":"2021-06-17T07:48:37+00:00","og_image":[{"width":700,"height":394,"url":"https:\/\/akunq.net\/tr\/wp-content\/uploads\/sites\/6\/2021\/06\/Yarg\u0131tay-16.-Ceza-Dairesi.jpg","type":"image\/jpeg"}],"author":"admin","twitter_card":"summary_large_image","twitter_misc":{"Written by":"admin","Est. reading time":"8 minutes"},"schema":{"@context":"https:\/\/schema.org","@graph":[{"@type":"Article","@id":"https:\/\/akunq.net\/tr\/?p=63345#article","isPartOf":{"@id":"https:\/\/akunq.net\/tr\/?p=63345"},"author":{"name":"admin","@id":"https:\/\/akunq.net\/tr\/#\/schema\/person\/096f1d38a12cce57fb855b485ed24c9e"},"headline":"Balyoz davas\u0131 ba\u015flad\u0131\u011f\u0131 yere d\u00f6nd\u00fc","datePublished":"2021-06-17T07:48:37+00:00","mainEntityOfPage":{"@id":"https:\/\/akunq.net\/tr\/?p=63345"},"wordCount":1600,"commentCount":0,"image":{"@id":"https:\/\/akunq.net\/tr\/?p=63345#primaryimage"},"thumbnailUrl":"https:\/\/akunq.net\/tr\/wp-content\/uploads\/sites\/6\/2021\/06\/Yarg\u0131tay-16.-Ceza-Dairesi.jpg","articleSection":["Haberler"],"inLanguage":"en-US","potentialAction":[{"@type":"CommentAction","name":"Comment","target":["https:\/\/akunq.net\/tr\/?p=63345#respond"]}]},{"@type":"WebPage","@id":"https:\/\/akunq.net\/tr\/?p=63345","url":"https:\/\/akunq.net\/tr\/?p=63345","name":"Balyoz davas\u0131 ba\u015flad\u0131\u011f\u0131 yere d\u00f6nd\u00fc - Bati Ermenistan Ve Bati Ermenileri Sorunlari Ara\u015ftirmalar Merkezi","isPartOf":{"@id":"https:\/\/akunq.net\/tr\/#website"},"primaryImageOfPage":{"@id":"https:\/\/akunq.net\/tr\/?p=63345#primaryimage"},"image":{"@id":"https:\/\/akunq.net\/tr\/?p=63345#primaryimage"},"thumbnailUrl":"https:\/\/akunq.net\/tr\/wp-content\/uploads\/sites\/6\/2021\/06\/Yarg\u0131tay-16.-Ceza-Dairesi.jpg","datePublished":"2021-06-17T07:48:37+00:00","author":{"@id":"https:\/\/akunq.net\/tr\/#\/schema\/person\/096f1d38a12cce57fb855b485ed24c9e"},"breadcrumb":{"@id":"https:\/\/akunq.net\/tr\/?p=63345#breadcrumb"},"inLanguage":"en-US","potentialAction":[{"@type":"ReadAction","target":["https:\/\/akunq.net\/tr\/?p=63345"]}]},{"@type":"ImageObject","inLanguage":"en-US","@id":"https:\/\/akunq.net\/tr\/?p=63345#primaryimage","url":"https:\/\/akunq.net\/tr\/wp-content\/uploads\/sites\/6\/2021\/06\/Yarg\u0131tay-16.-Ceza-Dairesi.jpg","contentUrl":"https:\/\/akunq.net\/tr\/wp-content\/uploads\/sites\/6\/2021\/06\/Yarg\u0131tay-16.-Ceza-Dairesi.jpg","width":700,"height":394},{"@type":"BreadcrumbList","@id":"https:\/\/akunq.net\/tr\/?p=63345#breadcrumb","itemListElement":[{"@type":"ListItem","position":1,"name":"Home","item":"https:\/\/akunq.net\/tr"},{"@type":"ListItem","position":2,"name":"Balyoz davas\u0131 ba\u015flad\u0131\u011f\u0131 yere d\u00f6nd\u00fc"}]},{"@type":"WebSite","@id":"https:\/\/akunq.net\/tr\/#website","url":"https:\/\/akunq.net\/tr\/","name":"Bati Ermenistan Ve Bati Ermenileri Sorunlari Ara\u015ftirmalar Merkezi","description":"","potentialAction":[{"@type":"SearchAction","target":{"@type":"EntryPoint","urlTemplate":"https:\/\/akunq.net\/tr\/?s={search_term_string}"},"query-input":{"@type":"PropertyValueSpecification","valueRequired":true,"valueName":"search_term_string"}}],"inLanguage":"en-US"},{"@type":"Person","@id":"https:\/\/akunq.net\/tr\/#\/schema\/person\/096f1d38a12cce57fb855b485ed24c9e","name":"admin","url":"https:\/\/akunq.net\/tr\/?author=7"}]}},"_links":{"self":[{"href":"https:\/\/akunq.net\/tr\/index.php?rest_route=\/wp\/v2\/posts\/63345","targetHints":{"allow":["GET"]}}],"collection":[{"href":"https:\/\/akunq.net\/tr\/index.php?rest_route=\/wp\/v2\/posts"}],"about":[{"href":"https:\/\/akunq.net\/tr\/index.php?rest_route=\/wp\/v2\/types\/post"}],"author":[{"embeddable":true,"href":"https:\/\/akunq.net\/tr\/index.php?rest_route=\/wp\/v2\/users\/7"}],"replies":[{"embeddable":true,"href":"https:\/\/akunq.net\/tr\/index.php?rest_route=%2Fwp%2Fv2%2Fcomments&post=63345"}],"version-history":[{"count":1,"href":"https:\/\/akunq.net\/tr\/index.php?rest_route=\/wp\/v2\/posts\/63345\/revisions"}],"predecessor-version":[{"id":63347,"href":"https:\/\/akunq.net\/tr\/index.php?rest_route=\/wp\/v2\/posts\/63345\/revisions\/63347"}],"wp:featuredmedia":[{"embeddable":true,"href":"https:\/\/akunq.net\/tr\/index.php?rest_route=\/wp\/v2\/media\/63346"}],"wp:attachment":[{"href":"https:\/\/akunq.net\/tr\/index.php?rest_route=%2Fwp%2Fv2%2Fmedia&parent=63345"}],"wp:term":[{"taxonomy":"category","embeddable":true,"href":"https:\/\/akunq.net\/tr\/index.php?rest_route=%2Fwp%2Fv2%2Fcategories&post=63345"},{"taxonomy":"post_tag","embeddable":true,"href":"https:\/\/akunq.net\/tr\/index.php?rest_route=%2Fwp%2Fv2%2Ftags&post=63345"}],"curies":[{"name":"wp","href":"https:\/\/api.w.org\/{rel}","templated":true}]}}