{"id":63342,"date":"2021-06-17T01:34:49","date_gmt":"2021-06-17T06:34:49","guid":{"rendered":"https:\/\/akunq.net\/tr\/?p=63342"},"modified":"2021-06-17T01:34:49","modified_gmt":"2021-06-17T06:34:49","slug":"buldan-vakifli-koyunde-alevi-ermeni-ve-kurtlerin-kaderleri-ayni","status":"publish","type":"post","link":"https:\/\/akunq.net\/tr\/?p=63342","title":{"rendered":"Buldan Vak\u0131fl\u0131 K\u00f6y\u00fc\u2019nde: Alevi, Ermeni ve K\u00fcrtlerin kaderleri ayn\u0131"},"content":{"rendered":"<p><img loading=\"lazy\" decoding=\"async\" class=\"aligncenter size-medium wp-image-63343\" src=\"https:\/\/akunq.net\/tr\/wp-content\/uploads\/2021\/06\/Pervin-Buldan-360x233.jpeg\" alt=\"\" width=\"360\" height=\"233\" srcset=\"https:\/\/akunq.net\/tr\/wp-content\/uploads\/sites\/6\/2021\/06\/Pervin-Buldan-360x233.jpeg 360w, https:\/\/akunq.net\/tr\/wp-content\/uploads\/sites\/6\/2021\/06\/Pervin-Buldan-260x168.jpeg 260w, https:\/\/akunq.net\/tr\/wp-content\/uploads\/sites\/6\/2021\/06\/Pervin-Buldan-160x104.jpeg 160w, https:\/\/akunq.net\/tr\/wp-content\/uploads\/sites\/6\/2021\/06\/Pervin-Buldan.jpeg 510w\" sizes=\"auto, (max-width: 360px) 100vw, 360px\" \/><\/p>\n<p><em><strong>Vak\u0131fl\u0131 K\u00f6y\u00fc\u2019n\u00fc ziyaret eden HDP E\u015f Genel Ba\u015fkan\u0131 Pervin Buldan, \u201cHalklar, inan\u00e7lar mezhepler birbirine kutupla\u015ft\u0131r\u0131ld\u0131\u201d dedi.<\/strong><\/em><\/p>\n<p>Halklar\u0131n Demokratik Partisi (HDP) E\u015f Genel Ba\u015fkan\u0131 Pervin Buldan, HDP Kad\u0131n Meclisi\u2019nin \u201cKad\u0131n yoksullu\u011funa hay\u0131r\u201d bulu\u015fmalar\u0131 kapsam\u0131nda Hatay\u2019\u0131n \u0130skenderun il\u00e7esinde kad\u0131nlarla bir araya gelmesinin ard\u0131ndan beraberindekilerle birlikte Samanda\u011f\u2019a ge\u00e7ti.<\/p>\n<p>Buldan burada ilk olarak Hz. H\u0131z\u0131r Makam\u0131\u2019na ziyaret etti, yurtta\u015flardan bilgi ald\u0131. Buldan, \u00e7\u0131k\u0131\u015fta a\u00e7\u0131klama yapt\u0131.<\/p>\n<p><strong>\u201cBirlikte ba\u015faraca\u011f\u0131z\u201d<\/strong><\/p>\n<p>Hz. H\u0131z\u0131r Makam\u0131\u2019n\u0131n \u00fc\u00e7 dinin inan\u00e7 merkezi olmas\u0131 nedeniyle HDP\u2019nin fikriyat\u0131na yak\u0131n oldu\u011funu dile getiren Buldan, \u015f\u00f6yle dedi:<\/p>\n<p>\u201cBuray\u0131 T\u00fcrkiye halklar\u0131n\u0131n ortak m\u00fccadelesi, ortak ya\u015fam bi\u00e7imini konu alan bir ibadethane olarak ifade etmek isterim. Hatay ve Antakya da \u00f6yle.<\/p>\n<p>\u201cT\u00fcrkiye\u2019deki farkl\u0131 kesimlerin ve inan\u00e7lar\u0131n ortak ve bir arada ya\u015fad\u0131\u011f\u0131 bir kentteyiz. T\u00fcrkiye\u2019nin di\u011fer kentlerinde de halklar\u0131n ve inan\u00e7lar\u0131n bir arada ortak ya\u015famas\u0131n\u0131n demokrasinin olmazsa olmaz\u0131 oldu\u011funu s\u00f6yl\u00fcyoruz.<\/p>\n<p>\u201cHalklar, inan\u00e7lar mezhepler birbirine kutupla\u015ft\u0131r\u0131ld\u0131. Ama biz HDP olarak T\u00fcrkiye\u2019nin gelece\u011fini ve demokratik siyasetini T\u00fcrkiye halklar\u0131n\u0131n birlikte ya\u015fad\u0131\u011f\u0131 bir \u00fclkeyi in\u015fa ederek ancak ger\u00e7ekle\u015ftirece\u011fimize inan\u0131yoruz. Sava\u015flar\u0131n olmad\u0131\u011f\u0131, bar\u0131\u015f\u0131n hakim k\u0131l\u0131nd\u0131\u011f\u0131 bir T\u00fcrkiye\u2019yi yaratmak istiyoruz.<\/p>\n<p>\u201cAncak hem T\u00fcrkiye\u2019nin i\u00e7 meselelerinde hem de uluslararas\u0131 meselelerin T\u00fcrkiye toplumunun asla kabul etmedi\u011fi istemedi\u011fi geli\u015fmelere sahne oluyor. Bu da \u00fclkeyi y\u00f6netenlerin zihniyetinden kaynakl\u0131 bir durum. Biz HDP olarak elbette ki \u00fclkenin demokrasisi, gelece\u011fi, bar\u0131\u015f\u0131, hukuku i\u00e7in b\u00fcy\u00fck bir m\u00fccadele veriyoruz.<\/p>\n<p>\u201cBu m\u00fccadelemizi \u00fclkenin her yerinde s\u00f6ylemeye, yaymaya, geli\u015ftirmeye \u00e7al\u0131\u015f\u0131yoruz. Umut ediyor ve diliyoruz ki Antakya buna bir \u00f6rnek ve vesile olur. Bunun m\u00fccadelesini hep birlikte veriyoruz. Hep birlikte ba\u015faraca\u011f\u0131z.\u201d<\/p>\n<p><strong>\u201cOrtak m\u00fccadele yollar\u0131n\u0131 bulmal\u0131y\u0131z\u201d<\/strong><\/p>\n<p>Buldan ve beraberindekiler, daha sonra n\u00fcfusunun tamam\u0131 Ermenilerden olu\u015fan T\u00fcrkiye\u2019deki tek Ermeni k\u00f6y\u00fc olan Vak\u0131fl\u0131\u2019ya do\u011fru yola \u00e7\u0131kt\u0131.<\/p>\n<p>K\u00f6ydeki Ermeni Kilisesi ziyaret eden heyet, kilise g\u00f6revlileri ile sohbet edip mum yakt\u0131. Heyet sonras\u0131nda Vak\u0131fl\u0131 K\u00f6y\u00fc Kooperatifi\u2019nde yer alan kad\u0131nlarla bir araya geldi.<\/p>\n<p>Burada k\u0131sa bir konu\u015fma yapan Buldan, HDP\u2019nin bu \u00fclkede yok say\u0131lan t\u00fcm \u00f6teki kimlik ve inan\u00e7lar\u0131n partisi oldu\u011funu ifade etti. Buldan, \u201cAlevilerin, Ermenilerin, K\u00fcrtlerin kaderleri ayn\u0131. Ancak ortak m\u00fccadele ile birlikte ba\u015farman\u0131n yollar\u0131n\u0131 bulmal\u0131y\u0131z\u201d dedi.<\/p>\n<p><em><strong><a href=\"https:\/\/bianet.org\/bianet\/yasam\/245795-buldan-vakifli-koyu-nde-alevi-ermeni-ve-kurtlerin-kaderleri-ayni\">https:\/\/bianet.org\/bianet\/yasam\/245795-buldan-vakifli-koyu-nde-alevi-ermeni-ve-kurtlerin-kaderleri-ayni<\/a>\u00a0<\/strong><\/em><\/p>\n","protected":false},"excerpt":{"rendered":"<p>Vak\u0131fl\u0131 K\u00f6y\u00fc\u2019n\u00fc ziyaret eden HDP E\u015f Genel Ba\u015fkan\u0131 Pervin Buldan, \u201cHalklar, inan\u00e7lar mezhepler birbirine kutupla\u015ft\u0131r\u0131ld\u0131\u201d dedi. Halklar\u0131n Demokratik Partisi (HDP) E\u015f Genel Ba\u015fkan\u0131 Pervin Buldan, HDP Kad\u0131n Meclisi\u2019nin \u201cKad\u0131n yoksullu\u011funa hay\u0131r\u201d bulu\u015fmalar\u0131 kapsam\u0131nda Hatay\u2019\u0131n \u0130skenderun il\u00e7esinde kad\u0131nlarla bir araya gelmesinin ard\u0131ndan beraberindekilerle birlikte Samanda\u011f\u2019a ge\u00e7ti. Buldan burada ilk olarak Hz. H\u0131z\u0131r Makam\u0131\u2019na ziyaret etti, yurtta\u015flardan [&hellip;]<\/p>\n","protected":false},"author":7,"featured_media":63343,"comment_status":"open","ping_status":"open","sticky":false,"template":"","format":"standard","meta":{"footnotes":""},"categories":[1],"tags":[],"class_list":["post-63342","post","type-post","status-publish","format-standard","has-post-thumbnail","hentry","category-haberler"],"yoast_head":"<!-- This site is optimized with the Yoast SEO plugin v27.4 - https:\/\/yoast.com\/product\/yoast-seo-wordpress\/ -->\n<title>Buldan Vak\u0131fl\u0131 K\u00f6y\u00fc\u2019nde: Alevi, Ermeni ve K\u00fcrtlerin kaderleri ayn\u0131 - Bati Ermenistan Ve Bati Ermenileri Sorunlari Ara\u015ftirmalar Merkezi<\/title>\n<meta name=\"robots\" content=\"index, follow, max-snippet:-1, max-image-preview:large, max-video-preview:-1\" \/>\n<link rel=\"canonical\" href=\"https:\/\/akunq.net\/tr\/?p=63342\" \/>\n<meta property=\"og:locale\" content=\"en_US\" \/>\n<meta property=\"og:type\" content=\"article\" \/>\n<meta property=\"og:title\" content=\"Buldan Vak\u0131fl\u0131 K\u00f6y\u00fc\u2019nde: Alevi, Ermeni ve K\u00fcrtlerin kaderleri ayn\u0131 - Bati Ermenistan Ve Bati Ermenileri Sorunlari Ara\u015ftirmalar Merkezi\" \/>\n<meta property=\"og:description\" content=\"Vak\u0131fl\u0131 K\u00f6y\u00fc\u2019n\u00fc ziyaret eden HDP E\u015f Genel Ba\u015fkan\u0131 Pervin Buldan, \u201cHalklar, inan\u00e7lar mezhepler birbirine kutupla\u015ft\u0131r\u0131ld\u0131\u201d dedi. Halklar\u0131n Demokratik Partisi (HDP) E\u015f Genel Ba\u015fkan\u0131 Pervin Buldan, HDP Kad\u0131n Meclisi\u2019nin \u201cKad\u0131n yoksullu\u011funa hay\u0131r\u201d bulu\u015fmalar\u0131 kapsam\u0131nda Hatay\u2019\u0131n \u0130skenderun il\u00e7esinde kad\u0131nlarla bir araya gelmesinin ard\u0131ndan beraberindekilerle birlikte Samanda\u011f\u2019a ge\u00e7ti. Buldan burada ilk olarak Hz. H\u0131z\u0131r Makam\u0131\u2019na ziyaret etti, yurtta\u015flardan [&hellip;]\" \/>\n<meta property=\"og:url\" content=\"https:\/\/akunq.net\/tr\/?p=63342\" \/>\n<meta property=\"og:site_name\" content=\"Bati Ermenistan Ve Bati Ermenileri Sorunlari Ara\u015ftirmalar Merkezi\" \/>\n<meta property=\"article:published_time\" content=\"2021-06-17T06:34:49+00:00\" \/>\n<meta property=\"og:image\" content=\"https:\/\/akunq.net\/tr\/wp-content\/uploads\/sites\/6\/2021\/06\/Pervin-Buldan.jpeg\" \/>\n\t<meta property=\"og:image:width\" content=\"510\" \/>\n\t<meta property=\"og:image:height\" content=\"330\" \/>\n\t<meta property=\"og:image:type\" content=\"image\/jpeg\" \/>\n<meta name=\"author\" content=\"admin\" \/>\n<meta name=\"twitter:card\" content=\"summary_large_image\" \/>\n<meta name=\"twitter:label1\" content=\"Written by\" \/>\n\t<meta name=\"twitter:data1\" content=\"admin\" \/>\n\t<meta name=\"twitter:label2\" content=\"Est. reading time\" \/>\n\t<meta name=\"twitter:data2\" content=\"2 minutes\" \/>\n<script type=\"application\/ld+json\" class=\"yoast-schema-graph\">{\"@context\":\"https:\\\/\\\/schema.org\",\"@graph\":[{\"@type\":\"Article\",\"@id\":\"https:\\\/\\\/akunq.net\\\/tr\\\/?p=63342#article\",\"isPartOf\":{\"@id\":\"https:\\\/\\\/akunq.net\\\/tr\\\/?p=63342\"},\"author\":{\"name\":\"admin\",\"@id\":\"https:\\\/\\\/akunq.net\\\/tr\\\/#\\\/schema\\\/person\\\/096f1d38a12cce57fb855b485ed24c9e\"},\"headline\":\"Buldan Vak\u0131fl\u0131 K\u00f6y\u00fc\u2019nde: Alevi, Ermeni ve K\u00fcrtlerin kaderleri ayn\u0131\",\"datePublished\":\"2021-06-17T06:34:49+00:00\",\"mainEntityOfPage\":{\"@id\":\"https:\\\/\\\/akunq.net\\\/tr\\\/?p=63342\"},\"wordCount\":471,\"commentCount\":0,\"image\":{\"@id\":\"https:\\\/\\\/akunq.net\\\/tr\\\/?p=63342#primaryimage\"},\"thumbnailUrl\":\"https:\\\/\\\/akunq.net\\\/tr\\\/wp-content\\\/uploads\\\/sites\\\/6\\\/2021\\\/06\\\/Pervin-Buldan.jpeg\",\"articleSection\":[\"Haberler\"],\"inLanguage\":\"en-US\",\"potentialAction\":[{\"@type\":\"CommentAction\",\"name\":\"Comment\",\"target\":[\"https:\\\/\\\/akunq.net\\\/tr\\\/?p=63342#respond\"]}]},{\"@type\":\"WebPage\",\"@id\":\"https:\\\/\\\/akunq.net\\\/tr\\\/?p=63342\",\"url\":\"https:\\\/\\\/akunq.net\\\/tr\\\/?p=63342\",\"name\":\"Buldan Vak\u0131fl\u0131 K\u00f6y\u00fc\u2019nde: Alevi, Ermeni ve K\u00fcrtlerin kaderleri ayn\u0131 - Bati Ermenistan Ve Bati Ermenileri Sorunlari Ara\u015ftirmalar Merkezi\",\"isPartOf\":{\"@id\":\"https:\\\/\\\/akunq.net\\\/tr\\\/#website\"},\"primaryImageOfPage\":{\"@id\":\"https:\\\/\\\/akunq.net\\\/tr\\\/?p=63342#primaryimage\"},\"image\":{\"@id\":\"https:\\\/\\\/akunq.net\\\/tr\\\/?p=63342#primaryimage\"},\"thumbnailUrl\":\"https:\\\/\\\/akunq.net\\\/tr\\\/wp-content\\\/uploads\\\/sites\\\/6\\\/2021\\\/06\\\/Pervin-Buldan.jpeg\",\"datePublished\":\"2021-06-17T06:34:49+00:00\",\"author\":{\"@id\":\"https:\\\/\\\/akunq.net\\\/tr\\\/#\\\/schema\\\/person\\\/096f1d38a12cce57fb855b485ed24c9e\"},\"breadcrumb\":{\"@id\":\"https:\\\/\\\/akunq.net\\\/tr\\\/?p=63342#breadcrumb\"},\"inLanguage\":\"en-US\",\"potentialAction\":[{\"@type\":\"ReadAction\",\"target\":[\"https:\\\/\\\/akunq.net\\\/tr\\\/?p=63342\"]}]},{\"@type\":\"ImageObject\",\"inLanguage\":\"en-US\",\"@id\":\"https:\\\/\\\/akunq.net\\\/tr\\\/?p=63342#primaryimage\",\"url\":\"https:\\\/\\\/akunq.net\\\/tr\\\/wp-content\\\/uploads\\\/sites\\\/6\\\/2021\\\/06\\\/Pervin-Buldan.jpeg\",\"contentUrl\":\"https:\\\/\\\/akunq.net\\\/tr\\\/wp-content\\\/uploads\\\/sites\\\/6\\\/2021\\\/06\\\/Pervin-Buldan.jpeg\",\"width\":510,\"height\":330},{\"@type\":\"BreadcrumbList\",\"@id\":\"https:\\\/\\\/akunq.net\\\/tr\\\/?p=63342#breadcrumb\",\"itemListElement\":[{\"@type\":\"ListItem\",\"position\":1,\"name\":\"Home\",\"item\":\"https:\\\/\\\/akunq.net\\\/tr\"},{\"@type\":\"ListItem\",\"position\":2,\"name\":\"Buldan Vak\u0131fl\u0131 K\u00f6y\u00fc\u2019nde: Alevi, Ermeni ve K\u00fcrtlerin kaderleri ayn\u0131\"}]},{\"@type\":\"WebSite\",\"@id\":\"https:\\\/\\\/akunq.net\\\/tr\\\/#website\",\"url\":\"https:\\\/\\\/akunq.net\\\/tr\\\/\",\"name\":\"Bati Ermenistan Ve Bati Ermenileri Sorunlari Ara\u015ftirmalar Merkezi\",\"description\":\"\",\"potentialAction\":[{\"@type\":\"SearchAction\",\"target\":{\"@type\":\"EntryPoint\",\"urlTemplate\":\"https:\\\/\\\/akunq.net\\\/tr\\\/?s={search_term_string}\"},\"query-input\":{\"@type\":\"PropertyValueSpecification\",\"valueRequired\":true,\"valueName\":\"search_term_string\"}}],\"inLanguage\":\"en-US\"},{\"@type\":\"Person\",\"@id\":\"https:\\\/\\\/akunq.net\\\/tr\\\/#\\\/schema\\\/person\\\/096f1d38a12cce57fb855b485ed24c9e\",\"name\":\"admin\",\"url\":\"https:\\\/\\\/akunq.net\\\/tr\\\/?author=7\"}]}<\/script>\n<!-- \/ Yoast SEO plugin. -->","yoast_head_json":{"title":"Buldan Vak\u0131fl\u0131 K\u00f6y\u00fc\u2019nde: Alevi, Ermeni ve K\u00fcrtlerin kaderleri ayn\u0131 - Bati Ermenistan Ve Bati Ermenileri Sorunlari Ara\u015ftirmalar Merkezi","robots":{"index":"index","follow":"follow","max-snippet":"max-snippet:-1","max-image-preview":"max-image-preview:large","max-video-preview":"max-video-preview:-1"},"canonical":"https:\/\/akunq.net\/tr\/?p=63342","og_locale":"en_US","og_type":"article","og_title":"Buldan Vak\u0131fl\u0131 K\u00f6y\u00fc\u2019nde: Alevi, Ermeni ve K\u00fcrtlerin kaderleri ayn\u0131 - Bati Ermenistan Ve Bati Ermenileri Sorunlari Ara\u015ftirmalar Merkezi","og_description":"Vak\u0131fl\u0131 K\u00f6y\u00fc\u2019n\u00fc ziyaret eden HDP E\u015f Genel Ba\u015fkan\u0131 Pervin Buldan, \u201cHalklar, inan\u00e7lar mezhepler birbirine kutupla\u015ft\u0131r\u0131ld\u0131\u201d dedi. Halklar\u0131n Demokratik Partisi (HDP) E\u015f Genel Ba\u015fkan\u0131 Pervin Buldan, HDP Kad\u0131n Meclisi\u2019nin \u201cKad\u0131n yoksullu\u011funa hay\u0131r\u201d bulu\u015fmalar\u0131 kapsam\u0131nda Hatay\u2019\u0131n \u0130skenderun il\u00e7esinde kad\u0131nlarla bir araya gelmesinin ard\u0131ndan beraberindekilerle birlikte Samanda\u011f\u2019a ge\u00e7ti. Buldan burada ilk olarak Hz. H\u0131z\u0131r Makam\u0131\u2019na ziyaret etti, yurtta\u015flardan [&hellip;]","og_url":"https:\/\/akunq.net\/tr\/?p=63342","og_site_name":"Bati Ermenistan Ve Bati Ermenileri Sorunlari Ara\u015ftirmalar Merkezi","article_published_time":"2021-06-17T06:34:49+00:00","og_image":[{"width":510,"height":330,"url":"https:\/\/akunq.net\/tr\/wp-content\/uploads\/sites\/6\/2021\/06\/Pervin-Buldan.jpeg","type":"image\/jpeg"}],"author":"admin","twitter_card":"summary_large_image","twitter_misc":{"Written by":"admin","Est. reading time":"2 minutes"},"schema":{"@context":"https:\/\/schema.org","@graph":[{"@type":"Article","@id":"https:\/\/akunq.net\/tr\/?p=63342#article","isPartOf":{"@id":"https:\/\/akunq.net\/tr\/?p=63342"},"author":{"name":"admin","@id":"https:\/\/akunq.net\/tr\/#\/schema\/person\/096f1d38a12cce57fb855b485ed24c9e"},"headline":"Buldan Vak\u0131fl\u0131 K\u00f6y\u00fc\u2019nde: Alevi, Ermeni ve K\u00fcrtlerin kaderleri ayn\u0131","datePublished":"2021-06-17T06:34:49+00:00","mainEntityOfPage":{"@id":"https:\/\/akunq.net\/tr\/?p=63342"},"wordCount":471,"commentCount":0,"image":{"@id":"https:\/\/akunq.net\/tr\/?p=63342#primaryimage"},"thumbnailUrl":"https:\/\/akunq.net\/tr\/wp-content\/uploads\/sites\/6\/2021\/06\/Pervin-Buldan.jpeg","articleSection":["Haberler"],"inLanguage":"en-US","potentialAction":[{"@type":"CommentAction","name":"Comment","target":["https:\/\/akunq.net\/tr\/?p=63342#respond"]}]},{"@type":"WebPage","@id":"https:\/\/akunq.net\/tr\/?p=63342","url":"https:\/\/akunq.net\/tr\/?p=63342","name":"Buldan Vak\u0131fl\u0131 K\u00f6y\u00fc\u2019nde: Alevi, Ermeni ve K\u00fcrtlerin kaderleri ayn\u0131 - Bati Ermenistan Ve Bati Ermenileri Sorunlari Ara\u015ftirmalar Merkezi","isPartOf":{"@id":"https:\/\/akunq.net\/tr\/#website"},"primaryImageOfPage":{"@id":"https:\/\/akunq.net\/tr\/?p=63342#primaryimage"},"image":{"@id":"https:\/\/akunq.net\/tr\/?p=63342#primaryimage"},"thumbnailUrl":"https:\/\/akunq.net\/tr\/wp-content\/uploads\/sites\/6\/2021\/06\/Pervin-Buldan.jpeg","datePublished":"2021-06-17T06:34:49+00:00","author":{"@id":"https:\/\/akunq.net\/tr\/#\/schema\/person\/096f1d38a12cce57fb855b485ed24c9e"},"breadcrumb":{"@id":"https:\/\/akunq.net\/tr\/?p=63342#breadcrumb"},"inLanguage":"en-US","potentialAction":[{"@type":"ReadAction","target":["https:\/\/akunq.net\/tr\/?p=63342"]}]},{"@type":"ImageObject","inLanguage":"en-US","@id":"https:\/\/akunq.net\/tr\/?p=63342#primaryimage","url":"https:\/\/akunq.net\/tr\/wp-content\/uploads\/sites\/6\/2021\/06\/Pervin-Buldan.jpeg","contentUrl":"https:\/\/akunq.net\/tr\/wp-content\/uploads\/sites\/6\/2021\/06\/Pervin-Buldan.jpeg","width":510,"height":330},{"@type":"BreadcrumbList","@id":"https:\/\/akunq.net\/tr\/?p=63342#breadcrumb","itemListElement":[{"@type":"ListItem","position":1,"name":"Home","item":"https:\/\/akunq.net\/tr"},{"@type":"ListItem","position":2,"name":"Buldan Vak\u0131fl\u0131 K\u00f6y\u00fc\u2019nde: Alevi, Ermeni ve K\u00fcrtlerin kaderleri ayn\u0131"}]},{"@type":"WebSite","@id":"https:\/\/akunq.net\/tr\/#website","url":"https:\/\/akunq.net\/tr\/","name":"Bati Ermenistan Ve Bati Ermenileri Sorunlari Ara\u015ftirmalar Merkezi","description":"","potentialAction":[{"@type":"SearchAction","target":{"@type":"EntryPoint","urlTemplate":"https:\/\/akunq.net\/tr\/?s={search_term_string}"},"query-input":{"@type":"PropertyValueSpecification","valueRequired":true,"valueName":"search_term_string"}}],"inLanguage":"en-US"},{"@type":"Person","@id":"https:\/\/akunq.net\/tr\/#\/schema\/person\/096f1d38a12cce57fb855b485ed24c9e","name":"admin","url":"https:\/\/akunq.net\/tr\/?author=7"}]}},"_links":{"self":[{"href":"https:\/\/akunq.net\/tr\/index.php?rest_route=\/wp\/v2\/posts\/63342","targetHints":{"allow":["GET"]}}],"collection":[{"href":"https:\/\/akunq.net\/tr\/index.php?rest_route=\/wp\/v2\/posts"}],"about":[{"href":"https:\/\/akunq.net\/tr\/index.php?rest_route=\/wp\/v2\/types\/post"}],"author":[{"embeddable":true,"href":"https:\/\/akunq.net\/tr\/index.php?rest_route=\/wp\/v2\/users\/7"}],"replies":[{"embeddable":true,"href":"https:\/\/akunq.net\/tr\/index.php?rest_route=%2Fwp%2Fv2%2Fcomments&post=63342"}],"version-history":[{"count":1,"href":"https:\/\/akunq.net\/tr\/index.php?rest_route=\/wp\/v2\/posts\/63342\/revisions"}],"predecessor-version":[{"id":63344,"href":"https:\/\/akunq.net\/tr\/index.php?rest_route=\/wp\/v2\/posts\/63342\/revisions\/63344"}],"wp:featuredmedia":[{"embeddable":true,"href":"https:\/\/akunq.net\/tr\/index.php?rest_route=\/wp\/v2\/media\/63343"}],"wp:attachment":[{"href":"https:\/\/akunq.net\/tr\/index.php?rest_route=%2Fwp%2Fv2%2Fmedia&parent=63342"}],"wp:term":[{"taxonomy":"category","embeddable":true,"href":"https:\/\/akunq.net\/tr\/index.php?rest_route=%2Fwp%2Fv2%2Fcategories&post=63342"},{"taxonomy":"post_tag","embeddable":true,"href":"https:\/\/akunq.net\/tr\/index.php?rest_route=%2Fwp%2Fv2%2Ftags&post=63342"}],"curies":[{"name":"wp","href":"https:\/\/api.w.org\/{rel}","templated":true}]}}