{"id":63334,"date":"2021-06-16T04:01:49","date_gmt":"2021-06-16T09:01:49","guid":{"rendered":"https:\/\/akunq.net\/tr\/?p=63334"},"modified":"2021-06-16T04:01:49","modified_gmt":"2021-06-16T09:01:49","slug":"deniz-yucele-erdogana-hakaretten-yeni-dava","status":"publish","type":"post","link":"https:\/\/akunq.net\/tr\/?p=63334","title":{"rendered":"Deniz Y\u00fccel\u2019e \u2018Erdo\u011fan\u2019a hakaretten\u2019 yeni dava"},"content":{"rendered":"<p><img loading=\"lazy\" decoding=\"async\" class=\"aligncenter size-medium wp-image-63335\" src=\"https:\/\/akunq.net\/tr\/wp-content\/uploads\/2021\/06\/Deniz-Y\u00fccel-360x233.jpg\" alt=\"\" width=\"360\" height=\"233\" srcset=\"https:\/\/akunq.net\/tr\/wp-content\/uploads\/sites\/6\/2021\/06\/Deniz-Y\u00fccel-360x233.jpg 360w, https:\/\/akunq.net\/tr\/wp-content\/uploads\/sites\/6\/2021\/06\/Deniz-Y\u00fccel-768x497.jpg 768w, https:\/\/akunq.net\/tr\/wp-content\/uploads\/sites\/6\/2021\/06\/Deniz-Y\u00fccel-560x362.jpg 560w, https:\/\/akunq.net\/tr\/wp-content\/uploads\/sites\/6\/2021\/06\/Deniz-Y\u00fccel-260x168.jpg 260w, https:\/\/akunq.net\/tr\/wp-content\/uploads\/sites\/6\/2021\/06\/Deniz-Y\u00fccel-160x104.jpg 160w, https:\/\/akunq.net\/tr\/wp-content\/uploads\/sites\/6\/2021\/06\/Deniz-Y\u00fccel.jpg 1020w\" sizes=\"auto, (max-width: 360px) 100vw, 360px\" \/><\/p>\n<p><em><strong>Die Welt gazetesi muhabiri Deniz Y\u00fccel\u2019e a\u00e7\u0131lan \u201cCumhurba\u015fkan\u0131na hakaret\u201d davas\u0131, \u201cdevleti alenen a\u015fa\u011f\u0131lama\u201d su\u00e7lamas\u0131yla yarg\u0131land\u0131\u011f\u0131 dosyayla birle\u015ftirildi.<\/strong><\/em><\/p>\n<p>Die Welt gazetesinin eski T\u00fcrkiye Temsilcisi Deniz Y\u00fccel hakk\u0131nda \u0130stanbul Cumhuriyet Ba\u015fsavc\u0131l\u0131\u011f\u0131 Bas\u0131n B\u00fcrosu yeni bir iddianame haz\u0131rlad\u0131.<\/p>\n<p>Y\u00fccel, Die Welt\u2019in Welt am Sonntag ismiyle 6 Kas\u0131m 2016\u2019da yay\u0131nlanan ekinde Recep Tayyip Erdo\u011fan i\u00e7in \u201cDarbeci (Der Putschist)\u201d ba\u015fl\u0131\u011f\u0131 atmakla su\u00e7land\u0131.<\/p>\n<p>Savc\u0131l\u0131k \u00e7\u0131kan man\u015fet ve i\u00e7 sayfa haberi nedeniyle Y\u00fccel\u2019in \u201cCumhurba\u015fkan\u0131na hakaretten (TCK 299)\u201d cezaland\u0131r\u0131lmas\u0131 istedi.<\/p>\n<p>Medya ve Hukuk \u00c7al\u0131\u015fmalar\u0131 Derne\u011fi\u2019nin (MLSA) aktard\u0131\u011f\u0131na g\u00f6re savc\u0131l\u0131k iddianamede, Y\u00fccel\u2019in yaz\u0131s\u0131nda Cumhurba\u015fkan\u0131 Erdo\u011fan\u2019\u0131n foto\u011fraf\u0131 \u00fczerine \u201cdarbeci\u201d \u015feklinde ba\u015fl\u0131k att\u0131\u011f\u0131n\u0131; Erdo\u011fan\u2019\u0131n devleti yeniden yap\u0131land\u0131rd\u0131\u011f\u0131n\u0131, protestolar\u0131 bast\u0131rd\u0131\u011f\u0131n\u0131 ve \u00fclkenin par\u00e7alanmakta oldu\u011funu yazd\u0131\u011f\u0131n\u0131 belirtti.<\/p>\n<p>Metinde ayr\u0131ca Erdo\u011fan\u2019a y\u00f6nelik \u201cdarbeci\u201d s\u00f6yleminin \u201ca\u00e7\u0131k\u00e7a onur, \u015feref ve sayg\u0131nl\u0131\u011f\u0131n\u0131 rencide edici boyutta oldu\u011funu\u201d \u00f6ne s\u00fcrd\u00fc. Dosya, Y\u00fccel\u2019in Ekim 2016\u2019da yay\u0131mlanan \u201cK\u00fcrt annesini g\u00f6remesin\u201d f\u0131kras\u0131 ile \u201cErmenilere yap\u0131lan soyk\u0131r\u0131m\u201d ifadesini i\u00e7eren iki yaz\u0131s\u0131 gerek\u00e7esiyle \u201cdevleti alenen a\u015fa\u011f\u0131lama\u201d su\u00e7lamas\u0131yla a\u00e7\u0131lan davayla birle\u015ftirildi.<\/p>\n<p>Birle\u015ftirme gerek\u00e7esi ise dava dosyalar\u0131 aras\u0131nda \u2018\u015fahsi, fiili ve hukuki irtibat bulunmas\u0131.\u2019 Birle\u015ftirilen dosyalar\u0131n ilk duru\u015fmas\u0131 1 Temmuz\u2019da \u0130stanbul 2. Asliye Ceza Mahkemesi\u2019nde g\u00f6r\u00fclecek.<\/p>\n<p><strong>Ne olmu\u015ftu?<\/strong><\/p>\n<p>Deniz Y\u00fccel, d\u00f6nemin Enerji Bakan\u0131 Berat Albayrak\u2019\u0131n \u00f6zel e-posta adresinin RedHack taraf\u0131ndan hacklenmesine ili\u015fkin kaleme ald\u0131\u011f\u0131 haberiyle ilgili soru\u015fturma ekiplerine ifade vermek \u00fczere 14 \u015eubat 2017\u2019de \u0130stanbul\u2019da g\u00f6zalt\u0131na al\u0131nd\u0131. \u201c\u00d6rg\u00fct propagandas\u0131 ve halk\u0131 kin ve d\u00fc\u015fmanl\u0131\u011fa tahrik\u201d iddias\u0131yla sevk edildi\u011fi mahkemece 27 \u015eubat 2017\u2019de tutukland\u0131.<\/p>\n<p>Cumhurba\u015fkan\u0131 Erdo\u011fan konuyla ilgili \u201cB\u00fct\u00fcn bu olaylar\u0131n nedeni me\u011ferse bu ter\u00f6ristmi\u015f. Bu adam ter\u00f6rist, gazeteci de\u011fil ve Alman y\u00f6netimi ne yaz\u0131k ki, benim bakanlar\u0131m\u0131 b\u00f6yle bir ter\u00f6ristle ayn\u0131 teraziye oturtuyor. S\u0131k\u0131nt\u0131 burada. Almanya Ba\u015fbakan\u0131 Angela Merkel, bana \u2018Serbest b\u0131rak\u0131rsan\u0131z memnun oluruz\u2019 dedi. Dedim ki o gazeteci de\u011fil ter\u00f6rist. Deniz Y\u00fccel bir ay Almanya Ba\u015fkonsoloslu\u011fu\u2019nda sakland\u0131. Bu adam ter\u00f6rist, gazeteci de\u011fil\u201d a\u00e7\u0131klamas\u0131 yapt\u0131.<\/p>\n<p>Y\u00fccel yakla\u015f\u0131k bir y\u0131l tutuklu kald\u0131. Hakk\u0131nda haz\u0131rlanan iddianame sonras\u0131 \u0130stanbul 32. A\u011f\u0131r Ceza Mahkemesi 16 \u015eubat 2018\u2019de Y\u00fccel\u2019in tahliyesine karar verdi. Y\u00fccel tahliye olduktan sonra Almanya\u2019ya gitti.<\/p>\n<p>Tutuklu bulundu\u011fu d\u00f6nemde cezaevinden Anayasa Mahkemesi\u2019ne (AYM) bireysel ba\u015fvuruda bulunan Y\u00fccel\u2019in dosyas\u0131n\u0131 olaydan iki y\u0131l sonra 28 Haziran 2019\u2019de incelendi. AYM, Y\u00fccel\u2019in tutuklu kald\u0131\u011f\u0131 bir y\u0131ll\u0131k s\u00fcreyi hak ihlali sayd\u0131 ve 25 bin lira manevi tazminat \u00f6denmesine h\u00fckmetti ama yerel mahkeme Y\u00fccel\u2019in Berlin\u2019de al\u0131nan ifadesinin beklenmesine karar verdi.<\/p>\n<p>13 \u015eubat 2020\u2019de g\u00f6r\u00fclen duru\u015fmada savc\u0131, esasa ili\u015fkin m\u00fctalaas\u0131n\u0131 verdi. Y\u00fccel\u2019in 15 y\u0131l 3 aya kadar hapisle cezaland\u0131r\u0131lmas\u0131n\u0131 talep eden savc\u0131, Y\u00fccel\u2019in 2016\u2019da Welt gazetesinde yay\u0131mlanan \u00e7e\u015fitli yaz\u0131lar\u0131nda PKK\/KCK propagandas\u0131 yapt\u0131\u011f\u0131n\u0131 \u00f6ne s\u00fcrd\u00fc.<\/p>\n<p>16 Temmuz 2020\u2019de g\u00f6r\u00fclen duru\u015fmada da karar\u0131n\u0131 a\u00e7\u0131klayan mahkeme, Deniz Y\u00fccel\u2019in \u201chalk\u0131 kin ve d\u00fc\u015fmanl\u0131\u011fa tahrik\u201d su\u00e7lamas\u0131ndan beraatine h\u00fckmederken, bas\u0131n yay\u0131n yoluyla \u201cPKK\/KCK silahl\u0131 ter\u00f6r \u00f6rg\u00fct\u00fcn\u00fcn propagandas\u0131n\u0131 yapt\u0131\u011f\u0131\u201d gerek\u00e7esiyle 2 y\u0131l 9 ay 22 g\u00fcn hapis cezas\u0131na \u00e7arpt\u0131rd\u0131.<\/p>\n<p>Mahkeme ayr\u0131ca, Y\u00fccel hakk\u0131nda 2016\u2019da Die Welt\u2019te yay\u0131nlanan iki yaz\u0131s\u0131 nedeniyle \u201cCumhurba\u015fkan\u0131na hakaret\u201d ve TCK\u2019n\u0131n 301. maddesinde d\u00fczenlenen \u201cT\u00fcrkiye Cumhuriyet Devletini, h\u00fck\u00fcmetini, yarg\u0131 organlar\u0131n\u0131 ve devletin emniyet te\u015fkilat\u0131n\u0131 a\u015fa\u011f\u0131lama\u201d su\u00e7lar\u0131 uyar\u0131nca su\u00e7 duyurusunda bulunulmas\u0131na karar verdi.<\/p>\n<p>Su\u00e7 duyurusu sonras\u0131 Y\u00fccel\u2019e yeni bir dava a\u00e7\u0131ld\u0131. Savc\u0131l\u0131k Deniz Y\u00fccel\u2019in 6 aydan 2 y\u0131la kadar hapsini istedi. Bu davan\u0131n g\u00f6r\u00fclmesine 12 May\u0131s 2020\u2019de ba\u015fland\u0131.<\/p>\n<p><em><strong>https:\/\/bianet.org\/bianet\/ifade-ozgurlugu\/245702-deniz-yucel-e-erdogan-a-hakaretten-yeni-dava?bia_source=rss\u00a0<\/strong><\/em><\/p>\n","protected":false},"excerpt":{"rendered":"<p>Die Welt gazetesi muhabiri Deniz Y\u00fccel\u2019e a\u00e7\u0131lan \u201cCumhurba\u015fkan\u0131na hakaret\u201d davas\u0131, \u201cdevleti alenen a\u015fa\u011f\u0131lama\u201d su\u00e7lamas\u0131yla yarg\u0131land\u0131\u011f\u0131 dosyayla birle\u015ftirildi. Die Welt gazetesinin eski T\u00fcrkiye Temsilcisi Deniz Y\u00fccel hakk\u0131nda \u0130stanbul Cumhuriyet Ba\u015fsavc\u0131l\u0131\u011f\u0131 Bas\u0131n B\u00fcrosu yeni bir iddianame haz\u0131rlad\u0131. Y\u00fccel, Die Welt\u2019in Welt am Sonntag ismiyle 6 Kas\u0131m 2016\u2019da yay\u0131nlanan ekinde Recep Tayyip Erdo\u011fan i\u00e7in \u201cDarbeci (Der Putschist)\u201d ba\u015fl\u0131\u011f\u0131 [&hellip;]<\/p>\n","protected":false},"author":7,"featured_media":63335,"comment_status":"open","ping_status":"open","sticky":false,"template":"","format":"standard","meta":{"footnotes":""},"categories":[1],"tags":[],"class_list":["post-63334","post","type-post","status-publish","format-standard","has-post-thumbnail","hentry","category-haberler"],"yoast_head":"<!-- This site is optimized with the Yoast SEO plugin v27.4 - https:\/\/yoast.com\/product\/yoast-seo-wordpress\/ -->\n<title>Deniz Y\u00fccel\u2019e \u2018Erdo\u011fan\u2019a hakaretten\u2019 yeni dava - Bati Ermenistan Ve Bati Ermenileri Sorunlari Ara\u015ftirmalar Merkezi<\/title>\n<meta name=\"robots\" content=\"index, follow, max-snippet:-1, max-image-preview:large, max-video-preview:-1\" \/>\n<link rel=\"canonical\" href=\"https:\/\/akunq.net\/tr\/?p=63334\" \/>\n<meta property=\"og:locale\" content=\"en_US\" \/>\n<meta property=\"og:type\" content=\"article\" \/>\n<meta property=\"og:title\" content=\"Deniz Y\u00fccel\u2019e \u2018Erdo\u011fan\u2019a hakaretten\u2019 yeni dava - Bati Ermenistan Ve Bati Ermenileri Sorunlari Ara\u015ftirmalar Merkezi\" \/>\n<meta property=\"og:description\" content=\"Die Welt gazetesi muhabiri Deniz Y\u00fccel\u2019e a\u00e7\u0131lan \u201cCumhurba\u015fkan\u0131na hakaret\u201d davas\u0131, \u201cdevleti alenen a\u015fa\u011f\u0131lama\u201d su\u00e7lamas\u0131yla yarg\u0131land\u0131\u011f\u0131 dosyayla birle\u015ftirildi. Die Welt gazetesinin eski T\u00fcrkiye Temsilcisi Deniz Y\u00fccel hakk\u0131nda \u0130stanbul Cumhuriyet Ba\u015fsavc\u0131l\u0131\u011f\u0131 Bas\u0131n B\u00fcrosu yeni bir iddianame haz\u0131rlad\u0131. Y\u00fccel, Die Welt\u2019in Welt am Sonntag ismiyle 6 Kas\u0131m 2016\u2019da yay\u0131nlanan ekinde Recep Tayyip Erdo\u011fan i\u00e7in \u201cDarbeci (Der Putschist)\u201d ba\u015fl\u0131\u011f\u0131 [&hellip;]\" \/>\n<meta property=\"og:url\" content=\"https:\/\/akunq.net\/tr\/?p=63334\" \/>\n<meta property=\"og:site_name\" content=\"Bati Ermenistan Ve Bati Ermenileri Sorunlari Ara\u015ftirmalar Merkezi\" \/>\n<meta property=\"article:published_time\" content=\"2021-06-16T09:01:49+00:00\" \/>\n<meta property=\"og:image\" content=\"https:\/\/akunq.net\/tr\/wp-content\/uploads\/sites\/6\/2021\/06\/Deniz-Y\u00fccel.jpg\" \/>\n\t<meta property=\"og:image:width\" content=\"1020\" \/>\n\t<meta property=\"og:image:height\" content=\"660\" \/>\n\t<meta property=\"og:image:type\" content=\"image\/jpeg\" \/>\n<meta name=\"author\" content=\"admin\" \/>\n<meta name=\"twitter:card\" content=\"summary_large_image\" \/>\n<meta name=\"twitter:label1\" content=\"Written by\" \/>\n\t<meta name=\"twitter:data1\" content=\"admin\" \/>\n\t<meta name=\"twitter:label2\" content=\"Est. reading time\" \/>\n\t<meta name=\"twitter:data2\" content=\"4 minutes\" \/>\n<script type=\"application\/ld+json\" class=\"yoast-schema-graph\">{\"@context\":\"https:\\\/\\\/schema.org\",\"@graph\":[{\"@type\":\"Article\",\"@id\":\"https:\\\/\\\/akunq.net\\\/tr\\\/?p=63334#article\",\"isPartOf\":{\"@id\":\"https:\\\/\\\/akunq.net\\\/tr\\\/?p=63334\"},\"author\":{\"name\":\"admin\",\"@id\":\"https:\\\/\\\/akunq.net\\\/tr\\\/#\\\/schema\\\/person\\\/096f1d38a12cce57fb855b485ed24c9e\"},\"headline\":\"Deniz Y\u00fccel\u2019e \u2018Erdo\u011fan\u2019a hakaretten\u2019 yeni dava\",\"datePublished\":\"2021-06-16T09:01:49+00:00\",\"mainEntityOfPage\":{\"@id\":\"https:\\\/\\\/akunq.net\\\/tr\\\/?p=63334\"},\"wordCount\":742,\"commentCount\":0,\"image\":{\"@id\":\"https:\\\/\\\/akunq.net\\\/tr\\\/?p=63334#primaryimage\"},\"thumbnailUrl\":\"https:\\\/\\\/akunq.net\\\/tr\\\/wp-content\\\/uploads\\\/sites\\\/6\\\/2021\\\/06\\\/Deniz-Y\u00fccel.jpg\",\"articleSection\":[\"Haberler\"],\"inLanguage\":\"en-US\",\"potentialAction\":[{\"@type\":\"CommentAction\",\"name\":\"Comment\",\"target\":[\"https:\\\/\\\/akunq.net\\\/tr\\\/?p=63334#respond\"]}]},{\"@type\":\"WebPage\",\"@id\":\"https:\\\/\\\/akunq.net\\\/tr\\\/?p=63334\",\"url\":\"https:\\\/\\\/akunq.net\\\/tr\\\/?p=63334\",\"name\":\"Deniz Y\u00fccel\u2019e \u2018Erdo\u011fan\u2019a hakaretten\u2019 yeni dava - Bati Ermenistan Ve Bati Ermenileri Sorunlari Ara\u015ftirmalar Merkezi\",\"isPartOf\":{\"@id\":\"https:\\\/\\\/akunq.net\\\/tr\\\/#website\"},\"primaryImageOfPage\":{\"@id\":\"https:\\\/\\\/akunq.net\\\/tr\\\/?p=63334#primaryimage\"},\"image\":{\"@id\":\"https:\\\/\\\/akunq.net\\\/tr\\\/?p=63334#primaryimage\"},\"thumbnailUrl\":\"https:\\\/\\\/akunq.net\\\/tr\\\/wp-content\\\/uploads\\\/sites\\\/6\\\/2021\\\/06\\\/Deniz-Y\u00fccel.jpg\",\"datePublished\":\"2021-06-16T09:01:49+00:00\",\"author\":{\"@id\":\"https:\\\/\\\/akunq.net\\\/tr\\\/#\\\/schema\\\/person\\\/096f1d38a12cce57fb855b485ed24c9e\"},\"breadcrumb\":{\"@id\":\"https:\\\/\\\/akunq.net\\\/tr\\\/?p=63334#breadcrumb\"},\"inLanguage\":\"en-US\",\"potentialAction\":[{\"@type\":\"ReadAction\",\"target\":[\"https:\\\/\\\/akunq.net\\\/tr\\\/?p=63334\"]}]},{\"@type\":\"ImageObject\",\"inLanguage\":\"en-US\",\"@id\":\"https:\\\/\\\/akunq.net\\\/tr\\\/?p=63334#primaryimage\",\"url\":\"https:\\\/\\\/akunq.net\\\/tr\\\/wp-content\\\/uploads\\\/sites\\\/6\\\/2021\\\/06\\\/Deniz-Y\u00fccel.jpg\",\"contentUrl\":\"https:\\\/\\\/akunq.net\\\/tr\\\/wp-content\\\/uploads\\\/sites\\\/6\\\/2021\\\/06\\\/Deniz-Y\u00fccel.jpg\",\"width\":1020,\"height\":660},{\"@type\":\"BreadcrumbList\",\"@id\":\"https:\\\/\\\/akunq.net\\\/tr\\\/?p=63334#breadcrumb\",\"itemListElement\":[{\"@type\":\"ListItem\",\"position\":1,\"name\":\"Home\",\"item\":\"https:\\\/\\\/akunq.net\\\/tr\"},{\"@type\":\"ListItem\",\"position\":2,\"name\":\"Deniz Y\u00fccel\u2019e \u2018Erdo\u011fan\u2019a hakaretten\u2019 yeni dava\"}]},{\"@type\":\"WebSite\",\"@id\":\"https:\\\/\\\/akunq.net\\\/tr\\\/#website\",\"url\":\"https:\\\/\\\/akunq.net\\\/tr\\\/\",\"name\":\"Bati Ermenistan Ve Bati Ermenileri Sorunlari Ara\u015ftirmalar Merkezi\",\"description\":\"\",\"potentialAction\":[{\"@type\":\"SearchAction\",\"target\":{\"@type\":\"EntryPoint\",\"urlTemplate\":\"https:\\\/\\\/akunq.net\\\/tr\\\/?s={search_term_string}\"},\"query-input\":{\"@type\":\"PropertyValueSpecification\",\"valueRequired\":true,\"valueName\":\"search_term_string\"}}],\"inLanguage\":\"en-US\"},{\"@type\":\"Person\",\"@id\":\"https:\\\/\\\/akunq.net\\\/tr\\\/#\\\/schema\\\/person\\\/096f1d38a12cce57fb855b485ed24c9e\",\"name\":\"admin\",\"url\":\"https:\\\/\\\/akunq.net\\\/tr\\\/?author=7\"}]}<\/script>\n<!-- \/ Yoast SEO plugin. -->","yoast_head_json":{"title":"Deniz Y\u00fccel\u2019e \u2018Erdo\u011fan\u2019a hakaretten\u2019 yeni dava - Bati Ermenistan Ve Bati Ermenileri Sorunlari Ara\u015ftirmalar Merkezi","robots":{"index":"index","follow":"follow","max-snippet":"max-snippet:-1","max-image-preview":"max-image-preview:large","max-video-preview":"max-video-preview:-1"},"canonical":"https:\/\/akunq.net\/tr\/?p=63334","og_locale":"en_US","og_type":"article","og_title":"Deniz Y\u00fccel\u2019e \u2018Erdo\u011fan\u2019a hakaretten\u2019 yeni dava - Bati Ermenistan Ve Bati Ermenileri Sorunlari Ara\u015ftirmalar Merkezi","og_description":"Die Welt gazetesi muhabiri Deniz Y\u00fccel\u2019e a\u00e7\u0131lan \u201cCumhurba\u015fkan\u0131na hakaret\u201d davas\u0131, \u201cdevleti alenen a\u015fa\u011f\u0131lama\u201d su\u00e7lamas\u0131yla yarg\u0131land\u0131\u011f\u0131 dosyayla birle\u015ftirildi. Die Welt gazetesinin eski T\u00fcrkiye Temsilcisi Deniz Y\u00fccel hakk\u0131nda \u0130stanbul Cumhuriyet Ba\u015fsavc\u0131l\u0131\u011f\u0131 Bas\u0131n B\u00fcrosu yeni bir iddianame haz\u0131rlad\u0131. Y\u00fccel, Die Welt\u2019in Welt am Sonntag ismiyle 6 Kas\u0131m 2016\u2019da yay\u0131nlanan ekinde Recep Tayyip Erdo\u011fan i\u00e7in \u201cDarbeci (Der Putschist)\u201d ba\u015fl\u0131\u011f\u0131 [&hellip;]","og_url":"https:\/\/akunq.net\/tr\/?p=63334","og_site_name":"Bati Ermenistan Ve Bati Ermenileri Sorunlari Ara\u015ftirmalar Merkezi","article_published_time":"2021-06-16T09:01:49+00:00","og_image":[{"width":1020,"height":660,"url":"https:\/\/akunq.net\/tr\/wp-content\/uploads\/sites\/6\/2021\/06\/Deniz-Y\u00fccel.jpg","type":"image\/jpeg"}],"author":"admin","twitter_card":"summary_large_image","twitter_misc":{"Written by":"admin","Est. reading time":"4 minutes"},"schema":{"@context":"https:\/\/schema.org","@graph":[{"@type":"Article","@id":"https:\/\/akunq.net\/tr\/?p=63334#article","isPartOf":{"@id":"https:\/\/akunq.net\/tr\/?p=63334"},"author":{"name":"admin","@id":"https:\/\/akunq.net\/tr\/#\/schema\/person\/096f1d38a12cce57fb855b485ed24c9e"},"headline":"Deniz Y\u00fccel\u2019e \u2018Erdo\u011fan\u2019a hakaretten\u2019 yeni dava","datePublished":"2021-06-16T09:01:49+00:00","mainEntityOfPage":{"@id":"https:\/\/akunq.net\/tr\/?p=63334"},"wordCount":742,"commentCount":0,"image":{"@id":"https:\/\/akunq.net\/tr\/?p=63334#primaryimage"},"thumbnailUrl":"https:\/\/akunq.net\/tr\/wp-content\/uploads\/sites\/6\/2021\/06\/Deniz-Y\u00fccel.jpg","articleSection":["Haberler"],"inLanguage":"en-US","potentialAction":[{"@type":"CommentAction","name":"Comment","target":["https:\/\/akunq.net\/tr\/?p=63334#respond"]}]},{"@type":"WebPage","@id":"https:\/\/akunq.net\/tr\/?p=63334","url":"https:\/\/akunq.net\/tr\/?p=63334","name":"Deniz Y\u00fccel\u2019e \u2018Erdo\u011fan\u2019a hakaretten\u2019 yeni dava - Bati Ermenistan Ve Bati Ermenileri Sorunlari Ara\u015ftirmalar Merkezi","isPartOf":{"@id":"https:\/\/akunq.net\/tr\/#website"},"primaryImageOfPage":{"@id":"https:\/\/akunq.net\/tr\/?p=63334#primaryimage"},"image":{"@id":"https:\/\/akunq.net\/tr\/?p=63334#primaryimage"},"thumbnailUrl":"https:\/\/akunq.net\/tr\/wp-content\/uploads\/sites\/6\/2021\/06\/Deniz-Y\u00fccel.jpg","datePublished":"2021-06-16T09:01:49+00:00","author":{"@id":"https:\/\/akunq.net\/tr\/#\/schema\/person\/096f1d38a12cce57fb855b485ed24c9e"},"breadcrumb":{"@id":"https:\/\/akunq.net\/tr\/?p=63334#breadcrumb"},"inLanguage":"en-US","potentialAction":[{"@type":"ReadAction","target":["https:\/\/akunq.net\/tr\/?p=63334"]}]},{"@type":"ImageObject","inLanguage":"en-US","@id":"https:\/\/akunq.net\/tr\/?p=63334#primaryimage","url":"https:\/\/akunq.net\/tr\/wp-content\/uploads\/sites\/6\/2021\/06\/Deniz-Y\u00fccel.jpg","contentUrl":"https:\/\/akunq.net\/tr\/wp-content\/uploads\/sites\/6\/2021\/06\/Deniz-Y\u00fccel.jpg","width":1020,"height":660},{"@type":"BreadcrumbList","@id":"https:\/\/akunq.net\/tr\/?p=63334#breadcrumb","itemListElement":[{"@type":"ListItem","position":1,"name":"Home","item":"https:\/\/akunq.net\/tr"},{"@type":"ListItem","position":2,"name":"Deniz Y\u00fccel\u2019e \u2018Erdo\u011fan\u2019a hakaretten\u2019 yeni dava"}]},{"@type":"WebSite","@id":"https:\/\/akunq.net\/tr\/#website","url":"https:\/\/akunq.net\/tr\/","name":"Bati Ermenistan Ve Bati Ermenileri Sorunlari Ara\u015ftirmalar Merkezi","description":"","potentialAction":[{"@type":"SearchAction","target":{"@type":"EntryPoint","urlTemplate":"https:\/\/akunq.net\/tr\/?s={search_term_string}"},"query-input":{"@type":"PropertyValueSpecification","valueRequired":true,"valueName":"search_term_string"}}],"inLanguage":"en-US"},{"@type":"Person","@id":"https:\/\/akunq.net\/tr\/#\/schema\/person\/096f1d38a12cce57fb855b485ed24c9e","name":"admin","url":"https:\/\/akunq.net\/tr\/?author=7"}]}},"_links":{"self":[{"href":"https:\/\/akunq.net\/tr\/index.php?rest_route=\/wp\/v2\/posts\/63334","targetHints":{"allow":["GET"]}}],"collection":[{"href":"https:\/\/akunq.net\/tr\/index.php?rest_route=\/wp\/v2\/posts"}],"about":[{"href":"https:\/\/akunq.net\/tr\/index.php?rest_route=\/wp\/v2\/types\/post"}],"author":[{"embeddable":true,"href":"https:\/\/akunq.net\/tr\/index.php?rest_route=\/wp\/v2\/users\/7"}],"replies":[{"embeddable":true,"href":"https:\/\/akunq.net\/tr\/index.php?rest_route=%2Fwp%2Fv2%2Fcomments&post=63334"}],"version-history":[{"count":1,"href":"https:\/\/akunq.net\/tr\/index.php?rest_route=\/wp\/v2\/posts\/63334\/revisions"}],"predecessor-version":[{"id":63336,"href":"https:\/\/akunq.net\/tr\/index.php?rest_route=\/wp\/v2\/posts\/63334\/revisions\/63336"}],"wp:featuredmedia":[{"embeddable":true,"href":"https:\/\/akunq.net\/tr\/index.php?rest_route=\/wp\/v2\/media\/63335"}],"wp:attachment":[{"href":"https:\/\/akunq.net\/tr\/index.php?rest_route=%2Fwp%2Fv2%2Fmedia&parent=63334"}],"wp:term":[{"taxonomy":"category","embeddable":true,"href":"https:\/\/akunq.net\/tr\/index.php?rest_route=%2Fwp%2Fv2%2Fcategories&post=63334"},{"taxonomy":"post_tag","embeddable":true,"href":"https:\/\/akunq.net\/tr\/index.php?rest_route=%2Fwp%2Fv2%2Ftags&post=63334"}],"curies":[{"name":"wp","href":"https:\/\/api.w.org\/{rel}","templated":true}]}}