{"id":63328,"date":"2021-06-16T03:27:20","date_gmt":"2021-06-16T08:27:20","guid":{"rendered":"https:\/\/akunq.net\/tr\/?p=63328"},"modified":"2021-06-16T03:27:20","modified_gmt":"2021-06-16T08:27:20","slug":"yurt-disindaki-4-bin-862-kultur-varligi-turkiyeye-iade-edildi","status":"publish","type":"post","link":"https:\/\/akunq.net\/tr\/?p=63328","title":{"rendered":"Yurt d\u0131\u015f\u0131ndaki 4 bin 862 k\u00fclt\u00fcr varl\u0131\u011f\u0131 T\u00fcrkiye\u2019ye iade edildi"},"content":{"rendered":"<p><img loading=\"lazy\" decoding=\"async\" class=\"aligncenter size-medium wp-image-63329\" src=\"https:\/\/akunq.net\/tr\/wp-content\/uploads\/2021\/06\/Ankara-Anadolu-Medeniyetleri-M\u00fczesi-360x209.jpg\" alt=\"\" width=\"360\" height=\"209\" srcset=\"https:\/\/akunq.net\/tr\/wp-content\/uploads\/sites\/6\/2021\/06\/Ankara-Anadolu-Medeniyetleri-M\u00fczesi-360x209.jpg 360w, https:\/\/akunq.net\/tr\/wp-content\/uploads\/sites\/6\/2021\/06\/Ankara-Anadolu-Medeniyetleri-M\u00fczesi-560x325.jpg 560w, https:\/\/akunq.net\/tr\/wp-content\/uploads\/sites\/6\/2021\/06\/Ankara-Anadolu-Medeniyetleri-M\u00fczesi-260x151.jpg 260w, https:\/\/akunq.net\/tr\/wp-content\/uploads\/sites\/6\/2021\/06\/Ankara-Anadolu-Medeniyetleri-M\u00fczesi-160x93.jpg 160w, https:\/\/akunq.net\/tr\/wp-content\/uploads\/sites\/6\/2021\/06\/Ankara-Anadolu-Medeniyetleri-M\u00fczesi.jpg 707w\" sizes=\"auto, (max-width: 360px) 100vw, 360px\" \/><\/p>\n<p><em><strong>K\u00fclt\u00fcr ve Turizm Bakanl\u0131\u011f\u0131nca 2003 y\u0131l\u0131ndan bu yana T\u00fcrkiye\u2019nin yurt d\u0131\u015f\u0131nda bulunan k\u00fclt\u00fcr varl\u0131klar\u0131ndan 4 bin 862\u2019si \u00fclkeye getirilirken, bunlardan 423\u2019\u00fcn\u00fcn iadesi bu y\u0131l\u0131n ilk 6 ay\u0131nda sa\u011fland\u0131.<\/strong><\/em><\/p>\n<p><strong>Buket G\u00fcven<\/strong><\/p>\n<p>K\u00fclt\u00fcr ve Turizm Bakanl\u0131\u011f\u0131ndan al\u0131nan bilgiye g\u00f6re, k\u00fclt\u00fcr varl\u0131\u011f\u0131 ka\u00e7ak\u00e7\u0131l\u0131\u011f\u0131n\u0131n \u00f6nlenmesi ve yurt d\u0131\u015f\u0131nda bulunan T\u00fcrkiye k\u00f6kenli eserlerin geri kazan\u0131lmas\u0131 amac\u0131yla ilgili kurumlarla koordinasyon halinde \u00e7al\u0131\u015fmalara devam ediliyor.<\/p>\n<p>Bu \u00e7er\u00e7evede 2003 y\u0131l\u0131ndan bu yana 4 bin 862 eser T\u00fcrkiye\u2019ye getirilirken, bunlardan 423\u2019\u00fcn\u00fcn iadesi 2021 y\u0131l\u0131n\u0131n ilk 6 ay\u0131nda sa\u011fland\u0131.<\/p>\n<p><strong>Paris\u2019ten g\u00f6n\u00fcll\u00fc iade<\/strong><br \/>\nT\u00fcrkiye\u2019nin \u00e7abalar\u0131 ile 26 \u015eubat\u2019ta Macaristan\u2019dan getirilen 413 par\u00e7a k\u00fclt\u00fcr varl\u0131\u011f\u0131 ile 9 Haziran\u2019da Hollanda\u2019dan iade al\u0131nan Adana Ulu Camii\u2019ne ait 3 \u00e7ini karo ve Anadolu Sel\u00e7uklu D\u00f6nemine ait 1 \u00e7ini panoya ek olarak, bu y\u0131l\u0131n ilk yar\u0131s\u0131nda \u00fc\u00e7 farkl\u0131 g\u00f6n\u00fcll\u00fc eserin iadesi sa\u011fland\u0131.<\/p>\n<p>T\u00fcrkiye\u2019ye g\u00f6n\u00fcll\u00fc olarak Din\u00e7er Denis Erke taraf\u0131ndan iade edilen, Paris\u2019te faaliyet g\u00f6steren bir m\u00fczayede evinden 2016\u2019da sat\u0131n al\u0131nan 1 pi\u015fmi\u015f toprak kad\u0131n fig\u00fcrin ve 1 erkek fig\u00fcrin ba\u015f\u0131, Fransa\u2019dan T\u00fcrkiye\u2019ye getirilerek, haziranda Ankara Anadolu Medeniyetleri M\u00fczesinde muhafaza alt\u0131na al\u0131nd\u0131. Orta Tun\u00e7 \u00c7a\u011f\u0131 II (M.\u00d6. 1800-1600) d\u00f6nemine tarihlendirilen eserler, nisanda Paris B\u00fcy\u00fckel\u00e7ili\u011fi K\u00fclt\u00fcr ve Tan\u0131tma M\u00fc\u015favirli\u011fi arac\u0131l\u0131\u011f\u0131yla iade edildi.<\/p>\n<p><strong>\u0130ki pi\u015fmi\u015f toprak kap, ABD\u2019den iade edildi<\/strong><br \/>\nAmerika Birle\u015fik Devletleri (ABD) Arizona Do\u011fal Tarih M\u00fczesine 1986\u2019da ba\u011f\u0131\u015flanan iki pi\u015fmi\u015f toprak kap, Anadolu k\u00f6kenli olmalar\u0131 nedeniyle T\u00fcrkiye\u2019nin Los Angeles Ba\u015fkonsoloslu\u011fu taraf\u0131ndan teslim al\u0131nan k\u00fclt\u00fcr varl\u0131klar\u0131 haziranda Ankara Anadolu Medeniyetleri M\u00fczesinde muhafaza alt\u0131na al\u0131nd\u0131.<\/p>\n<p>Su alt\u0131 buluntusu olan \u00e7\u00f6mleklerin Ge\u00e7 Roma ve Bizans d\u00f6nemlerinde kullan\u0131lan \u00e7ift kulplu kaplar oldu\u011funa i\u015faret edilirken, su alt\u0131nda ele ge\u00e7en bu tip \u00e7\u00f6mleklerin gemilerin mutfaklar\u0131nda kullan\u0131ld\u0131\u011f\u0131 belirtildi.<\/p>\n<p><strong>\u0130ki amphora da g\u00f6n\u00fcll\u00fc iade edildi<\/strong><br \/>\nABD\u2019nin San Diego \u015fehrinde ya\u015fayan bir ki\u015finin, T\u00fcrkiye\u2019nin Los Angeles Ba\u015fkonsoloslu\u011fu ile irtibata ge\u00e7erek T\u00fcrkiye\u2019ye iade etti\u011fi Anadolu k\u00f6kenli iki adet amphora da haziranda Ankara Anadolu Medeniyetleri M\u00fczesinde muhafaza alt\u0131na al\u0131nd\u0131.<\/p>\n<p>\u0130ki kulplu kap anlam\u0131nda kullan\u0131lan amforan\u0131n antik \u00e7a\u011flarda de\u011fi\u015fik tip ve form i\u00e7eren pi\u015fmi\u015f toprak kap oldu\u011fu vurgulan\u0131rken, bu kaplar\u0131n s\u0131v\u0131 \u00fcr\u00fcnlerin yan\u0131nda, tah\u0131l, bal\u0131k, bal, incir gibi besinlerin de saklanmas\u0131nda veya ta\u015f\u0131nmas\u0131nda kullan\u0131ld\u0131\u011f\u0131 ifade edildi.<\/p>\n<p>G\u00fcnsenin tip grubu i\u00e7erisinde an\u0131lan ve MS 11-13. y\u00fczy\u0131llar aras\u0131na tarihlendirilen bu tip amphoralar\u0131n Marmara Denizi\u2019nin Tekirda\u011f\u2019dan Gelibolu\u2019ya kadar olan kuzey-bat\u0131 k\u0131y\u0131 \u015feridinde \u00fcretildikleri bilgisi verilirken, Karadeniz B\u00f6lgesi\u2019ndeki en \u00f6nemli amphora \u00fcretim merkezlerinden biri olan Sinop\u2019ta \u00fcretim M\u00d6 4. y\u00fczy\u0131ldan MS 7. y\u00fczy\u0131la kadar devam etti\u011fi belirtildi.<\/p>\n<p><em><strong>https:\/\/www.aa.com.tr\/tr\/kultur-sanat\/yurt-disindaki-4-bin-862-kultur-varligi-turkiyeye-iade-edildi\/2275000\u00a0<\/strong><\/em><\/p>\n","protected":false},"excerpt":{"rendered":"<p>K\u00fclt\u00fcr ve Turizm Bakanl\u0131\u011f\u0131nca 2003 y\u0131l\u0131ndan bu yana T\u00fcrkiye\u2019nin yurt d\u0131\u015f\u0131nda bulunan k\u00fclt\u00fcr varl\u0131klar\u0131ndan 4 bin 862\u2019si \u00fclkeye getirilirken, bunlardan 423\u2019\u00fcn\u00fcn iadesi bu y\u0131l\u0131n ilk 6 ay\u0131nda sa\u011fland\u0131. Buket G\u00fcven K\u00fclt\u00fcr ve Turizm Bakanl\u0131\u011f\u0131ndan al\u0131nan bilgiye g\u00f6re, k\u00fclt\u00fcr varl\u0131\u011f\u0131 ka\u00e7ak\u00e7\u0131l\u0131\u011f\u0131n\u0131n \u00f6nlenmesi ve yurt d\u0131\u015f\u0131nda bulunan T\u00fcrkiye k\u00f6kenli eserlerin geri kazan\u0131lmas\u0131 amac\u0131yla ilgili kurumlarla koordinasyon halinde [&hellip;]<\/p>\n","protected":false},"author":7,"featured_media":63329,"comment_status":"open","ping_status":"open","sticky":false,"template":"","format":"standard","meta":{"footnotes":""},"categories":[1],"tags":[],"class_list":["post-63328","post","type-post","status-publish","format-standard","has-post-thumbnail","hentry","category-haberler"],"yoast_head":"<!-- This site is optimized with the Yoast SEO plugin v27.4 - https:\/\/yoast.com\/product\/yoast-seo-wordpress\/ -->\n<title>Yurt d\u0131\u015f\u0131ndaki 4 bin 862 k\u00fclt\u00fcr varl\u0131\u011f\u0131 T\u00fcrkiye\u2019ye iade edildi - Bati Ermenistan Ve Bati Ermenileri Sorunlari Ara\u015ftirmalar Merkezi<\/title>\n<meta name=\"robots\" content=\"index, follow, max-snippet:-1, max-image-preview:large, max-video-preview:-1\" \/>\n<link rel=\"canonical\" href=\"https:\/\/akunq.net\/tr\/?p=63328\" \/>\n<meta property=\"og:locale\" content=\"en_US\" \/>\n<meta property=\"og:type\" content=\"article\" \/>\n<meta property=\"og:title\" content=\"Yurt d\u0131\u015f\u0131ndaki 4 bin 862 k\u00fclt\u00fcr varl\u0131\u011f\u0131 T\u00fcrkiye\u2019ye iade edildi - Bati Ermenistan Ve Bati Ermenileri Sorunlari Ara\u015ftirmalar Merkezi\" \/>\n<meta property=\"og:description\" content=\"K\u00fclt\u00fcr ve Turizm Bakanl\u0131\u011f\u0131nca 2003 y\u0131l\u0131ndan bu yana T\u00fcrkiye\u2019nin yurt d\u0131\u015f\u0131nda bulunan k\u00fclt\u00fcr varl\u0131klar\u0131ndan 4 bin 862\u2019si \u00fclkeye getirilirken, bunlardan 423\u2019\u00fcn\u00fcn iadesi bu y\u0131l\u0131n ilk 6 ay\u0131nda sa\u011fland\u0131. Buket G\u00fcven K\u00fclt\u00fcr ve Turizm Bakanl\u0131\u011f\u0131ndan al\u0131nan bilgiye g\u00f6re, k\u00fclt\u00fcr varl\u0131\u011f\u0131 ka\u00e7ak\u00e7\u0131l\u0131\u011f\u0131n\u0131n \u00f6nlenmesi ve yurt d\u0131\u015f\u0131nda bulunan T\u00fcrkiye k\u00f6kenli eserlerin geri kazan\u0131lmas\u0131 amac\u0131yla ilgili kurumlarla koordinasyon halinde [&hellip;]\" \/>\n<meta property=\"og:url\" content=\"https:\/\/akunq.net\/tr\/?p=63328\" \/>\n<meta property=\"og:site_name\" content=\"Bati Ermenistan Ve Bati Ermenileri Sorunlari Ara\u015ftirmalar Merkezi\" \/>\n<meta property=\"article:published_time\" content=\"2021-06-16T08:27:20+00:00\" \/>\n<meta property=\"og:image\" content=\"https:\/\/akunq.net\/tr\/wp-content\/uploads\/sites\/6\/2021\/06\/Ankara-Anadolu-Medeniyetleri-M\u00fczesi.jpg\" \/>\n\t<meta property=\"og:image:width\" content=\"707\" \/>\n\t<meta property=\"og:image:height\" content=\"410\" \/>\n\t<meta property=\"og:image:type\" content=\"image\/jpeg\" \/>\n<meta name=\"author\" content=\"admin\" \/>\n<meta name=\"twitter:card\" content=\"summary_large_image\" \/>\n<meta name=\"twitter:label1\" content=\"Written by\" \/>\n\t<meta name=\"twitter:data1\" content=\"admin\" \/>\n\t<meta name=\"twitter:label2\" content=\"Est. reading time\" \/>\n\t<meta name=\"twitter:data2\" content=\"3 minutes\" \/>\n<script type=\"application\/ld+json\" class=\"yoast-schema-graph\">{\"@context\":\"https:\\\/\\\/schema.org\",\"@graph\":[{\"@type\":\"Article\",\"@id\":\"https:\\\/\\\/akunq.net\\\/tr\\\/?p=63328#article\",\"isPartOf\":{\"@id\":\"https:\\\/\\\/akunq.net\\\/tr\\\/?p=63328\"},\"author\":{\"name\":\"admin\",\"@id\":\"https:\\\/\\\/akunq.net\\\/tr\\\/#\\\/schema\\\/person\\\/096f1d38a12cce57fb855b485ed24c9e\"},\"headline\":\"Yurt d\u0131\u015f\u0131ndaki 4 bin 862 k\u00fclt\u00fcr varl\u0131\u011f\u0131 T\u00fcrkiye\u2019ye iade edildi\",\"datePublished\":\"2021-06-16T08:27:20+00:00\",\"mainEntityOfPage\":{\"@id\":\"https:\\\/\\\/akunq.net\\\/tr\\\/?p=63328\"},\"wordCount\":565,\"commentCount\":0,\"image\":{\"@id\":\"https:\\\/\\\/akunq.net\\\/tr\\\/?p=63328#primaryimage\"},\"thumbnailUrl\":\"https:\\\/\\\/akunq.net\\\/tr\\\/wp-content\\\/uploads\\\/sites\\\/6\\\/2021\\\/06\\\/Ankara-Anadolu-Medeniyetleri-M\u00fczesi.jpg\",\"articleSection\":[\"Haberler\"],\"inLanguage\":\"en-US\",\"potentialAction\":[{\"@type\":\"CommentAction\",\"name\":\"Comment\",\"target\":[\"https:\\\/\\\/akunq.net\\\/tr\\\/?p=63328#respond\"]}]},{\"@type\":\"WebPage\",\"@id\":\"https:\\\/\\\/akunq.net\\\/tr\\\/?p=63328\",\"url\":\"https:\\\/\\\/akunq.net\\\/tr\\\/?p=63328\",\"name\":\"Yurt d\u0131\u015f\u0131ndaki 4 bin 862 k\u00fclt\u00fcr varl\u0131\u011f\u0131 T\u00fcrkiye\u2019ye iade edildi - Bati Ermenistan Ve Bati Ermenileri Sorunlari Ara\u015ftirmalar Merkezi\",\"isPartOf\":{\"@id\":\"https:\\\/\\\/akunq.net\\\/tr\\\/#website\"},\"primaryImageOfPage\":{\"@id\":\"https:\\\/\\\/akunq.net\\\/tr\\\/?p=63328#primaryimage\"},\"image\":{\"@id\":\"https:\\\/\\\/akunq.net\\\/tr\\\/?p=63328#primaryimage\"},\"thumbnailUrl\":\"https:\\\/\\\/akunq.net\\\/tr\\\/wp-content\\\/uploads\\\/sites\\\/6\\\/2021\\\/06\\\/Ankara-Anadolu-Medeniyetleri-M\u00fczesi.jpg\",\"datePublished\":\"2021-06-16T08:27:20+00:00\",\"author\":{\"@id\":\"https:\\\/\\\/akunq.net\\\/tr\\\/#\\\/schema\\\/person\\\/096f1d38a12cce57fb855b485ed24c9e\"},\"breadcrumb\":{\"@id\":\"https:\\\/\\\/akunq.net\\\/tr\\\/?p=63328#breadcrumb\"},\"inLanguage\":\"en-US\",\"potentialAction\":[{\"@type\":\"ReadAction\",\"target\":[\"https:\\\/\\\/akunq.net\\\/tr\\\/?p=63328\"]}]},{\"@type\":\"ImageObject\",\"inLanguage\":\"en-US\",\"@id\":\"https:\\\/\\\/akunq.net\\\/tr\\\/?p=63328#primaryimage\",\"url\":\"https:\\\/\\\/akunq.net\\\/tr\\\/wp-content\\\/uploads\\\/sites\\\/6\\\/2021\\\/06\\\/Ankara-Anadolu-Medeniyetleri-M\u00fczesi.jpg\",\"contentUrl\":\"https:\\\/\\\/akunq.net\\\/tr\\\/wp-content\\\/uploads\\\/sites\\\/6\\\/2021\\\/06\\\/Ankara-Anadolu-Medeniyetleri-M\u00fczesi.jpg\",\"width\":707,\"height\":410},{\"@type\":\"BreadcrumbList\",\"@id\":\"https:\\\/\\\/akunq.net\\\/tr\\\/?p=63328#breadcrumb\",\"itemListElement\":[{\"@type\":\"ListItem\",\"position\":1,\"name\":\"Home\",\"item\":\"https:\\\/\\\/akunq.net\\\/tr\"},{\"@type\":\"ListItem\",\"position\":2,\"name\":\"Yurt d\u0131\u015f\u0131ndaki 4 bin 862 k\u00fclt\u00fcr varl\u0131\u011f\u0131 T\u00fcrkiye\u2019ye iade edildi\"}]},{\"@type\":\"WebSite\",\"@id\":\"https:\\\/\\\/akunq.net\\\/tr\\\/#website\",\"url\":\"https:\\\/\\\/akunq.net\\\/tr\\\/\",\"name\":\"Bati Ermenistan Ve Bati Ermenileri Sorunlari Ara\u015ftirmalar Merkezi\",\"description\":\"\",\"potentialAction\":[{\"@type\":\"SearchAction\",\"target\":{\"@type\":\"EntryPoint\",\"urlTemplate\":\"https:\\\/\\\/akunq.net\\\/tr\\\/?s={search_term_string}\"},\"query-input\":{\"@type\":\"PropertyValueSpecification\",\"valueRequired\":true,\"valueName\":\"search_term_string\"}}],\"inLanguage\":\"en-US\"},{\"@type\":\"Person\",\"@id\":\"https:\\\/\\\/akunq.net\\\/tr\\\/#\\\/schema\\\/person\\\/096f1d38a12cce57fb855b485ed24c9e\",\"name\":\"admin\",\"url\":\"https:\\\/\\\/akunq.net\\\/tr\\\/?author=7\"}]}<\/script>\n<!-- \/ Yoast SEO plugin. -->","yoast_head_json":{"title":"Yurt d\u0131\u015f\u0131ndaki 4 bin 862 k\u00fclt\u00fcr varl\u0131\u011f\u0131 T\u00fcrkiye\u2019ye iade edildi - Bati Ermenistan Ve Bati Ermenileri Sorunlari Ara\u015ftirmalar Merkezi","robots":{"index":"index","follow":"follow","max-snippet":"max-snippet:-1","max-image-preview":"max-image-preview:large","max-video-preview":"max-video-preview:-1"},"canonical":"https:\/\/akunq.net\/tr\/?p=63328","og_locale":"en_US","og_type":"article","og_title":"Yurt d\u0131\u015f\u0131ndaki 4 bin 862 k\u00fclt\u00fcr varl\u0131\u011f\u0131 T\u00fcrkiye\u2019ye iade edildi - Bati Ermenistan Ve Bati Ermenileri Sorunlari Ara\u015ftirmalar Merkezi","og_description":"K\u00fclt\u00fcr ve Turizm Bakanl\u0131\u011f\u0131nca 2003 y\u0131l\u0131ndan bu yana T\u00fcrkiye\u2019nin yurt d\u0131\u015f\u0131nda bulunan k\u00fclt\u00fcr varl\u0131klar\u0131ndan 4 bin 862\u2019si \u00fclkeye getirilirken, bunlardan 423\u2019\u00fcn\u00fcn iadesi bu y\u0131l\u0131n ilk 6 ay\u0131nda sa\u011fland\u0131. Buket G\u00fcven K\u00fclt\u00fcr ve Turizm Bakanl\u0131\u011f\u0131ndan al\u0131nan bilgiye g\u00f6re, k\u00fclt\u00fcr varl\u0131\u011f\u0131 ka\u00e7ak\u00e7\u0131l\u0131\u011f\u0131n\u0131n \u00f6nlenmesi ve yurt d\u0131\u015f\u0131nda bulunan T\u00fcrkiye k\u00f6kenli eserlerin geri kazan\u0131lmas\u0131 amac\u0131yla ilgili kurumlarla koordinasyon halinde [&hellip;]","og_url":"https:\/\/akunq.net\/tr\/?p=63328","og_site_name":"Bati Ermenistan Ve Bati Ermenileri Sorunlari Ara\u015ftirmalar Merkezi","article_published_time":"2021-06-16T08:27:20+00:00","og_image":[{"width":707,"height":410,"url":"https:\/\/akunq.net\/tr\/wp-content\/uploads\/sites\/6\/2021\/06\/Ankara-Anadolu-Medeniyetleri-M\u00fczesi.jpg","type":"image\/jpeg"}],"author":"admin","twitter_card":"summary_large_image","twitter_misc":{"Written by":"admin","Est. reading time":"3 minutes"},"schema":{"@context":"https:\/\/schema.org","@graph":[{"@type":"Article","@id":"https:\/\/akunq.net\/tr\/?p=63328#article","isPartOf":{"@id":"https:\/\/akunq.net\/tr\/?p=63328"},"author":{"name":"admin","@id":"https:\/\/akunq.net\/tr\/#\/schema\/person\/096f1d38a12cce57fb855b485ed24c9e"},"headline":"Yurt d\u0131\u015f\u0131ndaki 4 bin 862 k\u00fclt\u00fcr varl\u0131\u011f\u0131 T\u00fcrkiye\u2019ye iade edildi","datePublished":"2021-06-16T08:27:20+00:00","mainEntityOfPage":{"@id":"https:\/\/akunq.net\/tr\/?p=63328"},"wordCount":565,"commentCount":0,"image":{"@id":"https:\/\/akunq.net\/tr\/?p=63328#primaryimage"},"thumbnailUrl":"https:\/\/akunq.net\/tr\/wp-content\/uploads\/sites\/6\/2021\/06\/Ankara-Anadolu-Medeniyetleri-M\u00fczesi.jpg","articleSection":["Haberler"],"inLanguage":"en-US","potentialAction":[{"@type":"CommentAction","name":"Comment","target":["https:\/\/akunq.net\/tr\/?p=63328#respond"]}]},{"@type":"WebPage","@id":"https:\/\/akunq.net\/tr\/?p=63328","url":"https:\/\/akunq.net\/tr\/?p=63328","name":"Yurt d\u0131\u015f\u0131ndaki 4 bin 862 k\u00fclt\u00fcr varl\u0131\u011f\u0131 T\u00fcrkiye\u2019ye iade edildi - Bati Ermenistan Ve Bati Ermenileri Sorunlari Ara\u015ftirmalar Merkezi","isPartOf":{"@id":"https:\/\/akunq.net\/tr\/#website"},"primaryImageOfPage":{"@id":"https:\/\/akunq.net\/tr\/?p=63328#primaryimage"},"image":{"@id":"https:\/\/akunq.net\/tr\/?p=63328#primaryimage"},"thumbnailUrl":"https:\/\/akunq.net\/tr\/wp-content\/uploads\/sites\/6\/2021\/06\/Ankara-Anadolu-Medeniyetleri-M\u00fczesi.jpg","datePublished":"2021-06-16T08:27:20+00:00","author":{"@id":"https:\/\/akunq.net\/tr\/#\/schema\/person\/096f1d38a12cce57fb855b485ed24c9e"},"breadcrumb":{"@id":"https:\/\/akunq.net\/tr\/?p=63328#breadcrumb"},"inLanguage":"en-US","potentialAction":[{"@type":"ReadAction","target":["https:\/\/akunq.net\/tr\/?p=63328"]}]},{"@type":"ImageObject","inLanguage":"en-US","@id":"https:\/\/akunq.net\/tr\/?p=63328#primaryimage","url":"https:\/\/akunq.net\/tr\/wp-content\/uploads\/sites\/6\/2021\/06\/Ankara-Anadolu-Medeniyetleri-M\u00fczesi.jpg","contentUrl":"https:\/\/akunq.net\/tr\/wp-content\/uploads\/sites\/6\/2021\/06\/Ankara-Anadolu-Medeniyetleri-M\u00fczesi.jpg","width":707,"height":410},{"@type":"BreadcrumbList","@id":"https:\/\/akunq.net\/tr\/?p=63328#breadcrumb","itemListElement":[{"@type":"ListItem","position":1,"name":"Home","item":"https:\/\/akunq.net\/tr"},{"@type":"ListItem","position":2,"name":"Yurt d\u0131\u015f\u0131ndaki 4 bin 862 k\u00fclt\u00fcr varl\u0131\u011f\u0131 T\u00fcrkiye\u2019ye iade edildi"}]},{"@type":"WebSite","@id":"https:\/\/akunq.net\/tr\/#website","url":"https:\/\/akunq.net\/tr\/","name":"Bati Ermenistan Ve Bati Ermenileri Sorunlari Ara\u015ftirmalar Merkezi","description":"","potentialAction":[{"@type":"SearchAction","target":{"@type":"EntryPoint","urlTemplate":"https:\/\/akunq.net\/tr\/?s={search_term_string}"},"query-input":{"@type":"PropertyValueSpecification","valueRequired":true,"valueName":"search_term_string"}}],"inLanguage":"en-US"},{"@type":"Person","@id":"https:\/\/akunq.net\/tr\/#\/schema\/person\/096f1d38a12cce57fb855b485ed24c9e","name":"admin","url":"https:\/\/akunq.net\/tr\/?author=7"}]}},"_links":{"self":[{"href":"https:\/\/akunq.net\/tr\/index.php?rest_route=\/wp\/v2\/posts\/63328","targetHints":{"allow":["GET"]}}],"collection":[{"href":"https:\/\/akunq.net\/tr\/index.php?rest_route=\/wp\/v2\/posts"}],"about":[{"href":"https:\/\/akunq.net\/tr\/index.php?rest_route=\/wp\/v2\/types\/post"}],"author":[{"embeddable":true,"href":"https:\/\/akunq.net\/tr\/index.php?rest_route=\/wp\/v2\/users\/7"}],"replies":[{"embeddable":true,"href":"https:\/\/akunq.net\/tr\/index.php?rest_route=%2Fwp%2Fv2%2Fcomments&post=63328"}],"version-history":[{"count":1,"href":"https:\/\/akunq.net\/tr\/index.php?rest_route=\/wp\/v2\/posts\/63328\/revisions"}],"predecessor-version":[{"id":63330,"href":"https:\/\/akunq.net\/tr\/index.php?rest_route=\/wp\/v2\/posts\/63328\/revisions\/63330"}],"wp:featuredmedia":[{"embeddable":true,"href":"https:\/\/akunq.net\/tr\/index.php?rest_route=\/wp\/v2\/media\/63329"}],"wp:attachment":[{"href":"https:\/\/akunq.net\/tr\/index.php?rest_route=%2Fwp%2Fv2%2Fmedia&parent=63328"}],"wp:term":[{"taxonomy":"category","embeddable":true,"href":"https:\/\/akunq.net\/tr\/index.php?rest_route=%2Fwp%2Fv2%2Fcategories&post=63328"},{"taxonomy":"post_tag","embeddable":true,"href":"https:\/\/akunq.net\/tr\/index.php?rest_route=%2Fwp%2Fv2%2Ftags&post=63328"}],"curies":[{"name":"wp","href":"https:\/\/api.w.org\/{rel}","templated":true}]}}