{"id":63319,"date":"2021-06-16T01:52:17","date_gmt":"2021-06-16T06:52:17","guid":{"rendered":"https:\/\/akunq.net\/tr\/?p=63319"},"modified":"2021-06-16T01:52:17","modified_gmt":"2021-06-16T06:52:17","slug":"putin-ve-biden-gorusmesinde-karabagdaki-duruma-ozel-dikkat-edilecek","status":"publish","type":"post","link":"https:\/\/akunq.net\/tr\/?p=63319","title":{"rendered":"Putin ve Biden g\u00f6r\u00fc\u015fmesinde Karaba\u011f\u2019daki duruma \u00f6zel dikkat edilecek"},"content":{"rendered":"<p><img loading=\"lazy\" decoding=\"async\" class=\"size-medium wp-image-63320\" src=\"https:\/\/akunq.net\/tr\/wp-content\/uploads\/2021\/06\/Biden-Putin-360x240.jpg\" alt=\"\" width=\"360\" height=\"240\" srcset=\"https:\/\/akunq.net\/tr\/wp-content\/uploads\/sites\/6\/2021\/06\/Biden-Putin-360x240.jpg 360w, https:\/\/akunq.net\/tr\/wp-content\/uploads\/sites\/6\/2021\/06\/Biden-Putin-768x512.jpg 768w, https:\/\/akunq.net\/tr\/wp-content\/uploads\/sites\/6\/2021\/06\/Biden-Putin-560x373.jpg 560w, https:\/\/akunq.net\/tr\/wp-content\/uploads\/sites\/6\/2021\/06\/Biden-Putin-260x173.jpg 260w, https:\/\/akunq.net\/tr\/wp-content\/uploads\/sites\/6\/2021\/06\/Biden-Putin-160x107.jpg 160w, https:\/\/akunq.net\/tr\/wp-content\/uploads\/sites\/6\/2021\/06\/Biden-Putin.jpg 770w\" sizes=\"auto, (max-width: 360px) 100vw, 360px\" \/><\/p>\n<p><em><strong>Rusya Devlet Ba\u015fkan\u0131 Vladimir Putin\u2019in Yard\u0131mc\u0131s\u0131 Yuri U\u015fakov ABD Devlet Ba\u015fkan\u0131 Joe Biden ile Putin aras\u0131nda ger\u00e7ekle\u015fecek olan g\u00f6r\u00fc\u015fmeyle ilgili a\u00e7\u0131klamalarda bulundu.<\/strong><\/em><\/p>\n<p>Cenevre\u2019de \u00f6ng\u00f6r\u00fclen g\u00f6r\u00fc\u015fme s\u0131ras\u0131nda Yak\u0131n Do\u011fu, Ukrayna ve Da\u011fl\u0131k Karaba\u011f ile ilgili konular ele al\u0131nmas\u0131 bekleniyor.<\/p>\n<p>Yuri U\u015fakov\u2019un s\u00f6zlerine g\u00f6re Rusya-ABD ikili ili\u015fkilerde mevcut durum, perspektifler, stratejik istikrar, enformasyon g\u00fcvenli\u011fi, siber su\u00e7lar gibi meselelere de de\u011finilecek.<\/p>\n<p>Rusya Devlet Ba\u015fkan\u0131 Yard\u0131mc\u0131s\u0131 Yuri U\u015fakov Da\u011fl\u0131k Karaba\u011f meselesinin de iki lider aras\u0131nda d\u00fczenlenecek g\u00f6r\u00fc\u015fmede \u00f6nemli yer alaca\u011f\u0131n\u0131 belirtti.<\/p>\n<p><em><strong>https:\/\/www.ermenihaber.am\/tr\/news\/2021\/06\/15\/Putin-Biden-g%C3%B6r%C3%BC%C5%9Fmesinde-Karaba%C4%9F\/209875\u00a0<\/strong><\/em><\/p>\n","protected":false},"excerpt":{"rendered":"<p>Rusya Devlet Ba\u015fkan\u0131 Vladimir Putin\u2019in Yard\u0131mc\u0131s\u0131 Yuri U\u015fakov ABD Devlet Ba\u015fkan\u0131 Joe Biden ile Putin aras\u0131nda ger\u00e7ekle\u015fecek olan g\u00f6r\u00fc\u015fmeyle ilgili a\u00e7\u0131klamalarda bulundu. Cenevre\u2019de \u00f6ng\u00f6r\u00fclen g\u00f6r\u00fc\u015fme s\u0131ras\u0131nda Yak\u0131n Do\u011fu, Ukrayna ve Da\u011fl\u0131k Karaba\u011f ile ilgili konular ele al\u0131nmas\u0131 bekleniyor. Yuri U\u015fakov\u2019un s\u00f6zlerine g\u00f6re Rusya-ABD ikili ili\u015fkilerde mevcut durum, perspektifler, stratejik istikrar, enformasyon g\u00fcvenli\u011fi, siber su\u00e7lar gibi [&hellip;]<\/p>\n","protected":false},"author":7,"featured_media":63320,"comment_status":"open","ping_status":"open","sticky":false,"template":"","format":"standard","meta":{"footnotes":""},"categories":[1],"tags":[],"class_list":["post-63319","post","type-post","status-publish","format-standard","has-post-thumbnail","hentry","category-haberler"],"yoast_head":"<!-- This site is optimized with the Yoast SEO plugin v27.4 - https:\/\/yoast.com\/product\/yoast-seo-wordpress\/ -->\n<title>Putin ve Biden g\u00f6r\u00fc\u015fmesinde Karaba\u011f\u2019daki duruma \u00f6zel dikkat edilecek - Bati Ermenistan Ve Bati Ermenileri Sorunlari Ara\u015ftirmalar Merkezi<\/title>\n<meta name=\"robots\" content=\"index, follow, max-snippet:-1, max-image-preview:large, max-video-preview:-1\" \/>\n<link rel=\"canonical\" href=\"https:\/\/akunq.net\/tr\/?p=63319\" \/>\n<meta property=\"og:locale\" content=\"en_US\" \/>\n<meta property=\"og:type\" content=\"article\" \/>\n<meta property=\"og:title\" content=\"Putin ve Biden g\u00f6r\u00fc\u015fmesinde Karaba\u011f\u2019daki duruma \u00f6zel dikkat edilecek - Bati Ermenistan Ve Bati Ermenileri Sorunlari Ara\u015ftirmalar Merkezi\" \/>\n<meta property=\"og:description\" content=\"Rusya Devlet Ba\u015fkan\u0131 Vladimir Putin\u2019in Yard\u0131mc\u0131s\u0131 Yuri U\u015fakov ABD Devlet Ba\u015fkan\u0131 Joe Biden ile Putin aras\u0131nda ger\u00e7ekle\u015fecek olan g\u00f6r\u00fc\u015fmeyle ilgili a\u00e7\u0131klamalarda bulundu. Cenevre\u2019de \u00f6ng\u00f6r\u00fclen g\u00f6r\u00fc\u015fme s\u0131ras\u0131nda Yak\u0131n Do\u011fu, Ukrayna ve Da\u011fl\u0131k Karaba\u011f ile ilgili konular ele al\u0131nmas\u0131 bekleniyor. Yuri U\u015fakov\u2019un s\u00f6zlerine g\u00f6re Rusya-ABD ikili ili\u015fkilerde mevcut durum, perspektifler, stratejik istikrar, enformasyon g\u00fcvenli\u011fi, siber su\u00e7lar gibi [&hellip;]\" \/>\n<meta property=\"og:url\" content=\"https:\/\/akunq.net\/tr\/?p=63319\" \/>\n<meta property=\"og:site_name\" content=\"Bati Ermenistan Ve Bati Ermenileri Sorunlari Ara\u015ftirmalar Merkezi\" \/>\n<meta property=\"article:published_time\" content=\"2021-06-16T06:52:17+00:00\" \/>\n<meta property=\"og:image\" content=\"https:\/\/akunq.net\/tr\/wp-content\/uploads\/sites\/6\/2021\/06\/Biden-Putin.jpg\" \/>\n\t<meta property=\"og:image:width\" content=\"770\" \/>\n\t<meta property=\"og:image:height\" content=\"513\" \/>\n\t<meta property=\"og:image:type\" content=\"image\/jpeg\" \/>\n<meta name=\"author\" content=\"admin\" \/>\n<meta name=\"twitter:card\" content=\"summary_large_image\" \/>\n<meta name=\"twitter:label1\" content=\"Written by\" \/>\n\t<meta name=\"twitter:data1\" content=\"admin\" \/>\n\t<meta name=\"twitter:label2\" content=\"Est. reading time\" \/>\n\t<meta name=\"twitter:data2\" content=\"1 minute\" \/>\n<script type=\"application\/ld+json\" class=\"yoast-schema-graph\">{\"@context\":\"https:\\\/\\\/schema.org\",\"@graph\":[{\"@type\":\"Article\",\"@id\":\"https:\\\/\\\/akunq.net\\\/tr\\\/?p=63319#article\",\"isPartOf\":{\"@id\":\"https:\\\/\\\/akunq.net\\\/tr\\\/?p=63319\"},\"author\":{\"name\":\"admin\",\"@id\":\"https:\\\/\\\/akunq.net\\\/tr\\\/#\\\/schema\\\/person\\\/096f1d38a12cce57fb855b485ed24c9e\"},\"headline\":\"Putin ve Biden g\u00f6r\u00fc\u015fmesinde Karaba\u011f\u2019daki duruma \u00f6zel dikkat edilecek\",\"datePublished\":\"2021-06-16T06:52:17+00:00\",\"mainEntityOfPage\":{\"@id\":\"https:\\\/\\\/akunq.net\\\/tr\\\/?p=63319\"},\"wordCount\":149,\"commentCount\":0,\"image\":{\"@id\":\"https:\\\/\\\/akunq.net\\\/tr\\\/?p=63319#primaryimage\"},\"thumbnailUrl\":\"https:\\\/\\\/akunq.net\\\/tr\\\/wp-content\\\/uploads\\\/sites\\\/6\\\/2021\\\/06\\\/Biden-Putin.jpg\",\"articleSection\":[\"Haberler\"],\"inLanguage\":\"en-US\",\"potentialAction\":[{\"@type\":\"CommentAction\",\"name\":\"Comment\",\"target\":[\"https:\\\/\\\/akunq.net\\\/tr\\\/?p=63319#respond\"]}]},{\"@type\":\"WebPage\",\"@id\":\"https:\\\/\\\/akunq.net\\\/tr\\\/?p=63319\",\"url\":\"https:\\\/\\\/akunq.net\\\/tr\\\/?p=63319\",\"name\":\"Putin ve Biden g\u00f6r\u00fc\u015fmesinde Karaba\u011f\u2019daki duruma \u00f6zel dikkat edilecek - Bati Ermenistan Ve Bati Ermenileri Sorunlari Ara\u015ftirmalar Merkezi\",\"isPartOf\":{\"@id\":\"https:\\\/\\\/akunq.net\\\/tr\\\/#website\"},\"primaryImageOfPage\":{\"@id\":\"https:\\\/\\\/akunq.net\\\/tr\\\/?p=63319#primaryimage\"},\"image\":{\"@id\":\"https:\\\/\\\/akunq.net\\\/tr\\\/?p=63319#primaryimage\"},\"thumbnailUrl\":\"https:\\\/\\\/akunq.net\\\/tr\\\/wp-content\\\/uploads\\\/sites\\\/6\\\/2021\\\/06\\\/Biden-Putin.jpg\",\"datePublished\":\"2021-06-16T06:52:17+00:00\",\"author\":{\"@id\":\"https:\\\/\\\/akunq.net\\\/tr\\\/#\\\/schema\\\/person\\\/096f1d38a12cce57fb855b485ed24c9e\"},\"breadcrumb\":{\"@id\":\"https:\\\/\\\/akunq.net\\\/tr\\\/?p=63319#breadcrumb\"},\"inLanguage\":\"en-US\",\"potentialAction\":[{\"@type\":\"ReadAction\",\"target\":[\"https:\\\/\\\/akunq.net\\\/tr\\\/?p=63319\"]}]},{\"@type\":\"ImageObject\",\"inLanguage\":\"en-US\",\"@id\":\"https:\\\/\\\/akunq.net\\\/tr\\\/?p=63319#primaryimage\",\"url\":\"https:\\\/\\\/akunq.net\\\/tr\\\/wp-content\\\/uploads\\\/sites\\\/6\\\/2021\\\/06\\\/Biden-Putin.jpg\",\"contentUrl\":\"https:\\\/\\\/akunq.net\\\/tr\\\/wp-content\\\/uploads\\\/sites\\\/6\\\/2021\\\/06\\\/Biden-Putin.jpg\",\"width\":770,\"height\":513,\"caption\":\"U.S. President Joe Biden attends a meeting with NATO Secretary General Jens Stoltenberg during a NATO summit, at the Alliance's headquarters in Brussels, Belgium, June 14, 2021. Stephanie Lecocq\\\/Pool via REUTERS\"},{\"@type\":\"BreadcrumbList\",\"@id\":\"https:\\\/\\\/akunq.net\\\/tr\\\/?p=63319#breadcrumb\",\"itemListElement\":[{\"@type\":\"ListItem\",\"position\":1,\"name\":\"Home\",\"item\":\"https:\\\/\\\/akunq.net\\\/tr\"},{\"@type\":\"ListItem\",\"position\":2,\"name\":\"Putin ve Biden g\u00f6r\u00fc\u015fmesinde Karaba\u011f\u2019daki duruma \u00f6zel dikkat edilecek\"}]},{\"@type\":\"WebSite\",\"@id\":\"https:\\\/\\\/akunq.net\\\/tr\\\/#website\",\"url\":\"https:\\\/\\\/akunq.net\\\/tr\\\/\",\"name\":\"Bati Ermenistan Ve Bati Ermenileri Sorunlari Ara\u015ftirmalar Merkezi\",\"description\":\"\",\"potentialAction\":[{\"@type\":\"SearchAction\",\"target\":{\"@type\":\"EntryPoint\",\"urlTemplate\":\"https:\\\/\\\/akunq.net\\\/tr\\\/?s={search_term_string}\"},\"query-input\":{\"@type\":\"PropertyValueSpecification\",\"valueRequired\":true,\"valueName\":\"search_term_string\"}}],\"inLanguage\":\"en-US\"},{\"@type\":\"Person\",\"@id\":\"https:\\\/\\\/akunq.net\\\/tr\\\/#\\\/schema\\\/person\\\/096f1d38a12cce57fb855b485ed24c9e\",\"name\":\"admin\",\"url\":\"https:\\\/\\\/akunq.net\\\/tr\\\/?author=7\"}]}<\/script>\n<!-- \/ Yoast SEO plugin. -->","yoast_head_json":{"title":"Putin ve Biden g\u00f6r\u00fc\u015fmesinde Karaba\u011f\u2019daki duruma \u00f6zel dikkat edilecek - Bati Ermenistan Ve Bati Ermenileri Sorunlari Ara\u015ftirmalar Merkezi","robots":{"index":"index","follow":"follow","max-snippet":"max-snippet:-1","max-image-preview":"max-image-preview:large","max-video-preview":"max-video-preview:-1"},"canonical":"https:\/\/akunq.net\/tr\/?p=63319","og_locale":"en_US","og_type":"article","og_title":"Putin ve Biden g\u00f6r\u00fc\u015fmesinde Karaba\u011f\u2019daki duruma \u00f6zel dikkat edilecek - Bati Ermenistan Ve Bati Ermenileri Sorunlari Ara\u015ftirmalar Merkezi","og_description":"Rusya Devlet Ba\u015fkan\u0131 Vladimir Putin\u2019in Yard\u0131mc\u0131s\u0131 Yuri U\u015fakov ABD Devlet Ba\u015fkan\u0131 Joe Biden ile Putin aras\u0131nda ger\u00e7ekle\u015fecek olan g\u00f6r\u00fc\u015fmeyle ilgili a\u00e7\u0131klamalarda bulundu. Cenevre\u2019de \u00f6ng\u00f6r\u00fclen g\u00f6r\u00fc\u015fme s\u0131ras\u0131nda Yak\u0131n Do\u011fu, Ukrayna ve Da\u011fl\u0131k Karaba\u011f ile ilgili konular ele al\u0131nmas\u0131 bekleniyor. Yuri U\u015fakov\u2019un s\u00f6zlerine g\u00f6re Rusya-ABD ikili ili\u015fkilerde mevcut durum, perspektifler, stratejik istikrar, enformasyon g\u00fcvenli\u011fi, siber su\u00e7lar gibi [&hellip;]","og_url":"https:\/\/akunq.net\/tr\/?p=63319","og_site_name":"Bati Ermenistan Ve Bati Ermenileri Sorunlari Ara\u015ftirmalar Merkezi","article_published_time":"2021-06-16T06:52:17+00:00","og_image":[{"width":770,"height":513,"url":"https:\/\/akunq.net\/tr\/wp-content\/uploads\/sites\/6\/2021\/06\/Biden-Putin.jpg","type":"image\/jpeg"}],"author":"admin","twitter_card":"summary_large_image","twitter_misc":{"Written by":"admin","Est. reading time":"1 minute"},"schema":{"@context":"https:\/\/schema.org","@graph":[{"@type":"Article","@id":"https:\/\/akunq.net\/tr\/?p=63319#article","isPartOf":{"@id":"https:\/\/akunq.net\/tr\/?p=63319"},"author":{"name":"admin","@id":"https:\/\/akunq.net\/tr\/#\/schema\/person\/096f1d38a12cce57fb855b485ed24c9e"},"headline":"Putin ve Biden g\u00f6r\u00fc\u015fmesinde Karaba\u011f\u2019daki duruma \u00f6zel dikkat edilecek","datePublished":"2021-06-16T06:52:17+00:00","mainEntityOfPage":{"@id":"https:\/\/akunq.net\/tr\/?p=63319"},"wordCount":149,"commentCount":0,"image":{"@id":"https:\/\/akunq.net\/tr\/?p=63319#primaryimage"},"thumbnailUrl":"https:\/\/akunq.net\/tr\/wp-content\/uploads\/sites\/6\/2021\/06\/Biden-Putin.jpg","articleSection":["Haberler"],"inLanguage":"en-US","potentialAction":[{"@type":"CommentAction","name":"Comment","target":["https:\/\/akunq.net\/tr\/?p=63319#respond"]}]},{"@type":"WebPage","@id":"https:\/\/akunq.net\/tr\/?p=63319","url":"https:\/\/akunq.net\/tr\/?p=63319","name":"Putin ve Biden g\u00f6r\u00fc\u015fmesinde Karaba\u011f\u2019daki duruma \u00f6zel dikkat edilecek - Bati Ermenistan Ve Bati Ermenileri Sorunlari Ara\u015ftirmalar Merkezi","isPartOf":{"@id":"https:\/\/akunq.net\/tr\/#website"},"primaryImageOfPage":{"@id":"https:\/\/akunq.net\/tr\/?p=63319#primaryimage"},"image":{"@id":"https:\/\/akunq.net\/tr\/?p=63319#primaryimage"},"thumbnailUrl":"https:\/\/akunq.net\/tr\/wp-content\/uploads\/sites\/6\/2021\/06\/Biden-Putin.jpg","datePublished":"2021-06-16T06:52:17+00:00","author":{"@id":"https:\/\/akunq.net\/tr\/#\/schema\/person\/096f1d38a12cce57fb855b485ed24c9e"},"breadcrumb":{"@id":"https:\/\/akunq.net\/tr\/?p=63319#breadcrumb"},"inLanguage":"en-US","potentialAction":[{"@type":"ReadAction","target":["https:\/\/akunq.net\/tr\/?p=63319"]}]},{"@type":"ImageObject","inLanguage":"en-US","@id":"https:\/\/akunq.net\/tr\/?p=63319#primaryimage","url":"https:\/\/akunq.net\/tr\/wp-content\/uploads\/sites\/6\/2021\/06\/Biden-Putin.jpg","contentUrl":"https:\/\/akunq.net\/tr\/wp-content\/uploads\/sites\/6\/2021\/06\/Biden-Putin.jpg","width":770,"height":513,"caption":"U.S. President Joe Biden attends a meeting with NATO Secretary General Jens Stoltenberg during a NATO summit, at the Alliance's headquarters in Brussels, Belgium, June 14, 2021. Stephanie Lecocq\/Pool via REUTERS"},{"@type":"BreadcrumbList","@id":"https:\/\/akunq.net\/tr\/?p=63319#breadcrumb","itemListElement":[{"@type":"ListItem","position":1,"name":"Home","item":"https:\/\/akunq.net\/tr"},{"@type":"ListItem","position":2,"name":"Putin ve Biden g\u00f6r\u00fc\u015fmesinde Karaba\u011f\u2019daki duruma \u00f6zel dikkat edilecek"}]},{"@type":"WebSite","@id":"https:\/\/akunq.net\/tr\/#website","url":"https:\/\/akunq.net\/tr\/","name":"Bati Ermenistan Ve Bati Ermenileri Sorunlari Ara\u015ftirmalar Merkezi","description":"","potentialAction":[{"@type":"SearchAction","target":{"@type":"EntryPoint","urlTemplate":"https:\/\/akunq.net\/tr\/?s={search_term_string}"},"query-input":{"@type":"PropertyValueSpecification","valueRequired":true,"valueName":"search_term_string"}}],"inLanguage":"en-US"},{"@type":"Person","@id":"https:\/\/akunq.net\/tr\/#\/schema\/person\/096f1d38a12cce57fb855b485ed24c9e","name":"admin","url":"https:\/\/akunq.net\/tr\/?author=7"}]}},"_links":{"self":[{"href":"https:\/\/akunq.net\/tr\/index.php?rest_route=\/wp\/v2\/posts\/63319","targetHints":{"allow":["GET"]}}],"collection":[{"href":"https:\/\/akunq.net\/tr\/index.php?rest_route=\/wp\/v2\/posts"}],"about":[{"href":"https:\/\/akunq.net\/tr\/index.php?rest_route=\/wp\/v2\/types\/post"}],"author":[{"embeddable":true,"href":"https:\/\/akunq.net\/tr\/index.php?rest_route=\/wp\/v2\/users\/7"}],"replies":[{"embeddable":true,"href":"https:\/\/akunq.net\/tr\/index.php?rest_route=%2Fwp%2Fv2%2Fcomments&post=63319"}],"version-history":[{"count":1,"href":"https:\/\/akunq.net\/tr\/index.php?rest_route=\/wp\/v2\/posts\/63319\/revisions"}],"predecessor-version":[{"id":63321,"href":"https:\/\/akunq.net\/tr\/index.php?rest_route=\/wp\/v2\/posts\/63319\/revisions\/63321"}],"wp:featuredmedia":[{"embeddable":true,"href":"https:\/\/akunq.net\/tr\/index.php?rest_route=\/wp\/v2\/media\/63320"}],"wp:attachment":[{"href":"https:\/\/akunq.net\/tr\/index.php?rest_route=%2Fwp%2Fv2%2Fmedia&parent=63319"}],"wp:term":[{"taxonomy":"category","embeddable":true,"href":"https:\/\/akunq.net\/tr\/index.php?rest_route=%2Fwp%2Fv2%2Fcategories&post=63319"},{"taxonomy":"post_tag","embeddable":true,"href":"https:\/\/akunq.net\/tr\/index.php?rest_route=%2Fwp%2Fv2%2Ftags&post=63319"}],"curies":[{"name":"wp","href":"https:\/\/api.w.org\/{rel}","templated":true}]}}