{"id":63316,"date":"2021-06-16T01:28:11","date_gmt":"2021-06-16T06:28:11","guid":{"rendered":"https:\/\/akunq.net\/tr\/?p=63316"},"modified":"2021-06-16T01:28:11","modified_gmt":"2021-06-16T06:28:11","slug":"erdogan-biden-ile-gorustu-24-nisan-gundeme-gelmedi","status":"publish","type":"post","link":"https:\/\/akunq.net\/tr\/?p=63316","title":{"rendered":"Erdo\u011fan Biden ile g\u00f6r\u00fc\u015ft\u00fc, 24 Nisan g\u00fcndeme gelmedi"},"content":{"rendered":"<p><img loading=\"lazy\" decoding=\"async\" class=\"aligncenter size-medium wp-image-63317\" src=\"https:\/\/akunq.net\/tr\/wp-content\/uploads\/2021\/06\/Erdo\u011fan-Biden-360x203.jpeg\" alt=\"\" width=\"360\" height=\"203\" srcset=\"https:\/\/akunq.net\/tr\/wp-content\/uploads\/sites\/6\/2021\/06\/Erdo\u011fan-Biden-360x203.jpeg 360w, https:\/\/akunq.net\/tr\/wp-content\/uploads\/sites\/6\/2021\/06\/Erdo\u011fan-Biden-768x432.jpeg 768w, https:\/\/akunq.net\/tr\/wp-content\/uploads\/sites\/6\/2021\/06\/Erdo\u011fan-Biden-560x315.jpeg 560w, https:\/\/akunq.net\/tr\/wp-content\/uploads\/sites\/6\/2021\/06\/Erdo\u011fan-Biden-260x146.jpeg 260w, https:\/\/akunq.net\/tr\/wp-content\/uploads\/sites\/6\/2021\/06\/Erdo\u011fan-Biden-160x90.jpeg 160w, https:\/\/akunq.net\/tr\/wp-content\/uploads\/sites\/6\/2021\/06\/Erdo\u011fan-Biden.jpeg 1280w\" sizes=\"auto, (max-width: 360px) 100vw, 360px\" \/><\/p>\n<p><em><strong>Cumhurba\u015fkan\u0131 Erdo\u011fan ve ABD Ba\u015fkan\u0131 Biden NATO Zirvesi \u00e7er\u00e7evesinde Br\u00fcksel&#8217;de y\u00fcz y\u00fcze bir g\u00f6r\u00fc\u015fme yapt\u0131. \u0130ki taraf da g\u00f6r\u00fc\u015fmenin olumlu ge\u00e7ti\u011fi g\u00f6r\u00fc\u015f\u00fcnde.<\/strong><\/em><\/p>\n<p>Erdo\u011fan ba\u015fkan se\u00e7ilmesinin ard\u0131ndan Biden ile ilk kez y\u00fcz y\u00fcze g\u00f6r\u00fc\u015ft\u00fc. Erdo\u011fan g\u00f6r\u00fc\u015fmeden \u00f6nce yapt\u0131\u011f\u0131 a\u00e7\u0131klamalarda Biden&#8217;\u0131n Ermeni Soyk\u0131r\u0131m\u0131&#8217;n\u0131 tan\u0131mas\u0131na at\u0131fta bulunarak bu konuyla ilgili h\u00fck\u00fcmetin rahats\u0131zl\u0131\u011f\u0131n\u0131 dile getirece\u011fini s\u00f6ylemi\u015fti.<\/p>\n<p>Erdo\u011fan g\u00f6r\u00fc\u015fme sonras\u0131nda \u015funlar\u0131 s\u00f6yledi:<\/p>\n<p>&#8220;Biden\u2019la meseleleri yap\u0131c\u0131 bir yakla\u015f\u0131mla ele ald\u0131k. Ortak \u00e7al\u0131\u015fmalar\u0131 g\u00f6r\u00fc\u015ft\u00fck&#8221;<\/p>\n<p>&#8220;\u0130ki m\u00fcttefik ve stratejik orta\u011fa yak\u0131\u015f\u0131r bi\u00e7imde mutab\u0131k kald\u0131k&#8221;<\/p>\n<p>&#8220;Son derece yararl\u0131 ve samimi bir g\u00f6r\u00fc\u015fme oldu. Say\u0131n Biden\u2019la i\u015fbirli\u011fimizi art\u0131raca\u011f\u0131z. ABD\u2019yle aram\u0131zda \u00e7\u00f6z\u00fclemeyecek bir mesele yok. Tam tersine i\u015fbirli\u011fi alanlar\u0131m\u0131z\u0131n sorun ba\u015fl\u0131klar\u0131ndan daha geni\u015f bir g\u00f6r\u00fcn\u00fcm sergiledi\u011fini d\u00fc\u015f\u00fcn\u00fcyoruz.&#8221;<\/p>\n<p>Yap\u0131lan a\u00e7\u0131klamalara g\u00f6re T\u00fcrkiye&#8217;nin Afganistan&#8217;da g\u00f6rev almas\u0131 g\u00fcndemde.<\/p>\n<p>Erdo\u011fan 24 Nisan konusunun g\u00fcndeme gelip gelmedi\u011finin sorulmas\u0131 \u00fczerine de &#8220;Hamdolsun g\u00fcndeme gelmedi&#8221; yan\u0131t\u0131n\u0131 verdi.<\/p>\n<p>Erdo\u011fan, &#8220;Gerek zirve hitab\u0131m\u0131zda gerekse ikili g\u00f6r\u00fc\u015fmelerimizde PKK\/PYD&#8217;ye verilen deste\u011fin art\u0131k sonland\u0131r\u0131lmas\u0131 gerekti\u011fini a\u00e7\u0131k\u00e7a dile getirdik.&#8221; ifadelerini kulland\u0131.<\/p>\n<p>Cumhurba\u015fkan\u0131 Erdo\u011fan&#8217;\u0131n a\u00e7\u0131klamalar\u0131ndan\u00a0 di\u011fer sat\u0131r ba\u015flar\u0131 \u015f\u00f6yle:<\/p>\n<p>-&#8220;(Kabil Havaliman\u0131&#8217;n\u0131n g\u00fcvenli\u011finin sa\u011flanmas\u0131) Pakistan&#8217;\u0131 yan\u0131m\u0131za alma d\u00fc\u015f\u00fcncemizi, Macaristan&#8217;\u0131 yan\u0131m\u0131za alma d\u00fc\u015f\u00fcncemizi kendilerine (Biden) s\u00f6yledik.&#8221;<\/p>\n<p>-&#8220;(Fransa Cumhurba\u015fkan\u0131 Macron) &#8216;\u0130slam&#8217;a kar\u015f\u0131 olmam s\u00f6z konusu de\u011fildir, bunu bir dost olarak size s\u00f6yl\u00fcyorum.&#8217; dedi.<\/p>\n<p>-&#8220;Afganistan&#8217;dan \u00e7\u0131kmam\u0131z istenmiyorsa, diplomatik, lojistik, mali konularda ABD&#8217;nin bize verece\u011fi destek b\u00fcy\u00fck \u00f6nem arz ediyor.&#8221;<\/p>\n<p>&#8220;Yunanistan Ba\u015fbakan\u0131 Mi\u00e7otakis ile g\u00fczel bir g\u00f6r\u00fc\u015fme&#8221; ge\u00e7ti\u011fini s\u00f6yleyen Cumhurba\u015fkan\u0131 ayr\u0131ca &#8216;Gerek Ege gerek di\u011fer b\u00f6lgelerde olsun, \u00fc\u00e7\u00fcnc\u00fc \u00fclke veya ki\u015fileri bu i\u015fe kar\u0131\u015ft\u0131rmayal\u0131m&#8217; dedim.&#8221; ifadelerini kulland\u0131.<\/p>\n<p><em><strong>http:\/\/www.agos.com.tr\/tr\/yazi\/25782\/erdogan-biden-ile-gorustu-24-nisan-gundeme-gelmedi\u00a0<\/strong><\/em><\/p>\n","protected":false},"excerpt":{"rendered":"<p>Cumhurba\u015fkan\u0131 Erdo\u011fan ve ABD Ba\u015fkan\u0131 Biden NATO Zirvesi \u00e7er\u00e7evesinde Br\u00fcksel&#8217;de y\u00fcz y\u00fcze bir g\u00f6r\u00fc\u015fme yapt\u0131. \u0130ki taraf da g\u00f6r\u00fc\u015fmenin olumlu ge\u00e7ti\u011fi g\u00f6r\u00fc\u015f\u00fcnde. Erdo\u011fan ba\u015fkan se\u00e7ilmesinin ard\u0131ndan Biden ile ilk kez y\u00fcz y\u00fcze g\u00f6r\u00fc\u015ft\u00fc. Erdo\u011fan g\u00f6r\u00fc\u015fmeden \u00f6nce yapt\u0131\u011f\u0131 a\u00e7\u0131klamalarda Biden&#8217;\u0131n Ermeni Soyk\u0131r\u0131m\u0131&#8217;n\u0131 tan\u0131mas\u0131na at\u0131fta bulunarak bu konuyla ilgili h\u00fck\u00fcmetin rahats\u0131zl\u0131\u011f\u0131n\u0131 dile getirece\u011fini s\u00f6ylemi\u015fti. Erdo\u011fan g\u00f6r\u00fc\u015fme sonras\u0131nda [&hellip;]<\/p>\n","protected":false},"author":7,"featured_media":63317,"comment_status":"open","ping_status":"open","sticky":false,"template":"","format":"standard","meta":{"footnotes":""},"categories":[1],"tags":[],"class_list":["post-63316","post","type-post","status-publish","format-standard","has-post-thumbnail","hentry","category-haberler"],"yoast_head":"<!-- This site is optimized with the Yoast SEO plugin v27.4 - https:\/\/yoast.com\/product\/yoast-seo-wordpress\/ -->\n<title>Erdo\u011fan Biden ile g\u00f6r\u00fc\u015ft\u00fc, 24 Nisan g\u00fcndeme gelmedi - Bati Ermenistan Ve Bati Ermenileri Sorunlari Ara\u015ftirmalar Merkezi<\/title>\n<meta name=\"robots\" content=\"index, follow, max-snippet:-1, max-image-preview:large, max-video-preview:-1\" \/>\n<link rel=\"canonical\" href=\"https:\/\/akunq.net\/tr\/?p=63316\" \/>\n<meta property=\"og:locale\" content=\"en_US\" \/>\n<meta property=\"og:type\" content=\"article\" \/>\n<meta property=\"og:title\" content=\"Erdo\u011fan Biden ile g\u00f6r\u00fc\u015ft\u00fc, 24 Nisan g\u00fcndeme gelmedi - Bati Ermenistan Ve Bati Ermenileri Sorunlari Ara\u015ftirmalar Merkezi\" \/>\n<meta property=\"og:description\" content=\"Cumhurba\u015fkan\u0131 Erdo\u011fan ve ABD Ba\u015fkan\u0131 Biden NATO Zirvesi \u00e7er\u00e7evesinde Br\u00fcksel&#8217;de y\u00fcz y\u00fcze bir g\u00f6r\u00fc\u015fme yapt\u0131. \u0130ki taraf da g\u00f6r\u00fc\u015fmenin olumlu ge\u00e7ti\u011fi g\u00f6r\u00fc\u015f\u00fcnde. Erdo\u011fan ba\u015fkan se\u00e7ilmesinin ard\u0131ndan Biden ile ilk kez y\u00fcz y\u00fcze g\u00f6r\u00fc\u015ft\u00fc. Erdo\u011fan g\u00f6r\u00fc\u015fmeden \u00f6nce yapt\u0131\u011f\u0131 a\u00e7\u0131klamalarda Biden&#8217;\u0131n Ermeni Soyk\u0131r\u0131m\u0131&#8217;n\u0131 tan\u0131mas\u0131na at\u0131fta bulunarak bu konuyla ilgili h\u00fck\u00fcmetin rahats\u0131zl\u0131\u011f\u0131n\u0131 dile getirece\u011fini s\u00f6ylemi\u015fti. Erdo\u011fan g\u00f6r\u00fc\u015fme sonras\u0131nda [&hellip;]\" \/>\n<meta property=\"og:url\" content=\"https:\/\/akunq.net\/tr\/?p=63316\" \/>\n<meta property=\"og:site_name\" content=\"Bati Ermenistan Ve Bati Ermenileri Sorunlari Ara\u015ftirmalar Merkezi\" \/>\n<meta property=\"article:published_time\" content=\"2021-06-16T06:28:11+00:00\" \/>\n<meta property=\"og:image\" content=\"https:\/\/akunq.net\/tr\/wp-content\/uploads\/sites\/6\/2021\/06\/Erdo\u011fan-Biden.jpeg\" \/>\n\t<meta property=\"og:image:width\" content=\"1280\" \/>\n\t<meta property=\"og:image:height\" content=\"720\" \/>\n\t<meta property=\"og:image:type\" content=\"image\/jpeg\" \/>\n<meta name=\"author\" content=\"admin\" \/>\n<meta name=\"twitter:card\" content=\"summary_large_image\" \/>\n<meta name=\"twitter:label1\" content=\"Written by\" \/>\n\t<meta name=\"twitter:data1\" content=\"admin\" \/>\n\t<meta name=\"twitter:label2\" content=\"Est. reading time\" \/>\n\t<meta name=\"twitter:data2\" content=\"2 minutes\" \/>\n<script type=\"application\/ld+json\" class=\"yoast-schema-graph\">{\"@context\":\"https:\\\/\\\/schema.org\",\"@graph\":[{\"@type\":\"Article\",\"@id\":\"https:\\\/\\\/akunq.net\\\/tr\\\/?p=63316#article\",\"isPartOf\":{\"@id\":\"https:\\\/\\\/akunq.net\\\/tr\\\/?p=63316\"},\"author\":{\"name\":\"admin\",\"@id\":\"https:\\\/\\\/akunq.net\\\/tr\\\/#\\\/schema\\\/person\\\/096f1d38a12cce57fb855b485ed24c9e\"},\"headline\":\"Erdo\u011fan Biden ile g\u00f6r\u00fc\u015ft\u00fc, 24 Nisan g\u00fcndeme gelmedi\",\"datePublished\":\"2021-06-16T06:28:11+00:00\",\"mainEntityOfPage\":{\"@id\":\"https:\\\/\\\/akunq.net\\\/tr\\\/?p=63316\"},\"wordCount\":407,\"commentCount\":0,\"image\":{\"@id\":\"https:\\\/\\\/akunq.net\\\/tr\\\/?p=63316#primaryimage\"},\"thumbnailUrl\":\"https:\\\/\\\/akunq.net\\\/tr\\\/wp-content\\\/uploads\\\/sites\\\/6\\\/2021\\\/06\\\/Erdo\u011fan-Biden.jpeg\",\"articleSection\":[\"Haberler\"],\"inLanguage\":\"en-US\",\"potentialAction\":[{\"@type\":\"CommentAction\",\"name\":\"Comment\",\"target\":[\"https:\\\/\\\/akunq.net\\\/tr\\\/?p=63316#respond\"]}]},{\"@type\":\"WebPage\",\"@id\":\"https:\\\/\\\/akunq.net\\\/tr\\\/?p=63316\",\"url\":\"https:\\\/\\\/akunq.net\\\/tr\\\/?p=63316\",\"name\":\"Erdo\u011fan Biden ile g\u00f6r\u00fc\u015ft\u00fc, 24 Nisan g\u00fcndeme gelmedi - Bati Ermenistan Ve Bati Ermenileri Sorunlari Ara\u015ftirmalar Merkezi\",\"isPartOf\":{\"@id\":\"https:\\\/\\\/akunq.net\\\/tr\\\/#website\"},\"primaryImageOfPage\":{\"@id\":\"https:\\\/\\\/akunq.net\\\/tr\\\/?p=63316#primaryimage\"},\"image\":{\"@id\":\"https:\\\/\\\/akunq.net\\\/tr\\\/?p=63316#primaryimage\"},\"thumbnailUrl\":\"https:\\\/\\\/akunq.net\\\/tr\\\/wp-content\\\/uploads\\\/sites\\\/6\\\/2021\\\/06\\\/Erdo\u011fan-Biden.jpeg\",\"datePublished\":\"2021-06-16T06:28:11+00:00\",\"author\":{\"@id\":\"https:\\\/\\\/akunq.net\\\/tr\\\/#\\\/schema\\\/person\\\/096f1d38a12cce57fb855b485ed24c9e\"},\"breadcrumb\":{\"@id\":\"https:\\\/\\\/akunq.net\\\/tr\\\/?p=63316#breadcrumb\"},\"inLanguage\":\"en-US\",\"potentialAction\":[{\"@type\":\"ReadAction\",\"target\":[\"https:\\\/\\\/akunq.net\\\/tr\\\/?p=63316\"]}]},{\"@type\":\"ImageObject\",\"inLanguage\":\"en-US\",\"@id\":\"https:\\\/\\\/akunq.net\\\/tr\\\/?p=63316#primaryimage\",\"url\":\"https:\\\/\\\/akunq.net\\\/tr\\\/wp-content\\\/uploads\\\/sites\\\/6\\\/2021\\\/06\\\/Erdo\u011fan-Biden.jpeg\",\"contentUrl\":\"https:\\\/\\\/akunq.net\\\/tr\\\/wp-content\\\/uploads\\\/sites\\\/6\\\/2021\\\/06\\\/Erdo\u011fan-Biden.jpeg\",\"width\":1280,\"height\":720},{\"@type\":\"BreadcrumbList\",\"@id\":\"https:\\\/\\\/akunq.net\\\/tr\\\/?p=63316#breadcrumb\",\"itemListElement\":[{\"@type\":\"ListItem\",\"position\":1,\"name\":\"Home\",\"item\":\"https:\\\/\\\/akunq.net\\\/tr\"},{\"@type\":\"ListItem\",\"position\":2,\"name\":\"Erdo\u011fan Biden ile g\u00f6r\u00fc\u015ft\u00fc, 24 Nisan g\u00fcndeme gelmedi\"}]},{\"@type\":\"WebSite\",\"@id\":\"https:\\\/\\\/akunq.net\\\/tr\\\/#website\",\"url\":\"https:\\\/\\\/akunq.net\\\/tr\\\/\",\"name\":\"Bati Ermenistan Ve Bati Ermenileri Sorunlari Ara\u015ftirmalar Merkezi\",\"description\":\"\",\"potentialAction\":[{\"@type\":\"SearchAction\",\"target\":{\"@type\":\"EntryPoint\",\"urlTemplate\":\"https:\\\/\\\/akunq.net\\\/tr\\\/?s={search_term_string}\"},\"query-input\":{\"@type\":\"PropertyValueSpecification\",\"valueRequired\":true,\"valueName\":\"search_term_string\"}}],\"inLanguage\":\"en-US\"},{\"@type\":\"Person\",\"@id\":\"https:\\\/\\\/akunq.net\\\/tr\\\/#\\\/schema\\\/person\\\/096f1d38a12cce57fb855b485ed24c9e\",\"name\":\"admin\",\"url\":\"https:\\\/\\\/akunq.net\\\/tr\\\/?author=7\"}]}<\/script>\n<!-- \/ Yoast SEO plugin. -->","yoast_head_json":{"title":"Erdo\u011fan Biden ile g\u00f6r\u00fc\u015ft\u00fc, 24 Nisan g\u00fcndeme gelmedi - Bati Ermenistan Ve Bati Ermenileri Sorunlari Ara\u015ftirmalar Merkezi","robots":{"index":"index","follow":"follow","max-snippet":"max-snippet:-1","max-image-preview":"max-image-preview:large","max-video-preview":"max-video-preview:-1"},"canonical":"https:\/\/akunq.net\/tr\/?p=63316","og_locale":"en_US","og_type":"article","og_title":"Erdo\u011fan Biden ile g\u00f6r\u00fc\u015ft\u00fc, 24 Nisan g\u00fcndeme gelmedi - Bati Ermenistan Ve Bati Ermenileri Sorunlari Ara\u015ftirmalar Merkezi","og_description":"Cumhurba\u015fkan\u0131 Erdo\u011fan ve ABD Ba\u015fkan\u0131 Biden NATO Zirvesi \u00e7er\u00e7evesinde Br\u00fcksel&#8217;de y\u00fcz y\u00fcze bir g\u00f6r\u00fc\u015fme yapt\u0131. \u0130ki taraf da g\u00f6r\u00fc\u015fmenin olumlu ge\u00e7ti\u011fi g\u00f6r\u00fc\u015f\u00fcnde. Erdo\u011fan ba\u015fkan se\u00e7ilmesinin ard\u0131ndan Biden ile ilk kez y\u00fcz y\u00fcze g\u00f6r\u00fc\u015ft\u00fc. Erdo\u011fan g\u00f6r\u00fc\u015fmeden \u00f6nce yapt\u0131\u011f\u0131 a\u00e7\u0131klamalarda Biden&#8217;\u0131n Ermeni Soyk\u0131r\u0131m\u0131&#8217;n\u0131 tan\u0131mas\u0131na at\u0131fta bulunarak bu konuyla ilgili h\u00fck\u00fcmetin rahats\u0131zl\u0131\u011f\u0131n\u0131 dile getirece\u011fini s\u00f6ylemi\u015fti. Erdo\u011fan g\u00f6r\u00fc\u015fme sonras\u0131nda [&hellip;]","og_url":"https:\/\/akunq.net\/tr\/?p=63316","og_site_name":"Bati Ermenistan Ve Bati Ermenileri Sorunlari Ara\u015ftirmalar Merkezi","article_published_time":"2021-06-16T06:28:11+00:00","og_image":[{"width":1280,"height":720,"url":"https:\/\/akunq.net\/tr\/wp-content\/uploads\/sites\/6\/2021\/06\/Erdo\u011fan-Biden.jpeg","type":"image\/jpeg"}],"author":"admin","twitter_card":"summary_large_image","twitter_misc":{"Written by":"admin","Est. reading time":"2 minutes"},"schema":{"@context":"https:\/\/schema.org","@graph":[{"@type":"Article","@id":"https:\/\/akunq.net\/tr\/?p=63316#article","isPartOf":{"@id":"https:\/\/akunq.net\/tr\/?p=63316"},"author":{"name":"admin","@id":"https:\/\/akunq.net\/tr\/#\/schema\/person\/096f1d38a12cce57fb855b485ed24c9e"},"headline":"Erdo\u011fan Biden ile g\u00f6r\u00fc\u015ft\u00fc, 24 Nisan g\u00fcndeme gelmedi","datePublished":"2021-06-16T06:28:11+00:00","mainEntityOfPage":{"@id":"https:\/\/akunq.net\/tr\/?p=63316"},"wordCount":407,"commentCount":0,"image":{"@id":"https:\/\/akunq.net\/tr\/?p=63316#primaryimage"},"thumbnailUrl":"https:\/\/akunq.net\/tr\/wp-content\/uploads\/sites\/6\/2021\/06\/Erdo\u011fan-Biden.jpeg","articleSection":["Haberler"],"inLanguage":"en-US","potentialAction":[{"@type":"CommentAction","name":"Comment","target":["https:\/\/akunq.net\/tr\/?p=63316#respond"]}]},{"@type":"WebPage","@id":"https:\/\/akunq.net\/tr\/?p=63316","url":"https:\/\/akunq.net\/tr\/?p=63316","name":"Erdo\u011fan Biden ile g\u00f6r\u00fc\u015ft\u00fc, 24 Nisan g\u00fcndeme gelmedi - Bati Ermenistan Ve Bati Ermenileri Sorunlari Ara\u015ftirmalar Merkezi","isPartOf":{"@id":"https:\/\/akunq.net\/tr\/#website"},"primaryImageOfPage":{"@id":"https:\/\/akunq.net\/tr\/?p=63316#primaryimage"},"image":{"@id":"https:\/\/akunq.net\/tr\/?p=63316#primaryimage"},"thumbnailUrl":"https:\/\/akunq.net\/tr\/wp-content\/uploads\/sites\/6\/2021\/06\/Erdo\u011fan-Biden.jpeg","datePublished":"2021-06-16T06:28:11+00:00","author":{"@id":"https:\/\/akunq.net\/tr\/#\/schema\/person\/096f1d38a12cce57fb855b485ed24c9e"},"breadcrumb":{"@id":"https:\/\/akunq.net\/tr\/?p=63316#breadcrumb"},"inLanguage":"en-US","potentialAction":[{"@type":"ReadAction","target":["https:\/\/akunq.net\/tr\/?p=63316"]}]},{"@type":"ImageObject","inLanguage":"en-US","@id":"https:\/\/akunq.net\/tr\/?p=63316#primaryimage","url":"https:\/\/akunq.net\/tr\/wp-content\/uploads\/sites\/6\/2021\/06\/Erdo\u011fan-Biden.jpeg","contentUrl":"https:\/\/akunq.net\/tr\/wp-content\/uploads\/sites\/6\/2021\/06\/Erdo\u011fan-Biden.jpeg","width":1280,"height":720},{"@type":"BreadcrumbList","@id":"https:\/\/akunq.net\/tr\/?p=63316#breadcrumb","itemListElement":[{"@type":"ListItem","position":1,"name":"Home","item":"https:\/\/akunq.net\/tr"},{"@type":"ListItem","position":2,"name":"Erdo\u011fan Biden ile g\u00f6r\u00fc\u015ft\u00fc, 24 Nisan g\u00fcndeme gelmedi"}]},{"@type":"WebSite","@id":"https:\/\/akunq.net\/tr\/#website","url":"https:\/\/akunq.net\/tr\/","name":"Bati Ermenistan Ve Bati Ermenileri Sorunlari Ara\u015ftirmalar Merkezi","description":"","potentialAction":[{"@type":"SearchAction","target":{"@type":"EntryPoint","urlTemplate":"https:\/\/akunq.net\/tr\/?s={search_term_string}"},"query-input":{"@type":"PropertyValueSpecification","valueRequired":true,"valueName":"search_term_string"}}],"inLanguage":"en-US"},{"@type":"Person","@id":"https:\/\/akunq.net\/tr\/#\/schema\/person\/096f1d38a12cce57fb855b485ed24c9e","name":"admin","url":"https:\/\/akunq.net\/tr\/?author=7"}]}},"_links":{"self":[{"href":"https:\/\/akunq.net\/tr\/index.php?rest_route=\/wp\/v2\/posts\/63316","targetHints":{"allow":["GET"]}}],"collection":[{"href":"https:\/\/akunq.net\/tr\/index.php?rest_route=\/wp\/v2\/posts"}],"about":[{"href":"https:\/\/akunq.net\/tr\/index.php?rest_route=\/wp\/v2\/types\/post"}],"author":[{"embeddable":true,"href":"https:\/\/akunq.net\/tr\/index.php?rest_route=\/wp\/v2\/users\/7"}],"replies":[{"embeddable":true,"href":"https:\/\/akunq.net\/tr\/index.php?rest_route=%2Fwp%2Fv2%2Fcomments&post=63316"}],"version-history":[{"count":1,"href":"https:\/\/akunq.net\/tr\/index.php?rest_route=\/wp\/v2\/posts\/63316\/revisions"}],"predecessor-version":[{"id":63318,"href":"https:\/\/akunq.net\/tr\/index.php?rest_route=\/wp\/v2\/posts\/63316\/revisions\/63318"}],"wp:featuredmedia":[{"embeddable":true,"href":"https:\/\/akunq.net\/tr\/index.php?rest_route=\/wp\/v2\/media\/63317"}],"wp:attachment":[{"href":"https:\/\/akunq.net\/tr\/index.php?rest_route=%2Fwp%2Fv2%2Fmedia&parent=63316"}],"wp:term":[{"taxonomy":"category","embeddable":true,"href":"https:\/\/akunq.net\/tr\/index.php?rest_route=%2Fwp%2Fv2%2Fcategories&post=63316"},{"taxonomy":"post_tag","embeddable":true,"href":"https:\/\/akunq.net\/tr\/index.php?rest_route=%2Fwp%2Fv2%2Ftags&post=63316"}],"curies":[{"name":"wp","href":"https:\/\/api.w.org\/{rel}","templated":true}]}}