{"id":63309,"date":"2021-06-15T05:37:21","date_gmt":"2021-06-15T10:37:21","guid":{"rendered":"https:\/\/akunq.net\/tr\/?p=63309"},"modified":"2021-06-15T05:37:56","modified_gmt":"2021-06-15T10:37:56","slug":"medeniyetleri-bulusturan-kemaliye-akn-akunq-web-sitesi-unesconun-kalici-miras-listesine-girmek-istiyor","status":"publish","type":"post","link":"https:\/\/akunq.net\/tr\/?p=63309","title":{"rendered":"Medeniyetleri bulu\u015fturan Kemaliye (Akn-&#8216;Akunq&#8217; web sitesi) UNESCO\u2019nun kal\u0131c\u0131 miras listesine girmek istiyor"},"content":{"rendered":"<h4><img loading=\"lazy\" decoding=\"async\" class=\"aligncenter size-medium wp-image-63311\" src=\"https:\/\/akunq.net\/tr\/wp-content\/uploads\/2021\/06\/Kemaliye-360x203.jpg\" alt=\"\" width=\"360\" height=\"203\" srcset=\"https:\/\/akunq.net\/tr\/wp-content\/uploads\/sites\/6\/2021\/06\/Kemaliye-360x203.jpg 360w, https:\/\/akunq.net\/tr\/wp-content\/uploads\/sites\/6\/2021\/06\/Kemaliye-768x432.jpg 768w, https:\/\/akunq.net\/tr\/wp-content\/uploads\/sites\/6\/2021\/06\/Kemaliye-560x315.jpg 560w, https:\/\/akunq.net\/tr\/wp-content\/uploads\/sites\/6\/2021\/06\/Kemaliye-260x146.jpg 260w, https:\/\/akunq.net\/tr\/wp-content\/uploads\/sites\/6\/2021\/06\/Kemaliye-160x90.jpg 160w, https:\/\/akunq.net\/tr\/wp-content\/uploads\/sites\/6\/2021\/06\/Kemaliye.jpg 864w\" sizes=\"auto, (max-width: 360px) 100vw, 360px\" \/><\/h4>\n<h4><em><strong>UNESCO\u2019nun D\u00fcnya Miras Ge\u00e7ici Listesi\u2019nde yer alan, bir\u00e7ok medeniyete ev sahipli\u011fi yapan Erzincan\u2019\u0131n Kemaliye il\u00e7esi, tarihi yap\u0131lar\u0131, d\u00fcnyaca \u00fcnl\u00fc Karanl\u0131k Kanyon ve do\u011fal g\u00fczellikleriyle ilgi \u00e7ekiyor.<\/strong><\/em><\/h4>\n<p><strong>Kemal \u00d6zdemir \u00a0<\/strong><\/p>\n<p><strong>Birle\u015fmi\u015f Milletler E\u011fitim, Bilim ve K\u00fclt\u00fcr \u00d6rg\u00fct\u00fcn\u00fcn (UNESCO)\u00a0<\/strong>D\u00fcnya Ge\u00e7ici Miras Listesi\u2019ne al\u0131nan\u00a0<strong>Erzincan\u2019\u0131n Kemaliye il\u00e7esi,\u00a0<\/strong>bir\u00e7ok medeniyete ev sahipli\u011fi yapan ve milattan \u00f6nce 3 binli y\u0131llara dayanan tarihi ile k\u00fclt\u00fcrel zenginli\u011finin yan\u0131 s\u0131ra do\u011fal g\u00fczelli\u011fiyle de\u00a0<strong>UNESCO\u2019nun kal\u0131c\u0131 listesine girmek istiyor.<\/strong><\/p>\n<p>Paris\u2019te bir s\u00fcre \u00f6nce ger\u00e7ekle\u015ftirilen UNESCO D\u00fcnya Miras Komitesi Toplant\u0131s\u0131nda al\u0131nan karar sonras\u0131, do\u011fal g\u00fczelli\u011fiyle ve binlerce y\u0131ll\u0131k k\u00fclt\u00fcrel miras\u0131yla adeta a\u00e7\u0131k hava m\u00fczesi konumundaki Kemaliye il\u00e7esinin \u201cD\u00fcnya K\u00fclt\u00fcr Miras\u0131\u201d ge\u00e7ici listesine girmesi y\u00f6re halk\u0131 taraf\u0131ndan sevin\u00e7le kar\u015f\u0131land\u0131.<\/p>\n<figure class=\"wp-block-image\"><img decoding=\"async\" src=\"https:\/\/i0.wp.com\/www.aa.com.tr\/uploads\/userFiles\/7fc6ad83-e801-4dd2-b1c1-974abd5a6af0\/2021%2Fhaziran%2F20210614_2_48744901_66062229-1120.jpg?ssl=1\" alt=\"\" data-recalc-dims=\"1\" \/><\/figure>\n<p>Ge\u00e7mi\u015fi milattan \u00f6nce (M.\u00d6) 3 binli y\u0131llara dayanan d\u00fcnyaca \u00fcnl\u00fc Karanl\u0131k Kanyonun yan\u0131 ba\u015f\u0131ndaki Kemaliye\u2019de (E\u011fin) Roma, Bizans, \u0130lhanl\u0131, Akkoyunlu, Sel\u00e7uklu ve Osmanl\u0131 h\u00fck\u00fcm s\u00fcrd\u00fc.<\/p>\n<p>Tarihte \u201ccennet gibi g\u00fczel bah\u00e7e\u201d anlam\u0131na gelen E\u011fin ismi, il\u00e7e sakinlerinin Kurtulu\u015f Sava\u015f\u0131\u2019na verdikleri destekten \u00f6t\u00fcr\u00fc Mustafa Kemal Atat\u00fcrk taraf\u0131ndan kendi isminden esinlenilerek Kemaliye olarak de\u011fi\u015ftirildi.<\/p>\n<p>Tarihi ipek yolu g\u00fczergah\u0131nda yer alan, bir\u00e7ok medeniyete ev sahipli\u011fi yapan, mimarisiyle Anadolu\u2019nun k\u00fclt\u00fcrel yap\u0131s\u0131n\u0131 yans\u0131tan Kemaliye il\u00e7esi, baz\u0131lar\u0131 ah\u015fap olan pek \u00e7ok tarihi yap\u0131n\u0131n g\u00fcn\u00fcm\u00fcze geldi\u011fi kadim yerle\u015fim yerleri aras\u0131nda bulunuyor.<\/p>\n<p>G\u00fcn\u00fcm\u00fczde tarihi yap\u0131lar\u0131yla medeniyetlerin izlerini ta\u015f\u0131yan ve bir\u00e7ok uluslararas\u0131 festival ile organizasyona ev sahipli\u011fi yapan Kemaliye\u2019nin UNESCO\u2019nun kal\u0131c\u0131 miras listesine girmesi i\u00e7in \u00e7al\u0131\u015fma y\u00fcr\u00fct\u00fcl\u00fcyor.<\/p>\n<figure class=\"wp-block-image\"><img decoding=\"async\" src=\"https:\/\/i2.wp.com\/www.aa.com.tr\/uploads\/userFiles\/7fc6ad83-e801-4dd2-b1c1-974abd5a6af0\/2021%2Fhaziran%2F20210614_2_48744901_66062235-1120.jpg?ssl=1\" alt=\"\" data-recalc-dims=\"1\" \/><\/figure>\n<p>Kemaliye Belediye Ba\u015fkan Vekili Etem K\u0131l\u0131\u00e7, AA muhabirine, Kemaliye\u2019nin UNESCO D\u00fcnya Ge\u00e7ici Miras Listesi\u2019ne al\u0131nmas\u0131yla insanl\u0131\u011f\u0131n ortak miras\u0131 olarak kabul edilmesi yolunda \u00f6nemli ad\u0131m at\u0131ld\u0131\u011f\u0131n\u0131 s\u00f6yledi.<\/p>\n<p>\u015eirin il\u00e7e Kemaliye\u2019nin bu listeye hem do\u011fal hem de k\u00fclt\u00fcrel yap\u0131s\u0131yla girdi\u011finin alt\u0131n\u0131 \u00e7izen K\u0131l\u0131\u00e7, s\u00f6zlerini \u015f\u00f6yle s\u00fcrd\u00fcrd\u00fc:<\/p>\n<p>\u201cUNESCO, yapt\u0131\u011f\u0131m\u0131z ba\u015fvuruyla Paris\u2019teki toplant\u0131da Kemaliye\u2019yi co\u011frafyas\u0131 ve k\u00fclt\u00fcrel yap\u0131s\u0131yla D\u00fcnya Ge\u00e7ici Miras Listesi\u2019ne ald\u0131. Hem do\u011fas\u0131 hem de tarihiyle T\u00fcrkiye\u2019den kal\u0131c\u0131 listeye giren sadece 2 yer bulunmaktad\u0131r. Birisi Pamukkale-Hierapolis di\u011feri Kapadokya\u2019daki G\u00f6reme Milli Park\u0131\u2019d\u0131r. Biz de \u00fc\u00e7\u00fcnc\u00fcs\u00fc olma yolunday\u0131z. T\u00fcrkiye\u2019nin d\u00fcnyaya \u00f6rnek olarak g\u00f6sterece\u011fi ender bir co\u011frafyadan, T\u00fcrk ve Anadolu k\u00fclt\u00fcr\u00fcn\u00fcn \u00f6zg\u00fcn yap\u0131s\u0131n\u0131 sunmak hepimiz i\u00e7in milletimiz i\u00e7in bir \u015fereftir, onurdur.\u201d<\/p>\n<figure class=\"wp-block-image\"><img decoding=\"async\" src=\"https:\/\/i0.wp.com\/www.aa.com.tr\/uploads\/userFiles\/7fc6ad83-e801-4dd2-b1c1-974abd5a6af0\/2021%2Fhaziran%2F20210614_2_48744901_66062228-1120.jpg?ssl=1\" alt=\"\" data-recalc-dims=\"1\" \/><\/figure>\n<h3>\u201cD\u00fcnyan\u0131n g\u00f6z\u00fc Kemaliye\u2019de olacak\u201d<\/h3>\n<p>K\u0131l\u0131\u00e7, belediye b\u00fcnyesinde uzmanlardan olu\u015fan UNESCO b\u00fcrosu kurduklar\u0131n\u0131 belirterek, \u201cK\u00fclt\u00fcr ve Turizm Bakanl\u0131\u011f\u0131 ile bir protokol imzalayaca\u011f\u0131z. 5, 10 ve 25 y\u0131ll\u0131k planlamalar\u0131m\u0131z olacak. Bunun i\u00e7inde koruma, e\u011fitim ve s\u00fcrd\u00fcr\u00fclebilirlik gibi \u00e7al\u0131\u015fmalar\u0131m\u0131z olacak. Yeni at\u00f6lyeler kurularak \u00e7e\u015fitli ekonomik girdiler olacak. K\u0131sacas\u0131 d\u00fcnyan\u0131n art\u0131k g\u00f6z\u00fc Kemaliye\u2019mizde olacak.\u201d ifadelerini kulland\u0131.<\/p>\n<p>Hedeflerinin en k\u0131sa zamanda kal\u0131c\u0131 listeye girmek oldu\u011funu vurgulayan K\u0131l\u0131\u00e7, \u015funlar\u0131 kaydetti:<\/p>\n<p>\u201cHedefimiz, d\u00fcnyaya rol model olacak bir dosyayla UNESCO d\u00fcnya miraslar\u0131 kal\u0131c\u0131 listesine girebilmek. Anadolu T\u00fcrk k\u00fclt\u00fcr\u00fcn\u00fc, Anadolu\u2019nun k\u00f6k h\u00fccresi dedi\u011fimiz bu co\u011frafyada daha hassas davranarak, do\u011faya, mimarimize, k\u00fclt\u00fcr\u00fcm\u00fcze sahip \u00e7\u0131karak, koruyarak ve e\u011fitim \u00e7al\u0131\u015fmalar\u0131yla da bunu destekleyerek ger\u00e7ekten d\u00fcnyan\u0131n g\u00f6z bebe\u011fi olaca\u011f\u0131z. \u0130nsanlar\u0131n ziyaret etmek i\u00e7in s\u0131raya girece\u011fi, b\u00fct\u00fcn \u00e7evremizi, illerimizi, Anadolu\u2019yu ve \u00fclkemizi etkileyecek derecede etki yaratabilecek bu g\u00fczel co\u011frafyay\u0131 t\u00fcm d\u00fcnyaya tan\u0131taca\u011f\u0131z.\u201d<\/p>\n<figure class=\"wp-block-image\"><img decoding=\"async\" src=\"https:\/\/i1.wp.com\/www.aa.com.tr\/uploads\/userFiles\/7fc6ad83-e801-4dd2-b1c1-974abd5a6af0\/2021%2Fhaziran%2F20210614_2_48744901_66062238-1120.jpg?ssl=1\" alt=\"\" data-recalc-dims=\"1\" \/><\/figure>\n<h3>\u201cKemaliye\u2019nin derin k\u00fclt\u00fcr\u00fcn\u00fc in\u015fallah d\u00fcnya miras\u0131na ta\u015f\u0131yaca\u011f\u0131z\u201d<\/h3>\n<p>Kemaliye K\u00fclt\u00fcr ve Kalk\u0131nma Vakf\u0131 (KEMAV) Ba\u015fkan\u0131 Dr. \u00d6\u011fretim \u00dcyesi Ferudun \u00c7elikmen de Kemaliye\u2019nin ge\u00e7mi\u015fine uzanan derin k\u00f6kleriyle \u00f6nemli bir yolculu\u011fa ba\u015flad\u0131klar\u0131n\u0131 ifade ederek, \u015funlar\u0131 s\u00f6yledi:<\/p>\n<p>\u201cKemaliye\u2019nin UNESCO\u2019nun listesine girmesi y\u0131llardan beri bir hayaldi. Kemaliye\u2019nin izlerini \u00c7in\u2019de bulabilirsiniz. \u00c7in\u2019in son d\u00f6nemde \u00e7ok \u00f6nem verdi\u011fi \u2018belt and road initiative\u2019s progress (ku\u015fak yol)\u2019 olarak bildi\u011fimiz yol, Tarihi \u0130pek Yolu g\u00fczergahlar\u0131nda ilerliyor. Kemaliye, \u00c7in\u2019den ba\u015flayarak Anadolu ve Akdeniz arac\u0131l\u0131\u011f\u0131yla Avrupa\u2019ya kadar uzanan \u0130pekyolu g\u00fczergah\u0131nda ipek b\u00f6ce\u011finin ve dutun girdi\u011fi yerle\u015fim yeri olarak an\u0131l\u0131yor. Dut yeti\u015ftirmek i\u00e7in atalar\u0131m\u0131z hi\u00e7bir \u015feyin olmad\u0131\u011f\u0131 kayalar ve ta\u015flar\u0131n aras\u0131na set set duvarlar \u00f6rd\u00fc. S\u0131rtlar\u0131nda ta\u015f\u0131d\u0131klar\u0131 topraklarla inan\u0131lmaz bir k\u00fclt\u00fcr yaratm\u0131\u015flar. Kemaliye\u2019nin derin k\u00fclt\u00fcr\u00fcn\u00fc in\u015fallah d\u00fcnya miras\u0131na ta\u015f\u0131yaca\u011f\u0131z\u201d<\/p>\n<figure class=\"wp-block-image\"><img decoding=\"async\" src=\"https:\/\/i1.wp.com\/www.aa.com.tr\/uploads\/userFiles\/7fc6ad83-e801-4dd2-b1c1-974abd5a6af0\/2021%2Fhaziran%2F20210614_2_48744901_66062239-1120.jpg?ssl=1\" alt=\"\" data-recalc-dims=\"1\" \/><\/figure>\n<p>\u0130l\u00e7eyi ziyaret edenlerden Dilber Garzanl\u0131 ise do\u011fa ve tarihin i\u00e7 i\u00e7e ge\u00e7ti\u011fi Kemaliye\u2019nin g\u00f6r\u00fclmeye de\u011fer, harika bir il\u00e7e oldu\u011funu belirterek, \u201cSon y\u0131llarda \u00f6zellikle buraya gelmeye gayret ediyorum. Bu g\u00fczelli\u011fi herkesin gelip g\u00f6rmesi gerekti\u011fini d\u00fc\u015f\u00fcn\u00fcyorum. Bu \u015firin il\u00e7emiz insanlar\u0131 ve do\u011fal g\u00fczelli\u011fiyle UNESCO\u2019nun kal\u0131c\u0131 listesine girmeyi \u00e7oktan hak etmi\u015ftir. \u0130n\u015fallah en k\u0131sa zamanda hay\u0131rl\u0131s\u0131yla kal\u0131c\u0131 listeye dahil olur. Tabi bunun b\u00f6lge turizmi a\u00e7\u0131s\u0131ndan \u00f6nemli oldu\u011funu ve g\u00fczel ufuklar a\u00e7aca\u011f\u0131n\u0131 d\u00fc\u015f\u00fcn\u00fcyorum.\u201d ifadesini kulland\u0131.<\/p>\n<p><em><strong><a href=\"https:\/\/www.aa.com.tr\/tr\/kultur-sanat\/medeniyetleri-bulusturan-kemaliye-unesconun-kalici-miras-listesine-girmek-istiyor\/2272968\">https:\/\/www.aa.com.tr\/tr\/kultur-sanat\/medeniyetleri-bulusturan-kemaliye-unesconun-kalici-miras-listesine-girmek-istiyor\/2272968<\/a>\u00a0<\/strong><\/em><\/p>\n","protected":false},"excerpt":{"rendered":"<p>UNESCO\u2019nun D\u00fcnya Miras Ge\u00e7ici Listesi\u2019nde yer alan, bir\u00e7ok medeniyete ev sahipli\u011fi yapan Erzincan\u2019\u0131n Kemaliye il\u00e7esi, tarihi yap\u0131lar\u0131, d\u00fcnyaca \u00fcnl\u00fc Karanl\u0131k Kanyon ve do\u011fal g\u00fczellikleriyle ilgi \u00e7ekiyor. Kemal \u00d6zdemir \u00a0 Birle\u015fmi\u015f Milletler E\u011fitim, Bilim ve K\u00fclt\u00fcr \u00d6rg\u00fct\u00fcn\u00fcn (UNESCO)\u00a0D\u00fcnya Ge\u00e7ici Miras Listesi\u2019ne al\u0131nan\u00a0Erzincan\u2019\u0131n Kemaliye il\u00e7esi,\u00a0bir\u00e7ok medeniyete ev sahipli\u011fi yapan ve milattan \u00f6nce 3 binli y\u0131llara dayanan tarihi [&hellip;]<\/p>\n","protected":false},"author":7,"featured_media":63311,"comment_status":"open","ping_status":"open","sticky":false,"template":"","format":"standard","meta":{"footnotes":""},"categories":[22,1],"tags":[],"class_list":["post-63309","post","type-post","status-publish","format-standard","has-post-thumbnail","hentry","category-gunumuzde-bati-ermenistan","category-haberler"],"yoast_head":"<!-- This site is optimized with the Yoast SEO plugin v27.4 - https:\/\/yoast.com\/product\/yoast-seo-wordpress\/ -->\n<title>Medeniyetleri bulu\u015fturan Kemaliye (Akn-&#039;Akunq&#039; web sitesi) UNESCO\u2019nun kal\u0131c\u0131 miras listesine girmek istiyor - Bati Ermenistan Ve Bati Ermenileri Sorunlari Ara\u015ftirmalar Merkezi<\/title>\n<meta name=\"robots\" content=\"index, follow, max-snippet:-1, max-image-preview:large, max-video-preview:-1\" \/>\n<link rel=\"canonical\" href=\"https:\/\/akunq.net\/tr\/?p=63309\" \/>\n<meta property=\"og:locale\" content=\"en_US\" \/>\n<meta property=\"og:type\" content=\"article\" \/>\n<meta property=\"og:title\" content=\"Medeniyetleri bulu\u015fturan Kemaliye (Akn-&#039;Akunq&#039; web sitesi) UNESCO\u2019nun kal\u0131c\u0131 miras listesine girmek istiyor - Bati Ermenistan Ve Bati Ermenileri Sorunlari Ara\u015ftirmalar Merkezi\" \/>\n<meta property=\"og:description\" content=\"UNESCO\u2019nun D\u00fcnya Miras Ge\u00e7ici Listesi\u2019nde yer alan, bir\u00e7ok medeniyete ev sahipli\u011fi yapan Erzincan\u2019\u0131n Kemaliye il\u00e7esi, tarihi yap\u0131lar\u0131, d\u00fcnyaca \u00fcnl\u00fc Karanl\u0131k Kanyon ve do\u011fal g\u00fczellikleriyle ilgi \u00e7ekiyor. Kemal \u00d6zdemir \u00a0 Birle\u015fmi\u015f Milletler E\u011fitim, Bilim ve K\u00fclt\u00fcr \u00d6rg\u00fct\u00fcn\u00fcn (UNESCO)\u00a0D\u00fcnya Ge\u00e7ici Miras Listesi\u2019ne al\u0131nan\u00a0Erzincan\u2019\u0131n Kemaliye il\u00e7esi,\u00a0bir\u00e7ok medeniyete ev sahipli\u011fi yapan ve milattan \u00f6nce 3 binli y\u0131llara dayanan tarihi [&hellip;]\" \/>\n<meta property=\"og:url\" content=\"https:\/\/akunq.net\/tr\/?p=63309\" \/>\n<meta property=\"og:site_name\" content=\"Bati Ermenistan Ve Bati Ermenileri Sorunlari Ara\u015ftirmalar Merkezi\" \/>\n<meta property=\"article:published_time\" content=\"2021-06-15T10:37:21+00:00\" \/>\n<meta property=\"article:modified_time\" content=\"2021-06-15T10:37:56+00:00\" \/>\n<meta property=\"og:image\" content=\"https:\/\/akunq.net\/tr\/wp-content\/uploads\/sites\/6\/2021\/06\/Kemaliye.jpg\" \/>\n\t<meta property=\"og:image:width\" content=\"864\" \/>\n\t<meta property=\"og:image:height\" content=\"486\" \/>\n\t<meta property=\"og:image:type\" content=\"image\/jpeg\" \/>\n<meta name=\"author\" content=\"admin\" \/>\n<meta name=\"twitter:card\" content=\"summary_large_image\" \/>\n<meta name=\"twitter:label1\" content=\"Written by\" \/>\n\t<meta name=\"twitter:data1\" content=\"admin\" \/>\n\t<meta name=\"twitter:label2\" content=\"Est. reading time\" \/>\n\t<meta name=\"twitter:data2\" content=\"5 minutes\" \/>\n<script type=\"application\/ld+json\" class=\"yoast-schema-graph\">{\"@context\":\"https:\\\/\\\/schema.org\",\"@graph\":[{\"@type\":\"Article\",\"@id\":\"https:\\\/\\\/akunq.net\\\/tr\\\/?p=63309#article\",\"isPartOf\":{\"@id\":\"https:\\\/\\\/akunq.net\\\/tr\\\/?p=63309\"},\"author\":{\"name\":\"admin\",\"@id\":\"https:\\\/\\\/akunq.net\\\/tr\\\/#\\\/schema\\\/person\\\/096f1d38a12cce57fb855b485ed24c9e\"},\"headline\":\"Medeniyetleri bulu\u015fturan Kemaliye (Akn-&#8216;Akunq&#8217; web sitesi) UNESCO\u2019nun kal\u0131c\u0131 miras listesine girmek istiyor\",\"datePublished\":\"2021-06-15T10:37:21+00:00\",\"dateModified\":\"2021-06-15T10:37:56+00:00\",\"mainEntityOfPage\":{\"@id\":\"https:\\\/\\\/akunq.net\\\/tr\\\/?p=63309\"},\"wordCount\":1035,\"commentCount\":0,\"image\":{\"@id\":\"https:\\\/\\\/akunq.net\\\/tr\\\/?p=63309#primaryimage\"},\"thumbnailUrl\":\"https:\\\/\\\/akunq.net\\\/tr\\\/wp-content\\\/uploads\\\/sites\\\/6\\\/2021\\\/06\\\/Kemaliye.jpg\",\"articleSection\":[\"G\u00fcn\u00fcm\u00fczde Bat\u0131 Ermenistan\",\"Haberler\"],\"inLanguage\":\"en-US\",\"potentialAction\":[{\"@type\":\"CommentAction\",\"name\":\"Comment\",\"target\":[\"https:\\\/\\\/akunq.net\\\/tr\\\/?p=63309#respond\"]}]},{\"@type\":\"WebPage\",\"@id\":\"https:\\\/\\\/akunq.net\\\/tr\\\/?p=63309\",\"url\":\"https:\\\/\\\/akunq.net\\\/tr\\\/?p=63309\",\"name\":\"Medeniyetleri bulu\u015fturan Kemaliye (Akn-'Akunq' web sitesi) UNESCO\u2019nun kal\u0131c\u0131 miras listesine girmek istiyor - Bati Ermenistan Ve Bati Ermenileri Sorunlari Ara\u015ftirmalar Merkezi\",\"isPartOf\":{\"@id\":\"https:\\\/\\\/akunq.net\\\/tr\\\/#website\"},\"primaryImageOfPage\":{\"@id\":\"https:\\\/\\\/akunq.net\\\/tr\\\/?p=63309#primaryimage\"},\"image\":{\"@id\":\"https:\\\/\\\/akunq.net\\\/tr\\\/?p=63309#primaryimage\"},\"thumbnailUrl\":\"https:\\\/\\\/akunq.net\\\/tr\\\/wp-content\\\/uploads\\\/sites\\\/6\\\/2021\\\/06\\\/Kemaliye.jpg\",\"datePublished\":\"2021-06-15T10:37:21+00:00\",\"dateModified\":\"2021-06-15T10:37:56+00:00\",\"author\":{\"@id\":\"https:\\\/\\\/akunq.net\\\/tr\\\/#\\\/schema\\\/person\\\/096f1d38a12cce57fb855b485ed24c9e\"},\"breadcrumb\":{\"@id\":\"https:\\\/\\\/akunq.net\\\/tr\\\/?p=63309#breadcrumb\"},\"inLanguage\":\"en-US\",\"potentialAction\":[{\"@type\":\"ReadAction\",\"target\":[\"https:\\\/\\\/akunq.net\\\/tr\\\/?p=63309\"]}]},{\"@type\":\"ImageObject\",\"inLanguage\":\"en-US\",\"@id\":\"https:\\\/\\\/akunq.net\\\/tr\\\/?p=63309#primaryimage\",\"url\":\"https:\\\/\\\/akunq.net\\\/tr\\\/wp-content\\\/uploads\\\/sites\\\/6\\\/2021\\\/06\\\/Kemaliye.jpg\",\"contentUrl\":\"https:\\\/\\\/akunq.net\\\/tr\\\/wp-content\\\/uploads\\\/sites\\\/6\\\/2021\\\/06\\\/Kemaliye.jpg\",\"width\":864,\"height\":486},{\"@type\":\"BreadcrumbList\",\"@id\":\"https:\\\/\\\/akunq.net\\\/tr\\\/?p=63309#breadcrumb\",\"itemListElement\":[{\"@type\":\"ListItem\",\"position\":1,\"name\":\"Home\",\"item\":\"https:\\\/\\\/akunq.net\\\/tr\"},{\"@type\":\"ListItem\",\"position\":2,\"name\":\"Medeniyetleri bulu\u015fturan Kemaliye (Akn-&#8216;Akunq&#8217; web sitesi) UNESCO\u2019nun kal\u0131c\u0131 miras listesine girmek istiyor\"}]},{\"@type\":\"WebSite\",\"@id\":\"https:\\\/\\\/akunq.net\\\/tr\\\/#website\",\"url\":\"https:\\\/\\\/akunq.net\\\/tr\\\/\",\"name\":\"Bati Ermenistan Ve Bati Ermenileri Sorunlari Ara\u015ftirmalar Merkezi\",\"description\":\"\",\"potentialAction\":[{\"@type\":\"SearchAction\",\"target\":{\"@type\":\"EntryPoint\",\"urlTemplate\":\"https:\\\/\\\/akunq.net\\\/tr\\\/?s={search_term_string}\"},\"query-input\":{\"@type\":\"PropertyValueSpecification\",\"valueRequired\":true,\"valueName\":\"search_term_string\"}}],\"inLanguage\":\"en-US\"},{\"@type\":\"Person\",\"@id\":\"https:\\\/\\\/akunq.net\\\/tr\\\/#\\\/schema\\\/person\\\/096f1d38a12cce57fb855b485ed24c9e\",\"name\":\"admin\",\"url\":\"https:\\\/\\\/akunq.net\\\/tr\\\/?author=7\"}]}<\/script>\n<!-- \/ Yoast SEO plugin. -->","yoast_head_json":{"title":"Medeniyetleri bulu\u015fturan Kemaliye (Akn-'Akunq' web sitesi) UNESCO\u2019nun kal\u0131c\u0131 miras listesine girmek istiyor - Bati Ermenistan Ve Bati Ermenileri Sorunlari Ara\u015ftirmalar Merkezi","robots":{"index":"index","follow":"follow","max-snippet":"max-snippet:-1","max-image-preview":"max-image-preview:large","max-video-preview":"max-video-preview:-1"},"canonical":"https:\/\/akunq.net\/tr\/?p=63309","og_locale":"en_US","og_type":"article","og_title":"Medeniyetleri bulu\u015fturan Kemaliye (Akn-'Akunq' web sitesi) UNESCO\u2019nun kal\u0131c\u0131 miras listesine girmek istiyor - Bati Ermenistan Ve Bati Ermenileri Sorunlari Ara\u015ftirmalar Merkezi","og_description":"UNESCO\u2019nun D\u00fcnya Miras Ge\u00e7ici Listesi\u2019nde yer alan, bir\u00e7ok medeniyete ev sahipli\u011fi yapan Erzincan\u2019\u0131n Kemaliye il\u00e7esi, tarihi yap\u0131lar\u0131, d\u00fcnyaca \u00fcnl\u00fc Karanl\u0131k Kanyon ve do\u011fal g\u00fczellikleriyle ilgi \u00e7ekiyor. Kemal \u00d6zdemir \u00a0 Birle\u015fmi\u015f Milletler E\u011fitim, Bilim ve K\u00fclt\u00fcr \u00d6rg\u00fct\u00fcn\u00fcn (UNESCO)\u00a0D\u00fcnya Ge\u00e7ici Miras Listesi\u2019ne al\u0131nan\u00a0Erzincan\u2019\u0131n Kemaliye il\u00e7esi,\u00a0bir\u00e7ok medeniyete ev sahipli\u011fi yapan ve milattan \u00f6nce 3 binli y\u0131llara dayanan tarihi [&hellip;]","og_url":"https:\/\/akunq.net\/tr\/?p=63309","og_site_name":"Bati Ermenistan Ve Bati Ermenileri Sorunlari Ara\u015ftirmalar Merkezi","article_published_time":"2021-06-15T10:37:21+00:00","article_modified_time":"2021-06-15T10:37:56+00:00","og_image":[{"width":864,"height":486,"url":"https:\/\/akunq.net\/tr\/wp-content\/uploads\/sites\/6\/2021\/06\/Kemaliye.jpg","type":"image\/jpeg"}],"author":"admin","twitter_card":"summary_large_image","twitter_misc":{"Written by":"admin","Est. reading time":"5 minutes"},"schema":{"@context":"https:\/\/schema.org","@graph":[{"@type":"Article","@id":"https:\/\/akunq.net\/tr\/?p=63309#article","isPartOf":{"@id":"https:\/\/akunq.net\/tr\/?p=63309"},"author":{"name":"admin","@id":"https:\/\/akunq.net\/tr\/#\/schema\/person\/096f1d38a12cce57fb855b485ed24c9e"},"headline":"Medeniyetleri bulu\u015fturan Kemaliye (Akn-&#8216;Akunq&#8217; web sitesi) UNESCO\u2019nun kal\u0131c\u0131 miras listesine girmek istiyor","datePublished":"2021-06-15T10:37:21+00:00","dateModified":"2021-06-15T10:37:56+00:00","mainEntityOfPage":{"@id":"https:\/\/akunq.net\/tr\/?p=63309"},"wordCount":1035,"commentCount":0,"image":{"@id":"https:\/\/akunq.net\/tr\/?p=63309#primaryimage"},"thumbnailUrl":"https:\/\/akunq.net\/tr\/wp-content\/uploads\/sites\/6\/2021\/06\/Kemaliye.jpg","articleSection":["G\u00fcn\u00fcm\u00fczde Bat\u0131 Ermenistan","Haberler"],"inLanguage":"en-US","potentialAction":[{"@type":"CommentAction","name":"Comment","target":["https:\/\/akunq.net\/tr\/?p=63309#respond"]}]},{"@type":"WebPage","@id":"https:\/\/akunq.net\/tr\/?p=63309","url":"https:\/\/akunq.net\/tr\/?p=63309","name":"Medeniyetleri bulu\u015fturan Kemaliye (Akn-'Akunq' web sitesi) UNESCO\u2019nun kal\u0131c\u0131 miras listesine girmek istiyor - Bati Ermenistan Ve Bati Ermenileri Sorunlari Ara\u015ftirmalar Merkezi","isPartOf":{"@id":"https:\/\/akunq.net\/tr\/#website"},"primaryImageOfPage":{"@id":"https:\/\/akunq.net\/tr\/?p=63309#primaryimage"},"image":{"@id":"https:\/\/akunq.net\/tr\/?p=63309#primaryimage"},"thumbnailUrl":"https:\/\/akunq.net\/tr\/wp-content\/uploads\/sites\/6\/2021\/06\/Kemaliye.jpg","datePublished":"2021-06-15T10:37:21+00:00","dateModified":"2021-06-15T10:37:56+00:00","author":{"@id":"https:\/\/akunq.net\/tr\/#\/schema\/person\/096f1d38a12cce57fb855b485ed24c9e"},"breadcrumb":{"@id":"https:\/\/akunq.net\/tr\/?p=63309#breadcrumb"},"inLanguage":"en-US","potentialAction":[{"@type":"ReadAction","target":["https:\/\/akunq.net\/tr\/?p=63309"]}]},{"@type":"ImageObject","inLanguage":"en-US","@id":"https:\/\/akunq.net\/tr\/?p=63309#primaryimage","url":"https:\/\/akunq.net\/tr\/wp-content\/uploads\/sites\/6\/2021\/06\/Kemaliye.jpg","contentUrl":"https:\/\/akunq.net\/tr\/wp-content\/uploads\/sites\/6\/2021\/06\/Kemaliye.jpg","width":864,"height":486},{"@type":"BreadcrumbList","@id":"https:\/\/akunq.net\/tr\/?p=63309#breadcrumb","itemListElement":[{"@type":"ListItem","position":1,"name":"Home","item":"https:\/\/akunq.net\/tr"},{"@type":"ListItem","position":2,"name":"Medeniyetleri bulu\u015fturan Kemaliye (Akn-&#8216;Akunq&#8217; web sitesi) UNESCO\u2019nun kal\u0131c\u0131 miras listesine girmek istiyor"}]},{"@type":"WebSite","@id":"https:\/\/akunq.net\/tr\/#website","url":"https:\/\/akunq.net\/tr\/","name":"Bati Ermenistan Ve Bati Ermenileri Sorunlari Ara\u015ftirmalar Merkezi","description":"","potentialAction":[{"@type":"SearchAction","target":{"@type":"EntryPoint","urlTemplate":"https:\/\/akunq.net\/tr\/?s={search_term_string}"},"query-input":{"@type":"PropertyValueSpecification","valueRequired":true,"valueName":"search_term_string"}}],"inLanguage":"en-US"},{"@type":"Person","@id":"https:\/\/akunq.net\/tr\/#\/schema\/person\/096f1d38a12cce57fb855b485ed24c9e","name":"admin","url":"https:\/\/akunq.net\/tr\/?author=7"}]}},"_links":{"self":[{"href":"https:\/\/akunq.net\/tr\/index.php?rest_route=\/wp\/v2\/posts\/63309","targetHints":{"allow":["GET"]}}],"collection":[{"href":"https:\/\/akunq.net\/tr\/index.php?rest_route=\/wp\/v2\/posts"}],"about":[{"href":"https:\/\/akunq.net\/tr\/index.php?rest_route=\/wp\/v2\/types\/post"}],"author":[{"embeddable":true,"href":"https:\/\/akunq.net\/tr\/index.php?rest_route=\/wp\/v2\/users\/7"}],"replies":[{"embeddable":true,"href":"https:\/\/akunq.net\/tr\/index.php?rest_route=%2Fwp%2Fv2%2Fcomments&post=63309"}],"version-history":[{"count":1,"href":"https:\/\/akunq.net\/tr\/index.php?rest_route=\/wp\/v2\/posts\/63309\/revisions"}],"predecessor-version":[{"id":63312,"href":"https:\/\/akunq.net\/tr\/index.php?rest_route=\/wp\/v2\/posts\/63309\/revisions\/63312"}],"wp:featuredmedia":[{"embeddable":true,"href":"https:\/\/akunq.net\/tr\/index.php?rest_route=\/wp\/v2\/media\/63311"}],"wp:attachment":[{"href":"https:\/\/akunq.net\/tr\/index.php?rest_route=%2Fwp%2Fv2%2Fmedia&parent=63309"}],"wp:term":[{"taxonomy":"category","embeddable":true,"href":"https:\/\/akunq.net\/tr\/index.php?rest_route=%2Fwp%2Fv2%2Fcategories&post=63309"},{"taxonomy":"post_tag","embeddable":true,"href":"https:\/\/akunq.net\/tr\/index.php?rest_route=%2Fwp%2Fv2%2Ftags&post=63309"}],"curies":[{"name":"wp","href":"https:\/\/api.w.org\/{rel}","templated":true}]}}