{"id":63306,"date":"2021-06-15T03:10:21","date_gmt":"2021-06-15T08:10:21","guid":{"rendered":"https:\/\/akunq.net\/tr\/?p=63306"},"modified":"2021-06-15T03:10:21","modified_gmt":"2021-06-15T08:10:21","slug":"dersimde-sanatcilar-5-veyve-kitavo-etkinliginde-bulustu","status":"publish","type":"post","link":"https:\/\/akunq.net\/tr\/?p=63306","title":{"rendered":"Dersim\u2019de sanat\u00e7\u0131lar, 5. Veyve K\u0131tavo etkinli\u011finde bulu\u015ftu"},"content":{"rendered":"<p><img loading=\"lazy\" decoding=\"async\" class=\"aligncenter size-medium wp-image-63307\" src=\"https:\/\/akunq.net\/tr\/wp-content\/uploads\/2021\/06\/Dersim\u2019de-sanat\u00e7\u0131lar-360x203.jpg\" alt=\"\" width=\"360\" height=\"203\" srcset=\"https:\/\/akunq.net\/tr\/wp-content\/uploads\/sites\/6\/2021\/06\/Dersim\u2019de-sanat\u00e7\u0131lar-360x203.jpg 360w, https:\/\/akunq.net\/tr\/wp-content\/uploads\/sites\/6\/2021\/06\/Dersim\u2019de-sanat\u00e7\u0131lar-768x432.jpg 768w, https:\/\/akunq.net\/tr\/wp-content\/uploads\/sites\/6\/2021\/06\/Dersim\u2019de-sanat\u00e7\u0131lar-560x315.jpg 560w, https:\/\/akunq.net\/tr\/wp-content\/uploads\/sites\/6\/2021\/06\/Dersim\u2019de-sanat\u00e7\u0131lar-260x146.jpg 260w, https:\/\/akunq.net\/tr\/wp-content\/uploads\/sites\/6\/2021\/06\/Dersim\u2019de-sanat\u00e7\u0131lar-160x90.jpg 160w, https:\/\/akunq.net\/tr\/wp-content\/uploads\/sites\/6\/2021\/06\/Dersim\u2019de-sanat\u00e7\u0131lar.jpg 1280w\" sizes=\"auto, (max-width: 360px) 100vw, 360px\" \/><\/p>\n<p><em><strong>Veyve K\u0131tavo (Kitaplar\u0131n D\u00fc\u011f\u00fcn\u00fc) etkinli\u011fi \u015fair Emirali Ya\u011fan i\u00e7in yap\u0131ld\u0131. M\u00fczisyen Metin Kahraman ve Dr. H\u00fcseyin \u00c7a\u011flayan taraf\u0131ndan organize edilen etkinlik Hozat Beyaz Da\u011f\u2019da ger\u00e7ekle\u015ftirildi.<\/strong><\/em><\/p>\n<p>DUVAR \u2013 \u0130lk kez 90\u2019l\u0131 y\u0131llarda Avrupa\u2019ya s\u00fcrg\u00fcn giden Dersimli sanat\u00e7\u0131lar, ayd\u0131nlar ve \u015fair Hasan Devran \u00f6nc\u00fcl\u00fc\u011f\u00fcnde Almanya\u2019n\u0131n Mannheim kentinde ger\u00e7ekle\u015ftirilen Veyve K\u0131tavo 5 (Kitaplar\u0131n D\u00fc\u011f\u00fcn\u00fc) etkinli\u011fi Hozat Beyaz Da\u011f\u2019da yazar Emirali Ya\u011fan i\u00e7in yap\u0131ld\u0131. Beyaz Da\u011f eteklerinde Ya\u011fan\u2019a ait eserlerin okunmas\u0131 yap\u0131ld\u0131.<\/p>\n<p>Yeni Dersim\u2019in haberine g\u00f6re, m\u00fczisyen Metin Kahraman ve Dr. H\u00fcseyin \u00c7a\u011flayan taraf\u0131ndan organize edilen etkinli\u011fe \u00e7ok say\u0131da ki\u015fi kat\u0131l\u0131rken, korona vir\u00fcs\u00fc salg\u0131n\u0131 nedeniyle sosyal mesafe kurallar\u0131na dikkat edildi. Etkinli\u011fe m\u00fczisyen Mavi\u015f G\u00fcne\u015fer, m\u00fczisyen Gule Mayera, m\u00fczisyen Zeynep K\u0131l\u0131\u00e7, sinema sanat\u00e7\u0131s\u0131 Volga H. Sorgu T., yazar Serkan Sariata\u015f, m\u00fczisyen Umut Mercan, m\u00fczisyen Ayd\u0131n Ya\u011fan, m\u00fczisyen Ozan Ya\u011fan, ara\u015ft\u0131rmac\u0131 yazar Cemal Ta\u015f, akademisyen Dilek K\u0131z\u0131lda\u011f Soileau, el sanatlar\u0131 emek\u00e7isi Ayten Ye\u015filta\u015f, Suna Tosun, \u015fair Kemal B. Cemgil, \u00d6zlem Armen, m\u00fczisyen Devrim Bozkurt, m\u00fczisyen H\u0131d\u0131r Bak\u0131r, gazeteciler Nuray Atmaca, Ali Haydar G\u00f6zl\u00fc, H\u00fcseyin Ya\u015far Sezgin, sinema sanat\u00e7\u0131lar\u0131 \u00d6zkan Ulucan, Sevim Kahraman, m\u00fczisyen Erhan Erdener, m\u00fczisyen Vedat Aldemir, Areye Kay\u2019dan tiyatro oyuncusu Kuzey Oktay, Hozat K\u00fclt\u00fcr ve Kalk\u0131nma Derne\u011fi\u2019nden Adil Ayd\u0131n, m\u00fczisyen Ali \u0130hsan Do\u011fan ve Dersim Belediyesi temsilcisi Arzu Y\u0131ld\u0131z kat\u0131ld\u0131.<\/p>\n<div class=\"fluid-width-video-wrapper\"><iframe id=\"fitvid115667\" title=\"Veyve K\u0131tavo 5 (Kitaplar\u0131n D\u00fc\u011f\u00fcn\u00fc) etkinli\u011fi \u015eair Emirali Ya\u011fan i\u00e7in yap\u0131ld\u0131\" src=\"https:\/\/www.youtube.com\/embed\/H8w6cioQMTY?feature=oembed\" frameborder=\"0\" allowfullscreen=\"allowfullscreen\" data-mce-fragment=\"1\"><\/iframe><\/div>\n<p><strong>VEYVE KITAVO (K\u0130TAPLARIN D\u00dc\u011e\u00dcN\u00dc)<\/strong><\/p>\n<p>90\u2019l\u0131 y\u0131llarda Avrupa\u2019ya s\u00fcrg\u00fcn giden Dersimli sanat\u00e7\u0131 ve ayd\u0131nlar\u0131n, \u015fair Hasan Devran \u00f6nc\u00fcl\u00fc\u011f\u00fcnde Almanya\u2019n\u0131n Mannheim kentinde ger\u00e7ekle\u015ftirdi\u011fi bir k\u00fclt\u00fcrel faaliyet olan Kitaplar\u0131n D\u00fc\u011f\u00fcn\u00fc isimli okuma etkinliklerinin amac\u0131 1970\u2019li, 80\u2019li y\u0131llarda ba\u015flayan modern K\u0131rmancki yaz\u0131n d\u00fcnyas\u0131n\u0131 daha g\u00f6r\u00fcn\u00fcr k\u0131lmak, ayn\u0131 zamanda geleneksel Dersim k\u00fclt\u00fcr\u00fc ve tarihi \u00fczerine \u00e7al\u0131\u015fan sanat\u00e7\u0131lar\u0131 yan yana getirip bulu\u015fturabilmekti.<\/p>\n<p>Avrupa\u2019da ba\u015flat\u0131lan bu etkinlik, uzun bir aradan sonra Dersim\u2019de, Munzur Akademi, Sanat\u00e7\u0131 Metin Kahraman ve Dr. H\u00fcseyin \u00c7a\u011flayan \u00f6nc\u00fcl\u00fc\u011f\u00fcnde tekrar canland\u0131r\u0131ld\u0131. Dersim\u2019deki 1. Veyve K\u0131tavu etkinli\u011fi, 2015 y\u0131l\u0131nda H\u00fcseyin \u00c7a\u011flayan\u2019\u0131n ayn\u0131 y\u0131l yay\u0131nlanan \u2018Pet ve Pelge ra\u2019 isimli K\u0131rmancki dilinden yaz\u0131lm\u0131\u015f roman\u0131n d\u00fc\u011f\u00fcn\u00fcyd\u00fc. 2. Veyve K\u0131tavu etkinli\u011fi, 2019 y\u0131l\u0131nda Dr. \u00c7a\u011flayan\u2019\u0131n ayn\u0131 y\u0131l yay\u0131nlanan \u2018Sis ve Aray\u0131\u015f\u2019 isimli kitab\u0131n\u0131n d\u00fc\u011f\u00fcn\u00fcyd\u00fc. 3. Veyve K\u0131tavu 2021, Mart ay\u0131nda yine H\u00fcseyin \u00c7a\u011flayan\u2019\u0131n \u2018Yemo\u015f Hatun ve \u00c7ocuklar\u0131\u2019 isimli kitab\u0131yla, yay\u0131nlad\u0131\u011f\u0131 di\u011fer kitaplar\u0131n\u0131n d\u00fc\u011f\u00fcn\u00fc yap\u0131ld\u0131. 2021 Nisan ay\u0131nda ger\u00e7ekle\u015fen 4. Veyve K\u0131tavu\u2019da, Gaye Yal\u00e7\u0131nkaya, Serkan Sar\u0131ata\u015f, Mehmet M\u00fckan, X\u0131d\u0131r Eren\u2019in K\u0131rmancki dili ve grameri konulu kitaplar\u0131n\u0131n yan\u0131 s\u0131ra yine K\u0131rmancki masal ve \u00f6yk\u00fclerden olu\u015fan kitaplar\u0131 da kutland\u0131 ve okundu.<\/p>\n<p><strong>EM\u0130RAL\u0130 YA\u011eAN K\u0130MD\u0130R?<\/strong><\/p>\n<p>1958 Beyaz Da\u011f\u2019\u0131n do\u011fu yakas\u0131nda yer alan Xe\u00e7 (Demirkap\u0131) k\u00f6y\u00fcnde d\u00fcnyaya gelen Emirali Ya\u011fan, 1976\u2019da Elaz\u0131\u011f Atat\u00fcrk Lisesi\u2019nden, 1978\u2019de ise Ankara E\u011fitim Enstit\u00fcs\u00fc\u2019nden mezun olur. Paris 8 \u00dcniversitesi Modern Yaz\u0131n B\u00f6l\u00fcm\u00fc\u2019n\u00fc bitiren Ya\u011fan, 1980 asker\u00ee darbe y\u0131llar\u0131nda siyasal nedenlerle hapis yatt\u0131. Mamak\u2019ta kaleme ald\u0131\u011f\u0131 ilk \u015fiirlerini \u2018Urmiye Mavisi\u2019 ad\u0131yla 1989\u2019da kitapla\u015ft\u0131rd\u0131.<\/p>\n<p>Di\u011fer \u015fiir kitaplar\u0131: \u2018\u015eark\u0131lar \u00dclkesi\u2019 (Cahit S\u0131tk\u0131 Taranc\u0131 \u015eiir \u00d6d\u00fcl\u00fc 1990), \u2018Gitmek Bir Uzun \u00d6yk\u00fc\u2019 (1995), \u2018Evvel Zaman \u015eiirleri\u2019 (2003), \u2018Sahra, Sanr\u0131 ve Sara\u2019 \u2013Aylak Dizeler\u2013 (2007) \u2018Ve Denizi Kar Tuttu\u2019 (\u015fiir alb\u00fcm\u00fc, 2002).<\/p>\n<p>Ya\u011fan, Silva Gabudikyan\u2019\u0131n \u2018\u015eark\u0131lar\u0131n \u015eark\u0131s\u0131\u2019 adl\u0131 eserini Raffi Hermonn\u2019la birlikte Ermeniceden T\u00fcrk\u00e7eye \u00e7evirdi (2002). Cemal Ta\u015f\u2019\u0131n derledi\u011fi Abdullah G\u00fcnd\u00fcz\u2019\u00fcn \u2018Vasiya M\u0131 \u2013Fecir, Alacakaranl\u0131k ve \u00d6mr\u00fcm\u2019\u2013 (2006) ve yine Cemal Ta\u015f\u2019\u0131n derledi\u011fi \u2018Da\u011flar\u0131n Kay\u0131p Anahtar\u0131-Dersim 1938 Anlat\u0131lar\u0131\u2019n\u0131 K\u0131rman\u00e7k\u00eeden T\u00fcrk\u00e7eye \u00e7evirdi (2010). Dersim Tertelesi\u2019ni konu alan \u201cQelema Sure\/K\u0131rm\u0131z\u0131 Kalem\u201d (2009) ve devam\u0131 niteli\u011findeki \u201cKara Vagon\u201d (2011) belgesellerine metin yazarl\u0131\u011f\u0131 yapt\u0131. Piya Yay\u0131n Kolektifi\u2019nin kurucular\u0131 ve s\u00fcreli yay\u0131nlar\u0131n\u0131n edit\u00f6rleri aras\u0131nda yer ald\u0131. \u015eiirleri farkl\u0131 m\u00fczisyenlerce bestelenip seslendirildi, de\u011fi\u015fik dillere \u00e7evrildi, yerli-yabanc\u0131 antoloji, dergi ve gazetelerde farkl\u0131 t\u00fcrde eserleriyle yer ald\u0131.<\/p>\n<hr \/>\n<p><em><strong><a href=\"https:\/\/www.gazeteduvar.com.tr\/dersimde-sanatcilar-5-veyve-kitavo-etkinliginde-bulustu-haber-1525387\" target=\"_blank\" rel=\"noopener noreferrer\">Gazete Duvar<\/a><\/strong><\/em><\/p>\n","protected":false},"excerpt":{"rendered":"<p>Veyve K\u0131tavo (Kitaplar\u0131n D\u00fc\u011f\u00fcn\u00fc) etkinli\u011fi \u015fair Emirali Ya\u011fan i\u00e7in yap\u0131ld\u0131. M\u00fczisyen Metin Kahraman ve Dr. H\u00fcseyin \u00c7a\u011flayan taraf\u0131ndan organize edilen etkinlik Hozat Beyaz Da\u011f\u2019da ger\u00e7ekle\u015ftirildi. DUVAR \u2013 \u0130lk kez 90\u2019l\u0131 y\u0131llarda Avrupa\u2019ya s\u00fcrg\u00fcn giden Dersimli sanat\u00e7\u0131lar, ayd\u0131nlar ve \u015fair Hasan Devran \u00f6nc\u00fcl\u00fc\u011f\u00fcnde Almanya\u2019n\u0131n Mannheim kentinde ger\u00e7ekle\u015ftirilen Veyve K\u0131tavo 5 (Kitaplar\u0131n D\u00fc\u011f\u00fcn\u00fc) etkinli\u011fi Hozat Beyaz Da\u011f\u2019da [&hellip;]<\/p>\n","protected":false},"author":7,"featured_media":63307,"comment_status":"open","ping_status":"open","sticky":false,"template":"","format":"standard","meta":{"footnotes":""},"categories":[1],"tags":[],"class_list":["post-63306","post","type-post","status-publish","format-standard","has-post-thumbnail","hentry","category-haberler"],"yoast_head":"<!-- This site is optimized with the Yoast SEO plugin v27.4 - https:\/\/yoast.com\/product\/yoast-seo-wordpress\/ -->\n<title>Dersim\u2019de sanat\u00e7\u0131lar, 5. Veyve K\u0131tavo etkinli\u011finde bulu\u015ftu - Bati Ermenistan Ve Bati Ermenileri Sorunlari Ara\u015ftirmalar Merkezi<\/title>\n<meta name=\"robots\" content=\"index, follow, max-snippet:-1, max-image-preview:large, max-video-preview:-1\" \/>\n<link rel=\"canonical\" href=\"https:\/\/akunq.net\/tr\/?p=63306\" \/>\n<meta property=\"og:locale\" content=\"en_US\" \/>\n<meta property=\"og:type\" content=\"article\" \/>\n<meta property=\"og:title\" content=\"Dersim\u2019de sanat\u00e7\u0131lar, 5. Veyve K\u0131tavo etkinli\u011finde bulu\u015ftu - Bati Ermenistan Ve Bati Ermenileri Sorunlari Ara\u015ftirmalar Merkezi\" \/>\n<meta property=\"og:description\" content=\"Veyve K\u0131tavo (Kitaplar\u0131n D\u00fc\u011f\u00fcn\u00fc) etkinli\u011fi \u015fair Emirali Ya\u011fan i\u00e7in yap\u0131ld\u0131. M\u00fczisyen Metin Kahraman ve Dr. H\u00fcseyin \u00c7a\u011flayan taraf\u0131ndan organize edilen etkinlik Hozat Beyaz Da\u011f\u2019da ger\u00e7ekle\u015ftirildi. DUVAR \u2013 \u0130lk kez 90\u2019l\u0131 y\u0131llarda Avrupa\u2019ya s\u00fcrg\u00fcn giden Dersimli sanat\u00e7\u0131lar, ayd\u0131nlar ve \u015fair Hasan Devran \u00f6nc\u00fcl\u00fc\u011f\u00fcnde Almanya\u2019n\u0131n Mannheim kentinde ger\u00e7ekle\u015ftirilen Veyve K\u0131tavo 5 (Kitaplar\u0131n D\u00fc\u011f\u00fcn\u00fc) etkinli\u011fi Hozat Beyaz Da\u011f\u2019da [&hellip;]\" \/>\n<meta property=\"og:url\" content=\"https:\/\/akunq.net\/tr\/?p=63306\" \/>\n<meta property=\"og:site_name\" content=\"Bati Ermenistan Ve Bati Ermenileri Sorunlari Ara\u015ftirmalar Merkezi\" \/>\n<meta property=\"article:published_time\" content=\"2021-06-15T08:10:21+00:00\" \/>\n<meta property=\"og:image\" content=\"https:\/\/akunq.net\/tr\/wp-content\/uploads\/sites\/6\/2021\/06\/Dersim\u2019de-sanat\u00e7\u0131lar.jpg\" \/>\n\t<meta property=\"og:image:width\" content=\"1280\" \/>\n\t<meta property=\"og:image:height\" content=\"720\" \/>\n\t<meta property=\"og:image:type\" content=\"image\/jpeg\" \/>\n<meta name=\"author\" content=\"admin\" \/>\n<meta name=\"twitter:card\" content=\"summary_large_image\" \/>\n<meta name=\"twitter:label1\" content=\"Written by\" \/>\n\t<meta name=\"twitter:data1\" content=\"admin\" \/>\n\t<meta name=\"twitter:label2\" content=\"Est. reading time\" \/>\n\t<meta name=\"twitter:data2\" content=\"4 minutes\" \/>\n<script type=\"application\/ld+json\" class=\"yoast-schema-graph\">{\"@context\":\"https:\\\/\\\/schema.org\",\"@graph\":[{\"@type\":\"Article\",\"@id\":\"https:\\\/\\\/akunq.net\\\/tr\\\/?p=63306#article\",\"isPartOf\":{\"@id\":\"https:\\\/\\\/akunq.net\\\/tr\\\/?p=63306\"},\"author\":{\"name\":\"admin\",\"@id\":\"https:\\\/\\\/akunq.net\\\/tr\\\/#\\\/schema\\\/person\\\/096f1d38a12cce57fb855b485ed24c9e\"},\"headline\":\"Dersim\u2019de sanat\u00e7\u0131lar, 5. Veyve K\u0131tavo etkinli\u011finde bulu\u015ftu\",\"datePublished\":\"2021-06-15T08:10:21+00:00\",\"mainEntityOfPage\":{\"@id\":\"https:\\\/\\\/akunq.net\\\/tr\\\/?p=63306\"},\"wordCount\":802,\"commentCount\":0,\"image\":{\"@id\":\"https:\\\/\\\/akunq.net\\\/tr\\\/?p=63306#primaryimage\"},\"thumbnailUrl\":\"https:\\\/\\\/akunq.net\\\/tr\\\/wp-content\\\/uploads\\\/sites\\\/6\\\/2021\\\/06\\\/Dersim\u2019de-sanat\u00e7\u0131lar.jpg\",\"articleSection\":[\"Haberler\"],\"inLanguage\":\"en-US\",\"potentialAction\":[{\"@type\":\"CommentAction\",\"name\":\"Comment\",\"target\":[\"https:\\\/\\\/akunq.net\\\/tr\\\/?p=63306#respond\"]}]},{\"@type\":\"WebPage\",\"@id\":\"https:\\\/\\\/akunq.net\\\/tr\\\/?p=63306\",\"url\":\"https:\\\/\\\/akunq.net\\\/tr\\\/?p=63306\",\"name\":\"Dersim\u2019de sanat\u00e7\u0131lar, 5. Veyve K\u0131tavo etkinli\u011finde bulu\u015ftu - Bati Ermenistan Ve Bati Ermenileri Sorunlari Ara\u015ftirmalar Merkezi\",\"isPartOf\":{\"@id\":\"https:\\\/\\\/akunq.net\\\/tr\\\/#website\"},\"primaryImageOfPage\":{\"@id\":\"https:\\\/\\\/akunq.net\\\/tr\\\/?p=63306#primaryimage\"},\"image\":{\"@id\":\"https:\\\/\\\/akunq.net\\\/tr\\\/?p=63306#primaryimage\"},\"thumbnailUrl\":\"https:\\\/\\\/akunq.net\\\/tr\\\/wp-content\\\/uploads\\\/sites\\\/6\\\/2021\\\/06\\\/Dersim\u2019de-sanat\u00e7\u0131lar.jpg\",\"datePublished\":\"2021-06-15T08:10:21+00:00\",\"author\":{\"@id\":\"https:\\\/\\\/akunq.net\\\/tr\\\/#\\\/schema\\\/person\\\/096f1d38a12cce57fb855b485ed24c9e\"},\"breadcrumb\":{\"@id\":\"https:\\\/\\\/akunq.net\\\/tr\\\/?p=63306#breadcrumb\"},\"inLanguage\":\"en-US\",\"potentialAction\":[{\"@type\":\"ReadAction\",\"target\":[\"https:\\\/\\\/akunq.net\\\/tr\\\/?p=63306\"]}]},{\"@type\":\"ImageObject\",\"inLanguage\":\"en-US\",\"@id\":\"https:\\\/\\\/akunq.net\\\/tr\\\/?p=63306#primaryimage\",\"url\":\"https:\\\/\\\/akunq.net\\\/tr\\\/wp-content\\\/uploads\\\/sites\\\/6\\\/2021\\\/06\\\/Dersim\u2019de-sanat\u00e7\u0131lar.jpg\",\"contentUrl\":\"https:\\\/\\\/akunq.net\\\/tr\\\/wp-content\\\/uploads\\\/sites\\\/6\\\/2021\\\/06\\\/Dersim\u2019de-sanat\u00e7\u0131lar.jpg\",\"width\":1280,\"height\":720},{\"@type\":\"BreadcrumbList\",\"@id\":\"https:\\\/\\\/akunq.net\\\/tr\\\/?p=63306#breadcrumb\",\"itemListElement\":[{\"@type\":\"ListItem\",\"position\":1,\"name\":\"Home\",\"item\":\"https:\\\/\\\/akunq.net\\\/tr\"},{\"@type\":\"ListItem\",\"position\":2,\"name\":\"Dersim\u2019de sanat\u00e7\u0131lar, 5. Veyve K\u0131tavo etkinli\u011finde bulu\u015ftu\"}]},{\"@type\":\"WebSite\",\"@id\":\"https:\\\/\\\/akunq.net\\\/tr\\\/#website\",\"url\":\"https:\\\/\\\/akunq.net\\\/tr\\\/\",\"name\":\"Bati Ermenistan Ve Bati Ermenileri Sorunlari Ara\u015ftirmalar Merkezi\",\"description\":\"\",\"potentialAction\":[{\"@type\":\"SearchAction\",\"target\":{\"@type\":\"EntryPoint\",\"urlTemplate\":\"https:\\\/\\\/akunq.net\\\/tr\\\/?s={search_term_string}\"},\"query-input\":{\"@type\":\"PropertyValueSpecification\",\"valueRequired\":true,\"valueName\":\"search_term_string\"}}],\"inLanguage\":\"en-US\"},{\"@type\":\"Person\",\"@id\":\"https:\\\/\\\/akunq.net\\\/tr\\\/#\\\/schema\\\/person\\\/096f1d38a12cce57fb855b485ed24c9e\",\"name\":\"admin\",\"url\":\"https:\\\/\\\/akunq.net\\\/tr\\\/?author=7\"}]}<\/script>\n<!-- \/ Yoast SEO plugin. -->","yoast_head_json":{"title":"Dersim\u2019de sanat\u00e7\u0131lar, 5. Veyve K\u0131tavo etkinli\u011finde bulu\u015ftu - Bati Ermenistan Ve Bati Ermenileri Sorunlari Ara\u015ftirmalar Merkezi","robots":{"index":"index","follow":"follow","max-snippet":"max-snippet:-1","max-image-preview":"max-image-preview:large","max-video-preview":"max-video-preview:-1"},"canonical":"https:\/\/akunq.net\/tr\/?p=63306","og_locale":"en_US","og_type":"article","og_title":"Dersim\u2019de sanat\u00e7\u0131lar, 5. Veyve K\u0131tavo etkinli\u011finde bulu\u015ftu - Bati Ermenistan Ve Bati Ermenileri Sorunlari Ara\u015ftirmalar Merkezi","og_description":"Veyve K\u0131tavo (Kitaplar\u0131n D\u00fc\u011f\u00fcn\u00fc) etkinli\u011fi \u015fair Emirali Ya\u011fan i\u00e7in yap\u0131ld\u0131. M\u00fczisyen Metin Kahraman ve Dr. H\u00fcseyin \u00c7a\u011flayan taraf\u0131ndan organize edilen etkinlik Hozat Beyaz Da\u011f\u2019da ger\u00e7ekle\u015ftirildi. DUVAR \u2013 \u0130lk kez 90\u2019l\u0131 y\u0131llarda Avrupa\u2019ya s\u00fcrg\u00fcn giden Dersimli sanat\u00e7\u0131lar, ayd\u0131nlar ve \u015fair Hasan Devran \u00f6nc\u00fcl\u00fc\u011f\u00fcnde Almanya\u2019n\u0131n Mannheim kentinde ger\u00e7ekle\u015ftirilen Veyve K\u0131tavo 5 (Kitaplar\u0131n D\u00fc\u011f\u00fcn\u00fc) etkinli\u011fi Hozat Beyaz Da\u011f\u2019da [&hellip;]","og_url":"https:\/\/akunq.net\/tr\/?p=63306","og_site_name":"Bati Ermenistan Ve Bati Ermenileri Sorunlari Ara\u015ftirmalar Merkezi","article_published_time":"2021-06-15T08:10:21+00:00","og_image":[{"width":1280,"height":720,"url":"https:\/\/akunq.net\/tr\/wp-content\/uploads\/sites\/6\/2021\/06\/Dersim\u2019de-sanat\u00e7\u0131lar.jpg","type":"image\/jpeg"}],"author":"admin","twitter_card":"summary_large_image","twitter_misc":{"Written by":"admin","Est. reading time":"4 minutes"},"schema":{"@context":"https:\/\/schema.org","@graph":[{"@type":"Article","@id":"https:\/\/akunq.net\/tr\/?p=63306#article","isPartOf":{"@id":"https:\/\/akunq.net\/tr\/?p=63306"},"author":{"name":"admin","@id":"https:\/\/akunq.net\/tr\/#\/schema\/person\/096f1d38a12cce57fb855b485ed24c9e"},"headline":"Dersim\u2019de sanat\u00e7\u0131lar, 5. Veyve K\u0131tavo etkinli\u011finde bulu\u015ftu","datePublished":"2021-06-15T08:10:21+00:00","mainEntityOfPage":{"@id":"https:\/\/akunq.net\/tr\/?p=63306"},"wordCount":802,"commentCount":0,"image":{"@id":"https:\/\/akunq.net\/tr\/?p=63306#primaryimage"},"thumbnailUrl":"https:\/\/akunq.net\/tr\/wp-content\/uploads\/sites\/6\/2021\/06\/Dersim\u2019de-sanat\u00e7\u0131lar.jpg","articleSection":["Haberler"],"inLanguage":"en-US","potentialAction":[{"@type":"CommentAction","name":"Comment","target":["https:\/\/akunq.net\/tr\/?p=63306#respond"]}]},{"@type":"WebPage","@id":"https:\/\/akunq.net\/tr\/?p=63306","url":"https:\/\/akunq.net\/tr\/?p=63306","name":"Dersim\u2019de sanat\u00e7\u0131lar, 5. Veyve K\u0131tavo etkinli\u011finde bulu\u015ftu - Bati Ermenistan Ve Bati Ermenileri Sorunlari Ara\u015ftirmalar Merkezi","isPartOf":{"@id":"https:\/\/akunq.net\/tr\/#website"},"primaryImageOfPage":{"@id":"https:\/\/akunq.net\/tr\/?p=63306#primaryimage"},"image":{"@id":"https:\/\/akunq.net\/tr\/?p=63306#primaryimage"},"thumbnailUrl":"https:\/\/akunq.net\/tr\/wp-content\/uploads\/sites\/6\/2021\/06\/Dersim\u2019de-sanat\u00e7\u0131lar.jpg","datePublished":"2021-06-15T08:10:21+00:00","author":{"@id":"https:\/\/akunq.net\/tr\/#\/schema\/person\/096f1d38a12cce57fb855b485ed24c9e"},"breadcrumb":{"@id":"https:\/\/akunq.net\/tr\/?p=63306#breadcrumb"},"inLanguage":"en-US","potentialAction":[{"@type":"ReadAction","target":["https:\/\/akunq.net\/tr\/?p=63306"]}]},{"@type":"ImageObject","inLanguage":"en-US","@id":"https:\/\/akunq.net\/tr\/?p=63306#primaryimage","url":"https:\/\/akunq.net\/tr\/wp-content\/uploads\/sites\/6\/2021\/06\/Dersim\u2019de-sanat\u00e7\u0131lar.jpg","contentUrl":"https:\/\/akunq.net\/tr\/wp-content\/uploads\/sites\/6\/2021\/06\/Dersim\u2019de-sanat\u00e7\u0131lar.jpg","width":1280,"height":720},{"@type":"BreadcrumbList","@id":"https:\/\/akunq.net\/tr\/?p=63306#breadcrumb","itemListElement":[{"@type":"ListItem","position":1,"name":"Home","item":"https:\/\/akunq.net\/tr"},{"@type":"ListItem","position":2,"name":"Dersim\u2019de sanat\u00e7\u0131lar, 5. Veyve K\u0131tavo etkinli\u011finde bulu\u015ftu"}]},{"@type":"WebSite","@id":"https:\/\/akunq.net\/tr\/#website","url":"https:\/\/akunq.net\/tr\/","name":"Bati Ermenistan Ve Bati Ermenileri Sorunlari Ara\u015ftirmalar Merkezi","description":"","potentialAction":[{"@type":"SearchAction","target":{"@type":"EntryPoint","urlTemplate":"https:\/\/akunq.net\/tr\/?s={search_term_string}"},"query-input":{"@type":"PropertyValueSpecification","valueRequired":true,"valueName":"search_term_string"}}],"inLanguage":"en-US"},{"@type":"Person","@id":"https:\/\/akunq.net\/tr\/#\/schema\/person\/096f1d38a12cce57fb855b485ed24c9e","name":"admin","url":"https:\/\/akunq.net\/tr\/?author=7"}]}},"_links":{"self":[{"href":"https:\/\/akunq.net\/tr\/index.php?rest_route=\/wp\/v2\/posts\/63306","targetHints":{"allow":["GET"]}}],"collection":[{"href":"https:\/\/akunq.net\/tr\/index.php?rest_route=\/wp\/v2\/posts"}],"about":[{"href":"https:\/\/akunq.net\/tr\/index.php?rest_route=\/wp\/v2\/types\/post"}],"author":[{"embeddable":true,"href":"https:\/\/akunq.net\/tr\/index.php?rest_route=\/wp\/v2\/users\/7"}],"replies":[{"embeddable":true,"href":"https:\/\/akunq.net\/tr\/index.php?rest_route=%2Fwp%2Fv2%2Fcomments&post=63306"}],"version-history":[{"count":1,"href":"https:\/\/akunq.net\/tr\/index.php?rest_route=\/wp\/v2\/posts\/63306\/revisions"}],"predecessor-version":[{"id":63308,"href":"https:\/\/akunq.net\/tr\/index.php?rest_route=\/wp\/v2\/posts\/63306\/revisions\/63308"}],"wp:featuredmedia":[{"embeddable":true,"href":"https:\/\/akunq.net\/tr\/index.php?rest_route=\/wp\/v2\/media\/63307"}],"wp:attachment":[{"href":"https:\/\/akunq.net\/tr\/index.php?rest_route=%2Fwp%2Fv2%2Fmedia&parent=63306"}],"wp:term":[{"taxonomy":"category","embeddable":true,"href":"https:\/\/akunq.net\/tr\/index.php?rest_route=%2Fwp%2Fv2%2Fcategories&post=63306"},{"taxonomy":"post_tag","embeddable":true,"href":"https:\/\/akunq.net\/tr\/index.php?rest_route=%2Fwp%2Fv2%2Ftags&post=63306"}],"curies":[{"name":"wp","href":"https:\/\/api.w.org\/{rel}","templated":true}]}}