{"id":63283,"date":"2021-06-14T03:50:39","date_gmt":"2021-06-14T08:50:39","guid":{"rendered":"https:\/\/akunq.net\/tr\/?p=63283"},"modified":"2021-06-14T03:50:39","modified_gmt":"2021-06-14T08:50:39","slug":"vandaki-saint-thomas-manastiri-kaderine-terk-edildi","status":"publish","type":"post","link":"https:\/\/akunq.net\/tr\/?p=63283","title":{"rendered":"Van\u2019daki Saint Thomas Manast\u0131r\u0131 kaderine terk edildi"},"content":{"rendered":"<p><img loading=\"lazy\" decoding=\"async\" class=\"aligncenter size-medium wp-image-63284\" src=\"https:\/\/akunq.net\/tr\/wp-content\/uploads\/2021\/06\/1-360x250.png\" alt=\"\" width=\"360\" height=\"250\" srcset=\"https:\/\/akunq.net\/tr\/wp-content\/uploads\/sites\/6\/2021\/06\/1-360x250.png 360w, https:\/\/akunq.net\/tr\/wp-content\/uploads\/sites\/6\/2021\/06\/1-768x534.png 768w, https:\/\/akunq.net\/tr\/wp-content\/uploads\/sites\/6\/2021\/06\/1-560x389.png 560w, https:\/\/akunq.net\/tr\/wp-content\/uploads\/sites\/6\/2021\/06\/1-260x181.png 260w, https:\/\/akunq.net\/tr\/wp-content\/uploads\/sites\/6\/2021\/06\/1-160x111.png 160w, https:\/\/akunq.net\/tr\/wp-content\/uploads\/sites\/6\/2021\/06\/1.png 1468w\" sizes=\"auto, (max-width: 360px) 100vw, 360px\" \/><\/p>\n<p><strong><em>Van G\u00f6l\u00fc\u2019ne kar\u015f\u0131 ihti\u015faml\u0131 g\u00fczelli\u011fiyle bilinen Saint Thomas Ermeni Manast\u0131r\u0131, bak\u0131ms\u0131zl\u0131ktan ve ilgisizlikten yok olma tehlikesiyle kar\u015f\u0131 kar\u015f\u0131ya.<\/em><\/strong><\/p>\n<p><img loading=\"lazy\" decoding=\"async\" class=\"aligncenter size-medium wp-image-63285\" src=\"https:\/\/akunq.net\/tr\/wp-content\/uploads\/2021\/06\/4-360x221.png\" alt=\"\" width=\"360\" height=\"221\" srcset=\"https:\/\/akunq.net\/tr\/wp-content\/uploads\/sites\/6\/2021\/06\/4-360x221.png 360w, https:\/\/akunq.net\/tr\/wp-content\/uploads\/sites\/6\/2021\/06\/4-768x472.png 768w, https:\/\/akunq.net\/tr\/wp-content\/uploads\/sites\/6\/2021\/06\/4-560x344.png 560w, https:\/\/akunq.net\/tr\/wp-content\/uploads\/sites\/6\/2021\/06\/4-260x160.png 260w, https:\/\/akunq.net\/tr\/wp-content\/uploads\/sites\/6\/2021\/06\/4-160x98.png 160w, https:\/\/akunq.net\/tr\/wp-content\/uploads\/sites\/6\/2021\/06\/4.png 1024w\" sizes=\"auto, (max-width: 360px) 100vw, 360px\" \/><\/p>\n<p>Van\u2019\u0131n Geva\u015f il\u00e7esine ba\u011fl\u0131 Alt\u0131nsa\u00e7 Mahallesi\u2019nde bulunan bin y\u0131ll\u0131k Saint Thomes Ermeni Manast\u0131r\u0131 (Alt\u0131nsa\u00e7 Kilisesi) kaderine terk edilmi\u015f halde. Havarilerden Aziz Thomas\u2019a ait kutsal e\u015fyalar\u0131n saklanmas\u0131 amac\u0131yla 11\u2019inci y\u00fczy\u0131lda in\u015fa edildi\u011fi bilinen St. Thomas Ermeni Manast\u0131r\u0131 2 bin metre y\u00fckseklikte da\u011f\u0131n zirvesinden Van G\u00f6l\u00fc\u2019ne bak\u0131yor. Manast\u0131r, ihti\u015fam\u0131yla g\u00f6renleri kendine hayran b\u0131rak\u0131yor.<\/p>\n<p><img loading=\"lazy\" decoding=\"async\" class=\"aligncenter size-medium wp-image-63286\" src=\"https:\/\/akunq.net\/tr\/wp-content\/uploads\/2021\/06\/2-360x240.png\" alt=\"\" width=\"360\" height=\"240\" srcset=\"https:\/\/akunq.net\/tr\/wp-content\/uploads\/sites\/6\/2021\/06\/2-360x240.png 360w, https:\/\/akunq.net\/tr\/wp-content\/uploads\/sites\/6\/2021\/06\/2-768x512.png 768w, https:\/\/akunq.net\/tr\/wp-content\/uploads\/sites\/6\/2021\/06\/2-560x374.png 560w, https:\/\/akunq.net\/tr\/wp-content\/uploads\/sites\/6\/2021\/06\/2-260x173.png 260w, https:\/\/akunq.net\/tr\/wp-content\/uploads\/sites\/6\/2021\/06\/2-160x107.png 160w, https:\/\/akunq.net\/tr\/wp-content\/uploads\/sites\/6\/2021\/06\/2.png 1024w\" sizes=\"auto, (max-width: 360px) 100vw, 360px\" \/><\/p>\n<p>Kentte en \u00e7ok ziyaret edilen yerlerden biri olan manast\u0131r, Van\u2019a 75, Geva\u015f\u2019a ise 40 kilometre uzakl\u0131kta bulunuyor. Kilisenin bulundu\u011fu Alt\u0131nsa\u00e7 koylar\u0131, Van G\u00f6l\u00fc\u2019n\u00fcn el de\u011fmemi\u015f koylar\u0131 olarak biliniyor. Van G\u00f6l\u00fc g\u00fcneyinde bulanan Beleko Da\u011f\u0131\u2019n\u0131n kuzeydo\u011fu yamac\u0131ndaki Varis K\u00f6rfezi\u2019ne bakan bir tara\u00e7a \u00fczerinde in\u015fa edilen kilisenin manzaras\u0131 ise harikulade g\u00f6r\u00fcn\u00fcyor.<\/p>\n<p>Tarihiyle, g\u00fczelli\u011fiyle, ihti\u015fam\u0131yla bu kadar tan\u0131nan, bilinen ve Van\u2019\u0131n en eski yap\u0131lar\u0131ndan biri olan manast\u0131r, \u015fimdilerde kaderine terk edilmi\u015f. Restore edilmemesi ve korunmas\u0131 i\u00e7in yap\u0131lan onca \u00e7a\u011fr\u0131lara ra\u011fmen hi\u00e7bir \u00f6nlem al\u0131nmad\u0131.<\/p>\n<p><img loading=\"lazy\" decoding=\"async\" class=\"aligncenter size-medium wp-image-63287\" src=\"https:\/\/akunq.net\/tr\/wp-content\/uploads\/2021\/06\/3-360x215.png\" alt=\"\" width=\"360\" height=\"215\" srcset=\"https:\/\/akunq.net\/tr\/wp-content\/uploads\/sites\/6\/2021\/06\/3-360x215.png 360w, https:\/\/akunq.net\/tr\/wp-content\/uploads\/sites\/6\/2021\/06\/3-768x459.png 768w, https:\/\/akunq.net\/tr\/wp-content\/uploads\/sites\/6\/2021\/06\/3-560x335.png 560w, https:\/\/akunq.net\/tr\/wp-content\/uploads\/sites\/6\/2021\/06\/3-260x155.png 260w, https:\/\/akunq.net\/tr\/wp-content\/uploads\/sites\/6\/2021\/06\/3-160x96.png 160w, https:\/\/akunq.net\/tr\/wp-content\/uploads\/sites\/6\/2021\/06\/3.png 1024w\" sizes=\"auto, (max-width: 360px) 100vw, 360px\" \/><\/p>\n<p>Bir yandan definecilerin hedefinde olan manast\u0131r, kaderine terk edildi\u011fi i\u00e7in yaz\u0131n da hayvanlar i\u00e7in dinlenme, bar\u0131nak yeri oluyor.\u00a0Bak\u0131ms\u0131z ve sahipsiz b\u0131rak\u0131lan tarihi manast\u0131r\u0131n \u00e7evresi otlanan hayvanlar i\u00e7in u\u011frak yer halinde.<\/p>\n<p><strong><em><a href=\"https:\/\/www.gazeteduvar.com.tr\/vandaki-saint-thomas-manastiri-kaderine-terk-edildi-galeri-1525281\">https:\/\/www.gazeteduvar.com.tr\/vandaki-saint-thomas-manastiri-kaderine-terk-edildi-galeri-1525281<\/a><\/em><\/strong><\/p>\n<p><strong><em>\u00a0\u00a0<\/em><\/strong><\/p>\n","protected":false},"excerpt":{"rendered":"<p>Van G\u00f6l\u00fc\u2019ne kar\u015f\u0131 ihti\u015faml\u0131 g\u00fczelli\u011fiyle bilinen Saint Thomas Ermeni Manast\u0131r\u0131, bak\u0131ms\u0131zl\u0131ktan ve ilgisizlikten yok olma tehlikesiyle kar\u015f\u0131 kar\u015f\u0131ya. Van\u2019\u0131n Geva\u015f il\u00e7esine ba\u011fl\u0131 Alt\u0131nsa\u00e7 Mahallesi\u2019nde bulunan bin y\u0131ll\u0131k Saint Thomes Ermeni Manast\u0131r\u0131 (Alt\u0131nsa\u00e7 Kilisesi) kaderine terk edilmi\u015f halde. Havarilerden Aziz Thomas\u2019a ait kutsal e\u015fyalar\u0131n saklanmas\u0131 amac\u0131yla 11\u2019inci y\u00fczy\u0131lda in\u015fa edildi\u011fi bilinen St. Thomas Ermeni Manast\u0131r\u0131 2 [&hellip;]<\/p>\n","protected":false},"author":7,"featured_media":63284,"comment_status":"open","ping_status":"open","sticky":false,"template":"","format":"standard","meta":{"footnotes":""},"categories":[22,1],"tags":[],"class_list":["post-63283","post","type-post","status-publish","format-standard","has-post-thumbnail","hentry","category-gunumuzde-bati-ermenistan","category-haberler"],"yoast_head":"<!-- This site is optimized with the Yoast SEO plugin v27.4 - https:\/\/yoast.com\/product\/yoast-seo-wordpress\/ -->\n<title>Van\u2019daki Saint Thomas Manast\u0131r\u0131 kaderine terk edildi - Bati Ermenistan Ve Bati Ermenileri Sorunlari Ara\u015ftirmalar Merkezi<\/title>\n<meta name=\"robots\" content=\"index, follow, max-snippet:-1, max-image-preview:large, max-video-preview:-1\" \/>\n<link rel=\"canonical\" href=\"https:\/\/akunq.net\/tr\/?p=63283\" \/>\n<meta property=\"og:locale\" content=\"en_US\" \/>\n<meta property=\"og:type\" content=\"article\" \/>\n<meta property=\"og:title\" content=\"Van\u2019daki Saint Thomas Manast\u0131r\u0131 kaderine terk edildi - Bati Ermenistan Ve Bati Ermenileri Sorunlari Ara\u015ftirmalar Merkezi\" \/>\n<meta property=\"og:description\" content=\"Van G\u00f6l\u00fc\u2019ne kar\u015f\u0131 ihti\u015faml\u0131 g\u00fczelli\u011fiyle bilinen Saint Thomas Ermeni Manast\u0131r\u0131, bak\u0131ms\u0131zl\u0131ktan ve ilgisizlikten yok olma tehlikesiyle kar\u015f\u0131 kar\u015f\u0131ya. Van\u2019\u0131n Geva\u015f il\u00e7esine ba\u011fl\u0131 Alt\u0131nsa\u00e7 Mahallesi\u2019nde bulunan bin y\u0131ll\u0131k Saint Thomes Ermeni Manast\u0131r\u0131 (Alt\u0131nsa\u00e7 Kilisesi) kaderine terk edilmi\u015f halde. Havarilerden Aziz Thomas\u2019a ait kutsal e\u015fyalar\u0131n saklanmas\u0131 amac\u0131yla 11\u2019inci y\u00fczy\u0131lda in\u015fa edildi\u011fi bilinen St. Thomas Ermeni Manast\u0131r\u0131 2 [&hellip;]\" \/>\n<meta property=\"og:url\" content=\"https:\/\/akunq.net\/tr\/?p=63283\" \/>\n<meta property=\"og:site_name\" content=\"Bati Ermenistan Ve Bati Ermenileri Sorunlari Ara\u015ftirmalar Merkezi\" \/>\n<meta property=\"article:published_time\" content=\"2021-06-14T08:50:39+00:00\" \/>\n<meta property=\"og:image\" content=\"https:\/\/akunq.net\/tr\/wp-content\/uploads\/sites\/6\/2021\/06\/1.png\" \/>\n\t<meta property=\"og:image:width\" content=\"1468\" \/>\n\t<meta property=\"og:image:height\" content=\"1020\" \/>\n\t<meta property=\"og:image:type\" content=\"image\/png\" \/>\n<meta name=\"author\" content=\"admin\" \/>\n<meta name=\"twitter:card\" content=\"summary_large_image\" \/>\n<meta name=\"twitter:label1\" content=\"Written by\" \/>\n\t<meta name=\"twitter:data1\" content=\"admin\" \/>\n\t<meta name=\"twitter:label2\" content=\"Est. reading time\" \/>\n\t<meta name=\"twitter:data2\" content=\"1 minute\" \/>\n<script type=\"application\/ld+json\" class=\"yoast-schema-graph\">{\"@context\":\"https:\\\/\\\/schema.org\",\"@graph\":[{\"@type\":\"Article\",\"@id\":\"https:\\\/\\\/akunq.net\\\/tr\\\/?p=63283#article\",\"isPartOf\":{\"@id\":\"https:\\\/\\\/akunq.net\\\/tr\\\/?p=63283\"},\"author\":{\"name\":\"admin\",\"@id\":\"https:\\\/\\\/akunq.net\\\/tr\\\/#\\\/schema\\\/person\\\/096f1d38a12cce57fb855b485ed24c9e\"},\"headline\":\"Van\u2019daki Saint Thomas Manast\u0131r\u0131 kaderine terk edildi\",\"datePublished\":\"2021-06-14T08:50:39+00:00\",\"mainEntityOfPage\":{\"@id\":\"https:\\\/\\\/akunq.net\\\/tr\\\/?p=63283\"},\"wordCount\":284,\"commentCount\":0,\"image\":{\"@id\":\"https:\\\/\\\/akunq.net\\\/tr\\\/?p=63283#primaryimage\"},\"thumbnailUrl\":\"https:\\\/\\\/akunq.net\\\/tr\\\/wp-content\\\/uploads\\\/sites\\\/6\\\/2021\\\/06\\\/1.png\",\"articleSection\":[\"G\u00fcn\u00fcm\u00fczde Bat\u0131 Ermenistan\",\"Haberler\"],\"inLanguage\":\"en-US\",\"potentialAction\":[{\"@type\":\"CommentAction\",\"name\":\"Comment\",\"target\":[\"https:\\\/\\\/akunq.net\\\/tr\\\/?p=63283#respond\"]}]},{\"@type\":\"WebPage\",\"@id\":\"https:\\\/\\\/akunq.net\\\/tr\\\/?p=63283\",\"url\":\"https:\\\/\\\/akunq.net\\\/tr\\\/?p=63283\",\"name\":\"Van\u2019daki Saint Thomas Manast\u0131r\u0131 kaderine terk edildi - Bati Ermenistan Ve Bati Ermenileri Sorunlari Ara\u015ftirmalar Merkezi\",\"isPartOf\":{\"@id\":\"https:\\\/\\\/akunq.net\\\/tr\\\/#website\"},\"primaryImageOfPage\":{\"@id\":\"https:\\\/\\\/akunq.net\\\/tr\\\/?p=63283#primaryimage\"},\"image\":{\"@id\":\"https:\\\/\\\/akunq.net\\\/tr\\\/?p=63283#primaryimage\"},\"thumbnailUrl\":\"https:\\\/\\\/akunq.net\\\/tr\\\/wp-content\\\/uploads\\\/sites\\\/6\\\/2021\\\/06\\\/1.png\",\"datePublished\":\"2021-06-14T08:50:39+00:00\",\"author\":{\"@id\":\"https:\\\/\\\/akunq.net\\\/tr\\\/#\\\/schema\\\/person\\\/096f1d38a12cce57fb855b485ed24c9e\"},\"breadcrumb\":{\"@id\":\"https:\\\/\\\/akunq.net\\\/tr\\\/?p=63283#breadcrumb\"},\"inLanguage\":\"en-US\",\"potentialAction\":[{\"@type\":\"ReadAction\",\"target\":[\"https:\\\/\\\/akunq.net\\\/tr\\\/?p=63283\"]}]},{\"@type\":\"ImageObject\",\"inLanguage\":\"en-US\",\"@id\":\"https:\\\/\\\/akunq.net\\\/tr\\\/?p=63283#primaryimage\",\"url\":\"https:\\\/\\\/akunq.net\\\/tr\\\/wp-content\\\/uploads\\\/sites\\\/6\\\/2021\\\/06\\\/1.png\",\"contentUrl\":\"https:\\\/\\\/akunq.net\\\/tr\\\/wp-content\\\/uploads\\\/sites\\\/6\\\/2021\\\/06\\\/1.png\",\"width\":1468,\"height\":1020},{\"@type\":\"BreadcrumbList\",\"@id\":\"https:\\\/\\\/akunq.net\\\/tr\\\/?p=63283#breadcrumb\",\"itemListElement\":[{\"@type\":\"ListItem\",\"position\":1,\"name\":\"Home\",\"item\":\"https:\\\/\\\/akunq.net\\\/tr\"},{\"@type\":\"ListItem\",\"position\":2,\"name\":\"Van\u2019daki Saint Thomas Manast\u0131r\u0131 kaderine terk edildi\"}]},{\"@type\":\"WebSite\",\"@id\":\"https:\\\/\\\/akunq.net\\\/tr\\\/#website\",\"url\":\"https:\\\/\\\/akunq.net\\\/tr\\\/\",\"name\":\"Bati Ermenistan Ve Bati Ermenileri Sorunlari Ara\u015ftirmalar Merkezi\",\"description\":\"\",\"potentialAction\":[{\"@type\":\"SearchAction\",\"target\":{\"@type\":\"EntryPoint\",\"urlTemplate\":\"https:\\\/\\\/akunq.net\\\/tr\\\/?s={search_term_string}\"},\"query-input\":{\"@type\":\"PropertyValueSpecification\",\"valueRequired\":true,\"valueName\":\"search_term_string\"}}],\"inLanguage\":\"en-US\"},{\"@type\":\"Person\",\"@id\":\"https:\\\/\\\/akunq.net\\\/tr\\\/#\\\/schema\\\/person\\\/096f1d38a12cce57fb855b485ed24c9e\",\"name\":\"admin\",\"url\":\"https:\\\/\\\/akunq.net\\\/tr\\\/?author=7\"}]}<\/script>\n<!-- \/ Yoast SEO plugin. -->","yoast_head_json":{"title":"Van\u2019daki Saint Thomas Manast\u0131r\u0131 kaderine terk edildi - Bati Ermenistan Ve Bati Ermenileri Sorunlari Ara\u015ftirmalar Merkezi","robots":{"index":"index","follow":"follow","max-snippet":"max-snippet:-1","max-image-preview":"max-image-preview:large","max-video-preview":"max-video-preview:-1"},"canonical":"https:\/\/akunq.net\/tr\/?p=63283","og_locale":"en_US","og_type":"article","og_title":"Van\u2019daki Saint Thomas Manast\u0131r\u0131 kaderine terk edildi - Bati Ermenistan Ve Bati Ermenileri Sorunlari Ara\u015ftirmalar Merkezi","og_description":"Van G\u00f6l\u00fc\u2019ne kar\u015f\u0131 ihti\u015faml\u0131 g\u00fczelli\u011fiyle bilinen Saint Thomas Ermeni Manast\u0131r\u0131, bak\u0131ms\u0131zl\u0131ktan ve ilgisizlikten yok olma tehlikesiyle kar\u015f\u0131 kar\u015f\u0131ya. Van\u2019\u0131n Geva\u015f il\u00e7esine ba\u011fl\u0131 Alt\u0131nsa\u00e7 Mahallesi\u2019nde bulunan bin y\u0131ll\u0131k Saint Thomes Ermeni Manast\u0131r\u0131 (Alt\u0131nsa\u00e7 Kilisesi) kaderine terk edilmi\u015f halde. Havarilerden Aziz Thomas\u2019a ait kutsal e\u015fyalar\u0131n saklanmas\u0131 amac\u0131yla 11\u2019inci y\u00fczy\u0131lda in\u015fa edildi\u011fi bilinen St. Thomas Ermeni Manast\u0131r\u0131 2 [&hellip;]","og_url":"https:\/\/akunq.net\/tr\/?p=63283","og_site_name":"Bati Ermenistan Ve Bati Ermenileri Sorunlari Ara\u015ftirmalar Merkezi","article_published_time":"2021-06-14T08:50:39+00:00","og_image":[{"width":1468,"height":1020,"url":"https:\/\/akunq.net\/tr\/wp-content\/uploads\/sites\/6\/2021\/06\/1.png","type":"image\/png"}],"author":"admin","twitter_card":"summary_large_image","twitter_misc":{"Written by":"admin","Est. reading time":"1 minute"},"schema":{"@context":"https:\/\/schema.org","@graph":[{"@type":"Article","@id":"https:\/\/akunq.net\/tr\/?p=63283#article","isPartOf":{"@id":"https:\/\/akunq.net\/tr\/?p=63283"},"author":{"name":"admin","@id":"https:\/\/akunq.net\/tr\/#\/schema\/person\/096f1d38a12cce57fb855b485ed24c9e"},"headline":"Van\u2019daki Saint Thomas Manast\u0131r\u0131 kaderine terk edildi","datePublished":"2021-06-14T08:50:39+00:00","mainEntityOfPage":{"@id":"https:\/\/akunq.net\/tr\/?p=63283"},"wordCount":284,"commentCount":0,"image":{"@id":"https:\/\/akunq.net\/tr\/?p=63283#primaryimage"},"thumbnailUrl":"https:\/\/akunq.net\/tr\/wp-content\/uploads\/sites\/6\/2021\/06\/1.png","articleSection":["G\u00fcn\u00fcm\u00fczde Bat\u0131 Ermenistan","Haberler"],"inLanguage":"en-US","potentialAction":[{"@type":"CommentAction","name":"Comment","target":["https:\/\/akunq.net\/tr\/?p=63283#respond"]}]},{"@type":"WebPage","@id":"https:\/\/akunq.net\/tr\/?p=63283","url":"https:\/\/akunq.net\/tr\/?p=63283","name":"Van\u2019daki Saint Thomas Manast\u0131r\u0131 kaderine terk edildi - Bati Ermenistan Ve Bati Ermenileri Sorunlari Ara\u015ftirmalar Merkezi","isPartOf":{"@id":"https:\/\/akunq.net\/tr\/#website"},"primaryImageOfPage":{"@id":"https:\/\/akunq.net\/tr\/?p=63283#primaryimage"},"image":{"@id":"https:\/\/akunq.net\/tr\/?p=63283#primaryimage"},"thumbnailUrl":"https:\/\/akunq.net\/tr\/wp-content\/uploads\/sites\/6\/2021\/06\/1.png","datePublished":"2021-06-14T08:50:39+00:00","author":{"@id":"https:\/\/akunq.net\/tr\/#\/schema\/person\/096f1d38a12cce57fb855b485ed24c9e"},"breadcrumb":{"@id":"https:\/\/akunq.net\/tr\/?p=63283#breadcrumb"},"inLanguage":"en-US","potentialAction":[{"@type":"ReadAction","target":["https:\/\/akunq.net\/tr\/?p=63283"]}]},{"@type":"ImageObject","inLanguage":"en-US","@id":"https:\/\/akunq.net\/tr\/?p=63283#primaryimage","url":"https:\/\/akunq.net\/tr\/wp-content\/uploads\/sites\/6\/2021\/06\/1.png","contentUrl":"https:\/\/akunq.net\/tr\/wp-content\/uploads\/sites\/6\/2021\/06\/1.png","width":1468,"height":1020},{"@type":"BreadcrumbList","@id":"https:\/\/akunq.net\/tr\/?p=63283#breadcrumb","itemListElement":[{"@type":"ListItem","position":1,"name":"Home","item":"https:\/\/akunq.net\/tr"},{"@type":"ListItem","position":2,"name":"Van\u2019daki Saint Thomas Manast\u0131r\u0131 kaderine terk edildi"}]},{"@type":"WebSite","@id":"https:\/\/akunq.net\/tr\/#website","url":"https:\/\/akunq.net\/tr\/","name":"Bati Ermenistan Ve Bati Ermenileri Sorunlari Ara\u015ftirmalar Merkezi","description":"","potentialAction":[{"@type":"SearchAction","target":{"@type":"EntryPoint","urlTemplate":"https:\/\/akunq.net\/tr\/?s={search_term_string}"},"query-input":{"@type":"PropertyValueSpecification","valueRequired":true,"valueName":"search_term_string"}}],"inLanguage":"en-US"},{"@type":"Person","@id":"https:\/\/akunq.net\/tr\/#\/schema\/person\/096f1d38a12cce57fb855b485ed24c9e","name":"admin","url":"https:\/\/akunq.net\/tr\/?author=7"}]}},"_links":{"self":[{"href":"https:\/\/akunq.net\/tr\/index.php?rest_route=\/wp\/v2\/posts\/63283","targetHints":{"allow":["GET"]}}],"collection":[{"href":"https:\/\/akunq.net\/tr\/index.php?rest_route=\/wp\/v2\/posts"}],"about":[{"href":"https:\/\/akunq.net\/tr\/index.php?rest_route=\/wp\/v2\/types\/post"}],"author":[{"embeddable":true,"href":"https:\/\/akunq.net\/tr\/index.php?rest_route=\/wp\/v2\/users\/7"}],"replies":[{"embeddable":true,"href":"https:\/\/akunq.net\/tr\/index.php?rest_route=%2Fwp%2Fv2%2Fcomments&post=63283"}],"version-history":[{"count":1,"href":"https:\/\/akunq.net\/tr\/index.php?rest_route=\/wp\/v2\/posts\/63283\/revisions"}],"predecessor-version":[{"id":63288,"href":"https:\/\/akunq.net\/tr\/index.php?rest_route=\/wp\/v2\/posts\/63283\/revisions\/63288"}],"wp:featuredmedia":[{"embeddable":true,"href":"https:\/\/akunq.net\/tr\/index.php?rest_route=\/wp\/v2\/media\/63284"}],"wp:attachment":[{"href":"https:\/\/akunq.net\/tr\/index.php?rest_route=%2Fwp%2Fv2%2Fmedia&parent=63283"}],"wp:term":[{"taxonomy":"category","embeddable":true,"href":"https:\/\/akunq.net\/tr\/index.php?rest_route=%2Fwp%2Fv2%2Fcategories&post=63283"},{"taxonomy":"post_tag","embeddable":true,"href":"https:\/\/akunq.net\/tr\/index.php?rest_route=%2Fwp%2Fv2%2Ftags&post=63283"}],"curies":[{"name":"wp","href":"https:\/\/api.w.org\/{rel}","templated":true}]}}