{"id":63274,"date":"2021-06-14T03:03:21","date_gmt":"2021-06-14T08:03:21","guid":{"rendered":"https:\/\/akunq.net\/tr\/?p=63274"},"modified":"2021-06-14T03:03:21","modified_gmt":"2021-06-14T08:03:21","slug":"sumela-manastirinin-kayaliklarindaki-sakli-sapelin-restorasyonu-icin-proje-hazirlaniyor","status":"publish","type":"post","link":"https:\/\/akunq.net\/tr\/?p=63274","title":{"rendered":"S\u00fcmela Manast\u0131r\u0131\u2019n\u0131n kayal\u0131klar\u0131ndaki sakl\u0131 \u015fapelin restorasyonu i\u00e7in proje haz\u0131rlan\u0131yor"},"content":{"rendered":"<p><img loading=\"lazy\" decoding=\"async\" class=\"aligncenter size-medium wp-image-63275\" src=\"https:\/\/akunq.net\/tr\/wp-content\/uploads\/2021\/06\/S\u00fcmela-Manast\u0131r\u0131-360x203.jpg\" alt=\"\" width=\"360\" height=\"203\" srcset=\"https:\/\/akunq.net\/tr\/wp-content\/uploads\/sites\/6\/2021\/06\/S\u00fcmela-Manast\u0131r\u0131-360x203.jpg 360w, https:\/\/akunq.net\/tr\/wp-content\/uploads\/sites\/6\/2021\/06\/S\u00fcmela-Manast\u0131r\u0131-768x432.jpg 768w, https:\/\/akunq.net\/tr\/wp-content\/uploads\/sites\/6\/2021\/06\/S\u00fcmela-Manast\u0131r\u0131-560x315.jpg 560w, https:\/\/akunq.net\/tr\/wp-content\/uploads\/sites\/6\/2021\/06\/S\u00fcmela-Manast\u0131r\u0131-260x146.jpg 260w, https:\/\/akunq.net\/tr\/wp-content\/uploads\/sites\/6\/2021\/06\/S\u00fcmela-Manast\u0131r\u0131-160x90.jpg 160w, https:\/\/akunq.net\/tr\/wp-content\/uploads\/sites\/6\/2021\/06\/S\u00fcmela-Manast\u0131r\u0131.jpg 864w\" sizes=\"auto, (max-width: 360px) 100vw, 360px\" \/><\/p>\n<p><em><strong>T\u00fcrkiye\u2019nin inan\u00e7 turizmi merkezlerinden S\u00fcmela Manast\u0131r\u0131\u2019n\u0131n restorasyonu s\u0131ras\u0131nda bulunan ve 2018 y\u0131l\u0131nda \u201ckorunmas\u0131 gerekli birinci grup k\u00fclt\u00fcr varl\u0131\u011f\u0131\u201d olarak tescil edilen \u201csakl\u0131 \u015fapelin\u201d restorasyonu i\u00e7in proje \u00e7al\u0131\u015fmalar\u0131na ba\u015fland\u0131.<\/strong><\/em><\/p>\n<p><strong>Tu\u011fba Yard\u0131mc\u0131<\/strong><\/p>\n<p>Trabzon\u2019un Ma\u00e7ka il\u00e7esindeki Karada\u011f\u2019\u0131n Alt\u0131ndere Vadisi\u2019ne bakan ete\u011finde, vadiden yakla\u015f\u0131k 300 metre y\u00fckseklikteki ormanl\u0131k alanda kayalar oyularak in\u015fa edilen\u00a0<strong>S\u00fcmela Manast\u0131r\u0131,<\/strong>kaya d\u00fc\u015fme riskine kar\u015f\u0131 Eyl\u00fcl 2015\u2019te ziyarete kapat\u0131larak restorasyona al\u0131nd\u0131.<\/p>\n<p>K\u00fclt\u00fcr ve Turizm Bakanl\u0131\u011f\u0131nca y\u00fcr\u00fct\u00fclen yakla\u015f\u0131k 50 milyon liral\u0131k restorasyonun birinci etab\u0131 kapsam\u0131nda kaya \u0131slah\u0131, d\u0131\u015f avlu, \u00e7evre tanzim ve d\u00fczenleme \u00e7al\u0131\u015fmalar\u0131 yap\u0131ld\u0131. \u0130kinci etap \u00e7al\u0131\u015fmalar\u0131 \u00e7er\u00e7evesinde ise manast\u0131r\u0131n ana giri\u015f kap\u0131s\u0131n\u0131n \u00fcst\u00fcnde bulunan ve \u201ckama blok\u201d olarak adland\u0131r\u0131lan kaya k\u00fctlesinin ge\u00e7ici olarak g\u00fc\u00e7lendirilmesi tamamland\u0131.<\/p>\n<figure class=\"wp-block-image size-large\"><img loading=\"lazy\" decoding=\"async\" class=\"wp-image-409296\" src=\"https:\/\/i1.wp.com\/hyetert.org\/wp-content\/uploads\/2021\/06\/2021-haziran-sapell-1-.jpg?resize=1024%2C682&amp;ssl=1\" sizes=\"auto, (max-width: 1000px) 100vw, 1000px\" srcset=\"https:\/\/i1.wp.com\/hyetert.org\/wp-content\/uploads\/2021\/06\/2021-haziran-sapell-1-.jpg?resize=1024%2C682&amp;ssl=1 1024w, https:\/\/i1.wp.com\/hyetert.org\/wp-content\/uploads\/2021\/06\/2021-haziran-sapell-1-.jpg?resize=300%2C200&amp;ssl=1 300w, https:\/\/i1.wp.com\/hyetert.org\/wp-content\/uploads\/2021\/06\/2021-haziran-sapell-1-.jpg?resize=768%2C512&amp;ssl=1 768w, https:\/\/i1.wp.com\/hyetert.org\/wp-content\/uploads\/2021\/06\/2021-haziran-sapell-1-.jpg?w=1120&amp;ssl=1 1120w\" alt=\"\" width=\"1024\" height=\"682\" data-recalc-dims=\"1\" \/><figcaption>T\u00fcrkiye\u2019nin inan\u00e7 turizmi merkezlerinden S\u00fcmela Manast\u0131r\u0131\u2019n\u0131n restorasyonu s\u0131ras\u0131nda bulunan ve 2018 y\u0131l\u0131nda \u201ckorunmas\u0131 gerekli birinci grup k\u00fclt\u00fcr varl\u0131\u011f\u0131\u201d olarak tescil edilen \u201csakl\u0131 \u015fapelin\u201d restorasyonu i\u00e7in proje \u00e7al\u0131\u015fmalar\u0131na ba\u015fland\u0131. S\u00fcmela\u2019n\u0131n \u00e7at\u0131s\u0131ndan kayal\u0131k b\u00f6lgeye \u00e7\u0131k\u0131larak ula\u015f\u0131labilen \u015fapelde 18. y\u00fczy\u0131lda yap\u0131ld\u0131\u011f\u0131 tahmin edilen, \u0130ncil\u2019den baz\u0131 b\u00f6l\u00fcmlerin anlat\u0131ld\u0131\u011f\u0131 \u00e7ok say\u0131da fresk bulunuyor. ( Tu\u011fba Yard\u0131mc\u0131 \u2013 Anadolu Ajans\u0131 )<\/figcaption><\/figure>\n<p>Restorasyonun \u00fc\u00e7\u00fcnc\u00fc etap \u00e7al\u0131\u015fmalar\u0131 kapsam\u0131nda da m\u00fchendis ve end\u00fcstriyel da\u011fc\u0131lar\u0131n da yer ald\u0131\u011f\u0131 yakla\u015f\u0131k 70 personel, kaya d\u00fc\u015fmesini \u00f6nlemek i\u00e7in bariyerleme ve kama blok kaya k\u00fctlesinin kal\u0131c\u0131 olarak sabitlenmesi \u00e7al\u0131\u015fmalar\u0131na devam ediyor.<\/p>\n<p>Ekipler, birinci derece arkeolojik sit alan\u0131 olan manast\u0131rda restorasyon \u00e7al\u0131\u015fmalar\u0131 ba\u015flad\u0131ktan bir s\u00fcre sonra, manast\u0131r\u0131n \u00fcst k\u0131sm\u0131ndaki kayal\u0131k b\u00f6lgede yeni bir \u015fapel tespit etti.<\/p>\n<p>Kayal\u0131k b\u00f6lgede bulundu\u011fu i\u00e7in<strong>\u00a0\u201csakl\u0131 \u015fapel\u201d\u00a0<\/strong>olarak an\u0131lan yap\u0131ya, S\u00fcmela Manast\u0131r\u0131\u2019n\u0131n kuzey b\u00f6l\u00fcm\u00fcn\u00fcn \u00e7at\u0131s\u0131ndan kayal\u0131k b\u00f6lgeye \u00e7\u0131k\u0131larak ve yakla\u015f\u0131k 50 metrelik patika yoldan ge\u00e7ilerek ula\u015f\u0131labiliyor.<\/p>\n<figure class=\"wp-block-image size-large\"><img loading=\"lazy\" decoding=\"async\" class=\"wp-image-409297\" src=\"https:\/\/i1.wp.com\/hyetert.org\/wp-content\/uploads\/2021\/06\/2021-haziran-sapell-2-.jpg?resize=1024%2C682&amp;ssl=1\" sizes=\"auto, (max-width: 1000px) 100vw, 1000px\" srcset=\"https:\/\/i1.wp.com\/hyetert.org\/wp-content\/uploads\/2021\/06\/2021-haziran-sapell-2-.jpg?resize=1024%2C682&amp;ssl=1 1024w, https:\/\/i1.wp.com\/hyetert.org\/wp-content\/uploads\/2021\/06\/2021-haziran-sapell-2-.jpg?resize=300%2C200&amp;ssl=1 300w, https:\/\/i1.wp.com\/hyetert.org\/wp-content\/uploads\/2021\/06\/2021-haziran-sapell-2-.jpg?resize=768%2C512&amp;ssl=1 768w, https:\/\/i1.wp.com\/hyetert.org\/wp-content\/uploads\/2021\/06\/2021-haziran-sapell-2-.jpg?w=1120&amp;ssl=1 1120w\" alt=\"\" width=\"1024\" height=\"682\" data-recalc-dims=\"1\" \/><figcaption>T\u00fcrkiye\u2019nin inan\u00e7 turizmi merkezlerinden S\u00fcmela Manast\u0131r\u0131\u2019n\u0131n restorasyonu s\u0131ras\u0131nda bulunan ve 2018 y\u0131l\u0131nda \u201ckorunmas\u0131 gerekli birinci grup k\u00fclt\u00fcr varl\u0131\u011f\u0131\u201d olarak tescil edilen \u201csakl\u0131 \u015fapelin\u201d restorasyonu i\u00e7in proje \u00e7al\u0131\u015fmalar\u0131na ba\u015fland\u0131. S\u00fcmela\u2019n\u0131n \u00e7at\u0131s\u0131ndan kayal\u0131k b\u00f6lgeye \u00e7\u0131k\u0131larak ula\u015f\u0131labilen \u015fapelde 18. y\u00fczy\u0131lda yap\u0131ld\u0131\u011f\u0131 tahmin edilen, \u0130ncil\u2019den baz\u0131 b\u00f6l\u00fcmlerin anlat\u0131ld\u0131\u011f\u0131 \u00e7ok say\u0131da fresk bulunuyor. ( Tu\u011fba Yard\u0131mc\u0131 \u2013 Anadolu Ajans\u0131 )<\/figcaption><\/figure>\n<h3>\u201c\u015eapelin yap\u0131m tarihinin 18. y\u00fczy\u0131l\u0131n ilk yar\u0131s\u0131 olmas\u0131 muhtemeldir\u201d<\/h3>\n<p>\u0130l K\u00fclt\u00fcr ve Turizm M\u00fcd\u00fcr Vekili Mustafa Asan, AA muhabirine, \u015fapelin, Trabzon K\u00fclt\u00fcr Varl\u0131klar\u0131n\u0131 Koruma B\u00f6lge Kurulunun 27 Haziran 2018 tarihli 4288 say\u0131l\u0131 karar\u0131 ile 2863 say\u0131l\u0131 Kanun\u2019un 6. maddesi kapsam\u0131nda, \u201ckorunmas\u0131 gerekli birinci grup k\u00fclt\u00fcr varl\u0131\u011f\u0131\u201d olarak tescil edildi\u011fini belirtti.<\/p>\n<p>K\u00fc\u00e7\u00fck boyutlarda in\u015fa edilmi\u015f tek nefli \u015fapelin, bat\u0131 cephesinde yer alan giri\u015f b\u00f6l\u00fcm\u00fc ile bu b\u00f6l\u00fcm\u00fcn ana kayaya bakan cephesinin tamamen y\u0131k\u0131lm\u0131\u015f oldu\u011funu aktaran Asan, ana kayadan olu\u015fan g\u00fcney b\u00f6l\u00fcm\u00fcnde ise herhangi bir fresk ve s\u00fcsleyici unsur bulunmad\u0131\u011f\u0131n\u0131, ta\u015f d\u00f6\u015feli \u00fcst \u00f6rt\u00fcn\u00fcn, sundurma \u015feklinde ana kayaya oturtuldu\u011funu, i\u00e7ten be\u015fik tonoz \u00f6rt\u00fcl\u00fc \u015fapelin ah\u015fap hat\u0131llarla desteklendi\u011fini kaydetti.<\/p>\n<figure class=\"wp-block-image size-large\"><img loading=\"lazy\" decoding=\"async\" class=\"wp-image-409298\" src=\"https:\/\/i1.wp.com\/hyetert.org\/wp-content\/uploads\/2021\/06\/2021-haziran-sapell-3-.jpg?resize=1024%2C768&amp;ssl=1\" sizes=\"auto, (max-width: 1000px) 100vw, 1000px\" srcset=\"https:\/\/i1.wp.com\/hyetert.org\/wp-content\/uploads\/2021\/06\/2021-haziran-sapell-3-.jpg?resize=1024%2C768&amp;ssl=1 1024w, https:\/\/i1.wp.com\/hyetert.org\/wp-content\/uploads\/2021\/06\/2021-haziran-sapell-3-.jpg?resize=300%2C225&amp;ssl=1 300w, https:\/\/i1.wp.com\/hyetert.org\/wp-content\/uploads\/2021\/06\/2021-haziran-sapell-3-.jpg?resize=768%2C576&amp;ssl=1 768w, https:\/\/i1.wp.com\/hyetert.org\/wp-content\/uploads\/2021\/06\/2021-haziran-sapell-3-.jpg?w=1120&amp;ssl=1 1120w\" alt=\"\" width=\"1024\" height=\"768\" data-recalc-dims=\"1\" \/><figcaption>T\u00fcrkiye\u2019nin inan\u00e7 turizmi merkezlerinden S\u00fcmela Manast\u0131r\u0131\u2019n\u0131n restorasyonu s\u0131ras\u0131nda bulunan ve 2018 y\u0131l\u0131nda \u201ckorunmas\u0131 gerekli birinci grup k\u00fclt\u00fcr varl\u0131\u011f\u0131\u201d olarak tescil edilen \u201csakl\u0131 \u015fapelin\u201d restorasyonu i\u00e7in proje \u00e7al\u0131\u015fmalar\u0131na ba\u015fland\u0131. S\u00fcmela\u2019n\u0131n \u00e7at\u0131s\u0131ndan kayal\u0131k b\u00f6lgeye \u00e7\u0131k\u0131larak ula\u015f\u0131labilen \u015fapelde 18. y\u00fczy\u0131lda yap\u0131ld\u0131\u011f\u0131 tahmin edilen, \u0130ncil\u2019den baz\u0131 b\u00f6l\u00fcmlerin anlat\u0131ld\u0131\u011f\u0131 \u00e7ok say\u0131da fresk bulunuyor. ( Trabzon K\u00fclt\u00fcr ve Turizm M\u00fcd\u00fcrl\u00fc\u011f\u00fc \u2013 Anadolu Ajans\u0131 )<\/figcaption><\/figure>\n<p>Kuzey b\u00f6l\u00fcm\u00fcnde yer alan iki pencere ile ayd\u0131nlat\u0131lan \u015fapelin do\u011fu cephesinde yer alan apsis b\u00f6l\u00fcm\u00fcn\u00fcn de bug\u00fcne ula\u015famayan k\u0131s\u0131mlar\u0131ndan biri oldu\u011funa dikkati \u00e7eken Asan yap\u0131ya ili\u015fkin \u015f\u00f6yle bilgi verdi:<\/p>\n<p>\u201c\u015eapelin d\u0131\u015f k\u0131sm\u0131nda kuzey cephesinin tamam\u0131nda, bat\u0131 b\u00f6l\u00fcm\u00fcn\u00fcn g\u00fcn\u00fcm\u00fcze ula\u015fan duvar\u0131nda, i\u00e7 k\u0131sm\u0131nda kuzey cephede ve pencere a\u00e7\u0131kl\u0131klar\u0131n\u0131n kenar y\u00fczeylerinde, bat\u0131 ve do\u011fu cephede g\u00fcn\u00fcm\u00fcze ula\u015fan b\u00f6l\u00fcmlerinde ve ana kaya ile birle\u015fen tonozun tamam\u0131nda \u0130ncil\u2019den \u00e7e\u015fitli sahneler i\u015flendi\u011fi g\u00f6r\u00fcl\u00fcyor. \u015eapelin duvarlar\u0131ndaki freskler, S\u00fcmela Manast\u0131r\u0131\u2019m\u0131z\u0131n i\u00e7erisinde yer alan ana kaya kilisesinin duvarlar\u0131n\u0131 s\u00fcsleyen fresklerle ayn\u0131 \u00f6zelli\u011fi g\u00f6stermektedir.\u201d<\/p>\n<figure class=\"wp-block-image size-large\"><img loading=\"lazy\" decoding=\"async\" class=\"wp-image-409299\" src=\"https:\/\/i0.wp.com\/hyetert.org\/wp-content\/uploads\/2021\/06\/2021-haziran-sapell-4-.jpg?resize=1024%2C682&amp;ssl=1\" sizes=\"auto, (max-width: 1000px) 100vw, 1000px\" srcset=\"https:\/\/i0.wp.com\/hyetert.org\/wp-content\/uploads\/2021\/06\/2021-haziran-sapell-4-.jpg?resize=1024%2C682&amp;ssl=1 1024w, https:\/\/i0.wp.com\/hyetert.org\/wp-content\/uploads\/2021\/06\/2021-haziran-sapell-4-.jpg?resize=300%2C200&amp;ssl=1 300w, https:\/\/i0.wp.com\/hyetert.org\/wp-content\/uploads\/2021\/06\/2021-haziran-sapell-4-.jpg?resize=768%2C512&amp;ssl=1 768w, https:\/\/i0.wp.com\/hyetert.org\/wp-content\/uploads\/2021\/06\/2021-haziran-sapell-4-.jpg?w=1120&amp;ssl=1 1120w\" alt=\"\" width=\"1024\" height=\"682\" data-recalc-dims=\"1\" \/><figcaption>T\u00fcrkiye\u2019nin inan\u00e7 turizmi merkezlerinden S\u00fcmela Manast\u0131r\u0131\u2019n\u0131n restorasyonu s\u0131ras\u0131nda bulunan ve 2018 y\u0131l\u0131nda \u201ckorunmas\u0131 gerekli birinci grup k\u00fclt\u00fcr varl\u0131\u011f\u0131\u201d olarak tescil edilen \u201csakl\u0131 \u015fapelin\u201d restorasyonu i\u00e7in proje \u00e7al\u0131\u015fmalar\u0131na ba\u015fland\u0131. S\u00fcmela\u2019n\u0131n \u00e7at\u0131s\u0131ndan kayal\u0131k b\u00f6lgeye \u00e7\u0131k\u0131larak ula\u015f\u0131labilen \u015fapelde 18. y\u00fczy\u0131lda yap\u0131ld\u0131\u011f\u0131 tahmin edilen, \u0130ncil\u2019den baz\u0131 b\u00f6l\u00fcmlerin anlat\u0131ld\u0131\u011f\u0131 \u00e7ok say\u0131da fresk bulunuyor. ( Tu\u011fba Yard\u0131mc\u0131 \u2013 Anadolu Ajans\u0131 )<\/figcaption><\/figure>\n<p>Asan, 1749 y\u0131l\u0131nda \u0130gnatios ad\u0131ndaki ba\u015fpiskopos taraf\u0131ndan S\u00fcmela\u2019n\u0131n b\u00fct\u00fcn y\u00fczeylerinin fresklerle s\u00fcslendi\u011fine dair bilgiler bulundu\u011funu dile getirerek, \u201c\u00dcslup olarak bu \u015fapelde yer alan fresklerin de benzer \u00f6zellikler g\u00f6stermesi dolay\u0131s\u0131yla, \u015fapelin yap\u0131m tarihinin 18. y\u00fczy\u0131l\u0131n ilk yar\u0131s\u0131 olmas\u0131 muhtemeldir. Fresklerde yer yer tahribat olsa da g\u00fcn\u00fcm\u00fcze b\u00fcy\u00fck oranda sa\u011flam ula\u015fm\u0131\u015ft\u0131r.\u201d dedi.<\/p>\n<p>Sakl\u0131 \u015fapelin restorasyonu kapsam\u0131nda bir proje haz\u0131rland\u0131\u011f\u0131n\u0131 belirten Asan \u015funlar\u0131 kaydetti:<\/p>\n<p>\u201cBakanl\u0131\u011f\u0131m\u0131z\u0131n ilgili kurumlar\u0131nca yap\u0131lacak \u00e7al\u0131\u015fmalar\u0131n ard\u0131ndan \u015fapeli turizme kazand\u0131rmay\u0131 planl\u0131yoruz. \u015eapelin restorasyonuna ili\u015fkin y\u00fcklenici firma taraf\u0131ndan bir \u00e7al\u0131\u015fmam\u0131z var ancak ana restorasyona dahil de\u011fil. Patikaya \u00e7\u0131k\u0131\u015fa ah\u015fap bir yol yap\u0131lacak. \u015eapelin restorasyonu ve r\u00f6l\u00f6vesine ili\u015fkin \u00e7al\u0131\u015fmalar yap\u0131lacak.\u201d<\/p>\n<hr class=\"wp-block-separator\" \/>\n<p><em><strong><a href=\"https:\/\/www.aa.com.tr\/tr\/kultur-sanat\/sumela-manastirinin-kayaliklarindaki-sakli-sapelin-restorasyonu-icin-proje-hazirlaniyor\/2271288\">https:\/\/www.aa.com.tr\/tr\/kultur-sanat\/sumela-manastirinin-kayaliklarindaki-sakli-sapelin-restorasyonu-icin-proje-hazirlaniyor\/2271288<\/a>\u00a0<\/strong><\/em><\/p>\n","protected":false},"excerpt":{"rendered":"<p>T\u00fcrkiye\u2019nin inan\u00e7 turizmi merkezlerinden S\u00fcmela Manast\u0131r\u0131\u2019n\u0131n restorasyonu s\u0131ras\u0131nda bulunan ve 2018 y\u0131l\u0131nda \u201ckorunmas\u0131 gerekli birinci grup k\u00fclt\u00fcr varl\u0131\u011f\u0131\u201d olarak tescil edilen \u201csakl\u0131 \u015fapelin\u201d restorasyonu i\u00e7in proje \u00e7al\u0131\u015fmalar\u0131na ba\u015fland\u0131. Tu\u011fba Yard\u0131mc\u0131 Trabzon\u2019un Ma\u00e7ka il\u00e7esindeki Karada\u011f\u2019\u0131n Alt\u0131ndere Vadisi\u2019ne bakan ete\u011finde, vadiden yakla\u015f\u0131k 300 metre y\u00fckseklikteki ormanl\u0131k alanda kayalar oyularak in\u015fa edilen\u00a0S\u00fcmela Manast\u0131r\u0131,kaya d\u00fc\u015fme riskine kar\u015f\u0131 Eyl\u00fcl 2015\u2019te [&hellip;]<\/p>\n","protected":false},"author":7,"featured_media":63275,"comment_status":"open","ping_status":"open","sticky":false,"template":"","format":"standard","meta":{"footnotes":""},"categories":[1],"tags":[],"class_list":["post-63274","post","type-post","status-publish","format-standard","has-post-thumbnail","hentry","category-haberler"],"yoast_head":"<!-- This site is optimized with the Yoast SEO plugin v27.4 - https:\/\/yoast.com\/product\/yoast-seo-wordpress\/ -->\n<title>S\u00fcmela Manast\u0131r\u0131\u2019n\u0131n kayal\u0131klar\u0131ndaki sakl\u0131 \u015fapelin restorasyonu i\u00e7in proje haz\u0131rlan\u0131yor - Bati Ermenistan Ve Bati Ermenileri Sorunlari Ara\u015ftirmalar Merkezi<\/title>\n<meta name=\"robots\" content=\"index, follow, max-snippet:-1, max-image-preview:large, max-video-preview:-1\" \/>\n<link rel=\"canonical\" href=\"https:\/\/akunq.net\/tr\/?p=63274\" \/>\n<meta property=\"og:locale\" content=\"en_US\" \/>\n<meta property=\"og:type\" content=\"article\" \/>\n<meta property=\"og:title\" content=\"S\u00fcmela Manast\u0131r\u0131\u2019n\u0131n kayal\u0131klar\u0131ndaki sakl\u0131 \u015fapelin restorasyonu i\u00e7in proje haz\u0131rlan\u0131yor - Bati Ermenistan Ve Bati Ermenileri Sorunlari Ara\u015ftirmalar Merkezi\" \/>\n<meta property=\"og:description\" content=\"T\u00fcrkiye\u2019nin inan\u00e7 turizmi merkezlerinden S\u00fcmela Manast\u0131r\u0131\u2019n\u0131n restorasyonu s\u0131ras\u0131nda bulunan ve 2018 y\u0131l\u0131nda \u201ckorunmas\u0131 gerekli birinci grup k\u00fclt\u00fcr varl\u0131\u011f\u0131\u201d olarak tescil edilen \u201csakl\u0131 \u015fapelin\u201d restorasyonu i\u00e7in proje \u00e7al\u0131\u015fmalar\u0131na ba\u015fland\u0131. Tu\u011fba Yard\u0131mc\u0131 Trabzon\u2019un Ma\u00e7ka il\u00e7esindeki Karada\u011f\u2019\u0131n Alt\u0131ndere Vadisi\u2019ne bakan ete\u011finde, vadiden yakla\u015f\u0131k 300 metre y\u00fckseklikteki ormanl\u0131k alanda kayalar oyularak in\u015fa edilen\u00a0S\u00fcmela Manast\u0131r\u0131,kaya d\u00fc\u015fme riskine kar\u015f\u0131 Eyl\u00fcl 2015\u2019te [&hellip;]\" \/>\n<meta property=\"og:url\" content=\"https:\/\/akunq.net\/tr\/?p=63274\" \/>\n<meta property=\"og:site_name\" content=\"Bati Ermenistan Ve Bati Ermenileri Sorunlari Ara\u015ftirmalar Merkezi\" \/>\n<meta property=\"article:published_time\" content=\"2021-06-14T08:03:21+00:00\" \/>\n<meta property=\"og:image\" content=\"https:\/\/akunq.net\/tr\/wp-content\/uploads\/sites\/6\/2021\/06\/S\u00fcmela-Manast\u0131r\u0131.jpg\" \/>\n\t<meta property=\"og:image:width\" content=\"864\" \/>\n\t<meta property=\"og:image:height\" content=\"486\" \/>\n\t<meta property=\"og:image:type\" content=\"image\/jpeg\" \/>\n<meta name=\"author\" content=\"admin\" \/>\n<meta name=\"twitter:card\" content=\"summary_large_image\" \/>\n<meta name=\"twitter:label1\" content=\"Written by\" \/>\n\t<meta name=\"twitter:data1\" content=\"admin\" \/>\n\t<meta name=\"twitter:label2\" content=\"Est. reading time\" \/>\n\t<meta name=\"twitter:data2\" content=\"5 minutes\" \/>\n<script type=\"application\/ld+json\" class=\"yoast-schema-graph\">{\"@context\":\"https:\\\/\\\/schema.org\",\"@graph\":[{\"@type\":\"Article\",\"@id\":\"https:\\\/\\\/akunq.net\\\/tr\\\/?p=63274#article\",\"isPartOf\":{\"@id\":\"https:\\\/\\\/akunq.net\\\/tr\\\/?p=63274\"},\"author\":{\"name\":\"admin\",\"@id\":\"https:\\\/\\\/akunq.net\\\/tr\\\/#\\\/schema\\\/person\\\/096f1d38a12cce57fb855b485ed24c9e\"},\"headline\":\"S\u00fcmela Manast\u0131r\u0131\u2019n\u0131n kayal\u0131klar\u0131ndaki sakl\u0131 \u015fapelin restorasyonu i\u00e7in proje haz\u0131rlan\u0131yor\",\"datePublished\":\"2021-06-14T08:03:21+00:00\",\"mainEntityOfPage\":{\"@id\":\"https:\\\/\\\/akunq.net\\\/tr\\\/?p=63274\"},\"wordCount\":1111,\"commentCount\":0,\"image\":{\"@id\":\"https:\\\/\\\/akunq.net\\\/tr\\\/?p=63274#primaryimage\"},\"thumbnailUrl\":\"https:\\\/\\\/akunq.net\\\/tr\\\/wp-content\\\/uploads\\\/sites\\\/6\\\/2021\\\/06\\\/S\u00fcmela-Manast\u0131r\u0131.jpg\",\"articleSection\":[\"Haberler\"],\"inLanguage\":\"en-US\",\"potentialAction\":[{\"@type\":\"CommentAction\",\"name\":\"Comment\",\"target\":[\"https:\\\/\\\/akunq.net\\\/tr\\\/?p=63274#respond\"]}]},{\"@type\":\"WebPage\",\"@id\":\"https:\\\/\\\/akunq.net\\\/tr\\\/?p=63274\",\"url\":\"https:\\\/\\\/akunq.net\\\/tr\\\/?p=63274\",\"name\":\"S\u00fcmela Manast\u0131r\u0131\u2019n\u0131n kayal\u0131klar\u0131ndaki sakl\u0131 \u015fapelin restorasyonu i\u00e7in proje haz\u0131rlan\u0131yor - Bati Ermenistan Ve Bati Ermenileri Sorunlari Ara\u015ftirmalar Merkezi\",\"isPartOf\":{\"@id\":\"https:\\\/\\\/akunq.net\\\/tr\\\/#website\"},\"primaryImageOfPage\":{\"@id\":\"https:\\\/\\\/akunq.net\\\/tr\\\/?p=63274#primaryimage\"},\"image\":{\"@id\":\"https:\\\/\\\/akunq.net\\\/tr\\\/?p=63274#primaryimage\"},\"thumbnailUrl\":\"https:\\\/\\\/akunq.net\\\/tr\\\/wp-content\\\/uploads\\\/sites\\\/6\\\/2021\\\/06\\\/S\u00fcmela-Manast\u0131r\u0131.jpg\",\"datePublished\":\"2021-06-14T08:03:21+00:00\",\"author\":{\"@id\":\"https:\\\/\\\/akunq.net\\\/tr\\\/#\\\/schema\\\/person\\\/096f1d38a12cce57fb855b485ed24c9e\"},\"breadcrumb\":{\"@id\":\"https:\\\/\\\/akunq.net\\\/tr\\\/?p=63274#breadcrumb\"},\"inLanguage\":\"en-US\",\"potentialAction\":[{\"@type\":\"ReadAction\",\"target\":[\"https:\\\/\\\/akunq.net\\\/tr\\\/?p=63274\"]}]},{\"@type\":\"ImageObject\",\"inLanguage\":\"en-US\",\"@id\":\"https:\\\/\\\/akunq.net\\\/tr\\\/?p=63274#primaryimage\",\"url\":\"https:\\\/\\\/akunq.net\\\/tr\\\/wp-content\\\/uploads\\\/sites\\\/6\\\/2021\\\/06\\\/S\u00fcmela-Manast\u0131r\u0131.jpg\",\"contentUrl\":\"https:\\\/\\\/akunq.net\\\/tr\\\/wp-content\\\/uploads\\\/sites\\\/6\\\/2021\\\/06\\\/S\u00fcmela-Manast\u0131r\u0131.jpg\",\"width\":864,\"height\":486},{\"@type\":\"BreadcrumbList\",\"@id\":\"https:\\\/\\\/akunq.net\\\/tr\\\/?p=63274#breadcrumb\",\"itemListElement\":[{\"@type\":\"ListItem\",\"position\":1,\"name\":\"Home\",\"item\":\"https:\\\/\\\/akunq.net\\\/tr\"},{\"@type\":\"ListItem\",\"position\":2,\"name\":\"S\u00fcmela Manast\u0131r\u0131\u2019n\u0131n kayal\u0131klar\u0131ndaki sakl\u0131 \u015fapelin restorasyonu i\u00e7in proje haz\u0131rlan\u0131yor\"}]},{\"@type\":\"WebSite\",\"@id\":\"https:\\\/\\\/akunq.net\\\/tr\\\/#website\",\"url\":\"https:\\\/\\\/akunq.net\\\/tr\\\/\",\"name\":\"Bati Ermenistan Ve Bati Ermenileri Sorunlari Ara\u015ftirmalar Merkezi\",\"description\":\"\",\"potentialAction\":[{\"@type\":\"SearchAction\",\"target\":{\"@type\":\"EntryPoint\",\"urlTemplate\":\"https:\\\/\\\/akunq.net\\\/tr\\\/?s={search_term_string}\"},\"query-input\":{\"@type\":\"PropertyValueSpecification\",\"valueRequired\":true,\"valueName\":\"search_term_string\"}}],\"inLanguage\":\"en-US\"},{\"@type\":\"Person\",\"@id\":\"https:\\\/\\\/akunq.net\\\/tr\\\/#\\\/schema\\\/person\\\/096f1d38a12cce57fb855b485ed24c9e\",\"name\":\"admin\",\"url\":\"https:\\\/\\\/akunq.net\\\/tr\\\/?author=7\"}]}<\/script>\n<!-- \/ Yoast SEO plugin. -->","yoast_head_json":{"title":"S\u00fcmela Manast\u0131r\u0131\u2019n\u0131n kayal\u0131klar\u0131ndaki sakl\u0131 \u015fapelin restorasyonu i\u00e7in proje haz\u0131rlan\u0131yor - Bati Ermenistan Ve Bati Ermenileri Sorunlari Ara\u015ftirmalar Merkezi","robots":{"index":"index","follow":"follow","max-snippet":"max-snippet:-1","max-image-preview":"max-image-preview:large","max-video-preview":"max-video-preview:-1"},"canonical":"https:\/\/akunq.net\/tr\/?p=63274","og_locale":"en_US","og_type":"article","og_title":"S\u00fcmela Manast\u0131r\u0131\u2019n\u0131n kayal\u0131klar\u0131ndaki sakl\u0131 \u015fapelin restorasyonu i\u00e7in proje haz\u0131rlan\u0131yor - Bati Ermenistan Ve Bati Ermenileri Sorunlari Ara\u015ftirmalar Merkezi","og_description":"T\u00fcrkiye\u2019nin inan\u00e7 turizmi merkezlerinden S\u00fcmela Manast\u0131r\u0131\u2019n\u0131n restorasyonu s\u0131ras\u0131nda bulunan ve 2018 y\u0131l\u0131nda \u201ckorunmas\u0131 gerekli birinci grup k\u00fclt\u00fcr varl\u0131\u011f\u0131\u201d olarak tescil edilen \u201csakl\u0131 \u015fapelin\u201d restorasyonu i\u00e7in proje \u00e7al\u0131\u015fmalar\u0131na ba\u015fland\u0131. Tu\u011fba Yard\u0131mc\u0131 Trabzon\u2019un Ma\u00e7ka il\u00e7esindeki Karada\u011f\u2019\u0131n Alt\u0131ndere Vadisi\u2019ne bakan ete\u011finde, vadiden yakla\u015f\u0131k 300 metre y\u00fckseklikteki ormanl\u0131k alanda kayalar oyularak in\u015fa edilen\u00a0S\u00fcmela Manast\u0131r\u0131,kaya d\u00fc\u015fme riskine kar\u015f\u0131 Eyl\u00fcl 2015\u2019te [&hellip;]","og_url":"https:\/\/akunq.net\/tr\/?p=63274","og_site_name":"Bati Ermenistan Ve Bati Ermenileri Sorunlari Ara\u015ftirmalar Merkezi","article_published_time":"2021-06-14T08:03:21+00:00","og_image":[{"width":864,"height":486,"url":"https:\/\/akunq.net\/tr\/wp-content\/uploads\/sites\/6\/2021\/06\/S\u00fcmela-Manast\u0131r\u0131.jpg","type":"image\/jpeg"}],"author":"admin","twitter_card":"summary_large_image","twitter_misc":{"Written by":"admin","Est. reading time":"5 minutes"},"schema":{"@context":"https:\/\/schema.org","@graph":[{"@type":"Article","@id":"https:\/\/akunq.net\/tr\/?p=63274#article","isPartOf":{"@id":"https:\/\/akunq.net\/tr\/?p=63274"},"author":{"name":"admin","@id":"https:\/\/akunq.net\/tr\/#\/schema\/person\/096f1d38a12cce57fb855b485ed24c9e"},"headline":"S\u00fcmela Manast\u0131r\u0131\u2019n\u0131n kayal\u0131klar\u0131ndaki sakl\u0131 \u015fapelin restorasyonu i\u00e7in proje haz\u0131rlan\u0131yor","datePublished":"2021-06-14T08:03:21+00:00","mainEntityOfPage":{"@id":"https:\/\/akunq.net\/tr\/?p=63274"},"wordCount":1111,"commentCount":0,"image":{"@id":"https:\/\/akunq.net\/tr\/?p=63274#primaryimage"},"thumbnailUrl":"https:\/\/akunq.net\/tr\/wp-content\/uploads\/sites\/6\/2021\/06\/S\u00fcmela-Manast\u0131r\u0131.jpg","articleSection":["Haberler"],"inLanguage":"en-US","potentialAction":[{"@type":"CommentAction","name":"Comment","target":["https:\/\/akunq.net\/tr\/?p=63274#respond"]}]},{"@type":"WebPage","@id":"https:\/\/akunq.net\/tr\/?p=63274","url":"https:\/\/akunq.net\/tr\/?p=63274","name":"S\u00fcmela Manast\u0131r\u0131\u2019n\u0131n kayal\u0131klar\u0131ndaki sakl\u0131 \u015fapelin restorasyonu i\u00e7in proje haz\u0131rlan\u0131yor - Bati Ermenistan Ve Bati Ermenileri Sorunlari Ara\u015ftirmalar Merkezi","isPartOf":{"@id":"https:\/\/akunq.net\/tr\/#website"},"primaryImageOfPage":{"@id":"https:\/\/akunq.net\/tr\/?p=63274#primaryimage"},"image":{"@id":"https:\/\/akunq.net\/tr\/?p=63274#primaryimage"},"thumbnailUrl":"https:\/\/akunq.net\/tr\/wp-content\/uploads\/sites\/6\/2021\/06\/S\u00fcmela-Manast\u0131r\u0131.jpg","datePublished":"2021-06-14T08:03:21+00:00","author":{"@id":"https:\/\/akunq.net\/tr\/#\/schema\/person\/096f1d38a12cce57fb855b485ed24c9e"},"breadcrumb":{"@id":"https:\/\/akunq.net\/tr\/?p=63274#breadcrumb"},"inLanguage":"en-US","potentialAction":[{"@type":"ReadAction","target":["https:\/\/akunq.net\/tr\/?p=63274"]}]},{"@type":"ImageObject","inLanguage":"en-US","@id":"https:\/\/akunq.net\/tr\/?p=63274#primaryimage","url":"https:\/\/akunq.net\/tr\/wp-content\/uploads\/sites\/6\/2021\/06\/S\u00fcmela-Manast\u0131r\u0131.jpg","contentUrl":"https:\/\/akunq.net\/tr\/wp-content\/uploads\/sites\/6\/2021\/06\/S\u00fcmela-Manast\u0131r\u0131.jpg","width":864,"height":486},{"@type":"BreadcrumbList","@id":"https:\/\/akunq.net\/tr\/?p=63274#breadcrumb","itemListElement":[{"@type":"ListItem","position":1,"name":"Home","item":"https:\/\/akunq.net\/tr"},{"@type":"ListItem","position":2,"name":"S\u00fcmela Manast\u0131r\u0131\u2019n\u0131n kayal\u0131klar\u0131ndaki sakl\u0131 \u015fapelin restorasyonu i\u00e7in proje haz\u0131rlan\u0131yor"}]},{"@type":"WebSite","@id":"https:\/\/akunq.net\/tr\/#website","url":"https:\/\/akunq.net\/tr\/","name":"Bati Ermenistan Ve Bati Ermenileri Sorunlari Ara\u015ftirmalar Merkezi","description":"","potentialAction":[{"@type":"SearchAction","target":{"@type":"EntryPoint","urlTemplate":"https:\/\/akunq.net\/tr\/?s={search_term_string}"},"query-input":{"@type":"PropertyValueSpecification","valueRequired":true,"valueName":"search_term_string"}}],"inLanguage":"en-US"},{"@type":"Person","@id":"https:\/\/akunq.net\/tr\/#\/schema\/person\/096f1d38a12cce57fb855b485ed24c9e","name":"admin","url":"https:\/\/akunq.net\/tr\/?author=7"}]}},"_links":{"self":[{"href":"https:\/\/akunq.net\/tr\/index.php?rest_route=\/wp\/v2\/posts\/63274","targetHints":{"allow":["GET"]}}],"collection":[{"href":"https:\/\/akunq.net\/tr\/index.php?rest_route=\/wp\/v2\/posts"}],"about":[{"href":"https:\/\/akunq.net\/tr\/index.php?rest_route=\/wp\/v2\/types\/post"}],"author":[{"embeddable":true,"href":"https:\/\/akunq.net\/tr\/index.php?rest_route=\/wp\/v2\/users\/7"}],"replies":[{"embeddable":true,"href":"https:\/\/akunq.net\/tr\/index.php?rest_route=%2Fwp%2Fv2%2Fcomments&post=63274"}],"version-history":[{"count":1,"href":"https:\/\/akunq.net\/tr\/index.php?rest_route=\/wp\/v2\/posts\/63274\/revisions"}],"predecessor-version":[{"id":63276,"href":"https:\/\/akunq.net\/tr\/index.php?rest_route=\/wp\/v2\/posts\/63274\/revisions\/63276"}],"wp:featuredmedia":[{"embeddable":true,"href":"https:\/\/akunq.net\/tr\/index.php?rest_route=\/wp\/v2\/media\/63275"}],"wp:attachment":[{"href":"https:\/\/akunq.net\/tr\/index.php?rest_route=%2Fwp%2Fv2%2Fmedia&parent=63274"}],"wp:term":[{"taxonomy":"category","embeddable":true,"href":"https:\/\/akunq.net\/tr\/index.php?rest_route=%2Fwp%2Fv2%2Fcategories&post=63274"},{"taxonomy":"post_tag","embeddable":true,"href":"https:\/\/akunq.net\/tr\/index.php?rest_route=%2Fwp%2Fv2%2Ftags&post=63274"}],"curies":[{"name":"wp","href":"https:\/\/api.w.org\/{rel}","templated":true}]}}