{"id":63271,"date":"2021-06-14T02:59:28","date_gmt":"2021-06-14T07:59:28","guid":{"rendered":"https:\/\/akunq.net\/tr\/?p=63271"},"modified":"2021-06-14T02:59:28","modified_gmt":"2021-06-14T07:59:28","slug":"sayfo-katliaminin-106nci-yili-suryaniler-yuzlesme-ve-ozur-bekliyor","status":"publish","type":"post","link":"https:\/\/akunq.net\/tr\/?p=63271","title":{"rendered":"Sayfo Katliam\u0131\u2019n\u0131n 106\u2019nc\u0131 y\u0131l\u0131: S\u00fcryaniler y\u00fczle\u015fme ve \u00f6z\u00fcr bekliyor"},"content":{"rendered":"<p><img loading=\"lazy\" decoding=\"async\" class=\"aligncenter size-medium wp-image-63272\" src=\"https:\/\/akunq.net\/tr\/wp-content\/uploads\/2021\/06\/Sayfo-Katliam\u0131-360x203.jpg\" alt=\"\" width=\"360\" height=\"203\" srcset=\"https:\/\/akunq.net\/tr\/wp-content\/uploads\/sites\/6\/2021\/06\/Sayfo-Katliam\u0131-360x203.jpg 360w, https:\/\/akunq.net\/tr\/wp-content\/uploads\/sites\/6\/2021\/06\/Sayfo-Katliam\u0131-768x432.jpg 768w, https:\/\/akunq.net\/tr\/wp-content\/uploads\/sites\/6\/2021\/06\/Sayfo-Katliam\u0131-560x315.jpg 560w, https:\/\/akunq.net\/tr\/wp-content\/uploads\/sites\/6\/2021\/06\/Sayfo-Katliam\u0131-260x146.jpg 260w, https:\/\/akunq.net\/tr\/wp-content\/uploads\/sites\/6\/2021\/06\/Sayfo-Katliam\u0131-160x90.jpg 160w, https:\/\/akunq.net\/tr\/wp-content\/uploads\/sites\/6\/2021\/06\/Sayfo-Katliam\u0131.jpg 1280w\" sizes=\"auto, (max-width: 360px) 100vw, 360px\" \/><\/p>\n<p><em><strong>S\u00fcryaniler, Sayfo Katliam\u0131\u2019n\u0131 106\u2019nc\u0131 y\u0131l\u0131nda anmaya haz\u0131rlan\u0131yor. S\u00fcryani Dernekler Federasyonu Ba\u015fkan\u0131 Evgil T\u00fcrker, tazminat de\u011fil, y\u00fczle\u015fme ve \u00f6z\u00fcr beklediklerini dile getirdi.<\/strong><\/em><\/p>\n<p>DUVAR \u2013 Birinci D\u00fcnya Sava\u015f\u0131 s\u0131ras\u0131nda hedefe al\u0131nan Mezopotamya\u2019n\u0131n H\u0131ristiyan kadim halklar\u0131ndan S\u00fcryaniler\u2019in u\u011frad\u0131\u011f\u0131 katliam tarihe \u2018Sayfo\u2019 (K\u0131l\u0131\u00e7) ad\u0131yla ge\u00e7ti. S\u00fcryaniler 106 y\u0131l ge\u00e7en katliama ili\u015fkin her y\u0131l y\u0131ld\u00f6n\u00fcm\u00fc olan 15 Haziran\u2019da farkl\u0131 merkezlerde \u00e7e\u015fitli anma etkinlikleri d\u00fczenleniyor. Ge\u00e7mi\u015fte y\u00fcz binlerce S\u00fcryani\u2019nin ya\u015fad\u0131\u011f\u0131 topraklarda bug\u00fcn sadece Mardin merkez ve \u00e7evresindeki baz\u0131 k\u00f6ylerde 5 bin dolay\u0131nda S\u00fcryani ya\u015f\u0131yor.<\/p>\n<p>S\u00fcryani Dernekler Federasyonu (S\u00dcDEF) Ba\u015fkan\u0131 ve Gazete Sabro\u2019nun \u0130mtiyaz Sahibi Evgil T\u00fcrker, Sayfo\u2019da ya\u015fananlar\u0131, S\u00fcryanilerin m\u00fccadelelerini ve beklentilerine dair Mezopotamya Ajans\u0131\u2019ndan (MA) Ahmet Kanbal\u2019a konu\u015ftu.<\/p>\n<p>S\u00fcryani Dernekler Federasyonu (S\u00dcDEF) Ba\u015fkan\u0131 Evgil T\u00fcrker. Foto\u011fraf: MA<\/p>\n<p><strong>NELER YA\u015eANDI?<\/strong><\/p>\n<p>Osmanl\u0131 Devleti d\u00f6neminde \u0130ttihat ve Terakki Cemiyeti y\u00f6netimi taraf\u0131ndan gayrim\u00fcslimlere y\u00f6nelik bir soyk\u0131r\u0131m hareketi ba\u015flat\u0131ld\u0131\u011f\u0131n\u0131 s\u00f6yleyen T\u00fcrker, 24 Nisan 1915\u2019te ilk olarak Ermenilere d\u00f6n\u00fck sald\u0131r\u0131lar\u0131n ba\u015flad\u0131\u011f\u0131 s\u0131rada S\u00fcryanilere d\u00f6n\u00fck bir hareketlili\u011fin ya\u015fanmad\u0131\u011f\u0131n\u0131 belirtti. S\u00fcryanilerin ya\u015fad\u0131\u011f\u0131, \u2018Turabdin\u2019 olarak adland\u0131rd\u0131klar\u0131 b\u00f6lgede soyk\u0131r\u0131m sald\u0131r\u0131lar\u0131n\u0131n 15 Haziran 1915\u2019te ba\u015flad\u0131\u011f\u0131n\u0131 kaydeden T\u00fcrker, katliamdan kurtulanlardan dinlediklerini \u015f\u00f6yle aktard\u0131: \u201cMidyat\u2019ta ilk sald\u0131r\u0131lar\u0131n ba\u015flamas\u0131 ile birlikte \u015fehir merkezinde bir hafta direni\u015f ya\u015fand\u0131. Sonras\u0131nda b\u00f6lgedeki S\u00fcryaniler G\u00fclg\u00f6z\u00fc (Aynvert) k\u00f6y\u00fcne s\u0131\u011f\u0131nd\u0131. Asl\u0131nda sald\u0131r\u0131lar Protestan inanc\u0131na sahip olan erkeklerin tutuklanmas\u0131 ile devam etti. Daha sonra bir\u00e7ok k\u00f6yde katliamlar oldu. Osmanl\u0131 askerleriyle birlikte baz\u0131 K\u00fcrt a\u015firetleri de sald\u0131r\u0131larda rol ald\u0131. Baz\u0131 K\u00fcrt a\u015firetleri ise sald\u0131r\u0131lar\u0131 \u00f6nlemek i\u00e7in m\u00fccadele etti. Osmanl\u0131 askerleri ile Hamidiye Alaylar\u0131 i\u00e7inde yer alan a\u015firetler, Aynvert k\u00f6y\u00fcnde iki ay boyunca S\u00fcryanileri ku\u015fatma alt\u0131nda tuttu. S\u00fcryaniler buna kar\u015f\u0131 direni\u015f g\u00f6sterdi. Ku\u015fatma S\u00fcryanilerin b\u00fcy\u00fck bir sefalet i\u00e7inde \u00f6lmelerine neden oldu.\u201d<\/p>\n<p><strong>\u2018VARLIK VERG\u0130S\u0130 B\u00dcY\u00dcK B\u0130R DARBE OLDU\u2019<\/strong><\/p>\n<p>\u201cO g\u00fcnden bu yana S\u00fcryaniler kendilerini toparlayamad\u0131\u201d diyen T\u00fcrker, \u015funlar\u0131 ekledi: \u201c1930\u2019lu y\u0131llarda \u0130smet \u0130n\u00f6n\u00fc b\u00f6lgeye gelerek bir rapor haz\u0131rlam\u0131\u015ft\u0131. S\u00fcryanilerin halen b\u00f6lgede oldu\u011fu ve \u2018M\u00fcsl\u00fcman olmad\u0131klar\u0131 i\u00e7in asimile edilmeleri m\u00fcmk\u00fcn de\u011fil ve ne yap\u0131p edip, g\u00f6\u00e7 ettirilmelidir\u2019 diyordu. \u0130kinci D\u00fcnya Sava\u015f\u0131 s\u0131ras\u0131nda ise Varl\u0131k Vergisi uygulanmaya ba\u015flan\u0131ld\u0131. Varl\u0131k Vergisi, S\u00fcryanilere b\u00fcy\u00fck bir darbe oldu. Bu b\u00fct\u00fcn az\u0131nl\u0131klar a\u00e7\u0131s\u0131ndan b\u00fcy\u00fck bir s\u0131k\u0131nt\u0131 yaratm\u0131\u015ft\u0131. Ama\u00e7, H\u0131ristiyan tebaay\u0131 t\u00fcmden iflas ettirip g\u00f6\u00e7e zorlamakt\u0131. Nitekim \u00f6yle de oldu.\u201d<\/p>\n<p>Ya\u015fananlardan sonra S\u00fcryanilerin bir daha kendilerini toparlayamad\u0131\u011f\u0131n\u0131 ifade eden T\u00fcrker, 1923-24\u2019te Patriklik merkezinin Deyrul Zaferan\u2019dan, yani Mardin\u2019den ta\u015f\u0131nmas\u0131 olay\u0131 \u00fczerinde durdu. T\u00fcrker, \u201cS\u00fcryani Patri\u011fin Irak\u2019a gidip, ard\u0131ndan Hindistan\u2019da vefat etmesi var. Patriklik merkezi bir daha Mardin\u2019e d\u00f6nemedi. Humus\u2019a gitti, Humus\u2019tan sonra \u015eam\u2019a gitti ve bir daha d\u00f6nemedi. Esas yeri Turabdin\u2019dir, Mardin\u2019dir. Neticede Sayfo\u2019dan sonra d\u00f6nemedi\u201d diye belirtti.<\/p>\n<p><strong>\u2018HER GELEN H\u00dcK\u00dcMET G\u00d6Z\u00dcN\u00dc KAPATIYOR\u2019<\/strong><\/p>\n<p>Sayfo\u2019nun g\u00fcn\u00fcm\u00fcze kadar devam etti\u011fini vurgulayan T\u00fcrker, \u201cMuhatap T\u00fcrkiye Cumhuriyeti\u2019dir. Evet, Osmanl\u0131 d\u00f6neminde oldu, zaten T\u00fcrkiye\u2019yi su\u00e7lam\u0131yoruz ama T\u00fcrkiye\u2019nin de bunu kabullenmesi gerekir. Maalesef her gelen h\u00fck\u00fcmet buna g\u00f6z\u00fcn\u00fc kapat\u0131yor. \u0130nkara dayal\u0131 bir politika izleniyor\u201d dedi.<\/p>\n<p>S\u00fcryanilerin bir \u00f6z\u00fcr bekledi\u011fini kaydeden T\u00fcrker, \u201cS\u00fcryanilere dair \u2018arkadan han\u00e7erlediler\u2019 \u015feklindeki s\u00f6ylemler ger\u00e7e\u011fi yans\u0131tm\u0131yor. S\u00fcryaniler hi\u00e7bir zaman bir vatanda\u015f gibi ele al\u0131nmad\u0131lar. Bunlar\u0131 biz de ya\u015fad\u0131k ve halen bir\u00e7ok konuda da ya\u015f\u0131yoruz. Anayasa\u2019da b\u00fct\u00fcn vatanda\u015flar e\u015fit deniliyor ama fiiliyatta \u00f6yle bir \u015fey yok. E\u015fit de\u011filiz\u201d diye konu\u015ftu.<\/p>\n<p><strong>\u2018S\u00dcREKL\u0130 HO\u015eG\u00d6R\u00dcYE MARUZ KALDIK!\u2019<\/strong><\/p>\n<p>T\u00fcrker, bug\u00fcn devlet kurumlar\u0131nda bir S\u00fcryani, Rum veya Ermeni\u2019nin \u00e7al\u0131\u015ft\u0131r\u0131lmamas\u0131 da de\u011findi. Ya\u015fananlar\u0131n a\u00e7\u0131k bir ayr\u0131mc\u0131l\u0131k oldu\u011funu s\u00f6yleyen T\u00fcrker, bu duruma tepkisini ise \u015fu s\u00f6zlerle g\u00f6sterdi: \u201cBunlar\u0131 ya\u015f\u0131yoruz. Hi\u00e7bir zaman bu \u00fclkenin birinci s\u0131n\u0131f vatanda\u015f\u0131 olarak g\u00f6r\u00fclmedik ve bunu hissediyoruz. Dolay\u0131s\u0131yla insanlar\u0131m\u0131z g\u00f6\u00e7 edip gitti. Bunlar\u0131n b\u00fct\u00fcn sebeplerini Sayfo\u2019ya ba\u011flayabiliriz. S\u00fcrekli ho\u015fg\u00f6r\u00fcye maruz kald\u0131k. Yani \u2018ben seni ho\u015f g\u00f6r\u00fcyorum ve ya\u015fat\u0131yorum\u2019 \u015feklinde. B\u00f6yle bir \u015fey olabilir mi? Bir toplum ho\u015fg\u00f6r\u00fcye maruz kal\u0131yorsa orada bir sorun var. Zaten biz buradayd\u0131k, ba\u015fka bir yerden gelmedik ki; sen beni ho\u015f g\u00f6receksin veya zenginlik olarak g\u00f6receksin.\u201d<\/p>\n<p>K\u00dcRT SORUNUNA BA\u011eLI<\/p>\n<p>S\u00fcryanilerin bug\u00fcn fiziken olmasa da ruhen ve fikren Turabdin b\u00f6lgesinde olduklar\u0131n\u0131 dile getiren T\u00fcrker, b\u00f6lgeye ba\u011fl\u0131 olduklar\u0131n\u0131 ifade etti. Avrupa ile T\u00fcrkiye aras\u0131nda k\u00f6pr\u00fc olabileceklerini kaydeden T\u00fcrker, \u201cS\u00fcryanilerin durumu, ekonomik kalk\u0131nma ve demokratikle\u015fme K\u00fcrt sorununun \u00e7\u00f6z\u00fcm\u00fcne ba\u011fl\u0131d\u0131r. T\u00fcrkiye\u2019de demokratik bir s\u00fcre\u00e7 geli\u015firse S\u00fcryaniler geri d\u00f6n\u00fc\u015fe haz\u0131rd\u0131r. Sayfo\u2019yu unutmuyoruz, ancak \u00e7ocuklar\u0131m\u0131z\u0131 nefret ve kinle de beslemiyoruz\u201d dedi.<\/p>\n<p><strong>\u2018Y\u00dcZLE\u015eME VE \u00d6Z\u00dcR \u0130ST\u0130YORUZ\u2019<\/strong><\/p>\n<p>S\u00fcryaniler olarak ya\u015fad\u0131klar\u0131 t\u00fcm \u015feylere ra\u011fmen toplumda ciddi anlamda bir \u00f6zele\u015ftiri olmad\u0131\u011f\u0131n\u0131 belirten T\u00fcrker, kimi K\u00fcrt siyaset\u00e7ilerinin yapt\u0131klar\u0131 \u00f6zele\u015ftiriler umut verici olsa da yeterli olmad\u0131\u011f\u0131n\u0131 kaydetti. \u00d6zele\u015ftirinin toplum olarak yap\u0131lmas\u0131n\u0131n \u00f6nemli oldu\u011funu alt\u0131n\u0131 \u00e7izen T\u00fcrker, K\u00fcrtler ile S\u00fcryani ve Ermeniler aras\u0131nda akrabal\u0131klar oldu\u011funu ve bunun iyi de\u011ferlendirilmesi gerekti\u011fini vurgulad\u0131.<\/p>\n<p>T\u00fcrker, son olarak \u201cDevletten bir tazminat talebimiz yok. Sadece y\u00fczle\u015fme ve bir \u00f6z\u00fcr bekliyoruz. Y\u00fczle\u015fme \u00e7ok \u00f6nemli, y\u00fczle\u015fmezsen tart\u0131\u015famazs\u0131n. Y\u00fczle\u015firsen oturur tart\u0131\u015f\u0131rs\u0131n. Neler oldu? Bu toplum neler ya\u015fad\u0131? S\u00fcryaniler neden \u00e7ekingendir? Devlet bu sorularla y\u00fczle\u015fmezse, S\u00fcryanilerin g\u00fcvenini kazanamaz. K\u00fcrt sorunu masaya yat\u0131r\u0131lmazsa, muhataplar\u0131 ile \u00e7\u00f6z\u00fclmezse ne bu b\u00f6lge iflah olur, ne \u00fclke iflah olur\u201d diye konu\u015ftu.<\/p>\n<hr \/>\n<p><em><strong><a href=\"https:\/\/www.gazeteduvar.com.tr\/sayfo-katliaminin-106nci-yili-suryaniler-yuzlesme-ve-ozur-bekliyor-haber-1525282\" target=\"_blank\" rel=\"noopener noreferrer\">Gazete Duvar<\/a>\u00a0<\/strong><\/em><\/p>\n","protected":false},"excerpt":{"rendered":"<p>S\u00fcryaniler, Sayfo Katliam\u0131\u2019n\u0131 106\u2019nc\u0131 y\u0131l\u0131nda anmaya haz\u0131rlan\u0131yor. S\u00fcryani Dernekler Federasyonu Ba\u015fkan\u0131 Evgil T\u00fcrker, tazminat de\u011fil, y\u00fczle\u015fme ve \u00f6z\u00fcr beklediklerini dile getirdi. DUVAR \u2013 Birinci D\u00fcnya Sava\u015f\u0131 s\u0131ras\u0131nda hedefe al\u0131nan Mezopotamya\u2019n\u0131n H\u0131ristiyan kadim halklar\u0131ndan S\u00fcryaniler\u2019in u\u011frad\u0131\u011f\u0131 katliam tarihe \u2018Sayfo\u2019 (K\u0131l\u0131\u00e7) ad\u0131yla ge\u00e7ti. S\u00fcryaniler 106 y\u0131l ge\u00e7en katliama ili\u015fkin her y\u0131l y\u0131ld\u00f6n\u00fcm\u00fc olan 15 Haziran\u2019da farkl\u0131 merkezlerde [&hellip;]<\/p>\n","protected":false},"author":7,"featured_media":63272,"comment_status":"open","ping_status":"open","sticky":false,"template":"","format":"standard","meta":{"footnotes":""},"categories":[1,20,53],"tags":[],"class_list":["post-63271","post","type-post","status-publish","format-standard","has-post-thumbnail","hentry","category-haberler","category-tarih-sayfalari","category-turkiyede-azinliklar"],"yoast_head":"<!-- This site is optimized with the Yoast SEO plugin v27.4 - https:\/\/yoast.com\/product\/yoast-seo-wordpress\/ -->\n<title>Sayfo Katliam\u0131\u2019n\u0131n 106\u2019nc\u0131 y\u0131l\u0131: S\u00fcryaniler y\u00fczle\u015fme ve \u00f6z\u00fcr bekliyor - Bati Ermenistan Ve Bati Ermenileri Sorunlari Ara\u015ftirmalar Merkezi<\/title>\n<meta name=\"robots\" content=\"index, follow, max-snippet:-1, max-image-preview:large, max-video-preview:-1\" \/>\n<link rel=\"canonical\" href=\"https:\/\/akunq.net\/tr\/?p=63271\" \/>\n<meta property=\"og:locale\" content=\"en_US\" \/>\n<meta property=\"og:type\" content=\"article\" \/>\n<meta property=\"og:title\" content=\"Sayfo Katliam\u0131\u2019n\u0131n 106\u2019nc\u0131 y\u0131l\u0131: S\u00fcryaniler y\u00fczle\u015fme ve \u00f6z\u00fcr bekliyor - Bati Ermenistan Ve Bati Ermenileri Sorunlari Ara\u015ftirmalar Merkezi\" \/>\n<meta property=\"og:description\" content=\"S\u00fcryaniler, Sayfo Katliam\u0131\u2019n\u0131 106\u2019nc\u0131 y\u0131l\u0131nda anmaya haz\u0131rlan\u0131yor. S\u00fcryani Dernekler Federasyonu Ba\u015fkan\u0131 Evgil T\u00fcrker, tazminat de\u011fil, y\u00fczle\u015fme ve \u00f6z\u00fcr beklediklerini dile getirdi. DUVAR \u2013 Birinci D\u00fcnya Sava\u015f\u0131 s\u0131ras\u0131nda hedefe al\u0131nan Mezopotamya\u2019n\u0131n H\u0131ristiyan kadim halklar\u0131ndan S\u00fcryaniler\u2019in u\u011frad\u0131\u011f\u0131 katliam tarihe \u2018Sayfo\u2019 (K\u0131l\u0131\u00e7) ad\u0131yla ge\u00e7ti. S\u00fcryaniler 106 y\u0131l ge\u00e7en katliama ili\u015fkin her y\u0131l y\u0131ld\u00f6n\u00fcm\u00fc olan 15 Haziran\u2019da farkl\u0131 merkezlerde [&hellip;]\" \/>\n<meta property=\"og:url\" content=\"https:\/\/akunq.net\/tr\/?p=63271\" \/>\n<meta property=\"og:site_name\" content=\"Bati Ermenistan Ve Bati Ermenileri Sorunlari Ara\u015ftirmalar Merkezi\" \/>\n<meta property=\"article:published_time\" content=\"2021-06-14T07:59:28+00:00\" \/>\n<meta property=\"og:image\" content=\"https:\/\/akunq.net\/tr\/wp-content\/uploads\/sites\/6\/2021\/06\/Sayfo-Katliam\u0131.jpg\" \/>\n\t<meta property=\"og:image:width\" content=\"1280\" \/>\n\t<meta property=\"og:image:height\" content=\"720\" \/>\n\t<meta property=\"og:image:type\" content=\"image\/jpeg\" \/>\n<meta name=\"author\" content=\"admin\" \/>\n<meta name=\"twitter:card\" content=\"summary_large_image\" \/>\n<meta name=\"twitter:label1\" content=\"Written by\" \/>\n\t<meta name=\"twitter:data1\" content=\"admin\" \/>\n\t<meta name=\"twitter:label2\" content=\"Est. reading time\" \/>\n\t<meta name=\"twitter:data2\" content=\"6 minutes\" \/>\n<script type=\"application\/ld+json\" class=\"yoast-schema-graph\">{\"@context\":\"https:\\\/\\\/schema.org\",\"@graph\":[{\"@type\":\"Article\",\"@id\":\"https:\\\/\\\/akunq.net\\\/tr\\\/?p=63271#article\",\"isPartOf\":{\"@id\":\"https:\\\/\\\/akunq.net\\\/tr\\\/?p=63271\"},\"author\":{\"name\":\"admin\",\"@id\":\"https:\\\/\\\/akunq.net\\\/tr\\\/#\\\/schema\\\/person\\\/096f1d38a12cce57fb855b485ed24c9e\"},\"headline\":\"Sayfo Katliam\u0131\u2019n\u0131n 106\u2019nc\u0131 y\u0131l\u0131: S\u00fcryaniler y\u00fczle\u015fme ve \u00f6z\u00fcr bekliyor\",\"datePublished\":\"2021-06-14T07:59:28+00:00\",\"mainEntityOfPage\":{\"@id\":\"https:\\\/\\\/akunq.net\\\/tr\\\/?p=63271\"},\"wordCount\":1176,\"commentCount\":0,\"image\":{\"@id\":\"https:\\\/\\\/akunq.net\\\/tr\\\/?p=63271#primaryimage\"},\"thumbnailUrl\":\"https:\\\/\\\/akunq.net\\\/tr\\\/wp-content\\\/uploads\\\/sites\\\/6\\\/2021\\\/06\\\/Sayfo-Katliam\u0131.jpg\",\"articleSection\":[\"Haberler\",\"Tarih Sayfalar\u0131\",\"T\u00fcrkiye\u2019de Az\u0131nl\u0131klar\"],\"inLanguage\":\"en-US\",\"potentialAction\":[{\"@type\":\"CommentAction\",\"name\":\"Comment\",\"target\":[\"https:\\\/\\\/akunq.net\\\/tr\\\/?p=63271#respond\"]}]},{\"@type\":\"WebPage\",\"@id\":\"https:\\\/\\\/akunq.net\\\/tr\\\/?p=63271\",\"url\":\"https:\\\/\\\/akunq.net\\\/tr\\\/?p=63271\",\"name\":\"Sayfo Katliam\u0131\u2019n\u0131n 106\u2019nc\u0131 y\u0131l\u0131: S\u00fcryaniler y\u00fczle\u015fme ve \u00f6z\u00fcr bekliyor - Bati Ermenistan Ve Bati Ermenileri Sorunlari Ara\u015ftirmalar Merkezi\",\"isPartOf\":{\"@id\":\"https:\\\/\\\/akunq.net\\\/tr\\\/#website\"},\"primaryImageOfPage\":{\"@id\":\"https:\\\/\\\/akunq.net\\\/tr\\\/?p=63271#primaryimage\"},\"image\":{\"@id\":\"https:\\\/\\\/akunq.net\\\/tr\\\/?p=63271#primaryimage\"},\"thumbnailUrl\":\"https:\\\/\\\/akunq.net\\\/tr\\\/wp-content\\\/uploads\\\/sites\\\/6\\\/2021\\\/06\\\/Sayfo-Katliam\u0131.jpg\",\"datePublished\":\"2021-06-14T07:59:28+00:00\",\"author\":{\"@id\":\"https:\\\/\\\/akunq.net\\\/tr\\\/#\\\/schema\\\/person\\\/096f1d38a12cce57fb855b485ed24c9e\"},\"breadcrumb\":{\"@id\":\"https:\\\/\\\/akunq.net\\\/tr\\\/?p=63271#breadcrumb\"},\"inLanguage\":\"en-US\",\"potentialAction\":[{\"@type\":\"ReadAction\",\"target\":[\"https:\\\/\\\/akunq.net\\\/tr\\\/?p=63271\"]}]},{\"@type\":\"ImageObject\",\"inLanguage\":\"en-US\",\"@id\":\"https:\\\/\\\/akunq.net\\\/tr\\\/?p=63271#primaryimage\",\"url\":\"https:\\\/\\\/akunq.net\\\/tr\\\/wp-content\\\/uploads\\\/sites\\\/6\\\/2021\\\/06\\\/Sayfo-Katliam\u0131.jpg\",\"contentUrl\":\"https:\\\/\\\/akunq.net\\\/tr\\\/wp-content\\\/uploads\\\/sites\\\/6\\\/2021\\\/06\\\/Sayfo-Katliam\u0131.jpg\",\"width\":1280,\"height\":720},{\"@type\":\"BreadcrumbList\",\"@id\":\"https:\\\/\\\/akunq.net\\\/tr\\\/?p=63271#breadcrumb\",\"itemListElement\":[{\"@type\":\"ListItem\",\"position\":1,\"name\":\"Home\",\"item\":\"https:\\\/\\\/akunq.net\\\/tr\"},{\"@type\":\"ListItem\",\"position\":2,\"name\":\"Sayfo Katliam\u0131\u2019n\u0131n 106\u2019nc\u0131 y\u0131l\u0131: S\u00fcryaniler y\u00fczle\u015fme ve \u00f6z\u00fcr bekliyor\"}]},{\"@type\":\"WebSite\",\"@id\":\"https:\\\/\\\/akunq.net\\\/tr\\\/#website\",\"url\":\"https:\\\/\\\/akunq.net\\\/tr\\\/\",\"name\":\"Bati Ermenistan Ve Bati Ermenileri Sorunlari Ara\u015ftirmalar Merkezi\",\"description\":\"\",\"potentialAction\":[{\"@type\":\"SearchAction\",\"target\":{\"@type\":\"EntryPoint\",\"urlTemplate\":\"https:\\\/\\\/akunq.net\\\/tr\\\/?s={search_term_string}\"},\"query-input\":{\"@type\":\"PropertyValueSpecification\",\"valueRequired\":true,\"valueName\":\"search_term_string\"}}],\"inLanguage\":\"en-US\"},{\"@type\":\"Person\",\"@id\":\"https:\\\/\\\/akunq.net\\\/tr\\\/#\\\/schema\\\/person\\\/096f1d38a12cce57fb855b485ed24c9e\",\"name\":\"admin\",\"url\":\"https:\\\/\\\/akunq.net\\\/tr\\\/?author=7\"}]}<\/script>\n<!-- \/ Yoast SEO plugin. -->","yoast_head_json":{"title":"Sayfo Katliam\u0131\u2019n\u0131n 106\u2019nc\u0131 y\u0131l\u0131: S\u00fcryaniler y\u00fczle\u015fme ve \u00f6z\u00fcr bekliyor - Bati Ermenistan Ve Bati Ermenileri Sorunlari Ara\u015ftirmalar Merkezi","robots":{"index":"index","follow":"follow","max-snippet":"max-snippet:-1","max-image-preview":"max-image-preview:large","max-video-preview":"max-video-preview:-1"},"canonical":"https:\/\/akunq.net\/tr\/?p=63271","og_locale":"en_US","og_type":"article","og_title":"Sayfo Katliam\u0131\u2019n\u0131n 106\u2019nc\u0131 y\u0131l\u0131: S\u00fcryaniler y\u00fczle\u015fme ve \u00f6z\u00fcr bekliyor - Bati Ermenistan Ve Bati Ermenileri Sorunlari Ara\u015ftirmalar Merkezi","og_description":"S\u00fcryaniler, Sayfo Katliam\u0131\u2019n\u0131 106\u2019nc\u0131 y\u0131l\u0131nda anmaya haz\u0131rlan\u0131yor. S\u00fcryani Dernekler Federasyonu Ba\u015fkan\u0131 Evgil T\u00fcrker, tazminat de\u011fil, y\u00fczle\u015fme ve \u00f6z\u00fcr beklediklerini dile getirdi. DUVAR \u2013 Birinci D\u00fcnya Sava\u015f\u0131 s\u0131ras\u0131nda hedefe al\u0131nan Mezopotamya\u2019n\u0131n H\u0131ristiyan kadim halklar\u0131ndan S\u00fcryaniler\u2019in u\u011frad\u0131\u011f\u0131 katliam tarihe \u2018Sayfo\u2019 (K\u0131l\u0131\u00e7) ad\u0131yla ge\u00e7ti. S\u00fcryaniler 106 y\u0131l ge\u00e7en katliama ili\u015fkin her y\u0131l y\u0131ld\u00f6n\u00fcm\u00fc olan 15 Haziran\u2019da farkl\u0131 merkezlerde [&hellip;]","og_url":"https:\/\/akunq.net\/tr\/?p=63271","og_site_name":"Bati Ermenistan Ve Bati Ermenileri Sorunlari Ara\u015ftirmalar Merkezi","article_published_time":"2021-06-14T07:59:28+00:00","og_image":[{"width":1280,"height":720,"url":"https:\/\/akunq.net\/tr\/wp-content\/uploads\/sites\/6\/2021\/06\/Sayfo-Katliam\u0131.jpg","type":"image\/jpeg"}],"author":"admin","twitter_card":"summary_large_image","twitter_misc":{"Written by":"admin","Est. reading time":"6 minutes"},"schema":{"@context":"https:\/\/schema.org","@graph":[{"@type":"Article","@id":"https:\/\/akunq.net\/tr\/?p=63271#article","isPartOf":{"@id":"https:\/\/akunq.net\/tr\/?p=63271"},"author":{"name":"admin","@id":"https:\/\/akunq.net\/tr\/#\/schema\/person\/096f1d38a12cce57fb855b485ed24c9e"},"headline":"Sayfo Katliam\u0131\u2019n\u0131n 106\u2019nc\u0131 y\u0131l\u0131: S\u00fcryaniler y\u00fczle\u015fme ve \u00f6z\u00fcr bekliyor","datePublished":"2021-06-14T07:59:28+00:00","mainEntityOfPage":{"@id":"https:\/\/akunq.net\/tr\/?p=63271"},"wordCount":1176,"commentCount":0,"image":{"@id":"https:\/\/akunq.net\/tr\/?p=63271#primaryimage"},"thumbnailUrl":"https:\/\/akunq.net\/tr\/wp-content\/uploads\/sites\/6\/2021\/06\/Sayfo-Katliam\u0131.jpg","articleSection":["Haberler","Tarih Sayfalar\u0131","T\u00fcrkiye\u2019de Az\u0131nl\u0131klar"],"inLanguage":"en-US","potentialAction":[{"@type":"CommentAction","name":"Comment","target":["https:\/\/akunq.net\/tr\/?p=63271#respond"]}]},{"@type":"WebPage","@id":"https:\/\/akunq.net\/tr\/?p=63271","url":"https:\/\/akunq.net\/tr\/?p=63271","name":"Sayfo Katliam\u0131\u2019n\u0131n 106\u2019nc\u0131 y\u0131l\u0131: S\u00fcryaniler y\u00fczle\u015fme ve \u00f6z\u00fcr bekliyor - Bati Ermenistan Ve Bati Ermenileri Sorunlari Ara\u015ftirmalar Merkezi","isPartOf":{"@id":"https:\/\/akunq.net\/tr\/#website"},"primaryImageOfPage":{"@id":"https:\/\/akunq.net\/tr\/?p=63271#primaryimage"},"image":{"@id":"https:\/\/akunq.net\/tr\/?p=63271#primaryimage"},"thumbnailUrl":"https:\/\/akunq.net\/tr\/wp-content\/uploads\/sites\/6\/2021\/06\/Sayfo-Katliam\u0131.jpg","datePublished":"2021-06-14T07:59:28+00:00","author":{"@id":"https:\/\/akunq.net\/tr\/#\/schema\/person\/096f1d38a12cce57fb855b485ed24c9e"},"breadcrumb":{"@id":"https:\/\/akunq.net\/tr\/?p=63271#breadcrumb"},"inLanguage":"en-US","potentialAction":[{"@type":"ReadAction","target":["https:\/\/akunq.net\/tr\/?p=63271"]}]},{"@type":"ImageObject","inLanguage":"en-US","@id":"https:\/\/akunq.net\/tr\/?p=63271#primaryimage","url":"https:\/\/akunq.net\/tr\/wp-content\/uploads\/sites\/6\/2021\/06\/Sayfo-Katliam\u0131.jpg","contentUrl":"https:\/\/akunq.net\/tr\/wp-content\/uploads\/sites\/6\/2021\/06\/Sayfo-Katliam\u0131.jpg","width":1280,"height":720},{"@type":"BreadcrumbList","@id":"https:\/\/akunq.net\/tr\/?p=63271#breadcrumb","itemListElement":[{"@type":"ListItem","position":1,"name":"Home","item":"https:\/\/akunq.net\/tr"},{"@type":"ListItem","position":2,"name":"Sayfo Katliam\u0131\u2019n\u0131n 106\u2019nc\u0131 y\u0131l\u0131: S\u00fcryaniler y\u00fczle\u015fme ve \u00f6z\u00fcr bekliyor"}]},{"@type":"WebSite","@id":"https:\/\/akunq.net\/tr\/#website","url":"https:\/\/akunq.net\/tr\/","name":"Bati Ermenistan Ve Bati Ermenileri Sorunlari Ara\u015ftirmalar Merkezi","description":"","potentialAction":[{"@type":"SearchAction","target":{"@type":"EntryPoint","urlTemplate":"https:\/\/akunq.net\/tr\/?s={search_term_string}"},"query-input":{"@type":"PropertyValueSpecification","valueRequired":true,"valueName":"search_term_string"}}],"inLanguage":"en-US"},{"@type":"Person","@id":"https:\/\/akunq.net\/tr\/#\/schema\/person\/096f1d38a12cce57fb855b485ed24c9e","name":"admin","url":"https:\/\/akunq.net\/tr\/?author=7"}]}},"_links":{"self":[{"href":"https:\/\/akunq.net\/tr\/index.php?rest_route=\/wp\/v2\/posts\/63271","targetHints":{"allow":["GET"]}}],"collection":[{"href":"https:\/\/akunq.net\/tr\/index.php?rest_route=\/wp\/v2\/posts"}],"about":[{"href":"https:\/\/akunq.net\/tr\/index.php?rest_route=\/wp\/v2\/types\/post"}],"author":[{"embeddable":true,"href":"https:\/\/akunq.net\/tr\/index.php?rest_route=\/wp\/v2\/users\/7"}],"replies":[{"embeddable":true,"href":"https:\/\/akunq.net\/tr\/index.php?rest_route=%2Fwp%2Fv2%2Fcomments&post=63271"}],"version-history":[{"count":1,"href":"https:\/\/akunq.net\/tr\/index.php?rest_route=\/wp\/v2\/posts\/63271\/revisions"}],"predecessor-version":[{"id":63273,"href":"https:\/\/akunq.net\/tr\/index.php?rest_route=\/wp\/v2\/posts\/63271\/revisions\/63273"}],"wp:featuredmedia":[{"embeddable":true,"href":"https:\/\/akunq.net\/tr\/index.php?rest_route=\/wp\/v2\/media\/63272"}],"wp:attachment":[{"href":"https:\/\/akunq.net\/tr\/index.php?rest_route=%2Fwp%2Fv2%2Fmedia&parent=63271"}],"wp:term":[{"taxonomy":"category","embeddable":true,"href":"https:\/\/akunq.net\/tr\/index.php?rest_route=%2Fwp%2Fv2%2Fcategories&post=63271"},{"taxonomy":"post_tag","embeddable":true,"href":"https:\/\/akunq.net\/tr\/index.php?rest_route=%2Fwp%2Fv2%2Ftags&post=63271"}],"curies":[{"name":"wp","href":"https:\/\/api.w.org\/{rel}","templated":true}]}}