{"id":63264,"date":"2021-06-14T02:19:54","date_gmt":"2021-06-14T07:19:54","guid":{"rendered":"https:\/\/akunq.net\/tr\/?p=63264"},"modified":"2021-06-14T02:19:54","modified_gmt":"2021-06-14T07:19:54","slug":"yalta-konferansinin-sonuclari-ermeni-konyak-ile-sarabi-sayesinde-saglandi","status":"publish","type":"post","link":"https:\/\/akunq.net\/tr\/?p=63264","title":{"rendered":"Yalta Konferans\u0131n\u0131n sonu\u00e7lar\u0131, Ermeni konyak ile \u015farab\u0131 sayesinde sa\u011fland\u0131"},"content":{"rendered":"<p><img loading=\"lazy\" decoding=\"async\" class=\"aligncenter size-medium wp-image-63265\" src=\"https:\/\/akunq.net\/tr\/wp-content\/uploads\/2021\/06\/\u0535\u0561\u056c\u0569\u0561\u0575\u056b-\u053d\u0578\u0580\u0570\u0580\u0564\u0561\u056a\u0578\u0572\u0578\u057e-360x203.jpg\" alt=\"\" width=\"360\" height=\"203\" srcset=\"https:\/\/akunq.net\/tr\/wp-content\/uploads\/sites\/6\/2021\/06\/\u0535\u0561\u056c\u0569\u0561\u0575\u056b-\u053d\u0578\u0580\u0570\u0580\u0564\u0561\u056a\u0578\u0572\u0578\u057e-360x203.jpg 360w, https:\/\/akunq.net\/tr\/wp-content\/uploads\/sites\/6\/2021\/06\/\u0535\u0561\u056c\u0569\u0561\u0575\u056b-\u053d\u0578\u0580\u0570\u0580\u0564\u0561\u056a\u0578\u0572\u0578\u057e-560x315.jpg 560w, https:\/\/akunq.net\/tr\/wp-content\/uploads\/sites\/6\/2021\/06\/\u0535\u0561\u056c\u0569\u0561\u0575\u056b-\u053d\u0578\u0580\u0570\u0580\u0564\u0561\u056a\u0578\u0572\u0578\u057e-260x146.jpg 260w, https:\/\/akunq.net\/tr\/wp-content\/uploads\/sites\/6\/2021\/06\/\u0535\u0561\u056c\u0569\u0561\u0575\u056b-\u053d\u0578\u0580\u0570\u0580\u0564\u0561\u056a\u0578\u0572\u0578\u057e-160x90.jpg 160w, https:\/\/akunq.net\/tr\/wp-content\/uploads\/sites\/6\/2021\/06\/\u0535\u0561\u056c\u0569\u0561\u0575\u056b-\u053d\u0578\u0580\u0570\u0580\u0564\u0561\u056a\u0578\u0572\u0578\u057e.jpg 730w\" sizes=\"auto, (max-width: 360px) 100vw, 360px\" \/><\/p>\n<p><em><strong>\u201cTimeT\u00fcrk\u201d haber sitesi, Ermeni k\u00fclt\u00fcr\u00fcn\u00fc ve \u00f6zellikle Ermeni \u015farap\u00e7\u0131l\u0131\u011f\u0131n\u0131 konu alan bir makale yay\u0131nlad\u0131. Konuyla ilgili &#8220;The Telegraph&#8221;ta yer alan bir ba\u015fka makaleye at\u0131fta bulunan \u201cTimeT\u00fcrk\u201d, \u015f\u00f6yle yazd\u0131:<\/strong><\/em><\/p>\n<p>\u201cMilattan \u00d6nce 3-4 biny\u0131llarda Ermeni halk\u0131n\u0131n \u015fekillenmesi ba\u015flay\u0131p, Milattan \u00f6nce 1&#8217;inci biny\u0131l ortalar\u0131nda ortak devletin kurulmas\u0131yla sona ermi\u015ftir. Ermeniler ve Ermeni Y\u00fcksek Platosu&#8217;yla ilgili ilk kay\u0131tlar M.\u00d6. 18&#8217;inci y\u00fczy\u0131la ait. S\u00fcmer kay\u0131tlar\u0131nda, \u0130ncil&#8217;deki Ararat-Hayastan&#8217;la (Ermenistan) \u00f6zde\u015fle\u015fen, Aratta ad\u0131nda bir erken devlet olu\u015fumu belirtilmektedir. \u0130ngiliz gazetesi ise Ermeni k\u00fclt\u00fcr ve sosyal ya\u015fam\u0131na \u0131\u015f\u0131k tutarken bu \u00fclke ile ilgili farkl\u0131 ve ilgin\u00e7 bilgiler payla\u015ft\u0131.&#8221;The Telegraph&#8221; gazetesi&#8217;nde yer alan makalede \u015fu dikkati \u00e7ekici bilgiler yar ald\u0131:<\/p>\n<p>Ermeniler, d\u00fcnyada \u015farap\u00e7\u0131l\u0131k yapan en eski halkt\u0131r. Buna kan\u0131t olarak gazete, 2011 tarihinde &#8220;Areni 1&#8221; ma\u011fara kompleksinde 6.000 y\u0131ldan daha eski \u015farap\u00e7\u0131l\u0131k izlerinin bulundu\u011funu hat\u0131rlat\u0131yor. Ermeniler, Hristiyanl\u0131\u011f\u0131 resmi din olarak kabul eden d\u00fcnyan\u0131n ilk halk\u0131d\u0131r. Ermenistan&#8217;da, en m\u00fckemmeli hangisi oldu\u011funu se\u00e7emeyecek kadar \u00e7ok kilise ve manast\u0131r\u0131n mevcut oldu\u011funu yazan &#8220;the Telegraph&#8221;, yine de en dikkat \u00e7ekicilerden olan Tatev manast\u0131r\u0131ndan bahsediyor ve bu manast\u0131r\u0131n, &#8220;tam hayret verici bir g\u00fczelli\u011fe sahip oldu\u011funu&#8221; vurguluyor.<\/p>\n<p>Satran\u00e7, orta okullar\u0131n ders programlar\u0131na dahil edilmi\u015ftir. Gazete, bu spor alan\u0131nda Ermenilerin \u00e7ok g\u00fc\u00e7l\u00fc oldu\u011funu ve Ermeni satran\u00e7\u00e7\u0131lar\u0131n elde ettikleri b\u00fcy\u00fck zaferlerini hat\u0131rlat\u0131yor.<\/p>\n<p>Ermenistan s\u0131n\u0131rlar\u0131 d\u0131\u015f\u0131nda, \u00fclkede oturanlardan daha \u00e7ok Ermeni ya\u015f\u0131yor. &#8220;1915&#8217;te ya\u015fananlar, milyonlarca Ermeniyi yurtd\u0131\u015f\u0131na g\u00f6\u00e7 etmeye ve daha sonra bu g\u00f6\u00e7 ettikleri b\u00f6lgelerde b\u00fcy\u00fck topluluklar olu\u015fturmaya mecbur etti&#8221; yorumunu yapan &#8220;The Telegraph&#8221;, Ermenistan d\u0131\u015f\u0131nda 5.6 milyon Ermeninin ya\u015fad\u0131\u011f\u0131n\u0131 da ekliyor.<\/p>\n<p>Ermenistan, Cher, Andre Aggasi, Serj Tankian, Kardashianlar gibi d\u00fcnyaca \u00fcnl\u00fc bir\u00e7ok Ermeni&#8217;nin \u00fclkesi. Ermeniler, Nuh&#8217;un gemisinin, Ararat da\u011fda durdu\u011funa inan\u0131yor, ama bug\u00fcne kadar yap\u0131lan say\u0131s\u0131z ekspedisyonlarda gemi hala bulunamad\u0131. Ermenistan&#8217;\u0131n milli semb\u00f6llerinden biri, T\u00fcrkiye s\u0131n\u0131rlar\u0131 i\u00e7erisinde bulunan ve Ermeniler taraf\u0131ndan kutsal say\u0131lan Ararat da\u011f\u0131d\u0131r.<\/p>\n<p>Ermenistan, d\u00fcnyan\u0131n en eski ba\u015fkentlerinden birine sahiptir. Yerevan&#8217;\u0131n, d\u00fcnyan\u0131n en eski \u015fehirlerinden biri oldu\u011funu kaydeden gazete, Ermenistan ba\u015fkentinin, Roma&#8217;da 29 y\u0131lla daha eski oldu\u011funu vurguluyor. Ermenilerin &#8220;lava\u015f&#8221; adl\u0131 ekme\u011fi, UNESCO&#8217;nun Somut Olmayan K\u00fclt\u00fcrel Miras Listesine dahil edilmi\u015ftir\u2024<\/p>\n<p>Ermeni konya\u011f\u0131n\u0131n tad\u0131n\u0131 tadanlar aras\u0131nda, B\u00fcy\u00fck Britanya&#8217;n\u0131n eski Ba\u015fbakan\u0131 Winston Churchill bulunuyor. SSCB y\u00f6neticisi \u0130yosif Stalin, \u0130kinci D\u00fcnya Sava\u015f\u0131 y\u0131llar\u0131nda Churchill&#8217;e onlarca kutu Ermeni konyak g\u00f6ndermi\u015fti. Yalta Konferans\u0131n\u0131n sonu\u00e7lar\u0131, Ermeni konyak ile \u015farab\u0131 sayesinde sa\u011fland\u0131\u011f\u0131 da iddialar aras\u0131nda. Bu konuyla ilgili &#8220;The Telegraph&#8221;, \u015funlar\u0131 yaz\u0131yor: &#8220;Churchill, Stalin ile ABD Devlet Ba\u015fkan\u0131 Franklin Rousevelt&#8217;in, sava\u015f sonras\u0131 Avrupa&#8217;n\u0131n geli\u015fim yollar\u0131n\u0131 ele almak \u00fczere K\u0131r\u0131m&#8217;da bir araya geldi\u011fi Yalta Konferans\u0131&#8217;n\u0131n olumlu sonu\u00e7lar\u0131, Ermeni konyak ile \u015farab\u0131 sayesinde sa\u011fland\u0131. Churchill&#8217;in yard\u0131mc\u0131lar\u0131ndan biri, ba\u015fbakan\u0131n, her akl\u0131 ba\u015f\u0131nda adam\u0131 zay\u0131flatacak kadar \u00e7ok miktarda Kafkasya i\u00e7kileri i\u00e7ti\u011fini, sonradan anlatm\u0131\u015ft\u0131r.&#8221;<\/p>\n<p><em><strong>https:\/\/www.ermenihaber.am\/tr\/news\/2021\/06\/11\/TimeT%C3%BCrk-Ermeni-konya%C4%9F%C4%B1\/209662\u00a0<\/strong><\/em><\/p>\n","protected":false},"excerpt":{"rendered":"<p>\u201cTimeT\u00fcrk\u201d haber sitesi, Ermeni k\u00fclt\u00fcr\u00fcn\u00fc ve \u00f6zellikle Ermeni \u015farap\u00e7\u0131l\u0131\u011f\u0131n\u0131 konu alan bir makale yay\u0131nlad\u0131. Konuyla ilgili &#8220;The Telegraph&#8221;ta yer alan bir ba\u015fka makaleye at\u0131fta bulunan \u201cTimeT\u00fcrk\u201d, \u015f\u00f6yle yazd\u0131: \u201cMilattan \u00d6nce 3-4 biny\u0131llarda Ermeni halk\u0131n\u0131n \u015fekillenmesi ba\u015flay\u0131p, Milattan \u00f6nce 1&#8217;inci biny\u0131l ortalar\u0131nda ortak devletin kurulmas\u0131yla sona ermi\u015ftir. Ermeniler ve Ermeni Y\u00fcksek Platosu&#8217;yla ilgili ilk kay\u0131tlar M.\u00d6. [&hellip;]<\/p>\n","protected":false},"author":7,"featured_media":63265,"comment_status":"open","ping_status":"open","sticky":false,"template":"","format":"standard","meta":{"footnotes":""},"categories":[1,20],"tags":[],"class_list":["post-63264","post","type-post","status-publish","format-standard","has-post-thumbnail","hentry","category-haberler","category-tarih-sayfalari"],"yoast_head":"<!-- This site is optimized with the Yoast SEO plugin v27.4 - https:\/\/yoast.com\/product\/yoast-seo-wordpress\/ -->\n<title>Yalta Konferans\u0131n\u0131n sonu\u00e7lar\u0131, Ermeni konyak ile \u015farab\u0131 sayesinde sa\u011fland\u0131 - Bati Ermenistan Ve Bati Ermenileri Sorunlari Ara\u015ftirmalar Merkezi<\/title>\n<meta name=\"robots\" content=\"index, follow, max-snippet:-1, max-image-preview:large, max-video-preview:-1\" \/>\n<link rel=\"canonical\" href=\"https:\/\/akunq.net\/tr\/?p=63264\" \/>\n<meta property=\"og:locale\" content=\"en_US\" \/>\n<meta property=\"og:type\" content=\"article\" \/>\n<meta property=\"og:title\" content=\"Yalta Konferans\u0131n\u0131n sonu\u00e7lar\u0131, Ermeni konyak ile \u015farab\u0131 sayesinde sa\u011fland\u0131 - Bati Ermenistan Ve Bati Ermenileri Sorunlari Ara\u015ftirmalar Merkezi\" \/>\n<meta property=\"og:description\" content=\"\u201cTimeT\u00fcrk\u201d haber sitesi, Ermeni k\u00fclt\u00fcr\u00fcn\u00fc ve \u00f6zellikle Ermeni \u015farap\u00e7\u0131l\u0131\u011f\u0131n\u0131 konu alan bir makale yay\u0131nlad\u0131. Konuyla ilgili &#8220;The Telegraph&#8221;ta yer alan bir ba\u015fka makaleye at\u0131fta bulunan \u201cTimeT\u00fcrk\u201d, \u015f\u00f6yle yazd\u0131: \u201cMilattan \u00d6nce 3-4 biny\u0131llarda Ermeni halk\u0131n\u0131n \u015fekillenmesi ba\u015flay\u0131p, Milattan \u00f6nce 1&#8217;inci biny\u0131l ortalar\u0131nda ortak devletin kurulmas\u0131yla sona ermi\u015ftir. Ermeniler ve Ermeni Y\u00fcksek Platosu&#8217;yla ilgili ilk kay\u0131tlar M.\u00d6. [&hellip;]\" \/>\n<meta property=\"og:url\" content=\"https:\/\/akunq.net\/tr\/?p=63264\" \/>\n<meta property=\"og:site_name\" content=\"Bati Ermenistan Ve Bati Ermenileri Sorunlari Ara\u015ftirmalar Merkezi\" \/>\n<meta property=\"article:published_time\" content=\"2021-06-14T07:19:54+00:00\" \/>\n<meta property=\"og:image\" content=\"https:\/\/akunq.net\/tr\/wp-content\/uploads\/sites\/6\/2021\/06\/\u0535\u0561\u056c\u0569\u0561\u0575\u056b-\u053d\u0578\u0580\u0570\u0580\u0564\u0561\u056a\u0578\u0572\u0578\u057e.jpg\" \/>\n\t<meta property=\"og:image:width\" content=\"730\" \/>\n\t<meta property=\"og:image:height\" content=\"411\" \/>\n\t<meta property=\"og:image:type\" content=\"image\/jpeg\" \/>\n<meta name=\"author\" content=\"admin\" \/>\n<meta name=\"twitter:card\" content=\"summary_large_image\" \/>\n<meta name=\"twitter:label1\" content=\"Written by\" \/>\n\t<meta name=\"twitter:data1\" content=\"admin\" \/>\n\t<meta name=\"twitter:label2\" content=\"Est. reading time\" \/>\n\t<meta name=\"twitter:data2\" content=\"3 minutes\" \/>\n<script type=\"application\/ld+json\" class=\"yoast-schema-graph\">{\"@context\":\"https:\\\/\\\/schema.org\",\"@graph\":[{\"@type\":\"Article\",\"@id\":\"https:\\\/\\\/akunq.net\\\/tr\\\/?p=63264#article\",\"isPartOf\":{\"@id\":\"https:\\\/\\\/akunq.net\\\/tr\\\/?p=63264\"},\"author\":{\"name\":\"admin\",\"@id\":\"https:\\\/\\\/akunq.net\\\/tr\\\/#\\\/schema\\\/person\\\/096f1d38a12cce57fb855b485ed24c9e\"},\"headline\":\"Yalta Konferans\u0131n\u0131n sonu\u00e7lar\u0131, Ermeni konyak ile \u015farab\u0131 sayesinde sa\u011fland\u0131\",\"datePublished\":\"2021-06-14T07:19:54+00:00\",\"mainEntityOfPage\":{\"@id\":\"https:\\\/\\\/akunq.net\\\/tr\\\/?p=63264\"},\"wordCount\":596,\"commentCount\":0,\"image\":{\"@id\":\"https:\\\/\\\/akunq.net\\\/tr\\\/?p=63264#primaryimage\"},\"thumbnailUrl\":\"https:\\\/\\\/akunq.net\\\/tr\\\/wp-content\\\/uploads\\\/sites\\\/6\\\/2021\\\/06\\\/\u0535\u0561\u056c\u0569\u0561\u0575\u056b-\u053d\u0578\u0580\u0570\u0580\u0564\u0561\u056a\u0578\u0572\u0578\u057e.jpg\",\"articleSection\":[\"Haberler\",\"Tarih Sayfalar\u0131\"],\"inLanguage\":\"en-US\",\"potentialAction\":[{\"@type\":\"CommentAction\",\"name\":\"Comment\",\"target\":[\"https:\\\/\\\/akunq.net\\\/tr\\\/?p=63264#respond\"]}]},{\"@type\":\"WebPage\",\"@id\":\"https:\\\/\\\/akunq.net\\\/tr\\\/?p=63264\",\"url\":\"https:\\\/\\\/akunq.net\\\/tr\\\/?p=63264\",\"name\":\"Yalta Konferans\u0131n\u0131n sonu\u00e7lar\u0131, Ermeni konyak ile \u015farab\u0131 sayesinde sa\u011fland\u0131 - Bati Ermenistan Ve Bati Ermenileri Sorunlari Ara\u015ftirmalar Merkezi\",\"isPartOf\":{\"@id\":\"https:\\\/\\\/akunq.net\\\/tr\\\/#website\"},\"primaryImageOfPage\":{\"@id\":\"https:\\\/\\\/akunq.net\\\/tr\\\/?p=63264#primaryimage\"},\"image\":{\"@id\":\"https:\\\/\\\/akunq.net\\\/tr\\\/?p=63264#primaryimage\"},\"thumbnailUrl\":\"https:\\\/\\\/akunq.net\\\/tr\\\/wp-content\\\/uploads\\\/sites\\\/6\\\/2021\\\/06\\\/\u0535\u0561\u056c\u0569\u0561\u0575\u056b-\u053d\u0578\u0580\u0570\u0580\u0564\u0561\u056a\u0578\u0572\u0578\u057e.jpg\",\"datePublished\":\"2021-06-14T07:19:54+00:00\",\"author\":{\"@id\":\"https:\\\/\\\/akunq.net\\\/tr\\\/#\\\/schema\\\/person\\\/096f1d38a12cce57fb855b485ed24c9e\"},\"breadcrumb\":{\"@id\":\"https:\\\/\\\/akunq.net\\\/tr\\\/?p=63264#breadcrumb\"},\"inLanguage\":\"en-US\",\"potentialAction\":[{\"@type\":\"ReadAction\",\"target\":[\"https:\\\/\\\/akunq.net\\\/tr\\\/?p=63264\"]}]},{\"@type\":\"ImageObject\",\"inLanguage\":\"en-US\",\"@id\":\"https:\\\/\\\/akunq.net\\\/tr\\\/?p=63264#primaryimage\",\"url\":\"https:\\\/\\\/akunq.net\\\/tr\\\/wp-content\\\/uploads\\\/sites\\\/6\\\/2021\\\/06\\\/\u0535\u0561\u056c\u0569\u0561\u0575\u056b-\u053d\u0578\u0580\u0570\u0580\u0564\u0561\u056a\u0578\u0572\u0578\u057e.jpg\",\"contentUrl\":\"https:\\\/\\\/akunq.net\\\/tr\\\/wp-content\\\/uploads\\\/sites\\\/6\\\/2021\\\/06\\\/\u0535\u0561\u056c\u0569\u0561\u0575\u056b-\u053d\u0578\u0580\u0570\u0580\u0564\u0561\u056a\u0578\u0572\u0578\u057e.jpg\",\"width\":730,\"height\":411},{\"@type\":\"BreadcrumbList\",\"@id\":\"https:\\\/\\\/akunq.net\\\/tr\\\/?p=63264#breadcrumb\",\"itemListElement\":[{\"@type\":\"ListItem\",\"position\":1,\"name\":\"Home\",\"item\":\"https:\\\/\\\/akunq.net\\\/tr\"},{\"@type\":\"ListItem\",\"position\":2,\"name\":\"Yalta Konferans\u0131n\u0131n sonu\u00e7lar\u0131, Ermeni konyak ile \u015farab\u0131 sayesinde sa\u011fland\u0131\"}]},{\"@type\":\"WebSite\",\"@id\":\"https:\\\/\\\/akunq.net\\\/tr\\\/#website\",\"url\":\"https:\\\/\\\/akunq.net\\\/tr\\\/\",\"name\":\"Bati Ermenistan Ve Bati Ermenileri Sorunlari Ara\u015ftirmalar Merkezi\",\"description\":\"\",\"potentialAction\":[{\"@type\":\"SearchAction\",\"target\":{\"@type\":\"EntryPoint\",\"urlTemplate\":\"https:\\\/\\\/akunq.net\\\/tr\\\/?s={search_term_string}\"},\"query-input\":{\"@type\":\"PropertyValueSpecification\",\"valueRequired\":true,\"valueName\":\"search_term_string\"}}],\"inLanguage\":\"en-US\"},{\"@type\":\"Person\",\"@id\":\"https:\\\/\\\/akunq.net\\\/tr\\\/#\\\/schema\\\/person\\\/096f1d38a12cce57fb855b485ed24c9e\",\"name\":\"admin\",\"url\":\"https:\\\/\\\/akunq.net\\\/tr\\\/?author=7\"}]}<\/script>\n<!-- \/ Yoast SEO plugin. -->","yoast_head_json":{"title":"Yalta Konferans\u0131n\u0131n sonu\u00e7lar\u0131, Ermeni konyak ile \u015farab\u0131 sayesinde sa\u011fland\u0131 - Bati Ermenistan Ve Bati Ermenileri Sorunlari Ara\u015ftirmalar Merkezi","robots":{"index":"index","follow":"follow","max-snippet":"max-snippet:-1","max-image-preview":"max-image-preview:large","max-video-preview":"max-video-preview:-1"},"canonical":"https:\/\/akunq.net\/tr\/?p=63264","og_locale":"en_US","og_type":"article","og_title":"Yalta Konferans\u0131n\u0131n sonu\u00e7lar\u0131, Ermeni konyak ile \u015farab\u0131 sayesinde sa\u011fland\u0131 - Bati Ermenistan Ve Bati Ermenileri Sorunlari Ara\u015ftirmalar Merkezi","og_description":"\u201cTimeT\u00fcrk\u201d haber sitesi, Ermeni k\u00fclt\u00fcr\u00fcn\u00fc ve \u00f6zellikle Ermeni \u015farap\u00e7\u0131l\u0131\u011f\u0131n\u0131 konu alan bir makale yay\u0131nlad\u0131. Konuyla ilgili &#8220;The Telegraph&#8221;ta yer alan bir ba\u015fka makaleye at\u0131fta bulunan \u201cTimeT\u00fcrk\u201d, \u015f\u00f6yle yazd\u0131: \u201cMilattan \u00d6nce 3-4 biny\u0131llarda Ermeni halk\u0131n\u0131n \u015fekillenmesi ba\u015flay\u0131p, Milattan \u00f6nce 1&#8217;inci biny\u0131l ortalar\u0131nda ortak devletin kurulmas\u0131yla sona ermi\u015ftir. Ermeniler ve Ermeni Y\u00fcksek Platosu&#8217;yla ilgili ilk kay\u0131tlar M.\u00d6. [&hellip;]","og_url":"https:\/\/akunq.net\/tr\/?p=63264","og_site_name":"Bati Ermenistan Ve Bati Ermenileri Sorunlari Ara\u015ftirmalar Merkezi","article_published_time":"2021-06-14T07:19:54+00:00","og_image":[{"width":730,"height":411,"url":"https:\/\/akunq.net\/tr\/wp-content\/uploads\/sites\/6\/2021\/06\/\u0535\u0561\u056c\u0569\u0561\u0575\u056b-\u053d\u0578\u0580\u0570\u0580\u0564\u0561\u056a\u0578\u0572\u0578\u057e.jpg","type":"image\/jpeg"}],"author":"admin","twitter_card":"summary_large_image","twitter_misc":{"Written by":"admin","Est. reading time":"3 minutes"},"schema":{"@context":"https:\/\/schema.org","@graph":[{"@type":"Article","@id":"https:\/\/akunq.net\/tr\/?p=63264#article","isPartOf":{"@id":"https:\/\/akunq.net\/tr\/?p=63264"},"author":{"name":"admin","@id":"https:\/\/akunq.net\/tr\/#\/schema\/person\/096f1d38a12cce57fb855b485ed24c9e"},"headline":"Yalta Konferans\u0131n\u0131n sonu\u00e7lar\u0131, Ermeni konyak ile \u015farab\u0131 sayesinde sa\u011fland\u0131","datePublished":"2021-06-14T07:19:54+00:00","mainEntityOfPage":{"@id":"https:\/\/akunq.net\/tr\/?p=63264"},"wordCount":596,"commentCount":0,"image":{"@id":"https:\/\/akunq.net\/tr\/?p=63264#primaryimage"},"thumbnailUrl":"https:\/\/akunq.net\/tr\/wp-content\/uploads\/sites\/6\/2021\/06\/\u0535\u0561\u056c\u0569\u0561\u0575\u056b-\u053d\u0578\u0580\u0570\u0580\u0564\u0561\u056a\u0578\u0572\u0578\u057e.jpg","articleSection":["Haberler","Tarih Sayfalar\u0131"],"inLanguage":"en-US","potentialAction":[{"@type":"CommentAction","name":"Comment","target":["https:\/\/akunq.net\/tr\/?p=63264#respond"]}]},{"@type":"WebPage","@id":"https:\/\/akunq.net\/tr\/?p=63264","url":"https:\/\/akunq.net\/tr\/?p=63264","name":"Yalta Konferans\u0131n\u0131n sonu\u00e7lar\u0131, Ermeni konyak ile \u015farab\u0131 sayesinde sa\u011fland\u0131 - Bati Ermenistan Ve Bati Ermenileri Sorunlari Ara\u015ftirmalar Merkezi","isPartOf":{"@id":"https:\/\/akunq.net\/tr\/#website"},"primaryImageOfPage":{"@id":"https:\/\/akunq.net\/tr\/?p=63264#primaryimage"},"image":{"@id":"https:\/\/akunq.net\/tr\/?p=63264#primaryimage"},"thumbnailUrl":"https:\/\/akunq.net\/tr\/wp-content\/uploads\/sites\/6\/2021\/06\/\u0535\u0561\u056c\u0569\u0561\u0575\u056b-\u053d\u0578\u0580\u0570\u0580\u0564\u0561\u056a\u0578\u0572\u0578\u057e.jpg","datePublished":"2021-06-14T07:19:54+00:00","author":{"@id":"https:\/\/akunq.net\/tr\/#\/schema\/person\/096f1d38a12cce57fb855b485ed24c9e"},"breadcrumb":{"@id":"https:\/\/akunq.net\/tr\/?p=63264#breadcrumb"},"inLanguage":"en-US","potentialAction":[{"@type":"ReadAction","target":["https:\/\/akunq.net\/tr\/?p=63264"]}]},{"@type":"ImageObject","inLanguage":"en-US","@id":"https:\/\/akunq.net\/tr\/?p=63264#primaryimage","url":"https:\/\/akunq.net\/tr\/wp-content\/uploads\/sites\/6\/2021\/06\/\u0535\u0561\u056c\u0569\u0561\u0575\u056b-\u053d\u0578\u0580\u0570\u0580\u0564\u0561\u056a\u0578\u0572\u0578\u057e.jpg","contentUrl":"https:\/\/akunq.net\/tr\/wp-content\/uploads\/sites\/6\/2021\/06\/\u0535\u0561\u056c\u0569\u0561\u0575\u056b-\u053d\u0578\u0580\u0570\u0580\u0564\u0561\u056a\u0578\u0572\u0578\u057e.jpg","width":730,"height":411},{"@type":"BreadcrumbList","@id":"https:\/\/akunq.net\/tr\/?p=63264#breadcrumb","itemListElement":[{"@type":"ListItem","position":1,"name":"Home","item":"https:\/\/akunq.net\/tr"},{"@type":"ListItem","position":2,"name":"Yalta Konferans\u0131n\u0131n sonu\u00e7lar\u0131, Ermeni konyak ile \u015farab\u0131 sayesinde sa\u011fland\u0131"}]},{"@type":"WebSite","@id":"https:\/\/akunq.net\/tr\/#website","url":"https:\/\/akunq.net\/tr\/","name":"Bati Ermenistan Ve Bati Ermenileri Sorunlari Ara\u015ftirmalar Merkezi","description":"","potentialAction":[{"@type":"SearchAction","target":{"@type":"EntryPoint","urlTemplate":"https:\/\/akunq.net\/tr\/?s={search_term_string}"},"query-input":{"@type":"PropertyValueSpecification","valueRequired":true,"valueName":"search_term_string"}}],"inLanguage":"en-US"},{"@type":"Person","@id":"https:\/\/akunq.net\/tr\/#\/schema\/person\/096f1d38a12cce57fb855b485ed24c9e","name":"admin","url":"https:\/\/akunq.net\/tr\/?author=7"}]}},"_links":{"self":[{"href":"https:\/\/akunq.net\/tr\/index.php?rest_route=\/wp\/v2\/posts\/63264","targetHints":{"allow":["GET"]}}],"collection":[{"href":"https:\/\/akunq.net\/tr\/index.php?rest_route=\/wp\/v2\/posts"}],"about":[{"href":"https:\/\/akunq.net\/tr\/index.php?rest_route=\/wp\/v2\/types\/post"}],"author":[{"embeddable":true,"href":"https:\/\/akunq.net\/tr\/index.php?rest_route=\/wp\/v2\/users\/7"}],"replies":[{"embeddable":true,"href":"https:\/\/akunq.net\/tr\/index.php?rest_route=%2Fwp%2Fv2%2Fcomments&post=63264"}],"version-history":[{"count":1,"href":"https:\/\/akunq.net\/tr\/index.php?rest_route=\/wp\/v2\/posts\/63264\/revisions"}],"predecessor-version":[{"id":63266,"href":"https:\/\/akunq.net\/tr\/index.php?rest_route=\/wp\/v2\/posts\/63264\/revisions\/63266"}],"wp:featuredmedia":[{"embeddable":true,"href":"https:\/\/akunq.net\/tr\/index.php?rest_route=\/wp\/v2\/media\/63265"}],"wp:attachment":[{"href":"https:\/\/akunq.net\/tr\/index.php?rest_route=%2Fwp%2Fv2%2Fmedia&parent=63264"}],"wp:term":[{"taxonomy":"category","embeddable":true,"href":"https:\/\/akunq.net\/tr\/index.php?rest_route=%2Fwp%2Fv2%2Fcategories&post=63264"},{"taxonomy":"post_tag","embeddable":true,"href":"https:\/\/akunq.net\/tr\/index.php?rest_route=%2Fwp%2Fv2%2Ftags&post=63264"}],"curies":[{"name":"wp","href":"https:\/\/api.w.org\/{rel}","templated":true}]}}