{"id":63261,"date":"2021-06-14T02:13:09","date_gmt":"2021-06-14T07:13:09","guid":{"rendered":"https:\/\/akunq.net\/tr\/?p=63261"},"modified":"2021-06-14T02:13:09","modified_gmt":"2021-06-14T07:13:09","slug":"romada-ermeni-soykiriminin-anisina-ithaf-olunan-bir-etkinlik-duzenlendi","status":"publish","type":"post","link":"https:\/\/akunq.net\/tr\/?p=63261","title":{"rendered":"Roma&#8217;da Ermeni Soyk\u0131r\u0131m\u0131&#8217;n\u0131n an\u0131s\u0131na ithaf olunan bir etkinlik d\u00fczenlendi"},"content":{"rendered":"<p><img loading=\"lazy\" decoding=\"async\" class=\"aligncenter size-medium wp-image-63262\" src=\"https:\/\/akunq.net\/tr\/wp-content\/uploads\/2021\/06\/Romada-Ermeni-Soyk\u0131r\u0131m\u0131n\u0131n-an\u0131s\u0131na-ithaf-olunan-bir-etkinlik-360x242.jpg\" alt=\"\" width=\"360\" height=\"242\" srcset=\"https:\/\/akunq.net\/tr\/wp-content\/uploads\/sites\/6\/2021\/06\/Romada-Ermeni-Soyk\u0131r\u0131m\u0131n\u0131n-an\u0131s\u0131na-ithaf-olunan-bir-etkinlik-360x242.jpg 360w, https:\/\/akunq.net\/tr\/wp-content\/uploads\/sites\/6\/2021\/06\/Romada-Ermeni-Soyk\u0131r\u0131m\u0131n\u0131n-an\u0131s\u0131na-ithaf-olunan-bir-etkinlik-560x376.jpg 560w, https:\/\/akunq.net\/tr\/wp-content\/uploads\/sites\/6\/2021\/06\/Romada-Ermeni-Soyk\u0131r\u0131m\u0131n\u0131n-an\u0131s\u0131na-ithaf-olunan-bir-etkinlik-260x175.jpg 260w, https:\/\/akunq.net\/tr\/wp-content\/uploads\/sites\/6\/2021\/06\/Romada-Ermeni-Soyk\u0131r\u0131m\u0131n\u0131n-an\u0131s\u0131na-ithaf-olunan-bir-etkinlik-160x107.jpg 160w, https:\/\/akunq.net\/tr\/wp-content\/uploads\/sites\/6\/2021\/06\/Romada-Ermeni-Soyk\u0131r\u0131m\u0131n\u0131n-an\u0131s\u0131na-ithaf-olunan-bir-etkinlik.jpg 670w\" sizes=\"auto, (max-width: 360px) 100vw, 360px\" \/><\/p>\n<p><em><strong>Roma\u2019daki Papl\u0131k \u015earkiyat Enstit\u00fcs\u00fc\u2019nde, Ermeni Soyk\u0131r\u0131m\u0131\u2019n\u0131n an\u0131s\u0131na ithaf olunan bir etkinlik d\u00fczenlendi. Etkinlikte s\u00f6z alan \u0130talya\u2019da Ermenistan B\u00fcy\u00fckel\u00e7isi Tsovinar Hambardzumyan, uluslararas\u0131 camian\u0131n, Ermeni Soyk\u0131r\u0131m\u0131&#8217;n\u0131 hat\u0131rlayarak benzeri felaketleri \u00f6nlemeye \u00e7al\u0131\u015fmas\u0131 gerekti\u011fini vurgulad\u0131.<\/strong><\/em><\/p>\n<p>Etkinlik kapsam\u0131nda, \u0130talyan \u201cMadenote\u201d ressamlar grubunun eseri olan \u201cErmeni Anne\u201d adl\u0131 tablo sergilendi. Grup ad\u0131na bir konu\u015fma yapan Madlena Gabrielyan, resmin Ermeni Soyk\u0131r\u0131m\u0131\u2019n\u0131n an\u0131s\u0131na ithaf ediildi\u011fini vurgulayarak, Soyk\u0131r\u0131m s\u0131ras\u0131nda Halep\u2019te yap\u0131lan bir foto\u011fraf\u0131n esas al\u0131nd\u0131\u011f\u0131n\u0131 bidirdi. Orijinali \u015fuanda ABD Kongre k\u00fct\u00fcphanesinde bulunan foto\u011frafta bir Ermeni kad\u0131n, yan\u0131ndaki k\u00fc\u00e7\u00fck k\u0131z\u0131yla yere y\u0131\u011f\u0131larak can\u0131n\u0131 veren di\u011fer k\u0131z\u0131na a\u011fl\u0131yor.<\/p>\n<p>Etkinlik s\u0131ras\u0131nda Fransal\u0131 Ermeni yazar Anny Romand\u2019\u0131n \u201cErmenistan\u2019l\u0131 B\u00fcy\u00fckannem\u201d adl\u0131 kitab\u0131n\u0131n \u0130talyancaya \u00e7evirisi de tan\u0131t\u0131ld\u0131.<\/p>\n<p><em><strong>https:\/\/www.ermenihaber.am\/tr\/news\/2021\/06\/14\/%C4%B0talya-Roma-Ermeni-Soyk%C4%B1r%C4%B1m%C4%B1\/209755\u00a0<\/strong><\/em><\/p>\n","protected":false},"excerpt":{"rendered":"<p>Roma\u2019daki Papl\u0131k \u015earkiyat Enstit\u00fcs\u00fc\u2019nde, Ermeni Soyk\u0131r\u0131m\u0131\u2019n\u0131n an\u0131s\u0131na ithaf olunan bir etkinlik d\u00fczenlendi. Etkinlikte s\u00f6z alan \u0130talya\u2019da Ermenistan B\u00fcy\u00fckel\u00e7isi Tsovinar Hambardzumyan, uluslararas\u0131 camian\u0131n, Ermeni Soyk\u0131r\u0131m\u0131&#8217;n\u0131 hat\u0131rlayarak benzeri felaketleri \u00f6nlemeye \u00e7al\u0131\u015fmas\u0131 gerekti\u011fini vurgulad\u0131. Etkinlik kapsam\u0131nda, \u0130talyan \u201cMadenote\u201d ressamlar grubunun eseri olan \u201cErmeni Anne\u201d adl\u0131 tablo sergilendi. Grup ad\u0131na bir konu\u015fma yapan Madlena Gabrielyan, resmin Ermeni Soyk\u0131r\u0131m\u0131\u2019n\u0131n an\u0131s\u0131na [&hellip;]<\/p>\n","protected":false},"author":7,"featured_media":63262,"comment_status":"open","ping_status":"open","sticky":false,"template":"","format":"standard","meta":{"footnotes":""},"categories":[44,1],"tags":[],"class_list":["post-63261","post","type-post","status-publish","format-standard","has-post-thumbnail","hentry","category-ermeni-soykirimi","category-haberler"],"yoast_head":"<!-- This site is optimized with the Yoast SEO plugin v27.4 - https:\/\/yoast.com\/product\/yoast-seo-wordpress\/ -->\n<title>Roma&#039;da Ermeni Soyk\u0131r\u0131m\u0131&#039;n\u0131n an\u0131s\u0131na ithaf olunan bir etkinlik d\u00fczenlendi - Bati Ermenistan Ve Bati Ermenileri Sorunlari Ara\u015ftirmalar Merkezi<\/title>\n<meta name=\"robots\" content=\"index, follow, max-snippet:-1, max-image-preview:large, max-video-preview:-1\" \/>\n<link rel=\"canonical\" href=\"https:\/\/akunq.net\/tr\/?p=63261\" \/>\n<meta property=\"og:locale\" content=\"en_US\" \/>\n<meta property=\"og:type\" content=\"article\" \/>\n<meta property=\"og:title\" content=\"Roma&#039;da Ermeni Soyk\u0131r\u0131m\u0131&#039;n\u0131n an\u0131s\u0131na ithaf olunan bir etkinlik d\u00fczenlendi - Bati Ermenistan Ve Bati Ermenileri Sorunlari Ara\u015ftirmalar Merkezi\" \/>\n<meta property=\"og:description\" content=\"Roma\u2019daki Papl\u0131k \u015earkiyat Enstit\u00fcs\u00fc\u2019nde, Ermeni Soyk\u0131r\u0131m\u0131\u2019n\u0131n an\u0131s\u0131na ithaf olunan bir etkinlik d\u00fczenlendi. Etkinlikte s\u00f6z alan \u0130talya\u2019da Ermenistan B\u00fcy\u00fckel\u00e7isi Tsovinar Hambardzumyan, uluslararas\u0131 camian\u0131n, Ermeni Soyk\u0131r\u0131m\u0131&#8217;n\u0131 hat\u0131rlayarak benzeri felaketleri \u00f6nlemeye \u00e7al\u0131\u015fmas\u0131 gerekti\u011fini vurgulad\u0131. Etkinlik kapsam\u0131nda, \u0130talyan \u201cMadenote\u201d ressamlar grubunun eseri olan \u201cErmeni Anne\u201d adl\u0131 tablo sergilendi. Grup ad\u0131na bir konu\u015fma yapan Madlena Gabrielyan, resmin Ermeni Soyk\u0131r\u0131m\u0131\u2019n\u0131n an\u0131s\u0131na [&hellip;]\" \/>\n<meta property=\"og:url\" content=\"https:\/\/akunq.net\/tr\/?p=63261\" \/>\n<meta property=\"og:site_name\" content=\"Bati Ermenistan Ve Bati Ermenileri Sorunlari Ara\u015ftirmalar Merkezi\" \/>\n<meta property=\"article:published_time\" content=\"2021-06-14T07:13:09+00:00\" \/>\n<meta property=\"og:image\" content=\"https:\/\/akunq.net\/tr\/wp-content\/uploads\/sites\/6\/2021\/06\/Romada-Ermeni-Soyk\u0131r\u0131m\u0131n\u0131n-an\u0131s\u0131na-ithaf-olunan-bir-etkinlik.jpg\" \/>\n\t<meta property=\"og:image:width\" content=\"670\" \/>\n\t<meta property=\"og:image:height\" content=\"450\" \/>\n\t<meta property=\"og:image:type\" content=\"image\/jpeg\" \/>\n<meta name=\"author\" content=\"admin\" \/>\n<meta name=\"twitter:card\" content=\"summary_large_image\" \/>\n<meta name=\"twitter:label1\" content=\"Written by\" \/>\n\t<meta name=\"twitter:data1\" content=\"admin\" \/>\n\t<meta name=\"twitter:label2\" content=\"Est. reading time\" \/>\n\t<meta name=\"twitter:data2\" content=\"1 minute\" \/>\n<script type=\"application\/ld+json\" class=\"yoast-schema-graph\">{\"@context\":\"https:\\\/\\\/schema.org\",\"@graph\":[{\"@type\":\"Article\",\"@id\":\"https:\\\/\\\/akunq.net\\\/tr\\\/?p=63261#article\",\"isPartOf\":{\"@id\":\"https:\\\/\\\/akunq.net\\\/tr\\\/?p=63261\"},\"author\":{\"name\":\"admin\",\"@id\":\"https:\\\/\\\/akunq.net\\\/tr\\\/#\\\/schema\\\/person\\\/096f1d38a12cce57fb855b485ed24c9e\"},\"headline\":\"Roma&#8217;da Ermeni Soyk\u0131r\u0131m\u0131&#8217;n\u0131n an\u0131s\u0131na ithaf olunan bir etkinlik d\u00fczenlendi\",\"datePublished\":\"2021-06-14T07:13:09+00:00\",\"mainEntityOfPage\":{\"@id\":\"https:\\\/\\\/akunq.net\\\/tr\\\/?p=63261\"},\"wordCount\":203,\"commentCount\":0,\"image\":{\"@id\":\"https:\\\/\\\/akunq.net\\\/tr\\\/?p=63261#primaryimage\"},\"thumbnailUrl\":\"https:\\\/\\\/akunq.net\\\/tr\\\/wp-content\\\/uploads\\\/sites\\\/6\\\/2021\\\/06\\\/Romada-Ermeni-Soyk\u0131r\u0131m\u0131n\u0131n-an\u0131s\u0131na-ithaf-olunan-bir-etkinlik.jpg\",\"articleSection\":[\"Ermeni Soyk\u0131r\u0131m\u0131\",\"Haberler\"],\"inLanguage\":\"en-US\",\"potentialAction\":[{\"@type\":\"CommentAction\",\"name\":\"Comment\",\"target\":[\"https:\\\/\\\/akunq.net\\\/tr\\\/?p=63261#respond\"]}]},{\"@type\":\"WebPage\",\"@id\":\"https:\\\/\\\/akunq.net\\\/tr\\\/?p=63261\",\"url\":\"https:\\\/\\\/akunq.net\\\/tr\\\/?p=63261\",\"name\":\"Roma'da Ermeni Soyk\u0131r\u0131m\u0131'n\u0131n an\u0131s\u0131na ithaf olunan bir etkinlik d\u00fczenlendi - Bati Ermenistan Ve Bati Ermenileri Sorunlari Ara\u015ftirmalar Merkezi\",\"isPartOf\":{\"@id\":\"https:\\\/\\\/akunq.net\\\/tr\\\/#website\"},\"primaryImageOfPage\":{\"@id\":\"https:\\\/\\\/akunq.net\\\/tr\\\/?p=63261#primaryimage\"},\"image\":{\"@id\":\"https:\\\/\\\/akunq.net\\\/tr\\\/?p=63261#primaryimage\"},\"thumbnailUrl\":\"https:\\\/\\\/akunq.net\\\/tr\\\/wp-content\\\/uploads\\\/sites\\\/6\\\/2021\\\/06\\\/Romada-Ermeni-Soyk\u0131r\u0131m\u0131n\u0131n-an\u0131s\u0131na-ithaf-olunan-bir-etkinlik.jpg\",\"datePublished\":\"2021-06-14T07:13:09+00:00\",\"author\":{\"@id\":\"https:\\\/\\\/akunq.net\\\/tr\\\/#\\\/schema\\\/person\\\/096f1d38a12cce57fb855b485ed24c9e\"},\"breadcrumb\":{\"@id\":\"https:\\\/\\\/akunq.net\\\/tr\\\/?p=63261#breadcrumb\"},\"inLanguage\":\"en-US\",\"potentialAction\":[{\"@type\":\"ReadAction\",\"target\":[\"https:\\\/\\\/akunq.net\\\/tr\\\/?p=63261\"]}]},{\"@type\":\"ImageObject\",\"inLanguage\":\"en-US\",\"@id\":\"https:\\\/\\\/akunq.net\\\/tr\\\/?p=63261#primaryimage\",\"url\":\"https:\\\/\\\/akunq.net\\\/tr\\\/wp-content\\\/uploads\\\/sites\\\/6\\\/2021\\\/06\\\/Romada-Ermeni-Soyk\u0131r\u0131m\u0131n\u0131n-an\u0131s\u0131na-ithaf-olunan-bir-etkinlik.jpg\",\"contentUrl\":\"https:\\\/\\\/akunq.net\\\/tr\\\/wp-content\\\/uploads\\\/sites\\\/6\\\/2021\\\/06\\\/Romada-Ermeni-Soyk\u0131r\u0131m\u0131n\u0131n-an\u0131s\u0131na-ithaf-olunan-bir-etkinlik.jpg\",\"width\":670,\"height\":450},{\"@type\":\"BreadcrumbList\",\"@id\":\"https:\\\/\\\/akunq.net\\\/tr\\\/?p=63261#breadcrumb\",\"itemListElement\":[{\"@type\":\"ListItem\",\"position\":1,\"name\":\"Home\",\"item\":\"https:\\\/\\\/akunq.net\\\/tr\"},{\"@type\":\"ListItem\",\"position\":2,\"name\":\"Roma&#8217;da Ermeni Soyk\u0131r\u0131m\u0131&#8217;n\u0131n an\u0131s\u0131na ithaf olunan bir etkinlik d\u00fczenlendi\"}]},{\"@type\":\"WebSite\",\"@id\":\"https:\\\/\\\/akunq.net\\\/tr\\\/#website\",\"url\":\"https:\\\/\\\/akunq.net\\\/tr\\\/\",\"name\":\"Bati Ermenistan Ve Bati Ermenileri Sorunlari Ara\u015ftirmalar Merkezi\",\"description\":\"\",\"potentialAction\":[{\"@type\":\"SearchAction\",\"target\":{\"@type\":\"EntryPoint\",\"urlTemplate\":\"https:\\\/\\\/akunq.net\\\/tr\\\/?s={search_term_string}\"},\"query-input\":{\"@type\":\"PropertyValueSpecification\",\"valueRequired\":true,\"valueName\":\"search_term_string\"}}],\"inLanguage\":\"en-US\"},{\"@type\":\"Person\",\"@id\":\"https:\\\/\\\/akunq.net\\\/tr\\\/#\\\/schema\\\/person\\\/096f1d38a12cce57fb855b485ed24c9e\",\"name\":\"admin\",\"url\":\"https:\\\/\\\/akunq.net\\\/tr\\\/?author=7\"}]}<\/script>\n<!-- \/ Yoast SEO plugin. -->","yoast_head_json":{"title":"Roma'da Ermeni Soyk\u0131r\u0131m\u0131'n\u0131n an\u0131s\u0131na ithaf olunan bir etkinlik d\u00fczenlendi - Bati Ermenistan Ve Bati Ermenileri Sorunlari Ara\u015ftirmalar Merkezi","robots":{"index":"index","follow":"follow","max-snippet":"max-snippet:-1","max-image-preview":"max-image-preview:large","max-video-preview":"max-video-preview:-1"},"canonical":"https:\/\/akunq.net\/tr\/?p=63261","og_locale":"en_US","og_type":"article","og_title":"Roma'da Ermeni Soyk\u0131r\u0131m\u0131'n\u0131n an\u0131s\u0131na ithaf olunan bir etkinlik d\u00fczenlendi - Bati Ermenistan Ve Bati Ermenileri Sorunlari Ara\u015ftirmalar Merkezi","og_description":"Roma\u2019daki Papl\u0131k \u015earkiyat Enstit\u00fcs\u00fc\u2019nde, Ermeni Soyk\u0131r\u0131m\u0131\u2019n\u0131n an\u0131s\u0131na ithaf olunan bir etkinlik d\u00fczenlendi. Etkinlikte s\u00f6z alan \u0130talya\u2019da Ermenistan B\u00fcy\u00fckel\u00e7isi Tsovinar Hambardzumyan, uluslararas\u0131 camian\u0131n, Ermeni Soyk\u0131r\u0131m\u0131&#8217;n\u0131 hat\u0131rlayarak benzeri felaketleri \u00f6nlemeye \u00e7al\u0131\u015fmas\u0131 gerekti\u011fini vurgulad\u0131. Etkinlik kapsam\u0131nda, \u0130talyan \u201cMadenote\u201d ressamlar grubunun eseri olan \u201cErmeni Anne\u201d adl\u0131 tablo sergilendi. Grup ad\u0131na bir konu\u015fma yapan Madlena Gabrielyan, resmin Ermeni Soyk\u0131r\u0131m\u0131\u2019n\u0131n an\u0131s\u0131na [&hellip;]","og_url":"https:\/\/akunq.net\/tr\/?p=63261","og_site_name":"Bati Ermenistan Ve Bati Ermenileri Sorunlari Ara\u015ftirmalar Merkezi","article_published_time":"2021-06-14T07:13:09+00:00","og_image":[{"width":670,"height":450,"url":"https:\/\/akunq.net\/tr\/wp-content\/uploads\/sites\/6\/2021\/06\/Romada-Ermeni-Soyk\u0131r\u0131m\u0131n\u0131n-an\u0131s\u0131na-ithaf-olunan-bir-etkinlik.jpg","type":"image\/jpeg"}],"author":"admin","twitter_card":"summary_large_image","twitter_misc":{"Written by":"admin","Est. reading time":"1 minute"},"schema":{"@context":"https:\/\/schema.org","@graph":[{"@type":"Article","@id":"https:\/\/akunq.net\/tr\/?p=63261#article","isPartOf":{"@id":"https:\/\/akunq.net\/tr\/?p=63261"},"author":{"name":"admin","@id":"https:\/\/akunq.net\/tr\/#\/schema\/person\/096f1d38a12cce57fb855b485ed24c9e"},"headline":"Roma&#8217;da Ermeni Soyk\u0131r\u0131m\u0131&#8217;n\u0131n an\u0131s\u0131na ithaf olunan bir etkinlik d\u00fczenlendi","datePublished":"2021-06-14T07:13:09+00:00","mainEntityOfPage":{"@id":"https:\/\/akunq.net\/tr\/?p=63261"},"wordCount":203,"commentCount":0,"image":{"@id":"https:\/\/akunq.net\/tr\/?p=63261#primaryimage"},"thumbnailUrl":"https:\/\/akunq.net\/tr\/wp-content\/uploads\/sites\/6\/2021\/06\/Romada-Ermeni-Soyk\u0131r\u0131m\u0131n\u0131n-an\u0131s\u0131na-ithaf-olunan-bir-etkinlik.jpg","articleSection":["Ermeni Soyk\u0131r\u0131m\u0131","Haberler"],"inLanguage":"en-US","potentialAction":[{"@type":"CommentAction","name":"Comment","target":["https:\/\/akunq.net\/tr\/?p=63261#respond"]}]},{"@type":"WebPage","@id":"https:\/\/akunq.net\/tr\/?p=63261","url":"https:\/\/akunq.net\/tr\/?p=63261","name":"Roma'da Ermeni Soyk\u0131r\u0131m\u0131'n\u0131n an\u0131s\u0131na ithaf olunan bir etkinlik d\u00fczenlendi - Bati Ermenistan Ve Bati Ermenileri Sorunlari Ara\u015ftirmalar Merkezi","isPartOf":{"@id":"https:\/\/akunq.net\/tr\/#website"},"primaryImageOfPage":{"@id":"https:\/\/akunq.net\/tr\/?p=63261#primaryimage"},"image":{"@id":"https:\/\/akunq.net\/tr\/?p=63261#primaryimage"},"thumbnailUrl":"https:\/\/akunq.net\/tr\/wp-content\/uploads\/sites\/6\/2021\/06\/Romada-Ermeni-Soyk\u0131r\u0131m\u0131n\u0131n-an\u0131s\u0131na-ithaf-olunan-bir-etkinlik.jpg","datePublished":"2021-06-14T07:13:09+00:00","author":{"@id":"https:\/\/akunq.net\/tr\/#\/schema\/person\/096f1d38a12cce57fb855b485ed24c9e"},"breadcrumb":{"@id":"https:\/\/akunq.net\/tr\/?p=63261#breadcrumb"},"inLanguage":"en-US","potentialAction":[{"@type":"ReadAction","target":["https:\/\/akunq.net\/tr\/?p=63261"]}]},{"@type":"ImageObject","inLanguage":"en-US","@id":"https:\/\/akunq.net\/tr\/?p=63261#primaryimage","url":"https:\/\/akunq.net\/tr\/wp-content\/uploads\/sites\/6\/2021\/06\/Romada-Ermeni-Soyk\u0131r\u0131m\u0131n\u0131n-an\u0131s\u0131na-ithaf-olunan-bir-etkinlik.jpg","contentUrl":"https:\/\/akunq.net\/tr\/wp-content\/uploads\/sites\/6\/2021\/06\/Romada-Ermeni-Soyk\u0131r\u0131m\u0131n\u0131n-an\u0131s\u0131na-ithaf-olunan-bir-etkinlik.jpg","width":670,"height":450},{"@type":"BreadcrumbList","@id":"https:\/\/akunq.net\/tr\/?p=63261#breadcrumb","itemListElement":[{"@type":"ListItem","position":1,"name":"Home","item":"https:\/\/akunq.net\/tr"},{"@type":"ListItem","position":2,"name":"Roma&#8217;da Ermeni Soyk\u0131r\u0131m\u0131&#8217;n\u0131n an\u0131s\u0131na ithaf olunan bir etkinlik d\u00fczenlendi"}]},{"@type":"WebSite","@id":"https:\/\/akunq.net\/tr\/#website","url":"https:\/\/akunq.net\/tr\/","name":"Bati Ermenistan Ve Bati Ermenileri Sorunlari Ara\u015ftirmalar Merkezi","description":"","potentialAction":[{"@type":"SearchAction","target":{"@type":"EntryPoint","urlTemplate":"https:\/\/akunq.net\/tr\/?s={search_term_string}"},"query-input":{"@type":"PropertyValueSpecification","valueRequired":true,"valueName":"search_term_string"}}],"inLanguage":"en-US"},{"@type":"Person","@id":"https:\/\/akunq.net\/tr\/#\/schema\/person\/096f1d38a12cce57fb855b485ed24c9e","name":"admin","url":"https:\/\/akunq.net\/tr\/?author=7"}]}},"_links":{"self":[{"href":"https:\/\/akunq.net\/tr\/index.php?rest_route=\/wp\/v2\/posts\/63261","targetHints":{"allow":["GET"]}}],"collection":[{"href":"https:\/\/akunq.net\/tr\/index.php?rest_route=\/wp\/v2\/posts"}],"about":[{"href":"https:\/\/akunq.net\/tr\/index.php?rest_route=\/wp\/v2\/types\/post"}],"author":[{"embeddable":true,"href":"https:\/\/akunq.net\/tr\/index.php?rest_route=\/wp\/v2\/users\/7"}],"replies":[{"embeddable":true,"href":"https:\/\/akunq.net\/tr\/index.php?rest_route=%2Fwp%2Fv2%2Fcomments&post=63261"}],"version-history":[{"count":1,"href":"https:\/\/akunq.net\/tr\/index.php?rest_route=\/wp\/v2\/posts\/63261\/revisions"}],"predecessor-version":[{"id":63263,"href":"https:\/\/akunq.net\/tr\/index.php?rest_route=\/wp\/v2\/posts\/63261\/revisions\/63263"}],"wp:featuredmedia":[{"embeddable":true,"href":"https:\/\/akunq.net\/tr\/index.php?rest_route=\/wp\/v2\/media\/63262"}],"wp:attachment":[{"href":"https:\/\/akunq.net\/tr\/index.php?rest_route=%2Fwp%2Fv2%2Fmedia&parent=63261"}],"wp:term":[{"taxonomy":"category","embeddable":true,"href":"https:\/\/akunq.net\/tr\/index.php?rest_route=%2Fwp%2Fv2%2Fcategories&post=63261"},{"taxonomy":"post_tag","embeddable":true,"href":"https:\/\/akunq.net\/tr\/index.php?rest_route=%2Fwp%2Fv2%2Ftags&post=63261"}],"curies":[{"name":"wp","href":"https:\/\/api.w.org\/{rel}","templated":true}]}}