{"id":63251,"date":"2021-06-11T09:03:38","date_gmt":"2021-06-11T14:03:38","guid":{"rendered":"https:\/\/akunq.net\/tr\/?p=63251"},"modified":"2021-06-11T10:27:58","modified_gmt":"2021-06-11T15:27:58","slug":"macrondan-erdogan-aciklamasi","status":"publish","type":"post","link":"https:\/\/akunq.net\/tr\/?p=63251","title":{"rendered":"Macron&#8217;dan Erdo\u011fan a\u00e7\u0131klamas\u0131"},"content":{"rendered":"<p><img loading=\"lazy\" decoding=\"async\" class=\"size-medium wp-image-63259 alignleft\" src=\"https:\/\/akunq.net\/tr\/wp-content\/uploads\/2021\/06\/\u0574\u0561\u056f\u0580-360x195.jpg\" alt=\"\" width=\"360\" height=\"195\" srcset=\"https:\/\/akunq.net\/tr\/wp-content\/uploads\/sites\/6\/2021\/06\/\u0574\u0561\u056f\u0580-360x195.jpg 360w, https:\/\/akunq.net\/tr\/wp-content\/uploads\/sites\/6\/2021\/06\/\u0574\u0561\u056f\u0580-768x415.jpg 768w, https:\/\/akunq.net\/tr\/wp-content\/uploads\/sites\/6\/2021\/06\/\u0574\u0561\u056f\u0580-560x303.jpg 560w, https:\/\/akunq.net\/tr\/wp-content\/uploads\/sites\/6\/2021\/06\/\u0574\u0561\u056f\u0580-260x141.jpg 260w, https:\/\/akunq.net\/tr\/wp-content\/uploads\/sites\/6\/2021\/06\/\u0574\u0561\u056f\u0580-160x87.jpg 160w, https:\/\/akunq.net\/tr\/wp-content\/uploads\/sites\/6\/2021\/06\/\u0574\u0561\u056f\u0580.jpg 1000w\" sizes=\"auto, (max-width: 360px) 100vw, 360px\" \/>Macron, Elysee Saray\u0131&#8217;nda d\u00fczenledi\u011fi bas\u0131n toplant\u0131s\u0131nda, NATO Zirvesi kapsam\u0131nda kendisinin ve Cumhurba\u015fkan\u0131 Erdo\u011fan&#8217;\u0131n g\u00f6r\u00fc\u015fme yapmay\u0131 istedi\u011fini aktararak, &#8220;Bu iyi bir \u015fey. Birbirimizi g\u00f6rmeye ihtiyac\u0131m\u0131z var.&#8221; dedi.<\/p>\n<p>Erdo\u011fan ile derin fikir ayr\u0131l\u0131klar\u0131n\u0131n oldu\u011funu dile getiren Macron, &#8220;Fikir ayr\u0131l\u0131klar\u0131 olsa da birbirimizle konu\u015fmal\u0131y\u0131z ve konu\u015fmaya devam etmeliyiz.&#8221; ifadesini kulland\u0131.<\/p>\n<p>Macron, Cumhurba\u015fkan\u0131 Erdo\u011fan ile NATO, Suriye, Libya, Da\u011fl\u0131k Karaba\u011f ve Fransa&#8217;n\u0131n &#8220;radikal \u0130slamc\u0131l\u0131k&#8221; m\u00fccadelesini g\u00f6r\u00fc\u015fmek istedi\u011fini kaydetti.<br class=\"_113018\" \/>Erdo\u011fan&#8217;a &#8220;radikal \u0130slamc\u0131l\u0131kla&#8221; m\u00fccadelenin hi\u00e7bir \u015fekilde \u0130slam dinini hedef almad\u0131\u011f\u0131n\u0131 anlataca\u011f\u0131n\u0131 ifade eden Macron, Erdo\u011fan ile yap\u0131labilecek i\u015f birli\u011fi alanlar\u0131n\u0131 da konu\u015faca\u011f\u0131n\u0131 s\u00f6yledi.<\/p>\n<p>Macron, insan ve gazetecilerin haklar\u0131na ili\u015fkin konularda ve ikili ili\u015fkilerde her zaman a\u00e7\u0131k oldu\u011funu, ba\u015f ba\u015fa g\u00f6r\u00fc\u015fmelerde a\u00e7\u0131k \u015fekilde konu\u015ftu\u011fu i\u00e7in kamuoyuna kar\u015f\u0131 da bunu yapt\u0131\u011f\u0131n\u0131 aktard\u0131.<\/p>\n<p><em><strong>ntv.com.tr<\/strong><\/em><\/p>\n","protected":false},"excerpt":{"rendered":"<p>Macron, Elysee Saray\u0131&#8217;nda d\u00fczenledi\u011fi bas\u0131n toplant\u0131s\u0131nda, NATO Zirvesi kapsam\u0131nda kendisinin ve Cumhurba\u015fkan\u0131 Erdo\u011fan&#8217;\u0131n g\u00f6r\u00fc\u015fme yapmay\u0131 istedi\u011fini aktararak, &#8220;Bu iyi bir \u015fey. Birbirimizi g\u00f6rmeye ihtiyac\u0131m\u0131z var.&#8221; dedi. Erdo\u011fan ile derin fikir ayr\u0131l\u0131klar\u0131n\u0131n oldu\u011funu dile getiren Macron, &#8220;Fikir ayr\u0131l\u0131klar\u0131 olsa da birbirimizle konu\u015fmal\u0131y\u0131z ve konu\u015fmaya devam etmeliyiz.&#8221; ifadesini kulland\u0131. Macron, Cumhurba\u015fkan\u0131 Erdo\u011fan ile NATO, Suriye, Libya, Da\u011fl\u0131k [&hellip;]<\/p>\n","protected":false},"author":7,"featured_media":63259,"comment_status":"open","ping_status":"open","sticky":false,"template":"","format":"standard","meta":{"footnotes":""},"categories":[1],"tags":[],"class_list":["post-63251","post","type-post","status-publish","format-standard","has-post-thumbnail","hentry","category-haberler"],"yoast_head":"<!-- This site is optimized with the Yoast SEO plugin v27.4 - https:\/\/yoast.com\/product\/yoast-seo-wordpress\/ -->\n<title>Macron&#039;dan Erdo\u011fan a\u00e7\u0131klamas\u0131 - Bati Ermenistan Ve Bati Ermenileri Sorunlari Ara\u015ftirmalar Merkezi<\/title>\n<meta name=\"robots\" content=\"index, follow, max-snippet:-1, max-image-preview:large, max-video-preview:-1\" \/>\n<link rel=\"canonical\" href=\"https:\/\/akunq.net\/tr\/?p=63251\" \/>\n<meta property=\"og:locale\" content=\"en_US\" \/>\n<meta property=\"og:type\" content=\"article\" \/>\n<meta property=\"og:title\" content=\"Macron&#039;dan Erdo\u011fan a\u00e7\u0131klamas\u0131 - Bati Ermenistan Ve Bati Ermenileri Sorunlari Ara\u015ftirmalar Merkezi\" \/>\n<meta property=\"og:description\" content=\"Macron, Elysee Saray\u0131&#8217;nda d\u00fczenledi\u011fi bas\u0131n toplant\u0131s\u0131nda, NATO Zirvesi kapsam\u0131nda kendisinin ve Cumhurba\u015fkan\u0131 Erdo\u011fan&#8217;\u0131n g\u00f6r\u00fc\u015fme yapmay\u0131 istedi\u011fini aktararak, &#8220;Bu iyi bir \u015fey. Birbirimizi g\u00f6rmeye ihtiyac\u0131m\u0131z var.&#8221; dedi. Erdo\u011fan ile derin fikir ayr\u0131l\u0131klar\u0131n\u0131n oldu\u011funu dile getiren Macron, &#8220;Fikir ayr\u0131l\u0131klar\u0131 olsa da birbirimizle konu\u015fmal\u0131y\u0131z ve konu\u015fmaya devam etmeliyiz.&#8221; ifadesini kulland\u0131. Macron, Cumhurba\u015fkan\u0131 Erdo\u011fan ile NATO, Suriye, Libya, Da\u011fl\u0131k [&hellip;]\" \/>\n<meta property=\"og:url\" content=\"https:\/\/akunq.net\/tr\/?p=63251\" \/>\n<meta property=\"og:site_name\" content=\"Bati Ermenistan Ve Bati Ermenileri Sorunlari Ara\u015ftirmalar Merkezi\" \/>\n<meta property=\"article:published_time\" content=\"2021-06-11T14:03:38+00:00\" \/>\n<meta property=\"article:modified_time\" content=\"2021-06-11T15:27:58+00:00\" \/>\n<meta property=\"og:image\" content=\"https:\/\/akunq.net\/tr\/wp-content\/uploads\/sites\/6\/2021\/06\/\u0574\u0561\u056f\u0580.jpg\" \/>\n\t<meta property=\"og:image:width\" content=\"1000\" \/>\n\t<meta property=\"og:image:height\" content=\"541\" \/>\n\t<meta property=\"og:image:type\" content=\"image\/jpeg\" \/>\n<meta name=\"author\" content=\"admin\" \/>\n<meta name=\"twitter:card\" content=\"summary_large_image\" \/>\n<meta name=\"twitter:label1\" content=\"Written by\" \/>\n\t<meta name=\"twitter:data1\" content=\"admin\" \/>\n\t<meta name=\"twitter:label2\" content=\"Est. reading time\" \/>\n\t<meta name=\"twitter:data2\" content=\"1 minute\" \/>\n<script type=\"application\/ld+json\" class=\"yoast-schema-graph\">{\"@context\":\"https:\\\/\\\/schema.org\",\"@graph\":[{\"@type\":\"Article\",\"@id\":\"https:\\\/\\\/akunq.net\\\/tr\\\/?p=63251#article\",\"isPartOf\":{\"@id\":\"https:\\\/\\\/akunq.net\\\/tr\\\/?p=63251\"},\"author\":{\"name\":\"admin\",\"@id\":\"https:\\\/\\\/akunq.net\\\/tr\\\/#\\\/schema\\\/person\\\/096f1d38a12cce57fb855b485ed24c9e\"},\"headline\":\"Macron&#8217;dan Erdo\u011fan a\u00e7\u0131klamas\u0131\",\"datePublished\":\"2021-06-11T14:03:38+00:00\",\"dateModified\":\"2021-06-11T15:27:58+00:00\",\"mainEntityOfPage\":{\"@id\":\"https:\\\/\\\/akunq.net\\\/tr\\\/?p=63251\"},\"wordCount\":188,\"commentCount\":0,\"image\":{\"@id\":\"https:\\\/\\\/akunq.net\\\/tr\\\/?p=63251#primaryimage\"},\"thumbnailUrl\":\"https:\\\/\\\/akunq.net\\\/tr\\\/wp-content\\\/uploads\\\/sites\\\/6\\\/2021\\\/06\\\/\u0574\u0561\u056f\u0580.jpg\",\"articleSection\":[\"Haberler\"],\"inLanguage\":\"en-US\",\"potentialAction\":[{\"@type\":\"CommentAction\",\"name\":\"Comment\",\"target\":[\"https:\\\/\\\/akunq.net\\\/tr\\\/?p=63251#respond\"]}]},{\"@type\":\"WebPage\",\"@id\":\"https:\\\/\\\/akunq.net\\\/tr\\\/?p=63251\",\"url\":\"https:\\\/\\\/akunq.net\\\/tr\\\/?p=63251\",\"name\":\"Macron'dan Erdo\u011fan a\u00e7\u0131klamas\u0131 - Bati Ermenistan Ve Bati Ermenileri Sorunlari Ara\u015ftirmalar Merkezi\",\"isPartOf\":{\"@id\":\"https:\\\/\\\/akunq.net\\\/tr\\\/#website\"},\"primaryImageOfPage\":{\"@id\":\"https:\\\/\\\/akunq.net\\\/tr\\\/?p=63251#primaryimage\"},\"image\":{\"@id\":\"https:\\\/\\\/akunq.net\\\/tr\\\/?p=63251#primaryimage\"},\"thumbnailUrl\":\"https:\\\/\\\/akunq.net\\\/tr\\\/wp-content\\\/uploads\\\/sites\\\/6\\\/2021\\\/06\\\/\u0574\u0561\u056f\u0580.jpg\",\"datePublished\":\"2021-06-11T14:03:38+00:00\",\"dateModified\":\"2021-06-11T15:27:58+00:00\",\"author\":{\"@id\":\"https:\\\/\\\/akunq.net\\\/tr\\\/#\\\/schema\\\/person\\\/096f1d38a12cce57fb855b485ed24c9e\"},\"breadcrumb\":{\"@id\":\"https:\\\/\\\/akunq.net\\\/tr\\\/?p=63251#breadcrumb\"},\"inLanguage\":\"en-US\",\"potentialAction\":[{\"@type\":\"ReadAction\",\"target\":[\"https:\\\/\\\/akunq.net\\\/tr\\\/?p=63251\"]}]},{\"@type\":\"ImageObject\",\"inLanguage\":\"en-US\",\"@id\":\"https:\\\/\\\/akunq.net\\\/tr\\\/?p=63251#primaryimage\",\"url\":\"https:\\\/\\\/akunq.net\\\/tr\\\/wp-content\\\/uploads\\\/sites\\\/6\\\/2021\\\/06\\\/\u0574\u0561\u056f\u0580.jpg\",\"contentUrl\":\"https:\\\/\\\/akunq.net\\\/tr\\\/wp-content\\\/uploads\\\/sites\\\/6\\\/2021\\\/06\\\/\u0574\u0561\u056f\u0580.jpg\",\"width\":1000,\"height\":541},{\"@type\":\"BreadcrumbList\",\"@id\":\"https:\\\/\\\/akunq.net\\\/tr\\\/?p=63251#breadcrumb\",\"itemListElement\":[{\"@type\":\"ListItem\",\"position\":1,\"name\":\"Home\",\"item\":\"https:\\\/\\\/akunq.net\\\/tr\"},{\"@type\":\"ListItem\",\"position\":2,\"name\":\"Macron&#8217;dan Erdo\u011fan a\u00e7\u0131klamas\u0131\"}]},{\"@type\":\"WebSite\",\"@id\":\"https:\\\/\\\/akunq.net\\\/tr\\\/#website\",\"url\":\"https:\\\/\\\/akunq.net\\\/tr\\\/\",\"name\":\"Bati Ermenistan Ve Bati Ermenileri Sorunlari Ara\u015ftirmalar Merkezi\",\"description\":\"\",\"potentialAction\":[{\"@type\":\"SearchAction\",\"target\":{\"@type\":\"EntryPoint\",\"urlTemplate\":\"https:\\\/\\\/akunq.net\\\/tr\\\/?s={search_term_string}\"},\"query-input\":{\"@type\":\"PropertyValueSpecification\",\"valueRequired\":true,\"valueName\":\"search_term_string\"}}],\"inLanguage\":\"en-US\"},{\"@type\":\"Person\",\"@id\":\"https:\\\/\\\/akunq.net\\\/tr\\\/#\\\/schema\\\/person\\\/096f1d38a12cce57fb855b485ed24c9e\",\"name\":\"admin\",\"url\":\"https:\\\/\\\/akunq.net\\\/tr\\\/?author=7\"}]}<\/script>\n<!-- \/ Yoast SEO plugin. -->","yoast_head_json":{"title":"Macron'dan Erdo\u011fan a\u00e7\u0131klamas\u0131 - Bati Ermenistan Ve Bati Ermenileri Sorunlari Ara\u015ftirmalar Merkezi","robots":{"index":"index","follow":"follow","max-snippet":"max-snippet:-1","max-image-preview":"max-image-preview:large","max-video-preview":"max-video-preview:-1"},"canonical":"https:\/\/akunq.net\/tr\/?p=63251","og_locale":"en_US","og_type":"article","og_title":"Macron'dan Erdo\u011fan a\u00e7\u0131klamas\u0131 - Bati Ermenistan Ve Bati Ermenileri Sorunlari Ara\u015ftirmalar Merkezi","og_description":"Macron, Elysee Saray\u0131&#8217;nda d\u00fczenledi\u011fi bas\u0131n toplant\u0131s\u0131nda, NATO Zirvesi kapsam\u0131nda kendisinin ve Cumhurba\u015fkan\u0131 Erdo\u011fan&#8217;\u0131n g\u00f6r\u00fc\u015fme yapmay\u0131 istedi\u011fini aktararak, &#8220;Bu iyi bir \u015fey. Birbirimizi g\u00f6rmeye ihtiyac\u0131m\u0131z var.&#8221; dedi. Erdo\u011fan ile derin fikir ayr\u0131l\u0131klar\u0131n\u0131n oldu\u011funu dile getiren Macron, &#8220;Fikir ayr\u0131l\u0131klar\u0131 olsa da birbirimizle konu\u015fmal\u0131y\u0131z ve konu\u015fmaya devam etmeliyiz.&#8221; ifadesini kulland\u0131. Macron, Cumhurba\u015fkan\u0131 Erdo\u011fan ile NATO, Suriye, Libya, Da\u011fl\u0131k [&hellip;]","og_url":"https:\/\/akunq.net\/tr\/?p=63251","og_site_name":"Bati Ermenistan Ve Bati Ermenileri Sorunlari Ara\u015ftirmalar Merkezi","article_published_time":"2021-06-11T14:03:38+00:00","article_modified_time":"2021-06-11T15:27:58+00:00","og_image":[{"width":1000,"height":541,"url":"https:\/\/akunq.net\/tr\/wp-content\/uploads\/sites\/6\/2021\/06\/\u0574\u0561\u056f\u0580.jpg","type":"image\/jpeg"}],"author":"admin","twitter_card":"summary_large_image","twitter_misc":{"Written by":"admin","Est. reading time":"1 minute"},"schema":{"@context":"https:\/\/schema.org","@graph":[{"@type":"Article","@id":"https:\/\/akunq.net\/tr\/?p=63251#article","isPartOf":{"@id":"https:\/\/akunq.net\/tr\/?p=63251"},"author":{"name":"admin","@id":"https:\/\/akunq.net\/tr\/#\/schema\/person\/096f1d38a12cce57fb855b485ed24c9e"},"headline":"Macron&#8217;dan Erdo\u011fan a\u00e7\u0131klamas\u0131","datePublished":"2021-06-11T14:03:38+00:00","dateModified":"2021-06-11T15:27:58+00:00","mainEntityOfPage":{"@id":"https:\/\/akunq.net\/tr\/?p=63251"},"wordCount":188,"commentCount":0,"image":{"@id":"https:\/\/akunq.net\/tr\/?p=63251#primaryimage"},"thumbnailUrl":"https:\/\/akunq.net\/tr\/wp-content\/uploads\/sites\/6\/2021\/06\/\u0574\u0561\u056f\u0580.jpg","articleSection":["Haberler"],"inLanguage":"en-US","potentialAction":[{"@type":"CommentAction","name":"Comment","target":["https:\/\/akunq.net\/tr\/?p=63251#respond"]}]},{"@type":"WebPage","@id":"https:\/\/akunq.net\/tr\/?p=63251","url":"https:\/\/akunq.net\/tr\/?p=63251","name":"Macron'dan Erdo\u011fan a\u00e7\u0131klamas\u0131 - Bati Ermenistan Ve Bati Ermenileri Sorunlari Ara\u015ftirmalar Merkezi","isPartOf":{"@id":"https:\/\/akunq.net\/tr\/#website"},"primaryImageOfPage":{"@id":"https:\/\/akunq.net\/tr\/?p=63251#primaryimage"},"image":{"@id":"https:\/\/akunq.net\/tr\/?p=63251#primaryimage"},"thumbnailUrl":"https:\/\/akunq.net\/tr\/wp-content\/uploads\/sites\/6\/2021\/06\/\u0574\u0561\u056f\u0580.jpg","datePublished":"2021-06-11T14:03:38+00:00","dateModified":"2021-06-11T15:27:58+00:00","author":{"@id":"https:\/\/akunq.net\/tr\/#\/schema\/person\/096f1d38a12cce57fb855b485ed24c9e"},"breadcrumb":{"@id":"https:\/\/akunq.net\/tr\/?p=63251#breadcrumb"},"inLanguage":"en-US","potentialAction":[{"@type":"ReadAction","target":["https:\/\/akunq.net\/tr\/?p=63251"]}]},{"@type":"ImageObject","inLanguage":"en-US","@id":"https:\/\/akunq.net\/tr\/?p=63251#primaryimage","url":"https:\/\/akunq.net\/tr\/wp-content\/uploads\/sites\/6\/2021\/06\/\u0574\u0561\u056f\u0580.jpg","contentUrl":"https:\/\/akunq.net\/tr\/wp-content\/uploads\/sites\/6\/2021\/06\/\u0574\u0561\u056f\u0580.jpg","width":1000,"height":541},{"@type":"BreadcrumbList","@id":"https:\/\/akunq.net\/tr\/?p=63251#breadcrumb","itemListElement":[{"@type":"ListItem","position":1,"name":"Home","item":"https:\/\/akunq.net\/tr"},{"@type":"ListItem","position":2,"name":"Macron&#8217;dan Erdo\u011fan a\u00e7\u0131klamas\u0131"}]},{"@type":"WebSite","@id":"https:\/\/akunq.net\/tr\/#website","url":"https:\/\/akunq.net\/tr\/","name":"Bati Ermenistan Ve Bati Ermenileri Sorunlari Ara\u015ftirmalar Merkezi","description":"","potentialAction":[{"@type":"SearchAction","target":{"@type":"EntryPoint","urlTemplate":"https:\/\/akunq.net\/tr\/?s={search_term_string}"},"query-input":{"@type":"PropertyValueSpecification","valueRequired":true,"valueName":"search_term_string"}}],"inLanguage":"en-US"},{"@type":"Person","@id":"https:\/\/akunq.net\/tr\/#\/schema\/person\/096f1d38a12cce57fb855b485ed24c9e","name":"admin","url":"https:\/\/akunq.net\/tr\/?author=7"}]}},"_links":{"self":[{"href":"https:\/\/akunq.net\/tr\/index.php?rest_route=\/wp\/v2\/posts\/63251","targetHints":{"allow":["GET"]}}],"collection":[{"href":"https:\/\/akunq.net\/tr\/index.php?rest_route=\/wp\/v2\/posts"}],"about":[{"href":"https:\/\/akunq.net\/tr\/index.php?rest_route=\/wp\/v2\/types\/post"}],"author":[{"embeddable":true,"href":"https:\/\/akunq.net\/tr\/index.php?rest_route=\/wp\/v2\/users\/7"}],"replies":[{"embeddable":true,"href":"https:\/\/akunq.net\/tr\/index.php?rest_route=%2Fwp%2Fv2%2Fcomments&post=63251"}],"version-history":[{"count":2,"href":"https:\/\/akunq.net\/tr\/index.php?rest_route=\/wp\/v2\/posts\/63251\/revisions"}],"predecessor-version":[{"id":63260,"href":"https:\/\/akunq.net\/tr\/index.php?rest_route=\/wp\/v2\/posts\/63251\/revisions\/63260"}],"wp:featuredmedia":[{"embeddable":true,"href":"https:\/\/akunq.net\/tr\/index.php?rest_route=\/wp\/v2\/media\/63259"}],"wp:attachment":[{"href":"https:\/\/akunq.net\/tr\/index.php?rest_route=%2Fwp%2Fv2%2Fmedia&parent=63251"}],"wp:term":[{"taxonomy":"category","embeddable":true,"href":"https:\/\/akunq.net\/tr\/index.php?rest_route=%2Fwp%2Fv2%2Fcategories&post=63251"},{"taxonomy":"post_tag","embeddable":true,"href":"https:\/\/akunq.net\/tr\/index.php?rest_route=%2Fwp%2Fv2%2Ftags&post=63251"}],"curies":[{"name":"wp","href":"https:\/\/api.w.org\/{rel}","templated":true}]}}