{"id":63242,"date":"2021-06-11T01:16:38","date_gmt":"2021-06-11T06:16:38","guid":{"rendered":"https:\/\/akunq.net\/tr\/?p=63242"},"modified":"2021-06-11T01:16:38","modified_gmt":"2021-06-11T06:16:38","slug":"abd-disisleri-bakanliginin-temsilcisi-ermeni-soykirimi-anit-kompleksini-ziyaret-etti","status":"publish","type":"post","link":"https:\/\/akunq.net\/tr\/?p=63242","title":{"rendered":"ABD D\u0131\u015fi\u015fleri Bakanl\u0131\u011f\u0131&#8217;n\u0131n temsilcisi Ermeni Soyk\u0131r\u0131m\u0131 An\u0131t Kompleksi&#8217;ni ziyaret etti"},"content":{"rendered":"<p><img loading=\"lazy\" decoding=\"async\" class=\"size-medium wp-image-63243 alignleft\" src=\"https:\/\/akunq.net\/tr\/wp-content\/uploads\/2021\/06\/\u057c\u056b\u0584\u0565\u0580-360x240.jpg\" alt=\"\" width=\"360\" height=\"240\" srcset=\"https:\/\/akunq.net\/tr\/wp-content\/uploads\/sites\/6\/2021\/06\/\u057c\u056b\u0584\u0565\u0580-360x240.jpg 360w, https:\/\/akunq.net\/tr\/wp-content\/uploads\/sites\/6\/2021\/06\/\u057c\u056b\u0584\u0565\u0580-768x512.jpg 768w, https:\/\/akunq.net\/tr\/wp-content\/uploads\/sites\/6\/2021\/06\/\u057c\u056b\u0584\u0565\u0580-1536x1023.jpg 1536w, https:\/\/akunq.net\/tr\/wp-content\/uploads\/sites\/6\/2021\/06\/\u057c\u056b\u0584\u0565\u0580-560x373.jpg 560w, https:\/\/akunq.net\/tr\/wp-content\/uploads\/sites\/6\/2021\/06\/\u057c\u056b\u0584\u0565\u0580-260x173.jpg 260w, https:\/\/akunq.net\/tr\/wp-content\/uploads\/sites\/6\/2021\/06\/\u057c\u056b\u0584\u0565\u0580-160x107.jpg 160w, https:\/\/akunq.net\/tr\/wp-content\/uploads\/sites\/6\/2021\/06\/\u057c\u056b\u0584\u0565\u0580.jpg 1600w\" sizes=\"auto, (max-width: 360px) 100vw, 360px\" \/>Ermenistan\u2019da bulunan ABD D\u0131\u015fi\u015fleri Bakan Yard\u0131mc\u0131s\u0131 Philip Reeker, Ermeni Soyk\u0131r\u0131m\u0131 An\u0131t Kompleksi Tsitsernakaberd\u2019i ziyaret ederek, masum kurbanlar\u0131n\u00a0an\u0131s\u0131na ABD halk\u0131 ad\u0131na sayg\u0131 duru\u015funda bulundu\u2024<\/p>\n<p>Ermenistan\u2019da ABD B\u00fcy\u00fckel\u00e7ili\u011fi taraf\u0131ndan yap\u0131lan a\u00e7\u0131klamaya g\u00f6re Reeker, Ermenistan h\u00fck\u00fcmet \u00fcyeleri, i\u015fadamlar\u0131 ve sivil toplum temsilcileri ile g\u00f6r\u00fc\u015fecek.\u00a0G\u00f6r\u00fc\u015fmeler g\u00fcndeminde, ikili ili\u015fkiler ve Artsakh (Da\u011fl\u0131k Karaba\u011f) \u00e7at\u0131\u015fmas\u0131 var.<\/p>\n<p>&nbsp;<\/p>\n<p>&nbsp;<\/p>\n<p>&nbsp;<\/p>\n<p><em>Hat\u0131rlanaca\u011f\u0131 \u00fczere, Ermenistan\u2019\u0131 ziyaret etmeden \u00f6nce Philip Reeker, G\u00fcrcistan ve Azerbaycan\u2019\u0131 da ziyaret etti.<\/em><\/p>\n<p>&nbsp;<\/p>\n<p><em><strong>ermenihaber.am\/tr<\/strong><\/em><\/p>\n","protected":false},"excerpt":{"rendered":"<p>Ermenistan\u2019da bulunan ABD D\u0131\u015fi\u015fleri Bakan Yard\u0131mc\u0131s\u0131 Philip Reeker, Ermeni Soyk\u0131r\u0131m\u0131 An\u0131t Kompleksi Tsitsernakaberd\u2019i ziyaret ederek, masum kurbanlar\u0131n\u00a0an\u0131s\u0131na ABD halk\u0131 ad\u0131na sayg\u0131 duru\u015funda bulundu\u2024 Ermenistan\u2019da ABD B\u00fcy\u00fckel\u00e7ili\u011fi taraf\u0131ndan yap\u0131lan a\u00e7\u0131klamaya g\u00f6re Reeker, Ermenistan h\u00fck\u00fcmet \u00fcyeleri, i\u015fadamlar\u0131 ve sivil toplum temsilcileri ile g\u00f6r\u00fc\u015fecek.\u00a0G\u00f6r\u00fc\u015fmeler g\u00fcndeminde, ikili ili\u015fkiler ve Artsakh (Da\u011fl\u0131k Karaba\u011f) \u00e7at\u0131\u015fmas\u0131 var. &nbsp; &nbsp; &nbsp; Hat\u0131rlanaca\u011f\u0131 \u00fczere, [&hellip;]<\/p>\n","protected":false},"author":7,"featured_media":63243,"comment_status":"open","ping_status":"open","sticky":false,"template":"","format":"standard","meta":{"footnotes":""},"categories":[44,1],"tags":[],"class_list":["post-63242","post","type-post","status-publish","format-standard","has-post-thumbnail","hentry","category-ermeni-soykirimi","category-haberler"],"yoast_head":"<!-- This site is optimized with the Yoast SEO plugin v27.4 - https:\/\/yoast.com\/product\/yoast-seo-wordpress\/ -->\n<title>ABD D\u0131\u015fi\u015fleri Bakanl\u0131\u011f\u0131&#039;n\u0131n temsilcisi Ermeni Soyk\u0131r\u0131m\u0131 An\u0131t Kompleksi&#039;ni ziyaret etti - Bati Ermenistan Ve Bati Ermenileri Sorunlari Ara\u015ftirmalar Merkezi<\/title>\n<meta name=\"robots\" content=\"index, follow, max-snippet:-1, max-image-preview:large, max-video-preview:-1\" \/>\n<link rel=\"canonical\" href=\"https:\/\/akunq.net\/tr\/?p=63242\" \/>\n<meta property=\"og:locale\" content=\"en_US\" \/>\n<meta property=\"og:type\" content=\"article\" \/>\n<meta property=\"og:title\" content=\"ABD D\u0131\u015fi\u015fleri Bakanl\u0131\u011f\u0131&#039;n\u0131n temsilcisi Ermeni Soyk\u0131r\u0131m\u0131 An\u0131t Kompleksi&#039;ni ziyaret etti - Bati Ermenistan Ve Bati Ermenileri Sorunlari Ara\u015ftirmalar Merkezi\" \/>\n<meta property=\"og:description\" content=\"Ermenistan\u2019da bulunan ABD D\u0131\u015fi\u015fleri Bakan Yard\u0131mc\u0131s\u0131 Philip Reeker, Ermeni Soyk\u0131r\u0131m\u0131 An\u0131t Kompleksi Tsitsernakaberd\u2019i ziyaret ederek, masum kurbanlar\u0131n\u00a0an\u0131s\u0131na ABD halk\u0131 ad\u0131na sayg\u0131 duru\u015funda bulundu\u2024 Ermenistan\u2019da ABD B\u00fcy\u00fckel\u00e7ili\u011fi taraf\u0131ndan yap\u0131lan a\u00e7\u0131klamaya g\u00f6re Reeker, Ermenistan h\u00fck\u00fcmet \u00fcyeleri, i\u015fadamlar\u0131 ve sivil toplum temsilcileri ile g\u00f6r\u00fc\u015fecek.\u00a0G\u00f6r\u00fc\u015fmeler g\u00fcndeminde, ikili ili\u015fkiler ve Artsakh (Da\u011fl\u0131k Karaba\u011f) \u00e7at\u0131\u015fmas\u0131 var. &nbsp; &nbsp; &nbsp; Hat\u0131rlanaca\u011f\u0131 \u00fczere, [&hellip;]\" \/>\n<meta property=\"og:url\" content=\"https:\/\/akunq.net\/tr\/?p=63242\" \/>\n<meta property=\"og:site_name\" content=\"Bati Ermenistan Ve Bati Ermenileri Sorunlari Ara\u015ftirmalar Merkezi\" \/>\n<meta property=\"article:published_time\" content=\"2021-06-11T06:16:38+00:00\" \/>\n<meta property=\"og:image\" content=\"https:\/\/akunq.net\/tr\/wp-content\/uploads\/sites\/6\/2021\/06\/\u057c\u056b\u0584\u0565\u0580.jpg\" \/>\n\t<meta property=\"og:image:width\" content=\"1600\" \/>\n\t<meta property=\"og:image:height\" content=\"1066\" \/>\n\t<meta property=\"og:image:type\" content=\"image\/jpeg\" \/>\n<meta name=\"author\" content=\"admin\" \/>\n<meta name=\"twitter:card\" content=\"summary_large_image\" \/>\n<meta name=\"twitter:label1\" content=\"Written by\" \/>\n\t<meta name=\"twitter:data1\" content=\"admin\" \/>\n\t<meta name=\"twitter:label2\" content=\"Est. reading time\" \/>\n\t<meta name=\"twitter:data2\" content=\"1 minute\" \/>\n<script type=\"application\/ld+json\" class=\"yoast-schema-graph\">{\"@context\":\"https:\\\/\\\/schema.org\",\"@graph\":[{\"@type\":\"Article\",\"@id\":\"https:\\\/\\\/akunq.net\\\/tr\\\/?p=63242#article\",\"isPartOf\":{\"@id\":\"https:\\\/\\\/akunq.net\\\/tr\\\/?p=63242\"},\"author\":{\"name\":\"admin\",\"@id\":\"https:\\\/\\\/akunq.net\\\/tr\\\/#\\\/schema\\\/person\\\/096f1d38a12cce57fb855b485ed24c9e\"},\"headline\":\"ABD D\u0131\u015fi\u015fleri Bakanl\u0131\u011f\u0131&#8217;n\u0131n temsilcisi Ermeni Soyk\u0131r\u0131m\u0131 An\u0131t Kompleksi&#8217;ni ziyaret etti\",\"datePublished\":\"2021-06-11T06:16:38+00:00\",\"mainEntityOfPage\":{\"@id\":\"https:\\\/\\\/akunq.net\\\/tr\\\/?p=63242\"},\"wordCount\":127,\"commentCount\":0,\"image\":{\"@id\":\"https:\\\/\\\/akunq.net\\\/tr\\\/?p=63242#primaryimage\"},\"thumbnailUrl\":\"https:\\\/\\\/akunq.net\\\/tr\\\/wp-content\\\/uploads\\\/sites\\\/6\\\/2021\\\/06\\\/\u057c\u056b\u0584\u0565\u0580.jpg\",\"articleSection\":[\"Ermeni Soyk\u0131r\u0131m\u0131\",\"Haberler\"],\"inLanguage\":\"en-US\",\"potentialAction\":[{\"@type\":\"CommentAction\",\"name\":\"Comment\",\"target\":[\"https:\\\/\\\/akunq.net\\\/tr\\\/?p=63242#respond\"]}]},{\"@type\":\"WebPage\",\"@id\":\"https:\\\/\\\/akunq.net\\\/tr\\\/?p=63242\",\"url\":\"https:\\\/\\\/akunq.net\\\/tr\\\/?p=63242\",\"name\":\"ABD D\u0131\u015fi\u015fleri Bakanl\u0131\u011f\u0131'n\u0131n temsilcisi Ermeni Soyk\u0131r\u0131m\u0131 An\u0131t Kompleksi'ni ziyaret etti - Bati Ermenistan Ve Bati Ermenileri Sorunlari Ara\u015ftirmalar Merkezi\",\"isPartOf\":{\"@id\":\"https:\\\/\\\/akunq.net\\\/tr\\\/#website\"},\"primaryImageOfPage\":{\"@id\":\"https:\\\/\\\/akunq.net\\\/tr\\\/?p=63242#primaryimage\"},\"image\":{\"@id\":\"https:\\\/\\\/akunq.net\\\/tr\\\/?p=63242#primaryimage\"},\"thumbnailUrl\":\"https:\\\/\\\/akunq.net\\\/tr\\\/wp-content\\\/uploads\\\/sites\\\/6\\\/2021\\\/06\\\/\u057c\u056b\u0584\u0565\u0580.jpg\",\"datePublished\":\"2021-06-11T06:16:38+00:00\",\"author\":{\"@id\":\"https:\\\/\\\/akunq.net\\\/tr\\\/#\\\/schema\\\/person\\\/096f1d38a12cce57fb855b485ed24c9e\"},\"breadcrumb\":{\"@id\":\"https:\\\/\\\/akunq.net\\\/tr\\\/?p=63242#breadcrumb\"},\"inLanguage\":\"en-US\",\"potentialAction\":[{\"@type\":\"ReadAction\",\"target\":[\"https:\\\/\\\/akunq.net\\\/tr\\\/?p=63242\"]}]},{\"@type\":\"ImageObject\",\"inLanguage\":\"en-US\",\"@id\":\"https:\\\/\\\/akunq.net\\\/tr\\\/?p=63242#primaryimage\",\"url\":\"https:\\\/\\\/akunq.net\\\/tr\\\/wp-content\\\/uploads\\\/sites\\\/6\\\/2021\\\/06\\\/\u057c\u056b\u0584\u0565\u0580.jpg\",\"contentUrl\":\"https:\\\/\\\/akunq.net\\\/tr\\\/wp-content\\\/uploads\\\/sites\\\/6\\\/2021\\\/06\\\/\u057c\u056b\u0584\u0565\u0580.jpg\",\"width\":1600,\"height\":1066},{\"@type\":\"BreadcrumbList\",\"@id\":\"https:\\\/\\\/akunq.net\\\/tr\\\/?p=63242#breadcrumb\",\"itemListElement\":[{\"@type\":\"ListItem\",\"position\":1,\"name\":\"Home\",\"item\":\"https:\\\/\\\/akunq.net\\\/tr\"},{\"@type\":\"ListItem\",\"position\":2,\"name\":\"ABD D\u0131\u015fi\u015fleri Bakanl\u0131\u011f\u0131&#8217;n\u0131n temsilcisi Ermeni Soyk\u0131r\u0131m\u0131 An\u0131t Kompleksi&#8217;ni ziyaret etti\"}]},{\"@type\":\"WebSite\",\"@id\":\"https:\\\/\\\/akunq.net\\\/tr\\\/#website\",\"url\":\"https:\\\/\\\/akunq.net\\\/tr\\\/\",\"name\":\"Bati Ermenistan Ve Bati Ermenileri Sorunlari Ara\u015ftirmalar Merkezi\",\"description\":\"\",\"potentialAction\":[{\"@type\":\"SearchAction\",\"target\":{\"@type\":\"EntryPoint\",\"urlTemplate\":\"https:\\\/\\\/akunq.net\\\/tr\\\/?s={search_term_string}\"},\"query-input\":{\"@type\":\"PropertyValueSpecification\",\"valueRequired\":true,\"valueName\":\"search_term_string\"}}],\"inLanguage\":\"en-US\"},{\"@type\":\"Person\",\"@id\":\"https:\\\/\\\/akunq.net\\\/tr\\\/#\\\/schema\\\/person\\\/096f1d38a12cce57fb855b485ed24c9e\",\"name\":\"admin\",\"url\":\"https:\\\/\\\/akunq.net\\\/tr\\\/?author=7\"}]}<\/script>\n<!-- \/ Yoast SEO plugin. -->","yoast_head_json":{"title":"ABD D\u0131\u015fi\u015fleri Bakanl\u0131\u011f\u0131'n\u0131n temsilcisi Ermeni Soyk\u0131r\u0131m\u0131 An\u0131t Kompleksi'ni ziyaret etti - Bati Ermenistan Ve Bati Ermenileri Sorunlari Ara\u015ftirmalar Merkezi","robots":{"index":"index","follow":"follow","max-snippet":"max-snippet:-1","max-image-preview":"max-image-preview:large","max-video-preview":"max-video-preview:-1"},"canonical":"https:\/\/akunq.net\/tr\/?p=63242","og_locale":"en_US","og_type":"article","og_title":"ABD D\u0131\u015fi\u015fleri Bakanl\u0131\u011f\u0131'n\u0131n temsilcisi Ermeni Soyk\u0131r\u0131m\u0131 An\u0131t Kompleksi'ni ziyaret etti - Bati Ermenistan Ve Bati Ermenileri Sorunlari Ara\u015ftirmalar Merkezi","og_description":"Ermenistan\u2019da bulunan ABD D\u0131\u015fi\u015fleri Bakan Yard\u0131mc\u0131s\u0131 Philip Reeker, Ermeni Soyk\u0131r\u0131m\u0131 An\u0131t Kompleksi Tsitsernakaberd\u2019i ziyaret ederek, masum kurbanlar\u0131n\u00a0an\u0131s\u0131na ABD halk\u0131 ad\u0131na sayg\u0131 duru\u015funda bulundu\u2024 Ermenistan\u2019da ABD B\u00fcy\u00fckel\u00e7ili\u011fi taraf\u0131ndan yap\u0131lan a\u00e7\u0131klamaya g\u00f6re Reeker, Ermenistan h\u00fck\u00fcmet \u00fcyeleri, i\u015fadamlar\u0131 ve sivil toplum temsilcileri ile g\u00f6r\u00fc\u015fecek.\u00a0G\u00f6r\u00fc\u015fmeler g\u00fcndeminde, ikili ili\u015fkiler ve Artsakh (Da\u011fl\u0131k Karaba\u011f) \u00e7at\u0131\u015fmas\u0131 var. &nbsp; &nbsp; &nbsp; Hat\u0131rlanaca\u011f\u0131 \u00fczere, [&hellip;]","og_url":"https:\/\/akunq.net\/tr\/?p=63242","og_site_name":"Bati Ermenistan Ve Bati Ermenileri Sorunlari Ara\u015ftirmalar Merkezi","article_published_time":"2021-06-11T06:16:38+00:00","og_image":[{"width":1600,"height":1066,"url":"https:\/\/akunq.net\/tr\/wp-content\/uploads\/sites\/6\/2021\/06\/\u057c\u056b\u0584\u0565\u0580.jpg","type":"image\/jpeg"}],"author":"admin","twitter_card":"summary_large_image","twitter_misc":{"Written by":"admin","Est. reading time":"1 minute"},"schema":{"@context":"https:\/\/schema.org","@graph":[{"@type":"Article","@id":"https:\/\/akunq.net\/tr\/?p=63242#article","isPartOf":{"@id":"https:\/\/akunq.net\/tr\/?p=63242"},"author":{"name":"admin","@id":"https:\/\/akunq.net\/tr\/#\/schema\/person\/096f1d38a12cce57fb855b485ed24c9e"},"headline":"ABD D\u0131\u015fi\u015fleri Bakanl\u0131\u011f\u0131&#8217;n\u0131n temsilcisi Ermeni Soyk\u0131r\u0131m\u0131 An\u0131t Kompleksi&#8217;ni ziyaret etti","datePublished":"2021-06-11T06:16:38+00:00","mainEntityOfPage":{"@id":"https:\/\/akunq.net\/tr\/?p=63242"},"wordCount":127,"commentCount":0,"image":{"@id":"https:\/\/akunq.net\/tr\/?p=63242#primaryimage"},"thumbnailUrl":"https:\/\/akunq.net\/tr\/wp-content\/uploads\/sites\/6\/2021\/06\/\u057c\u056b\u0584\u0565\u0580.jpg","articleSection":["Ermeni Soyk\u0131r\u0131m\u0131","Haberler"],"inLanguage":"en-US","potentialAction":[{"@type":"CommentAction","name":"Comment","target":["https:\/\/akunq.net\/tr\/?p=63242#respond"]}]},{"@type":"WebPage","@id":"https:\/\/akunq.net\/tr\/?p=63242","url":"https:\/\/akunq.net\/tr\/?p=63242","name":"ABD D\u0131\u015fi\u015fleri Bakanl\u0131\u011f\u0131'n\u0131n temsilcisi Ermeni Soyk\u0131r\u0131m\u0131 An\u0131t Kompleksi'ni ziyaret etti - Bati Ermenistan Ve Bati Ermenileri Sorunlari Ara\u015ftirmalar Merkezi","isPartOf":{"@id":"https:\/\/akunq.net\/tr\/#website"},"primaryImageOfPage":{"@id":"https:\/\/akunq.net\/tr\/?p=63242#primaryimage"},"image":{"@id":"https:\/\/akunq.net\/tr\/?p=63242#primaryimage"},"thumbnailUrl":"https:\/\/akunq.net\/tr\/wp-content\/uploads\/sites\/6\/2021\/06\/\u057c\u056b\u0584\u0565\u0580.jpg","datePublished":"2021-06-11T06:16:38+00:00","author":{"@id":"https:\/\/akunq.net\/tr\/#\/schema\/person\/096f1d38a12cce57fb855b485ed24c9e"},"breadcrumb":{"@id":"https:\/\/akunq.net\/tr\/?p=63242#breadcrumb"},"inLanguage":"en-US","potentialAction":[{"@type":"ReadAction","target":["https:\/\/akunq.net\/tr\/?p=63242"]}]},{"@type":"ImageObject","inLanguage":"en-US","@id":"https:\/\/akunq.net\/tr\/?p=63242#primaryimage","url":"https:\/\/akunq.net\/tr\/wp-content\/uploads\/sites\/6\/2021\/06\/\u057c\u056b\u0584\u0565\u0580.jpg","contentUrl":"https:\/\/akunq.net\/tr\/wp-content\/uploads\/sites\/6\/2021\/06\/\u057c\u056b\u0584\u0565\u0580.jpg","width":1600,"height":1066},{"@type":"BreadcrumbList","@id":"https:\/\/akunq.net\/tr\/?p=63242#breadcrumb","itemListElement":[{"@type":"ListItem","position":1,"name":"Home","item":"https:\/\/akunq.net\/tr"},{"@type":"ListItem","position":2,"name":"ABD D\u0131\u015fi\u015fleri Bakanl\u0131\u011f\u0131&#8217;n\u0131n temsilcisi Ermeni Soyk\u0131r\u0131m\u0131 An\u0131t Kompleksi&#8217;ni ziyaret etti"}]},{"@type":"WebSite","@id":"https:\/\/akunq.net\/tr\/#website","url":"https:\/\/akunq.net\/tr\/","name":"Bati Ermenistan Ve Bati Ermenileri Sorunlari Ara\u015ftirmalar Merkezi","description":"","potentialAction":[{"@type":"SearchAction","target":{"@type":"EntryPoint","urlTemplate":"https:\/\/akunq.net\/tr\/?s={search_term_string}"},"query-input":{"@type":"PropertyValueSpecification","valueRequired":true,"valueName":"search_term_string"}}],"inLanguage":"en-US"},{"@type":"Person","@id":"https:\/\/akunq.net\/tr\/#\/schema\/person\/096f1d38a12cce57fb855b485ed24c9e","name":"admin","url":"https:\/\/akunq.net\/tr\/?author=7"}]}},"_links":{"self":[{"href":"https:\/\/akunq.net\/tr\/index.php?rest_route=\/wp\/v2\/posts\/63242","targetHints":{"allow":["GET"]}}],"collection":[{"href":"https:\/\/akunq.net\/tr\/index.php?rest_route=\/wp\/v2\/posts"}],"about":[{"href":"https:\/\/akunq.net\/tr\/index.php?rest_route=\/wp\/v2\/types\/post"}],"author":[{"embeddable":true,"href":"https:\/\/akunq.net\/tr\/index.php?rest_route=\/wp\/v2\/users\/7"}],"replies":[{"embeddable":true,"href":"https:\/\/akunq.net\/tr\/index.php?rest_route=%2Fwp%2Fv2%2Fcomments&post=63242"}],"version-history":[{"count":1,"href":"https:\/\/akunq.net\/tr\/index.php?rest_route=\/wp\/v2\/posts\/63242\/revisions"}],"predecessor-version":[{"id":63244,"href":"https:\/\/akunq.net\/tr\/index.php?rest_route=\/wp\/v2\/posts\/63242\/revisions\/63244"}],"wp:featuredmedia":[{"embeddable":true,"href":"https:\/\/akunq.net\/tr\/index.php?rest_route=\/wp\/v2\/media\/63243"}],"wp:attachment":[{"href":"https:\/\/akunq.net\/tr\/index.php?rest_route=%2Fwp%2Fv2%2Fmedia&parent=63242"}],"wp:term":[{"taxonomy":"category","embeddable":true,"href":"https:\/\/akunq.net\/tr\/index.php?rest_route=%2Fwp%2Fv2%2Fcategories&post=63242"},{"taxonomy":"post_tag","embeddable":true,"href":"https:\/\/akunq.net\/tr\/index.php?rest_route=%2Fwp%2Fv2%2Ftags&post=63242"}],"curies":[{"name":"wp","href":"https:\/\/api.w.org\/{rel}","templated":true}]}}