{"id":63239,"date":"2021-06-10T11:04:24","date_gmt":"2021-06-10T16:04:24","guid":{"rendered":"https:\/\/akunq.net\/tr\/?p=63239"},"modified":"2021-06-10T11:04:24","modified_gmt":"2021-06-10T16:04:24","slug":"rumlarin-can-kulesinden-esinlenilmis-denilerek-yikilan-saat-kulesinin-yenisi-acildi","status":"publish","type":"post","link":"https:\/\/akunq.net\/tr\/?p=63239","title":{"rendered":"\u2018Rumlar\u0131n \u00e7an kulesinden esinlenilmi\u015f\u2019 denilerek y\u0131k\u0131lan saat kulesinin yenisi a\u00e7\u0131ld\u0131"},"content":{"rendered":"<p><img loading=\"lazy\" decoding=\"async\" class=\"size-medium wp-image-63240 alignleft\" src=\"https:\/\/akunq.net\/tr\/wp-content\/uploads\/2021\/06\/\u0563\u056b\u0580\u0565\u057d\u0578\u0582\u0576-360x191.jpg\" alt=\"\" width=\"360\" height=\"191\" srcset=\"https:\/\/akunq.net\/tr\/wp-content\/uploads\/sites\/6\/2021\/06\/\u0563\u056b\u0580\u0565\u057d\u0578\u0582\u0576-360x191.jpg 360w, https:\/\/akunq.net\/tr\/wp-content\/uploads\/sites\/6\/2021\/06\/\u0563\u056b\u0580\u0565\u057d\u0578\u0582\u0576-560x298.jpg 560w, https:\/\/akunq.net\/tr\/wp-content\/uploads\/sites\/6\/2021\/06\/\u0563\u056b\u0580\u0565\u057d\u0578\u0582\u0576-260x138.jpg 260w, https:\/\/akunq.net\/tr\/wp-content\/uploads\/sites\/6\/2021\/06\/\u0563\u056b\u0580\u0565\u057d\u0578\u0582\u0576-160x85.jpg 160w, https:\/\/akunq.net\/tr\/wp-content\/uploads\/sites\/6\/2021\/06\/\u0563\u056b\u0580\u0565\u057d\u0578\u0582\u0576.jpg 705w\" sizes=\"auto, (max-width: 360px) 100vw, 360px\" \/>Giresun Belediye Ba\u015fkan\u0131 Aytekin \u015eenliko\u011flu\u2019nun daha \u00f6nce \u201cRumlar\u0131n \u00e7an kulesinden esinlenilmi\u015f\u201d oldu\u011funu belirterek \u201c\u015eanl\u0131 tarihimizi asla temsil etmiyor\u201d dedi\u011fi saat kulesinin yerine yap\u0131lan 7 metre y\u00fcksekli\u011findeki \u00e7otanak ve Sel\u00e7uklu desenli yeni saat kulesi t\u00f6renle a\u00e7\u0131ld\u0131.<\/p>\n<p>Giresun Belediyesi taraf\u0131ndan Bulancak Dura\u011f\u0131 mevkiinde yap\u0131lan 7 metre y\u00fcksekli\u011findeki \u00e7otanak ve Sel\u00e7uklu desenli saat kulesi t\u00f6renle a\u00e7\u0131ld\u0131.<\/p>\n<p>D\u00fczenlenen t\u00f6rene Giresun Valisi Enver \u00dcnl\u00fc, AK Parti Giresun Milletvekili Kadir Ayd\u0131n, Belediye Ba\u015fkan\u0131 Aytekin \u015eenliko\u011flu, Belediye Meclis \u00fcyeleri ve vatanda\u015flar kat\u0131ld\u0131.<\/p>\n<p>\u2018T\u00fcrk tarihimizin izlerini ta\u015f\u0131yan saat hay\u0131rl\u0131 u\u011furlu olsun\u2019<\/p>\n<p>Saat kulelerinin \u015fehrin esteti\u011finde ve vizyonunda \u00f6nemli yer tuttu\u011funu belirten Belediye Ba\u015fkan\u0131 Aytekin \u015eenliko\u011flu, \u015funlar\u0131 s\u00f6yledi:<\/p>\n<p>\u201c\u015eehrimizin kimli\u011finde \u00e7ok \u00f6nemli bir yer tutan ve hayata ge\u00e7irdi\u011fimiz \u015fehir giri\u015fi ve meydan d\u00fczenlemesi kapsam\u0131nda saat kulemizin de a\u00e7\u0131l\u0131\u015f\u0131n\u0131 yap\u0131yoruz. Saat kulesi \u015fehrimize ve bu meydana g\u00fczel bir estetik kazand\u0131racakt\u0131r. T\u00fcrk tarihimizin izlerini ta\u015f\u0131yan ve vatanda\u015flar\u0131m\u0131z\u0131n da g\u00f6r\u00fc\u015f\u00fcn\u00fc alarak yapt\u0131\u011f\u0131m\u0131z saat kulemiz Giresun\u2019umuza hay\u0131rl\u0131 u\u011furlu olsun. Her \u015feyin en iyisine lay\u0131k olan Giresun\u2019umuza hizmet etmek i\u00e7in gece g\u00fcnd\u00fcz \u00e7al\u0131\u015fmaya devam edece\u011fiz. \u00c7al\u0131\u015fmalar\u0131m\u0131z vatanda\u015flar\u0131m\u0131z\u0131n daha iyi bir Giresun\u2019da ya\u015fayabilmesi i\u00e7indir. Pandemi sonras\u0131nda saat kulesiyle ba\u015flayan hizmet a\u00e7\u0131l\u0131\u015f t\u00f6renlerimiz bir\u00e7ok alanda devam edecektir.\u201d<\/p>\n<p>Yap\u0131lan konu\u015fman\u0131n ard\u0131ndan Sel\u00e7uklu y\u0131ld\u0131z\u0131 desenli, 3.24 metre kare taban alan\u0131 ve 7 metre y\u00fckseklik \u00f6l\u00e7\u00fclerine sahip olan saat kulesinin kurdelesi Vali Enver \u00dcnl\u00fc, Milletvekili Kadir Ayd\u0131n ve Belediye Ba\u015fkan\u0131 Aytekin \u015eenliko\u011flu taraf\u0131ndan \u00e7\u00f6z\u00fclerek a\u00e7\u0131l\u0131\u015f yap\u0131ld\u0131.<\/p>\n<p>Eski Belediye Ba\u015fkan\u0131 Kerim Aksu d\u00f6neminde in\u015fa edilen s\u00f6z konusu saat kulesinin tart\u0131\u015fmalara yol a\u00e7t\u0131\u011f\u0131n\u0131 ifade eden ba\u015fkan \u015eenliko\u011flu, \u201cRumlara ait eski \u00e7an kulesinden esinlenerek s\u00f6z\u00fcm ona saat kulesi ad\u0131 alt\u0131nda in\u015fa edilen kulenin y\u0131k\u0131lmas\u0131 i\u00e7in, gerek se\u00e7im \u00f6ncesi gerek g\u00f6reve geldikten sonra vatanda\u015flar\u0131m\u0131zdan \u00e7ok ciddi manada tepkiler ald\u0131k. Bu konuda hem\u015fehrilerimizin d\u00fc\u015f\u00fcncelerini dikkate al\u0131yoruz. \u00c7an kulesinin y\u0131k\u0131m\u0131yla yerine ilimize ve Giresunlumuza yak\u0131\u015f\u0131r d\u00fczenleme ve \u00e7al\u0131\u015fmay\u0131 en k\u0131sa zamanda yapaca\u011f\u0131z\u201d demi\u015fti.<\/p>\n<p><em><strong>tr.sputniknews.com<\/strong><\/em><\/p>\n","protected":false},"excerpt":{"rendered":"<p>Giresun Belediye Ba\u015fkan\u0131 Aytekin \u015eenliko\u011flu\u2019nun daha \u00f6nce \u201cRumlar\u0131n \u00e7an kulesinden esinlenilmi\u015f\u201d oldu\u011funu belirterek \u201c\u015eanl\u0131 tarihimizi asla temsil etmiyor\u201d dedi\u011fi saat kulesinin yerine yap\u0131lan 7 metre y\u00fcksekli\u011findeki \u00e7otanak ve Sel\u00e7uklu desenli yeni saat kulesi t\u00f6renle a\u00e7\u0131ld\u0131. Giresun Belediyesi taraf\u0131ndan Bulancak Dura\u011f\u0131 mevkiinde yap\u0131lan 7 metre y\u00fcksekli\u011findeki \u00e7otanak ve Sel\u00e7uklu desenli saat kulesi t\u00f6renle a\u00e7\u0131ld\u0131. D\u00fczenlenen t\u00f6rene [&hellip;]<\/p>\n","protected":false},"author":7,"featured_media":63240,"comment_status":"open","ping_status":"open","sticky":false,"template":"","format":"standard","meta":{"footnotes":""},"categories":[1,53],"tags":[],"class_list":["post-63239","post","type-post","status-publish","format-standard","has-post-thumbnail","hentry","category-haberler","category-turkiyede-azinliklar"],"yoast_head":"<!-- This site is optimized with the Yoast SEO plugin v27.4 - https:\/\/yoast.com\/product\/yoast-seo-wordpress\/ -->\n<title>\u2018Rumlar\u0131n \u00e7an kulesinden esinlenilmi\u015f\u2019 denilerek y\u0131k\u0131lan saat kulesinin yenisi a\u00e7\u0131ld\u0131 - Bati Ermenistan Ve Bati Ermenileri Sorunlari Ara\u015ftirmalar Merkezi<\/title>\n<meta name=\"robots\" content=\"index, follow, max-snippet:-1, max-image-preview:large, max-video-preview:-1\" \/>\n<link rel=\"canonical\" href=\"https:\/\/akunq.net\/tr\/?p=63239\" \/>\n<meta property=\"og:locale\" content=\"en_US\" \/>\n<meta property=\"og:type\" content=\"article\" \/>\n<meta property=\"og:title\" content=\"\u2018Rumlar\u0131n \u00e7an kulesinden esinlenilmi\u015f\u2019 denilerek y\u0131k\u0131lan saat kulesinin yenisi a\u00e7\u0131ld\u0131 - Bati Ermenistan Ve Bati Ermenileri Sorunlari Ara\u015ftirmalar Merkezi\" \/>\n<meta property=\"og:description\" content=\"Giresun Belediye Ba\u015fkan\u0131 Aytekin \u015eenliko\u011flu\u2019nun daha \u00f6nce \u201cRumlar\u0131n \u00e7an kulesinden esinlenilmi\u015f\u201d oldu\u011funu belirterek \u201c\u015eanl\u0131 tarihimizi asla temsil etmiyor\u201d dedi\u011fi saat kulesinin yerine yap\u0131lan 7 metre y\u00fcksekli\u011findeki \u00e7otanak ve Sel\u00e7uklu desenli yeni saat kulesi t\u00f6renle a\u00e7\u0131ld\u0131. Giresun Belediyesi taraf\u0131ndan Bulancak Dura\u011f\u0131 mevkiinde yap\u0131lan 7 metre y\u00fcksekli\u011findeki \u00e7otanak ve Sel\u00e7uklu desenli saat kulesi t\u00f6renle a\u00e7\u0131ld\u0131. D\u00fczenlenen t\u00f6rene [&hellip;]\" \/>\n<meta property=\"og:url\" content=\"https:\/\/akunq.net\/tr\/?p=63239\" \/>\n<meta property=\"og:site_name\" content=\"Bati Ermenistan Ve Bati Ermenileri Sorunlari Ara\u015ftirmalar Merkezi\" \/>\n<meta property=\"article:published_time\" content=\"2021-06-10T16:04:24+00:00\" \/>\n<meta property=\"og:image\" content=\"https:\/\/akunq.net\/tr\/wp-content\/uploads\/sites\/6\/2021\/06\/\u0563\u056b\u0580\u0565\u057d\u0578\u0582\u0576.jpg\" \/>\n\t<meta property=\"og:image:width\" content=\"705\" \/>\n\t<meta property=\"og:image:height\" content=\"375\" \/>\n\t<meta property=\"og:image:type\" content=\"image\/jpeg\" \/>\n<meta name=\"author\" content=\"admin\" \/>\n<meta name=\"twitter:card\" content=\"summary_large_image\" \/>\n<meta name=\"twitter:label1\" content=\"Written by\" \/>\n\t<meta name=\"twitter:data1\" content=\"admin\" \/>\n\t<meta name=\"twitter:label2\" content=\"Est. reading time\" \/>\n\t<meta name=\"twitter:data2\" content=\"2 minutes\" \/>\n<script type=\"application\/ld+json\" class=\"yoast-schema-graph\">{\"@context\":\"https:\\\/\\\/schema.org\",\"@graph\":[{\"@type\":\"Article\",\"@id\":\"https:\\\/\\\/akunq.net\\\/tr\\\/?p=63239#article\",\"isPartOf\":{\"@id\":\"https:\\\/\\\/akunq.net\\\/tr\\\/?p=63239\"},\"author\":{\"name\":\"admin\",\"@id\":\"https:\\\/\\\/akunq.net\\\/tr\\\/#\\\/schema\\\/person\\\/096f1d38a12cce57fb855b485ed24c9e\"},\"headline\":\"\u2018Rumlar\u0131n \u00e7an kulesinden esinlenilmi\u015f\u2019 denilerek y\u0131k\u0131lan saat kulesinin yenisi a\u00e7\u0131ld\u0131\",\"datePublished\":\"2021-06-10T16:04:24+00:00\",\"mainEntityOfPage\":{\"@id\":\"https:\\\/\\\/akunq.net\\\/tr\\\/?p=63239\"},\"wordCount\":433,\"commentCount\":0,\"image\":{\"@id\":\"https:\\\/\\\/akunq.net\\\/tr\\\/?p=63239#primaryimage\"},\"thumbnailUrl\":\"https:\\\/\\\/akunq.net\\\/tr\\\/wp-content\\\/uploads\\\/sites\\\/6\\\/2021\\\/06\\\/\u0563\u056b\u0580\u0565\u057d\u0578\u0582\u0576.jpg\",\"articleSection\":[\"Haberler\",\"T\u00fcrkiye\u2019de Az\u0131nl\u0131klar\"],\"inLanguage\":\"en-US\",\"potentialAction\":[{\"@type\":\"CommentAction\",\"name\":\"Comment\",\"target\":[\"https:\\\/\\\/akunq.net\\\/tr\\\/?p=63239#respond\"]}]},{\"@type\":\"WebPage\",\"@id\":\"https:\\\/\\\/akunq.net\\\/tr\\\/?p=63239\",\"url\":\"https:\\\/\\\/akunq.net\\\/tr\\\/?p=63239\",\"name\":\"\u2018Rumlar\u0131n \u00e7an kulesinden esinlenilmi\u015f\u2019 denilerek y\u0131k\u0131lan saat kulesinin yenisi a\u00e7\u0131ld\u0131 - Bati Ermenistan Ve Bati Ermenileri Sorunlari Ara\u015ftirmalar Merkezi\",\"isPartOf\":{\"@id\":\"https:\\\/\\\/akunq.net\\\/tr\\\/#website\"},\"primaryImageOfPage\":{\"@id\":\"https:\\\/\\\/akunq.net\\\/tr\\\/?p=63239#primaryimage\"},\"image\":{\"@id\":\"https:\\\/\\\/akunq.net\\\/tr\\\/?p=63239#primaryimage\"},\"thumbnailUrl\":\"https:\\\/\\\/akunq.net\\\/tr\\\/wp-content\\\/uploads\\\/sites\\\/6\\\/2021\\\/06\\\/\u0563\u056b\u0580\u0565\u057d\u0578\u0582\u0576.jpg\",\"datePublished\":\"2021-06-10T16:04:24+00:00\",\"author\":{\"@id\":\"https:\\\/\\\/akunq.net\\\/tr\\\/#\\\/schema\\\/person\\\/096f1d38a12cce57fb855b485ed24c9e\"},\"breadcrumb\":{\"@id\":\"https:\\\/\\\/akunq.net\\\/tr\\\/?p=63239#breadcrumb\"},\"inLanguage\":\"en-US\",\"potentialAction\":[{\"@type\":\"ReadAction\",\"target\":[\"https:\\\/\\\/akunq.net\\\/tr\\\/?p=63239\"]}]},{\"@type\":\"ImageObject\",\"inLanguage\":\"en-US\",\"@id\":\"https:\\\/\\\/akunq.net\\\/tr\\\/?p=63239#primaryimage\",\"url\":\"https:\\\/\\\/akunq.net\\\/tr\\\/wp-content\\\/uploads\\\/sites\\\/6\\\/2021\\\/06\\\/\u0563\u056b\u0580\u0565\u057d\u0578\u0582\u0576.jpg\",\"contentUrl\":\"https:\\\/\\\/akunq.net\\\/tr\\\/wp-content\\\/uploads\\\/sites\\\/6\\\/2021\\\/06\\\/\u0563\u056b\u0580\u0565\u057d\u0578\u0582\u0576.jpg\",\"width\":705,\"height\":375},{\"@type\":\"BreadcrumbList\",\"@id\":\"https:\\\/\\\/akunq.net\\\/tr\\\/?p=63239#breadcrumb\",\"itemListElement\":[{\"@type\":\"ListItem\",\"position\":1,\"name\":\"Home\",\"item\":\"https:\\\/\\\/akunq.net\\\/tr\"},{\"@type\":\"ListItem\",\"position\":2,\"name\":\"\u2018Rumlar\u0131n \u00e7an kulesinden esinlenilmi\u015f\u2019 denilerek y\u0131k\u0131lan saat kulesinin yenisi a\u00e7\u0131ld\u0131\"}]},{\"@type\":\"WebSite\",\"@id\":\"https:\\\/\\\/akunq.net\\\/tr\\\/#website\",\"url\":\"https:\\\/\\\/akunq.net\\\/tr\\\/\",\"name\":\"Bati Ermenistan Ve Bati Ermenileri Sorunlari Ara\u015ftirmalar Merkezi\",\"description\":\"\",\"potentialAction\":[{\"@type\":\"SearchAction\",\"target\":{\"@type\":\"EntryPoint\",\"urlTemplate\":\"https:\\\/\\\/akunq.net\\\/tr\\\/?s={search_term_string}\"},\"query-input\":{\"@type\":\"PropertyValueSpecification\",\"valueRequired\":true,\"valueName\":\"search_term_string\"}}],\"inLanguage\":\"en-US\"},{\"@type\":\"Person\",\"@id\":\"https:\\\/\\\/akunq.net\\\/tr\\\/#\\\/schema\\\/person\\\/096f1d38a12cce57fb855b485ed24c9e\",\"name\":\"admin\",\"url\":\"https:\\\/\\\/akunq.net\\\/tr\\\/?author=7\"}]}<\/script>\n<!-- \/ Yoast SEO plugin. -->","yoast_head_json":{"title":"\u2018Rumlar\u0131n \u00e7an kulesinden esinlenilmi\u015f\u2019 denilerek y\u0131k\u0131lan saat kulesinin yenisi a\u00e7\u0131ld\u0131 - Bati Ermenistan Ve Bati Ermenileri Sorunlari Ara\u015ftirmalar Merkezi","robots":{"index":"index","follow":"follow","max-snippet":"max-snippet:-1","max-image-preview":"max-image-preview:large","max-video-preview":"max-video-preview:-1"},"canonical":"https:\/\/akunq.net\/tr\/?p=63239","og_locale":"en_US","og_type":"article","og_title":"\u2018Rumlar\u0131n \u00e7an kulesinden esinlenilmi\u015f\u2019 denilerek y\u0131k\u0131lan saat kulesinin yenisi a\u00e7\u0131ld\u0131 - Bati Ermenistan Ve Bati Ermenileri Sorunlari Ara\u015ftirmalar Merkezi","og_description":"Giresun Belediye Ba\u015fkan\u0131 Aytekin \u015eenliko\u011flu\u2019nun daha \u00f6nce \u201cRumlar\u0131n \u00e7an kulesinden esinlenilmi\u015f\u201d oldu\u011funu belirterek \u201c\u015eanl\u0131 tarihimizi asla temsil etmiyor\u201d dedi\u011fi saat kulesinin yerine yap\u0131lan 7 metre y\u00fcksekli\u011findeki \u00e7otanak ve Sel\u00e7uklu desenli yeni saat kulesi t\u00f6renle a\u00e7\u0131ld\u0131. Giresun Belediyesi taraf\u0131ndan Bulancak Dura\u011f\u0131 mevkiinde yap\u0131lan 7 metre y\u00fcksekli\u011findeki \u00e7otanak ve Sel\u00e7uklu desenli saat kulesi t\u00f6renle a\u00e7\u0131ld\u0131. D\u00fczenlenen t\u00f6rene [&hellip;]","og_url":"https:\/\/akunq.net\/tr\/?p=63239","og_site_name":"Bati Ermenistan Ve Bati Ermenileri Sorunlari Ara\u015ftirmalar Merkezi","article_published_time":"2021-06-10T16:04:24+00:00","og_image":[{"width":705,"height":375,"url":"https:\/\/akunq.net\/tr\/wp-content\/uploads\/sites\/6\/2021\/06\/\u0563\u056b\u0580\u0565\u057d\u0578\u0582\u0576.jpg","type":"image\/jpeg"}],"author":"admin","twitter_card":"summary_large_image","twitter_misc":{"Written by":"admin","Est. reading time":"2 minutes"},"schema":{"@context":"https:\/\/schema.org","@graph":[{"@type":"Article","@id":"https:\/\/akunq.net\/tr\/?p=63239#article","isPartOf":{"@id":"https:\/\/akunq.net\/tr\/?p=63239"},"author":{"name":"admin","@id":"https:\/\/akunq.net\/tr\/#\/schema\/person\/096f1d38a12cce57fb855b485ed24c9e"},"headline":"\u2018Rumlar\u0131n \u00e7an kulesinden esinlenilmi\u015f\u2019 denilerek y\u0131k\u0131lan saat kulesinin yenisi a\u00e7\u0131ld\u0131","datePublished":"2021-06-10T16:04:24+00:00","mainEntityOfPage":{"@id":"https:\/\/akunq.net\/tr\/?p=63239"},"wordCount":433,"commentCount":0,"image":{"@id":"https:\/\/akunq.net\/tr\/?p=63239#primaryimage"},"thumbnailUrl":"https:\/\/akunq.net\/tr\/wp-content\/uploads\/sites\/6\/2021\/06\/\u0563\u056b\u0580\u0565\u057d\u0578\u0582\u0576.jpg","articleSection":["Haberler","T\u00fcrkiye\u2019de Az\u0131nl\u0131klar"],"inLanguage":"en-US","potentialAction":[{"@type":"CommentAction","name":"Comment","target":["https:\/\/akunq.net\/tr\/?p=63239#respond"]}]},{"@type":"WebPage","@id":"https:\/\/akunq.net\/tr\/?p=63239","url":"https:\/\/akunq.net\/tr\/?p=63239","name":"\u2018Rumlar\u0131n \u00e7an kulesinden esinlenilmi\u015f\u2019 denilerek y\u0131k\u0131lan saat kulesinin yenisi a\u00e7\u0131ld\u0131 - Bati Ermenistan Ve Bati Ermenileri Sorunlari Ara\u015ftirmalar Merkezi","isPartOf":{"@id":"https:\/\/akunq.net\/tr\/#website"},"primaryImageOfPage":{"@id":"https:\/\/akunq.net\/tr\/?p=63239#primaryimage"},"image":{"@id":"https:\/\/akunq.net\/tr\/?p=63239#primaryimage"},"thumbnailUrl":"https:\/\/akunq.net\/tr\/wp-content\/uploads\/sites\/6\/2021\/06\/\u0563\u056b\u0580\u0565\u057d\u0578\u0582\u0576.jpg","datePublished":"2021-06-10T16:04:24+00:00","author":{"@id":"https:\/\/akunq.net\/tr\/#\/schema\/person\/096f1d38a12cce57fb855b485ed24c9e"},"breadcrumb":{"@id":"https:\/\/akunq.net\/tr\/?p=63239#breadcrumb"},"inLanguage":"en-US","potentialAction":[{"@type":"ReadAction","target":["https:\/\/akunq.net\/tr\/?p=63239"]}]},{"@type":"ImageObject","inLanguage":"en-US","@id":"https:\/\/akunq.net\/tr\/?p=63239#primaryimage","url":"https:\/\/akunq.net\/tr\/wp-content\/uploads\/sites\/6\/2021\/06\/\u0563\u056b\u0580\u0565\u057d\u0578\u0582\u0576.jpg","contentUrl":"https:\/\/akunq.net\/tr\/wp-content\/uploads\/sites\/6\/2021\/06\/\u0563\u056b\u0580\u0565\u057d\u0578\u0582\u0576.jpg","width":705,"height":375},{"@type":"BreadcrumbList","@id":"https:\/\/akunq.net\/tr\/?p=63239#breadcrumb","itemListElement":[{"@type":"ListItem","position":1,"name":"Home","item":"https:\/\/akunq.net\/tr"},{"@type":"ListItem","position":2,"name":"\u2018Rumlar\u0131n \u00e7an kulesinden esinlenilmi\u015f\u2019 denilerek y\u0131k\u0131lan saat kulesinin yenisi a\u00e7\u0131ld\u0131"}]},{"@type":"WebSite","@id":"https:\/\/akunq.net\/tr\/#website","url":"https:\/\/akunq.net\/tr\/","name":"Bati Ermenistan Ve Bati Ermenileri Sorunlari Ara\u015ftirmalar Merkezi","description":"","potentialAction":[{"@type":"SearchAction","target":{"@type":"EntryPoint","urlTemplate":"https:\/\/akunq.net\/tr\/?s={search_term_string}"},"query-input":{"@type":"PropertyValueSpecification","valueRequired":true,"valueName":"search_term_string"}}],"inLanguage":"en-US"},{"@type":"Person","@id":"https:\/\/akunq.net\/tr\/#\/schema\/person\/096f1d38a12cce57fb855b485ed24c9e","name":"admin","url":"https:\/\/akunq.net\/tr\/?author=7"}]}},"_links":{"self":[{"href":"https:\/\/akunq.net\/tr\/index.php?rest_route=\/wp\/v2\/posts\/63239","targetHints":{"allow":["GET"]}}],"collection":[{"href":"https:\/\/akunq.net\/tr\/index.php?rest_route=\/wp\/v2\/posts"}],"about":[{"href":"https:\/\/akunq.net\/tr\/index.php?rest_route=\/wp\/v2\/types\/post"}],"author":[{"embeddable":true,"href":"https:\/\/akunq.net\/tr\/index.php?rest_route=\/wp\/v2\/users\/7"}],"replies":[{"embeddable":true,"href":"https:\/\/akunq.net\/tr\/index.php?rest_route=%2Fwp%2Fv2%2Fcomments&post=63239"}],"version-history":[{"count":1,"href":"https:\/\/akunq.net\/tr\/index.php?rest_route=\/wp\/v2\/posts\/63239\/revisions"}],"predecessor-version":[{"id":63241,"href":"https:\/\/akunq.net\/tr\/index.php?rest_route=\/wp\/v2\/posts\/63239\/revisions\/63241"}],"wp:featuredmedia":[{"embeddable":true,"href":"https:\/\/akunq.net\/tr\/index.php?rest_route=\/wp\/v2\/media\/63240"}],"wp:attachment":[{"href":"https:\/\/akunq.net\/tr\/index.php?rest_route=%2Fwp%2Fv2%2Fmedia&parent=63239"}],"wp:term":[{"taxonomy":"category","embeddable":true,"href":"https:\/\/akunq.net\/tr\/index.php?rest_route=%2Fwp%2Fv2%2Fcategories&post=63239"},{"taxonomy":"post_tag","embeddable":true,"href":"https:\/\/akunq.net\/tr\/index.php?rest_route=%2Fwp%2Fv2%2Ftags&post=63239"}],"curies":[{"name":"wp","href":"https:\/\/api.w.org\/{rel}","templated":true}]}}