{"id":63231,"date":"2021-06-10T03:05:31","date_gmt":"2021-06-10T08:05:31","guid":{"rendered":"https:\/\/akunq.net\/tr\/?p=63231"},"modified":"2021-06-10T03:05:31","modified_gmt":"2021-06-10T08:05:31","slug":"beyaz-saray-erdogan-biden-gorusmesi-yuz-yuze-diplomasi-icin-bir-firsat","status":"publish","type":"post","link":"https:\/\/akunq.net\/tr\/?p=63231","title":{"rendered":"Beyaz Saray: Erdo\u011fan-Biden g\u00f6r\u00fc\u015fmesi y\u00fcz y\u00fcze diplomasi i\u00e7in bir f\u0131rsat"},"content":{"rendered":"<h2 style=\"text-align: justify;\"><span style=\"font-size: 11.0pt; font-family: 'Sylfaen','serif';\"><img loading=\"lazy\" decoding=\"async\" class=\"size-medium wp-image-63166 alignleft\" src=\"https:\/\/akunq.net\/tr\/wp-content\/uploads\/2021\/06\/bayden-e1622792135145-360x249.jpg\" alt=\"\" width=\"360\" height=\"249\" srcset=\"https:\/\/akunq.net\/tr\/wp-content\/uploads\/sites\/6\/2021\/06\/bayden-e1622792135145-360x249.jpg 360w, https:\/\/akunq.net\/tr\/wp-content\/uploads\/sites\/6\/2021\/06\/bayden-e1622792135145-260x180.jpg 260w, https:\/\/akunq.net\/tr\/wp-content\/uploads\/sites\/6\/2021\/06\/bayden-e1622792135145-160x110.jpg 160w, https:\/\/akunq.net\/tr\/wp-content\/uploads\/sites\/6\/2021\/06\/bayden-e1622792135145.jpg 559w\" sizes=\"auto, (max-width: 360px) 100vw, 360px\" \/>Beyaz Saray S\u00f6zc\u00fcs\u00fc Jen Psaki, ABD Ba\u015fkan\u0131 Joe Biden&#8217;\u0131n ilk yurt d\u0131\u015f\u0131 ziyaret program\u0131nda Cumhurba\u015fkan\u0131 Tayyip Erdo\u011fan ile 14 Haziran&#8217;daki g\u00f6r\u00fc\u015fmesinin\u00a0&#8220;y\u00fcz y\u00fcze diplomasi i\u00e7in bir f\u0131rsat&#8221; olaca\u011f\u0131n\u0131 s\u00f6yledi.<\/span><\/h2>\n<p style=\"text-align: justify;\"><span style=\"font-size: 11.0pt; font-family: 'Sylfaen','serif';\">Psaki, ABD Ba\u015fkan\u0131 Biden&#8217;\u0131n Washington&#8217;dan \u0130ngiltere&#8217;ye seyahat etti\u011fi s\u0131rada u\u00e7aktaki gazetecilerin sorular\u0131n\u0131 yan\u0131tlad\u0131.<\/span><\/p>\n<p style=\"text-align: justify;\"><span style=\"font-size: 11.0pt; font-family: 'Sylfaen','serif';\">Erdo\u011fan ve Biden&#8217;\u0131n 14 Haziran&#8217;da Br\u00fcksel&#8217;de yapacaklar\u0131 ikili g\u00f6r\u00fc\u015fmeden beklentilerinin ne oldu\u011funun sorulmas\u0131 \u00fczerine Psaki, &#8220;Bu ili\u015fki, yap\u0131c\u0131 bir \u015fekilde birlikte \u00e7al\u0131\u015fmaya devam edilmesi gerekti\u011fini hissetti\u011fimiz alanlar\u0131n ve f\u0131rsatlar\u0131n oldu\u011fu, ayn\u0131 zamanda ciddi anla\u015fmazl\u0131klar ya\u015fad\u0131\u011f\u0131m\u0131z alanlar\u0131n da oldu\u011fu bir NATO orta\u011f\u0131yla olan ili\u015fki. Bu, Ba\u015fkan Biden&#8217;\u0131n, ilk yurt d\u0131\u015f\u0131 ziyaretinde ikili g\u00f6r\u00fc\u015fmeyi \u00f6ncelik edinmenin \u00f6nemli oldu\u011funu hissetti\u011fi y\u00fcz y\u00fcze diplomasiye sahip olmak i\u00e7in bir f\u0131rsat&#8221; ifadesini kulland\u0131.<\/span><\/p>\n<p style=\"text-align: justify;\"><span style=\"font-size: 11.0pt; font-family: 'Sylfaen','serif';\">Psaki, s\u00f6z konusu g\u00f6r\u00fc\u015fmede masada hangi konular\u0131n olaca\u011f\u0131 sorusuna ise &#8220;K\u00fcresel toplumu etkileyen b\u00f6lgesel g\u00fcvenlik konular\u0131n\u0131 g\u00f6r\u00fc\u015feceklerine eminim, ayn\u0131 \u015fekilde Kovid-19 ve ekonomi de konular dahilinde olacakt\u0131r. G\u00f6r\u00fc\u015fme zaman\u0131 yakla\u015ft\u0131k\u00e7a elimizde daha \u00e7ok detay olacakt\u0131r&#8221; yan\u0131t\u0131n\u0131 verdi.<\/span><\/p>\n<h3 style=\"text-align: justify;\"><span style=\"font-family: 'Sylfaen','serif';\">B\u0130DEN&#8217;IN 1 HAFTALIK AVRUPA Z\u0130YARET\u0130 TAKV\u0130M\u0130<\/span><\/h3>\n<p style=\"text-align: justify;\"><span style=\"font-size: 11.0pt; font-family: 'Sylfaen','serif';\">Biden&#8217;\u0131n bug\u00fcn ba\u015flayan turunda ilk dura\u011f\u0131 \u0130ngiltere olacak. Biden, burada Ba\u015fbakan Boris Johnson ve \u0130ngiltere Krali\u00e7esi 2. Elizabeth ile g\u00f6r\u00fc\u015fecek ve 11-13 Haziran tarihleri aras\u0131nda G7 Zirvesi&#8217;ne kat\u0131lacak.<\/span><\/p>\n<p style=\"text-align: justify;\"><span style=\"font-size: 11.0pt; font-family: 'Sylfaen','serif';\">Biden, \u0130ngiltere&#8217;nin ard\u0131ndan 13 Haziran g\u00fcn\u00fc Bel\u00e7ika&#8217;n\u0131n ba\u015fkenti Br\u00fcksel&#8217;e ge\u00e7ecek. 14 Haziran&#8217;da ger\u00e7ekle\u015ftirilecek NATO Zirvesi&#8217;ne kat\u0131lacak olan Biden, burada Cumhurba\u015fkan\u0131 Recep Tayyip Erdo\u011fan ile ba\u015fkan olarak ilk y\u00fcz y\u00fcze g\u00f6r\u00fc\u015fmesini ger\u00e7ekle\u015ftirecek. G\u00f6r\u00fc\u015fmede ikili ili\u015fkilerin kapsaml\u0131 \u015fekilde ele al\u0131nmas\u0131 bekleniyor.<\/span><\/p>\n<p style=\"text-align: justify;\"><span style=\"font-size: 11.0pt; font-family: 'Sylfaen','serif';\">Biden, 15 Haziran&#8217;da Br\u00fcksel&#8217;deki ABD-AB Zirvesi&#8217;ne kat\u0131lacak ve ard\u0131ndan 16 Haziran&#8217;da \u0130svi\u00e7re&#8217;nin Cenevre kentinde Rusya Devlet Ba\u015fkan\u0131 Vladimir Putin ile bir araya gelecek.\u00a0<strong><span style=\"font-family: 'Sylfaen','serif';\">(Washington\/AA).<\/span><\/strong><\/span><\/p>\n<p><em><strong>evrensel.net<\/strong><\/em><\/p>\n","protected":false},"excerpt":{"rendered":"<p>Beyaz Saray S\u00f6zc\u00fcs\u00fc Jen Psaki, ABD Ba\u015fkan\u0131 Joe Biden&#8217;\u0131n ilk yurt d\u0131\u015f\u0131 ziyaret program\u0131nda Cumhurba\u015fkan\u0131 Tayyip Erdo\u011fan ile 14 Haziran&#8217;daki g\u00f6r\u00fc\u015fmesinin\u00a0&#8220;y\u00fcz y\u00fcze diplomasi i\u00e7in bir f\u0131rsat&#8221; olaca\u011f\u0131n\u0131 s\u00f6yledi. Psaki, ABD Ba\u015fkan\u0131 Biden&#8217;\u0131n Washington&#8217;dan \u0130ngiltere&#8217;ye seyahat etti\u011fi s\u0131rada u\u00e7aktaki gazetecilerin sorular\u0131n\u0131 yan\u0131tlad\u0131. Erdo\u011fan ve Biden&#8217;\u0131n 14 Haziran&#8217;da Br\u00fcksel&#8217;de yapacaklar\u0131 ikili g\u00f6r\u00fc\u015fmeden beklentilerinin ne oldu\u011funun sorulmas\u0131 \u00fczerine [&hellip;]<\/p>\n","protected":false},"author":7,"featured_media":63166,"comment_status":"open","ping_status":"open","sticky":false,"template":"","format":"standard","meta":{"footnotes":""},"categories":[1],"tags":[],"class_list":["post-63231","post","type-post","status-publish","format-standard","has-post-thumbnail","hentry","category-haberler"],"yoast_head":"<!-- This site is optimized with the Yoast SEO plugin v27.4 - https:\/\/yoast.com\/product\/yoast-seo-wordpress\/ -->\n<title>Beyaz Saray: Erdo\u011fan-Biden g\u00f6r\u00fc\u015fmesi y\u00fcz y\u00fcze diplomasi i\u00e7in bir f\u0131rsat - Bati Ermenistan Ve Bati Ermenileri Sorunlari Ara\u015ftirmalar Merkezi<\/title>\n<meta name=\"robots\" content=\"index, follow, max-snippet:-1, max-image-preview:large, max-video-preview:-1\" \/>\n<link rel=\"canonical\" href=\"https:\/\/akunq.net\/tr\/?p=63231\" \/>\n<meta property=\"og:locale\" content=\"en_US\" \/>\n<meta property=\"og:type\" content=\"article\" \/>\n<meta property=\"og:title\" content=\"Beyaz Saray: Erdo\u011fan-Biden g\u00f6r\u00fc\u015fmesi y\u00fcz y\u00fcze diplomasi i\u00e7in bir f\u0131rsat - Bati Ermenistan Ve Bati Ermenileri Sorunlari Ara\u015ftirmalar Merkezi\" \/>\n<meta property=\"og:description\" content=\"Beyaz Saray S\u00f6zc\u00fcs\u00fc Jen Psaki, ABD Ba\u015fkan\u0131 Joe Biden&#8217;\u0131n ilk yurt d\u0131\u015f\u0131 ziyaret program\u0131nda Cumhurba\u015fkan\u0131 Tayyip Erdo\u011fan ile 14 Haziran&#8217;daki g\u00f6r\u00fc\u015fmesinin\u00a0&#8220;y\u00fcz y\u00fcze diplomasi i\u00e7in bir f\u0131rsat&#8221; olaca\u011f\u0131n\u0131 s\u00f6yledi. Psaki, ABD Ba\u015fkan\u0131 Biden&#8217;\u0131n Washington&#8217;dan \u0130ngiltere&#8217;ye seyahat etti\u011fi s\u0131rada u\u00e7aktaki gazetecilerin sorular\u0131n\u0131 yan\u0131tlad\u0131. Erdo\u011fan ve Biden&#8217;\u0131n 14 Haziran&#8217;da Br\u00fcksel&#8217;de yapacaklar\u0131 ikili g\u00f6r\u00fc\u015fmeden beklentilerinin ne oldu\u011funun sorulmas\u0131 \u00fczerine [&hellip;]\" \/>\n<meta property=\"og:url\" content=\"https:\/\/akunq.net\/tr\/?p=63231\" \/>\n<meta property=\"og:site_name\" content=\"Bati Ermenistan Ve Bati Ermenileri Sorunlari Ara\u015ftirmalar Merkezi\" \/>\n<meta property=\"article:published_time\" content=\"2021-06-10T08:05:31+00:00\" \/>\n<meta property=\"og:image\" content=\"https:\/\/akunq.net\/tr\/wp-content\/uploads\/sites\/6\/2021\/06\/bayden-e1622792135145.jpg\" \/>\n\t<meta property=\"og:image:width\" content=\"559\" \/>\n\t<meta property=\"og:image:height\" content=\"386\" \/>\n\t<meta property=\"og:image:type\" content=\"image\/jpeg\" \/>\n<meta name=\"author\" content=\"admin\" \/>\n<meta name=\"twitter:card\" content=\"summary_large_image\" \/>\n<meta name=\"twitter:label1\" content=\"Written by\" \/>\n\t<meta name=\"twitter:data1\" content=\"admin\" \/>\n\t<meta name=\"twitter:label2\" content=\"Est. reading time\" \/>\n\t<meta name=\"twitter:data2\" content=\"2 minutes\" \/>\n<script type=\"application\/ld+json\" class=\"yoast-schema-graph\">{\"@context\":\"https:\\\/\\\/schema.org\",\"@graph\":[{\"@type\":\"Article\",\"@id\":\"https:\\\/\\\/akunq.net\\\/tr\\\/?p=63231#article\",\"isPartOf\":{\"@id\":\"https:\\\/\\\/akunq.net\\\/tr\\\/?p=63231\"},\"author\":{\"name\":\"admin\",\"@id\":\"https:\\\/\\\/akunq.net\\\/tr\\\/#\\\/schema\\\/person\\\/096f1d38a12cce57fb855b485ed24c9e\"},\"headline\":\"Beyaz Saray: Erdo\u011fan-Biden g\u00f6r\u00fc\u015fmesi y\u00fcz y\u00fcze diplomasi i\u00e7in bir f\u0131rsat\",\"datePublished\":\"2021-06-10T08:05:31+00:00\",\"mainEntityOfPage\":{\"@id\":\"https:\\\/\\\/akunq.net\\\/tr\\\/?p=63231\"},\"wordCount\":370,\"commentCount\":0,\"image\":{\"@id\":\"https:\\\/\\\/akunq.net\\\/tr\\\/?p=63231#primaryimage\"},\"thumbnailUrl\":\"https:\\\/\\\/akunq.net\\\/tr\\\/wp-content\\\/uploads\\\/sites\\\/6\\\/2021\\\/06\\\/bayden-e1622792135145.jpg\",\"articleSection\":[\"Haberler\"],\"inLanguage\":\"en-US\",\"potentialAction\":[{\"@type\":\"CommentAction\",\"name\":\"Comment\",\"target\":[\"https:\\\/\\\/akunq.net\\\/tr\\\/?p=63231#respond\"]}]},{\"@type\":\"WebPage\",\"@id\":\"https:\\\/\\\/akunq.net\\\/tr\\\/?p=63231\",\"url\":\"https:\\\/\\\/akunq.net\\\/tr\\\/?p=63231\",\"name\":\"Beyaz Saray: Erdo\u011fan-Biden g\u00f6r\u00fc\u015fmesi y\u00fcz y\u00fcze diplomasi i\u00e7in bir f\u0131rsat - Bati Ermenistan Ve Bati Ermenileri Sorunlari Ara\u015ftirmalar Merkezi\",\"isPartOf\":{\"@id\":\"https:\\\/\\\/akunq.net\\\/tr\\\/#website\"},\"primaryImageOfPage\":{\"@id\":\"https:\\\/\\\/akunq.net\\\/tr\\\/?p=63231#primaryimage\"},\"image\":{\"@id\":\"https:\\\/\\\/akunq.net\\\/tr\\\/?p=63231#primaryimage\"},\"thumbnailUrl\":\"https:\\\/\\\/akunq.net\\\/tr\\\/wp-content\\\/uploads\\\/sites\\\/6\\\/2021\\\/06\\\/bayden-e1622792135145.jpg\",\"datePublished\":\"2021-06-10T08:05:31+00:00\",\"author\":{\"@id\":\"https:\\\/\\\/akunq.net\\\/tr\\\/#\\\/schema\\\/person\\\/096f1d38a12cce57fb855b485ed24c9e\"},\"breadcrumb\":{\"@id\":\"https:\\\/\\\/akunq.net\\\/tr\\\/?p=63231#breadcrumb\"},\"inLanguage\":\"en-US\",\"potentialAction\":[{\"@type\":\"ReadAction\",\"target\":[\"https:\\\/\\\/akunq.net\\\/tr\\\/?p=63231\"]}]},{\"@type\":\"ImageObject\",\"inLanguage\":\"en-US\",\"@id\":\"https:\\\/\\\/akunq.net\\\/tr\\\/?p=63231#primaryimage\",\"url\":\"https:\\\/\\\/akunq.net\\\/tr\\\/wp-content\\\/uploads\\\/sites\\\/6\\\/2021\\\/06\\\/bayden-e1622792135145.jpg\",\"contentUrl\":\"https:\\\/\\\/akunq.net\\\/tr\\\/wp-content\\\/uploads\\\/sites\\\/6\\\/2021\\\/06\\\/bayden-e1622792135145.jpg\",\"width\":559,\"height\":386},{\"@type\":\"BreadcrumbList\",\"@id\":\"https:\\\/\\\/akunq.net\\\/tr\\\/?p=63231#breadcrumb\",\"itemListElement\":[{\"@type\":\"ListItem\",\"position\":1,\"name\":\"Home\",\"item\":\"https:\\\/\\\/akunq.net\\\/tr\"},{\"@type\":\"ListItem\",\"position\":2,\"name\":\"Beyaz Saray: Erdo\u011fan-Biden g\u00f6r\u00fc\u015fmesi y\u00fcz y\u00fcze diplomasi i\u00e7in bir f\u0131rsat\"}]},{\"@type\":\"WebSite\",\"@id\":\"https:\\\/\\\/akunq.net\\\/tr\\\/#website\",\"url\":\"https:\\\/\\\/akunq.net\\\/tr\\\/\",\"name\":\"Bati Ermenistan Ve Bati Ermenileri Sorunlari Ara\u015ftirmalar Merkezi\",\"description\":\"\",\"potentialAction\":[{\"@type\":\"SearchAction\",\"target\":{\"@type\":\"EntryPoint\",\"urlTemplate\":\"https:\\\/\\\/akunq.net\\\/tr\\\/?s={search_term_string}\"},\"query-input\":{\"@type\":\"PropertyValueSpecification\",\"valueRequired\":true,\"valueName\":\"search_term_string\"}}],\"inLanguage\":\"en-US\"},{\"@type\":\"Person\",\"@id\":\"https:\\\/\\\/akunq.net\\\/tr\\\/#\\\/schema\\\/person\\\/096f1d38a12cce57fb855b485ed24c9e\",\"name\":\"admin\",\"url\":\"https:\\\/\\\/akunq.net\\\/tr\\\/?author=7\"}]}<\/script>\n<!-- \/ Yoast SEO plugin. -->","yoast_head_json":{"title":"Beyaz Saray: Erdo\u011fan-Biden g\u00f6r\u00fc\u015fmesi y\u00fcz y\u00fcze diplomasi i\u00e7in bir f\u0131rsat - Bati Ermenistan Ve Bati Ermenileri Sorunlari Ara\u015ftirmalar Merkezi","robots":{"index":"index","follow":"follow","max-snippet":"max-snippet:-1","max-image-preview":"max-image-preview:large","max-video-preview":"max-video-preview:-1"},"canonical":"https:\/\/akunq.net\/tr\/?p=63231","og_locale":"en_US","og_type":"article","og_title":"Beyaz Saray: Erdo\u011fan-Biden g\u00f6r\u00fc\u015fmesi y\u00fcz y\u00fcze diplomasi i\u00e7in bir f\u0131rsat - Bati Ermenistan Ve Bati Ermenileri Sorunlari Ara\u015ftirmalar Merkezi","og_description":"Beyaz Saray S\u00f6zc\u00fcs\u00fc Jen Psaki, ABD Ba\u015fkan\u0131 Joe Biden&#8217;\u0131n ilk yurt d\u0131\u015f\u0131 ziyaret program\u0131nda Cumhurba\u015fkan\u0131 Tayyip Erdo\u011fan ile 14 Haziran&#8217;daki g\u00f6r\u00fc\u015fmesinin\u00a0&#8220;y\u00fcz y\u00fcze diplomasi i\u00e7in bir f\u0131rsat&#8221; olaca\u011f\u0131n\u0131 s\u00f6yledi. Psaki, ABD Ba\u015fkan\u0131 Biden&#8217;\u0131n Washington&#8217;dan \u0130ngiltere&#8217;ye seyahat etti\u011fi s\u0131rada u\u00e7aktaki gazetecilerin sorular\u0131n\u0131 yan\u0131tlad\u0131. Erdo\u011fan ve Biden&#8217;\u0131n 14 Haziran&#8217;da Br\u00fcksel&#8217;de yapacaklar\u0131 ikili g\u00f6r\u00fc\u015fmeden beklentilerinin ne oldu\u011funun sorulmas\u0131 \u00fczerine [&hellip;]","og_url":"https:\/\/akunq.net\/tr\/?p=63231","og_site_name":"Bati Ermenistan Ve Bati Ermenileri Sorunlari Ara\u015ftirmalar Merkezi","article_published_time":"2021-06-10T08:05:31+00:00","og_image":[{"width":559,"height":386,"url":"https:\/\/akunq.net\/tr\/wp-content\/uploads\/sites\/6\/2021\/06\/bayden-e1622792135145.jpg","type":"image\/jpeg"}],"author":"admin","twitter_card":"summary_large_image","twitter_misc":{"Written by":"admin","Est. reading time":"2 minutes"},"schema":{"@context":"https:\/\/schema.org","@graph":[{"@type":"Article","@id":"https:\/\/akunq.net\/tr\/?p=63231#article","isPartOf":{"@id":"https:\/\/akunq.net\/tr\/?p=63231"},"author":{"name":"admin","@id":"https:\/\/akunq.net\/tr\/#\/schema\/person\/096f1d38a12cce57fb855b485ed24c9e"},"headline":"Beyaz Saray: Erdo\u011fan-Biden g\u00f6r\u00fc\u015fmesi y\u00fcz y\u00fcze diplomasi i\u00e7in bir f\u0131rsat","datePublished":"2021-06-10T08:05:31+00:00","mainEntityOfPage":{"@id":"https:\/\/akunq.net\/tr\/?p=63231"},"wordCount":370,"commentCount":0,"image":{"@id":"https:\/\/akunq.net\/tr\/?p=63231#primaryimage"},"thumbnailUrl":"https:\/\/akunq.net\/tr\/wp-content\/uploads\/sites\/6\/2021\/06\/bayden-e1622792135145.jpg","articleSection":["Haberler"],"inLanguage":"en-US","potentialAction":[{"@type":"CommentAction","name":"Comment","target":["https:\/\/akunq.net\/tr\/?p=63231#respond"]}]},{"@type":"WebPage","@id":"https:\/\/akunq.net\/tr\/?p=63231","url":"https:\/\/akunq.net\/tr\/?p=63231","name":"Beyaz Saray: Erdo\u011fan-Biden g\u00f6r\u00fc\u015fmesi y\u00fcz y\u00fcze diplomasi i\u00e7in bir f\u0131rsat - Bati Ermenistan Ve Bati Ermenileri Sorunlari Ara\u015ftirmalar Merkezi","isPartOf":{"@id":"https:\/\/akunq.net\/tr\/#website"},"primaryImageOfPage":{"@id":"https:\/\/akunq.net\/tr\/?p=63231#primaryimage"},"image":{"@id":"https:\/\/akunq.net\/tr\/?p=63231#primaryimage"},"thumbnailUrl":"https:\/\/akunq.net\/tr\/wp-content\/uploads\/sites\/6\/2021\/06\/bayden-e1622792135145.jpg","datePublished":"2021-06-10T08:05:31+00:00","author":{"@id":"https:\/\/akunq.net\/tr\/#\/schema\/person\/096f1d38a12cce57fb855b485ed24c9e"},"breadcrumb":{"@id":"https:\/\/akunq.net\/tr\/?p=63231#breadcrumb"},"inLanguage":"en-US","potentialAction":[{"@type":"ReadAction","target":["https:\/\/akunq.net\/tr\/?p=63231"]}]},{"@type":"ImageObject","inLanguage":"en-US","@id":"https:\/\/akunq.net\/tr\/?p=63231#primaryimage","url":"https:\/\/akunq.net\/tr\/wp-content\/uploads\/sites\/6\/2021\/06\/bayden-e1622792135145.jpg","contentUrl":"https:\/\/akunq.net\/tr\/wp-content\/uploads\/sites\/6\/2021\/06\/bayden-e1622792135145.jpg","width":559,"height":386},{"@type":"BreadcrumbList","@id":"https:\/\/akunq.net\/tr\/?p=63231#breadcrumb","itemListElement":[{"@type":"ListItem","position":1,"name":"Home","item":"https:\/\/akunq.net\/tr"},{"@type":"ListItem","position":2,"name":"Beyaz Saray: Erdo\u011fan-Biden g\u00f6r\u00fc\u015fmesi y\u00fcz y\u00fcze diplomasi i\u00e7in bir f\u0131rsat"}]},{"@type":"WebSite","@id":"https:\/\/akunq.net\/tr\/#website","url":"https:\/\/akunq.net\/tr\/","name":"Bati Ermenistan Ve Bati Ermenileri Sorunlari Ara\u015ftirmalar Merkezi","description":"","potentialAction":[{"@type":"SearchAction","target":{"@type":"EntryPoint","urlTemplate":"https:\/\/akunq.net\/tr\/?s={search_term_string}"},"query-input":{"@type":"PropertyValueSpecification","valueRequired":true,"valueName":"search_term_string"}}],"inLanguage":"en-US"},{"@type":"Person","@id":"https:\/\/akunq.net\/tr\/#\/schema\/person\/096f1d38a12cce57fb855b485ed24c9e","name":"admin","url":"https:\/\/akunq.net\/tr\/?author=7"}]}},"_links":{"self":[{"href":"https:\/\/akunq.net\/tr\/index.php?rest_route=\/wp\/v2\/posts\/63231","targetHints":{"allow":["GET"]}}],"collection":[{"href":"https:\/\/akunq.net\/tr\/index.php?rest_route=\/wp\/v2\/posts"}],"about":[{"href":"https:\/\/akunq.net\/tr\/index.php?rest_route=\/wp\/v2\/types\/post"}],"author":[{"embeddable":true,"href":"https:\/\/akunq.net\/tr\/index.php?rest_route=\/wp\/v2\/users\/7"}],"replies":[{"embeddable":true,"href":"https:\/\/akunq.net\/tr\/index.php?rest_route=%2Fwp%2Fv2%2Fcomments&post=63231"}],"version-history":[{"count":1,"href":"https:\/\/akunq.net\/tr\/index.php?rest_route=\/wp\/v2\/posts\/63231\/revisions"}],"predecessor-version":[{"id":63232,"href":"https:\/\/akunq.net\/tr\/index.php?rest_route=\/wp\/v2\/posts\/63231\/revisions\/63232"}],"wp:featuredmedia":[{"embeddable":true,"href":"https:\/\/akunq.net\/tr\/index.php?rest_route=\/wp\/v2\/media\/63166"}],"wp:attachment":[{"href":"https:\/\/akunq.net\/tr\/index.php?rest_route=%2Fwp%2Fv2%2Fmedia&parent=63231"}],"wp:term":[{"taxonomy":"category","embeddable":true,"href":"https:\/\/akunq.net\/tr\/index.php?rest_route=%2Fwp%2Fv2%2Fcategories&post=63231"},{"taxonomy":"post_tag","embeddable":true,"href":"https:\/\/akunq.net\/tr\/index.php?rest_route=%2Fwp%2Fv2%2Ftags&post=63231"}],"curies":[{"name":"wp","href":"https:\/\/api.w.org\/{rel}","templated":true}]}}