{"id":63219,"date":"2021-06-09T12:52:46","date_gmt":"2021-06-09T17:52:46","guid":{"rendered":"https:\/\/akunq.net\/tr\/?p=63219"},"modified":"2021-06-09T12:53:28","modified_gmt":"2021-06-09T17:53:28","slug":"kultur-ve-turizm-bakanliginin-yaz-konserlerinde-bagimsiz-grup-ve-sanatcilar-yok","status":"publish","type":"post","link":"https:\/\/akunq.net\/tr\/?p=63219","title":{"rendered":"K\u00fclt\u00fcr ve Turizm Bakanl\u0131\u011f\u0131\u2019n\u0131n yaz konserlerinde ba\u011f\u0131ms\u0131z grup ve sanat\u00e7\u0131lar yok"},"content":{"rendered":"<p><img loading=\"lazy\" decoding=\"async\" class=\"size-medium wp-image-63220 alignleft\" src=\"https:\/\/akunq.net\/tr\/wp-content\/uploads\/2021\/06\/muz-360x203.jpg\" alt=\"\" width=\"360\" height=\"203\" srcset=\"https:\/\/akunq.net\/tr\/wp-content\/uploads\/sites\/6\/2021\/06\/muz-360x203.jpg 360w, https:\/\/akunq.net\/tr\/wp-content\/uploads\/sites\/6\/2021\/06\/muz-768x432.jpg 768w, https:\/\/akunq.net\/tr\/wp-content\/uploads\/sites\/6\/2021\/06\/muz-560x315.jpg 560w, https:\/\/akunq.net\/tr\/wp-content\/uploads\/sites\/6\/2021\/06\/muz-260x146.jpg 260w, https:\/\/akunq.net\/tr\/wp-content\/uploads\/sites\/6\/2021\/06\/muz-160x90.jpg 160w, https:\/\/akunq.net\/tr\/wp-content\/uploads\/sites\/6\/2021\/06\/muz.jpg 1280w\" sizes=\"auto, (max-width: 360px) 100vw, 360px\" \/>K\u00fclt\u00fcr ve Turizm Bakanl\u0131\u011f\u0131 \u2018vatanda\u015f\u0131 sanatla bulu\u015fturma\u2019 konserleri yapacak. Bakanl\u0131k listesinde yaln\u0131zca devlet korolar\u0131 yer al\u0131yor.<\/p>\n<p>H\u00fck\u00fcmetin \u2018kademeli normalle\u015fme\u2019 plan\u0131 kapsam\u0131nda e\u011flence ve sanat sekt\u00f6r\u00fcn\u00fc devlet deste\u011finden mahrum b\u0131rakmas\u0131 bir\u00e7ok sanat\u00e7\u0131 taraf\u0131ndan ele\u015ftirildi.<\/p>\n<p>K\u00fclt\u00fcr ve Turizm Bakanl\u0131\u011f\u0131, \u2018salg\u0131n k\u0131s\u0131tlamalar\u0131 s\u00fcrecinde sanatsal etkinliklerden uzak kalan vatanda\u015flar\u0131 fiziksel ve sanal ortamda sanatla bulu\u015fturmak\u2019 amac\u0131yla proje ba\u015flatt\u0131. Bu kapsamda 2021 Yaz Konserleri yap\u0131lacak. Konser program\u0131nda ba\u011f\u0131ms\u0131z sanat\u00e7\u0131 ve topluluklar\u0131n yer almamas\u0131 dikkat \u00e7ekti.<\/p>\n<p>DEVLET KOROLARI 130 KONSER VERECEK<\/p>\n<p>Haziran, Temmuz ve A\u011fustos aylar\u0131nda ger\u00e7ekle\u015fecek proje kapsam\u0131nda koro, topluluk ve orkestralar, yaz aylar\u0131 boyunca farkl\u0131 \u015fehirlerde, antik kentlerde ve m\u00fczelerde yakla\u015f\u0131k 130 konser verecek.<\/p>\n<p>Programa g\u00f6re, Cumhurba\u015fkanl\u0131\u011f\u0131 Senfoni Orkestras\u0131 (CSO), Devlet \u00c7oksesli Korosu, Ankara Devlet T\u00fcrk Halk M\u00fczi\u011fi Korosu, Ankara Devlet Klasik T\u00fcrk M\u00fczi\u011fi Korosu, \u0130stanbul Devlet Modern Folk M\u00fczik Toplulu\u011fu, \u0130stanbul Devlet T\u00fcrk Halk M\u00fczi\u011fi Korosu, Antalya Devlet Senfoni Orkestras\u0131, \u0130zmir Devlet Senfoni Orkestras\u0131, Bursa Devlet Klasik T\u00fcrk M\u00fczi\u011fi Korosu, \u00c7ukurova Devlet Senfoni Orkestras\u0131, Diyarbak\u0131r Devlet Klasik T\u00fcrk M\u00fczi\u011fi Korosu, Samsun Devlet Klasik T\u00fcrk M\u00fczi\u011fi Korosu, Elaz\u0131\u011f Devlet Klasik T\u00fcrk M\u00fczi\u011fi Korosu, Edirne Devlet T\u00fcrk M\u00fczi\u011fi Toplulu\u011fu, \u015eanl\u0131urfa Devlet T\u00fcrk Halk M\u00fczi\u011fi Korosu ve Konya T\u00fcrk Tasavvuf M\u00fczi\u011fi Toplulu\u011fu sanatseverlerle bulu\u015facak.<\/p>\n<p>\u0130SMA\u0130L DEDE EFEND\u0130 ANILACAK<\/p>\n<p>Proje \u00e7er\u00e7evesinde, \u0130smail Dede Efendi\u2019nin vefat\u0131n\u0131n 175\u2019inci y\u0131l\u0131 anma program\u0131 kapsam\u0131nda 9 Haziran\u2019da Yenikap\u0131 Mevlevihanesi\u2019nde H\u00fczzam Mevlevi Ayin-i \u015eerif-i ger\u00e7ekle\u015ftirilecek.<\/p>\n<p>Portekiz 2021 Avrupa Birli\u011fi Ba\u015fkanl\u0131\u011f\u0131 m\u00fcnasebetiyle Portekiz\u2019in Ankara B\u00fcy\u00fckel\u00e7ili\u011fi i\u015f birli\u011fi ile d\u00fcnyan\u0131n en tan\u0131nm\u0131\u015f fado y\u0131ld\u0131zlar\u0131 ile antik kentlerde a\u00e7\u0131k hava konserleri CSO e\u015fli\u011finde 16 Haziran\u2019da CSO A\u00e7\u0131k Hava Sahnesi\u2019nde CSO Senfonik Fado etkinli\u011fi yap\u0131lacak.<\/p>\n<p>Ankara Devlet Klasik T\u00fcrk M\u00fczi\u011fi Korosunca, CSO Mavi Konser Salonu\u2019nda 22 Haziran\u2019da, T\u00fcrk dizi ve filmlerine konu olan en g\u00fczel \u015fark\u0131lar ve enstr\u00fcmantal eserlerin solist sanat\u00e7\u0131larca icralar\u0131 ve Devlet Halk Danslar\u0131 Toplulu\u011fu dans\u00e7\u0131lar\u0131n\u0131n valsleriyle renklendirece\u011fi \u00f6zel konser d\u00fczenlenecek.<\/p>\n<p>CSO taraf\u0131ndan 1 Temmuz\u2019da Trabzon S\u00fcmela Manast\u0131r\u0131\u2019nda etkinlik ger\u00e7ekle\u015ftirilecek, ayn\u0131 tarihte CSO A\u00e7\u0131k Hava Sahnesi\u2019nde Devlet \u00c7oksesli Korosunun sergileyece\u011fi liedler performans\u0131 dijital ortamda sanatseverlerle bulu\u015facak. (K\u00dcLT\u00dcR SANAT SERV\u0130S\u0130)<\/p>\n<p><em><strong><a href=\"https:\/\/www.gazeteduvar.com.tr\/kultur-ve-turizm-bakanliginin-yaz-konserlerinde-bagimsiz-grup-ve-sanatcilar-yok-haber-1524839\" target=\"_blank\" rel=\"noopener noreferrer\">gazeteduvar.com.tr<\/a><\/strong><\/em><\/p>\n","protected":false},"excerpt":{"rendered":"<p>K\u00fclt\u00fcr ve Turizm Bakanl\u0131\u011f\u0131 \u2018vatanda\u015f\u0131 sanatla bulu\u015fturma\u2019 konserleri yapacak. Bakanl\u0131k listesinde yaln\u0131zca devlet korolar\u0131 yer al\u0131yor. H\u00fck\u00fcmetin \u2018kademeli normalle\u015fme\u2019 plan\u0131 kapsam\u0131nda e\u011flence ve sanat sekt\u00f6r\u00fcn\u00fc devlet deste\u011finden mahrum b\u0131rakmas\u0131 bir\u00e7ok sanat\u00e7\u0131 taraf\u0131ndan ele\u015ftirildi. K\u00fclt\u00fcr ve Turizm Bakanl\u0131\u011f\u0131, \u2018salg\u0131n k\u0131s\u0131tlamalar\u0131 s\u00fcrecinde sanatsal etkinliklerden uzak kalan vatanda\u015flar\u0131 fiziksel ve sanal ortamda sanatla bulu\u015fturmak\u2019 amac\u0131yla proje ba\u015flatt\u0131. Bu [&hellip;]<\/p>\n","protected":false},"author":7,"featured_media":63220,"comment_status":"open","ping_status":"open","sticky":false,"template":"","format":"standard","meta":{"footnotes":""},"categories":[1,53],"tags":[],"class_list":["post-63219","post","type-post","status-publish","format-standard","has-post-thumbnail","hentry","category-haberler","category-turkiyede-azinliklar"],"yoast_head":"<!-- This site is optimized with the Yoast SEO plugin v27.4 - https:\/\/yoast.com\/product\/yoast-seo-wordpress\/ -->\n<title>K\u00fclt\u00fcr ve Turizm Bakanl\u0131\u011f\u0131\u2019n\u0131n yaz konserlerinde ba\u011f\u0131ms\u0131z grup ve sanat\u00e7\u0131lar yok - Bati Ermenistan Ve Bati Ermenileri Sorunlari Ara\u015ftirmalar Merkezi<\/title>\n<meta name=\"robots\" content=\"index, follow, max-snippet:-1, max-image-preview:large, max-video-preview:-1\" \/>\n<link rel=\"canonical\" href=\"https:\/\/akunq.net\/tr\/?p=63219\" \/>\n<meta property=\"og:locale\" content=\"en_US\" \/>\n<meta property=\"og:type\" content=\"article\" \/>\n<meta property=\"og:title\" content=\"K\u00fclt\u00fcr ve Turizm Bakanl\u0131\u011f\u0131\u2019n\u0131n yaz konserlerinde ba\u011f\u0131ms\u0131z grup ve sanat\u00e7\u0131lar yok - Bati Ermenistan Ve Bati Ermenileri Sorunlari Ara\u015ftirmalar Merkezi\" \/>\n<meta property=\"og:description\" content=\"K\u00fclt\u00fcr ve Turizm Bakanl\u0131\u011f\u0131 \u2018vatanda\u015f\u0131 sanatla bulu\u015fturma\u2019 konserleri yapacak. Bakanl\u0131k listesinde yaln\u0131zca devlet korolar\u0131 yer al\u0131yor. H\u00fck\u00fcmetin \u2018kademeli normalle\u015fme\u2019 plan\u0131 kapsam\u0131nda e\u011flence ve sanat sekt\u00f6r\u00fcn\u00fc devlet deste\u011finden mahrum b\u0131rakmas\u0131 bir\u00e7ok sanat\u00e7\u0131 taraf\u0131ndan ele\u015ftirildi. K\u00fclt\u00fcr ve Turizm Bakanl\u0131\u011f\u0131, \u2018salg\u0131n k\u0131s\u0131tlamalar\u0131 s\u00fcrecinde sanatsal etkinliklerden uzak kalan vatanda\u015flar\u0131 fiziksel ve sanal ortamda sanatla bulu\u015fturmak\u2019 amac\u0131yla proje ba\u015flatt\u0131. Bu [&hellip;]\" \/>\n<meta property=\"og:url\" content=\"https:\/\/akunq.net\/tr\/?p=63219\" \/>\n<meta property=\"og:site_name\" content=\"Bati Ermenistan Ve Bati Ermenileri Sorunlari Ara\u015ftirmalar Merkezi\" \/>\n<meta property=\"article:published_time\" content=\"2021-06-09T17:52:46+00:00\" \/>\n<meta property=\"article:modified_time\" content=\"2021-06-09T17:53:28+00:00\" \/>\n<meta property=\"og:image\" content=\"https:\/\/akunq.net\/tr\/wp-content\/uploads\/sites\/6\/2021\/06\/muz.jpg\" \/>\n\t<meta property=\"og:image:width\" content=\"1280\" \/>\n\t<meta property=\"og:image:height\" content=\"720\" \/>\n\t<meta property=\"og:image:type\" content=\"image\/jpeg\" \/>\n<meta name=\"author\" content=\"admin\" \/>\n<meta name=\"twitter:card\" content=\"summary_large_image\" \/>\n<meta name=\"twitter:label1\" content=\"Written by\" \/>\n\t<meta name=\"twitter:data1\" content=\"admin\" \/>\n\t<meta name=\"twitter:label2\" content=\"Est. reading time\" \/>\n\t<meta name=\"twitter:data2\" content=\"2 minutes\" \/>\n<script type=\"application\/ld+json\" class=\"yoast-schema-graph\">{\"@context\":\"https:\\\/\\\/schema.org\",\"@graph\":[{\"@type\":\"Article\",\"@id\":\"https:\\\/\\\/akunq.net\\\/tr\\\/?p=63219#article\",\"isPartOf\":{\"@id\":\"https:\\\/\\\/akunq.net\\\/tr\\\/?p=63219\"},\"author\":{\"name\":\"admin\",\"@id\":\"https:\\\/\\\/akunq.net\\\/tr\\\/#\\\/schema\\\/person\\\/096f1d38a12cce57fb855b485ed24c9e\"},\"headline\":\"K\u00fclt\u00fcr ve Turizm Bakanl\u0131\u011f\u0131\u2019n\u0131n yaz konserlerinde ba\u011f\u0131ms\u0131z grup ve sanat\u00e7\u0131lar yok\",\"datePublished\":\"2021-06-09T17:52:46+00:00\",\"dateModified\":\"2021-06-09T17:53:28+00:00\",\"mainEntityOfPage\":{\"@id\":\"https:\\\/\\\/akunq.net\\\/tr\\\/?p=63219\"},\"wordCount\":470,\"commentCount\":0,\"image\":{\"@id\":\"https:\\\/\\\/akunq.net\\\/tr\\\/?p=63219#primaryimage\"},\"thumbnailUrl\":\"https:\\\/\\\/akunq.net\\\/tr\\\/wp-content\\\/uploads\\\/sites\\\/6\\\/2021\\\/06\\\/muz.jpg\",\"articleSection\":[\"Haberler\",\"T\u00fcrkiye\u2019de Az\u0131nl\u0131klar\"],\"inLanguage\":\"en-US\",\"potentialAction\":[{\"@type\":\"CommentAction\",\"name\":\"Comment\",\"target\":[\"https:\\\/\\\/akunq.net\\\/tr\\\/?p=63219#respond\"]}]},{\"@type\":\"WebPage\",\"@id\":\"https:\\\/\\\/akunq.net\\\/tr\\\/?p=63219\",\"url\":\"https:\\\/\\\/akunq.net\\\/tr\\\/?p=63219\",\"name\":\"K\u00fclt\u00fcr ve Turizm Bakanl\u0131\u011f\u0131\u2019n\u0131n yaz konserlerinde ba\u011f\u0131ms\u0131z grup ve sanat\u00e7\u0131lar yok - Bati Ermenistan Ve Bati Ermenileri Sorunlari Ara\u015ftirmalar Merkezi\",\"isPartOf\":{\"@id\":\"https:\\\/\\\/akunq.net\\\/tr\\\/#website\"},\"primaryImageOfPage\":{\"@id\":\"https:\\\/\\\/akunq.net\\\/tr\\\/?p=63219#primaryimage\"},\"image\":{\"@id\":\"https:\\\/\\\/akunq.net\\\/tr\\\/?p=63219#primaryimage\"},\"thumbnailUrl\":\"https:\\\/\\\/akunq.net\\\/tr\\\/wp-content\\\/uploads\\\/sites\\\/6\\\/2021\\\/06\\\/muz.jpg\",\"datePublished\":\"2021-06-09T17:52:46+00:00\",\"dateModified\":\"2021-06-09T17:53:28+00:00\",\"author\":{\"@id\":\"https:\\\/\\\/akunq.net\\\/tr\\\/#\\\/schema\\\/person\\\/096f1d38a12cce57fb855b485ed24c9e\"},\"breadcrumb\":{\"@id\":\"https:\\\/\\\/akunq.net\\\/tr\\\/?p=63219#breadcrumb\"},\"inLanguage\":\"en-US\",\"potentialAction\":[{\"@type\":\"ReadAction\",\"target\":[\"https:\\\/\\\/akunq.net\\\/tr\\\/?p=63219\"]}]},{\"@type\":\"ImageObject\",\"inLanguage\":\"en-US\",\"@id\":\"https:\\\/\\\/akunq.net\\\/tr\\\/?p=63219#primaryimage\",\"url\":\"https:\\\/\\\/akunq.net\\\/tr\\\/wp-content\\\/uploads\\\/sites\\\/6\\\/2021\\\/06\\\/muz.jpg\",\"contentUrl\":\"https:\\\/\\\/akunq.net\\\/tr\\\/wp-content\\\/uploads\\\/sites\\\/6\\\/2021\\\/06\\\/muz.jpg\",\"width\":1280,\"height\":720},{\"@type\":\"BreadcrumbList\",\"@id\":\"https:\\\/\\\/akunq.net\\\/tr\\\/?p=63219#breadcrumb\",\"itemListElement\":[{\"@type\":\"ListItem\",\"position\":1,\"name\":\"Home\",\"item\":\"https:\\\/\\\/akunq.net\\\/tr\"},{\"@type\":\"ListItem\",\"position\":2,\"name\":\"K\u00fclt\u00fcr ve Turizm Bakanl\u0131\u011f\u0131\u2019n\u0131n yaz konserlerinde ba\u011f\u0131ms\u0131z grup ve sanat\u00e7\u0131lar yok\"}]},{\"@type\":\"WebSite\",\"@id\":\"https:\\\/\\\/akunq.net\\\/tr\\\/#website\",\"url\":\"https:\\\/\\\/akunq.net\\\/tr\\\/\",\"name\":\"Bati Ermenistan Ve Bati Ermenileri Sorunlari Ara\u015ftirmalar Merkezi\",\"description\":\"\",\"potentialAction\":[{\"@type\":\"SearchAction\",\"target\":{\"@type\":\"EntryPoint\",\"urlTemplate\":\"https:\\\/\\\/akunq.net\\\/tr\\\/?s={search_term_string}\"},\"query-input\":{\"@type\":\"PropertyValueSpecification\",\"valueRequired\":true,\"valueName\":\"search_term_string\"}}],\"inLanguage\":\"en-US\"},{\"@type\":\"Person\",\"@id\":\"https:\\\/\\\/akunq.net\\\/tr\\\/#\\\/schema\\\/person\\\/096f1d38a12cce57fb855b485ed24c9e\",\"name\":\"admin\",\"url\":\"https:\\\/\\\/akunq.net\\\/tr\\\/?author=7\"}]}<\/script>\n<!-- \/ Yoast SEO plugin. -->","yoast_head_json":{"title":"K\u00fclt\u00fcr ve Turizm Bakanl\u0131\u011f\u0131\u2019n\u0131n yaz konserlerinde ba\u011f\u0131ms\u0131z grup ve sanat\u00e7\u0131lar yok - Bati Ermenistan Ve Bati Ermenileri Sorunlari Ara\u015ftirmalar Merkezi","robots":{"index":"index","follow":"follow","max-snippet":"max-snippet:-1","max-image-preview":"max-image-preview:large","max-video-preview":"max-video-preview:-1"},"canonical":"https:\/\/akunq.net\/tr\/?p=63219","og_locale":"en_US","og_type":"article","og_title":"K\u00fclt\u00fcr ve Turizm Bakanl\u0131\u011f\u0131\u2019n\u0131n yaz konserlerinde ba\u011f\u0131ms\u0131z grup ve sanat\u00e7\u0131lar yok - Bati Ermenistan Ve Bati Ermenileri Sorunlari Ara\u015ftirmalar Merkezi","og_description":"K\u00fclt\u00fcr ve Turizm Bakanl\u0131\u011f\u0131 \u2018vatanda\u015f\u0131 sanatla bulu\u015fturma\u2019 konserleri yapacak. Bakanl\u0131k listesinde yaln\u0131zca devlet korolar\u0131 yer al\u0131yor. H\u00fck\u00fcmetin \u2018kademeli normalle\u015fme\u2019 plan\u0131 kapsam\u0131nda e\u011flence ve sanat sekt\u00f6r\u00fcn\u00fc devlet deste\u011finden mahrum b\u0131rakmas\u0131 bir\u00e7ok sanat\u00e7\u0131 taraf\u0131ndan ele\u015ftirildi. K\u00fclt\u00fcr ve Turizm Bakanl\u0131\u011f\u0131, \u2018salg\u0131n k\u0131s\u0131tlamalar\u0131 s\u00fcrecinde sanatsal etkinliklerden uzak kalan vatanda\u015flar\u0131 fiziksel ve sanal ortamda sanatla bulu\u015fturmak\u2019 amac\u0131yla proje ba\u015flatt\u0131. Bu [&hellip;]","og_url":"https:\/\/akunq.net\/tr\/?p=63219","og_site_name":"Bati Ermenistan Ve Bati Ermenileri Sorunlari Ara\u015ftirmalar Merkezi","article_published_time":"2021-06-09T17:52:46+00:00","article_modified_time":"2021-06-09T17:53:28+00:00","og_image":[{"width":1280,"height":720,"url":"https:\/\/akunq.net\/tr\/wp-content\/uploads\/sites\/6\/2021\/06\/muz.jpg","type":"image\/jpeg"}],"author":"admin","twitter_card":"summary_large_image","twitter_misc":{"Written by":"admin","Est. reading time":"2 minutes"},"schema":{"@context":"https:\/\/schema.org","@graph":[{"@type":"Article","@id":"https:\/\/akunq.net\/tr\/?p=63219#article","isPartOf":{"@id":"https:\/\/akunq.net\/tr\/?p=63219"},"author":{"name":"admin","@id":"https:\/\/akunq.net\/tr\/#\/schema\/person\/096f1d38a12cce57fb855b485ed24c9e"},"headline":"K\u00fclt\u00fcr ve Turizm Bakanl\u0131\u011f\u0131\u2019n\u0131n yaz konserlerinde ba\u011f\u0131ms\u0131z grup ve sanat\u00e7\u0131lar yok","datePublished":"2021-06-09T17:52:46+00:00","dateModified":"2021-06-09T17:53:28+00:00","mainEntityOfPage":{"@id":"https:\/\/akunq.net\/tr\/?p=63219"},"wordCount":470,"commentCount":0,"image":{"@id":"https:\/\/akunq.net\/tr\/?p=63219#primaryimage"},"thumbnailUrl":"https:\/\/akunq.net\/tr\/wp-content\/uploads\/sites\/6\/2021\/06\/muz.jpg","articleSection":["Haberler","T\u00fcrkiye\u2019de Az\u0131nl\u0131klar"],"inLanguage":"en-US","potentialAction":[{"@type":"CommentAction","name":"Comment","target":["https:\/\/akunq.net\/tr\/?p=63219#respond"]}]},{"@type":"WebPage","@id":"https:\/\/akunq.net\/tr\/?p=63219","url":"https:\/\/akunq.net\/tr\/?p=63219","name":"K\u00fclt\u00fcr ve Turizm Bakanl\u0131\u011f\u0131\u2019n\u0131n yaz konserlerinde ba\u011f\u0131ms\u0131z grup ve sanat\u00e7\u0131lar yok - Bati Ermenistan Ve Bati Ermenileri Sorunlari Ara\u015ftirmalar Merkezi","isPartOf":{"@id":"https:\/\/akunq.net\/tr\/#website"},"primaryImageOfPage":{"@id":"https:\/\/akunq.net\/tr\/?p=63219#primaryimage"},"image":{"@id":"https:\/\/akunq.net\/tr\/?p=63219#primaryimage"},"thumbnailUrl":"https:\/\/akunq.net\/tr\/wp-content\/uploads\/sites\/6\/2021\/06\/muz.jpg","datePublished":"2021-06-09T17:52:46+00:00","dateModified":"2021-06-09T17:53:28+00:00","author":{"@id":"https:\/\/akunq.net\/tr\/#\/schema\/person\/096f1d38a12cce57fb855b485ed24c9e"},"breadcrumb":{"@id":"https:\/\/akunq.net\/tr\/?p=63219#breadcrumb"},"inLanguage":"en-US","potentialAction":[{"@type":"ReadAction","target":["https:\/\/akunq.net\/tr\/?p=63219"]}]},{"@type":"ImageObject","inLanguage":"en-US","@id":"https:\/\/akunq.net\/tr\/?p=63219#primaryimage","url":"https:\/\/akunq.net\/tr\/wp-content\/uploads\/sites\/6\/2021\/06\/muz.jpg","contentUrl":"https:\/\/akunq.net\/tr\/wp-content\/uploads\/sites\/6\/2021\/06\/muz.jpg","width":1280,"height":720},{"@type":"BreadcrumbList","@id":"https:\/\/akunq.net\/tr\/?p=63219#breadcrumb","itemListElement":[{"@type":"ListItem","position":1,"name":"Home","item":"https:\/\/akunq.net\/tr"},{"@type":"ListItem","position":2,"name":"K\u00fclt\u00fcr ve Turizm Bakanl\u0131\u011f\u0131\u2019n\u0131n yaz konserlerinde ba\u011f\u0131ms\u0131z grup ve sanat\u00e7\u0131lar yok"}]},{"@type":"WebSite","@id":"https:\/\/akunq.net\/tr\/#website","url":"https:\/\/akunq.net\/tr\/","name":"Bati Ermenistan Ve Bati Ermenileri Sorunlari Ara\u015ftirmalar Merkezi","description":"","potentialAction":[{"@type":"SearchAction","target":{"@type":"EntryPoint","urlTemplate":"https:\/\/akunq.net\/tr\/?s={search_term_string}"},"query-input":{"@type":"PropertyValueSpecification","valueRequired":true,"valueName":"search_term_string"}}],"inLanguage":"en-US"},{"@type":"Person","@id":"https:\/\/akunq.net\/tr\/#\/schema\/person\/096f1d38a12cce57fb855b485ed24c9e","name":"admin","url":"https:\/\/akunq.net\/tr\/?author=7"}]}},"_links":{"self":[{"href":"https:\/\/akunq.net\/tr\/index.php?rest_route=\/wp\/v2\/posts\/63219","targetHints":{"allow":["GET"]}}],"collection":[{"href":"https:\/\/akunq.net\/tr\/index.php?rest_route=\/wp\/v2\/posts"}],"about":[{"href":"https:\/\/akunq.net\/tr\/index.php?rest_route=\/wp\/v2\/types\/post"}],"author":[{"embeddable":true,"href":"https:\/\/akunq.net\/tr\/index.php?rest_route=\/wp\/v2\/users\/7"}],"replies":[{"embeddable":true,"href":"https:\/\/akunq.net\/tr\/index.php?rest_route=%2Fwp%2Fv2%2Fcomments&post=63219"}],"version-history":[{"count":1,"href":"https:\/\/akunq.net\/tr\/index.php?rest_route=\/wp\/v2\/posts\/63219\/revisions"}],"predecessor-version":[{"id":63221,"href":"https:\/\/akunq.net\/tr\/index.php?rest_route=\/wp\/v2\/posts\/63219\/revisions\/63221"}],"wp:featuredmedia":[{"embeddable":true,"href":"https:\/\/akunq.net\/tr\/index.php?rest_route=\/wp\/v2\/media\/63220"}],"wp:attachment":[{"href":"https:\/\/akunq.net\/tr\/index.php?rest_route=%2Fwp%2Fv2%2Fmedia&parent=63219"}],"wp:term":[{"taxonomy":"category","embeddable":true,"href":"https:\/\/akunq.net\/tr\/index.php?rest_route=%2Fwp%2Fv2%2Fcategories&post=63219"},{"taxonomy":"post_tag","embeddable":true,"href":"https:\/\/akunq.net\/tr\/index.php?rest_route=%2Fwp%2Fv2%2Ftags&post=63219"}],"curies":[{"name":"wp","href":"https:\/\/api.w.org\/{rel}","templated":true}]}}