{"id":63193,"date":"2021-06-08T03:57:59","date_gmt":"2021-06-08T08:57:59","guid":{"rendered":"https:\/\/akunq.net\/tr\/?p=63193"},"modified":"2021-06-08T03:57:59","modified_gmt":"2021-06-08T08:57:59","slug":"rusya-devlet-baskani-vladimir-putin-ab-konseyi-baskani-michel-ile-karabagi-konustu","status":"publish","type":"post","link":"https:\/\/akunq.net\/tr\/?p=63193","title":{"rendered":"Rusya Devlet Ba\u015fkani Vladimir Putin AB Konseyi Ba\u015fkan\u0131 Michel ile Karaba\u011f\u0131 konu\u015ftu"},"content":{"rendered":"<p><img loading=\"lazy\" decoding=\"async\" class=\"size-medium wp-image-63194 alignleft\" src=\"https:\/\/akunq.net\/tr\/wp-content\/uploads\/2021\/06\/rusab-360x242.jpg\" alt=\"\" width=\"360\" height=\"242\" srcset=\"https:\/\/akunq.net\/tr\/wp-content\/uploads\/sites\/6\/2021\/06\/rusab-360x242.jpg 360w, https:\/\/akunq.net\/tr\/wp-content\/uploads\/sites\/6\/2021\/06\/rusab-560x376.jpg 560w, https:\/\/akunq.net\/tr\/wp-content\/uploads\/sites\/6\/2021\/06\/rusab-260x175.jpg 260w, https:\/\/akunq.net\/tr\/wp-content\/uploads\/sites\/6\/2021\/06\/rusab-160x107.jpg 160w, https:\/\/akunq.net\/tr\/wp-content\/uploads\/sites\/6\/2021\/06\/rusab.jpg 670w\" sizes=\"auto, (max-width: 360px) 100vw, 360px\" \/>Kremlin bas\u0131n dairesinden yap\u0131lan a\u00e7\u0131klamalara g\u00f6re Rusya Devlet Ba\u015fkan\u0131 Vladimir Putin Avrupa Birli\u011fi Konseyi Ba\u015fkan\u0131 Charles Michel telefon g\u00f6r\u00fc\u015fmesi s\u0131ras\u0131nda bir\u00e7ok uluslararas\u0131 sorunuyla birlikte Artsakh (Da\u011fl\u0131k Karaba\u011f) meselesini de ele ald\u0131lar.<\/p>\n<p>G\u00f6r\u00fc\u015fmeyle ilgili yap\u0131lan a\u00e7\u0131klamas\u0131nda yer alan ifadelere g\u00f6re g\u00f6r\u00fc\u015fmede Da\u011fl\u0131k Karaba\u011f etraf\u0131ndaki mevcut durum, Rusya, Azerbaycan ve Ermenistan liderlerinin 9 Kas\u0131m 2020 ve 11 Ocak 2021 tarihli a\u00e7\u0131klamalar\u0131n\u0131n ileride tutarl\u0131 bir \u015fekilde uygulanmas\u0131n\u0131n \u00f6nemi dikkate al\u0131narak ele al\u0131nd\u0131.<\/p>\n<p>\u00d6ncelikli g\u00f6revler aras\u0131nda b\u00f6lgedeki ekonomik ve ula\u015f\u0131m hatlar\u0131n\u0131n a\u00e7\u0131lmas\u0131, yerli n\u00fcfusun insani sorunlar\u0131n\u0131n \u00e7\u00f6z\u00fcm\u00fc belirlendi. Charles Michel, AG\u0130T Minsk Grubu e\u015fba\u015fkanlar\u0131 (Rusya, ABD, Fransa) kanal\u0131ndan yap\u0131lan \u00e7al\u0131\u015fmalar dahil olmak \u00fczere y\u00fcr\u00fct\u00fclen \u00e7al\u0131\u015fmalara deste\u011fini dile getirdi.<\/p>\n<p><em>ermenihaber.am<\/em><\/p>\n","protected":false},"excerpt":{"rendered":"<p>Kremlin bas\u0131n dairesinden yap\u0131lan a\u00e7\u0131klamalara g\u00f6re Rusya Devlet Ba\u015fkan\u0131 Vladimir Putin Avrupa Birli\u011fi Konseyi Ba\u015fkan\u0131 Charles Michel telefon g\u00f6r\u00fc\u015fmesi s\u0131ras\u0131nda bir\u00e7ok uluslararas\u0131 sorunuyla birlikte Artsakh (Da\u011fl\u0131k Karaba\u011f) meselesini de ele ald\u0131lar. G\u00f6r\u00fc\u015fmeyle ilgili yap\u0131lan a\u00e7\u0131klamas\u0131nda yer alan ifadelere g\u00f6re g\u00f6r\u00fc\u015fmede Da\u011fl\u0131k Karaba\u011f etraf\u0131ndaki mevcut durum, Rusya, Azerbaycan ve Ermenistan liderlerinin 9 Kas\u0131m 2020 ve 11 [&hellip;]<\/p>\n","protected":false},"author":7,"featured_media":63194,"comment_status":"open","ping_status":"open","sticky":false,"template":"","format":"standard","meta":{"footnotes":""},"categories":[1],"tags":[],"class_list":["post-63193","post","type-post","status-publish","format-standard","has-post-thumbnail","hentry","category-haberler"],"yoast_head":"<!-- This site is optimized with the Yoast SEO plugin v27.4 - https:\/\/yoast.com\/product\/yoast-seo-wordpress\/ -->\n<title>Rusya Devlet Ba\u015fkani Vladimir Putin AB Konseyi Ba\u015fkan\u0131 Michel ile Karaba\u011f\u0131 konu\u015ftu - Bati Ermenistan Ve Bati Ermenileri Sorunlari Ara\u015ftirmalar Merkezi<\/title>\n<meta name=\"robots\" content=\"index, follow, max-snippet:-1, max-image-preview:large, max-video-preview:-1\" \/>\n<link rel=\"canonical\" href=\"https:\/\/akunq.net\/tr\/?p=63193\" \/>\n<meta property=\"og:locale\" content=\"en_US\" \/>\n<meta property=\"og:type\" content=\"article\" \/>\n<meta property=\"og:title\" content=\"Rusya Devlet Ba\u015fkani Vladimir Putin AB Konseyi Ba\u015fkan\u0131 Michel ile Karaba\u011f\u0131 konu\u015ftu - Bati Ermenistan Ve Bati Ermenileri Sorunlari Ara\u015ftirmalar Merkezi\" \/>\n<meta property=\"og:description\" content=\"Kremlin bas\u0131n dairesinden yap\u0131lan a\u00e7\u0131klamalara g\u00f6re Rusya Devlet Ba\u015fkan\u0131 Vladimir Putin Avrupa Birli\u011fi Konseyi Ba\u015fkan\u0131 Charles Michel telefon g\u00f6r\u00fc\u015fmesi s\u0131ras\u0131nda bir\u00e7ok uluslararas\u0131 sorunuyla birlikte Artsakh (Da\u011fl\u0131k Karaba\u011f) meselesini de ele ald\u0131lar. G\u00f6r\u00fc\u015fmeyle ilgili yap\u0131lan a\u00e7\u0131klamas\u0131nda yer alan ifadelere g\u00f6re g\u00f6r\u00fc\u015fmede Da\u011fl\u0131k Karaba\u011f etraf\u0131ndaki mevcut durum, Rusya, Azerbaycan ve Ermenistan liderlerinin 9 Kas\u0131m 2020 ve 11 [&hellip;]\" \/>\n<meta property=\"og:url\" content=\"https:\/\/akunq.net\/tr\/?p=63193\" \/>\n<meta property=\"og:site_name\" content=\"Bati Ermenistan Ve Bati Ermenileri Sorunlari Ara\u015ftirmalar Merkezi\" \/>\n<meta property=\"article:published_time\" content=\"2021-06-08T08:57:59+00:00\" \/>\n<meta property=\"og:image\" content=\"https:\/\/akunq.net\/tr\/wp-content\/uploads\/sites\/6\/2021\/06\/rusab.jpg\" \/>\n\t<meta property=\"og:image:width\" content=\"670\" \/>\n\t<meta property=\"og:image:height\" content=\"450\" \/>\n\t<meta property=\"og:image:type\" content=\"image\/jpeg\" \/>\n<meta name=\"author\" content=\"admin\" \/>\n<meta name=\"twitter:card\" content=\"summary_large_image\" \/>\n<meta name=\"twitter:label1\" content=\"Written by\" \/>\n\t<meta name=\"twitter:data1\" content=\"admin\" \/>\n\t<meta name=\"twitter:label2\" content=\"Est. reading time\" \/>\n\t<meta name=\"twitter:data2\" content=\"1 minute\" \/>\n<script type=\"application\/ld+json\" class=\"yoast-schema-graph\">{\"@context\":\"https:\\\/\\\/schema.org\",\"@graph\":[{\"@type\":\"Article\",\"@id\":\"https:\\\/\\\/akunq.net\\\/tr\\\/?p=63193#article\",\"isPartOf\":{\"@id\":\"https:\\\/\\\/akunq.net\\\/tr\\\/?p=63193\"},\"author\":{\"name\":\"admin\",\"@id\":\"https:\\\/\\\/akunq.net\\\/tr\\\/#\\\/schema\\\/person\\\/096f1d38a12cce57fb855b485ed24c9e\"},\"headline\":\"Rusya Devlet Ba\u015fkani Vladimir Putin AB Konseyi Ba\u015fkan\u0131 Michel ile Karaba\u011f\u0131 konu\u015ftu\",\"datePublished\":\"2021-06-08T08:57:59+00:00\",\"mainEntityOfPage\":{\"@id\":\"https:\\\/\\\/akunq.net\\\/tr\\\/?p=63193\"},\"wordCount\":173,\"commentCount\":0,\"image\":{\"@id\":\"https:\\\/\\\/akunq.net\\\/tr\\\/?p=63193#primaryimage\"},\"thumbnailUrl\":\"https:\\\/\\\/akunq.net\\\/tr\\\/wp-content\\\/uploads\\\/sites\\\/6\\\/2021\\\/06\\\/rusab.jpg\",\"articleSection\":[\"Haberler\"],\"inLanguage\":\"en-US\",\"potentialAction\":[{\"@type\":\"CommentAction\",\"name\":\"Comment\",\"target\":[\"https:\\\/\\\/akunq.net\\\/tr\\\/?p=63193#respond\"]}]},{\"@type\":\"WebPage\",\"@id\":\"https:\\\/\\\/akunq.net\\\/tr\\\/?p=63193\",\"url\":\"https:\\\/\\\/akunq.net\\\/tr\\\/?p=63193\",\"name\":\"Rusya Devlet Ba\u015fkani Vladimir Putin AB Konseyi Ba\u015fkan\u0131 Michel ile Karaba\u011f\u0131 konu\u015ftu - Bati Ermenistan Ve Bati Ermenileri Sorunlari Ara\u015ftirmalar Merkezi\",\"isPartOf\":{\"@id\":\"https:\\\/\\\/akunq.net\\\/tr\\\/#website\"},\"primaryImageOfPage\":{\"@id\":\"https:\\\/\\\/akunq.net\\\/tr\\\/?p=63193#primaryimage\"},\"image\":{\"@id\":\"https:\\\/\\\/akunq.net\\\/tr\\\/?p=63193#primaryimage\"},\"thumbnailUrl\":\"https:\\\/\\\/akunq.net\\\/tr\\\/wp-content\\\/uploads\\\/sites\\\/6\\\/2021\\\/06\\\/rusab.jpg\",\"datePublished\":\"2021-06-08T08:57:59+00:00\",\"author\":{\"@id\":\"https:\\\/\\\/akunq.net\\\/tr\\\/#\\\/schema\\\/person\\\/096f1d38a12cce57fb855b485ed24c9e\"},\"breadcrumb\":{\"@id\":\"https:\\\/\\\/akunq.net\\\/tr\\\/?p=63193#breadcrumb\"},\"inLanguage\":\"en-US\",\"potentialAction\":[{\"@type\":\"ReadAction\",\"target\":[\"https:\\\/\\\/akunq.net\\\/tr\\\/?p=63193\"]}]},{\"@type\":\"ImageObject\",\"inLanguage\":\"en-US\",\"@id\":\"https:\\\/\\\/akunq.net\\\/tr\\\/?p=63193#primaryimage\",\"url\":\"https:\\\/\\\/akunq.net\\\/tr\\\/wp-content\\\/uploads\\\/sites\\\/6\\\/2021\\\/06\\\/rusab.jpg\",\"contentUrl\":\"https:\\\/\\\/akunq.net\\\/tr\\\/wp-content\\\/uploads\\\/sites\\\/6\\\/2021\\\/06\\\/rusab.jpg\",\"width\":670,\"height\":450},{\"@type\":\"BreadcrumbList\",\"@id\":\"https:\\\/\\\/akunq.net\\\/tr\\\/?p=63193#breadcrumb\",\"itemListElement\":[{\"@type\":\"ListItem\",\"position\":1,\"name\":\"Home\",\"item\":\"https:\\\/\\\/akunq.net\\\/tr\"},{\"@type\":\"ListItem\",\"position\":2,\"name\":\"Rusya Devlet Ba\u015fkani Vladimir Putin AB Konseyi Ba\u015fkan\u0131 Michel ile Karaba\u011f\u0131 konu\u015ftu\"}]},{\"@type\":\"WebSite\",\"@id\":\"https:\\\/\\\/akunq.net\\\/tr\\\/#website\",\"url\":\"https:\\\/\\\/akunq.net\\\/tr\\\/\",\"name\":\"Bati Ermenistan Ve Bati Ermenileri Sorunlari Ara\u015ftirmalar Merkezi\",\"description\":\"\",\"potentialAction\":[{\"@type\":\"SearchAction\",\"target\":{\"@type\":\"EntryPoint\",\"urlTemplate\":\"https:\\\/\\\/akunq.net\\\/tr\\\/?s={search_term_string}\"},\"query-input\":{\"@type\":\"PropertyValueSpecification\",\"valueRequired\":true,\"valueName\":\"search_term_string\"}}],\"inLanguage\":\"en-US\"},{\"@type\":\"Person\",\"@id\":\"https:\\\/\\\/akunq.net\\\/tr\\\/#\\\/schema\\\/person\\\/096f1d38a12cce57fb855b485ed24c9e\",\"name\":\"admin\",\"url\":\"https:\\\/\\\/akunq.net\\\/tr\\\/?author=7\"}]}<\/script>\n<!-- \/ Yoast SEO plugin. -->","yoast_head_json":{"title":"Rusya Devlet Ba\u015fkani Vladimir Putin AB Konseyi Ba\u015fkan\u0131 Michel ile Karaba\u011f\u0131 konu\u015ftu - Bati Ermenistan Ve Bati Ermenileri Sorunlari Ara\u015ftirmalar Merkezi","robots":{"index":"index","follow":"follow","max-snippet":"max-snippet:-1","max-image-preview":"max-image-preview:large","max-video-preview":"max-video-preview:-1"},"canonical":"https:\/\/akunq.net\/tr\/?p=63193","og_locale":"en_US","og_type":"article","og_title":"Rusya Devlet Ba\u015fkani Vladimir Putin AB Konseyi Ba\u015fkan\u0131 Michel ile Karaba\u011f\u0131 konu\u015ftu - Bati Ermenistan Ve Bati Ermenileri Sorunlari Ara\u015ftirmalar Merkezi","og_description":"Kremlin bas\u0131n dairesinden yap\u0131lan a\u00e7\u0131klamalara g\u00f6re Rusya Devlet Ba\u015fkan\u0131 Vladimir Putin Avrupa Birli\u011fi Konseyi Ba\u015fkan\u0131 Charles Michel telefon g\u00f6r\u00fc\u015fmesi s\u0131ras\u0131nda bir\u00e7ok uluslararas\u0131 sorunuyla birlikte Artsakh (Da\u011fl\u0131k Karaba\u011f) meselesini de ele ald\u0131lar. G\u00f6r\u00fc\u015fmeyle ilgili yap\u0131lan a\u00e7\u0131klamas\u0131nda yer alan ifadelere g\u00f6re g\u00f6r\u00fc\u015fmede Da\u011fl\u0131k Karaba\u011f etraf\u0131ndaki mevcut durum, Rusya, Azerbaycan ve Ermenistan liderlerinin 9 Kas\u0131m 2020 ve 11 [&hellip;]","og_url":"https:\/\/akunq.net\/tr\/?p=63193","og_site_name":"Bati Ermenistan Ve Bati Ermenileri Sorunlari Ara\u015ftirmalar Merkezi","article_published_time":"2021-06-08T08:57:59+00:00","og_image":[{"width":670,"height":450,"url":"https:\/\/akunq.net\/tr\/wp-content\/uploads\/sites\/6\/2021\/06\/rusab.jpg","type":"image\/jpeg"}],"author":"admin","twitter_card":"summary_large_image","twitter_misc":{"Written by":"admin","Est. reading time":"1 minute"},"schema":{"@context":"https:\/\/schema.org","@graph":[{"@type":"Article","@id":"https:\/\/akunq.net\/tr\/?p=63193#article","isPartOf":{"@id":"https:\/\/akunq.net\/tr\/?p=63193"},"author":{"name":"admin","@id":"https:\/\/akunq.net\/tr\/#\/schema\/person\/096f1d38a12cce57fb855b485ed24c9e"},"headline":"Rusya Devlet Ba\u015fkani Vladimir Putin AB Konseyi Ba\u015fkan\u0131 Michel ile Karaba\u011f\u0131 konu\u015ftu","datePublished":"2021-06-08T08:57:59+00:00","mainEntityOfPage":{"@id":"https:\/\/akunq.net\/tr\/?p=63193"},"wordCount":173,"commentCount":0,"image":{"@id":"https:\/\/akunq.net\/tr\/?p=63193#primaryimage"},"thumbnailUrl":"https:\/\/akunq.net\/tr\/wp-content\/uploads\/sites\/6\/2021\/06\/rusab.jpg","articleSection":["Haberler"],"inLanguage":"en-US","potentialAction":[{"@type":"CommentAction","name":"Comment","target":["https:\/\/akunq.net\/tr\/?p=63193#respond"]}]},{"@type":"WebPage","@id":"https:\/\/akunq.net\/tr\/?p=63193","url":"https:\/\/akunq.net\/tr\/?p=63193","name":"Rusya Devlet Ba\u015fkani Vladimir Putin AB Konseyi Ba\u015fkan\u0131 Michel ile Karaba\u011f\u0131 konu\u015ftu - Bati Ermenistan Ve Bati Ermenileri Sorunlari Ara\u015ftirmalar Merkezi","isPartOf":{"@id":"https:\/\/akunq.net\/tr\/#website"},"primaryImageOfPage":{"@id":"https:\/\/akunq.net\/tr\/?p=63193#primaryimage"},"image":{"@id":"https:\/\/akunq.net\/tr\/?p=63193#primaryimage"},"thumbnailUrl":"https:\/\/akunq.net\/tr\/wp-content\/uploads\/sites\/6\/2021\/06\/rusab.jpg","datePublished":"2021-06-08T08:57:59+00:00","author":{"@id":"https:\/\/akunq.net\/tr\/#\/schema\/person\/096f1d38a12cce57fb855b485ed24c9e"},"breadcrumb":{"@id":"https:\/\/akunq.net\/tr\/?p=63193#breadcrumb"},"inLanguage":"en-US","potentialAction":[{"@type":"ReadAction","target":["https:\/\/akunq.net\/tr\/?p=63193"]}]},{"@type":"ImageObject","inLanguage":"en-US","@id":"https:\/\/akunq.net\/tr\/?p=63193#primaryimage","url":"https:\/\/akunq.net\/tr\/wp-content\/uploads\/sites\/6\/2021\/06\/rusab.jpg","contentUrl":"https:\/\/akunq.net\/tr\/wp-content\/uploads\/sites\/6\/2021\/06\/rusab.jpg","width":670,"height":450},{"@type":"BreadcrumbList","@id":"https:\/\/akunq.net\/tr\/?p=63193#breadcrumb","itemListElement":[{"@type":"ListItem","position":1,"name":"Home","item":"https:\/\/akunq.net\/tr"},{"@type":"ListItem","position":2,"name":"Rusya Devlet Ba\u015fkani Vladimir Putin AB Konseyi Ba\u015fkan\u0131 Michel ile Karaba\u011f\u0131 konu\u015ftu"}]},{"@type":"WebSite","@id":"https:\/\/akunq.net\/tr\/#website","url":"https:\/\/akunq.net\/tr\/","name":"Bati Ermenistan Ve Bati Ermenileri Sorunlari Ara\u015ftirmalar Merkezi","description":"","potentialAction":[{"@type":"SearchAction","target":{"@type":"EntryPoint","urlTemplate":"https:\/\/akunq.net\/tr\/?s={search_term_string}"},"query-input":{"@type":"PropertyValueSpecification","valueRequired":true,"valueName":"search_term_string"}}],"inLanguage":"en-US"},{"@type":"Person","@id":"https:\/\/akunq.net\/tr\/#\/schema\/person\/096f1d38a12cce57fb855b485ed24c9e","name":"admin","url":"https:\/\/akunq.net\/tr\/?author=7"}]}},"_links":{"self":[{"href":"https:\/\/akunq.net\/tr\/index.php?rest_route=\/wp\/v2\/posts\/63193","targetHints":{"allow":["GET"]}}],"collection":[{"href":"https:\/\/akunq.net\/tr\/index.php?rest_route=\/wp\/v2\/posts"}],"about":[{"href":"https:\/\/akunq.net\/tr\/index.php?rest_route=\/wp\/v2\/types\/post"}],"author":[{"embeddable":true,"href":"https:\/\/akunq.net\/tr\/index.php?rest_route=\/wp\/v2\/users\/7"}],"replies":[{"embeddable":true,"href":"https:\/\/akunq.net\/tr\/index.php?rest_route=%2Fwp%2Fv2%2Fcomments&post=63193"}],"version-history":[{"count":1,"href":"https:\/\/akunq.net\/tr\/index.php?rest_route=\/wp\/v2\/posts\/63193\/revisions"}],"predecessor-version":[{"id":63195,"href":"https:\/\/akunq.net\/tr\/index.php?rest_route=\/wp\/v2\/posts\/63193\/revisions\/63195"}],"wp:featuredmedia":[{"embeddable":true,"href":"https:\/\/akunq.net\/tr\/index.php?rest_route=\/wp\/v2\/media\/63194"}],"wp:attachment":[{"href":"https:\/\/akunq.net\/tr\/index.php?rest_route=%2Fwp%2Fv2%2Fmedia&parent=63193"}],"wp:term":[{"taxonomy":"category","embeddable":true,"href":"https:\/\/akunq.net\/tr\/index.php?rest_route=%2Fwp%2Fv2%2Fcategories&post=63193"},{"taxonomy":"post_tag","embeddable":true,"href":"https:\/\/akunq.net\/tr\/index.php?rest_route=%2Fwp%2Fv2%2Ftags&post=63193"}],"curies":[{"name":"wp","href":"https:\/\/api.w.org\/{rel}","templated":true}]}}