{"id":63186,"date":"2021-06-07T08:57:30","date_gmt":"2021-06-07T13:57:30","guid":{"rendered":"https:\/\/akunq.net\/tr\/?p=63186"},"modified":"2021-06-07T08:57:30","modified_gmt":"2021-06-07T13:57:30","slug":"410-yillik-armas-manastiri-copluge-dondu","status":"publish","type":"post","link":"https:\/\/akunq.net\/tr\/?p=63186","title":{"rendered":"410 y\u0131ll\u0131k Arma\u015f Manast\u0131r\u0131 \u00e7\u00f6pl\u00fc\u011fe d\u00f6nd\u00fc"},"content":{"rendered":"<p><img loading=\"lazy\" decoding=\"async\" class=\"size-medium wp-image-63187 alignleft\" src=\"https:\/\/akunq.net\/tr\/wp-content\/uploads\/2021\/06\/armash-360x248.jpg\" alt=\"\" width=\"360\" height=\"248\" srcset=\"https:\/\/akunq.net\/tr\/wp-content\/uploads\/sites\/6\/2021\/06\/armash-360x248.jpg 360w, https:\/\/akunq.net\/tr\/wp-content\/uploads\/sites\/6\/2021\/06\/armash-768x528.jpg 768w, https:\/\/akunq.net\/tr\/wp-content\/uploads\/sites\/6\/2021\/06\/armash-560x385.jpg 560w, https:\/\/akunq.net\/tr\/wp-content\/uploads\/sites\/6\/2021\/06\/armash-260x179.jpg 260w, https:\/\/akunq.net\/tr\/wp-content\/uploads\/sites\/6\/2021\/06\/armash-160x110.jpg 160w, https:\/\/akunq.net\/tr\/wp-content\/uploads\/sites\/6\/2021\/06\/armash.jpg 1000w\" sizes=\"auto, (max-width: 360px) 100vw, 360px\" \/>Kocaeli&#8217;de 1611 y\u0131l\u0131nda kurulan Arma\u015f Manast\u0131r\u0131, \u00fczerinden ge\u00e7en 410 y\u0131la ra\u011fmen varl\u0131\u011f\u0131n\u0131 s\u00fcrd\u00fcr\u00fcyor. Ancak 1800&#8217;l\u00fc y\u0131llarda Ermeniler taraf\u0131ndan bir k\u0131sm\u0131 matbaa olarak kullan\u0131lan tarihi yap\u0131, bug\u00fcnlerde \u00e7\u00f6pl\u00fc\u011fe d\u00f6nm\u00fc\u015f durumda. B\u00f6lge halk\u0131, manast\u0131r\u0131n restore edilerek turizme kazand\u0131r\u0131lmas\u0131n\u0131 istiyor.<\/p>\n<p>Kocaeli&#8217;nin \u0130zmit il\u00e7esine ba\u011fl\u0131 Akme\u015fe b\u00f6lgesinde, 1611 y\u0131l\u0131nda \u0130ran Ermenileri taraf\u0131ndan kurulan &#8216;Arma\u015f Manast\u0131r\u0131&#8217; b\u00fcnyesinde yer alan tarihi yap\u0131, yok olmamak i\u00e7in direniyor.<\/p>\n<p>Akme\u015fe Cumhuriyet Mahallesi&#8217;nde bulunan tu\u011fla \u00f6rg\u00fcl\u00fc tarihi yap\u0131n\u0131n, 1800&#8217;l\u00fc y\u0131llardan Ermeniler taraf\u0131ndan matbaa olarak kullan\u0131ld\u0131\u011f\u0131 tarih kitaplar\u0131nda yer al\u0131yor.<\/p>\n<p>Etraf\u0131 yabani otlarla sar\u0131lan, zaman i\u00e7erisinde y\u0131pranan, ta\u015flar\u0131 d\u00f6k\u00fclen ve \u00e7\u00f6pl\u00fc\u011fe d\u00f6nen matbaa, terk edilmi\u015f \u00fcrk\u00fct\u00fcc\u00fc g\u00f6r\u00fcnt\u00fcs\u00fcyle g\u00f6renleri \u015fa\u015f\u0131rt\u0131yor.<\/p>\n<p>Harabeye d\u00f6nen matbaan\u0131n restore edilerek, turizme kazand\u0131r\u0131lmas\u0131n\u0131 talep eden b\u00f6lge halk\u0131, bu isteklerini Kocaeli B\u00fcy\u00fck\u015fehir Belediyesi&#8217;ne iletti. Tarihi yap\u0131n\u0131n, ilerleyen zamanlarda restore edilmesi bekleniyor.<\/p>\n<p><strong>&#8220;BU ESERE SAH\u0130P \u00c7IKMAMIZ LAZIM&#8221;<\/strong><\/p>\n<p>Tarihi yap\u0131n\u0131n, 1800&#8217;l\u00fc y\u0131llarda Ermenilerin ya\u015fad\u0131\u011f\u0131 s\u00fcrelerde matbaa olarak kullan\u0131ld\u0131\u011f\u0131n\u0131 ifade eden Cumhuriyet Mahalle Muhtar\u0131 Rahim Varol, &#8220;Bu tarihe sahip \u00e7\u0131kmak gerekiyor. Tarihi yap\u0131n\u0131n hemen yak\u0131n\u0131nda bir okulumuz bulunuyor. Bu matbaa, y\u0131k\u0131lmaya y\u00fcz tutmu\u015f bir tarihi eserimizdir. Konuyu, Kocaeli B\u00fcy\u00fck\u015fehir Belediye Ba\u015fkan\u0131m\u0131z Tahir B\u00fcy\u00fckak\u0131n&#8217;a ilettik. Kendisi de bunu g\u00fcndeme getirdi. San\u0131yorum ki ilerleyen s\u00fcre\u00e7lerde bu alan\u0131m\u0131zla ilgilenecektir&#8221; dedi.<\/p>\n<p><strong>&#8220;ESK\u0130 YATILI OKUL YOK OLDU, BU DA YOK OLMASIN&#8221;<\/strong><\/p>\n<p>Eserin, T\u00fcrkiye&#8217;nin en eski matbaalar\u0131ndan biri oldu\u011funu kaydeden Varol, \u015fu ifadeleri kulland\u0131:<\/p>\n<p>&#8220;Akme\u015fe&#8217;mizde ya\u015fayan bir i\u015f adam\u0131 ge\u00e7ti\u011fimiz d\u00f6nemlerde ufak bir restorasyon \u00e7al\u0131\u015fmas\u0131 yapmak i\u00e7in \u00e7al\u0131\u015fma ba\u015flatm\u0131\u015ft\u0131. Fakat baz\u0131 sebeplerden dolay\u0131 durduruldu. O zamandan bu yana yap\u0131lan hi\u00e7bir \u015fey yok.&#8221;<\/p>\n<p>Varol, &#8220;Akme\u015fe\u2019nin tarih kokan g\u00fczelli\u011fine sahip \u00e7\u0131kmam\u0131z laz\u0131m. En az\u0131ndan restore edilsin ve turistlere a\u00e7\u0131l\u0131r&#8221; ifadelerini kulland\u0131.<\/p>\n<p>&#8220;Zaman zaman turlarla gelenler var. Mahallemizdeki caminin hemen arkas\u0131nda eski yat\u0131l\u0131 b\u00f6lge okulumuz vard\u0131. Depremde \u00e7at\u0131s\u0131 y\u0131k\u0131ld\u0131\u011f\u0131 i\u00e7in y\u0131kt\u0131r\u0131ld\u0131 ve yerine yenisi yap\u0131ld\u0131&#8221; diye konu\u015fan Varol, &#8220;O yok oldu, bu yap\u0131n\u0131n da yok olmas\u0131na m\u00fcsaade edilmemeli. Bu matbaan\u0131n yap\u0131lmas\u0131ndan sonra b\u00fcy\u00fck kitlelerle turistlerin gelece\u011fine inan\u0131yorum. Biliyorsunuz ki Kuzey Marmara Otoyolu&#8217;nun Akme\u015fe \u00e7\u0131k\u0131\u015f\u0131 var. Bu ula\u015f\u0131m\u0131 da kolayla\u015ft\u0131rd\u0131. Yetkililerden bu yap\u0131ya sahip \u00e7\u0131kmalar\u0131n\u0131 bekliyoruz&#8221; \u015feklinde konu\u015ftu.<\/p>\n<p><strong><em>ntv.com.tr<\/em><\/strong><\/p>\n","protected":false},"excerpt":{"rendered":"<p>Kocaeli&#8217;de 1611 y\u0131l\u0131nda kurulan Arma\u015f Manast\u0131r\u0131, \u00fczerinden ge\u00e7en 410 y\u0131la ra\u011fmen varl\u0131\u011f\u0131n\u0131 s\u00fcrd\u00fcr\u00fcyor. Ancak 1800&#8217;l\u00fc y\u0131llarda Ermeniler taraf\u0131ndan bir k\u0131sm\u0131 matbaa olarak kullan\u0131lan tarihi yap\u0131, bug\u00fcnlerde \u00e7\u00f6pl\u00fc\u011fe d\u00f6nm\u00fc\u015f durumda. B\u00f6lge halk\u0131, manast\u0131r\u0131n restore edilerek turizme kazand\u0131r\u0131lmas\u0131n\u0131 istiyor. Kocaeli&#8217;nin \u0130zmit il\u00e7esine ba\u011fl\u0131 Akme\u015fe b\u00f6lgesinde, 1611 y\u0131l\u0131nda \u0130ran Ermenileri taraf\u0131ndan kurulan &#8216;Arma\u015f Manast\u0131r\u0131&#8217; b\u00fcnyesinde yer alan tarihi [&hellip;]<\/p>\n","protected":false},"author":7,"featured_media":63187,"comment_status":"open","ping_status":"open","sticky":false,"template":"","format":"standard","meta":{"footnotes":""},"categories":[1,16],"tags":[],"class_list":["post-63186","post","type-post","status-publish","format-standard","has-post-thumbnail","hentry","category-haberler","category-manastirlar-kiliseler"],"yoast_head":"<!-- This site is optimized with the Yoast SEO plugin v27.4 - https:\/\/yoast.com\/product\/yoast-seo-wordpress\/ -->\n<title>410 y\u0131ll\u0131k Arma\u015f Manast\u0131r\u0131 \u00e7\u00f6pl\u00fc\u011fe d\u00f6nd\u00fc - Bati Ermenistan Ve Bati Ermenileri Sorunlari Ara\u015ftirmalar Merkezi<\/title>\n<meta name=\"robots\" content=\"index, follow, max-snippet:-1, max-image-preview:large, max-video-preview:-1\" \/>\n<link rel=\"canonical\" href=\"https:\/\/akunq.net\/tr\/?p=63186\" \/>\n<meta property=\"og:locale\" content=\"en_US\" \/>\n<meta property=\"og:type\" content=\"article\" \/>\n<meta property=\"og:title\" content=\"410 y\u0131ll\u0131k Arma\u015f Manast\u0131r\u0131 \u00e7\u00f6pl\u00fc\u011fe d\u00f6nd\u00fc - Bati Ermenistan Ve Bati Ermenileri Sorunlari Ara\u015ftirmalar Merkezi\" \/>\n<meta property=\"og:description\" content=\"Kocaeli&#8217;de 1611 y\u0131l\u0131nda kurulan Arma\u015f Manast\u0131r\u0131, \u00fczerinden ge\u00e7en 410 y\u0131la ra\u011fmen varl\u0131\u011f\u0131n\u0131 s\u00fcrd\u00fcr\u00fcyor. Ancak 1800&#8217;l\u00fc y\u0131llarda Ermeniler taraf\u0131ndan bir k\u0131sm\u0131 matbaa olarak kullan\u0131lan tarihi yap\u0131, bug\u00fcnlerde \u00e7\u00f6pl\u00fc\u011fe d\u00f6nm\u00fc\u015f durumda. B\u00f6lge halk\u0131, manast\u0131r\u0131n restore edilerek turizme kazand\u0131r\u0131lmas\u0131n\u0131 istiyor. Kocaeli&#8217;nin \u0130zmit il\u00e7esine ba\u011fl\u0131 Akme\u015fe b\u00f6lgesinde, 1611 y\u0131l\u0131nda \u0130ran Ermenileri taraf\u0131ndan kurulan &#8216;Arma\u015f Manast\u0131r\u0131&#8217; b\u00fcnyesinde yer alan tarihi [&hellip;]\" \/>\n<meta property=\"og:url\" content=\"https:\/\/akunq.net\/tr\/?p=63186\" \/>\n<meta property=\"og:site_name\" content=\"Bati Ermenistan Ve Bati Ermenileri Sorunlari Ara\u015ftirmalar Merkezi\" \/>\n<meta property=\"article:published_time\" content=\"2021-06-07T13:57:30+00:00\" \/>\n<meta property=\"og:image\" content=\"https:\/\/akunq.net\/tr\/wp-content\/uploads\/sites\/6\/2021\/06\/armash.jpg\" \/>\n\t<meta property=\"og:image:width\" content=\"1000\" \/>\n\t<meta property=\"og:image:height\" content=\"688\" \/>\n\t<meta property=\"og:image:type\" content=\"image\/jpeg\" \/>\n<meta name=\"author\" content=\"admin\" \/>\n<meta name=\"twitter:card\" content=\"summary_large_image\" \/>\n<meta name=\"twitter:label1\" content=\"Written by\" \/>\n\t<meta name=\"twitter:data1\" content=\"admin\" \/>\n\t<meta name=\"twitter:label2\" content=\"Est. reading time\" \/>\n\t<meta name=\"twitter:data2\" content=\"2 minutes\" \/>\n<script type=\"application\/ld+json\" class=\"yoast-schema-graph\">{\"@context\":\"https:\\\/\\\/schema.org\",\"@graph\":[{\"@type\":\"Article\",\"@id\":\"https:\\\/\\\/akunq.net\\\/tr\\\/?p=63186#article\",\"isPartOf\":{\"@id\":\"https:\\\/\\\/akunq.net\\\/tr\\\/?p=63186\"},\"author\":{\"name\":\"admin\",\"@id\":\"https:\\\/\\\/akunq.net\\\/tr\\\/#\\\/schema\\\/person\\\/096f1d38a12cce57fb855b485ed24c9e\"},\"headline\":\"410 y\u0131ll\u0131k Arma\u015f Manast\u0131r\u0131 \u00e7\u00f6pl\u00fc\u011fe d\u00f6nd\u00fc\",\"datePublished\":\"2021-06-07T13:57:30+00:00\",\"mainEntityOfPage\":{\"@id\":\"https:\\\/\\\/akunq.net\\\/tr\\\/?p=63186\"},\"wordCount\":482,\"commentCount\":0,\"image\":{\"@id\":\"https:\\\/\\\/akunq.net\\\/tr\\\/?p=63186#primaryimage\"},\"thumbnailUrl\":\"https:\\\/\\\/akunq.net\\\/tr\\\/wp-content\\\/uploads\\\/sites\\\/6\\\/2021\\\/06\\\/armash.jpg\",\"articleSection\":[\"Haberler\",\"Manast\u0131rlar-Kiliseler\"],\"inLanguage\":\"en-US\",\"potentialAction\":[{\"@type\":\"CommentAction\",\"name\":\"Comment\",\"target\":[\"https:\\\/\\\/akunq.net\\\/tr\\\/?p=63186#respond\"]}]},{\"@type\":\"WebPage\",\"@id\":\"https:\\\/\\\/akunq.net\\\/tr\\\/?p=63186\",\"url\":\"https:\\\/\\\/akunq.net\\\/tr\\\/?p=63186\",\"name\":\"410 y\u0131ll\u0131k Arma\u015f Manast\u0131r\u0131 \u00e7\u00f6pl\u00fc\u011fe d\u00f6nd\u00fc - Bati Ermenistan Ve Bati Ermenileri Sorunlari Ara\u015ftirmalar Merkezi\",\"isPartOf\":{\"@id\":\"https:\\\/\\\/akunq.net\\\/tr\\\/#website\"},\"primaryImageOfPage\":{\"@id\":\"https:\\\/\\\/akunq.net\\\/tr\\\/?p=63186#primaryimage\"},\"image\":{\"@id\":\"https:\\\/\\\/akunq.net\\\/tr\\\/?p=63186#primaryimage\"},\"thumbnailUrl\":\"https:\\\/\\\/akunq.net\\\/tr\\\/wp-content\\\/uploads\\\/sites\\\/6\\\/2021\\\/06\\\/armash.jpg\",\"datePublished\":\"2021-06-07T13:57:30+00:00\",\"author\":{\"@id\":\"https:\\\/\\\/akunq.net\\\/tr\\\/#\\\/schema\\\/person\\\/096f1d38a12cce57fb855b485ed24c9e\"},\"breadcrumb\":{\"@id\":\"https:\\\/\\\/akunq.net\\\/tr\\\/?p=63186#breadcrumb\"},\"inLanguage\":\"en-US\",\"potentialAction\":[{\"@type\":\"ReadAction\",\"target\":[\"https:\\\/\\\/akunq.net\\\/tr\\\/?p=63186\"]}]},{\"@type\":\"ImageObject\",\"inLanguage\":\"en-US\",\"@id\":\"https:\\\/\\\/akunq.net\\\/tr\\\/?p=63186#primaryimage\",\"url\":\"https:\\\/\\\/akunq.net\\\/tr\\\/wp-content\\\/uploads\\\/sites\\\/6\\\/2021\\\/06\\\/armash.jpg\",\"contentUrl\":\"https:\\\/\\\/akunq.net\\\/tr\\\/wp-content\\\/uploads\\\/sites\\\/6\\\/2021\\\/06\\\/armash.jpg\",\"width\":1000,\"height\":688},{\"@type\":\"BreadcrumbList\",\"@id\":\"https:\\\/\\\/akunq.net\\\/tr\\\/?p=63186#breadcrumb\",\"itemListElement\":[{\"@type\":\"ListItem\",\"position\":1,\"name\":\"Home\",\"item\":\"https:\\\/\\\/akunq.net\\\/tr\"},{\"@type\":\"ListItem\",\"position\":2,\"name\":\"410 y\u0131ll\u0131k Arma\u015f Manast\u0131r\u0131 \u00e7\u00f6pl\u00fc\u011fe d\u00f6nd\u00fc\"}]},{\"@type\":\"WebSite\",\"@id\":\"https:\\\/\\\/akunq.net\\\/tr\\\/#website\",\"url\":\"https:\\\/\\\/akunq.net\\\/tr\\\/\",\"name\":\"Bati Ermenistan Ve Bati Ermenileri Sorunlari Ara\u015ftirmalar Merkezi\",\"description\":\"\",\"potentialAction\":[{\"@type\":\"SearchAction\",\"target\":{\"@type\":\"EntryPoint\",\"urlTemplate\":\"https:\\\/\\\/akunq.net\\\/tr\\\/?s={search_term_string}\"},\"query-input\":{\"@type\":\"PropertyValueSpecification\",\"valueRequired\":true,\"valueName\":\"search_term_string\"}}],\"inLanguage\":\"en-US\"},{\"@type\":\"Person\",\"@id\":\"https:\\\/\\\/akunq.net\\\/tr\\\/#\\\/schema\\\/person\\\/096f1d38a12cce57fb855b485ed24c9e\",\"name\":\"admin\",\"url\":\"https:\\\/\\\/akunq.net\\\/tr\\\/?author=7\"}]}<\/script>\n<!-- \/ Yoast SEO plugin. -->","yoast_head_json":{"title":"410 y\u0131ll\u0131k Arma\u015f Manast\u0131r\u0131 \u00e7\u00f6pl\u00fc\u011fe d\u00f6nd\u00fc - Bati Ermenistan Ve Bati Ermenileri Sorunlari Ara\u015ftirmalar Merkezi","robots":{"index":"index","follow":"follow","max-snippet":"max-snippet:-1","max-image-preview":"max-image-preview:large","max-video-preview":"max-video-preview:-1"},"canonical":"https:\/\/akunq.net\/tr\/?p=63186","og_locale":"en_US","og_type":"article","og_title":"410 y\u0131ll\u0131k Arma\u015f Manast\u0131r\u0131 \u00e7\u00f6pl\u00fc\u011fe d\u00f6nd\u00fc - Bati Ermenistan Ve Bati Ermenileri Sorunlari Ara\u015ftirmalar Merkezi","og_description":"Kocaeli&#8217;de 1611 y\u0131l\u0131nda kurulan Arma\u015f Manast\u0131r\u0131, \u00fczerinden ge\u00e7en 410 y\u0131la ra\u011fmen varl\u0131\u011f\u0131n\u0131 s\u00fcrd\u00fcr\u00fcyor. Ancak 1800&#8217;l\u00fc y\u0131llarda Ermeniler taraf\u0131ndan bir k\u0131sm\u0131 matbaa olarak kullan\u0131lan tarihi yap\u0131, bug\u00fcnlerde \u00e7\u00f6pl\u00fc\u011fe d\u00f6nm\u00fc\u015f durumda. B\u00f6lge halk\u0131, manast\u0131r\u0131n restore edilerek turizme kazand\u0131r\u0131lmas\u0131n\u0131 istiyor. Kocaeli&#8217;nin \u0130zmit il\u00e7esine ba\u011fl\u0131 Akme\u015fe b\u00f6lgesinde, 1611 y\u0131l\u0131nda \u0130ran Ermenileri taraf\u0131ndan kurulan &#8216;Arma\u015f Manast\u0131r\u0131&#8217; b\u00fcnyesinde yer alan tarihi [&hellip;]","og_url":"https:\/\/akunq.net\/tr\/?p=63186","og_site_name":"Bati Ermenistan Ve Bati Ermenileri Sorunlari Ara\u015ftirmalar Merkezi","article_published_time":"2021-06-07T13:57:30+00:00","og_image":[{"width":1000,"height":688,"url":"https:\/\/akunq.net\/tr\/wp-content\/uploads\/sites\/6\/2021\/06\/armash.jpg","type":"image\/jpeg"}],"author":"admin","twitter_card":"summary_large_image","twitter_misc":{"Written by":"admin","Est. reading time":"2 minutes"},"schema":{"@context":"https:\/\/schema.org","@graph":[{"@type":"Article","@id":"https:\/\/akunq.net\/tr\/?p=63186#article","isPartOf":{"@id":"https:\/\/akunq.net\/tr\/?p=63186"},"author":{"name":"admin","@id":"https:\/\/akunq.net\/tr\/#\/schema\/person\/096f1d38a12cce57fb855b485ed24c9e"},"headline":"410 y\u0131ll\u0131k Arma\u015f Manast\u0131r\u0131 \u00e7\u00f6pl\u00fc\u011fe d\u00f6nd\u00fc","datePublished":"2021-06-07T13:57:30+00:00","mainEntityOfPage":{"@id":"https:\/\/akunq.net\/tr\/?p=63186"},"wordCount":482,"commentCount":0,"image":{"@id":"https:\/\/akunq.net\/tr\/?p=63186#primaryimage"},"thumbnailUrl":"https:\/\/akunq.net\/tr\/wp-content\/uploads\/sites\/6\/2021\/06\/armash.jpg","articleSection":["Haberler","Manast\u0131rlar-Kiliseler"],"inLanguage":"en-US","potentialAction":[{"@type":"CommentAction","name":"Comment","target":["https:\/\/akunq.net\/tr\/?p=63186#respond"]}]},{"@type":"WebPage","@id":"https:\/\/akunq.net\/tr\/?p=63186","url":"https:\/\/akunq.net\/tr\/?p=63186","name":"410 y\u0131ll\u0131k Arma\u015f Manast\u0131r\u0131 \u00e7\u00f6pl\u00fc\u011fe d\u00f6nd\u00fc - Bati Ermenistan Ve Bati Ermenileri Sorunlari Ara\u015ftirmalar Merkezi","isPartOf":{"@id":"https:\/\/akunq.net\/tr\/#website"},"primaryImageOfPage":{"@id":"https:\/\/akunq.net\/tr\/?p=63186#primaryimage"},"image":{"@id":"https:\/\/akunq.net\/tr\/?p=63186#primaryimage"},"thumbnailUrl":"https:\/\/akunq.net\/tr\/wp-content\/uploads\/sites\/6\/2021\/06\/armash.jpg","datePublished":"2021-06-07T13:57:30+00:00","author":{"@id":"https:\/\/akunq.net\/tr\/#\/schema\/person\/096f1d38a12cce57fb855b485ed24c9e"},"breadcrumb":{"@id":"https:\/\/akunq.net\/tr\/?p=63186#breadcrumb"},"inLanguage":"en-US","potentialAction":[{"@type":"ReadAction","target":["https:\/\/akunq.net\/tr\/?p=63186"]}]},{"@type":"ImageObject","inLanguage":"en-US","@id":"https:\/\/akunq.net\/tr\/?p=63186#primaryimage","url":"https:\/\/akunq.net\/tr\/wp-content\/uploads\/sites\/6\/2021\/06\/armash.jpg","contentUrl":"https:\/\/akunq.net\/tr\/wp-content\/uploads\/sites\/6\/2021\/06\/armash.jpg","width":1000,"height":688},{"@type":"BreadcrumbList","@id":"https:\/\/akunq.net\/tr\/?p=63186#breadcrumb","itemListElement":[{"@type":"ListItem","position":1,"name":"Home","item":"https:\/\/akunq.net\/tr"},{"@type":"ListItem","position":2,"name":"410 y\u0131ll\u0131k Arma\u015f Manast\u0131r\u0131 \u00e7\u00f6pl\u00fc\u011fe d\u00f6nd\u00fc"}]},{"@type":"WebSite","@id":"https:\/\/akunq.net\/tr\/#website","url":"https:\/\/akunq.net\/tr\/","name":"Bati Ermenistan Ve Bati Ermenileri Sorunlari Ara\u015ftirmalar Merkezi","description":"","potentialAction":[{"@type":"SearchAction","target":{"@type":"EntryPoint","urlTemplate":"https:\/\/akunq.net\/tr\/?s={search_term_string}"},"query-input":{"@type":"PropertyValueSpecification","valueRequired":true,"valueName":"search_term_string"}}],"inLanguage":"en-US"},{"@type":"Person","@id":"https:\/\/akunq.net\/tr\/#\/schema\/person\/096f1d38a12cce57fb855b485ed24c9e","name":"admin","url":"https:\/\/akunq.net\/tr\/?author=7"}]}},"_links":{"self":[{"href":"https:\/\/akunq.net\/tr\/index.php?rest_route=\/wp\/v2\/posts\/63186","targetHints":{"allow":["GET"]}}],"collection":[{"href":"https:\/\/akunq.net\/tr\/index.php?rest_route=\/wp\/v2\/posts"}],"about":[{"href":"https:\/\/akunq.net\/tr\/index.php?rest_route=\/wp\/v2\/types\/post"}],"author":[{"embeddable":true,"href":"https:\/\/akunq.net\/tr\/index.php?rest_route=\/wp\/v2\/users\/7"}],"replies":[{"embeddable":true,"href":"https:\/\/akunq.net\/tr\/index.php?rest_route=%2Fwp%2Fv2%2Fcomments&post=63186"}],"version-history":[{"count":1,"href":"https:\/\/akunq.net\/tr\/index.php?rest_route=\/wp\/v2\/posts\/63186\/revisions"}],"predecessor-version":[{"id":63188,"href":"https:\/\/akunq.net\/tr\/index.php?rest_route=\/wp\/v2\/posts\/63186\/revisions\/63188"}],"wp:featuredmedia":[{"embeddable":true,"href":"https:\/\/akunq.net\/tr\/index.php?rest_route=\/wp\/v2\/media\/63187"}],"wp:attachment":[{"href":"https:\/\/akunq.net\/tr\/index.php?rest_route=%2Fwp%2Fv2%2Fmedia&parent=63186"}],"wp:term":[{"taxonomy":"category","embeddable":true,"href":"https:\/\/akunq.net\/tr\/index.php?rest_route=%2Fwp%2Fv2%2Fcategories&post=63186"},{"taxonomy":"post_tag","embeddable":true,"href":"https:\/\/akunq.net\/tr\/index.php?rest_route=%2Fwp%2Fv2%2Ftags&post=63186"}],"curies":[{"name":"wp","href":"https:\/\/api.w.org\/{rel}","templated":true}]}}