{"id":63183,"date":"2021-06-07T02:17:31","date_gmt":"2021-06-07T07:17:31","guid":{"rendered":"https:\/\/akunq.net\/tr\/?p=63183"},"modified":"2021-06-07T02:17:31","modified_gmt":"2021-06-07T07:17:31","slug":"brezilya-ermeni-diyakoslugu-ruhani-lideri-brezilyali-devlet-yetkilillerine-ermeni-soykiriminin-tanimasinin-onemini-anlatti","status":"publish","type":"post","link":"https:\/\/akunq.net\/tr\/?p=63183","title":{"rendered":"Brezilya Ermeni diyakoslu\u011fu ruhani lideri Brezilya\u2019l\u0131 devlet yetkilillerine Ermeni Soyk\u0131r\u0131m\u0131n\u0131n tan\u0131mas\u0131n\u0131n \u00f6nemini anlatt\u0131"},"content":{"rendered":"<p><img loading=\"lazy\" decoding=\"async\" class=\"size-medium wp-image-63184 alignleft\" src=\"https:\/\/akunq.net\/tr\/wp-content\/uploads\/2021\/06\/brazil-360x242.jpg\" alt=\"\" width=\"360\" height=\"242\" srcset=\"https:\/\/akunq.net\/tr\/wp-content\/uploads\/sites\/6\/2021\/06\/brazil-360x242.jpg 360w, https:\/\/akunq.net\/tr\/wp-content\/uploads\/sites\/6\/2021\/06\/brazil-560x376.jpg 560w, https:\/\/akunq.net\/tr\/wp-content\/uploads\/sites\/6\/2021\/06\/brazil-260x175.jpg 260w, https:\/\/akunq.net\/tr\/wp-content\/uploads\/sites\/6\/2021\/06\/brazil-160x107.jpg 160w, https:\/\/akunq.net\/tr\/wp-content\/uploads\/sites\/6\/2021\/06\/brazil.jpg 670w\" sizes=\"auto, (max-width: 360px) 100vw, 360px\" \/>Brezilya Ermeni diyakoslu\u011funun ruhani lideri Narek Piskopos Berberian ve diyakoslu\u011funun temsilciler konseyi sekreteri Andre Kisajekian Brezilya\u2019n\u0131n Ulusal Adalet Konseyi Ba\u015fkan\u0131 Louise Fux ile g\u00f6r\u00fc\u015fmede Ermeni Soyk\u0131r\u0131m\u0131n\u0131n tan\u0131nmas\u0131n\u0131 ele ald\u0131lar.<\/p>\n<p>G\u00f6r\u00fc\u015fme Koronavir\u00fcs pandemisi nedeniyle zoom program\u0131 ile d\u00fczenlendi.<\/p>\n<p>\u0130lk b\u00f6l\u00fcmde Narek Piskopos Berberian Ermeni ve Brezilyal\u0131 halklar\u0131n dostlu\u011funun peki\u015ftirilmesi a\u00e7\u0131s\u0131ndan Ermeni Soyk\u0131r\u0131m\u0131n\u0131n tan\u0131nmas\u0131n\u0131n \u00f6nemini vurgulad\u0131.<\/p>\n<p>Ermeni ruhani lider Brezilya\u2019n\u0131n Ulusal Adalet Konseyi Ba\u015fkan\u0131 Louise Fux\u2019a Osmanl\u0131 Devleti taraf\u0131ndan ger\u00e7ekle\u015ftirilen Ermenilerin kitlesel katliamlar\u0131n\u0131 yak\u0131ndan ara\u015ft\u0131rmas\u0131n\u0131 \u00f6nerdi.<\/p>\n<p>Ermeni Soyk\u0131r\u0131m\u0131ndan ziyade g\u00f6r\u00fc\u015fmede son Artsakh (Karaba\u011f) sava\u015f\u0131 s\u0131ras\u0131nda esir al\u0131nan Ermenilerin Azerbaycan taraf\u0131ndan iadel edilmesi gerekti\u011fini konu\u015fuldu. Narek Piskopos Berberian\u2019\u0131n ricas\u0131yla Louise Fux bu konuyu Brezilya h\u00fck\u00fcmetinin g\u00fcndemine ta\u015fyacak. Ayr\u0131ca, Narek Piskopos Berberian Brezilya\u2019n\u0131n Ulusal Adalet Konseyi Ba\u015fkan\u0131\u2019n\u0131 Ermenistan\u2019a davet etti.<\/p>\n<p><em><strong>ermenihaber.am\/tr<\/strong><\/em><\/p>\n","protected":false},"excerpt":{"rendered":"<p>Brezilya Ermeni diyakoslu\u011funun ruhani lideri Narek Piskopos Berberian ve diyakoslu\u011funun temsilciler konseyi sekreteri Andre Kisajekian Brezilya\u2019n\u0131n Ulusal Adalet Konseyi Ba\u015fkan\u0131 Louise Fux ile g\u00f6r\u00fc\u015fmede Ermeni Soyk\u0131r\u0131m\u0131n\u0131n tan\u0131nmas\u0131n\u0131 ele ald\u0131lar. G\u00f6r\u00fc\u015fme Koronavir\u00fcs pandemisi nedeniyle zoom program\u0131 ile d\u00fczenlendi. \u0130lk b\u00f6l\u00fcmde Narek Piskopos Berberian Ermeni ve Brezilyal\u0131 halklar\u0131n dostlu\u011funun peki\u015ftirilmesi a\u00e7\u0131s\u0131ndan Ermeni Soyk\u0131r\u0131m\u0131n\u0131n tan\u0131nmas\u0131n\u0131n \u00f6nemini vurgulad\u0131. Ermeni [&hellip;]<\/p>\n","protected":false},"author":7,"featured_media":63184,"comment_status":"open","ping_status":"open","sticky":false,"template":"","format":"standard","meta":{"footnotes":""},"categories":[44,1],"tags":[],"class_list":["post-63183","post","type-post","status-publish","format-standard","has-post-thumbnail","hentry","category-ermeni-soykirimi","category-haberler"],"yoast_head":"<!-- This site is optimized with the Yoast SEO plugin v27.4 - https:\/\/yoast.com\/product\/yoast-seo-wordpress\/ -->\n<title>Brezilya Ermeni diyakoslu\u011fu ruhani lideri Brezilya\u2019l\u0131 devlet yetkilillerine Ermeni Soyk\u0131r\u0131m\u0131n\u0131n tan\u0131mas\u0131n\u0131n \u00f6nemini anlatt\u0131 - Bati Ermenistan Ve Bati Ermenileri Sorunlari Ara\u015ftirmalar Merkezi<\/title>\n<meta name=\"robots\" content=\"index, follow, max-snippet:-1, max-image-preview:large, max-video-preview:-1\" \/>\n<link rel=\"canonical\" href=\"https:\/\/akunq.net\/tr\/?p=63183\" \/>\n<meta property=\"og:locale\" content=\"en_US\" \/>\n<meta property=\"og:type\" content=\"article\" \/>\n<meta property=\"og:title\" content=\"Brezilya Ermeni diyakoslu\u011fu ruhani lideri Brezilya\u2019l\u0131 devlet yetkilillerine Ermeni Soyk\u0131r\u0131m\u0131n\u0131n tan\u0131mas\u0131n\u0131n \u00f6nemini anlatt\u0131 - Bati Ermenistan Ve Bati Ermenileri Sorunlari Ara\u015ftirmalar Merkezi\" \/>\n<meta property=\"og:description\" content=\"Brezilya Ermeni diyakoslu\u011funun ruhani lideri Narek Piskopos Berberian ve diyakoslu\u011funun temsilciler konseyi sekreteri Andre Kisajekian Brezilya\u2019n\u0131n Ulusal Adalet Konseyi Ba\u015fkan\u0131 Louise Fux ile g\u00f6r\u00fc\u015fmede Ermeni Soyk\u0131r\u0131m\u0131n\u0131n tan\u0131nmas\u0131n\u0131 ele ald\u0131lar. G\u00f6r\u00fc\u015fme Koronavir\u00fcs pandemisi nedeniyle zoom program\u0131 ile d\u00fczenlendi. \u0130lk b\u00f6l\u00fcmde Narek Piskopos Berberian Ermeni ve Brezilyal\u0131 halklar\u0131n dostlu\u011funun peki\u015ftirilmesi a\u00e7\u0131s\u0131ndan Ermeni Soyk\u0131r\u0131m\u0131n\u0131n tan\u0131nmas\u0131n\u0131n \u00f6nemini vurgulad\u0131. Ermeni [&hellip;]\" \/>\n<meta property=\"og:url\" content=\"https:\/\/akunq.net\/tr\/?p=63183\" \/>\n<meta property=\"og:site_name\" content=\"Bati Ermenistan Ve Bati Ermenileri Sorunlari Ara\u015ftirmalar Merkezi\" \/>\n<meta property=\"article:published_time\" content=\"2021-06-07T07:17:31+00:00\" \/>\n<meta property=\"og:image\" content=\"https:\/\/akunq.net\/tr\/wp-content\/uploads\/sites\/6\/2021\/06\/brazil.jpg\" \/>\n\t<meta property=\"og:image:width\" content=\"670\" \/>\n\t<meta property=\"og:image:height\" content=\"450\" \/>\n\t<meta property=\"og:image:type\" content=\"image\/jpeg\" \/>\n<meta name=\"author\" content=\"admin\" \/>\n<meta name=\"twitter:card\" content=\"summary_large_image\" \/>\n<meta name=\"twitter:label1\" content=\"Written by\" \/>\n\t<meta name=\"twitter:data1\" content=\"admin\" \/>\n\t<meta name=\"twitter:label2\" content=\"Est. reading time\" \/>\n\t<meta name=\"twitter:data2\" content=\"1 minute\" \/>\n<script type=\"application\/ld+json\" class=\"yoast-schema-graph\">{\"@context\":\"https:\\\/\\\/schema.org\",\"@graph\":[{\"@type\":\"Article\",\"@id\":\"https:\\\/\\\/akunq.net\\\/tr\\\/?p=63183#article\",\"isPartOf\":{\"@id\":\"https:\\\/\\\/akunq.net\\\/tr\\\/?p=63183\"},\"author\":{\"name\":\"admin\",\"@id\":\"https:\\\/\\\/akunq.net\\\/tr\\\/#\\\/schema\\\/person\\\/096f1d38a12cce57fb855b485ed24c9e\"},\"headline\":\"Brezilya Ermeni diyakoslu\u011fu ruhani lideri Brezilya\u2019l\u0131 devlet yetkilillerine Ermeni Soyk\u0131r\u0131m\u0131n\u0131n tan\u0131mas\u0131n\u0131n \u00f6nemini anlatt\u0131\",\"datePublished\":\"2021-06-07T07:17:31+00:00\",\"mainEntityOfPage\":{\"@id\":\"https:\\\/\\\/akunq.net\\\/tr\\\/?p=63183\"},\"wordCount\":208,\"commentCount\":0,\"image\":{\"@id\":\"https:\\\/\\\/akunq.net\\\/tr\\\/?p=63183#primaryimage\"},\"thumbnailUrl\":\"https:\\\/\\\/akunq.net\\\/tr\\\/wp-content\\\/uploads\\\/sites\\\/6\\\/2021\\\/06\\\/brazil.jpg\",\"articleSection\":[\"Ermeni Soyk\u0131r\u0131m\u0131\",\"Haberler\"],\"inLanguage\":\"en-US\",\"potentialAction\":[{\"@type\":\"CommentAction\",\"name\":\"Comment\",\"target\":[\"https:\\\/\\\/akunq.net\\\/tr\\\/?p=63183#respond\"]}]},{\"@type\":\"WebPage\",\"@id\":\"https:\\\/\\\/akunq.net\\\/tr\\\/?p=63183\",\"url\":\"https:\\\/\\\/akunq.net\\\/tr\\\/?p=63183\",\"name\":\"Brezilya Ermeni diyakoslu\u011fu ruhani lideri Brezilya\u2019l\u0131 devlet yetkilillerine Ermeni Soyk\u0131r\u0131m\u0131n\u0131n tan\u0131mas\u0131n\u0131n \u00f6nemini anlatt\u0131 - Bati Ermenistan Ve Bati Ermenileri Sorunlari Ara\u015ftirmalar Merkezi\",\"isPartOf\":{\"@id\":\"https:\\\/\\\/akunq.net\\\/tr\\\/#website\"},\"primaryImageOfPage\":{\"@id\":\"https:\\\/\\\/akunq.net\\\/tr\\\/?p=63183#primaryimage\"},\"image\":{\"@id\":\"https:\\\/\\\/akunq.net\\\/tr\\\/?p=63183#primaryimage\"},\"thumbnailUrl\":\"https:\\\/\\\/akunq.net\\\/tr\\\/wp-content\\\/uploads\\\/sites\\\/6\\\/2021\\\/06\\\/brazil.jpg\",\"datePublished\":\"2021-06-07T07:17:31+00:00\",\"author\":{\"@id\":\"https:\\\/\\\/akunq.net\\\/tr\\\/#\\\/schema\\\/person\\\/096f1d38a12cce57fb855b485ed24c9e\"},\"breadcrumb\":{\"@id\":\"https:\\\/\\\/akunq.net\\\/tr\\\/?p=63183#breadcrumb\"},\"inLanguage\":\"en-US\",\"potentialAction\":[{\"@type\":\"ReadAction\",\"target\":[\"https:\\\/\\\/akunq.net\\\/tr\\\/?p=63183\"]}]},{\"@type\":\"ImageObject\",\"inLanguage\":\"en-US\",\"@id\":\"https:\\\/\\\/akunq.net\\\/tr\\\/?p=63183#primaryimage\",\"url\":\"https:\\\/\\\/akunq.net\\\/tr\\\/wp-content\\\/uploads\\\/sites\\\/6\\\/2021\\\/06\\\/brazil.jpg\",\"contentUrl\":\"https:\\\/\\\/akunq.net\\\/tr\\\/wp-content\\\/uploads\\\/sites\\\/6\\\/2021\\\/06\\\/brazil.jpg\",\"width\":670,\"height\":450},{\"@type\":\"BreadcrumbList\",\"@id\":\"https:\\\/\\\/akunq.net\\\/tr\\\/?p=63183#breadcrumb\",\"itemListElement\":[{\"@type\":\"ListItem\",\"position\":1,\"name\":\"Home\",\"item\":\"https:\\\/\\\/akunq.net\\\/tr\"},{\"@type\":\"ListItem\",\"position\":2,\"name\":\"Brezilya Ermeni diyakoslu\u011fu ruhani lideri Brezilya\u2019l\u0131 devlet yetkilillerine Ermeni Soyk\u0131r\u0131m\u0131n\u0131n tan\u0131mas\u0131n\u0131n \u00f6nemini anlatt\u0131\"}]},{\"@type\":\"WebSite\",\"@id\":\"https:\\\/\\\/akunq.net\\\/tr\\\/#website\",\"url\":\"https:\\\/\\\/akunq.net\\\/tr\\\/\",\"name\":\"Bati Ermenistan Ve Bati Ermenileri Sorunlari Ara\u015ftirmalar Merkezi\",\"description\":\"\",\"potentialAction\":[{\"@type\":\"SearchAction\",\"target\":{\"@type\":\"EntryPoint\",\"urlTemplate\":\"https:\\\/\\\/akunq.net\\\/tr\\\/?s={search_term_string}\"},\"query-input\":{\"@type\":\"PropertyValueSpecification\",\"valueRequired\":true,\"valueName\":\"search_term_string\"}}],\"inLanguage\":\"en-US\"},{\"@type\":\"Person\",\"@id\":\"https:\\\/\\\/akunq.net\\\/tr\\\/#\\\/schema\\\/person\\\/096f1d38a12cce57fb855b485ed24c9e\",\"name\":\"admin\",\"url\":\"https:\\\/\\\/akunq.net\\\/tr\\\/?author=7\"}]}<\/script>\n<!-- \/ Yoast SEO plugin. -->","yoast_head_json":{"title":"Brezilya Ermeni diyakoslu\u011fu ruhani lideri Brezilya\u2019l\u0131 devlet yetkilillerine Ermeni Soyk\u0131r\u0131m\u0131n\u0131n tan\u0131mas\u0131n\u0131n \u00f6nemini anlatt\u0131 - Bati Ermenistan Ve Bati Ermenileri Sorunlari Ara\u015ftirmalar Merkezi","robots":{"index":"index","follow":"follow","max-snippet":"max-snippet:-1","max-image-preview":"max-image-preview:large","max-video-preview":"max-video-preview:-1"},"canonical":"https:\/\/akunq.net\/tr\/?p=63183","og_locale":"en_US","og_type":"article","og_title":"Brezilya Ermeni diyakoslu\u011fu ruhani lideri Brezilya\u2019l\u0131 devlet yetkilillerine Ermeni Soyk\u0131r\u0131m\u0131n\u0131n tan\u0131mas\u0131n\u0131n \u00f6nemini anlatt\u0131 - Bati Ermenistan Ve Bati Ermenileri Sorunlari Ara\u015ftirmalar Merkezi","og_description":"Brezilya Ermeni diyakoslu\u011funun ruhani lideri Narek Piskopos Berberian ve diyakoslu\u011funun temsilciler konseyi sekreteri Andre Kisajekian Brezilya\u2019n\u0131n Ulusal Adalet Konseyi Ba\u015fkan\u0131 Louise Fux ile g\u00f6r\u00fc\u015fmede Ermeni Soyk\u0131r\u0131m\u0131n\u0131n tan\u0131nmas\u0131n\u0131 ele ald\u0131lar. G\u00f6r\u00fc\u015fme Koronavir\u00fcs pandemisi nedeniyle zoom program\u0131 ile d\u00fczenlendi. \u0130lk b\u00f6l\u00fcmde Narek Piskopos Berberian Ermeni ve Brezilyal\u0131 halklar\u0131n dostlu\u011funun peki\u015ftirilmesi a\u00e7\u0131s\u0131ndan Ermeni Soyk\u0131r\u0131m\u0131n\u0131n tan\u0131nmas\u0131n\u0131n \u00f6nemini vurgulad\u0131. Ermeni [&hellip;]","og_url":"https:\/\/akunq.net\/tr\/?p=63183","og_site_name":"Bati Ermenistan Ve Bati Ermenileri Sorunlari Ara\u015ftirmalar Merkezi","article_published_time":"2021-06-07T07:17:31+00:00","og_image":[{"width":670,"height":450,"url":"https:\/\/akunq.net\/tr\/wp-content\/uploads\/sites\/6\/2021\/06\/brazil.jpg","type":"image\/jpeg"}],"author":"admin","twitter_card":"summary_large_image","twitter_misc":{"Written by":"admin","Est. reading time":"1 minute"},"schema":{"@context":"https:\/\/schema.org","@graph":[{"@type":"Article","@id":"https:\/\/akunq.net\/tr\/?p=63183#article","isPartOf":{"@id":"https:\/\/akunq.net\/tr\/?p=63183"},"author":{"name":"admin","@id":"https:\/\/akunq.net\/tr\/#\/schema\/person\/096f1d38a12cce57fb855b485ed24c9e"},"headline":"Brezilya Ermeni diyakoslu\u011fu ruhani lideri Brezilya\u2019l\u0131 devlet yetkilillerine Ermeni Soyk\u0131r\u0131m\u0131n\u0131n tan\u0131mas\u0131n\u0131n \u00f6nemini anlatt\u0131","datePublished":"2021-06-07T07:17:31+00:00","mainEntityOfPage":{"@id":"https:\/\/akunq.net\/tr\/?p=63183"},"wordCount":208,"commentCount":0,"image":{"@id":"https:\/\/akunq.net\/tr\/?p=63183#primaryimage"},"thumbnailUrl":"https:\/\/akunq.net\/tr\/wp-content\/uploads\/sites\/6\/2021\/06\/brazil.jpg","articleSection":["Ermeni Soyk\u0131r\u0131m\u0131","Haberler"],"inLanguage":"en-US","potentialAction":[{"@type":"CommentAction","name":"Comment","target":["https:\/\/akunq.net\/tr\/?p=63183#respond"]}]},{"@type":"WebPage","@id":"https:\/\/akunq.net\/tr\/?p=63183","url":"https:\/\/akunq.net\/tr\/?p=63183","name":"Brezilya Ermeni diyakoslu\u011fu ruhani lideri Brezilya\u2019l\u0131 devlet yetkilillerine Ermeni Soyk\u0131r\u0131m\u0131n\u0131n tan\u0131mas\u0131n\u0131n \u00f6nemini anlatt\u0131 - Bati Ermenistan Ve Bati Ermenileri Sorunlari Ara\u015ftirmalar Merkezi","isPartOf":{"@id":"https:\/\/akunq.net\/tr\/#website"},"primaryImageOfPage":{"@id":"https:\/\/akunq.net\/tr\/?p=63183#primaryimage"},"image":{"@id":"https:\/\/akunq.net\/tr\/?p=63183#primaryimage"},"thumbnailUrl":"https:\/\/akunq.net\/tr\/wp-content\/uploads\/sites\/6\/2021\/06\/brazil.jpg","datePublished":"2021-06-07T07:17:31+00:00","author":{"@id":"https:\/\/akunq.net\/tr\/#\/schema\/person\/096f1d38a12cce57fb855b485ed24c9e"},"breadcrumb":{"@id":"https:\/\/akunq.net\/tr\/?p=63183#breadcrumb"},"inLanguage":"en-US","potentialAction":[{"@type":"ReadAction","target":["https:\/\/akunq.net\/tr\/?p=63183"]}]},{"@type":"ImageObject","inLanguage":"en-US","@id":"https:\/\/akunq.net\/tr\/?p=63183#primaryimage","url":"https:\/\/akunq.net\/tr\/wp-content\/uploads\/sites\/6\/2021\/06\/brazil.jpg","contentUrl":"https:\/\/akunq.net\/tr\/wp-content\/uploads\/sites\/6\/2021\/06\/brazil.jpg","width":670,"height":450},{"@type":"BreadcrumbList","@id":"https:\/\/akunq.net\/tr\/?p=63183#breadcrumb","itemListElement":[{"@type":"ListItem","position":1,"name":"Home","item":"https:\/\/akunq.net\/tr"},{"@type":"ListItem","position":2,"name":"Brezilya Ermeni diyakoslu\u011fu ruhani lideri Brezilya\u2019l\u0131 devlet yetkilillerine Ermeni Soyk\u0131r\u0131m\u0131n\u0131n tan\u0131mas\u0131n\u0131n \u00f6nemini anlatt\u0131"}]},{"@type":"WebSite","@id":"https:\/\/akunq.net\/tr\/#website","url":"https:\/\/akunq.net\/tr\/","name":"Bati Ermenistan Ve Bati Ermenileri Sorunlari Ara\u015ftirmalar Merkezi","description":"","potentialAction":[{"@type":"SearchAction","target":{"@type":"EntryPoint","urlTemplate":"https:\/\/akunq.net\/tr\/?s={search_term_string}"},"query-input":{"@type":"PropertyValueSpecification","valueRequired":true,"valueName":"search_term_string"}}],"inLanguage":"en-US"},{"@type":"Person","@id":"https:\/\/akunq.net\/tr\/#\/schema\/person\/096f1d38a12cce57fb855b485ed24c9e","name":"admin","url":"https:\/\/akunq.net\/tr\/?author=7"}]}},"_links":{"self":[{"href":"https:\/\/akunq.net\/tr\/index.php?rest_route=\/wp\/v2\/posts\/63183","targetHints":{"allow":["GET"]}}],"collection":[{"href":"https:\/\/akunq.net\/tr\/index.php?rest_route=\/wp\/v2\/posts"}],"about":[{"href":"https:\/\/akunq.net\/tr\/index.php?rest_route=\/wp\/v2\/types\/post"}],"author":[{"embeddable":true,"href":"https:\/\/akunq.net\/tr\/index.php?rest_route=\/wp\/v2\/users\/7"}],"replies":[{"embeddable":true,"href":"https:\/\/akunq.net\/tr\/index.php?rest_route=%2Fwp%2Fv2%2Fcomments&post=63183"}],"version-history":[{"count":1,"href":"https:\/\/akunq.net\/tr\/index.php?rest_route=\/wp\/v2\/posts\/63183\/revisions"}],"predecessor-version":[{"id":63185,"href":"https:\/\/akunq.net\/tr\/index.php?rest_route=\/wp\/v2\/posts\/63183\/revisions\/63185"}],"wp:featuredmedia":[{"embeddable":true,"href":"https:\/\/akunq.net\/tr\/index.php?rest_route=\/wp\/v2\/media\/63184"}],"wp:attachment":[{"href":"https:\/\/akunq.net\/tr\/index.php?rest_route=%2Fwp%2Fv2%2Fmedia&parent=63183"}],"wp:term":[{"taxonomy":"category","embeddable":true,"href":"https:\/\/akunq.net\/tr\/index.php?rest_route=%2Fwp%2Fv2%2Fcategories&post=63183"},{"taxonomy":"post_tag","embeddable":true,"href":"https:\/\/akunq.net\/tr\/index.php?rest_route=%2Fwp%2Fv2%2Ftags&post=63183"}],"curies":[{"name":"wp","href":"https:\/\/api.w.org\/{rel}","templated":true}]}}