{"id":63165,"date":"2021-06-04T02:36:00","date_gmt":"2021-06-04T07:36:00","guid":{"rendered":"https:\/\/akunq.net\/tr\/?p=63165"},"modified":"2021-06-04T02:36:00","modified_gmt":"2021-06-04T07:36:00","slug":"beyaz-saray-biden-erdogan-gorusmesi-14-haziranda-yapilacak","status":"publish","type":"post","link":"https:\/\/akunq.net\/tr\/?p=63165","title":{"rendered":"Beyaz Saray: Biden-Erdo\u011fan g\u00f6r\u00fc\u015fmesi 14 Haziran\u2019da yap\u0131lacak"},"content":{"rendered":"<p><img loading=\"lazy\" decoding=\"async\" class=\"wp-image-63166 size-medium alignleft\" src=\"https:\/\/akunq.net\/tr\/wp-content\/uploads\/2021\/06\/bayden-e1622792135145-360x249.jpg\" alt=\"\" width=\"360\" height=\"249\" srcset=\"https:\/\/akunq.net\/tr\/wp-content\/uploads\/sites\/6\/2021\/06\/bayden-e1622792135145-360x249.jpg 360w, https:\/\/akunq.net\/tr\/wp-content\/uploads\/sites\/6\/2021\/06\/bayden-e1622792135145-260x180.jpg 260w, https:\/\/akunq.net\/tr\/wp-content\/uploads\/sites\/6\/2021\/06\/bayden-e1622792135145-160x110.jpg 160w, https:\/\/akunq.net\/tr\/wp-content\/uploads\/sites\/6\/2021\/06\/bayden-e1622792135145.jpg 559w\" sizes=\"auto, (max-width: 360px) 100vw, 360px\" \/>Beyaz Saray, ABD Ba\u015fkan\u0131 Joe Biden ile Cumhurba\u015fkan\u0131 Tayyip Erdo\u011fan aras\u0131ndaki g\u00f6r\u00fc\u015fmenin 14 Haziran\u2019da yap\u0131laca\u011f\u0131n\u0131 a\u00e7\u0131klad\u0131.<\/p>\n<p>Beyaz Saray, ABD Ba\u015fkan\u0131 Joe Biden\u2019\u0131n gelecek hafta yapaca\u011f\u0131 ilk deniz a\u015f\u0131r\u0131 seyahatindeki program\u0131n\u0131 a\u00e7\u0131klad\u0131. Buna g\u00f6re, Biden ile Cumhurba\u015fkan\u0131 Tayyip Erdo\u011fan aras\u0131ndaki g\u00f6r\u00fc\u015fme 14 Haziran\u2019da yap\u0131lacak.<br \/>\nBeyaz Saray\u2019dan yap\u0131lan a\u00e7\u0131klamaya g\u00f6re, Biden 10 Haziran\u2019da gidece\u011fi \u0130ngiltere\u2019de G7 zirvesine kat\u0131lacak ve \u0130ngiltere Ba\u015fbakan\u0131 Boris Johnson\u2019la bir araya gelecek. Biden ve e\u015fi Jill Biden\u2019\u0131n, 13 Haziran\u2019da \u0130ngiltere Krali\u00e7esi 2. Elizabeth\u2019le de Windsor \u015eatosu\u2019nda bir araya gelecekleri a\u00e7\u0131kland\u0131.<\/p>\n<p>ABD Ba\u015fkan\u0131 14 Haziran\u2019da Br\u00fcksel\u2019deki NATO zirvesine kat\u0131lacak; zirve s\u0131ras\u0131nda Erdo\u011fan\u2019la da g\u00f6r\u00fc\u015fecek. \u0130ki liderin g\u00f6r\u00fc\u015fme karar\u0131, Biden\u2019\u0131n Ermeni Soyk\u0131r\u0131m\u0131\u2019n\u0131 tan\u0131ma karar\u0131 vesilesiyle Erdo\u011fan\u2019\u0131 arad\u0131\u011f\u0131 telefon konu\u015fmas\u0131nda al\u0131nm\u0131\u015ft\u0131. Biden\u2019\u0131n 15 Haziran\u2019da Br\u00fcksel\u2019de ABD-Avrupa Birli\u011fi zirvesine de kat\u0131laca\u011f\u0131 belirtildi. ABD Ba\u015fkan\u0131\u2019n\u0131n, 16 Haziran\u2019da Cenevre\u2019de Rusya Devlet Ba\u015fkan\u0131 Vladimir Putin\u2019le de bir g\u00f6r\u00fc\u015fme ger\u00e7ekle\u015ftirmesi bekleniyor.<\/p>\n<p><em><strong>birgun.net<\/strong><\/em><\/p>\n","protected":false},"excerpt":{"rendered":"<p>Beyaz Saray, ABD Ba\u015fkan\u0131 Joe Biden ile Cumhurba\u015fkan\u0131 Tayyip Erdo\u011fan aras\u0131ndaki g\u00f6r\u00fc\u015fmenin 14 Haziran\u2019da yap\u0131laca\u011f\u0131n\u0131 a\u00e7\u0131klad\u0131. Beyaz Saray, ABD Ba\u015fkan\u0131 Joe Biden\u2019\u0131n gelecek hafta yapaca\u011f\u0131 ilk deniz a\u015f\u0131r\u0131 seyahatindeki program\u0131n\u0131 a\u00e7\u0131klad\u0131. Buna g\u00f6re, Biden ile Cumhurba\u015fkan\u0131 Tayyip Erdo\u011fan aras\u0131ndaki g\u00f6r\u00fc\u015fme 14 Haziran\u2019da yap\u0131lacak. Beyaz Saray\u2019dan yap\u0131lan a\u00e7\u0131klamaya g\u00f6re, Biden 10 Haziran\u2019da gidece\u011fi \u0130ngiltere\u2019de G7 zirvesine [&hellip;]<\/p>\n","protected":false},"author":7,"featured_media":63166,"comment_status":"open","ping_status":"open","sticky":false,"template":"","format":"standard","meta":{"footnotes":""},"categories":[1],"tags":[],"class_list":["post-63165","post","type-post","status-publish","format-standard","has-post-thumbnail","hentry","category-haberler"],"yoast_head":"<!-- This site is optimized with the Yoast SEO plugin v27.4 - https:\/\/yoast.com\/product\/yoast-seo-wordpress\/ -->\n<title>Beyaz Saray: Biden-Erdo\u011fan g\u00f6r\u00fc\u015fmesi 14 Haziran\u2019da yap\u0131lacak - Bati Ermenistan Ve Bati Ermenileri Sorunlari Ara\u015ftirmalar Merkezi<\/title>\n<meta name=\"robots\" content=\"index, follow, max-snippet:-1, max-image-preview:large, max-video-preview:-1\" \/>\n<link rel=\"canonical\" href=\"https:\/\/akunq.net\/tr\/?p=63165\" \/>\n<meta property=\"og:locale\" content=\"en_US\" \/>\n<meta property=\"og:type\" content=\"article\" \/>\n<meta property=\"og:title\" content=\"Beyaz Saray: Biden-Erdo\u011fan g\u00f6r\u00fc\u015fmesi 14 Haziran\u2019da yap\u0131lacak - Bati Ermenistan Ve Bati Ermenileri Sorunlari Ara\u015ftirmalar Merkezi\" \/>\n<meta property=\"og:description\" content=\"Beyaz Saray, ABD Ba\u015fkan\u0131 Joe Biden ile Cumhurba\u015fkan\u0131 Tayyip Erdo\u011fan aras\u0131ndaki g\u00f6r\u00fc\u015fmenin 14 Haziran\u2019da yap\u0131laca\u011f\u0131n\u0131 a\u00e7\u0131klad\u0131. Beyaz Saray, ABD Ba\u015fkan\u0131 Joe Biden\u2019\u0131n gelecek hafta yapaca\u011f\u0131 ilk deniz a\u015f\u0131r\u0131 seyahatindeki program\u0131n\u0131 a\u00e7\u0131klad\u0131. Buna g\u00f6re, Biden ile Cumhurba\u015fkan\u0131 Tayyip Erdo\u011fan aras\u0131ndaki g\u00f6r\u00fc\u015fme 14 Haziran\u2019da yap\u0131lacak. Beyaz Saray\u2019dan yap\u0131lan a\u00e7\u0131klamaya g\u00f6re, Biden 10 Haziran\u2019da gidece\u011fi \u0130ngiltere\u2019de G7 zirvesine [&hellip;]\" \/>\n<meta property=\"og:url\" content=\"https:\/\/akunq.net\/tr\/?p=63165\" \/>\n<meta property=\"og:site_name\" content=\"Bati Ermenistan Ve Bati Ermenileri Sorunlari Ara\u015ftirmalar Merkezi\" \/>\n<meta property=\"article:published_time\" content=\"2021-06-04T07:36:00+00:00\" \/>\n<meta property=\"og:image\" content=\"https:\/\/akunq.net\/tr\/wp-content\/uploads\/sites\/6\/2021\/06\/bayden-e1622792135145.jpg\" \/>\n\t<meta property=\"og:image:width\" content=\"559\" \/>\n\t<meta property=\"og:image:height\" content=\"386\" \/>\n\t<meta property=\"og:image:type\" content=\"image\/jpeg\" \/>\n<meta name=\"author\" content=\"admin\" \/>\n<meta name=\"twitter:card\" content=\"summary_large_image\" \/>\n<meta name=\"twitter:label1\" content=\"Written by\" \/>\n\t<meta name=\"twitter:data1\" content=\"admin\" \/>\n\t<meta name=\"twitter:label2\" content=\"Est. reading time\" \/>\n\t<meta name=\"twitter:data2\" content=\"1 minute\" \/>\n<script type=\"application\/ld+json\" class=\"yoast-schema-graph\">{\"@context\":\"https:\\\/\\\/schema.org\",\"@graph\":[{\"@type\":\"Article\",\"@id\":\"https:\\\/\\\/akunq.net\\\/tr\\\/?p=63165#article\",\"isPartOf\":{\"@id\":\"https:\\\/\\\/akunq.net\\\/tr\\\/?p=63165\"},\"author\":{\"name\":\"admin\",\"@id\":\"https:\\\/\\\/akunq.net\\\/tr\\\/#\\\/schema\\\/person\\\/096f1d38a12cce57fb855b485ed24c9e\"},\"headline\":\"Beyaz Saray: Biden-Erdo\u011fan g\u00f6r\u00fc\u015fmesi 14 Haziran\u2019da yap\u0131lacak\",\"datePublished\":\"2021-06-04T07:36:00+00:00\",\"mainEntityOfPage\":{\"@id\":\"https:\\\/\\\/akunq.net\\\/tr\\\/?p=63165\"},\"wordCount\":220,\"commentCount\":0,\"image\":{\"@id\":\"https:\\\/\\\/akunq.net\\\/tr\\\/?p=63165#primaryimage\"},\"thumbnailUrl\":\"https:\\\/\\\/akunq.net\\\/tr\\\/wp-content\\\/uploads\\\/sites\\\/6\\\/2021\\\/06\\\/bayden-e1622792135145.jpg\",\"articleSection\":[\"Haberler\"],\"inLanguage\":\"en-US\",\"potentialAction\":[{\"@type\":\"CommentAction\",\"name\":\"Comment\",\"target\":[\"https:\\\/\\\/akunq.net\\\/tr\\\/?p=63165#respond\"]}]},{\"@type\":\"WebPage\",\"@id\":\"https:\\\/\\\/akunq.net\\\/tr\\\/?p=63165\",\"url\":\"https:\\\/\\\/akunq.net\\\/tr\\\/?p=63165\",\"name\":\"Beyaz Saray: Biden-Erdo\u011fan g\u00f6r\u00fc\u015fmesi 14 Haziran\u2019da yap\u0131lacak - Bati Ermenistan Ve Bati Ermenileri Sorunlari Ara\u015ftirmalar Merkezi\",\"isPartOf\":{\"@id\":\"https:\\\/\\\/akunq.net\\\/tr\\\/#website\"},\"primaryImageOfPage\":{\"@id\":\"https:\\\/\\\/akunq.net\\\/tr\\\/?p=63165#primaryimage\"},\"image\":{\"@id\":\"https:\\\/\\\/akunq.net\\\/tr\\\/?p=63165#primaryimage\"},\"thumbnailUrl\":\"https:\\\/\\\/akunq.net\\\/tr\\\/wp-content\\\/uploads\\\/sites\\\/6\\\/2021\\\/06\\\/bayden-e1622792135145.jpg\",\"datePublished\":\"2021-06-04T07:36:00+00:00\",\"author\":{\"@id\":\"https:\\\/\\\/akunq.net\\\/tr\\\/#\\\/schema\\\/person\\\/096f1d38a12cce57fb855b485ed24c9e\"},\"breadcrumb\":{\"@id\":\"https:\\\/\\\/akunq.net\\\/tr\\\/?p=63165#breadcrumb\"},\"inLanguage\":\"en-US\",\"potentialAction\":[{\"@type\":\"ReadAction\",\"target\":[\"https:\\\/\\\/akunq.net\\\/tr\\\/?p=63165\"]}]},{\"@type\":\"ImageObject\",\"inLanguage\":\"en-US\",\"@id\":\"https:\\\/\\\/akunq.net\\\/tr\\\/?p=63165#primaryimage\",\"url\":\"https:\\\/\\\/akunq.net\\\/tr\\\/wp-content\\\/uploads\\\/sites\\\/6\\\/2021\\\/06\\\/bayden-e1622792135145.jpg\",\"contentUrl\":\"https:\\\/\\\/akunq.net\\\/tr\\\/wp-content\\\/uploads\\\/sites\\\/6\\\/2021\\\/06\\\/bayden-e1622792135145.jpg\",\"width\":559,\"height\":386},{\"@type\":\"BreadcrumbList\",\"@id\":\"https:\\\/\\\/akunq.net\\\/tr\\\/?p=63165#breadcrumb\",\"itemListElement\":[{\"@type\":\"ListItem\",\"position\":1,\"name\":\"Home\",\"item\":\"https:\\\/\\\/akunq.net\\\/tr\"},{\"@type\":\"ListItem\",\"position\":2,\"name\":\"Beyaz Saray: Biden-Erdo\u011fan g\u00f6r\u00fc\u015fmesi 14 Haziran\u2019da yap\u0131lacak\"}]},{\"@type\":\"WebSite\",\"@id\":\"https:\\\/\\\/akunq.net\\\/tr\\\/#website\",\"url\":\"https:\\\/\\\/akunq.net\\\/tr\\\/\",\"name\":\"Bati Ermenistan Ve Bati Ermenileri Sorunlari Ara\u015ftirmalar Merkezi\",\"description\":\"\",\"potentialAction\":[{\"@type\":\"SearchAction\",\"target\":{\"@type\":\"EntryPoint\",\"urlTemplate\":\"https:\\\/\\\/akunq.net\\\/tr\\\/?s={search_term_string}\"},\"query-input\":{\"@type\":\"PropertyValueSpecification\",\"valueRequired\":true,\"valueName\":\"search_term_string\"}}],\"inLanguage\":\"en-US\"},{\"@type\":\"Person\",\"@id\":\"https:\\\/\\\/akunq.net\\\/tr\\\/#\\\/schema\\\/person\\\/096f1d38a12cce57fb855b485ed24c9e\",\"name\":\"admin\",\"url\":\"https:\\\/\\\/akunq.net\\\/tr\\\/?author=7\"}]}<\/script>\n<!-- \/ Yoast SEO plugin. -->","yoast_head_json":{"title":"Beyaz Saray: Biden-Erdo\u011fan g\u00f6r\u00fc\u015fmesi 14 Haziran\u2019da yap\u0131lacak - Bati Ermenistan Ve Bati Ermenileri Sorunlari Ara\u015ftirmalar Merkezi","robots":{"index":"index","follow":"follow","max-snippet":"max-snippet:-1","max-image-preview":"max-image-preview:large","max-video-preview":"max-video-preview:-1"},"canonical":"https:\/\/akunq.net\/tr\/?p=63165","og_locale":"en_US","og_type":"article","og_title":"Beyaz Saray: Biden-Erdo\u011fan g\u00f6r\u00fc\u015fmesi 14 Haziran\u2019da yap\u0131lacak - Bati Ermenistan Ve Bati Ermenileri Sorunlari Ara\u015ftirmalar Merkezi","og_description":"Beyaz Saray, ABD Ba\u015fkan\u0131 Joe Biden ile Cumhurba\u015fkan\u0131 Tayyip Erdo\u011fan aras\u0131ndaki g\u00f6r\u00fc\u015fmenin 14 Haziran\u2019da yap\u0131laca\u011f\u0131n\u0131 a\u00e7\u0131klad\u0131. Beyaz Saray, ABD Ba\u015fkan\u0131 Joe Biden\u2019\u0131n gelecek hafta yapaca\u011f\u0131 ilk deniz a\u015f\u0131r\u0131 seyahatindeki program\u0131n\u0131 a\u00e7\u0131klad\u0131. Buna g\u00f6re, Biden ile Cumhurba\u015fkan\u0131 Tayyip Erdo\u011fan aras\u0131ndaki g\u00f6r\u00fc\u015fme 14 Haziran\u2019da yap\u0131lacak. Beyaz Saray\u2019dan yap\u0131lan a\u00e7\u0131klamaya g\u00f6re, Biden 10 Haziran\u2019da gidece\u011fi \u0130ngiltere\u2019de G7 zirvesine [&hellip;]","og_url":"https:\/\/akunq.net\/tr\/?p=63165","og_site_name":"Bati Ermenistan Ve Bati Ermenileri Sorunlari Ara\u015ftirmalar Merkezi","article_published_time":"2021-06-04T07:36:00+00:00","og_image":[{"width":559,"height":386,"url":"https:\/\/akunq.net\/tr\/wp-content\/uploads\/sites\/6\/2021\/06\/bayden-e1622792135145.jpg","type":"image\/jpeg"}],"author":"admin","twitter_card":"summary_large_image","twitter_misc":{"Written by":"admin","Est. reading time":"1 minute"},"schema":{"@context":"https:\/\/schema.org","@graph":[{"@type":"Article","@id":"https:\/\/akunq.net\/tr\/?p=63165#article","isPartOf":{"@id":"https:\/\/akunq.net\/tr\/?p=63165"},"author":{"name":"admin","@id":"https:\/\/akunq.net\/tr\/#\/schema\/person\/096f1d38a12cce57fb855b485ed24c9e"},"headline":"Beyaz Saray: Biden-Erdo\u011fan g\u00f6r\u00fc\u015fmesi 14 Haziran\u2019da yap\u0131lacak","datePublished":"2021-06-04T07:36:00+00:00","mainEntityOfPage":{"@id":"https:\/\/akunq.net\/tr\/?p=63165"},"wordCount":220,"commentCount":0,"image":{"@id":"https:\/\/akunq.net\/tr\/?p=63165#primaryimage"},"thumbnailUrl":"https:\/\/akunq.net\/tr\/wp-content\/uploads\/sites\/6\/2021\/06\/bayden-e1622792135145.jpg","articleSection":["Haberler"],"inLanguage":"en-US","potentialAction":[{"@type":"CommentAction","name":"Comment","target":["https:\/\/akunq.net\/tr\/?p=63165#respond"]}]},{"@type":"WebPage","@id":"https:\/\/akunq.net\/tr\/?p=63165","url":"https:\/\/akunq.net\/tr\/?p=63165","name":"Beyaz Saray: Biden-Erdo\u011fan g\u00f6r\u00fc\u015fmesi 14 Haziran\u2019da yap\u0131lacak - Bati Ermenistan Ve Bati Ermenileri Sorunlari Ara\u015ftirmalar Merkezi","isPartOf":{"@id":"https:\/\/akunq.net\/tr\/#website"},"primaryImageOfPage":{"@id":"https:\/\/akunq.net\/tr\/?p=63165#primaryimage"},"image":{"@id":"https:\/\/akunq.net\/tr\/?p=63165#primaryimage"},"thumbnailUrl":"https:\/\/akunq.net\/tr\/wp-content\/uploads\/sites\/6\/2021\/06\/bayden-e1622792135145.jpg","datePublished":"2021-06-04T07:36:00+00:00","author":{"@id":"https:\/\/akunq.net\/tr\/#\/schema\/person\/096f1d38a12cce57fb855b485ed24c9e"},"breadcrumb":{"@id":"https:\/\/akunq.net\/tr\/?p=63165#breadcrumb"},"inLanguage":"en-US","potentialAction":[{"@type":"ReadAction","target":["https:\/\/akunq.net\/tr\/?p=63165"]}]},{"@type":"ImageObject","inLanguage":"en-US","@id":"https:\/\/akunq.net\/tr\/?p=63165#primaryimage","url":"https:\/\/akunq.net\/tr\/wp-content\/uploads\/sites\/6\/2021\/06\/bayden-e1622792135145.jpg","contentUrl":"https:\/\/akunq.net\/tr\/wp-content\/uploads\/sites\/6\/2021\/06\/bayden-e1622792135145.jpg","width":559,"height":386},{"@type":"BreadcrumbList","@id":"https:\/\/akunq.net\/tr\/?p=63165#breadcrumb","itemListElement":[{"@type":"ListItem","position":1,"name":"Home","item":"https:\/\/akunq.net\/tr"},{"@type":"ListItem","position":2,"name":"Beyaz Saray: Biden-Erdo\u011fan g\u00f6r\u00fc\u015fmesi 14 Haziran\u2019da yap\u0131lacak"}]},{"@type":"WebSite","@id":"https:\/\/akunq.net\/tr\/#website","url":"https:\/\/akunq.net\/tr\/","name":"Bati Ermenistan Ve Bati Ermenileri Sorunlari Ara\u015ftirmalar Merkezi","description":"","potentialAction":[{"@type":"SearchAction","target":{"@type":"EntryPoint","urlTemplate":"https:\/\/akunq.net\/tr\/?s={search_term_string}"},"query-input":{"@type":"PropertyValueSpecification","valueRequired":true,"valueName":"search_term_string"}}],"inLanguage":"en-US"},{"@type":"Person","@id":"https:\/\/akunq.net\/tr\/#\/schema\/person\/096f1d38a12cce57fb855b485ed24c9e","name":"admin","url":"https:\/\/akunq.net\/tr\/?author=7"}]}},"_links":{"self":[{"href":"https:\/\/akunq.net\/tr\/index.php?rest_route=\/wp\/v2\/posts\/63165","targetHints":{"allow":["GET"]}}],"collection":[{"href":"https:\/\/akunq.net\/tr\/index.php?rest_route=\/wp\/v2\/posts"}],"about":[{"href":"https:\/\/akunq.net\/tr\/index.php?rest_route=\/wp\/v2\/types\/post"}],"author":[{"embeddable":true,"href":"https:\/\/akunq.net\/tr\/index.php?rest_route=\/wp\/v2\/users\/7"}],"replies":[{"embeddable":true,"href":"https:\/\/akunq.net\/tr\/index.php?rest_route=%2Fwp%2Fv2%2Fcomments&post=63165"}],"version-history":[{"count":1,"href":"https:\/\/akunq.net\/tr\/index.php?rest_route=\/wp\/v2\/posts\/63165\/revisions"}],"predecessor-version":[{"id":63167,"href":"https:\/\/akunq.net\/tr\/index.php?rest_route=\/wp\/v2\/posts\/63165\/revisions\/63167"}],"wp:featuredmedia":[{"embeddable":true,"href":"https:\/\/akunq.net\/tr\/index.php?rest_route=\/wp\/v2\/media\/63166"}],"wp:attachment":[{"href":"https:\/\/akunq.net\/tr\/index.php?rest_route=%2Fwp%2Fv2%2Fmedia&parent=63165"}],"wp:term":[{"taxonomy":"category","embeddable":true,"href":"https:\/\/akunq.net\/tr\/index.php?rest_route=%2Fwp%2Fv2%2Fcategories&post=63165"},{"taxonomy":"post_tag","embeddable":true,"href":"https:\/\/akunq.net\/tr\/index.php?rest_route=%2Fwp%2Fv2%2Ftags&post=63165"}],"curies":[{"name":"wp","href":"https:\/\/api.w.org\/{rel}","templated":true}]}}