{"id":63157,"date":"2021-06-03T08:31:02","date_gmt":"2021-06-03T13:31:02","guid":{"rendered":"https:\/\/akunq.net\/tr\/?p=63157"},"modified":"2021-06-03T08:31:02","modified_gmt":"2021-06-03T13:31:02","slug":"muzik-dunyasinin-buyuk-kaybi-hasan-saltik-hayatini-kaybettimuzik-dunyasinin-buyuk-kaybi-hasan-saltik-hayatini-kaybetti","status":"publish","type":"post","link":"https:\/\/akunq.net\/tr\/?p=63157","title":{"rendered":"M\u00fczik d\u00fcnyas\u0131n\u0131n b\u00fcy\u00fck kayb\u0131: Hasan Salt\u0131k hayat\u0131n\u0131 kaybettiM\u00fczik d\u00fcnyas\u0131n\u0131n b\u00fcy\u00fck kayb\u0131: Hasan Salt\u0131k hayat\u0131n\u0131 kaybetti"},"content":{"rendered":"<h4><img loading=\"lazy\" decoding=\"async\" class=\"size-medium wp-image-63158 alignleft\" src=\"https:\/\/akunq.net\/tr\/wp-content\/uploads\/2021\/06\/hasan-salt\u0131k-360x203.jpg\" alt=\"\" width=\"360\" height=\"203\" srcset=\"https:\/\/akunq.net\/tr\/wp-content\/uploads\/sites\/6\/2021\/06\/hasan-salt\u0131k-360x203.jpg 360w, https:\/\/akunq.net\/tr\/wp-content\/uploads\/sites\/6\/2021\/06\/hasan-salt\u0131k-768x432.jpg 768w, https:\/\/akunq.net\/tr\/wp-content\/uploads\/sites\/6\/2021\/06\/hasan-salt\u0131k-560x315.jpg 560w, https:\/\/akunq.net\/tr\/wp-content\/uploads\/sites\/6\/2021\/06\/hasan-salt\u0131k-260x146.jpg 260w, https:\/\/akunq.net\/tr\/wp-content\/uploads\/sites\/6\/2021\/06\/hasan-salt\u0131k-160x90.jpg 160w, https:\/\/akunq.net\/tr\/wp-content\/uploads\/sites\/6\/2021\/06\/hasan-salt\u0131k.jpg 1152w\" sizes=\"auto, (max-width: 360px) 100vw, 360px\" \/>Kalan M\u00fczik&#8217;in kurucusu ve sahibi Hasan Salt\u0131k, ge\u00e7irdi\u011fi kalp krizi sonucu ya\u015fam\u0131n\u0131 yitirdi<\/h4>\n<p>Haberi Twitter hesab\u0131ndan duyuran\u00a0 sanat\u00e7\u0131 Ferhat Tun\u00e7, &#8220;Kalan M\u00fczik sahibi ve hem\u015fehrimiz Hasan Salt\u0131k\u2019\u0131n ge\u00e7irdi\u011fi kalp krizi sonras\u0131 hayat\u0131n\u0131 kaybetti\u011fini \u00fcz\u00fcnt\u00fcyle \u00f6\u011frendim. T\u00fcm Salt\u0131k Ailesine ve sevenlerine ba\u015fsa\u011fl\u0131\u011f\u0131 diliyorum. Devri daim olsun.&#8221; dedi.<\/p>\n<p>Salt\u0131k&#8217;\u0131n kayb\u0131 m\u00fczik d\u00fcnyas\u0131nda \u00fcz\u00fcnt\u00fc yaratt\u0131. Pek \u00e7ok sanat\u00e7\u0131 ve m\u00fcziksever sosyal medya hesaplar\u0131ndan yapt\u0131klar\u0131 payla\u015f\u0131mlarla \u00fcz\u00fcnt\u00fclerini dile getirdi.<\/p>\n<p>Hasan Salt\u0131k&#8217;\u0131n cenaze t\u00f6reni 4 Haziran Cuma g\u00fcn\u00fc saat 13.00&#8217;te Kartal Cemevi&#8217;nde yap\u0131lacak.<\/p>\n<p>Hasan Salt\u0131k 1964 y\u0131l\u0131nda Tunceli&#8217;de do\u011fdu. \u0130lk\u00f6\u011frenimini Tunceli&#8217;de, orta\u00f6\u011frenimini \u0130stanbul&#8217;da tamamlad\u0131. \u0130stanbul Devlet Konservatuvar\u0131&#8217;nda ba\u015flad\u0131\u011f\u0131 obua e\u011fitimini ekonomik g\u00fc\u00e7l\u00fckler nedeniyle yar\u0131m b\u0131rakarak Suadiye Lisesi&#8217;ne devam etti.<\/p>\n<p>Amcas\u0131n\u0131n o\u011flu Rahmi Saltuk\u2019un plak \u015firketinde d\u00f6rt y\u0131l \u00e7al\u0131\u015ft\u0131ktan sonra 1991 y\u0131l\u0131nda Kalan M\u00fczik&#8217;i kurdu.<\/p>\n<p>Kalan M\u00fczik kendi s\u00f6zleriyle kurulu\u015f amac\u0131n\u0131 &#8220;Az bilinen k\u00fclt\u00fcrleri ve m\u00fczik t\u00fcrlerini bir ar\u015fiv halinde toplay\u0131p m\u00fczik piyasas\u0131nda bu birikime bir pazar yaratmak olarak&#8221; tan\u0131mlad\u0131.<\/p>\n<p>Kalan M\u00fczik m\u00fczikal seyrini \u015fu s\u00f6zlerle tarif ediyor:<\/p>\n<p>&#8220;Ge\u00e7mi\u015fte kalan tangolar\u0131n yeniden g\u00fcn\u00fcm\u00fcz m\u00fczik severlerine sunuldu\u011fu Seyyan Han\u0131m\u2019\u0131n Tangolar\u0131 alb\u00fcm\u00fc bu dizinin ilkiydi ve bunu Klasik T\u00fcrk M\u00fczi\u011fi\u2019nin hazineleri takip etti. Tanburi Cemil Bey, \u015e\u00fckr\u00fc Tunar, Udi Hrant, Yorgo Bacanos, Gazeller, \u0130stanbul\u2019un Han\u0131mlar\u0131 ve niceleri. Kalan M\u00fczik ar\u015fiv \u00e7al\u0131\u015fmalar\u0131 yava\u015f yava\u015f olu\u015fmaya ba\u015flam\u0131\u015ft\u0131 ki, ikinci bir yakla\u015f\u0131m Kalan ismindeki b\u00fct\u00fcnl\u00fc\u011f\u00fc tamamlad\u0131. Tarihsel \u00f6nemi a\u00e7\u0131s\u0131ndan akademik alanda ilgi g\u00f6ren ve uluslararas\u0131 etnom\u00fczikoloji \u00e7al\u0131\u015fmalar\u0131 a\u00e7\u0131s\u0131ndan hayli \u00f6nemli olan unutulmaya y\u00fcz tutmu\u015f bir\u00e7ok kay\u0131t derlenerek yeniden bas\u0131lmaya ba\u015fland\u0131. Bunu yaparken de konusunda uzman \u00e7ok say\u0131da m\u00fczikolog ve bilim adam\u0131n\u0131n yard\u0131m\u0131na ba\u015fvuruldu. Ar\u015fiv serisi bu \u015fekilde olu\u015ftu.&#8221;<\/p>\n<p>&#8220;Pomak g\u00f6\u00e7menlerinden Sadettin Kaynak\u2019a, M\u00fcnir Nurettin Sel\u00e7uk\u2019tan Hac\u0131 Ta\u015fan\u2019a uzanan geni\u015f bir ar\u015fiv m\u00fczik severlerin be\u011fenisine sunuldu. Kalan M\u00fczik, eski de\u011ferlerin yan\u0131 s\u0131ra g\u00fcn\u00fcm\u00fcz\u00fcn de\u011ferli yap\u0131tlar\u0131n\u0131n da g\u00fczel eserler sunmas\u0131na imk\u00e2n tan\u0131nmaktad\u0131r. Erkan O\u011fur, \u0130smail Hakk\u0131 Demircio\u011flu, Tolga \u00c7andar, Yans\u0131malar, Grup Yorum, Karde\u015f T\u00fcrk\u00fcler, Fenomen ve benzerleri Kalan M\u00fczik arac\u0131l\u0131\u011f\u0131yla eserlerini m\u00fczikseverlere ula\u015ft\u0131rmaktad\u0131rlar.&#8221;<\/p>\n<p><em><strong>agos.com.tr<\/strong><\/em><\/p>\n","protected":false},"excerpt":{"rendered":"<p>Kalan M\u00fczik&#8217;in kurucusu ve sahibi Hasan Salt\u0131k, ge\u00e7irdi\u011fi kalp krizi sonucu ya\u015fam\u0131n\u0131 yitirdi Haberi Twitter hesab\u0131ndan duyuran\u00a0 sanat\u00e7\u0131 Ferhat Tun\u00e7, &#8220;Kalan M\u00fczik sahibi ve hem\u015fehrimiz Hasan Salt\u0131k\u2019\u0131n ge\u00e7irdi\u011fi kalp krizi sonras\u0131 hayat\u0131n\u0131 kaybetti\u011fini \u00fcz\u00fcnt\u00fcyle \u00f6\u011frendim. T\u00fcm Salt\u0131k Ailesine ve sevenlerine ba\u015fsa\u011fl\u0131\u011f\u0131 diliyorum. Devri daim olsun.&#8221; dedi. Salt\u0131k&#8217;\u0131n kayb\u0131 m\u00fczik d\u00fcnyas\u0131nda \u00fcz\u00fcnt\u00fc yaratt\u0131. Pek \u00e7ok sanat\u00e7\u0131 [&hellip;]<\/p>\n","protected":false},"author":7,"featured_media":63158,"comment_status":"open","ping_status":"open","sticky":false,"template":"","format":"standard","meta":{"footnotes":""},"categories":[1,53],"tags":[],"class_list":["post-63157","post","type-post","status-publish","format-standard","has-post-thumbnail","hentry","category-haberler","category-turkiyede-azinliklar"],"yoast_head":"<!-- This site is optimized with the Yoast SEO plugin v27.4 - https:\/\/yoast.com\/product\/yoast-seo-wordpress\/ -->\n<title>M\u00fczik d\u00fcnyas\u0131n\u0131n b\u00fcy\u00fck kayb\u0131: Hasan Salt\u0131k hayat\u0131n\u0131 kaybettiM\u00fczik d\u00fcnyas\u0131n\u0131n b\u00fcy\u00fck kayb\u0131: Hasan Salt\u0131k hayat\u0131n\u0131 kaybetti - Bati Ermenistan Ve Bati Ermenileri Sorunlari Ara\u015ftirmalar Merkezi<\/title>\n<meta name=\"robots\" content=\"index, follow, max-snippet:-1, max-image-preview:large, max-video-preview:-1\" \/>\n<link rel=\"canonical\" href=\"https:\/\/akunq.net\/tr\/?p=63157\" \/>\n<meta property=\"og:locale\" content=\"en_US\" \/>\n<meta property=\"og:type\" content=\"article\" \/>\n<meta property=\"og:title\" content=\"M\u00fczik d\u00fcnyas\u0131n\u0131n b\u00fcy\u00fck kayb\u0131: Hasan Salt\u0131k hayat\u0131n\u0131 kaybettiM\u00fczik d\u00fcnyas\u0131n\u0131n b\u00fcy\u00fck kayb\u0131: Hasan Salt\u0131k hayat\u0131n\u0131 kaybetti - Bati Ermenistan Ve Bati Ermenileri Sorunlari Ara\u015ftirmalar Merkezi\" \/>\n<meta property=\"og:description\" content=\"Kalan M\u00fczik&#8217;in kurucusu ve sahibi Hasan Salt\u0131k, ge\u00e7irdi\u011fi kalp krizi sonucu ya\u015fam\u0131n\u0131 yitirdi Haberi Twitter hesab\u0131ndan duyuran\u00a0 sanat\u00e7\u0131 Ferhat Tun\u00e7, &#8220;Kalan M\u00fczik sahibi ve hem\u015fehrimiz Hasan Salt\u0131k\u2019\u0131n ge\u00e7irdi\u011fi kalp krizi sonras\u0131 hayat\u0131n\u0131 kaybetti\u011fini \u00fcz\u00fcnt\u00fcyle \u00f6\u011frendim. T\u00fcm Salt\u0131k Ailesine ve sevenlerine ba\u015fsa\u011fl\u0131\u011f\u0131 diliyorum. Devri daim olsun.&#8221; dedi. Salt\u0131k&#8217;\u0131n kayb\u0131 m\u00fczik d\u00fcnyas\u0131nda \u00fcz\u00fcnt\u00fc yaratt\u0131. Pek \u00e7ok sanat\u00e7\u0131 [&hellip;]\" \/>\n<meta property=\"og:url\" content=\"https:\/\/akunq.net\/tr\/?p=63157\" \/>\n<meta property=\"og:site_name\" content=\"Bati Ermenistan Ve Bati Ermenileri Sorunlari Ara\u015ftirmalar Merkezi\" \/>\n<meta property=\"article:published_time\" content=\"2021-06-03T13:31:02+00:00\" \/>\n<meta property=\"og:image\" content=\"https:\/\/akunq.net\/tr\/wp-content\/uploads\/sites\/6\/2021\/06\/hasan-salt\u0131k.jpg\" \/>\n\t<meta property=\"og:image:width\" content=\"1152\" \/>\n\t<meta property=\"og:image:height\" content=\"648\" \/>\n\t<meta property=\"og:image:type\" content=\"image\/jpeg\" \/>\n<meta name=\"author\" content=\"admin\" \/>\n<meta name=\"twitter:card\" content=\"summary_large_image\" \/>\n<meta name=\"twitter:label1\" content=\"Written by\" \/>\n\t<meta name=\"twitter:data1\" content=\"admin\" \/>\n\t<meta name=\"twitter:label2\" content=\"Est. reading time\" \/>\n\t<meta name=\"twitter:data2\" content=\"2 minutes\" \/>\n<script type=\"application\/ld+json\" class=\"yoast-schema-graph\">{\"@context\":\"https:\\\/\\\/schema.org\",\"@graph\":[{\"@type\":\"Article\",\"@id\":\"https:\\\/\\\/akunq.net\\\/tr\\\/?p=63157#article\",\"isPartOf\":{\"@id\":\"https:\\\/\\\/akunq.net\\\/tr\\\/?p=63157\"},\"author\":{\"name\":\"admin\",\"@id\":\"https:\\\/\\\/akunq.net\\\/tr\\\/#\\\/schema\\\/person\\\/096f1d38a12cce57fb855b485ed24c9e\"},\"headline\":\"M\u00fczik d\u00fcnyas\u0131n\u0131n b\u00fcy\u00fck kayb\u0131: Hasan Salt\u0131k hayat\u0131n\u0131 kaybettiM\u00fczik d\u00fcnyas\u0131n\u0131n b\u00fcy\u00fck kayb\u0131: Hasan Salt\u0131k hayat\u0131n\u0131 kaybetti\",\"datePublished\":\"2021-06-03T13:31:02+00:00\",\"mainEntityOfPage\":{\"@id\":\"https:\\\/\\\/akunq.net\\\/tr\\\/?p=63157\"},\"wordCount\":493,\"commentCount\":0,\"image\":{\"@id\":\"https:\\\/\\\/akunq.net\\\/tr\\\/?p=63157#primaryimage\"},\"thumbnailUrl\":\"https:\\\/\\\/akunq.net\\\/tr\\\/wp-content\\\/uploads\\\/sites\\\/6\\\/2021\\\/06\\\/hasan-salt\u0131k.jpg\",\"articleSection\":[\"Haberler\",\"T\u00fcrkiye\u2019de Az\u0131nl\u0131klar\"],\"inLanguage\":\"en-US\",\"potentialAction\":[{\"@type\":\"CommentAction\",\"name\":\"Comment\",\"target\":[\"https:\\\/\\\/akunq.net\\\/tr\\\/?p=63157#respond\"]}]},{\"@type\":\"WebPage\",\"@id\":\"https:\\\/\\\/akunq.net\\\/tr\\\/?p=63157\",\"url\":\"https:\\\/\\\/akunq.net\\\/tr\\\/?p=63157\",\"name\":\"M\u00fczik d\u00fcnyas\u0131n\u0131n b\u00fcy\u00fck kayb\u0131: Hasan Salt\u0131k hayat\u0131n\u0131 kaybettiM\u00fczik d\u00fcnyas\u0131n\u0131n b\u00fcy\u00fck kayb\u0131: Hasan Salt\u0131k hayat\u0131n\u0131 kaybetti - Bati Ermenistan Ve Bati Ermenileri Sorunlari Ara\u015ftirmalar Merkezi\",\"isPartOf\":{\"@id\":\"https:\\\/\\\/akunq.net\\\/tr\\\/#website\"},\"primaryImageOfPage\":{\"@id\":\"https:\\\/\\\/akunq.net\\\/tr\\\/?p=63157#primaryimage\"},\"image\":{\"@id\":\"https:\\\/\\\/akunq.net\\\/tr\\\/?p=63157#primaryimage\"},\"thumbnailUrl\":\"https:\\\/\\\/akunq.net\\\/tr\\\/wp-content\\\/uploads\\\/sites\\\/6\\\/2021\\\/06\\\/hasan-salt\u0131k.jpg\",\"datePublished\":\"2021-06-03T13:31:02+00:00\",\"author\":{\"@id\":\"https:\\\/\\\/akunq.net\\\/tr\\\/#\\\/schema\\\/person\\\/096f1d38a12cce57fb855b485ed24c9e\"},\"breadcrumb\":{\"@id\":\"https:\\\/\\\/akunq.net\\\/tr\\\/?p=63157#breadcrumb\"},\"inLanguage\":\"en-US\",\"potentialAction\":[{\"@type\":\"ReadAction\",\"target\":[\"https:\\\/\\\/akunq.net\\\/tr\\\/?p=63157\"]}]},{\"@type\":\"ImageObject\",\"inLanguage\":\"en-US\",\"@id\":\"https:\\\/\\\/akunq.net\\\/tr\\\/?p=63157#primaryimage\",\"url\":\"https:\\\/\\\/akunq.net\\\/tr\\\/wp-content\\\/uploads\\\/sites\\\/6\\\/2021\\\/06\\\/hasan-salt\u0131k.jpg\",\"contentUrl\":\"https:\\\/\\\/akunq.net\\\/tr\\\/wp-content\\\/uploads\\\/sites\\\/6\\\/2021\\\/06\\\/hasan-salt\u0131k.jpg\",\"width\":1152,\"height\":648},{\"@type\":\"BreadcrumbList\",\"@id\":\"https:\\\/\\\/akunq.net\\\/tr\\\/?p=63157#breadcrumb\",\"itemListElement\":[{\"@type\":\"ListItem\",\"position\":1,\"name\":\"Home\",\"item\":\"https:\\\/\\\/akunq.net\\\/tr\"},{\"@type\":\"ListItem\",\"position\":2,\"name\":\"M\u00fczik d\u00fcnyas\u0131n\u0131n b\u00fcy\u00fck kayb\u0131: Hasan Salt\u0131k hayat\u0131n\u0131 kaybettiM\u00fczik d\u00fcnyas\u0131n\u0131n b\u00fcy\u00fck kayb\u0131: Hasan Salt\u0131k hayat\u0131n\u0131 kaybetti\"}]},{\"@type\":\"WebSite\",\"@id\":\"https:\\\/\\\/akunq.net\\\/tr\\\/#website\",\"url\":\"https:\\\/\\\/akunq.net\\\/tr\\\/\",\"name\":\"Bati Ermenistan Ve Bati Ermenileri Sorunlari Ara\u015ftirmalar Merkezi\",\"description\":\"\",\"potentialAction\":[{\"@type\":\"SearchAction\",\"target\":{\"@type\":\"EntryPoint\",\"urlTemplate\":\"https:\\\/\\\/akunq.net\\\/tr\\\/?s={search_term_string}\"},\"query-input\":{\"@type\":\"PropertyValueSpecification\",\"valueRequired\":true,\"valueName\":\"search_term_string\"}}],\"inLanguage\":\"en-US\"},{\"@type\":\"Person\",\"@id\":\"https:\\\/\\\/akunq.net\\\/tr\\\/#\\\/schema\\\/person\\\/096f1d38a12cce57fb855b485ed24c9e\",\"name\":\"admin\",\"url\":\"https:\\\/\\\/akunq.net\\\/tr\\\/?author=7\"}]}<\/script>\n<!-- \/ Yoast SEO plugin. -->","yoast_head_json":{"title":"M\u00fczik d\u00fcnyas\u0131n\u0131n b\u00fcy\u00fck kayb\u0131: Hasan Salt\u0131k hayat\u0131n\u0131 kaybettiM\u00fczik d\u00fcnyas\u0131n\u0131n b\u00fcy\u00fck kayb\u0131: Hasan Salt\u0131k hayat\u0131n\u0131 kaybetti - Bati Ermenistan Ve Bati Ermenileri Sorunlari Ara\u015ftirmalar Merkezi","robots":{"index":"index","follow":"follow","max-snippet":"max-snippet:-1","max-image-preview":"max-image-preview:large","max-video-preview":"max-video-preview:-1"},"canonical":"https:\/\/akunq.net\/tr\/?p=63157","og_locale":"en_US","og_type":"article","og_title":"M\u00fczik d\u00fcnyas\u0131n\u0131n b\u00fcy\u00fck kayb\u0131: Hasan Salt\u0131k hayat\u0131n\u0131 kaybettiM\u00fczik d\u00fcnyas\u0131n\u0131n b\u00fcy\u00fck kayb\u0131: Hasan Salt\u0131k hayat\u0131n\u0131 kaybetti - Bati Ermenistan Ve Bati Ermenileri Sorunlari Ara\u015ftirmalar Merkezi","og_description":"Kalan M\u00fczik&#8217;in kurucusu ve sahibi Hasan Salt\u0131k, ge\u00e7irdi\u011fi kalp krizi sonucu ya\u015fam\u0131n\u0131 yitirdi Haberi Twitter hesab\u0131ndan duyuran\u00a0 sanat\u00e7\u0131 Ferhat Tun\u00e7, &#8220;Kalan M\u00fczik sahibi ve hem\u015fehrimiz Hasan Salt\u0131k\u2019\u0131n ge\u00e7irdi\u011fi kalp krizi sonras\u0131 hayat\u0131n\u0131 kaybetti\u011fini \u00fcz\u00fcnt\u00fcyle \u00f6\u011frendim. T\u00fcm Salt\u0131k Ailesine ve sevenlerine ba\u015fsa\u011fl\u0131\u011f\u0131 diliyorum. Devri daim olsun.&#8221; dedi. Salt\u0131k&#8217;\u0131n kayb\u0131 m\u00fczik d\u00fcnyas\u0131nda \u00fcz\u00fcnt\u00fc yaratt\u0131. Pek \u00e7ok sanat\u00e7\u0131 [&hellip;]","og_url":"https:\/\/akunq.net\/tr\/?p=63157","og_site_name":"Bati Ermenistan Ve Bati Ermenileri Sorunlari Ara\u015ftirmalar Merkezi","article_published_time":"2021-06-03T13:31:02+00:00","og_image":[{"width":1152,"height":648,"url":"https:\/\/akunq.net\/tr\/wp-content\/uploads\/sites\/6\/2021\/06\/hasan-salt\u0131k.jpg","type":"image\/jpeg"}],"author":"admin","twitter_card":"summary_large_image","twitter_misc":{"Written by":"admin","Est. reading time":"2 minutes"},"schema":{"@context":"https:\/\/schema.org","@graph":[{"@type":"Article","@id":"https:\/\/akunq.net\/tr\/?p=63157#article","isPartOf":{"@id":"https:\/\/akunq.net\/tr\/?p=63157"},"author":{"name":"admin","@id":"https:\/\/akunq.net\/tr\/#\/schema\/person\/096f1d38a12cce57fb855b485ed24c9e"},"headline":"M\u00fczik d\u00fcnyas\u0131n\u0131n b\u00fcy\u00fck kayb\u0131: Hasan Salt\u0131k hayat\u0131n\u0131 kaybettiM\u00fczik d\u00fcnyas\u0131n\u0131n b\u00fcy\u00fck kayb\u0131: Hasan Salt\u0131k hayat\u0131n\u0131 kaybetti","datePublished":"2021-06-03T13:31:02+00:00","mainEntityOfPage":{"@id":"https:\/\/akunq.net\/tr\/?p=63157"},"wordCount":493,"commentCount":0,"image":{"@id":"https:\/\/akunq.net\/tr\/?p=63157#primaryimage"},"thumbnailUrl":"https:\/\/akunq.net\/tr\/wp-content\/uploads\/sites\/6\/2021\/06\/hasan-salt\u0131k.jpg","articleSection":["Haberler","T\u00fcrkiye\u2019de Az\u0131nl\u0131klar"],"inLanguage":"en-US","potentialAction":[{"@type":"CommentAction","name":"Comment","target":["https:\/\/akunq.net\/tr\/?p=63157#respond"]}]},{"@type":"WebPage","@id":"https:\/\/akunq.net\/tr\/?p=63157","url":"https:\/\/akunq.net\/tr\/?p=63157","name":"M\u00fczik d\u00fcnyas\u0131n\u0131n b\u00fcy\u00fck kayb\u0131: Hasan Salt\u0131k hayat\u0131n\u0131 kaybettiM\u00fczik d\u00fcnyas\u0131n\u0131n b\u00fcy\u00fck kayb\u0131: Hasan Salt\u0131k hayat\u0131n\u0131 kaybetti - Bati Ermenistan Ve Bati Ermenileri Sorunlari Ara\u015ftirmalar Merkezi","isPartOf":{"@id":"https:\/\/akunq.net\/tr\/#website"},"primaryImageOfPage":{"@id":"https:\/\/akunq.net\/tr\/?p=63157#primaryimage"},"image":{"@id":"https:\/\/akunq.net\/tr\/?p=63157#primaryimage"},"thumbnailUrl":"https:\/\/akunq.net\/tr\/wp-content\/uploads\/sites\/6\/2021\/06\/hasan-salt\u0131k.jpg","datePublished":"2021-06-03T13:31:02+00:00","author":{"@id":"https:\/\/akunq.net\/tr\/#\/schema\/person\/096f1d38a12cce57fb855b485ed24c9e"},"breadcrumb":{"@id":"https:\/\/akunq.net\/tr\/?p=63157#breadcrumb"},"inLanguage":"en-US","potentialAction":[{"@type":"ReadAction","target":["https:\/\/akunq.net\/tr\/?p=63157"]}]},{"@type":"ImageObject","inLanguage":"en-US","@id":"https:\/\/akunq.net\/tr\/?p=63157#primaryimage","url":"https:\/\/akunq.net\/tr\/wp-content\/uploads\/sites\/6\/2021\/06\/hasan-salt\u0131k.jpg","contentUrl":"https:\/\/akunq.net\/tr\/wp-content\/uploads\/sites\/6\/2021\/06\/hasan-salt\u0131k.jpg","width":1152,"height":648},{"@type":"BreadcrumbList","@id":"https:\/\/akunq.net\/tr\/?p=63157#breadcrumb","itemListElement":[{"@type":"ListItem","position":1,"name":"Home","item":"https:\/\/akunq.net\/tr"},{"@type":"ListItem","position":2,"name":"M\u00fczik d\u00fcnyas\u0131n\u0131n b\u00fcy\u00fck kayb\u0131: Hasan Salt\u0131k hayat\u0131n\u0131 kaybettiM\u00fczik d\u00fcnyas\u0131n\u0131n b\u00fcy\u00fck kayb\u0131: Hasan Salt\u0131k hayat\u0131n\u0131 kaybetti"}]},{"@type":"WebSite","@id":"https:\/\/akunq.net\/tr\/#website","url":"https:\/\/akunq.net\/tr\/","name":"Bati Ermenistan Ve Bati Ermenileri Sorunlari Ara\u015ftirmalar Merkezi","description":"","potentialAction":[{"@type":"SearchAction","target":{"@type":"EntryPoint","urlTemplate":"https:\/\/akunq.net\/tr\/?s={search_term_string}"},"query-input":{"@type":"PropertyValueSpecification","valueRequired":true,"valueName":"search_term_string"}}],"inLanguage":"en-US"},{"@type":"Person","@id":"https:\/\/akunq.net\/tr\/#\/schema\/person\/096f1d38a12cce57fb855b485ed24c9e","name":"admin","url":"https:\/\/akunq.net\/tr\/?author=7"}]}},"_links":{"self":[{"href":"https:\/\/akunq.net\/tr\/index.php?rest_route=\/wp\/v2\/posts\/63157","targetHints":{"allow":["GET"]}}],"collection":[{"href":"https:\/\/akunq.net\/tr\/index.php?rest_route=\/wp\/v2\/posts"}],"about":[{"href":"https:\/\/akunq.net\/tr\/index.php?rest_route=\/wp\/v2\/types\/post"}],"author":[{"embeddable":true,"href":"https:\/\/akunq.net\/tr\/index.php?rest_route=\/wp\/v2\/users\/7"}],"replies":[{"embeddable":true,"href":"https:\/\/akunq.net\/tr\/index.php?rest_route=%2Fwp%2Fv2%2Fcomments&post=63157"}],"version-history":[{"count":1,"href":"https:\/\/akunq.net\/tr\/index.php?rest_route=\/wp\/v2\/posts\/63157\/revisions"}],"predecessor-version":[{"id":63159,"href":"https:\/\/akunq.net\/tr\/index.php?rest_route=\/wp\/v2\/posts\/63157\/revisions\/63159"}],"wp:featuredmedia":[{"embeddable":true,"href":"https:\/\/akunq.net\/tr\/index.php?rest_route=\/wp\/v2\/media\/63158"}],"wp:attachment":[{"href":"https:\/\/akunq.net\/tr\/index.php?rest_route=%2Fwp%2Fv2%2Fmedia&parent=63157"}],"wp:term":[{"taxonomy":"category","embeddable":true,"href":"https:\/\/akunq.net\/tr\/index.php?rest_route=%2Fwp%2Fv2%2Fcategories&post=63157"},{"taxonomy":"post_tag","embeddable":true,"href":"https:\/\/akunq.net\/tr\/index.php?rest_route=%2Fwp%2Fv2%2Ftags&post=63157"}],"curies":[{"name":"wp","href":"https:\/\/api.w.org\/{rel}","templated":true}]}}