{"id":63154,"date":"2021-06-03T08:25:52","date_gmt":"2021-06-03T13:25:52","guid":{"rendered":"https:\/\/akunq.net\/tr\/?p=63154"},"modified":"2021-06-03T08:25:52","modified_gmt":"2021-06-03T13:25:52","slug":"iste-kutlu-adaliya-yazilan-tehdit-mektubu","status":"publish","type":"post","link":"https:\/\/akunq.net\/tr\/?p=63154","title":{"rendered":"\u0130\u015fte Kutlu Adal\u0131\u2019ya yaz\u0131lan tehdit mektubu!"},"content":{"rendered":"<p><img loading=\"lazy\" decoding=\"async\" class=\"size-medium wp-image-63155 alignleft\" style=\"letter-spacing: 0.8px;\" src=\"https:\/\/akunq.net\/tr\/wp-content\/uploads\/2021\/06\/mektup_1622708976-173x270.jpg\" alt=\"\" width=\"173\" height=\"270\" srcset=\"https:\/\/akunq.net\/tr\/wp-content\/uploads\/sites\/6\/2021\/06\/mektup_1622708976-173x270.jpg 173w, https:\/\/akunq.net\/tr\/wp-content\/uploads\/sites\/6\/2021\/06\/mektup_1622708976-560x872.jpg 560w, https:\/\/akunq.net\/tr\/wp-content\/uploads\/sites\/6\/2021\/06\/mektup_1622708976-260x405.jpg 260w, https:\/\/akunq.net\/tr\/wp-content\/uploads\/sites\/6\/2021\/06\/mektup_1622708976-160x249.jpg 160w, https:\/\/akunq.net\/tr\/wp-content\/uploads\/sites\/6\/2021\/06\/mektup_1622708976.jpg 617w\" sizes=\"auto, (max-width: 173px) 100vw, 173px\" \/><\/p>\n<p>6 Temmuz 1996 g\u00fcn\u00fc evinin \u00f6n\u00fcnde \u00f6ld\u00fcr\u00fclen ve o g\u00fcnden beri failleri bulunamayan gazeteci Kutlu Adal\u0131 ile ilgili o d\u00f6nemde yaz\u0131lm\u0131\u015f bir tehdit mektubu ortaya \u00e7\u0131kt\u0131. Cinayet dosyas\u0131nda da bulundu\u011fu d\u00fc\u015f\u00fcn\u00fclen ve \u201cT\u00fcrk\u2019\u00fcn Kahramanlar\u0131\u201d imzas\u0131n\u0131 ta\u015f\u0131yan mektubunda sadece Kutlu Adal\u0131 de\u011fil, e\u015fi \u0130lkay Adal\u0131 da tehdit ediliyor.<\/p>\n<p>\u00dczerinde herhangi bir tarih bulunmayan ancak cinayetten k\u0131sa bir s\u00fcre \u00f6nce g\u00f6nderildi\u011fi d\u00fc\u015f\u00fcn\u00fclen mektup \u201cEy Gafiller, Bay, Bayan, Mutlu ve \u0130lkay Adal\u0131\u201d \u015feklinde hitapla ba\u015fl\u0131yor.<\/p>\n<p>Mektubun devam\u0131nda \u201cBiz Do\u011fu, G\u00fcneydo\u011fu Anadolu\u2019muzda, kahramanca T\u00fcrkl\u00fc\u011fe yak\u0131\u015f\u0131r bir \u015fekilde Ermeni bozuntusu kuyruklu vah\u015fi K\u00fcrtlerle u\u011fra\u015f\u0131rken, siz Yavru Vatanda kar\u0131-koca, hem de bas\u0131n vas\u0131tas\u0131yla T\u00fcrkiye ve T\u00fcrklere kar\u015f\u0131 adeta Rum yanl\u0131s\u0131 hareket ve hakaretlerde bulunuyorsunuz. Kan\u0131n\u0131z T\u00fcrk kan\u0131 olsayd\u0131 kesinlikle yapmazd\u0131n\u0131z, ne \u00e7abuk kahpe Rum\u2019un zulm\u00fcn\u00fc, tecav\u00fczlerini unuttunuz. Sizi Rum \u00e7izmesinden kim kurtard\u0131, utanmazlar, kan\u0131 bozuklar, unutmay\u0131n ki Bir T\u00fcrk D\u00fcnyaya Bedeldir. Anadolu ve K\u0131br\u0131s, y\u00fcce T\u00fcrk Milletinindir. T\u00fcrk kan\u0131 ta\u015f\u0131m\u0131yorsan\u0131z, defolun kahpe Rum\u2019a! Sakin olun hareketlerinizi d\u00fczeltin\u201d ifadeleri kullan\u0131l\u0131yor.<\/p>\n<p>Mektubun kimin taraf\u0131ndan g\u00f6nderildi\u011fiyle ilgili herhangi bir bilgi yokken, mektubun dosyalama tarihinde bulunan 7 May\u0131s 2001 tarihi \u00a0ve \u2018Adal\u0131-Meclis\u2019 ibaresi, KKTC Cumhuriyet Meclisinde 2001\u2019de ikinci kez kurulan ancak sonu\u00e7suz kalan cinayeti ara\u015ft\u0131rma komitesinin d\u00f6k\u00fcmalar\u0131 aras\u0131nda olabilece\u011fine i\u015faret ediyor.<\/p>\n<p>Yenid\u00fczen Gazetesinin yazarlar\u0131ndan olan Kutlu Adal\u0131, 6 Temmuz 1996 gecesi kimli\u011fi bilinmeyen ki\u015fi ya da ki\u015filerce evinin \u00f6n\u00fcnde u\u011frad\u0131\u011f\u0131 sald\u0131r\u0131da hayat\u0131n\u0131 kaybetmi\u015f, cinayet aradan ge\u00e7en 25 y\u0131lda ayd\u0131nlat\u0131lamam\u0131\u015ft\u0131.<\/p>\n","protected":false},"excerpt":{"rendered":"<p>6 Temmuz 1996 g\u00fcn\u00fc evinin \u00f6n\u00fcnde \u00f6ld\u00fcr\u00fclen ve o g\u00fcnden beri failleri bulunamayan gazeteci Kutlu Adal\u0131 ile ilgili o d\u00f6nemde yaz\u0131lm\u0131\u015f bir tehdit mektubu ortaya \u00e7\u0131kt\u0131. Cinayet dosyas\u0131nda da bulundu\u011fu d\u00fc\u015f\u00fcn\u00fclen ve \u201cT\u00fcrk\u2019\u00fcn Kahramanlar\u0131\u201d imzas\u0131n\u0131 ta\u015f\u0131yan mektubunda sadece Kutlu Adal\u0131 de\u011fil, e\u015fi \u0130lkay Adal\u0131 da tehdit ediliyor. \u00dczerinde herhangi bir tarih bulunmayan ancak cinayetten k\u0131sa [&hellip;]<\/p>\n","protected":false},"author":7,"featured_media":63155,"comment_status":"open","ping_status":"open","sticky":false,"template":"","format":"standard","meta":{"footnotes":""},"categories":[1,53],"tags":[],"class_list":["post-63154","post","type-post","status-publish","format-standard","has-post-thumbnail","hentry","category-haberler","category-turkiyede-azinliklar"],"yoast_head":"<!-- This site is optimized with the Yoast SEO plugin v27.4 - https:\/\/yoast.com\/product\/yoast-seo-wordpress\/ -->\n<title>\u0130\u015fte Kutlu Adal\u0131\u2019ya yaz\u0131lan tehdit mektubu! - Bati Ermenistan Ve Bati Ermenileri Sorunlari Ara\u015ftirmalar Merkezi<\/title>\n<meta name=\"robots\" content=\"index, follow, max-snippet:-1, max-image-preview:large, max-video-preview:-1\" \/>\n<link rel=\"canonical\" href=\"https:\/\/akunq.net\/tr\/?p=63154\" \/>\n<meta property=\"og:locale\" content=\"en_US\" \/>\n<meta property=\"og:type\" content=\"article\" \/>\n<meta property=\"og:title\" content=\"\u0130\u015fte Kutlu Adal\u0131\u2019ya yaz\u0131lan tehdit mektubu! - Bati Ermenistan Ve Bati Ermenileri Sorunlari Ara\u015ftirmalar Merkezi\" \/>\n<meta property=\"og:description\" content=\"6 Temmuz 1996 g\u00fcn\u00fc evinin \u00f6n\u00fcnde \u00f6ld\u00fcr\u00fclen ve o g\u00fcnden beri failleri bulunamayan gazeteci Kutlu Adal\u0131 ile ilgili o d\u00f6nemde yaz\u0131lm\u0131\u015f bir tehdit mektubu ortaya \u00e7\u0131kt\u0131. Cinayet dosyas\u0131nda da bulundu\u011fu d\u00fc\u015f\u00fcn\u00fclen ve \u201cT\u00fcrk\u2019\u00fcn Kahramanlar\u0131\u201d imzas\u0131n\u0131 ta\u015f\u0131yan mektubunda sadece Kutlu Adal\u0131 de\u011fil, e\u015fi \u0130lkay Adal\u0131 da tehdit ediliyor. \u00dczerinde herhangi bir tarih bulunmayan ancak cinayetten k\u0131sa [&hellip;]\" \/>\n<meta property=\"og:url\" content=\"https:\/\/akunq.net\/tr\/?p=63154\" \/>\n<meta property=\"og:site_name\" content=\"Bati Ermenistan Ve Bati Ermenileri Sorunlari Ara\u015ftirmalar Merkezi\" \/>\n<meta property=\"article:published_time\" content=\"2021-06-03T13:25:52+00:00\" \/>\n<meta property=\"og:image\" content=\"https:\/\/akunq.net\/tr\/wp-content\/uploads\/sites\/6\/2021\/06\/mektup_1622708976.jpg\" \/>\n\t<meta property=\"og:image:width\" content=\"617\" \/>\n\t<meta property=\"og:image:height\" content=\"961\" \/>\n\t<meta property=\"og:image:type\" content=\"image\/jpeg\" \/>\n<meta name=\"author\" content=\"admin\" \/>\n<meta name=\"twitter:card\" content=\"summary_large_image\" \/>\n<meta name=\"twitter:label1\" content=\"Written by\" \/>\n\t<meta name=\"twitter:data1\" content=\"admin\" \/>\n\t<meta name=\"twitter:label2\" content=\"Est. reading time\" \/>\n\t<meta name=\"twitter:data2\" content=\"2 minutes\" \/>\n<script type=\"application\/ld+json\" class=\"yoast-schema-graph\">{\"@context\":\"https:\\\/\\\/schema.org\",\"@graph\":[{\"@type\":\"Article\",\"@id\":\"https:\\\/\\\/akunq.net\\\/tr\\\/?p=63154#article\",\"isPartOf\":{\"@id\":\"https:\\\/\\\/akunq.net\\\/tr\\\/?p=63154\"},\"author\":{\"name\":\"admin\",\"@id\":\"https:\\\/\\\/akunq.net\\\/tr\\\/#\\\/schema\\\/person\\\/096f1d38a12cce57fb855b485ed24c9e\"},\"headline\":\"\u0130\u015fte Kutlu Adal\u0131\u2019ya yaz\u0131lan tehdit mektubu!\",\"datePublished\":\"2021-06-03T13:25:52+00:00\",\"mainEntityOfPage\":{\"@id\":\"https:\\\/\\\/akunq.net\\\/tr\\\/?p=63154\"},\"wordCount\":315,\"commentCount\":0,\"image\":{\"@id\":\"https:\\\/\\\/akunq.net\\\/tr\\\/?p=63154#primaryimage\"},\"thumbnailUrl\":\"https:\\\/\\\/akunq.net\\\/tr\\\/wp-content\\\/uploads\\\/sites\\\/6\\\/2021\\\/06\\\/mektup_1622708976.jpg\",\"articleSection\":[\"Haberler\",\"T\u00fcrkiye\u2019de Az\u0131nl\u0131klar\"],\"inLanguage\":\"en-US\",\"potentialAction\":[{\"@type\":\"CommentAction\",\"name\":\"Comment\",\"target\":[\"https:\\\/\\\/akunq.net\\\/tr\\\/?p=63154#respond\"]}]},{\"@type\":\"WebPage\",\"@id\":\"https:\\\/\\\/akunq.net\\\/tr\\\/?p=63154\",\"url\":\"https:\\\/\\\/akunq.net\\\/tr\\\/?p=63154\",\"name\":\"\u0130\u015fte Kutlu Adal\u0131\u2019ya yaz\u0131lan tehdit mektubu! - Bati Ermenistan Ve Bati Ermenileri Sorunlari Ara\u015ftirmalar Merkezi\",\"isPartOf\":{\"@id\":\"https:\\\/\\\/akunq.net\\\/tr\\\/#website\"},\"primaryImageOfPage\":{\"@id\":\"https:\\\/\\\/akunq.net\\\/tr\\\/?p=63154#primaryimage\"},\"image\":{\"@id\":\"https:\\\/\\\/akunq.net\\\/tr\\\/?p=63154#primaryimage\"},\"thumbnailUrl\":\"https:\\\/\\\/akunq.net\\\/tr\\\/wp-content\\\/uploads\\\/sites\\\/6\\\/2021\\\/06\\\/mektup_1622708976.jpg\",\"datePublished\":\"2021-06-03T13:25:52+00:00\",\"author\":{\"@id\":\"https:\\\/\\\/akunq.net\\\/tr\\\/#\\\/schema\\\/person\\\/096f1d38a12cce57fb855b485ed24c9e\"},\"breadcrumb\":{\"@id\":\"https:\\\/\\\/akunq.net\\\/tr\\\/?p=63154#breadcrumb\"},\"inLanguage\":\"en-US\",\"potentialAction\":[{\"@type\":\"ReadAction\",\"target\":[\"https:\\\/\\\/akunq.net\\\/tr\\\/?p=63154\"]}]},{\"@type\":\"ImageObject\",\"inLanguage\":\"en-US\",\"@id\":\"https:\\\/\\\/akunq.net\\\/tr\\\/?p=63154#primaryimage\",\"url\":\"https:\\\/\\\/akunq.net\\\/tr\\\/wp-content\\\/uploads\\\/sites\\\/6\\\/2021\\\/06\\\/mektup_1622708976.jpg\",\"contentUrl\":\"https:\\\/\\\/akunq.net\\\/tr\\\/wp-content\\\/uploads\\\/sites\\\/6\\\/2021\\\/06\\\/mektup_1622708976.jpg\",\"width\":617,\"height\":961},{\"@type\":\"BreadcrumbList\",\"@id\":\"https:\\\/\\\/akunq.net\\\/tr\\\/?p=63154#breadcrumb\",\"itemListElement\":[{\"@type\":\"ListItem\",\"position\":1,\"name\":\"Home\",\"item\":\"https:\\\/\\\/akunq.net\\\/tr\"},{\"@type\":\"ListItem\",\"position\":2,\"name\":\"\u0130\u015fte Kutlu Adal\u0131\u2019ya yaz\u0131lan tehdit mektubu!\"}]},{\"@type\":\"WebSite\",\"@id\":\"https:\\\/\\\/akunq.net\\\/tr\\\/#website\",\"url\":\"https:\\\/\\\/akunq.net\\\/tr\\\/\",\"name\":\"Bati Ermenistan Ve Bati Ermenileri Sorunlari Ara\u015ftirmalar Merkezi\",\"description\":\"\",\"potentialAction\":[{\"@type\":\"SearchAction\",\"target\":{\"@type\":\"EntryPoint\",\"urlTemplate\":\"https:\\\/\\\/akunq.net\\\/tr\\\/?s={search_term_string}\"},\"query-input\":{\"@type\":\"PropertyValueSpecification\",\"valueRequired\":true,\"valueName\":\"search_term_string\"}}],\"inLanguage\":\"en-US\"},{\"@type\":\"Person\",\"@id\":\"https:\\\/\\\/akunq.net\\\/tr\\\/#\\\/schema\\\/person\\\/096f1d38a12cce57fb855b485ed24c9e\",\"name\":\"admin\",\"url\":\"https:\\\/\\\/akunq.net\\\/tr\\\/?author=7\"}]}<\/script>\n<!-- \/ Yoast SEO plugin. -->","yoast_head_json":{"title":"\u0130\u015fte Kutlu Adal\u0131\u2019ya yaz\u0131lan tehdit mektubu! - Bati Ermenistan Ve Bati Ermenileri Sorunlari Ara\u015ftirmalar Merkezi","robots":{"index":"index","follow":"follow","max-snippet":"max-snippet:-1","max-image-preview":"max-image-preview:large","max-video-preview":"max-video-preview:-1"},"canonical":"https:\/\/akunq.net\/tr\/?p=63154","og_locale":"en_US","og_type":"article","og_title":"\u0130\u015fte Kutlu Adal\u0131\u2019ya yaz\u0131lan tehdit mektubu! - Bati Ermenistan Ve Bati Ermenileri Sorunlari Ara\u015ftirmalar Merkezi","og_description":"6 Temmuz 1996 g\u00fcn\u00fc evinin \u00f6n\u00fcnde \u00f6ld\u00fcr\u00fclen ve o g\u00fcnden beri failleri bulunamayan gazeteci Kutlu Adal\u0131 ile ilgili o d\u00f6nemde yaz\u0131lm\u0131\u015f bir tehdit mektubu ortaya \u00e7\u0131kt\u0131. Cinayet dosyas\u0131nda da bulundu\u011fu d\u00fc\u015f\u00fcn\u00fclen ve \u201cT\u00fcrk\u2019\u00fcn Kahramanlar\u0131\u201d imzas\u0131n\u0131 ta\u015f\u0131yan mektubunda sadece Kutlu Adal\u0131 de\u011fil, e\u015fi \u0130lkay Adal\u0131 da tehdit ediliyor. \u00dczerinde herhangi bir tarih bulunmayan ancak cinayetten k\u0131sa [&hellip;]","og_url":"https:\/\/akunq.net\/tr\/?p=63154","og_site_name":"Bati Ermenistan Ve Bati Ermenileri Sorunlari Ara\u015ftirmalar Merkezi","article_published_time":"2021-06-03T13:25:52+00:00","og_image":[{"width":617,"height":961,"url":"https:\/\/akunq.net\/tr\/wp-content\/uploads\/sites\/6\/2021\/06\/mektup_1622708976.jpg","type":"image\/jpeg"}],"author":"admin","twitter_card":"summary_large_image","twitter_misc":{"Written by":"admin","Est. reading time":"2 minutes"},"schema":{"@context":"https:\/\/schema.org","@graph":[{"@type":"Article","@id":"https:\/\/akunq.net\/tr\/?p=63154#article","isPartOf":{"@id":"https:\/\/akunq.net\/tr\/?p=63154"},"author":{"name":"admin","@id":"https:\/\/akunq.net\/tr\/#\/schema\/person\/096f1d38a12cce57fb855b485ed24c9e"},"headline":"\u0130\u015fte Kutlu Adal\u0131\u2019ya yaz\u0131lan tehdit mektubu!","datePublished":"2021-06-03T13:25:52+00:00","mainEntityOfPage":{"@id":"https:\/\/akunq.net\/tr\/?p=63154"},"wordCount":315,"commentCount":0,"image":{"@id":"https:\/\/akunq.net\/tr\/?p=63154#primaryimage"},"thumbnailUrl":"https:\/\/akunq.net\/tr\/wp-content\/uploads\/sites\/6\/2021\/06\/mektup_1622708976.jpg","articleSection":["Haberler","T\u00fcrkiye\u2019de Az\u0131nl\u0131klar"],"inLanguage":"en-US","potentialAction":[{"@type":"CommentAction","name":"Comment","target":["https:\/\/akunq.net\/tr\/?p=63154#respond"]}]},{"@type":"WebPage","@id":"https:\/\/akunq.net\/tr\/?p=63154","url":"https:\/\/akunq.net\/tr\/?p=63154","name":"\u0130\u015fte Kutlu Adal\u0131\u2019ya yaz\u0131lan tehdit mektubu! - Bati Ermenistan Ve Bati Ermenileri Sorunlari Ara\u015ftirmalar Merkezi","isPartOf":{"@id":"https:\/\/akunq.net\/tr\/#website"},"primaryImageOfPage":{"@id":"https:\/\/akunq.net\/tr\/?p=63154#primaryimage"},"image":{"@id":"https:\/\/akunq.net\/tr\/?p=63154#primaryimage"},"thumbnailUrl":"https:\/\/akunq.net\/tr\/wp-content\/uploads\/sites\/6\/2021\/06\/mektup_1622708976.jpg","datePublished":"2021-06-03T13:25:52+00:00","author":{"@id":"https:\/\/akunq.net\/tr\/#\/schema\/person\/096f1d38a12cce57fb855b485ed24c9e"},"breadcrumb":{"@id":"https:\/\/akunq.net\/tr\/?p=63154#breadcrumb"},"inLanguage":"en-US","potentialAction":[{"@type":"ReadAction","target":["https:\/\/akunq.net\/tr\/?p=63154"]}]},{"@type":"ImageObject","inLanguage":"en-US","@id":"https:\/\/akunq.net\/tr\/?p=63154#primaryimage","url":"https:\/\/akunq.net\/tr\/wp-content\/uploads\/sites\/6\/2021\/06\/mektup_1622708976.jpg","contentUrl":"https:\/\/akunq.net\/tr\/wp-content\/uploads\/sites\/6\/2021\/06\/mektup_1622708976.jpg","width":617,"height":961},{"@type":"BreadcrumbList","@id":"https:\/\/akunq.net\/tr\/?p=63154#breadcrumb","itemListElement":[{"@type":"ListItem","position":1,"name":"Home","item":"https:\/\/akunq.net\/tr"},{"@type":"ListItem","position":2,"name":"\u0130\u015fte Kutlu Adal\u0131\u2019ya yaz\u0131lan tehdit mektubu!"}]},{"@type":"WebSite","@id":"https:\/\/akunq.net\/tr\/#website","url":"https:\/\/akunq.net\/tr\/","name":"Bati Ermenistan Ve Bati Ermenileri Sorunlari Ara\u015ftirmalar Merkezi","description":"","potentialAction":[{"@type":"SearchAction","target":{"@type":"EntryPoint","urlTemplate":"https:\/\/akunq.net\/tr\/?s={search_term_string}"},"query-input":{"@type":"PropertyValueSpecification","valueRequired":true,"valueName":"search_term_string"}}],"inLanguage":"en-US"},{"@type":"Person","@id":"https:\/\/akunq.net\/tr\/#\/schema\/person\/096f1d38a12cce57fb855b485ed24c9e","name":"admin","url":"https:\/\/akunq.net\/tr\/?author=7"}]}},"_links":{"self":[{"href":"https:\/\/akunq.net\/tr\/index.php?rest_route=\/wp\/v2\/posts\/63154","targetHints":{"allow":["GET"]}}],"collection":[{"href":"https:\/\/akunq.net\/tr\/index.php?rest_route=\/wp\/v2\/posts"}],"about":[{"href":"https:\/\/akunq.net\/tr\/index.php?rest_route=\/wp\/v2\/types\/post"}],"author":[{"embeddable":true,"href":"https:\/\/akunq.net\/tr\/index.php?rest_route=\/wp\/v2\/users\/7"}],"replies":[{"embeddable":true,"href":"https:\/\/akunq.net\/tr\/index.php?rest_route=%2Fwp%2Fv2%2Fcomments&post=63154"}],"version-history":[{"count":2,"href":"https:\/\/akunq.net\/tr\/index.php?rest_route=\/wp\/v2\/posts\/63154\/revisions"}],"predecessor-version":[{"id":63160,"href":"https:\/\/akunq.net\/tr\/index.php?rest_route=\/wp\/v2\/posts\/63154\/revisions\/63160"}],"wp:featuredmedia":[{"embeddable":true,"href":"https:\/\/akunq.net\/tr\/index.php?rest_route=\/wp\/v2\/media\/63155"}],"wp:attachment":[{"href":"https:\/\/akunq.net\/tr\/index.php?rest_route=%2Fwp%2Fv2%2Fmedia&parent=63154"}],"wp:term":[{"taxonomy":"category","embeddable":true,"href":"https:\/\/akunq.net\/tr\/index.php?rest_route=%2Fwp%2Fv2%2Fcategories&post=63154"},{"taxonomy":"post_tag","embeddable":true,"href":"https:\/\/akunq.net\/tr\/index.php?rest_route=%2Fwp%2Fv2%2Ftags&post=63154"}],"curies":[{"name":"wp","href":"https:\/\/api.w.org\/{rel}","templated":true}]}}