{"id":63151,"date":"2021-06-03T03:03:43","date_gmt":"2021-06-03T08:03:43","guid":{"rendered":"https:\/\/akunq.net\/tr\/?p=63151"},"modified":"2021-06-03T03:03:43","modified_gmt":"2021-06-03T08:03:43","slug":"avustralya-arap-birligi-ermeni-soykirimini-tanima-cagrisinda-bulundu","status":"publish","type":"post","link":"https:\/\/akunq.net\/tr\/?p=63151","title":{"rendered":"Avustralya Arap Birli\u011fi, Ermeni Soyk\u0131r\u0131m\u0131\u2019n\u0131 tan\u0131ma \u00e7a\u011fr\u0131s\u0131nda bulundu"},"content":{"rendered":"<p><img loading=\"lazy\" decoding=\"async\" class=\"size-medium wp-image-63152 alignleft\" src=\"https:\/\/akunq.net\/tr\/wp-content\/uploads\/2021\/06\/armenian_genocide_memorial_yerevan_2903020364-360x240.jpg\" alt=\"\" width=\"360\" height=\"240\" srcset=\"https:\/\/akunq.net\/tr\/wp-content\/uploads\/sites\/6\/2021\/06\/armenian_genocide_memorial_yerevan_2903020364-360x240.jpg 360w, https:\/\/akunq.net\/tr\/wp-content\/uploads\/sites\/6\/2021\/06\/armenian_genocide_memorial_yerevan_2903020364-768x512.jpg 768w, https:\/\/akunq.net\/tr\/wp-content\/uploads\/sites\/6\/2021\/06\/armenian_genocide_memorial_yerevan_2903020364-1536x1023.jpg 1536w, https:\/\/akunq.net\/tr\/wp-content\/uploads\/sites\/6\/2021\/06\/armenian_genocide_memorial_yerevan_2903020364-560x373.jpg 560w, https:\/\/akunq.net\/tr\/wp-content\/uploads\/sites\/6\/2021\/06\/armenian_genocide_memorial_yerevan_2903020364-260x173.jpg 260w, https:\/\/akunq.net\/tr\/wp-content\/uploads\/sites\/6\/2021\/06\/armenian_genocide_memorial_yerevan_2903020364-160x107.jpg 160w, https:\/\/akunq.net\/tr\/wp-content\/uploads\/sites\/6\/2021\/06\/armenian_genocide_memorial_yerevan_2903020364.jpg 1872w\" sizes=\"auto, (max-width: 360px) 100vw, 360px\" \/>Avustralya Arap Birli\u011fi, Ermeni Soyk\u0131r\u0131m\u0131\u2019n\u0131n 106. y\u0131ld\u00f6n\u00fcm\u00fc vesilesiyle \u00fclke h\u00fck\u00fcmetini, Ermeni, Suryani ve Rum Soyk\u0131r\u0131m\u0131\u2019n\u0131 tan\u0131maya \u00e7a\u011f\u0131rd\u0131.<\/p>\n<p>Avustralya Ermeni Davas\u0131 Konseyi, Birlik taraf\u0131ndan Ba\u015fbakan Scott Morrison\u2019a iletilen mektupta, \u201cAvustralya\u2019y\u0131, Ermeni Soyk\u0131r\u0131m\u0131\u2019n\u0131n tan\u0131nmas\u0131 y\u00f6n\u00fcnde ad\u0131mlar atan \u00fclkelere kat\u0131lma \u00e7a\u011fr\u0131s\u0131n\u0131 yap\u0131yoruz\u201d ifadelerine yer verildi\u011fini bildirdi.<\/p>\n<p>Avustralya Ermeni toplumu ad\u0131na Arap Birli\u011fi\u2019ne bu destekten dolay\u0131 te\u015fekk\u00fcrlerini ileten Konsey \u0130cra M\u00fcd\u00fcr\u00fc Hayk Kayseryan, \u201cOnlar\u0131n sesi, bizim adalet \u00e7a\u011fr\u0131lar\u0131m\u0131z\u0131 g\u00fc\u00e7lendiriyor\u201d yorumunu yapt\u0131.<\/p>\n<p>Avustralya Arap Birli\u011fi, bu \u00fclkede ya\u015fayan 22 \u00fclke temsilcilerinin \u00e7\u0131karlar\u0131n\u0131 koruyan ba\u011f\u0131ms\u0131z bir sivil toplum kurulu\u015fudur. Birlik, sosyal adaletin sa\u011flanmas\u0131na ve toplumsal hayat \u015fartlar\u0131n\u0131n iyile\u015ftirilmesine odakl\u0131 \u00e7al\u0131\u015fmalar yap\u0131yor.<\/p>\n<p>&nbsp;<\/p>\n<p><em><strong>ermenihaber.am\/tr<\/strong><\/em><\/p>\n","protected":false},"excerpt":{"rendered":"<p>Avustralya Arap Birli\u011fi, Ermeni Soyk\u0131r\u0131m\u0131\u2019n\u0131n 106. y\u0131ld\u00f6n\u00fcm\u00fc vesilesiyle \u00fclke h\u00fck\u00fcmetini, Ermeni, Suryani ve Rum Soyk\u0131r\u0131m\u0131\u2019n\u0131 tan\u0131maya \u00e7a\u011f\u0131rd\u0131. Avustralya Ermeni Davas\u0131 Konseyi, Birlik taraf\u0131ndan Ba\u015fbakan Scott Morrison\u2019a iletilen mektupta, \u201cAvustralya\u2019y\u0131, Ermeni Soyk\u0131r\u0131m\u0131\u2019n\u0131n tan\u0131nmas\u0131 y\u00f6n\u00fcnde ad\u0131mlar atan \u00fclkelere kat\u0131lma \u00e7a\u011fr\u0131s\u0131n\u0131 yap\u0131yoruz\u201d ifadelerine yer verildi\u011fini bildirdi. Avustralya Ermeni toplumu ad\u0131na Arap Birli\u011fi\u2019ne bu destekten dolay\u0131 te\u015fekk\u00fcrlerini ileten Konsey [&hellip;]<\/p>\n","protected":false},"author":7,"featured_media":63152,"comment_status":"open","ping_status":"open","sticky":false,"template":"","format":"standard","meta":{"footnotes":""},"categories":[44,1],"tags":[],"class_list":["post-63151","post","type-post","status-publish","format-standard","has-post-thumbnail","hentry","category-ermeni-soykirimi","category-haberler"],"yoast_head":"<!-- This site is optimized with the Yoast SEO plugin v27.4 - https:\/\/yoast.com\/product\/yoast-seo-wordpress\/ -->\n<title>Avustralya Arap Birli\u011fi, Ermeni Soyk\u0131r\u0131m\u0131\u2019n\u0131 tan\u0131ma \u00e7a\u011fr\u0131s\u0131nda bulundu - Bati Ermenistan Ve Bati Ermenileri Sorunlari Ara\u015ftirmalar Merkezi<\/title>\n<meta name=\"robots\" content=\"index, follow, max-snippet:-1, max-image-preview:large, max-video-preview:-1\" \/>\n<link rel=\"canonical\" href=\"https:\/\/akunq.net\/tr\/?p=63151\" \/>\n<meta property=\"og:locale\" content=\"en_US\" \/>\n<meta property=\"og:type\" content=\"article\" \/>\n<meta property=\"og:title\" content=\"Avustralya Arap Birli\u011fi, Ermeni Soyk\u0131r\u0131m\u0131\u2019n\u0131 tan\u0131ma \u00e7a\u011fr\u0131s\u0131nda bulundu - Bati Ermenistan Ve Bati Ermenileri Sorunlari Ara\u015ftirmalar Merkezi\" \/>\n<meta property=\"og:description\" content=\"Avustralya Arap Birli\u011fi, Ermeni Soyk\u0131r\u0131m\u0131\u2019n\u0131n 106. y\u0131ld\u00f6n\u00fcm\u00fc vesilesiyle \u00fclke h\u00fck\u00fcmetini, Ermeni, Suryani ve Rum Soyk\u0131r\u0131m\u0131\u2019n\u0131 tan\u0131maya \u00e7a\u011f\u0131rd\u0131. Avustralya Ermeni Davas\u0131 Konseyi, Birlik taraf\u0131ndan Ba\u015fbakan Scott Morrison\u2019a iletilen mektupta, \u201cAvustralya\u2019y\u0131, Ermeni Soyk\u0131r\u0131m\u0131\u2019n\u0131n tan\u0131nmas\u0131 y\u00f6n\u00fcnde ad\u0131mlar atan \u00fclkelere kat\u0131lma \u00e7a\u011fr\u0131s\u0131n\u0131 yap\u0131yoruz\u201d ifadelerine yer verildi\u011fini bildirdi. Avustralya Ermeni toplumu ad\u0131na Arap Birli\u011fi\u2019ne bu destekten dolay\u0131 te\u015fekk\u00fcrlerini ileten Konsey [&hellip;]\" \/>\n<meta property=\"og:url\" content=\"https:\/\/akunq.net\/tr\/?p=63151\" \/>\n<meta property=\"og:site_name\" content=\"Bati Ermenistan Ve Bati Ermenileri Sorunlari Ara\u015ftirmalar Merkezi\" \/>\n<meta property=\"article:published_time\" content=\"2021-06-03T08:03:43+00:00\" \/>\n<meta property=\"og:image\" content=\"https:\/\/akunq.net\/tr\/wp-content\/uploads\/sites\/6\/2021\/06\/armenian_genocide_memorial_yerevan_2903020364.jpg\" \/>\n\t<meta property=\"og:image:width\" content=\"1872\" \/>\n\t<meta property=\"og:image:height\" content=\"1247\" \/>\n\t<meta property=\"og:image:type\" content=\"image\/jpeg\" \/>\n<meta name=\"author\" content=\"admin\" \/>\n<meta name=\"twitter:card\" content=\"summary_large_image\" \/>\n<meta name=\"twitter:label1\" content=\"Written by\" \/>\n\t<meta name=\"twitter:data1\" content=\"admin\" \/>\n\t<meta name=\"twitter:label2\" content=\"Est. reading time\" \/>\n\t<meta name=\"twitter:data2\" content=\"1 minute\" \/>\n<script type=\"application\/ld+json\" class=\"yoast-schema-graph\">{\"@context\":\"https:\\\/\\\/schema.org\",\"@graph\":[{\"@type\":\"Article\",\"@id\":\"https:\\\/\\\/akunq.net\\\/tr\\\/?p=63151#article\",\"isPartOf\":{\"@id\":\"https:\\\/\\\/akunq.net\\\/tr\\\/?p=63151\"},\"author\":{\"name\":\"admin\",\"@id\":\"https:\\\/\\\/akunq.net\\\/tr\\\/#\\\/schema\\\/person\\\/096f1d38a12cce57fb855b485ed24c9e\"},\"headline\":\"Avustralya Arap Birli\u011fi, Ermeni Soyk\u0131r\u0131m\u0131\u2019n\u0131 tan\u0131ma \u00e7a\u011fr\u0131s\u0131nda bulundu\",\"datePublished\":\"2021-06-03T08:03:43+00:00\",\"mainEntityOfPage\":{\"@id\":\"https:\\\/\\\/akunq.net\\\/tr\\\/?p=63151\"},\"wordCount\":172,\"commentCount\":0,\"image\":{\"@id\":\"https:\\\/\\\/akunq.net\\\/tr\\\/?p=63151#primaryimage\"},\"thumbnailUrl\":\"https:\\\/\\\/akunq.net\\\/tr\\\/wp-content\\\/uploads\\\/sites\\\/6\\\/2021\\\/06\\\/armenian_genocide_memorial_yerevan_2903020364.jpg\",\"articleSection\":[\"Ermeni Soyk\u0131r\u0131m\u0131\",\"Haberler\"],\"inLanguage\":\"en-US\",\"potentialAction\":[{\"@type\":\"CommentAction\",\"name\":\"Comment\",\"target\":[\"https:\\\/\\\/akunq.net\\\/tr\\\/?p=63151#respond\"]}]},{\"@type\":\"WebPage\",\"@id\":\"https:\\\/\\\/akunq.net\\\/tr\\\/?p=63151\",\"url\":\"https:\\\/\\\/akunq.net\\\/tr\\\/?p=63151\",\"name\":\"Avustralya Arap Birli\u011fi, Ermeni Soyk\u0131r\u0131m\u0131\u2019n\u0131 tan\u0131ma \u00e7a\u011fr\u0131s\u0131nda bulundu - Bati Ermenistan Ve Bati Ermenileri Sorunlari Ara\u015ftirmalar Merkezi\",\"isPartOf\":{\"@id\":\"https:\\\/\\\/akunq.net\\\/tr\\\/#website\"},\"primaryImageOfPage\":{\"@id\":\"https:\\\/\\\/akunq.net\\\/tr\\\/?p=63151#primaryimage\"},\"image\":{\"@id\":\"https:\\\/\\\/akunq.net\\\/tr\\\/?p=63151#primaryimage\"},\"thumbnailUrl\":\"https:\\\/\\\/akunq.net\\\/tr\\\/wp-content\\\/uploads\\\/sites\\\/6\\\/2021\\\/06\\\/armenian_genocide_memorial_yerevan_2903020364.jpg\",\"datePublished\":\"2021-06-03T08:03:43+00:00\",\"author\":{\"@id\":\"https:\\\/\\\/akunq.net\\\/tr\\\/#\\\/schema\\\/person\\\/096f1d38a12cce57fb855b485ed24c9e\"},\"breadcrumb\":{\"@id\":\"https:\\\/\\\/akunq.net\\\/tr\\\/?p=63151#breadcrumb\"},\"inLanguage\":\"en-US\",\"potentialAction\":[{\"@type\":\"ReadAction\",\"target\":[\"https:\\\/\\\/akunq.net\\\/tr\\\/?p=63151\"]}]},{\"@type\":\"ImageObject\",\"inLanguage\":\"en-US\",\"@id\":\"https:\\\/\\\/akunq.net\\\/tr\\\/?p=63151#primaryimage\",\"url\":\"https:\\\/\\\/akunq.net\\\/tr\\\/wp-content\\\/uploads\\\/sites\\\/6\\\/2021\\\/06\\\/armenian_genocide_memorial_yerevan_2903020364.jpg\",\"contentUrl\":\"https:\\\/\\\/akunq.net\\\/tr\\\/wp-content\\\/uploads\\\/sites\\\/6\\\/2021\\\/06\\\/armenian_genocide_memorial_yerevan_2903020364.jpg\",\"width\":1872,\"height\":1247},{\"@type\":\"BreadcrumbList\",\"@id\":\"https:\\\/\\\/akunq.net\\\/tr\\\/?p=63151#breadcrumb\",\"itemListElement\":[{\"@type\":\"ListItem\",\"position\":1,\"name\":\"Home\",\"item\":\"https:\\\/\\\/akunq.net\\\/tr\"},{\"@type\":\"ListItem\",\"position\":2,\"name\":\"Avustralya Arap Birli\u011fi, Ermeni Soyk\u0131r\u0131m\u0131\u2019n\u0131 tan\u0131ma \u00e7a\u011fr\u0131s\u0131nda bulundu\"}]},{\"@type\":\"WebSite\",\"@id\":\"https:\\\/\\\/akunq.net\\\/tr\\\/#website\",\"url\":\"https:\\\/\\\/akunq.net\\\/tr\\\/\",\"name\":\"Bati Ermenistan Ve Bati Ermenileri Sorunlari Ara\u015ftirmalar Merkezi\",\"description\":\"\",\"potentialAction\":[{\"@type\":\"SearchAction\",\"target\":{\"@type\":\"EntryPoint\",\"urlTemplate\":\"https:\\\/\\\/akunq.net\\\/tr\\\/?s={search_term_string}\"},\"query-input\":{\"@type\":\"PropertyValueSpecification\",\"valueRequired\":true,\"valueName\":\"search_term_string\"}}],\"inLanguage\":\"en-US\"},{\"@type\":\"Person\",\"@id\":\"https:\\\/\\\/akunq.net\\\/tr\\\/#\\\/schema\\\/person\\\/096f1d38a12cce57fb855b485ed24c9e\",\"name\":\"admin\",\"url\":\"https:\\\/\\\/akunq.net\\\/tr\\\/?author=7\"}]}<\/script>\n<!-- \/ Yoast SEO plugin. -->","yoast_head_json":{"title":"Avustralya Arap Birli\u011fi, Ermeni Soyk\u0131r\u0131m\u0131\u2019n\u0131 tan\u0131ma \u00e7a\u011fr\u0131s\u0131nda bulundu - Bati Ermenistan Ve Bati Ermenileri Sorunlari Ara\u015ftirmalar Merkezi","robots":{"index":"index","follow":"follow","max-snippet":"max-snippet:-1","max-image-preview":"max-image-preview:large","max-video-preview":"max-video-preview:-1"},"canonical":"https:\/\/akunq.net\/tr\/?p=63151","og_locale":"en_US","og_type":"article","og_title":"Avustralya Arap Birli\u011fi, Ermeni Soyk\u0131r\u0131m\u0131\u2019n\u0131 tan\u0131ma \u00e7a\u011fr\u0131s\u0131nda bulundu - Bati Ermenistan Ve Bati Ermenileri Sorunlari Ara\u015ftirmalar Merkezi","og_description":"Avustralya Arap Birli\u011fi, Ermeni Soyk\u0131r\u0131m\u0131\u2019n\u0131n 106. y\u0131ld\u00f6n\u00fcm\u00fc vesilesiyle \u00fclke h\u00fck\u00fcmetini, Ermeni, Suryani ve Rum Soyk\u0131r\u0131m\u0131\u2019n\u0131 tan\u0131maya \u00e7a\u011f\u0131rd\u0131. Avustralya Ermeni Davas\u0131 Konseyi, Birlik taraf\u0131ndan Ba\u015fbakan Scott Morrison\u2019a iletilen mektupta, \u201cAvustralya\u2019y\u0131, Ermeni Soyk\u0131r\u0131m\u0131\u2019n\u0131n tan\u0131nmas\u0131 y\u00f6n\u00fcnde ad\u0131mlar atan \u00fclkelere kat\u0131lma \u00e7a\u011fr\u0131s\u0131n\u0131 yap\u0131yoruz\u201d ifadelerine yer verildi\u011fini bildirdi. Avustralya Ermeni toplumu ad\u0131na Arap Birli\u011fi\u2019ne bu destekten dolay\u0131 te\u015fekk\u00fcrlerini ileten Konsey [&hellip;]","og_url":"https:\/\/akunq.net\/tr\/?p=63151","og_site_name":"Bati Ermenistan Ve Bati Ermenileri Sorunlari Ara\u015ftirmalar Merkezi","article_published_time":"2021-06-03T08:03:43+00:00","og_image":[{"width":1872,"height":1247,"url":"https:\/\/akunq.net\/tr\/wp-content\/uploads\/sites\/6\/2021\/06\/armenian_genocide_memorial_yerevan_2903020364.jpg","type":"image\/jpeg"}],"author":"admin","twitter_card":"summary_large_image","twitter_misc":{"Written by":"admin","Est. reading time":"1 minute"},"schema":{"@context":"https:\/\/schema.org","@graph":[{"@type":"Article","@id":"https:\/\/akunq.net\/tr\/?p=63151#article","isPartOf":{"@id":"https:\/\/akunq.net\/tr\/?p=63151"},"author":{"name":"admin","@id":"https:\/\/akunq.net\/tr\/#\/schema\/person\/096f1d38a12cce57fb855b485ed24c9e"},"headline":"Avustralya Arap Birli\u011fi, Ermeni Soyk\u0131r\u0131m\u0131\u2019n\u0131 tan\u0131ma \u00e7a\u011fr\u0131s\u0131nda bulundu","datePublished":"2021-06-03T08:03:43+00:00","mainEntityOfPage":{"@id":"https:\/\/akunq.net\/tr\/?p=63151"},"wordCount":172,"commentCount":0,"image":{"@id":"https:\/\/akunq.net\/tr\/?p=63151#primaryimage"},"thumbnailUrl":"https:\/\/akunq.net\/tr\/wp-content\/uploads\/sites\/6\/2021\/06\/armenian_genocide_memorial_yerevan_2903020364.jpg","articleSection":["Ermeni Soyk\u0131r\u0131m\u0131","Haberler"],"inLanguage":"en-US","potentialAction":[{"@type":"CommentAction","name":"Comment","target":["https:\/\/akunq.net\/tr\/?p=63151#respond"]}]},{"@type":"WebPage","@id":"https:\/\/akunq.net\/tr\/?p=63151","url":"https:\/\/akunq.net\/tr\/?p=63151","name":"Avustralya Arap Birli\u011fi, Ermeni Soyk\u0131r\u0131m\u0131\u2019n\u0131 tan\u0131ma \u00e7a\u011fr\u0131s\u0131nda bulundu - Bati Ermenistan Ve Bati Ermenileri Sorunlari Ara\u015ftirmalar Merkezi","isPartOf":{"@id":"https:\/\/akunq.net\/tr\/#website"},"primaryImageOfPage":{"@id":"https:\/\/akunq.net\/tr\/?p=63151#primaryimage"},"image":{"@id":"https:\/\/akunq.net\/tr\/?p=63151#primaryimage"},"thumbnailUrl":"https:\/\/akunq.net\/tr\/wp-content\/uploads\/sites\/6\/2021\/06\/armenian_genocide_memorial_yerevan_2903020364.jpg","datePublished":"2021-06-03T08:03:43+00:00","author":{"@id":"https:\/\/akunq.net\/tr\/#\/schema\/person\/096f1d38a12cce57fb855b485ed24c9e"},"breadcrumb":{"@id":"https:\/\/akunq.net\/tr\/?p=63151#breadcrumb"},"inLanguage":"en-US","potentialAction":[{"@type":"ReadAction","target":["https:\/\/akunq.net\/tr\/?p=63151"]}]},{"@type":"ImageObject","inLanguage":"en-US","@id":"https:\/\/akunq.net\/tr\/?p=63151#primaryimage","url":"https:\/\/akunq.net\/tr\/wp-content\/uploads\/sites\/6\/2021\/06\/armenian_genocide_memorial_yerevan_2903020364.jpg","contentUrl":"https:\/\/akunq.net\/tr\/wp-content\/uploads\/sites\/6\/2021\/06\/armenian_genocide_memorial_yerevan_2903020364.jpg","width":1872,"height":1247},{"@type":"BreadcrumbList","@id":"https:\/\/akunq.net\/tr\/?p=63151#breadcrumb","itemListElement":[{"@type":"ListItem","position":1,"name":"Home","item":"https:\/\/akunq.net\/tr"},{"@type":"ListItem","position":2,"name":"Avustralya Arap Birli\u011fi, Ermeni Soyk\u0131r\u0131m\u0131\u2019n\u0131 tan\u0131ma \u00e7a\u011fr\u0131s\u0131nda bulundu"}]},{"@type":"WebSite","@id":"https:\/\/akunq.net\/tr\/#website","url":"https:\/\/akunq.net\/tr\/","name":"Bati Ermenistan Ve Bati Ermenileri Sorunlari Ara\u015ftirmalar Merkezi","description":"","potentialAction":[{"@type":"SearchAction","target":{"@type":"EntryPoint","urlTemplate":"https:\/\/akunq.net\/tr\/?s={search_term_string}"},"query-input":{"@type":"PropertyValueSpecification","valueRequired":true,"valueName":"search_term_string"}}],"inLanguage":"en-US"},{"@type":"Person","@id":"https:\/\/akunq.net\/tr\/#\/schema\/person\/096f1d38a12cce57fb855b485ed24c9e","name":"admin","url":"https:\/\/akunq.net\/tr\/?author=7"}]}},"_links":{"self":[{"href":"https:\/\/akunq.net\/tr\/index.php?rest_route=\/wp\/v2\/posts\/63151","targetHints":{"allow":["GET"]}}],"collection":[{"href":"https:\/\/akunq.net\/tr\/index.php?rest_route=\/wp\/v2\/posts"}],"about":[{"href":"https:\/\/akunq.net\/tr\/index.php?rest_route=\/wp\/v2\/types\/post"}],"author":[{"embeddable":true,"href":"https:\/\/akunq.net\/tr\/index.php?rest_route=\/wp\/v2\/users\/7"}],"replies":[{"embeddable":true,"href":"https:\/\/akunq.net\/tr\/index.php?rest_route=%2Fwp%2Fv2%2Fcomments&post=63151"}],"version-history":[{"count":1,"href":"https:\/\/akunq.net\/tr\/index.php?rest_route=\/wp\/v2\/posts\/63151\/revisions"}],"predecessor-version":[{"id":63153,"href":"https:\/\/akunq.net\/tr\/index.php?rest_route=\/wp\/v2\/posts\/63151\/revisions\/63153"}],"wp:featuredmedia":[{"embeddable":true,"href":"https:\/\/akunq.net\/tr\/index.php?rest_route=\/wp\/v2\/media\/63152"}],"wp:attachment":[{"href":"https:\/\/akunq.net\/tr\/index.php?rest_route=%2Fwp%2Fv2%2Fmedia&parent=63151"}],"wp:term":[{"taxonomy":"category","embeddable":true,"href":"https:\/\/akunq.net\/tr\/index.php?rest_route=%2Fwp%2Fv2%2Fcategories&post=63151"},{"taxonomy":"post_tag","embeddable":true,"href":"https:\/\/akunq.net\/tr\/index.php?rest_route=%2Fwp%2Fv2%2Ftags&post=63151"}],"curies":[{"name":"wp","href":"https:\/\/api.w.org\/{rel}","templated":true}]}}