{"id":63139,"date":"2021-06-01T04:58:59","date_gmt":"2021-06-01T09:58:59","guid":{"rendered":"https:\/\/akunq.net\/tr\/?p=63139"},"modified":"2021-06-01T04:58:59","modified_gmt":"2021-06-01T09:58:59","slug":"sacmalamanin-sonu-yok-rum-azinliklar-ve-soydaslar","status":"publish","type":"post","link":"https:\/\/akunq.net\/tr\/?p=63139","title":{"rendered":"Sa\u00e7malaman\u0131n sonu yok: Rum az\u0131nl\u0131klar ve soyda\u015flar"},"content":{"rendered":"<p><img loading=\"lazy\" decoding=\"async\" class=\"aligncenter size-medium wp-image-63140\" src=\"https:\/\/akunq.net\/tr\/wp-content\/uploads\/2021\/06\/Eser-Karaka\u015f-360x208.jpg\" alt=\"\" width=\"360\" height=\"208\" srcset=\"https:\/\/akunq.net\/tr\/wp-content\/uploads\/sites\/6\/2021\/06\/Eser-Karaka\u015f-360x208.jpg 360w, https:\/\/akunq.net\/tr\/wp-content\/uploads\/sites\/6\/2021\/06\/Eser-Karaka\u015f-768x444.jpg 768w, https:\/\/akunq.net\/tr\/wp-content\/uploads\/sites\/6\/2021\/06\/Eser-Karaka\u015f-560x324.jpg 560w, https:\/\/akunq.net\/tr\/wp-content\/uploads\/sites\/6\/2021\/06\/Eser-Karaka\u015f-260x150.jpg 260w, https:\/\/akunq.net\/tr\/wp-content\/uploads\/sites\/6\/2021\/06\/Eser-Karaka\u015f-160x93.jpg 160w, https:\/\/akunq.net\/tr\/wp-content\/uploads\/sites\/6\/2021\/06\/Eser-Karaka\u015f.jpg 800w\" sizes=\"auto, (max-width: 360px) 100vw, 360px\" \/><\/p>\n<p><em><strong>\u00c7avu\u015fo\u011flu, etno-k\u00fclt\u00fcrel aidiyet olarak kendini T\u00fcrk hissediyorsa istedi\u011fi ki\u015fiye D\u0131\u015fi\u015fleri \u015fapkas\u0131n\u0131 \u00e7\u0131kar\u0131p \u201csoyda\u015f\u0131m\u201d diyebilir ama bu ifadeyi bir Bakan olarak kullanamaz.<\/strong><\/em><\/p>\n<p><strong>\u2018Eser Karaka\u015f \u2013<\/strong><\/p>\n<p>Bu yaz\u0131y\u0131 yazd\u0131\u011f\u0131m g\u00fcn ve saatlerde T\u00fcrkiye devleti D\u0131\u015fi\u015fleri Bakan\u0131 Say\u0131n Mevlut \u00c7avu\u015fo\u011flu Yunanistan\u2019da bir resmi ziyarette.<\/p>\n<p>Bizim bas\u0131ndan da Say\u0131n D\u0131\u015fi\u015fleri Bakan\u0131n\u0131n Bat\u0131 Trakya\u2019da ger\u00e7ekle\u015ftirdi\u011fi temaslarda yapt\u0131\u011f\u0131 a\u00e7\u0131klamalar\u0131 izliyorum.<\/p>\n<p>A\u00e7\u0131klamalar, a\u015fa\u011f\u0131da iki \u00f6rne\u011fini sunuyorum, t\u00fcm\u00fcyle vahim yanl\u0131\u015f yakla\u015f\u0131mlar i\u00e7eriyor.<\/p>\n<p>Bu vahim hatalar do\u011fal olarak sadece Say\u0131n \u00c7avu\u015fo\u011flu\u2019nun yanl\u0131\u015flar\u0131 de\u011fil, devletin resmi tezlerindeki b\u00fcy\u00fck sakatl\u0131k s\u00f6z konusu ama geni\u015f kesimler taraf\u0131ndan da, kimi akademik \u00fcnvanl\u0131 ki\u015filer de dahiller, maalesef payla\u015f\u0131l\u0131yor.<\/p>\n<p>\u00c7avu\u015fo\u011flu\u2019nun iki a\u00e7\u0131klamas\u0131n\u0131 bas\u0131ndan aynen aktar\u0131yorum:<\/p>\n<p>1 \u2013 \u201cBat\u0131 Trakya\u2019da \u00e7e\u015fitli temaslarda bulunan \u00c7avu\u015fo\u011flu, \u201cBizim, T\u00fcrkiye\u2019de Rum Ortodoks Kilisesi ve Rum az\u0131nl\u0131klara verdi\u011fimiz haklar\u0131 Yunanistan\u2019\u0131n da Bat\u0131 Trakya\u2019da ya\u015fayan T\u00fcrk az\u0131nl\u0131klara vermesini istiyoruz\u201d demi\u015fti.<\/p>\n<p>2 \u2013 \u00c7avu\u015fo\u011flu Twitter \u00fczerinden yapt\u0131\u011f\u0131 bir payla\u015f\u0131mda da \u201cBat\u0131 Trakya\u2019daki iki T\u00fcrk Az\u0131nl\u0131k lisesinden biri olan Celal Bayar Lisesi\u2019ni ziyaret ettik. Soyda\u015f \u00e7ocuklar\u0131m\u0131z\u0131n daha iyi ko\u015fullarda e\u011fitim g\u00f6rmeleri ve her ya\u015fta ana dillerinde e\u011fitim almalar\u0131 \u00f6nemli. Bu sorunlar\u0131n \u00e7\u00f6z\u00fcm\u00fc i\u00e7in soyda\u015flar\u0131m\u0131za deste\u011fimiz s\u00fcrecek\u201d yazd\u0131.\u201d<\/p>\n<p>Birinci vahim hatadan ba\u015flayal\u0131m. Bat\u0131 Trakya\u2019da Yunanistan\u2019\u0131n baz\u0131 A\u0130HM kararlar\u0131n\u0131 uygulamad\u0131\u011f\u0131n\u0131 duyuyorum, bu konunun \u00fczerine hem anadili T\u00fcrk\u00e7e olan Bat\u0131 Trakyal\u0131lar hem de T\u00fcrkiye devleti gidebilirler, gitmelidirler de.<\/p>\n<p>Ancak, bunu yaparken meseleyi \u0130stanbul Rum az\u0131nl\u0131klar\u0131 konusu ile mukayese etmeden, bir sa\u00e7ma sapan, hukuk d\u0131\u015f\u0131, insanl\u0131k d\u0131\u015f\u0131 m\u00fctekabiliyet mant\u0131\u011f\u0131na ba\u015fvurulmadan yapmal\u0131d\u0131rlar.<\/p>\n<p>Anadili T\u00fcrk\u00e7e olan Bat\u0131 Trakyal\u0131lar Yunanistan, \u0130stanbul Rumlar\u0131 da T\u00fcrkiye vatanda\u015f\u0131d\u0131rlar, hi\u00e7bir devlet kendi vatanda\u015f\u0131n\u0131, etno-k\u00fclt\u00fcrel k\u00f6keni ne olursa olsun, rehin alma mant\u0131\u011f\u0131 ile bu t\u00fcr \u00e7irkin m\u00fctekabiliyete konu edemez, en az\u0131ndan \u00e7ok b\u00fcy\u00fck bir ay\u0131pt\u0131r.<\/p>\n<p>\u00c7avu\u015fo\u011flu\u2019nun, \u201cBizim, T\u00fcrkiye\u2019de Rum Ortodoks Kilisesi ve Rum az\u0131nl\u0131klara verdi\u011fimiz haklar\u0131 Yunanistan\u2019\u0131n da Bat\u0131 Trakya\u2019da ya\u015fayan T\u00fcrk az\u0131nl\u0131klara vermesini istiyoruz\u201d ifadesi b\u00fcy\u00fck bir hukuk ve diplomasi gaf\u0131d\u0131r, Bakan\u0131n Rum az\u0131nl\u0131klar dedi\u011fi kesim unutmas\u0131n T\u00fcrkiye devleti vatanda\u015f\u0131d\u0131rlar.<\/p>\n<p>T\u00fcrkiye Yunanistan\u2019\u0131n Bat\u0131 Trakyal\u0131lara bir haks\u0131zl\u0131k yapt\u0131\u011f\u0131n\u0131 d\u00fc\u015f\u00fcn\u00fcyor ise uluslararas\u0131 kurumlarda \u00e7\u00f6z\u00fcm arama yollar\u0131na gidebilir ama en son yapmas\u0131 gereken \u015fey kar\u015f\u0131l\u0131k olarak \u0130stanbul Rumlar\u0131n\u0131 g\u00f6stermesidir.<\/p>\n<p>Erdo\u011fan da ne zaman Heybeli Ortodoks mektebi g\u00fcndeme gelse Atina\u2019da cami yap\u0131lmamas\u0131 konusunu g\u00fcndeme ta\u015f\u0131yarak ayn\u0131 vahim hatay\u0131 tekrarlamaktad\u0131r.<\/p>\n<p>Hepsinde kafa ayn\u0131.<\/p>\n<p>Gelelim ikinci \u00e7ok vahim hataya.<\/p>\n<p>\u00c7avu\u015fo\u011flu Bat\u0131 Trakya\u2019daki bir okulun \u00f6\u011frencileri i\u00e7in \u201cSoyda\u015f \u00e7ocuklar\u0131m\u0131z\u201d ifadesini kullan\u0131yor.<\/p>\n<p>Bir yanl\u0131\u015f\u0131m varsa \u00c7avu\u015fo\u011flu ya da Hariciye ya da isteyen beni tashih etsin ama bildi\u011fim kadar\u0131yla bizim Anayasa soyda\u015fl\u0131k kavram\u0131na a\u00e7\u0131k olmamas\u0131 gereken bir Anayasa, 66. Maddedeki T\u00fcrk tabirini dahi \u201cdevlete vatanda\u015fl\u0131k ba\u011f\u0131 ile ba\u011fl\u0131 olan\u201d bi\u00e7iminde tan\u0131ml\u0131yor.<\/p>\n<p>T\u00fcrkiye devletinin D\u0131\u015fi\u015fleri Bakan\u0131n\u0131n t\u00fcm yurtta\u015flar\u0131 temsil etmesi gerekti\u011fine g\u00f6re \u015fayet Bat\u0131 Trakyal\u0131lar (Yunanistan vatanda\u015f\u0131) i\u00e7in \u201csoyda\u015f\u201d tabirini kullan\u0131yor ise, Kuzey Irak K\u00fcrtleri i\u00e7in de, madem ki yirmi milyon oldu\u011fu s\u00f6ylenen K\u00fcrt vatanda\u015flar\u0131m\u0131z\u0131n da D\u0131\u015fi\u015fleri Bakan\u0131, soyda\u015flar\u0131m\u0131z demek hukuki mecburiyetindedir.<\/p>\n<p>Hatta matematik bir mant\u0131kla Yunanl\u0131lar i\u00e7in de bu ifade kullan\u0131lmal\u0131 \u00e7\u00fcnk\u00fc \u0130stanbul\u2019da da \u00fc\u00e7 bin Rum vatanda\u015f\u0131m\u0131z var; bu durum Ermeniler, Araplar i\u00e7in de ge\u00e7erli ama i\u015fi uzat\u0131rsak ortaya \u00e7\u0131kan \u201csoyda\u015f\u201d ifadesinin anlams\u0131zl\u0131\u011f\u0131, yanl\u0131\u015fl\u0131\u011f\u0131d\u0131r.<\/p>\n<p>Say\u0131n \u00c7avu\u015fo\u011flu hukuken demiyorum, etno-k\u00fclt\u00fcrel aidiyet olarak kendini T\u00fcrk hissediyorsa istedi\u011fi ki\u015fiye D\u0131\u015fi\u015fleri \u015fapkas\u0131n\u0131 \u00e7\u0131kar\u0131p \u201csoyda\u015f\u0131m\u201d diyebilir ama bu ifadeyi bir Bakan olarak kullanamaz.<\/p>\n<p>Bu iki konuyu da, yani \u00e7ok sa\u00e7ma m\u00fctekabiliyet mant\u0131\u011f\u0131n\u0131n ve resmi \u00fcnvanl\u0131 ki\u015filerin \u201csoyda\u015f\u201d tabirini kullanmas\u0131n\u0131n yanl\u0131\u015fl\u0131\u011f\u0131n\u0131 ge\u00e7mi\u015f senelerde defalarca g\u00fcndeme getirmi\u015f idim.<\/p>\n<p>Bir arpa boyu ilerleme olmuyor hukuk anlay\u0131\u015f\u0131m\u0131zda.<\/p>\n<hr \/>\n<p><em><strong><a href=\"https:\/\/artigercek.com\/yazarlar\/eserkarakas\/sacmalamanin-sonu-yok-rum-azinliklar-ve-soydaslar\" target=\"_blank\" rel=\"noopener noreferrer\">Art\u0131 Ger\u00e7ek<\/a>\u00a0<\/strong><\/em><\/p>\n","protected":false},"excerpt":{"rendered":"<p>\u00c7avu\u015fo\u011flu, etno-k\u00fclt\u00fcrel aidiyet olarak kendini T\u00fcrk hissediyorsa istedi\u011fi ki\u015fiye D\u0131\u015fi\u015fleri \u015fapkas\u0131n\u0131 \u00e7\u0131kar\u0131p \u201csoyda\u015f\u0131m\u201d diyebilir ama bu ifadeyi bir Bakan olarak kullanamaz. \u2018Eser Karaka\u015f \u2013 Bu yaz\u0131y\u0131 yazd\u0131\u011f\u0131m g\u00fcn ve saatlerde T\u00fcrkiye devleti D\u0131\u015fi\u015fleri Bakan\u0131 Say\u0131n Mevlut \u00c7avu\u015fo\u011flu Yunanistan\u2019da bir resmi ziyarette. Bizim bas\u0131ndan da Say\u0131n D\u0131\u015fi\u015fleri Bakan\u0131n\u0131n Bat\u0131 Trakya\u2019da ger\u00e7ekle\u015ftirdi\u011fi temaslarda yapt\u0131\u011f\u0131 a\u00e7\u0131klamalar\u0131 izliyorum. A\u00e7\u0131klamalar, [&hellip;]<\/p>\n","protected":false},"author":7,"featured_media":63140,"comment_status":"open","ping_status":"open","sticky":false,"template":"","format":"standard","meta":{"footnotes":""},"categories":[1,70,53],"tags":[],"class_list":["post-63139","post","type-post","status-publish","format-standard","has-post-thumbnail","hentry","category-haberler","category-makaleler","category-turkiyede-azinliklar"],"yoast_head":"<!-- This site is optimized with the Yoast SEO plugin v27.4 - https:\/\/yoast.com\/product\/yoast-seo-wordpress\/ -->\n<title>Sa\u00e7malaman\u0131n sonu yok: Rum az\u0131nl\u0131klar ve soyda\u015flar - Bati Ermenistan Ve Bati Ermenileri Sorunlari Ara\u015ftirmalar Merkezi<\/title>\n<meta name=\"robots\" content=\"index, follow, max-snippet:-1, max-image-preview:large, max-video-preview:-1\" \/>\n<link rel=\"canonical\" href=\"https:\/\/akunq.net\/tr\/?p=63139\" \/>\n<meta property=\"og:locale\" content=\"en_US\" \/>\n<meta property=\"og:type\" content=\"article\" \/>\n<meta property=\"og:title\" content=\"Sa\u00e7malaman\u0131n sonu yok: Rum az\u0131nl\u0131klar ve soyda\u015flar - Bati Ermenistan Ve Bati Ermenileri Sorunlari Ara\u015ftirmalar Merkezi\" \/>\n<meta property=\"og:description\" content=\"\u00c7avu\u015fo\u011flu, etno-k\u00fclt\u00fcrel aidiyet olarak kendini T\u00fcrk hissediyorsa istedi\u011fi ki\u015fiye D\u0131\u015fi\u015fleri \u015fapkas\u0131n\u0131 \u00e7\u0131kar\u0131p \u201csoyda\u015f\u0131m\u201d diyebilir ama bu ifadeyi bir Bakan olarak kullanamaz. \u2018Eser Karaka\u015f \u2013 Bu yaz\u0131y\u0131 yazd\u0131\u011f\u0131m g\u00fcn ve saatlerde T\u00fcrkiye devleti D\u0131\u015fi\u015fleri Bakan\u0131 Say\u0131n Mevlut \u00c7avu\u015fo\u011flu Yunanistan\u2019da bir resmi ziyarette. Bizim bas\u0131ndan da Say\u0131n D\u0131\u015fi\u015fleri Bakan\u0131n\u0131n Bat\u0131 Trakya\u2019da ger\u00e7ekle\u015ftirdi\u011fi temaslarda yapt\u0131\u011f\u0131 a\u00e7\u0131klamalar\u0131 izliyorum. A\u00e7\u0131klamalar, [&hellip;]\" \/>\n<meta property=\"og:url\" content=\"https:\/\/akunq.net\/tr\/?p=63139\" \/>\n<meta property=\"og:site_name\" content=\"Bati Ermenistan Ve Bati Ermenileri Sorunlari Ara\u015ftirmalar Merkezi\" \/>\n<meta property=\"article:published_time\" content=\"2021-06-01T09:58:59+00:00\" \/>\n<meta property=\"og:image\" content=\"https:\/\/akunq.net\/tr\/wp-content\/uploads\/sites\/6\/2021\/06\/Eser-Karaka\u015f.jpg\" \/>\n\t<meta property=\"og:image:width\" content=\"800\" \/>\n\t<meta property=\"og:image:height\" content=\"463\" \/>\n\t<meta property=\"og:image:type\" content=\"image\/jpeg\" \/>\n<meta name=\"author\" content=\"admin\" \/>\n<meta name=\"twitter:card\" content=\"summary_large_image\" \/>\n<meta name=\"twitter:label1\" content=\"Written by\" \/>\n\t<meta name=\"twitter:data1\" content=\"admin\" \/>\n\t<meta name=\"twitter:label2\" content=\"Est. reading time\" \/>\n\t<meta name=\"twitter:data2\" content=\"4 minutes\" \/>\n<script type=\"application\/ld+json\" class=\"yoast-schema-graph\">{\"@context\":\"https:\\\/\\\/schema.org\",\"@graph\":[{\"@type\":\"Article\",\"@id\":\"https:\\\/\\\/akunq.net\\\/tr\\\/?p=63139#article\",\"isPartOf\":{\"@id\":\"https:\\\/\\\/akunq.net\\\/tr\\\/?p=63139\"},\"author\":{\"name\":\"admin\",\"@id\":\"https:\\\/\\\/akunq.net\\\/tr\\\/#\\\/schema\\\/person\\\/096f1d38a12cce57fb855b485ed24c9e\"},\"headline\":\"Sa\u00e7malaman\u0131n sonu yok: Rum az\u0131nl\u0131klar ve soyda\u015flar\",\"datePublished\":\"2021-06-01T09:58:59+00:00\",\"mainEntityOfPage\":{\"@id\":\"https:\\\/\\\/akunq.net\\\/tr\\\/?p=63139\"},\"wordCount\":811,\"commentCount\":0,\"image\":{\"@id\":\"https:\\\/\\\/akunq.net\\\/tr\\\/?p=63139#primaryimage\"},\"thumbnailUrl\":\"https:\\\/\\\/akunq.net\\\/tr\\\/wp-content\\\/uploads\\\/sites\\\/6\\\/2021\\\/06\\\/Eser-Karaka\u015f.jpg\",\"articleSection\":[\"Haberler\",\"Makaleler\",\"T\u00fcrkiye\u2019de Az\u0131nl\u0131klar\"],\"inLanguage\":\"en-US\",\"potentialAction\":[{\"@type\":\"CommentAction\",\"name\":\"Comment\",\"target\":[\"https:\\\/\\\/akunq.net\\\/tr\\\/?p=63139#respond\"]}]},{\"@type\":\"WebPage\",\"@id\":\"https:\\\/\\\/akunq.net\\\/tr\\\/?p=63139\",\"url\":\"https:\\\/\\\/akunq.net\\\/tr\\\/?p=63139\",\"name\":\"Sa\u00e7malaman\u0131n sonu yok: Rum az\u0131nl\u0131klar ve soyda\u015flar - Bati Ermenistan Ve Bati Ermenileri Sorunlari Ara\u015ftirmalar Merkezi\",\"isPartOf\":{\"@id\":\"https:\\\/\\\/akunq.net\\\/tr\\\/#website\"},\"primaryImageOfPage\":{\"@id\":\"https:\\\/\\\/akunq.net\\\/tr\\\/?p=63139#primaryimage\"},\"image\":{\"@id\":\"https:\\\/\\\/akunq.net\\\/tr\\\/?p=63139#primaryimage\"},\"thumbnailUrl\":\"https:\\\/\\\/akunq.net\\\/tr\\\/wp-content\\\/uploads\\\/sites\\\/6\\\/2021\\\/06\\\/Eser-Karaka\u015f.jpg\",\"datePublished\":\"2021-06-01T09:58:59+00:00\",\"author\":{\"@id\":\"https:\\\/\\\/akunq.net\\\/tr\\\/#\\\/schema\\\/person\\\/096f1d38a12cce57fb855b485ed24c9e\"},\"breadcrumb\":{\"@id\":\"https:\\\/\\\/akunq.net\\\/tr\\\/?p=63139#breadcrumb\"},\"inLanguage\":\"en-US\",\"potentialAction\":[{\"@type\":\"ReadAction\",\"target\":[\"https:\\\/\\\/akunq.net\\\/tr\\\/?p=63139\"]}]},{\"@type\":\"ImageObject\",\"inLanguage\":\"en-US\",\"@id\":\"https:\\\/\\\/akunq.net\\\/tr\\\/?p=63139#primaryimage\",\"url\":\"https:\\\/\\\/akunq.net\\\/tr\\\/wp-content\\\/uploads\\\/sites\\\/6\\\/2021\\\/06\\\/Eser-Karaka\u015f.jpg\",\"contentUrl\":\"https:\\\/\\\/akunq.net\\\/tr\\\/wp-content\\\/uploads\\\/sites\\\/6\\\/2021\\\/06\\\/Eser-Karaka\u015f.jpg\",\"width\":800,\"height\":463},{\"@type\":\"BreadcrumbList\",\"@id\":\"https:\\\/\\\/akunq.net\\\/tr\\\/?p=63139#breadcrumb\",\"itemListElement\":[{\"@type\":\"ListItem\",\"position\":1,\"name\":\"Home\",\"item\":\"https:\\\/\\\/akunq.net\\\/tr\"},{\"@type\":\"ListItem\",\"position\":2,\"name\":\"Sa\u00e7malaman\u0131n sonu yok: Rum az\u0131nl\u0131klar ve soyda\u015flar\"}]},{\"@type\":\"WebSite\",\"@id\":\"https:\\\/\\\/akunq.net\\\/tr\\\/#website\",\"url\":\"https:\\\/\\\/akunq.net\\\/tr\\\/\",\"name\":\"Bati Ermenistan Ve Bati Ermenileri Sorunlari Ara\u015ftirmalar Merkezi\",\"description\":\"\",\"potentialAction\":[{\"@type\":\"SearchAction\",\"target\":{\"@type\":\"EntryPoint\",\"urlTemplate\":\"https:\\\/\\\/akunq.net\\\/tr\\\/?s={search_term_string}\"},\"query-input\":{\"@type\":\"PropertyValueSpecification\",\"valueRequired\":true,\"valueName\":\"search_term_string\"}}],\"inLanguage\":\"en-US\"},{\"@type\":\"Person\",\"@id\":\"https:\\\/\\\/akunq.net\\\/tr\\\/#\\\/schema\\\/person\\\/096f1d38a12cce57fb855b485ed24c9e\",\"name\":\"admin\",\"url\":\"https:\\\/\\\/akunq.net\\\/tr\\\/?author=7\"}]}<\/script>\n<!-- \/ Yoast SEO plugin. -->","yoast_head_json":{"title":"Sa\u00e7malaman\u0131n sonu yok: Rum az\u0131nl\u0131klar ve soyda\u015flar - Bati Ermenistan Ve Bati Ermenileri Sorunlari Ara\u015ftirmalar Merkezi","robots":{"index":"index","follow":"follow","max-snippet":"max-snippet:-1","max-image-preview":"max-image-preview:large","max-video-preview":"max-video-preview:-1"},"canonical":"https:\/\/akunq.net\/tr\/?p=63139","og_locale":"en_US","og_type":"article","og_title":"Sa\u00e7malaman\u0131n sonu yok: Rum az\u0131nl\u0131klar ve soyda\u015flar - Bati Ermenistan Ve Bati Ermenileri Sorunlari Ara\u015ftirmalar Merkezi","og_description":"\u00c7avu\u015fo\u011flu, etno-k\u00fclt\u00fcrel aidiyet olarak kendini T\u00fcrk hissediyorsa istedi\u011fi ki\u015fiye D\u0131\u015fi\u015fleri \u015fapkas\u0131n\u0131 \u00e7\u0131kar\u0131p \u201csoyda\u015f\u0131m\u201d diyebilir ama bu ifadeyi bir Bakan olarak kullanamaz. \u2018Eser Karaka\u015f \u2013 Bu yaz\u0131y\u0131 yazd\u0131\u011f\u0131m g\u00fcn ve saatlerde T\u00fcrkiye devleti D\u0131\u015fi\u015fleri Bakan\u0131 Say\u0131n Mevlut \u00c7avu\u015fo\u011flu Yunanistan\u2019da bir resmi ziyarette. Bizim bas\u0131ndan da Say\u0131n D\u0131\u015fi\u015fleri Bakan\u0131n\u0131n Bat\u0131 Trakya\u2019da ger\u00e7ekle\u015ftirdi\u011fi temaslarda yapt\u0131\u011f\u0131 a\u00e7\u0131klamalar\u0131 izliyorum. A\u00e7\u0131klamalar, [&hellip;]","og_url":"https:\/\/akunq.net\/tr\/?p=63139","og_site_name":"Bati Ermenistan Ve Bati Ermenileri Sorunlari Ara\u015ftirmalar Merkezi","article_published_time":"2021-06-01T09:58:59+00:00","og_image":[{"width":800,"height":463,"url":"https:\/\/akunq.net\/tr\/wp-content\/uploads\/sites\/6\/2021\/06\/Eser-Karaka\u015f.jpg","type":"image\/jpeg"}],"author":"admin","twitter_card":"summary_large_image","twitter_misc":{"Written by":"admin","Est. reading time":"4 minutes"},"schema":{"@context":"https:\/\/schema.org","@graph":[{"@type":"Article","@id":"https:\/\/akunq.net\/tr\/?p=63139#article","isPartOf":{"@id":"https:\/\/akunq.net\/tr\/?p=63139"},"author":{"name":"admin","@id":"https:\/\/akunq.net\/tr\/#\/schema\/person\/096f1d38a12cce57fb855b485ed24c9e"},"headline":"Sa\u00e7malaman\u0131n sonu yok: Rum az\u0131nl\u0131klar ve soyda\u015flar","datePublished":"2021-06-01T09:58:59+00:00","mainEntityOfPage":{"@id":"https:\/\/akunq.net\/tr\/?p=63139"},"wordCount":811,"commentCount":0,"image":{"@id":"https:\/\/akunq.net\/tr\/?p=63139#primaryimage"},"thumbnailUrl":"https:\/\/akunq.net\/tr\/wp-content\/uploads\/sites\/6\/2021\/06\/Eser-Karaka\u015f.jpg","articleSection":["Haberler","Makaleler","T\u00fcrkiye\u2019de Az\u0131nl\u0131klar"],"inLanguage":"en-US","potentialAction":[{"@type":"CommentAction","name":"Comment","target":["https:\/\/akunq.net\/tr\/?p=63139#respond"]}]},{"@type":"WebPage","@id":"https:\/\/akunq.net\/tr\/?p=63139","url":"https:\/\/akunq.net\/tr\/?p=63139","name":"Sa\u00e7malaman\u0131n sonu yok: Rum az\u0131nl\u0131klar ve soyda\u015flar - Bati Ermenistan Ve Bati Ermenileri Sorunlari Ara\u015ftirmalar Merkezi","isPartOf":{"@id":"https:\/\/akunq.net\/tr\/#website"},"primaryImageOfPage":{"@id":"https:\/\/akunq.net\/tr\/?p=63139#primaryimage"},"image":{"@id":"https:\/\/akunq.net\/tr\/?p=63139#primaryimage"},"thumbnailUrl":"https:\/\/akunq.net\/tr\/wp-content\/uploads\/sites\/6\/2021\/06\/Eser-Karaka\u015f.jpg","datePublished":"2021-06-01T09:58:59+00:00","author":{"@id":"https:\/\/akunq.net\/tr\/#\/schema\/person\/096f1d38a12cce57fb855b485ed24c9e"},"breadcrumb":{"@id":"https:\/\/akunq.net\/tr\/?p=63139#breadcrumb"},"inLanguage":"en-US","potentialAction":[{"@type":"ReadAction","target":["https:\/\/akunq.net\/tr\/?p=63139"]}]},{"@type":"ImageObject","inLanguage":"en-US","@id":"https:\/\/akunq.net\/tr\/?p=63139#primaryimage","url":"https:\/\/akunq.net\/tr\/wp-content\/uploads\/sites\/6\/2021\/06\/Eser-Karaka\u015f.jpg","contentUrl":"https:\/\/akunq.net\/tr\/wp-content\/uploads\/sites\/6\/2021\/06\/Eser-Karaka\u015f.jpg","width":800,"height":463},{"@type":"BreadcrumbList","@id":"https:\/\/akunq.net\/tr\/?p=63139#breadcrumb","itemListElement":[{"@type":"ListItem","position":1,"name":"Home","item":"https:\/\/akunq.net\/tr"},{"@type":"ListItem","position":2,"name":"Sa\u00e7malaman\u0131n sonu yok: Rum az\u0131nl\u0131klar ve soyda\u015flar"}]},{"@type":"WebSite","@id":"https:\/\/akunq.net\/tr\/#website","url":"https:\/\/akunq.net\/tr\/","name":"Bati Ermenistan Ve Bati Ermenileri Sorunlari Ara\u015ftirmalar Merkezi","description":"","potentialAction":[{"@type":"SearchAction","target":{"@type":"EntryPoint","urlTemplate":"https:\/\/akunq.net\/tr\/?s={search_term_string}"},"query-input":{"@type":"PropertyValueSpecification","valueRequired":true,"valueName":"search_term_string"}}],"inLanguage":"en-US"},{"@type":"Person","@id":"https:\/\/akunq.net\/tr\/#\/schema\/person\/096f1d38a12cce57fb855b485ed24c9e","name":"admin","url":"https:\/\/akunq.net\/tr\/?author=7"}]}},"_links":{"self":[{"href":"https:\/\/akunq.net\/tr\/index.php?rest_route=\/wp\/v2\/posts\/63139","targetHints":{"allow":["GET"]}}],"collection":[{"href":"https:\/\/akunq.net\/tr\/index.php?rest_route=\/wp\/v2\/posts"}],"about":[{"href":"https:\/\/akunq.net\/tr\/index.php?rest_route=\/wp\/v2\/types\/post"}],"author":[{"embeddable":true,"href":"https:\/\/akunq.net\/tr\/index.php?rest_route=\/wp\/v2\/users\/7"}],"replies":[{"embeddable":true,"href":"https:\/\/akunq.net\/tr\/index.php?rest_route=%2Fwp%2Fv2%2Fcomments&post=63139"}],"version-history":[{"count":1,"href":"https:\/\/akunq.net\/tr\/index.php?rest_route=\/wp\/v2\/posts\/63139\/revisions"}],"predecessor-version":[{"id":63141,"href":"https:\/\/akunq.net\/tr\/index.php?rest_route=\/wp\/v2\/posts\/63139\/revisions\/63141"}],"wp:featuredmedia":[{"embeddable":true,"href":"https:\/\/akunq.net\/tr\/index.php?rest_route=\/wp\/v2\/media\/63140"}],"wp:attachment":[{"href":"https:\/\/akunq.net\/tr\/index.php?rest_route=%2Fwp%2Fv2%2Fmedia&parent=63139"}],"wp:term":[{"taxonomy":"category","embeddable":true,"href":"https:\/\/akunq.net\/tr\/index.php?rest_route=%2Fwp%2Fv2%2Fcategories&post=63139"},{"taxonomy":"post_tag","embeddable":true,"href":"https:\/\/akunq.net\/tr\/index.php?rest_route=%2Fwp%2Fv2%2Ftags&post=63139"}],"curies":[{"name":"wp","href":"https:\/\/api.w.org\/{rel}","templated":true}]}}