{"id":63126,"date":"2021-05-31T06:33:53","date_gmt":"2021-05-31T11:33:53","guid":{"rendered":"https:\/\/akunq.net\/tr\/?p=63126"},"modified":"2021-05-31T06:33:53","modified_gmt":"2021-05-31T11:33:53","slug":"faili-belli-azinliklar","status":"publish","type":"post","link":"https:\/\/akunq.net\/tr\/?p=63126","title":{"rendered":"Faili belli \u2018az\u0131nl\u0131klar\u2019"},"content":{"rendered":"<p><img loading=\"lazy\" decoding=\"async\" class=\"size-medium wp-image-63127 aligncenter\" src=\"https:\/\/akunq.net\/tr\/wp-content\/uploads\/2021\/05\/Aris-Nalc\u0131-2-360x208.jpg\" alt=\"\" width=\"360\" height=\"208\" srcset=\"https:\/\/akunq.net\/tr\/wp-content\/uploads\/sites\/6\/2021\/05\/Aris-Nalc\u0131-2-360x208.jpg 360w, https:\/\/akunq.net\/tr\/wp-content\/uploads\/sites\/6\/2021\/05\/Aris-Nalc\u0131-2-768x444.jpg 768w, https:\/\/akunq.net\/tr\/wp-content\/uploads\/sites\/6\/2021\/05\/Aris-Nalc\u0131-2-560x324.jpg 560w, https:\/\/akunq.net\/tr\/wp-content\/uploads\/sites\/6\/2021\/05\/Aris-Nalc\u0131-2-260x150.jpg 260w, https:\/\/akunq.net\/tr\/wp-content\/uploads\/sites\/6\/2021\/05\/Aris-Nalc\u0131-2-160x93.jpg 160w, https:\/\/akunq.net\/tr\/wp-content\/uploads\/sites\/6\/2021\/05\/Aris-Nalc\u0131-2.jpg 800w\" sizes=\"auto, (max-width: 360px) 100vw, 360px\" \/><\/p>\n<p><strong>Aris Nalc\u0131\u00a0<\/strong><\/p>\n<p><em><strong>Bu hafta i\u00e7erisinde ula\u015ft\u0131\u011f\u0131m faili me\u00e7hul Ermenilerin isimlerini buraya b\u0131rakay\u0131m tan\u0131yan bilen olursa l\u00fctfen bana bir \u015fekilde ula\u015f\u0131n.<\/strong><\/em><\/p>\n<p>Sedat Peker\u2019in a\u00e7\u0131klamalar\u0131yla birlikte faili belli \u2018me\u00e7huller\u2019i tekrardan \u2018derin\u2019lemesine konu\u015fmaya ba\u015flad\u0131k. \u00d6yle ki Te\u015fkilat-\u0131 Mahsusa\u2019dan bu yana devam eden bu derin hesapla\u015fmada ortaya sa\u00e7\u0131lan bilgi k\u0131r\u0131nt\u0131lar\u0131ndan neredeyse T\u00fcrkiye\u2019nin t\u00fcm su\u00e7lar\u0131yla ilgili s\u00f6yleyecek konu \u00e7\u0131k\u0131yor.<\/p>\n<p>O kadar ki her dosya yeniden a\u00e7\u0131labilir, her cinayet yeniden ara\u015ft\u0131r\u0131labilir. HTS kay\u0131tlar\u0131n\u0131n bile devlet eliyle de\u011fi\u015ftirilebildi\u011fi bir y\u00fczy\u0131lda kime g\u00fcvenece\u011fini bilmeyen bizler, inand\u0131r\u0131c\u0131l\u0131\u011f\u0131n\u0131 kaybetmemi\u015f siyaset\u00e7i ve kurumlar\u0131n a\u011fz\u0131na bak\u0131yoruz.<\/p>\n<p>Derin turnusol<\/p>\n<p>Bu derin hesapla\u015fmada \u0130\u00e7i\u015fleri Bakan\u0131 daha \u00f6nce tamam\u0131n\u0131 FET\u00d6\u2019ye y\u0131kmaya \u00e7al\u0131\u015ft\u0131klar\u0131 Hrant Dink cinayetini bu kez Sedat Peker\u2019le ili\u015fkilendirdi. Peker ise konuyu ciddiye al\u0131p daha bakan yay\u0131ndayken cinayetin azmettiricisi Erhan Tuncel ile tan\u0131\u015fmad\u0131\u011f\u0131n\u0131 kendisine \u2018kol kanat\u2019 gerdi\u011fi iddialar\u0131n\u0131 yalanlad\u0131.<\/p>\n<p>Bunu yaparken karakol ve istihbarat te\u015fkilat\u0131nda dahi kay\u0131tlar\u0131n kolayl\u0131kla sahtelenebilir oldu\u011funu da ima etti.<\/p>\n<p>Gel de inan;<\/p>\n<p>\u0130kisine de.<\/p>\n<p>Yalan\u0131n bini bin para olan iktidar partisinde suikastlar bir turnusol olarak kullan\u0131l\u0131yor. Belli ki bu suikastlar\u0131n ba\u011flant\u0131land\u0131r\u0131ld\u0131\u011f\u0131 ki\u015filer ortadan kalkt\u0131\u011f\u0131nda, bu hesapla\u015fma bitti\u011finde, taraflar i\u015fledikleri su\u00e7lar\u0131n \u2018kan\u0131nda y\u0131kanm\u0131\u015f\u2019 ve \u2018ar\u0131nm\u0131\u015f\u2019 olarak tekrar ortaya \u00e7\u0131kacak.<\/p>\n<p>Talat\u2019a, A\u011far\u2019a, Peker\u2019e oldu\u011fu gibi.<\/p>\n<p>Bu \u00fclkenin eli kanl\u0131lar\u0131 hep bir d\u00f6nem sonra parlamentodayd\u0131. Veya \u00f6nemli i\u015finsanlar\u0131 oldular.<\/p>\n<p>Anla\u015f\u0131lan te\u015fkilat kendi i\u00e7erisinde ne kadar su\u00e7 varsa kar\u015f\u0131s\u0131ndakine yamamaya \u00e7al\u0131\u015f\u0131yor.<\/p>\n<p>Peki neden bu suikastlar\u0131 s\u00fcrekli g\u00fcndemde tutuyorlar? Neden d\u00f6n\u00fcp dola\u015f\u0131p Dink davas\u0131n\u0131 FET\u00d6\u2019ye \u015fimdi de Peker\u2019e ba\u011flamaya \u00e7al\u0131\u015f\u0131yorlar?<\/p>\n<p>\u00c7\u00fcnk\u00fc bu devlet bir su\u00e7la kuruldu.<\/p>\n<p>Bir su\u00e7a ortakl\u0131kta uzla\u015fanlar\u0131n, inkar \u00fczerine kurduklar\u0131 suskunluklar\u0131n\u0131n \u00fczerine devletle\u015fti.<\/p>\n<p>1915\u2019ten de \u00f6nce ba\u015flad\u0131 bu.<\/p>\n<p>Sevan Ni\u015fanyan\u2019\u0131n son Pazar Sohbeti\u2019nde bahsi ge\u00e7ti\u011fi \u00fczere asl\u0131nda \u00c7erkesler\u2019in Osmanl\u0131\u2019ya g\u00f6\u00e7\u00fc (g\u00f6\u00e7e zorlanmas\u0131) ile bir tek tip M\u00fcsl\u00fcman toplum yaratma gayesi belirginle\u015fmeye ba\u015flad\u0131.<\/p>\n<p>Tabii o uzun uzun anlatt\u0131. (\u015euradan dinleyebilirsiniz: youtube.com)<\/p>\n<p>Bu son de\u011fil tabii. Daha kim bilir neler \u00e7\u0131kacak bu kap\u0131\u015fmadan.<\/p>\n<p>Bu g\u00f6steriden bir medet umanlardan de\u011filim.<\/p>\n<p>Sosyal medyada i\u015fi karikat\u00fcrize edip e\u011flenenler her seferinde bahsi ge\u00e7en<\/p>\n<p>Dinleyin ulan!<\/p>\n<p>Ben vurdum!<\/p>\n<p>Ben d\u00f6vd\u00fcrd\u00fcm gazeteciyi!<\/p>\n<p>Ben korudum o adam\u0131!<\/p>\n<p>Ben se\u00e7tirdim seni oraya!<\/p>\n<p>Diknelmelerinde ismi ge\u00e7enler \u00e7izgi roman karakterleri de\u011fil, ger\u00e7ek ki\u015filer oldu\u011funu unutmamal\u0131. Bu anlat\u0131lan hikayede \u00f6zneler su\u00e7lular ve faili belli \u2018me\u00e7huller\u2019.<\/p>\n<p>Bizim dinlerken utand\u0131\u011f\u0131m\u0131z, onlar\u0131n konu\u015furken utanmad\u0131klar\u0131 konular bunlar.<\/p>\n<p>Niye \u015fimdi?<\/p>\n<p>Bu vesile ile faili belli \u2018me\u00e7huler\u2019imizi bir kez daha d\u00fc\u015f\u00fcnmeye ba\u015flad\u0131m. Neden bilinmez, \u00f6zellikle Ermeni, S\u00fcryani, Rum ve Yahudilerin ayr\u0131 listelendi\u011fi bir ara\u015ft\u0131rma bug\u00fcne kadar yap\u0131lmam\u0131\u015f.<\/p>\n<p>\u201cFaili me\u00e7huller\u2019in milleti olmaz\u201d diyenleri duyar gibiyim.<\/p>\n<p>Hakl\u0131s\u0131n\u0131z.<\/p>\n<p>Ama M\u00fcsl\u00fcman olmayanlar\u0131n\u0131n kaybedilmesinde \/ cinayetinde mutlaka bu devletin Te\u015fkilat-\u0131 Mahsusa kodlar\u0131 i\u015fleme al\u0131nm\u0131\u015ft\u0131r.<\/p>\n<p>Kendimizi kand\u0131rmayal\u0131m.<\/p>\n<p>Bir Ermeni her yerde Ermenidir.<\/p>\n<p>Sosyalist hareketin i\u00e7inde yer alan ahpariklerimiz o y\u00fczden hep F\u0131rat, Polat, Murat, Orhan, Osman gibi isimler ald\u0131lar.<\/p>\n<p>Bu konuda Kadir Ak\u0131n\u2019\u0131n Osmanl\u0131\u2019daki Ermeni sosyalistler Paramaz ve arkada\u015flar\u0131 ile ilgili yapt\u0131\u011f\u0131 \u00e7al\u0131\u015fma baz\u0131 kesimlerin g\u00f6z\u00fcn\u00fc a\u00e7t\u0131ysa da hen\u00fcz at g\u00f6zl\u00fckleriyle bakmaya devam eden \u00e7ok insan var \u00e7evremizde.<\/p>\n<p>\u2018Kimli\u011finin hareketin \u00f6n\u00fcne ge\u00e7memesi i\u00e7in\u2019 diyenler l\u00fctfen \u2018herkesin bildi\u011fini kendinizden, yolda\u015flar\u0131n\u0131zdan saklayarak ger\u00e7e\u011fi arayamazs\u0131n\u0131z\u2019 kuyru\u011fundan bir s\u0131ra al\u0131n\u0131z l\u00fctfen.<\/p>\n<p>Ne diyorduk. Bu vesile ile sosyal medyada ba\u015flatt\u0131\u011f\u0131m k\u00fc\u00e7\u00fck kampanya bizdeki gizlileri ortaya \u00e7\u0131kartmaya ba\u015flad\u0131 bile yava\u015f yava\u015f. Onlarca Ermeni kay\u0131p yak\u0131n\u0131 ve fili belli \u2018me\u00e7hul\u2019 ailesi irtibata ge\u00e7ti.<\/p>\n<p>Baz\u0131lar\u0131 devlet gelip de \u2018sessizliklerini koruyorlar m\u0131?\u2019 diye kontrol etmesin diye, y\u0131llarca herkese kay\u0131p \u00e7ocu\u011funun Avrupa\u2019da oldu\u011funu s\u00f6ylemi\u015f.<\/p>\n<p>Baz\u0131lar\u0131 77\u2019den, 92\u2019den beri haber alam\u0131yor.<\/p>\n<p>Baz\u0131lar\u0131 \u2018PKK ald\u0131\u2019 diyor. Baz\u0131lar\u0131 \u2018devlet\u2019, baz\u0131lar\u0131 \u2018mafya\u2019.<\/p>\n<p>Bundan sonra f\u0131rsat bulduk\u00e7a yaz\u0131lar\u0131m\u0131n alt\u0131nda g\u00fcncellenen listeleri payla\u015faca\u011f\u0131m. Bu konuda S\u00fcryani kay\u0131plarla ilgili detayl\u0131 bir \u00e7al\u0131\u015fma yapan David Vergilli\u2019ye ayr\u0131 bir te\u015fekk\u00fcr gerek. Yapt\u0131\u011f\u0131 \u00e7al\u0131\u015fmada kay\u0131p S\u00fcryani ailelerin \u00e7o\u011fu var. Oraya \u015fimdi bir de H\u00fcrm\u00fcz-\u015eimuni Diril \u00e7ifti eklendi. (David\u2019in makalesini \u015furadan okuyabilirsiniz: failibelli.org)<\/p>\n<p>Ne yaz\u0131k ki Rumlarla ilgili hen\u00fcz yeterince veri gelmedi, Yahudi toplumundan da tek t\u00fck. Neden mi \u00f6nemli bu \u2018az\u0131nl\u0131k\u2019 faili me\u00e7hulleri raporlamak?<\/p>\n<p>\u00c7\u00fcnk\u00fc onlar\u0131n isimleri asl\u0131nda 100 y\u0131ld\u0131r s\u00fcren katliam\u0131n tan\u0131klar\u0131 \/ kan\u0131tlar\u0131d\u0131r.<\/p>\n<p>Talat, Topal Osman, Peker, A\u011far, Soylu gibilerinin ortakl\u0131klar\u0131, devletin su\u00e7lar\u0131n\u0131n kan\u0131tlar\u0131 onlar\u0131n cinayetlerinin sat\u0131r aralar\u0131nda.<\/p>\n<p>Bug\u00fcn\u00fcn T\u00fcrkiye\u2019sindeki Hristiyan ve Yahudi toplumlar\u0131n\u0131n suskunluklar\u0131, i\u00e7e kapan\u0131kl\u0131klar\u0131 hem zorunlu hem isteyerek devlete ba\u011fl\u0131l\u0131klar\u0131n\u0131n psikolojik a\u00e7\u0131klamas\u0131 da bu cinayetlerde yat\u0131yor.<\/p>\n<p>\u00c7\u00fcnk\u00fc her kay\u0131p, her cinayet, bir toplumun 10 y\u0131l daha susmas\u0131na sebep olacak g\u00f6z da\u011f\u0131n\u0131 yarat\u0131yor.<\/p>\n<p>Ancak Hrant Dink cinayetiyle ya\u015fad\u0131\u011f\u0131m\u0131z \u2018sessizlik yeminini bozma\u2019 patlamalar\u0131yla bu toplum hakikate biraz olsun ula\u015fabiliyor. O y\u00fczdendir ki devlet \u2013 siyaset \u2013 mafya \u00fc\u00e7geninin turnusolu olarak kullan\u0131lmak isteniyor.<\/p>\n<p>\u00c7\u00fcnk\u00fc bu patlamay\u0131 sa\u011flayacak kadar ses getirdi. De\u011fi\u015fimi tetikleyecek \u015fey yine bizim faili me\u00e7hullerin ayd\u0131nlat\u0131lmas\u0131nda yat\u0131yor.<\/p>\n<p>E\u011fer Hayrabed Honca ismi veya \u015eimuni- H\u00fcrm\u00fcz Diril isimleri yeterince ses getirecek olsayd\u0131, onu da konu\u015furlard\u0131, ama \u015fimdi i\u015fleri youtube\u2019un \u2018like\u2019lar\u0131na veya izlenme oranlar\u0131na kald\u0131.<\/p>\n<p>Agos\u2019un man\u015fetinden tamamlayal\u0131m bug\u00fcn\u00fc:<\/p>\n<p>Ne biliyorsan\u0131z a\u00e7\u0131klay\u0131n\u2026<\/p>\n<p>NOT: Bu hafta i\u00e7erisinde ula\u015ft\u0131\u011f\u0131m faili me\u00e7hul Ermenilerin isimlerini buraya b\u0131rakay\u0131m tan\u0131yan bilen olursa l\u00fctfen bana bir \u015fekilde ula\u015f\u0131n. Birlikte sessizlerin sesi olal\u0131m.<\/p>\n<p>Maritsa K\u00fc\u00e7\u00fck \u2013 28 Aral\u0131k 2012<\/p>\n<p>Hrant Dink \u2013 19 Ocak 2007<\/p>\n<p>Sevag Bal\u0131k\u00e7\u0131 \u2013 24 Nisan 2011<\/p>\n<p>Nubar Yal\u0131m \u2013 1982<\/p>\n<p>Hayabed (Honca) Han\u00e7er \u2013 1 May\u0131s 1980 Kayseri<\/p>\n<p>Armenak (Orhan) Bak\u0131r \u2013 13 May\u0131s 1980<\/p>\n<p>Musa Yalman<\/p>\n<p>Yakup Yontan (Derikli) 25 Temmuz 1992 K\u0131z\u0131ltepe<\/p>\n<p>Mehmet Cantekin<\/p>\n<p>\u0130skender Elmas (Ad\u0131yamanl\u0131) 1985<\/p>\n<p>Serdar Ben (Mavi\u015f) (10 Ekim Ankara Gar\u0131)<\/p>\n<p>Hasan Ben \u2013 1991 Dersim<\/p>\n<p>\u0130mam Bozta\u015f \u2013 Dersim 2003<\/p>\n<p>\u0130mam Bozta\u015f (baba yada dede) 1994<\/p>\n<p>Giragos G\u00f6\u00e7er \u2013 1968\u2019ler 55 ya\u015f\u0131nda (1968\u2019ler) Her\u014drk K\u00f6y\u00fc<\/p>\n<p>Ohan G\u00f6\u00e7er \u2013 1968\u2019ler 35 ya\u015f\u0131nda.<\/p>\n<p>Manuel Demir \u2013 1988<\/p>\n<p>Cihan Alptekin (Hem\u015finli)<\/p>\n<p>Diran Nergiz \u2013 (1 May\u0131s 1977)<\/p>\n<p>Doktor Levon Zakaryan \u2013 90\u2019lar\u0131n sonu (\u0130stanbul) ????<\/p>\n<p>Norayr Sert \u2013 May\u0131s 1977 (T\u0131brevankl\u0131)<\/p>\n<p>Ziya Bak\u0131rc\u0131yan \u2013 1993 Ad\u0131yaman<\/p>\n<p>Yaz\u0131 g\u00f6rseli: Bir\u00e7oklar\u0131n\u0131n Ermeni oldu\u011fu ancak bunu s\u00f6yleyemedikleri bir Bing\u00f6l k\u00f6y\u00fcnde Umut Vedat Gayretli\u2019nin yakalad\u0131\u011f\u0131 eski bir Ermeni mezarl\u0131\u011f\u0131. Ta\u015flardan geriye kimsesizler mezarl\u0131\u011f\u0131n\u0131 and\u0131ran bir tarla kalm\u0131\u015f.<\/p>\n<hr \/>\n<p><em><strong><a href=\"https:\/\/artigercek.com\/yazarlar\/aris-nalci\/faili-belli-azinliklar\" target=\"_blank\" rel=\"noopener noreferrer\">Art\u0131 Ger\u00e7ek<\/a><\/strong><\/em><\/p>\n","protected":false},"excerpt":{"rendered":"<p>Aris Nalc\u0131\u00a0 Bu hafta i\u00e7erisinde ula\u015ft\u0131\u011f\u0131m faili me\u00e7hul Ermenilerin isimlerini buraya b\u0131rakay\u0131m tan\u0131yan bilen olursa l\u00fctfen bana bir \u015fekilde ula\u015f\u0131n. Sedat Peker\u2019in a\u00e7\u0131klamalar\u0131yla birlikte faili belli \u2018me\u00e7huller\u2019i tekrardan \u2018derin\u2019lemesine konu\u015fmaya ba\u015flad\u0131k. \u00d6yle ki Te\u015fkilat-\u0131 Mahsusa\u2019dan bu yana devam eden bu derin hesapla\u015fmada ortaya sa\u00e7\u0131lan bilgi k\u0131r\u0131nt\u0131lar\u0131ndan neredeyse T\u00fcrkiye\u2019nin t\u00fcm su\u00e7lar\u0131yla ilgili s\u00f6yleyecek konu \u00e7\u0131k\u0131yor. O [&hellip;]<\/p>\n","protected":false},"author":7,"featured_media":63127,"comment_status":"open","ping_status":"open","sticky":false,"template":"","format":"standard","meta":{"footnotes":""},"categories":[1,70],"tags":[],"class_list":["post-63126","post","type-post","status-publish","format-standard","has-post-thumbnail","hentry","category-haberler","category-makaleler"],"yoast_head":"<!-- This site is optimized with the Yoast SEO plugin v27.4 - https:\/\/yoast.com\/product\/yoast-seo-wordpress\/ -->\n<title>Faili belli \u2018az\u0131nl\u0131klar\u2019 - Bati Ermenistan Ve Bati Ermenileri Sorunlari Ara\u015ftirmalar Merkezi<\/title>\n<meta name=\"robots\" content=\"index, follow, max-snippet:-1, max-image-preview:large, max-video-preview:-1\" \/>\n<link rel=\"canonical\" href=\"https:\/\/akunq.net\/tr\/?p=63126\" \/>\n<meta property=\"og:locale\" content=\"en_US\" \/>\n<meta property=\"og:type\" content=\"article\" \/>\n<meta property=\"og:title\" content=\"Faili belli \u2018az\u0131nl\u0131klar\u2019 - Bati Ermenistan Ve Bati Ermenileri Sorunlari Ara\u015ftirmalar Merkezi\" \/>\n<meta property=\"og:description\" content=\"Aris Nalc\u0131\u00a0 Bu hafta i\u00e7erisinde ula\u015ft\u0131\u011f\u0131m faili me\u00e7hul Ermenilerin isimlerini buraya b\u0131rakay\u0131m tan\u0131yan bilen olursa l\u00fctfen bana bir \u015fekilde ula\u015f\u0131n. Sedat Peker\u2019in a\u00e7\u0131klamalar\u0131yla birlikte faili belli \u2018me\u00e7huller\u2019i tekrardan \u2018derin\u2019lemesine konu\u015fmaya ba\u015flad\u0131k. \u00d6yle ki Te\u015fkilat-\u0131 Mahsusa\u2019dan bu yana devam eden bu derin hesapla\u015fmada ortaya sa\u00e7\u0131lan bilgi k\u0131r\u0131nt\u0131lar\u0131ndan neredeyse T\u00fcrkiye\u2019nin t\u00fcm su\u00e7lar\u0131yla ilgili s\u00f6yleyecek konu \u00e7\u0131k\u0131yor. O [&hellip;]\" \/>\n<meta property=\"og:url\" content=\"https:\/\/akunq.net\/tr\/?p=63126\" \/>\n<meta property=\"og:site_name\" content=\"Bati Ermenistan Ve Bati Ermenileri Sorunlari Ara\u015ftirmalar Merkezi\" \/>\n<meta property=\"article:published_time\" content=\"2021-05-31T11:33:53+00:00\" \/>\n<meta property=\"og:image\" content=\"https:\/\/akunq.net\/tr\/wp-content\/uploads\/sites\/6\/2021\/05\/Aris-Nalc\u0131-2.jpg\" \/>\n\t<meta property=\"og:image:width\" content=\"800\" \/>\n\t<meta property=\"og:image:height\" content=\"463\" \/>\n\t<meta property=\"og:image:type\" content=\"image\/jpeg\" \/>\n<meta name=\"author\" content=\"admin\" \/>\n<meta name=\"twitter:card\" content=\"summary_large_image\" \/>\n<meta name=\"twitter:label1\" content=\"Written by\" \/>\n\t<meta name=\"twitter:data1\" content=\"admin\" \/>\n\t<meta name=\"twitter:label2\" content=\"Est. reading time\" \/>\n\t<meta name=\"twitter:data2\" content=\"6 minutes\" \/>\n<script type=\"application\/ld+json\" class=\"yoast-schema-graph\">{\"@context\":\"https:\\\/\\\/schema.org\",\"@graph\":[{\"@type\":\"Article\",\"@id\":\"https:\\\/\\\/akunq.net\\\/tr\\\/?p=63126#article\",\"isPartOf\":{\"@id\":\"https:\\\/\\\/akunq.net\\\/tr\\\/?p=63126\"},\"author\":{\"name\":\"admin\",\"@id\":\"https:\\\/\\\/akunq.net\\\/tr\\\/#\\\/schema\\\/person\\\/096f1d38a12cce57fb855b485ed24c9e\"},\"headline\":\"Faili belli \u2018az\u0131nl\u0131klar\u2019\",\"datePublished\":\"2021-05-31T11:33:53+00:00\",\"mainEntityOfPage\":{\"@id\":\"https:\\\/\\\/akunq.net\\\/tr\\\/?p=63126\"},\"wordCount\":1267,\"commentCount\":0,\"image\":{\"@id\":\"https:\\\/\\\/akunq.net\\\/tr\\\/?p=63126#primaryimage\"},\"thumbnailUrl\":\"https:\\\/\\\/akunq.net\\\/tr\\\/wp-content\\\/uploads\\\/sites\\\/6\\\/2021\\\/05\\\/Aris-Nalc\u0131-2.jpg\",\"articleSection\":[\"Haberler\",\"Makaleler\"],\"inLanguage\":\"en-US\",\"potentialAction\":[{\"@type\":\"CommentAction\",\"name\":\"Comment\",\"target\":[\"https:\\\/\\\/akunq.net\\\/tr\\\/?p=63126#respond\"]}]},{\"@type\":\"WebPage\",\"@id\":\"https:\\\/\\\/akunq.net\\\/tr\\\/?p=63126\",\"url\":\"https:\\\/\\\/akunq.net\\\/tr\\\/?p=63126\",\"name\":\"Faili belli \u2018az\u0131nl\u0131klar\u2019 - Bati Ermenistan Ve Bati Ermenileri Sorunlari Ara\u015ftirmalar Merkezi\",\"isPartOf\":{\"@id\":\"https:\\\/\\\/akunq.net\\\/tr\\\/#website\"},\"primaryImageOfPage\":{\"@id\":\"https:\\\/\\\/akunq.net\\\/tr\\\/?p=63126#primaryimage\"},\"image\":{\"@id\":\"https:\\\/\\\/akunq.net\\\/tr\\\/?p=63126#primaryimage\"},\"thumbnailUrl\":\"https:\\\/\\\/akunq.net\\\/tr\\\/wp-content\\\/uploads\\\/sites\\\/6\\\/2021\\\/05\\\/Aris-Nalc\u0131-2.jpg\",\"datePublished\":\"2021-05-31T11:33:53+00:00\",\"author\":{\"@id\":\"https:\\\/\\\/akunq.net\\\/tr\\\/#\\\/schema\\\/person\\\/096f1d38a12cce57fb855b485ed24c9e\"},\"breadcrumb\":{\"@id\":\"https:\\\/\\\/akunq.net\\\/tr\\\/?p=63126#breadcrumb\"},\"inLanguage\":\"en-US\",\"potentialAction\":[{\"@type\":\"ReadAction\",\"target\":[\"https:\\\/\\\/akunq.net\\\/tr\\\/?p=63126\"]}]},{\"@type\":\"ImageObject\",\"inLanguage\":\"en-US\",\"@id\":\"https:\\\/\\\/akunq.net\\\/tr\\\/?p=63126#primaryimage\",\"url\":\"https:\\\/\\\/akunq.net\\\/tr\\\/wp-content\\\/uploads\\\/sites\\\/6\\\/2021\\\/05\\\/Aris-Nalc\u0131-2.jpg\",\"contentUrl\":\"https:\\\/\\\/akunq.net\\\/tr\\\/wp-content\\\/uploads\\\/sites\\\/6\\\/2021\\\/05\\\/Aris-Nalc\u0131-2.jpg\",\"width\":800,\"height\":463},{\"@type\":\"BreadcrumbList\",\"@id\":\"https:\\\/\\\/akunq.net\\\/tr\\\/?p=63126#breadcrumb\",\"itemListElement\":[{\"@type\":\"ListItem\",\"position\":1,\"name\":\"Home\",\"item\":\"https:\\\/\\\/akunq.net\\\/tr\"},{\"@type\":\"ListItem\",\"position\":2,\"name\":\"Faili belli \u2018az\u0131nl\u0131klar\u2019\"}]},{\"@type\":\"WebSite\",\"@id\":\"https:\\\/\\\/akunq.net\\\/tr\\\/#website\",\"url\":\"https:\\\/\\\/akunq.net\\\/tr\\\/\",\"name\":\"Bati Ermenistan Ve Bati Ermenileri Sorunlari Ara\u015ftirmalar Merkezi\",\"description\":\"\",\"potentialAction\":[{\"@type\":\"SearchAction\",\"target\":{\"@type\":\"EntryPoint\",\"urlTemplate\":\"https:\\\/\\\/akunq.net\\\/tr\\\/?s={search_term_string}\"},\"query-input\":{\"@type\":\"PropertyValueSpecification\",\"valueRequired\":true,\"valueName\":\"search_term_string\"}}],\"inLanguage\":\"en-US\"},{\"@type\":\"Person\",\"@id\":\"https:\\\/\\\/akunq.net\\\/tr\\\/#\\\/schema\\\/person\\\/096f1d38a12cce57fb855b485ed24c9e\",\"name\":\"admin\",\"url\":\"https:\\\/\\\/akunq.net\\\/tr\\\/?author=7\"}]}<\/script>\n<!-- \/ Yoast SEO plugin. -->","yoast_head_json":{"title":"Faili belli \u2018az\u0131nl\u0131klar\u2019 - Bati Ermenistan Ve Bati Ermenileri Sorunlari Ara\u015ftirmalar Merkezi","robots":{"index":"index","follow":"follow","max-snippet":"max-snippet:-1","max-image-preview":"max-image-preview:large","max-video-preview":"max-video-preview:-1"},"canonical":"https:\/\/akunq.net\/tr\/?p=63126","og_locale":"en_US","og_type":"article","og_title":"Faili belli \u2018az\u0131nl\u0131klar\u2019 - Bati Ermenistan Ve Bati Ermenileri Sorunlari Ara\u015ftirmalar Merkezi","og_description":"Aris Nalc\u0131\u00a0 Bu hafta i\u00e7erisinde ula\u015ft\u0131\u011f\u0131m faili me\u00e7hul Ermenilerin isimlerini buraya b\u0131rakay\u0131m tan\u0131yan bilen olursa l\u00fctfen bana bir \u015fekilde ula\u015f\u0131n. Sedat Peker\u2019in a\u00e7\u0131klamalar\u0131yla birlikte faili belli \u2018me\u00e7huller\u2019i tekrardan \u2018derin\u2019lemesine konu\u015fmaya ba\u015flad\u0131k. \u00d6yle ki Te\u015fkilat-\u0131 Mahsusa\u2019dan bu yana devam eden bu derin hesapla\u015fmada ortaya sa\u00e7\u0131lan bilgi k\u0131r\u0131nt\u0131lar\u0131ndan neredeyse T\u00fcrkiye\u2019nin t\u00fcm su\u00e7lar\u0131yla ilgili s\u00f6yleyecek konu \u00e7\u0131k\u0131yor. O [&hellip;]","og_url":"https:\/\/akunq.net\/tr\/?p=63126","og_site_name":"Bati Ermenistan Ve Bati Ermenileri Sorunlari Ara\u015ftirmalar Merkezi","article_published_time":"2021-05-31T11:33:53+00:00","og_image":[{"width":800,"height":463,"url":"https:\/\/akunq.net\/tr\/wp-content\/uploads\/sites\/6\/2021\/05\/Aris-Nalc\u0131-2.jpg","type":"image\/jpeg"}],"author":"admin","twitter_card":"summary_large_image","twitter_misc":{"Written by":"admin","Est. reading time":"6 minutes"},"schema":{"@context":"https:\/\/schema.org","@graph":[{"@type":"Article","@id":"https:\/\/akunq.net\/tr\/?p=63126#article","isPartOf":{"@id":"https:\/\/akunq.net\/tr\/?p=63126"},"author":{"name":"admin","@id":"https:\/\/akunq.net\/tr\/#\/schema\/person\/096f1d38a12cce57fb855b485ed24c9e"},"headline":"Faili belli \u2018az\u0131nl\u0131klar\u2019","datePublished":"2021-05-31T11:33:53+00:00","mainEntityOfPage":{"@id":"https:\/\/akunq.net\/tr\/?p=63126"},"wordCount":1267,"commentCount":0,"image":{"@id":"https:\/\/akunq.net\/tr\/?p=63126#primaryimage"},"thumbnailUrl":"https:\/\/akunq.net\/tr\/wp-content\/uploads\/sites\/6\/2021\/05\/Aris-Nalc\u0131-2.jpg","articleSection":["Haberler","Makaleler"],"inLanguage":"en-US","potentialAction":[{"@type":"CommentAction","name":"Comment","target":["https:\/\/akunq.net\/tr\/?p=63126#respond"]}]},{"@type":"WebPage","@id":"https:\/\/akunq.net\/tr\/?p=63126","url":"https:\/\/akunq.net\/tr\/?p=63126","name":"Faili belli \u2018az\u0131nl\u0131klar\u2019 - Bati Ermenistan Ve Bati Ermenileri Sorunlari Ara\u015ftirmalar Merkezi","isPartOf":{"@id":"https:\/\/akunq.net\/tr\/#website"},"primaryImageOfPage":{"@id":"https:\/\/akunq.net\/tr\/?p=63126#primaryimage"},"image":{"@id":"https:\/\/akunq.net\/tr\/?p=63126#primaryimage"},"thumbnailUrl":"https:\/\/akunq.net\/tr\/wp-content\/uploads\/sites\/6\/2021\/05\/Aris-Nalc\u0131-2.jpg","datePublished":"2021-05-31T11:33:53+00:00","author":{"@id":"https:\/\/akunq.net\/tr\/#\/schema\/person\/096f1d38a12cce57fb855b485ed24c9e"},"breadcrumb":{"@id":"https:\/\/akunq.net\/tr\/?p=63126#breadcrumb"},"inLanguage":"en-US","potentialAction":[{"@type":"ReadAction","target":["https:\/\/akunq.net\/tr\/?p=63126"]}]},{"@type":"ImageObject","inLanguage":"en-US","@id":"https:\/\/akunq.net\/tr\/?p=63126#primaryimage","url":"https:\/\/akunq.net\/tr\/wp-content\/uploads\/sites\/6\/2021\/05\/Aris-Nalc\u0131-2.jpg","contentUrl":"https:\/\/akunq.net\/tr\/wp-content\/uploads\/sites\/6\/2021\/05\/Aris-Nalc\u0131-2.jpg","width":800,"height":463},{"@type":"BreadcrumbList","@id":"https:\/\/akunq.net\/tr\/?p=63126#breadcrumb","itemListElement":[{"@type":"ListItem","position":1,"name":"Home","item":"https:\/\/akunq.net\/tr"},{"@type":"ListItem","position":2,"name":"Faili belli \u2018az\u0131nl\u0131klar\u2019"}]},{"@type":"WebSite","@id":"https:\/\/akunq.net\/tr\/#website","url":"https:\/\/akunq.net\/tr\/","name":"Bati Ermenistan Ve Bati Ermenileri Sorunlari Ara\u015ftirmalar Merkezi","description":"","potentialAction":[{"@type":"SearchAction","target":{"@type":"EntryPoint","urlTemplate":"https:\/\/akunq.net\/tr\/?s={search_term_string}"},"query-input":{"@type":"PropertyValueSpecification","valueRequired":true,"valueName":"search_term_string"}}],"inLanguage":"en-US"},{"@type":"Person","@id":"https:\/\/akunq.net\/tr\/#\/schema\/person\/096f1d38a12cce57fb855b485ed24c9e","name":"admin","url":"https:\/\/akunq.net\/tr\/?author=7"}]}},"_links":{"self":[{"href":"https:\/\/akunq.net\/tr\/index.php?rest_route=\/wp\/v2\/posts\/63126","targetHints":{"allow":["GET"]}}],"collection":[{"href":"https:\/\/akunq.net\/tr\/index.php?rest_route=\/wp\/v2\/posts"}],"about":[{"href":"https:\/\/akunq.net\/tr\/index.php?rest_route=\/wp\/v2\/types\/post"}],"author":[{"embeddable":true,"href":"https:\/\/akunq.net\/tr\/index.php?rest_route=\/wp\/v2\/users\/7"}],"replies":[{"embeddable":true,"href":"https:\/\/akunq.net\/tr\/index.php?rest_route=%2Fwp%2Fv2%2Fcomments&post=63126"}],"version-history":[{"count":1,"href":"https:\/\/akunq.net\/tr\/index.php?rest_route=\/wp\/v2\/posts\/63126\/revisions"}],"predecessor-version":[{"id":63128,"href":"https:\/\/akunq.net\/tr\/index.php?rest_route=\/wp\/v2\/posts\/63126\/revisions\/63128"}],"wp:featuredmedia":[{"embeddable":true,"href":"https:\/\/akunq.net\/tr\/index.php?rest_route=\/wp\/v2\/media\/63127"}],"wp:attachment":[{"href":"https:\/\/akunq.net\/tr\/index.php?rest_route=%2Fwp%2Fv2%2Fmedia&parent=63126"}],"wp:term":[{"taxonomy":"category","embeddable":true,"href":"https:\/\/akunq.net\/tr\/index.php?rest_route=%2Fwp%2Fv2%2Fcategories&post=63126"},{"taxonomy":"post_tag","embeddable":true,"href":"https:\/\/akunq.net\/tr\/index.php?rest_route=%2Fwp%2Fv2%2Ftags&post=63126"}],"curies":[{"name":"wp","href":"https:\/\/api.w.org\/{rel}","templated":true}]}}