{"id":63117,"date":"2021-05-31T04:59:06","date_gmt":"2021-05-31T09:59:06","guid":{"rendered":"https:\/\/akunq.net\/tr\/?p=63117"},"modified":"2021-05-31T04:59:06","modified_gmt":"2021-05-31T09:59:06","slug":"agrida-koyluler-koylerinin-incelenmesini-istiyor","status":"publish","type":"post","link":"https:\/\/akunq.net\/tr\/?p=63117","title":{"rendered":"A\u011fr\u0131\u2019da K\u00f6yl\u00fcler K\u00f6ylerinin \u0130ncelenmesini \u0130stiyor!"},"content":{"rendered":"<p><em><strong>A\u011fr\u0131 (Ararat-&#8216;Akunq&#8217; web sitesi) merkeze ba\u011fl\u0131 Yukar\u0131 A\u011fadeve k\u00f6y\u00fcnde bulunan tepedeki yap\u0131lar\u0131n incelenmesini isteyen k\u00f6y sakinleri, tepenin \u00fcst\u00fcnde ki yap\u0131lar\u0131n tarihi oldu\u011funu ve alan ile ilgili hi\u00e7bir kaynakta bilgi bulunmad\u0131\u011f\u0131n\u0131 belirttiler.<\/strong><\/em><\/p>\n<p><strong>Abdullah ASLAN\u00a0<\/strong><\/p>\n<figure class=\"wp-block-embed is-type-video is-provider-youtube wp-block-embed-youtube wp-embed-aspect-16-9 wp-has-aspect-ratio\">\n<div class=\"wp-block-embed__wrapper\">\n<div class=\"fluid-width-video-wrapper\"><iframe id=\"fitvid834449\" title=\"A\u011fr\u0131'da K\u00f6yl\u00fcler k\u00f6ylerindeki yap\u0131lar\u0131n incelenip tescillenmesini istiyor\" src=\"https:\/\/www.youtube.com\/embed\/zBkgmNrFsIc?feature=oembed\" frameborder=\"0\" allowfullscreen=\"allowfullscreen\" data-mce-fragment=\"1\"><\/iframe><\/div>\n<\/div>\n<\/figure>\n<p><strong>K\u00f6yl\u00fcler k\u00f6ylerindeki yap\u0131lar\u0131n incelenip tescillenmesini istiyor<\/strong><\/p>\n<p>A\u011fr\u0131 merkeze 17 kilometre uzakl\u0131kta bulunan Yukar\u0131 A\u011fadeve (A\u011fadeva Jor\u00ea) k\u00f6y\u00fc sakinleri ikamet ettikleri k\u00f6yleri ile ayn\u0131 ismi alan\u00a0<strong>A\u011fadeve Tepesi<\/strong>nde yer alt\u0131 \u015fehri oldu\u011funu ve tepenin \u00fcst\u00fcnde, etraf\u0131nda bulunan yap\u0131lan ise tarihi yap\u0131lar oldu\u011funu belirttiler.<\/p>\n<p>Tepenin zirvesinde \u00e7e\u015fitli yap\u0131lar\u0131n kal\u0131nt\u0131lar\u0131 ile tepenin ortalar\u0131nda yer alan, do\u011fu, g\u00fcney ve bat\u0131 y\u00f6nlerinde bulunan 2 ila 2.5 metre y\u00fcksekli\u011findeki kayalara oyulmu\u015f, her birinin yakla\u015f\u0131k 30 ila 50 santimetre boyunda olan 5 ha\u00e7 yer al\u0131yor.<\/p>\n<p>Ha\u00e7lar\u0131n oyuldu\u011fu kayalar ile tepede ayn\u0131 y\u00fckseklikte yer alan bir yap\u0131n\u0131n ise eski d\u00f6nemlere ait tap\u0131nak y\u00e2da kilise oldu\u011fu d\u00fc\u015f\u00fcn\u00fcl\u00fcyor.<\/p>\n<p>K\u00f6y sakinleri kendi b\u00fcy\u00fcklerinden tepedeki yap\u0131larla ilgili s\u0131k s\u0131k hik\u00e2yelerin anlat\u0131ld\u0131\u011f\u0131n\u0131 ve konu\u015ftu\u011fumuz k\u00f6yl\u00fclerde k\u00fc\u00e7\u00fck ya\u015flarda tepede yap\u0131lara, yeralt\u0131na inen merdivenlere denk geldiklerini s\u00f6yledi.<\/p>\n<p><strong>Bahsi ge\u00e7en tap\u0131nak yada kilise kal\u0131nt\u0131s\u0131<\/strong><\/p>\n<p>A\u011fr\u0131 merkezde esnaf olan ve k\u00fc\u00e7\u00fckl\u00fc\u011f\u00fc k\u00f6y\u00fcn meralar\u0131nda hayvan otlatma ile ge\u00e7ti\u011fini s\u00f6yleyen Mehmet Akba\u015f, k\u00fc\u00e7\u00fckken tepenin bat\u0131 taraf\u0131nda yer alt\u0131nda bulunan t\u00fcneller g\u00f6rd\u00fc\u011f\u00fcn\u00fc ve o t\u00fcnellerin i\u00e7inde merdivenlere \u015fahit oldu\u011funu s\u00f6yledi.<\/p>\n<p>A\u011fr\u0131\u2019n\u0131n tarihi yap\u0131lar\u0131 ile ilgili bilgilerin yer ald\u0131\u011f\u0131 kaynaklarda bu tepede bulunan yap\u0131larla ilgili bilgi y\u00e2da belge bulunamad\u0131\u011f\u0131n\u0131 belirten Akba\u015f, \u201cBu alanda A\u011fadeve Kilisesi oldu\u011funu d\u00fc\u015f\u00fcn\u00fcyoruz. B\u00fcy\u00fcklerimizden duydu\u011fumuz ve kendi g\u00f6rd\u00fcklerimiz ile kilisenin yukar\u0131da oldu\u011fu ve o kilise\u2019den a\u015fa\u011f\u0131ya do\u011fru g\u00fcvenlik amac\u0131 ile t\u00fcnel yap\u0131ld\u0131\u011f\u0131n\u0131 d\u00fc\u015f\u00fcn\u00fcyoruz. Bu t\u00fcnel tepenin ete\u011findeki \u00e7e\u015fmeye geliyor. 30 y\u0131l \u00f6nce yani yakla\u015f\u0131k 10 ya\u015flar\u0131nda koyun otlat\u0131yordum burada y\u0131k\u0131k haldeki t\u00fcnellerin \u00fcst\u00fcn\u00fc a\u00e7\u0131yor i\u00e7ine bak\u0131yorduk.\u201d ifadelerini kulland\u0131.<\/p>\n<figure class=\"wp-block-image\"><img decoding=\"async\" src=\"https:\/\/i0.wp.com\/www.agridahaber.com\/images\/upload\/60b0256ea8d81.jpg?ssl=1\" alt=\"\" data-recalc-dims=\"1\" \/><\/figure>\n<figure class=\"wp-block-image\"><img decoding=\"async\" src=\"https:\/\/i1.wp.com\/www.agridahaber.com\/images\/upload\/60b0265ecbb63.jpg?ssl=1\" alt=\"\" data-recalc-dims=\"1\" \/><\/figure>\n<figure class=\"wp-block-image\"><img decoding=\"async\" src=\"https:\/\/i1.wp.com\/www.agridahaber.com\/images\/upload\/koyluler-koylerindeki-yapilarin-incelenip-tescillenmesini-istiyor1622157062.jpg?ssl=1\" alt=\"\" data-recalc-dims=\"1\" \/><\/figure>\n<p><strong>A\u011fadeve Tepesi<\/strong><\/p>\n<p>Tepedeki harabeye d\u00f6nm\u00fc\u015f yap\u0131lar\u0131n aksine duvarlar\u0131 halen duran ve giri\u015fi kemerli kap\u0131 olan yap\u0131n\u0131n tap\u0131nak y\u00e2da kilise oldu\u011fu \u00f6ng\u00f6r\u00fcl\u00fcyor. Ge\u00e7mi\u015fte yap\u0131n\u0131n kemerli kap\u0131s\u0131ndan a\u015fa\u011f\u0131 yakla\u015f\u0131k 1.5 metreye kadar inen merdiven oldu\u011funu kaydeden Akba\u015f, \u201cBu kilise ile ilgili herhangi bir kaynak yok. Bu yap\u0131 ile ilgili bir ara\u015ft\u0131rma ba\u015flat\u0131l\u0131rsa insanl\u0131k tarihi ve kentimiz i\u00e7in \u00f6nemli bir ad\u0131m olaca\u011f\u0131n\u0131 d\u00fc\u015f\u00fcn\u00fcyorum. B\u00fcy\u00fcklerimiz buraya D\u00eara A\u011fadeve bunun A\u011fadeve Kilisesi anlam\u0131na geldi\u011fini d\u00fc\u015f\u00fcn\u00fcyoruz. Bu kilise y\u00e2da manast\u0131r yakla\u015f\u0131k bin 500 metre y\u00fcksekli\u011findeki tepenin zirvesine yak\u0131n yerde yer al\u0131yor. Yap\u0131t definecilerin yapt\u0131\u011f\u0131 tahribat nedeni ile zaman ciddi tahribata u\u011fram\u0131\u015f. Bizim iste\u011fimiz bu alan\u0131n turizme kazand\u0131r\u0131lmas\u0131d\u0131r. Ve tepenin de\u011fi\u015fik yerlerinde kayalara kaz\u0131nm\u0131\u015f ha\u00e7 i\u015faretleri mevcut buda bu b\u00f6lgenin yerle\u015fim yeri oldu\u011fu daha a\u015fa\u011f\u0131 k\u0131s\u0131mlarda mezarl\u0131klar\u0131n oldu\u011funu b\u00fcy\u00fcklerimiz ifade ediyor.\u201d dedi.<\/p>\n<p>Gen\u00e7li\u011finde tepedeki baz\u0131 yap\u0131lar\u0131 g\u00f6rd\u00fc\u011f\u00fcn\u00fc belirten 72 ya\u015f\u0131ndaki Ahmet Akba\u015f ise, \u201cTepenin \u00fcst\u00fcnde eski yap\u0131lar vard\u0131, t\u00fcnel vard\u0131 bizim g\u00f6rd\u00fc\u011f\u00fcm\u00fcz. D\u00ear dedikleri yani kilise vard\u0131 \u015fimdi duvarlar\u0131 ve kemerli kap\u0131s\u0131 duruyor. Seferberlikten 200 y\u0131l \u00f6ncede b\u00fcy\u00fcklerimiz oradaki bir\u00e7ok yap\u0131n\u0131n sa\u011flam oldu\u011funu belirtiyorlard\u0131.<\/p>\n<p>Tepede iki farkl\u0131 \u00e7\u0131k\u0131\u015f vard\u0131 biri kiliseye \u00e7\u0131k\u0131yordu di\u011feri ise ikiye ayr\u0131lan kayalara \u00e7\u0131k\u0131yordu. A\u011fr\u0131\u2019n\u0131n ilk yap\u0131lan H\u00fck\u00fcmet Kona\u011f\u0131 ta\u015flar\u0131 hep bu tepeden patlat\u0131larak g\u00f6t\u00fcr\u00fcld\u00fc. O patlamalarda bir yerde cami minarelerinde oldu\u011fu gibi merdiven tepenin i\u00e7ine iniyordu. \u00dczeri toprak ile kapl\u0131yd\u0131, temizleye temizleye a\u015fa\u011f\u0131 iniyorduk.\u201d \u015feklinde konu\u015ftu.<\/p>\n<p>K\u00f6y muhtar\u0131 Dilaver Aslank\u0131l\u0131\u00e7 ise oradaki yap\u0131n\u0131n tarihi oldu\u011funu ve Devletin bu konuda ad\u0131mlar atarak \u00e7al\u0131\u015fmalar y\u00fcr\u00fcterek alan\u0131 turizme kazand\u0131rmas\u0131 gerekti\u011fini belirtti.<\/p>\n<p>Aslank\u0131l\u0131\u00e7, \u201cOrada kilise vard\u0131, kli\u015fenin i\u00e7inden merdiven a\u015fa\u011f\u0131 iniyordu. Biz istiyoruz ki bu alan ile ilgili bir \u00e7al\u0131\u015fman\u0131n yap\u0131lmas\u0131. Yap\u0131lacak \u00e7al\u0131\u015fma ile inan\u0131yoruz ki bir\u00e7ok tarihi yap\u0131 g\u00fcn y\u00fcz\u00fcne \u00e7\u0131kacak.\u201d ifadelerini kulland\u0131.<\/p>\n<figure class=\"wp-block-image\"><img decoding=\"async\" src=\"https:\/\/i2.wp.com\/www.agridahaber.com\/images\/upload\/60b025f5cfedf.jpg?ssl=1\" alt=\"\" data-recalc-dims=\"1\" \/><\/figure>\n<p><em><strong><a href=\"https:\/\/www.agridahaber.com\/agri\/agri-da-koyluler-koylerinin-incelenmesini-istiyor-h110322.html\">https:\/\/www.agridahaber.com\/agri\/agri-da-koyluler-koylerinin-incelenmesini-istiyor-h110322.html<\/a><\/strong><\/em><\/p>\n","protected":false},"excerpt":{"rendered":"<p>A\u011fr\u0131 (Ararat-&#8216;Akunq&#8217; web sitesi) merkeze ba\u011fl\u0131 Yukar\u0131 A\u011fadeve k\u00f6y\u00fcnde bulunan tepedeki yap\u0131lar\u0131n incelenmesini isteyen k\u00f6y sakinleri, tepenin \u00fcst\u00fcnde ki yap\u0131lar\u0131n tarihi oldu\u011funu ve alan ile ilgili hi\u00e7bir kaynakta bilgi bulunmad\u0131\u011f\u0131n\u0131 belirttiler. Abdullah ASLAN\u00a0 K\u00f6yl\u00fcler k\u00f6ylerindeki yap\u0131lar\u0131n incelenip tescillenmesini istiyor A\u011fr\u0131 merkeze 17 kilometre uzakl\u0131kta bulunan Yukar\u0131 A\u011fadeve (A\u011fadeva Jor\u00ea) k\u00f6y\u00fc sakinleri ikamet ettikleri k\u00f6yleri ile [&hellip;]<\/p>\n","protected":false},"author":7,"featured_media":63118,"comment_status":"open","ping_status":"open","sticky":false,"template":"","format":"standard","meta":{"footnotes":""},"categories":[22,1],"tags":[],"class_list":["post-63117","post","type-post","status-publish","format-standard","has-post-thumbnail","hentry","category-gunumuzde-bati-ermenistan","category-haberler"],"yoast_head":"<!-- This site is optimized with the Yoast SEO plugin v27.4 - https:\/\/yoast.com\/product\/yoast-seo-wordpress\/ -->\n<title>A\u011fr\u0131\u2019da K\u00f6yl\u00fcler K\u00f6ylerinin \u0130ncelenmesini \u0130stiyor! - Bati Ermenistan Ve Bati Ermenileri Sorunlari Ara\u015ftirmalar Merkezi<\/title>\n<meta name=\"robots\" content=\"index, follow, max-snippet:-1, max-image-preview:large, max-video-preview:-1\" \/>\n<link rel=\"canonical\" href=\"https:\/\/akunq.net\/tr\/?p=63117\" \/>\n<meta property=\"og:locale\" content=\"en_US\" \/>\n<meta property=\"og:type\" content=\"article\" \/>\n<meta property=\"og:title\" content=\"A\u011fr\u0131\u2019da K\u00f6yl\u00fcler K\u00f6ylerinin \u0130ncelenmesini \u0130stiyor! - Bati Ermenistan Ve Bati Ermenileri Sorunlari Ara\u015ftirmalar Merkezi\" \/>\n<meta property=\"og:description\" content=\"A\u011fr\u0131 (Ararat-&#8216;Akunq&#8217; web sitesi) merkeze ba\u011fl\u0131 Yukar\u0131 A\u011fadeve k\u00f6y\u00fcnde bulunan tepedeki yap\u0131lar\u0131n incelenmesini isteyen k\u00f6y sakinleri, tepenin \u00fcst\u00fcnde ki yap\u0131lar\u0131n tarihi oldu\u011funu ve alan ile ilgili hi\u00e7bir kaynakta bilgi bulunmad\u0131\u011f\u0131n\u0131 belirttiler. Abdullah ASLAN\u00a0 K\u00f6yl\u00fcler k\u00f6ylerindeki yap\u0131lar\u0131n incelenip tescillenmesini istiyor A\u011fr\u0131 merkeze 17 kilometre uzakl\u0131kta bulunan Yukar\u0131 A\u011fadeve (A\u011fadeva Jor\u00ea) k\u00f6y\u00fc sakinleri ikamet ettikleri k\u00f6yleri ile [&hellip;]\" \/>\n<meta property=\"og:url\" content=\"https:\/\/akunq.net\/tr\/?p=63117\" \/>\n<meta property=\"og:site_name\" content=\"Bati Ermenistan Ve Bati Ermenileri Sorunlari Ara\u015ftirmalar Merkezi\" \/>\n<meta property=\"article:published_time\" content=\"2021-05-31T09:59:06+00:00\" \/>\n<meta property=\"og:image\" content=\"https:\/\/akunq.net\/tr\/wp-content\/uploads\/sites\/6\/2021\/05\/A\u011fr\u0131\u2019da-K\u00f6yl\u00fcler.jpg\" \/>\n\t<meta property=\"og:image:width\" content=\"600\" \/>\n\t<meta property=\"og:image:height\" content=\"400\" \/>\n\t<meta property=\"og:image:type\" content=\"image\/jpeg\" \/>\n<meta name=\"author\" content=\"admin\" \/>\n<meta name=\"twitter:card\" content=\"summary_large_image\" \/>\n<meta name=\"twitter:label1\" content=\"Written by\" \/>\n\t<meta name=\"twitter:data1\" content=\"admin\" \/>\n\t<meta name=\"twitter:label2\" content=\"Est. reading time\" \/>\n\t<meta name=\"twitter:data2\" content=\"4 minutes\" \/>\n<script type=\"application\/ld+json\" class=\"yoast-schema-graph\">{\"@context\":\"https:\\\/\\\/schema.org\",\"@graph\":[{\"@type\":\"Article\",\"@id\":\"https:\\\/\\\/akunq.net\\\/tr\\\/?p=63117#article\",\"isPartOf\":{\"@id\":\"https:\\\/\\\/akunq.net\\\/tr\\\/?p=63117\"},\"author\":{\"name\":\"admin\",\"@id\":\"https:\\\/\\\/akunq.net\\\/tr\\\/#\\\/schema\\\/person\\\/096f1d38a12cce57fb855b485ed24c9e\"},\"headline\":\"A\u011fr\u0131\u2019da K\u00f6yl\u00fcler K\u00f6ylerinin \u0130ncelenmesini \u0130stiyor!\",\"datePublished\":\"2021-05-31T09:59:06+00:00\",\"mainEntityOfPage\":{\"@id\":\"https:\\\/\\\/akunq.net\\\/tr\\\/?p=63117\"},\"wordCount\":817,\"commentCount\":0,\"image\":{\"@id\":\"https:\\\/\\\/akunq.net\\\/tr\\\/?p=63117#primaryimage\"},\"thumbnailUrl\":\"https:\\\/\\\/akunq.net\\\/tr\\\/wp-content\\\/uploads\\\/sites\\\/6\\\/2021\\\/05\\\/A\u011fr\u0131\u2019da-K\u00f6yl\u00fcler.jpg\",\"articleSection\":[\"G\u00fcn\u00fcm\u00fczde Bat\u0131 Ermenistan\",\"Haberler\"],\"inLanguage\":\"en-US\",\"potentialAction\":[{\"@type\":\"CommentAction\",\"name\":\"Comment\",\"target\":[\"https:\\\/\\\/akunq.net\\\/tr\\\/?p=63117#respond\"]}]},{\"@type\":\"WebPage\",\"@id\":\"https:\\\/\\\/akunq.net\\\/tr\\\/?p=63117\",\"url\":\"https:\\\/\\\/akunq.net\\\/tr\\\/?p=63117\",\"name\":\"A\u011fr\u0131\u2019da K\u00f6yl\u00fcler K\u00f6ylerinin \u0130ncelenmesini \u0130stiyor! - Bati Ermenistan Ve Bati Ermenileri Sorunlari Ara\u015ftirmalar Merkezi\",\"isPartOf\":{\"@id\":\"https:\\\/\\\/akunq.net\\\/tr\\\/#website\"},\"primaryImageOfPage\":{\"@id\":\"https:\\\/\\\/akunq.net\\\/tr\\\/?p=63117#primaryimage\"},\"image\":{\"@id\":\"https:\\\/\\\/akunq.net\\\/tr\\\/?p=63117#primaryimage\"},\"thumbnailUrl\":\"https:\\\/\\\/akunq.net\\\/tr\\\/wp-content\\\/uploads\\\/sites\\\/6\\\/2021\\\/05\\\/A\u011fr\u0131\u2019da-K\u00f6yl\u00fcler.jpg\",\"datePublished\":\"2021-05-31T09:59:06+00:00\",\"author\":{\"@id\":\"https:\\\/\\\/akunq.net\\\/tr\\\/#\\\/schema\\\/person\\\/096f1d38a12cce57fb855b485ed24c9e\"},\"breadcrumb\":{\"@id\":\"https:\\\/\\\/akunq.net\\\/tr\\\/?p=63117#breadcrumb\"},\"inLanguage\":\"en-US\",\"potentialAction\":[{\"@type\":\"ReadAction\",\"target\":[\"https:\\\/\\\/akunq.net\\\/tr\\\/?p=63117\"]}]},{\"@type\":\"ImageObject\",\"inLanguage\":\"en-US\",\"@id\":\"https:\\\/\\\/akunq.net\\\/tr\\\/?p=63117#primaryimage\",\"url\":\"https:\\\/\\\/akunq.net\\\/tr\\\/wp-content\\\/uploads\\\/sites\\\/6\\\/2021\\\/05\\\/A\u011fr\u0131\u2019da-K\u00f6yl\u00fcler.jpg\",\"contentUrl\":\"https:\\\/\\\/akunq.net\\\/tr\\\/wp-content\\\/uploads\\\/sites\\\/6\\\/2021\\\/05\\\/A\u011fr\u0131\u2019da-K\u00f6yl\u00fcler.jpg\",\"width\":600,\"height\":400},{\"@type\":\"BreadcrumbList\",\"@id\":\"https:\\\/\\\/akunq.net\\\/tr\\\/?p=63117#breadcrumb\",\"itemListElement\":[{\"@type\":\"ListItem\",\"position\":1,\"name\":\"Home\",\"item\":\"https:\\\/\\\/akunq.net\\\/tr\"},{\"@type\":\"ListItem\",\"position\":2,\"name\":\"A\u011fr\u0131\u2019da K\u00f6yl\u00fcler K\u00f6ylerinin \u0130ncelenmesini \u0130stiyor!\"}]},{\"@type\":\"WebSite\",\"@id\":\"https:\\\/\\\/akunq.net\\\/tr\\\/#website\",\"url\":\"https:\\\/\\\/akunq.net\\\/tr\\\/\",\"name\":\"Bati Ermenistan Ve Bati Ermenileri Sorunlari Ara\u015ftirmalar Merkezi\",\"description\":\"\",\"potentialAction\":[{\"@type\":\"SearchAction\",\"target\":{\"@type\":\"EntryPoint\",\"urlTemplate\":\"https:\\\/\\\/akunq.net\\\/tr\\\/?s={search_term_string}\"},\"query-input\":{\"@type\":\"PropertyValueSpecification\",\"valueRequired\":true,\"valueName\":\"search_term_string\"}}],\"inLanguage\":\"en-US\"},{\"@type\":\"Person\",\"@id\":\"https:\\\/\\\/akunq.net\\\/tr\\\/#\\\/schema\\\/person\\\/096f1d38a12cce57fb855b485ed24c9e\",\"name\":\"admin\",\"url\":\"https:\\\/\\\/akunq.net\\\/tr\\\/?author=7\"}]}<\/script>\n<!-- \/ Yoast SEO plugin. -->","yoast_head_json":{"title":"A\u011fr\u0131\u2019da K\u00f6yl\u00fcler K\u00f6ylerinin \u0130ncelenmesini \u0130stiyor! - Bati Ermenistan Ve Bati Ermenileri Sorunlari Ara\u015ftirmalar Merkezi","robots":{"index":"index","follow":"follow","max-snippet":"max-snippet:-1","max-image-preview":"max-image-preview:large","max-video-preview":"max-video-preview:-1"},"canonical":"https:\/\/akunq.net\/tr\/?p=63117","og_locale":"en_US","og_type":"article","og_title":"A\u011fr\u0131\u2019da K\u00f6yl\u00fcler K\u00f6ylerinin \u0130ncelenmesini \u0130stiyor! - Bati Ermenistan Ve Bati Ermenileri Sorunlari Ara\u015ftirmalar Merkezi","og_description":"A\u011fr\u0131 (Ararat-&#8216;Akunq&#8217; web sitesi) merkeze ba\u011fl\u0131 Yukar\u0131 A\u011fadeve k\u00f6y\u00fcnde bulunan tepedeki yap\u0131lar\u0131n incelenmesini isteyen k\u00f6y sakinleri, tepenin \u00fcst\u00fcnde ki yap\u0131lar\u0131n tarihi oldu\u011funu ve alan ile ilgili hi\u00e7bir kaynakta bilgi bulunmad\u0131\u011f\u0131n\u0131 belirttiler. Abdullah ASLAN\u00a0 K\u00f6yl\u00fcler k\u00f6ylerindeki yap\u0131lar\u0131n incelenip tescillenmesini istiyor A\u011fr\u0131 merkeze 17 kilometre uzakl\u0131kta bulunan Yukar\u0131 A\u011fadeve (A\u011fadeva Jor\u00ea) k\u00f6y\u00fc sakinleri ikamet ettikleri k\u00f6yleri ile [&hellip;]","og_url":"https:\/\/akunq.net\/tr\/?p=63117","og_site_name":"Bati Ermenistan Ve Bati Ermenileri Sorunlari Ara\u015ftirmalar Merkezi","article_published_time":"2021-05-31T09:59:06+00:00","og_image":[{"width":600,"height":400,"url":"https:\/\/akunq.net\/tr\/wp-content\/uploads\/sites\/6\/2021\/05\/A\u011fr\u0131\u2019da-K\u00f6yl\u00fcler.jpg","type":"image\/jpeg"}],"author":"admin","twitter_card":"summary_large_image","twitter_misc":{"Written by":"admin","Est. reading time":"4 minutes"},"schema":{"@context":"https:\/\/schema.org","@graph":[{"@type":"Article","@id":"https:\/\/akunq.net\/tr\/?p=63117#article","isPartOf":{"@id":"https:\/\/akunq.net\/tr\/?p=63117"},"author":{"name":"admin","@id":"https:\/\/akunq.net\/tr\/#\/schema\/person\/096f1d38a12cce57fb855b485ed24c9e"},"headline":"A\u011fr\u0131\u2019da K\u00f6yl\u00fcler K\u00f6ylerinin \u0130ncelenmesini \u0130stiyor!","datePublished":"2021-05-31T09:59:06+00:00","mainEntityOfPage":{"@id":"https:\/\/akunq.net\/tr\/?p=63117"},"wordCount":817,"commentCount":0,"image":{"@id":"https:\/\/akunq.net\/tr\/?p=63117#primaryimage"},"thumbnailUrl":"https:\/\/akunq.net\/tr\/wp-content\/uploads\/sites\/6\/2021\/05\/A\u011fr\u0131\u2019da-K\u00f6yl\u00fcler.jpg","articleSection":["G\u00fcn\u00fcm\u00fczde Bat\u0131 Ermenistan","Haberler"],"inLanguage":"en-US","potentialAction":[{"@type":"CommentAction","name":"Comment","target":["https:\/\/akunq.net\/tr\/?p=63117#respond"]}]},{"@type":"WebPage","@id":"https:\/\/akunq.net\/tr\/?p=63117","url":"https:\/\/akunq.net\/tr\/?p=63117","name":"A\u011fr\u0131\u2019da K\u00f6yl\u00fcler K\u00f6ylerinin \u0130ncelenmesini \u0130stiyor! - Bati Ermenistan Ve Bati Ermenileri Sorunlari Ara\u015ftirmalar Merkezi","isPartOf":{"@id":"https:\/\/akunq.net\/tr\/#website"},"primaryImageOfPage":{"@id":"https:\/\/akunq.net\/tr\/?p=63117#primaryimage"},"image":{"@id":"https:\/\/akunq.net\/tr\/?p=63117#primaryimage"},"thumbnailUrl":"https:\/\/akunq.net\/tr\/wp-content\/uploads\/sites\/6\/2021\/05\/A\u011fr\u0131\u2019da-K\u00f6yl\u00fcler.jpg","datePublished":"2021-05-31T09:59:06+00:00","author":{"@id":"https:\/\/akunq.net\/tr\/#\/schema\/person\/096f1d38a12cce57fb855b485ed24c9e"},"breadcrumb":{"@id":"https:\/\/akunq.net\/tr\/?p=63117#breadcrumb"},"inLanguage":"en-US","potentialAction":[{"@type":"ReadAction","target":["https:\/\/akunq.net\/tr\/?p=63117"]}]},{"@type":"ImageObject","inLanguage":"en-US","@id":"https:\/\/akunq.net\/tr\/?p=63117#primaryimage","url":"https:\/\/akunq.net\/tr\/wp-content\/uploads\/sites\/6\/2021\/05\/A\u011fr\u0131\u2019da-K\u00f6yl\u00fcler.jpg","contentUrl":"https:\/\/akunq.net\/tr\/wp-content\/uploads\/sites\/6\/2021\/05\/A\u011fr\u0131\u2019da-K\u00f6yl\u00fcler.jpg","width":600,"height":400},{"@type":"BreadcrumbList","@id":"https:\/\/akunq.net\/tr\/?p=63117#breadcrumb","itemListElement":[{"@type":"ListItem","position":1,"name":"Home","item":"https:\/\/akunq.net\/tr"},{"@type":"ListItem","position":2,"name":"A\u011fr\u0131\u2019da K\u00f6yl\u00fcler K\u00f6ylerinin \u0130ncelenmesini \u0130stiyor!"}]},{"@type":"WebSite","@id":"https:\/\/akunq.net\/tr\/#website","url":"https:\/\/akunq.net\/tr\/","name":"Bati Ermenistan Ve Bati Ermenileri Sorunlari Ara\u015ftirmalar Merkezi","description":"","potentialAction":[{"@type":"SearchAction","target":{"@type":"EntryPoint","urlTemplate":"https:\/\/akunq.net\/tr\/?s={search_term_string}"},"query-input":{"@type":"PropertyValueSpecification","valueRequired":true,"valueName":"search_term_string"}}],"inLanguage":"en-US"},{"@type":"Person","@id":"https:\/\/akunq.net\/tr\/#\/schema\/person\/096f1d38a12cce57fb855b485ed24c9e","name":"admin","url":"https:\/\/akunq.net\/tr\/?author=7"}]}},"_links":{"self":[{"href":"https:\/\/akunq.net\/tr\/index.php?rest_route=\/wp\/v2\/posts\/63117","targetHints":{"allow":["GET"]}}],"collection":[{"href":"https:\/\/akunq.net\/tr\/index.php?rest_route=\/wp\/v2\/posts"}],"about":[{"href":"https:\/\/akunq.net\/tr\/index.php?rest_route=\/wp\/v2\/types\/post"}],"author":[{"embeddable":true,"href":"https:\/\/akunq.net\/tr\/index.php?rest_route=\/wp\/v2\/users\/7"}],"replies":[{"embeddable":true,"href":"https:\/\/akunq.net\/tr\/index.php?rest_route=%2Fwp%2Fv2%2Fcomments&post=63117"}],"version-history":[{"count":1,"href":"https:\/\/akunq.net\/tr\/index.php?rest_route=\/wp\/v2\/posts\/63117\/revisions"}],"predecessor-version":[{"id":63119,"href":"https:\/\/akunq.net\/tr\/index.php?rest_route=\/wp\/v2\/posts\/63117\/revisions\/63119"}],"wp:featuredmedia":[{"embeddable":true,"href":"https:\/\/akunq.net\/tr\/index.php?rest_route=\/wp\/v2\/media\/63118"}],"wp:attachment":[{"href":"https:\/\/akunq.net\/tr\/index.php?rest_route=%2Fwp%2Fv2%2Fmedia&parent=63117"}],"wp:term":[{"taxonomy":"category","embeddable":true,"href":"https:\/\/akunq.net\/tr\/index.php?rest_route=%2Fwp%2Fv2%2Fcategories&post=63117"},{"taxonomy":"post_tag","embeddable":true,"href":"https:\/\/akunq.net\/tr\/index.php?rest_route=%2Fwp%2Fv2%2Ftags&post=63117"}],"curies":[{"name":"wp","href":"https:\/\/api.w.org\/{rel}","templated":true}]}}