{"id":63114,"date":"2021-05-31T04:50:53","date_gmt":"2021-05-31T09:50:53","guid":{"rendered":"https:\/\/akunq.net\/tr\/?p=63114"},"modified":"2021-05-31T04:50:53","modified_gmt":"2021-05-31T09:50:53","slug":"definecilerin-kacak-kazisinda-talan-edildi-yikilma-riski-ile-karsi-karsi","status":"publish","type":"post","link":"https:\/\/akunq.net\/tr\/?p=63114","title":{"rendered":"Definecilerin ka\u00e7ak kaz\u0131s\u0131nda talan edildi! Y\u0131k\u0131lma riski ile kar\u015f\u0131 kar\u015f\u0131"},"content":{"rendered":"<p><em><strong>Artvin\u2019de bulunan Tekkale Manast\u0131r\u0131, definecilerin ka\u00e7ak kaz\u0131s\u0131nda talan edildi. Y\u0131k\u0131lma riski ile kar\u015f\u0131 kar\u015f\u0131ya kalan kilisenin restorasyonu i\u00e7in proje \u00e7al\u0131\u015fmas\u0131 ba\u015flat\u0131ld\u0131.<\/strong><\/em><\/p>\n<figure class=\"wp-block-image\"><img decoding=\"async\" src=\"https:\/\/i1.wp.com\/img3.aksam.com.tr\/fotogaleri\/galeri\/2021\/05\/29\/2905202116222778020299a109.jpg?ssl=1\" alt=\"\" data-recalc-dims=\"1\" \/><\/figure>\n<h3>Artvin\u2019in Yusufeli il\u00e7esi Tekkale k\u00f6y\u00fcnde bulunan, y\u00f6redeki Orta \u00c7a\u011f d\u00f6nemi manast\u0131r olu\u015fumunu yans\u0131tan Tekkale Manast\u0131r\u0131, defineciler taraf\u0131ndan yap\u0131lan ka\u00e7ak kaz\u0131lar sonucu talan edildi.<\/h3>\n<figure class=\"wp-block-image\"><img decoding=\"async\" src=\"https:\/\/i2.wp.com\/img3.aksam.com.tr\/fotogaleri\/galeri\/2021\/05\/29\/29052021162227780267e53e0b.jpg?ssl=1\" alt=\"\" data-recalc-dims=\"1\" \/><\/figure>\n<h3>K\u00f6y halk\u0131, tarihe meydan okuyan kilisenin daha fazla tahrip olmadan restore edilip, turizme kazand\u0131r\u0131lmas\u0131n\u0131 istedi.<\/h3>\n<figure class=\"wp-block-image\"><img decoding=\"async\" src=\"https:\/\/i0.wp.com\/img3.aksam.com.tr\/fotogaleri\/galeri\/2021\/05\/29\/290520211622277802d543efb0.jpg?ssl=1\" alt=\"\" data-recalc-dims=\"1\" \/><\/figure>\n<h3>Y\u0131k\u0131lma riski ile kar\u015f\u0131 kar\u015f\u0131ya kalan kilisenin restorasyonu i\u00e7in \u00e7al\u0131\u015fma ba\u015flat\u0131ld\u0131. Kilisede inceleme yapan heyet restorasyon planlamas\u0131 yapt\u0131.<\/h3>\n<figure class=\"wp-block-image\"><img decoding=\"async\" src=\"https:\/\/i1.wp.com\/img3.aksam.com.tr\/fotogaleri\/galeri\/2021\/05\/29\/29052021162227780214d72c83.jpg?ssl=1\" alt=\"\" data-recalc-dims=\"1\" \/><\/figure>\n<h3>\u201cMUHTE\u015eEM B\u0130R TAR\u0130H\u0130 ESER\u201d<br \/>\nYusufeli Kaymakam\u0131 \u00d6mer Faruk \u00d6zdemir, kilisenin en k\u0131sa s\u00fcrede onar\u0131laca\u011f\u0131n\u0131 ve turizme kazand\u0131r\u0131laca\u011f\u0131n\u0131 belirterek, \u201cManast\u0131r muhte\u015fem bir tarihi eser. Yusufeli halk\u0131n\u0131n da bu kilisenin onar\u0131lmas\u0131 ve turizme kazand\u0131r\u0131lmas\u0131yla ilgili yo\u011fun bir talebi vard\u0131. \u0130n\u015fallah k\u0131sa zamanda projelerimizi haz\u0131rlayaca\u011f\u0131z ve bu eseri \u00fclkemiz turizmine kazand\u0131raca\u011f\u0131z. \u0130l\u00e7emizde \u00e7ok say\u0131da kilise var, bu kilise de 3\u2019\u00fcnc\u00fc b\u00fcy\u00fck kilisedir. Di\u011fer kiliselerin restorasyonlar\u0131 tamamland\u0131. Bu kilisemiz de k\u0131sa s\u00fcrede onar\u0131lacak ve turizme kazand\u0131r\u0131lacak\u201d dedi.<\/h3>\n<figure class=\"wp-block-image\"><img decoding=\"async\" src=\"https:\/\/i0.wp.com\/img3.aksam.com.tr\/fotogaleri\/galeri\/2021\/05\/29\/290520211622277802778848e5.jpg?ssl=1\" alt=\"\" data-recalc-dims=\"1\" \/><\/figure>\n<h3>\u201cONARILMASINI \u0130ST\u0130YORUZ\u201d<br \/>\nKiliseyi gezen Hatice B\u00fc\u015fra \u00d6zdemir ise, \u201c\u0130l\u00e7emizde bulunan 3 b\u00fcy\u00fck kiliseden birindeyiz, di\u011fer kiliselerin restorasyonlar\u0131 yap\u0131lm\u0131\u015f ancak buras\u0131 di\u011ferleri kadar bak\u0131ml\u0131 bir kilise de\u011fil. \u0130l\u00e7e halk\u0131 olarak buran\u0131n onar\u0131lmas\u0131n\u0131 istiyoruz\u201d diye konu\u015ftu.<\/h3>\n<figure class=\"wp-block-image\"><img decoding=\"async\" src=\"https:\/\/i2.wp.com\/img3.aksam.com.tr\/fotogaleri\/galeri\/2021\/05\/29\/290520211622277802348d228b.jpg?ssl=1\" alt=\"\" data-recalc-dims=\"1\" \/><\/figure>\n<h3>TEKKALE MANASTIRI<br \/>\nManast\u0131r, plan a\u00e7\u0131s\u0131ndan Barhal Kilisesi\u2019ne benzemektedir. Y\u00f6redeki Orta \u00c7a\u011f d\u00f6nemi manast\u0131r olu\u015fumunu en iyi bi\u00e7imde yans\u0131tan kompleks yap\u0131, kilise, trapeza ve seminer odas\u0131yla bu yap\u0131 toplulu\u011funun g\u00fcney do\u011fusunda ayr\u0131 olarak in\u015fa edilen \u015fapelden olu\u015fmaktad\u0131r.<\/h3>\n<figure class=\"wp-block-image\"><img decoding=\"async\" src=\"https:\/\/i0.wp.com\/img3.aksam.com.tr\/fotogaleri\/galeri\/2021\/05\/29\/29052021162227780242c744f1.jpg?ssl=1\" alt=\"\" data-recalc-dims=\"1\" \/><\/figure>\n<h3>Manast\u0131r d\u00f6rt farkl\u0131 yap\u0131dan olu\u015ftu\u011fu i\u00e7in tarihi kaynaklarda oldu\u011fu gibi, g\u00fcn\u00fcm\u00fczde de \u2018D\u00f6rt Kilise\u2019 olarak an\u0131lmaktad\u0131r.<\/h3>\n<figure class=\"wp-block-image\"><img decoding=\"async\" src=\"https:\/\/i2.wp.com\/img3.aksam.com.tr\/fotogaleri\/galeri\/2021\/05\/29\/290520211622277802ea50c734.jpg?ssl=1\" alt=\"\" data-recalc-dims=\"1\" \/><\/figure>\n<h3>Kilise, manast\u0131r\u0131n odak noktas\u0131n\u0131 te\u015fkil eden yap\u0131 \u00fc\u00e7 neftli bazilikal planl\u0131 olup, do\u011fu cephesi d\u00fc\u015fey olarak iki farkl\u0131 y\u00fcksekli\u011fe, yatay olarak \u00fc\u00e7 kademeli b\u00f6l\u00fcmden olu\u015fmaktad\u0131r.<\/h3>\n<figure class=\"wp-block-image\"><img decoding=\"async\" src=\"https:\/\/i0.wp.com\/img3.aksam.com.tr\/fotogaleri\/galeri\/2021\/05\/29\/2905202116222778027a152732.jpg?ssl=1\" alt=\"\" data-recalc-dims=\"1\" \/><\/figure>\n<figure class=\"wp-block-image\"><img decoding=\"async\" src=\"https:\/\/i2.wp.com\/img3.aksam.com.tr\/fotogaleri\/galeri\/2021\/05\/29\/290520211622277802febbf236.jpg?ssl=1\" alt=\"\" data-recalc-dims=\"1\" \/><\/figure>\n<figure class=\"wp-block-image\"><img decoding=\"async\" src=\"https:\/\/i1.wp.com\/img3.aksam.com.tr\/fotogaleri\/galeri\/2021\/05\/29\/29052021162227780224735595.jpg?ssl=1\" alt=\"\" data-recalc-dims=\"1\" \/><\/figure>\n<figure class=\"wp-block-image\"><img decoding=\"async\" src=\"https:\/\/i1.wp.com\/img3.aksam.com.tr\/fotogaleri\/galeri\/2021\/05\/29\/29052021162227780339e6b388.jpg?ssl=1\" alt=\"\" data-recalc-dims=\"1\" \/><\/figure>\n<p><strong>13<\/strong>\/14<\/p>\n<ul>\n<li><\/li>\n<li><\/li>\n<\/ul>\n<figure class=\"wp-block-image\"><img decoding=\"async\" src=\"https:\/\/i2.wp.com\/img3.aksam.com.tr\/fotogaleri\/galeri\/2021\/05\/29\/290520211622277803c3776c61.jpg?ssl=1\" alt=\"\" data-recalc-dims=\"1\" \/><\/figure>\n<figure class=\"wp-block-image\"><img decoding=\"async\" src=\"https:\/\/i0.wp.com\/img3.aksam.com.tr\/fotogaleri\/galeri\/2021\/05\/29\/290520211622277803203fd74c.jpg?ssl=1\" alt=\"\" data-recalc-dims=\"1\" \/><\/figure>\n<p><em><strong><a href=\"https:\/\/www.aksam.com.tr\/foto-galeri\/guncel\/istanbulun-yeni-sembolu-bugun-aciliyor\/64360\/\">https:\/\/www.aksam.com.tr\/foto-galeri\/guncel\/istanbulun-yeni-sembolu-bugun-aciliyor\/64360\/<\/a>\u00a0<\/strong><\/em><\/p>\n","protected":false},"excerpt":{"rendered":"<p>Artvin\u2019de bulunan Tekkale Manast\u0131r\u0131, definecilerin ka\u00e7ak kaz\u0131s\u0131nda talan edildi. Y\u0131k\u0131lma riski ile kar\u015f\u0131 kar\u015f\u0131ya kalan kilisenin restorasyonu i\u00e7in proje \u00e7al\u0131\u015fmas\u0131 ba\u015flat\u0131ld\u0131. Artvin\u2019in Yusufeli il\u00e7esi Tekkale k\u00f6y\u00fcnde bulunan, y\u00f6redeki Orta \u00c7a\u011f d\u00f6nemi manast\u0131r olu\u015fumunu yans\u0131tan Tekkale Manast\u0131r\u0131, defineciler taraf\u0131ndan yap\u0131lan ka\u00e7ak kaz\u0131lar sonucu talan edildi. K\u00f6y halk\u0131, tarihe meydan okuyan kilisenin daha fazla tahrip olmadan restore [&hellip;]<\/p>\n","protected":false},"author":7,"featured_media":63115,"comment_status":"open","ping_status":"open","sticky":false,"template":"","format":"standard","meta":{"footnotes":""},"categories":[1],"tags":[],"class_list":["post-63114","post","type-post","status-publish","format-standard","has-post-thumbnail","hentry","category-haberler"],"yoast_head":"<!-- This site is optimized with the Yoast SEO plugin v27.4 - https:\/\/yoast.com\/product\/yoast-seo-wordpress\/ -->\n<title>Definecilerin ka\u00e7ak kaz\u0131s\u0131nda talan edildi! Y\u0131k\u0131lma riski ile kar\u015f\u0131 kar\u015f\u0131 - Bati Ermenistan Ve Bati Ermenileri Sorunlari Ara\u015ftirmalar Merkezi<\/title>\n<meta name=\"robots\" content=\"index, follow, max-snippet:-1, max-image-preview:large, max-video-preview:-1\" \/>\n<link rel=\"canonical\" href=\"https:\/\/akunq.net\/tr\/?p=63114\" \/>\n<meta property=\"og:locale\" content=\"en_US\" \/>\n<meta property=\"og:type\" content=\"article\" \/>\n<meta property=\"og:title\" content=\"Definecilerin ka\u00e7ak kaz\u0131s\u0131nda talan edildi! Y\u0131k\u0131lma riski ile kar\u015f\u0131 kar\u015f\u0131 - Bati Ermenistan Ve Bati Ermenileri Sorunlari Ara\u015ftirmalar Merkezi\" \/>\n<meta property=\"og:description\" content=\"Artvin\u2019de bulunan Tekkale Manast\u0131r\u0131, definecilerin ka\u00e7ak kaz\u0131s\u0131nda talan edildi. Y\u0131k\u0131lma riski ile kar\u015f\u0131 kar\u015f\u0131ya kalan kilisenin restorasyonu i\u00e7in proje \u00e7al\u0131\u015fmas\u0131 ba\u015flat\u0131ld\u0131. Artvin\u2019in Yusufeli il\u00e7esi Tekkale k\u00f6y\u00fcnde bulunan, y\u00f6redeki Orta \u00c7a\u011f d\u00f6nemi manast\u0131r olu\u015fumunu yans\u0131tan Tekkale Manast\u0131r\u0131, defineciler taraf\u0131ndan yap\u0131lan ka\u00e7ak kaz\u0131lar sonucu talan edildi. K\u00f6y halk\u0131, tarihe meydan okuyan kilisenin daha fazla tahrip olmadan restore [&hellip;]\" \/>\n<meta property=\"og:url\" content=\"https:\/\/akunq.net\/tr\/?p=63114\" \/>\n<meta property=\"og:site_name\" content=\"Bati Ermenistan Ve Bati Ermenileri Sorunlari Ara\u015ftirmalar Merkezi\" \/>\n<meta property=\"article:published_time\" content=\"2021-05-31T09:50:53+00:00\" \/>\n<meta property=\"og:image\" content=\"https:\/\/akunq.net\/tr\/wp-content\/uploads\/sites\/6\/2021\/05\/Tekkale-Manast\u0131r\u0131.jpg\" \/>\n\t<meta property=\"og:image:width\" content=\"800\" \/>\n\t<meta property=\"og:image:height\" content=\"600\" \/>\n\t<meta property=\"og:image:type\" content=\"image\/jpeg\" \/>\n<meta name=\"author\" content=\"admin\" \/>\n<meta name=\"twitter:card\" content=\"summary_large_image\" \/>\n<meta name=\"twitter:label1\" content=\"Written by\" \/>\n\t<meta name=\"twitter:data1\" content=\"admin\" \/>\n\t<meta name=\"twitter:label2\" content=\"Est. reading time\" \/>\n\t<meta name=\"twitter:data2\" content=\"2 minutes\" \/>\n<script type=\"application\/ld+json\" class=\"yoast-schema-graph\">{\"@context\":\"https:\\\/\\\/schema.org\",\"@graph\":[{\"@type\":\"Article\",\"@id\":\"https:\\\/\\\/akunq.net\\\/tr\\\/?p=63114#article\",\"isPartOf\":{\"@id\":\"https:\\\/\\\/akunq.net\\\/tr\\\/?p=63114\"},\"author\":{\"name\":\"admin\",\"@id\":\"https:\\\/\\\/akunq.net\\\/tr\\\/#\\\/schema\\\/person\\\/096f1d38a12cce57fb855b485ed24c9e\"},\"headline\":\"Definecilerin ka\u00e7ak kaz\u0131s\u0131nda talan edildi! Y\u0131k\u0131lma riski ile kar\u015f\u0131 kar\u015f\u0131\",\"datePublished\":\"2021-05-31T09:50:53+00:00\",\"mainEntityOfPage\":{\"@id\":\"https:\\\/\\\/akunq.net\\\/tr\\\/?p=63114\"},\"wordCount\":410,\"commentCount\":0,\"image\":{\"@id\":\"https:\\\/\\\/akunq.net\\\/tr\\\/?p=63114#primaryimage\"},\"thumbnailUrl\":\"https:\\\/\\\/akunq.net\\\/tr\\\/wp-content\\\/uploads\\\/sites\\\/6\\\/2021\\\/05\\\/Tekkale-Manast\u0131r\u0131.jpg\",\"articleSection\":[\"Haberler\"],\"inLanguage\":\"en-US\",\"potentialAction\":[{\"@type\":\"CommentAction\",\"name\":\"Comment\",\"target\":[\"https:\\\/\\\/akunq.net\\\/tr\\\/?p=63114#respond\"]}]},{\"@type\":\"WebPage\",\"@id\":\"https:\\\/\\\/akunq.net\\\/tr\\\/?p=63114\",\"url\":\"https:\\\/\\\/akunq.net\\\/tr\\\/?p=63114\",\"name\":\"Definecilerin ka\u00e7ak kaz\u0131s\u0131nda talan edildi! Y\u0131k\u0131lma riski ile kar\u015f\u0131 kar\u015f\u0131 - Bati Ermenistan Ve Bati Ermenileri Sorunlari Ara\u015ftirmalar Merkezi\",\"isPartOf\":{\"@id\":\"https:\\\/\\\/akunq.net\\\/tr\\\/#website\"},\"primaryImageOfPage\":{\"@id\":\"https:\\\/\\\/akunq.net\\\/tr\\\/?p=63114#primaryimage\"},\"image\":{\"@id\":\"https:\\\/\\\/akunq.net\\\/tr\\\/?p=63114#primaryimage\"},\"thumbnailUrl\":\"https:\\\/\\\/akunq.net\\\/tr\\\/wp-content\\\/uploads\\\/sites\\\/6\\\/2021\\\/05\\\/Tekkale-Manast\u0131r\u0131.jpg\",\"datePublished\":\"2021-05-31T09:50:53+00:00\",\"author\":{\"@id\":\"https:\\\/\\\/akunq.net\\\/tr\\\/#\\\/schema\\\/person\\\/096f1d38a12cce57fb855b485ed24c9e\"},\"breadcrumb\":{\"@id\":\"https:\\\/\\\/akunq.net\\\/tr\\\/?p=63114#breadcrumb\"},\"inLanguage\":\"en-US\",\"potentialAction\":[{\"@type\":\"ReadAction\",\"target\":[\"https:\\\/\\\/akunq.net\\\/tr\\\/?p=63114\"]}]},{\"@type\":\"ImageObject\",\"inLanguage\":\"en-US\",\"@id\":\"https:\\\/\\\/akunq.net\\\/tr\\\/?p=63114#primaryimage\",\"url\":\"https:\\\/\\\/akunq.net\\\/tr\\\/wp-content\\\/uploads\\\/sites\\\/6\\\/2021\\\/05\\\/Tekkale-Manast\u0131r\u0131.jpg\",\"contentUrl\":\"https:\\\/\\\/akunq.net\\\/tr\\\/wp-content\\\/uploads\\\/sites\\\/6\\\/2021\\\/05\\\/Tekkale-Manast\u0131r\u0131.jpg\",\"width\":800,\"height\":600},{\"@type\":\"BreadcrumbList\",\"@id\":\"https:\\\/\\\/akunq.net\\\/tr\\\/?p=63114#breadcrumb\",\"itemListElement\":[{\"@type\":\"ListItem\",\"position\":1,\"name\":\"Home\",\"item\":\"https:\\\/\\\/akunq.net\\\/tr\"},{\"@type\":\"ListItem\",\"position\":2,\"name\":\"Definecilerin ka\u00e7ak kaz\u0131s\u0131nda talan edildi! Y\u0131k\u0131lma riski ile kar\u015f\u0131 kar\u015f\u0131\"}]},{\"@type\":\"WebSite\",\"@id\":\"https:\\\/\\\/akunq.net\\\/tr\\\/#website\",\"url\":\"https:\\\/\\\/akunq.net\\\/tr\\\/\",\"name\":\"Bati Ermenistan Ve Bati Ermenileri Sorunlari Ara\u015ftirmalar Merkezi\",\"description\":\"\",\"potentialAction\":[{\"@type\":\"SearchAction\",\"target\":{\"@type\":\"EntryPoint\",\"urlTemplate\":\"https:\\\/\\\/akunq.net\\\/tr\\\/?s={search_term_string}\"},\"query-input\":{\"@type\":\"PropertyValueSpecification\",\"valueRequired\":true,\"valueName\":\"search_term_string\"}}],\"inLanguage\":\"en-US\"},{\"@type\":\"Person\",\"@id\":\"https:\\\/\\\/akunq.net\\\/tr\\\/#\\\/schema\\\/person\\\/096f1d38a12cce57fb855b485ed24c9e\",\"name\":\"admin\",\"url\":\"https:\\\/\\\/akunq.net\\\/tr\\\/?author=7\"}]}<\/script>\n<!-- \/ Yoast SEO plugin. -->","yoast_head_json":{"title":"Definecilerin ka\u00e7ak kaz\u0131s\u0131nda talan edildi! Y\u0131k\u0131lma riski ile kar\u015f\u0131 kar\u015f\u0131 - Bati Ermenistan Ve Bati Ermenileri Sorunlari Ara\u015ftirmalar Merkezi","robots":{"index":"index","follow":"follow","max-snippet":"max-snippet:-1","max-image-preview":"max-image-preview:large","max-video-preview":"max-video-preview:-1"},"canonical":"https:\/\/akunq.net\/tr\/?p=63114","og_locale":"en_US","og_type":"article","og_title":"Definecilerin ka\u00e7ak kaz\u0131s\u0131nda talan edildi! Y\u0131k\u0131lma riski ile kar\u015f\u0131 kar\u015f\u0131 - Bati Ermenistan Ve Bati Ermenileri Sorunlari Ara\u015ftirmalar Merkezi","og_description":"Artvin\u2019de bulunan Tekkale Manast\u0131r\u0131, definecilerin ka\u00e7ak kaz\u0131s\u0131nda talan edildi. Y\u0131k\u0131lma riski ile kar\u015f\u0131 kar\u015f\u0131ya kalan kilisenin restorasyonu i\u00e7in proje \u00e7al\u0131\u015fmas\u0131 ba\u015flat\u0131ld\u0131. Artvin\u2019in Yusufeli il\u00e7esi Tekkale k\u00f6y\u00fcnde bulunan, y\u00f6redeki Orta \u00c7a\u011f d\u00f6nemi manast\u0131r olu\u015fumunu yans\u0131tan Tekkale Manast\u0131r\u0131, defineciler taraf\u0131ndan yap\u0131lan ka\u00e7ak kaz\u0131lar sonucu talan edildi. K\u00f6y halk\u0131, tarihe meydan okuyan kilisenin daha fazla tahrip olmadan restore [&hellip;]","og_url":"https:\/\/akunq.net\/tr\/?p=63114","og_site_name":"Bati Ermenistan Ve Bati Ermenileri Sorunlari Ara\u015ftirmalar Merkezi","article_published_time":"2021-05-31T09:50:53+00:00","og_image":[{"width":800,"height":600,"url":"https:\/\/akunq.net\/tr\/wp-content\/uploads\/sites\/6\/2021\/05\/Tekkale-Manast\u0131r\u0131.jpg","type":"image\/jpeg"}],"author":"admin","twitter_card":"summary_large_image","twitter_misc":{"Written by":"admin","Est. reading time":"2 minutes"},"schema":{"@context":"https:\/\/schema.org","@graph":[{"@type":"Article","@id":"https:\/\/akunq.net\/tr\/?p=63114#article","isPartOf":{"@id":"https:\/\/akunq.net\/tr\/?p=63114"},"author":{"name":"admin","@id":"https:\/\/akunq.net\/tr\/#\/schema\/person\/096f1d38a12cce57fb855b485ed24c9e"},"headline":"Definecilerin ka\u00e7ak kaz\u0131s\u0131nda talan edildi! Y\u0131k\u0131lma riski ile kar\u015f\u0131 kar\u015f\u0131","datePublished":"2021-05-31T09:50:53+00:00","mainEntityOfPage":{"@id":"https:\/\/akunq.net\/tr\/?p=63114"},"wordCount":410,"commentCount":0,"image":{"@id":"https:\/\/akunq.net\/tr\/?p=63114#primaryimage"},"thumbnailUrl":"https:\/\/akunq.net\/tr\/wp-content\/uploads\/sites\/6\/2021\/05\/Tekkale-Manast\u0131r\u0131.jpg","articleSection":["Haberler"],"inLanguage":"en-US","potentialAction":[{"@type":"CommentAction","name":"Comment","target":["https:\/\/akunq.net\/tr\/?p=63114#respond"]}]},{"@type":"WebPage","@id":"https:\/\/akunq.net\/tr\/?p=63114","url":"https:\/\/akunq.net\/tr\/?p=63114","name":"Definecilerin ka\u00e7ak kaz\u0131s\u0131nda talan edildi! Y\u0131k\u0131lma riski ile kar\u015f\u0131 kar\u015f\u0131 - Bati Ermenistan Ve Bati Ermenileri Sorunlari Ara\u015ftirmalar Merkezi","isPartOf":{"@id":"https:\/\/akunq.net\/tr\/#website"},"primaryImageOfPage":{"@id":"https:\/\/akunq.net\/tr\/?p=63114#primaryimage"},"image":{"@id":"https:\/\/akunq.net\/tr\/?p=63114#primaryimage"},"thumbnailUrl":"https:\/\/akunq.net\/tr\/wp-content\/uploads\/sites\/6\/2021\/05\/Tekkale-Manast\u0131r\u0131.jpg","datePublished":"2021-05-31T09:50:53+00:00","author":{"@id":"https:\/\/akunq.net\/tr\/#\/schema\/person\/096f1d38a12cce57fb855b485ed24c9e"},"breadcrumb":{"@id":"https:\/\/akunq.net\/tr\/?p=63114#breadcrumb"},"inLanguage":"en-US","potentialAction":[{"@type":"ReadAction","target":["https:\/\/akunq.net\/tr\/?p=63114"]}]},{"@type":"ImageObject","inLanguage":"en-US","@id":"https:\/\/akunq.net\/tr\/?p=63114#primaryimage","url":"https:\/\/akunq.net\/tr\/wp-content\/uploads\/sites\/6\/2021\/05\/Tekkale-Manast\u0131r\u0131.jpg","contentUrl":"https:\/\/akunq.net\/tr\/wp-content\/uploads\/sites\/6\/2021\/05\/Tekkale-Manast\u0131r\u0131.jpg","width":800,"height":600},{"@type":"BreadcrumbList","@id":"https:\/\/akunq.net\/tr\/?p=63114#breadcrumb","itemListElement":[{"@type":"ListItem","position":1,"name":"Home","item":"https:\/\/akunq.net\/tr"},{"@type":"ListItem","position":2,"name":"Definecilerin ka\u00e7ak kaz\u0131s\u0131nda talan edildi! Y\u0131k\u0131lma riski ile kar\u015f\u0131 kar\u015f\u0131"}]},{"@type":"WebSite","@id":"https:\/\/akunq.net\/tr\/#website","url":"https:\/\/akunq.net\/tr\/","name":"Bati Ermenistan Ve Bati Ermenileri Sorunlari Ara\u015ftirmalar Merkezi","description":"","potentialAction":[{"@type":"SearchAction","target":{"@type":"EntryPoint","urlTemplate":"https:\/\/akunq.net\/tr\/?s={search_term_string}"},"query-input":{"@type":"PropertyValueSpecification","valueRequired":true,"valueName":"search_term_string"}}],"inLanguage":"en-US"},{"@type":"Person","@id":"https:\/\/akunq.net\/tr\/#\/schema\/person\/096f1d38a12cce57fb855b485ed24c9e","name":"admin","url":"https:\/\/akunq.net\/tr\/?author=7"}]}},"_links":{"self":[{"href":"https:\/\/akunq.net\/tr\/index.php?rest_route=\/wp\/v2\/posts\/63114","targetHints":{"allow":["GET"]}}],"collection":[{"href":"https:\/\/akunq.net\/tr\/index.php?rest_route=\/wp\/v2\/posts"}],"about":[{"href":"https:\/\/akunq.net\/tr\/index.php?rest_route=\/wp\/v2\/types\/post"}],"author":[{"embeddable":true,"href":"https:\/\/akunq.net\/tr\/index.php?rest_route=\/wp\/v2\/users\/7"}],"replies":[{"embeddable":true,"href":"https:\/\/akunq.net\/tr\/index.php?rest_route=%2Fwp%2Fv2%2Fcomments&post=63114"}],"version-history":[{"count":1,"href":"https:\/\/akunq.net\/tr\/index.php?rest_route=\/wp\/v2\/posts\/63114\/revisions"}],"predecessor-version":[{"id":63116,"href":"https:\/\/akunq.net\/tr\/index.php?rest_route=\/wp\/v2\/posts\/63114\/revisions\/63116"}],"wp:featuredmedia":[{"embeddable":true,"href":"https:\/\/akunq.net\/tr\/index.php?rest_route=\/wp\/v2\/media\/63115"}],"wp:attachment":[{"href":"https:\/\/akunq.net\/tr\/index.php?rest_route=%2Fwp%2Fv2%2Fmedia&parent=63114"}],"wp:term":[{"taxonomy":"category","embeddable":true,"href":"https:\/\/akunq.net\/tr\/index.php?rest_route=%2Fwp%2Fv2%2Fcategories&post=63114"},{"taxonomy":"post_tag","embeddable":true,"href":"https:\/\/akunq.net\/tr\/index.php?rest_route=%2Fwp%2Fv2%2Ftags&post=63114"}],"curies":[{"name":"wp","href":"https:\/\/api.w.org\/{rel}","templated":true}]}}