{"id":63101,"date":"2021-05-27T05:33:25","date_gmt":"2021-05-27T10:33:25","guid":{"rendered":"https:\/\/akunq.net\/tr\/?p=63101"},"modified":"2021-05-27T05:33:25","modified_gmt":"2021-05-27T10:33:25","slug":"erdogandan-abdye-reform-ve-yatirim-mesaji","status":"publish","type":"post","link":"https:\/\/akunq.net\/tr\/?p=63101","title":{"rendered":"Erdo\u011fan&#8217;dan ABD&#8217;ye reform ve yat\u0131r\u0131m mesaj\u0131"},"content":{"rendered":"<p class=\"intro\"><em><strong>Cumhurba\u015fkan\u0131 Erdo\u011fan, ABD Ba\u015fkan\u0131 Biden ile yapaca\u011f\u0131 ilk y\u00fcz y\u00fcze g\u00f6r\u00fc\u015fme \u00f6ncesinde ABD&#8217;li dev \u015firketlerin y\u00f6neticileriyle bir toplant\u0131 ger\u00e7ekle\u015ftirdi.<\/strong><\/em><\/p>\n<div class=\"picBox full\"><a class=\"overlayLink init\" href=\"https:\/\/www.dw.com\/tr\/erdo%C4%9Fandan-abdye-reform-ve-yat%C4%B1r%C4%B1m-mesaj%C4%B1\/a-57677398#\" rel=\"nofollow\"><img decoding=\"async\" title=\"Cumhurba\u015fkan\u0131 Erdo\u011fan 2016 y\u0131l\u0131nda d\u00f6nemin ABD Ba\u015fkan Yard\u0131mc\u0131s\u0131 Joe Biden ile\" src=\"https:\/\/static.dw.com\/image\/57320066_303.jpg\" alt=\"Cumhurba\u015fkan\u0131 Erdo\u011fan 2016 y\u0131l\u0131nda d\u00f6nemin ABD Ba\u015fkan Yard\u0131mc\u0131s\u0131 Joe Biden ile\" \/><\/a>Cumhurba\u015fkan\u0131 Erdo\u011fan 2016 y\u0131l\u0131nda d\u00f6nemin ABD Ba\u015fkan Yard\u0131mc\u0131s\u0131 Joe Biden ile<\/p>\n<\/div>\n<div class=\"group\">\n<div class=\"longText\">\n<p>Cumhurba\u015fkan\u0131 Recep Tayyip Erdo\u011fan, Amerika Birle\u015fik Devletleri (ABD) Ba\u015fkan\u0131 Joe Biden ile g\u00f6r\u00fc\u015fmesi \u00f6ncesinde ABD&#8217;li dev \u015firketlerin \u00fcst d\u00fczey y\u00f6neticileriyle bir araya geldi. Reuters haber ajans\u0131, toplant\u0131ya aralar\u0131nda Boeing, Amazon, Microsoft, Kellogg, PepsiCo, Cisco, Procter &amp; Gamble ve Johnson &amp; Johnson&#8217;\u0131n da bulundu\u011fu 20 kadar \u015firketin \u00fcst d\u00fczey y\u00f6neticilerinin kat\u0131ld\u0131\u011f\u0131n\u0131 bildirdi.<\/p>\n<p>Video konferans g\u00f6r\u00fc\u015fmesinde konu\u015fan Erdo\u011fan, zaman zaman ya\u015fanan fikir ayr\u0131l\u0131klar\u0131na ra\u011fmen Amerika ile, Suriye&#8217;den Libya&#8217;ya, ter\u00f6rle m\u00fccadeleden enerjiye, ticaretten yat\u0131r\u0131mlara kadar geni\u015f bir yelpazede ciddi i\u015f birli\u011fi potansiyeli bulundu\u011funu belirterek &#8220;100 milyar dolarl\u0131k ticaret hacmi hedefimize ula\u015fmak i\u00e7in samimi, sayg\u0131l\u0131, ortak \u00e7\u0131karlara ve de\u011ferlere dayanan bir yakla\u015f\u0131ma ihtiya\u00e7 duyuyoruz. \u00c7elik ve al\u00fcminyum sekt\u00f6r\u00fcndeki ilave tarifeler, T\u00fcrkiye&#8217;nin genelle\u015ftirilmi\u015f tercihler sistemi d\u0131\u015f\u0131nda b\u0131rak\u0131lmas\u0131, T\u00fcrkiye men\u015feli ihra\u00e7 \u00fcr\u00fcnlerine y\u00f6nelik anti-damping \u00f6nlemleri gibi ad\u0131mlar bize yak\u0131\u015fm\u0131yor. Bu konularda Amerika&#8217;dan daha yap\u0131c\u0131 hareket etmesini bekliyoruz&#8221; dedi.<\/p>\n<h2>&#8220;Biden ile g\u00f6r\u00fc\u015fme yeni d\u00f6nemin habercisi olacak&#8221;<\/h2>\n<p>Erdo\u011fan, &#8220;Ba\u015fkan Biden&#8217;\u0131n 1915 olaylar\u0131 hakk\u0131nda yapt\u0131\u011f\u0131 a\u00e7\u0131klama ili\u015fkilerimize ilave y\u00fck getirse de Say\u0131n Biden ile NATO zirvesinde ger\u00e7ekle\u015ftirece\u011fimiz g\u00f6r\u00fc\u015fmenin yeni d\u00f6nemin habercisi olaca\u011f\u0131na inan\u0131yorum&#8221; diye konu\u015ftu.<\/p>\n<p>Erdo\u011fan ile ABD Ba\u015fkan\u0131 Joe Biden 14 Haziran&#8217;da Br\u00fcksel&#8217;de d\u00fczenlenecek NATO liderler zirvesi \u00e7er\u00e7evesinde ilk kez y\u00fcz y\u00fcze bir g\u00f6r\u00fc\u015fme ger\u00e7ekle\u015ftirecek. 20 Ocak&#8217;ta g\u00f6revi Donald Trump&#8217;tan devralan Biden, Erdo\u011fan ile sadece\u00a0<a href=\"https:\/\/www.dw.com\/tr\/biden-ile-erdo%C4%9Fan-aras%C4%B1nda-ilk-telefon-g%C3%B6r%C3%BC%C5%9Fmesi-ger%C3%A7ekle%C5%9Fti\/a-57319382\">23 Nisan&#8217;da bir telefon g\u00f6r\u00fc\u015fmesi<\/a>yapm\u0131\u015f ve 24 Nisan&#8217;da Ermeni k\u0131r\u0131m\u0131n\u0131n y\u0131l d\u00f6n\u00fcm\u00fc vesilesiyle &#8220;soyk\u0131r\u0131m&#8221; ifadesini kullanaca\u011f\u0131 konusunda Erdo\u011fan&#8217;\u0131 bilgilendirmi\u015fti.<\/p>\n<p>\u0130ki \u00fclke ili\u015fkileri T\u00fcrkiye&#8217;nin Rus S-400 f\u00fcze savunma sistemini sat\u0131n almas\u0131 nedeniyle gergin bir d\u00f6nemden ge\u00e7erken Biden, T\u00fcrkiye&#8217;de insan haklar\u0131 ve demokrasideki gerileme nedeniyle selefi Trump&#8217;a g\u00f6re daha ele\u015ftirel ve mesafeli bir politika izleyece\u011finin i\u015faretlerini vermi\u015fti.<\/p>\n<h2>&#8220;19 y\u0131ld\u0131r reform g\u00fcndeminden kopmad\u0131k&#8221;<\/h2>\n<p>Erdo\u011fan&#8217;\u0131n ABD&#8217;li dev \u015firketlerin y\u00f6neticileriyle g\u00f6r\u00fc\u015fmesi, Biden ile bulu\u015fmas\u0131 \u00f6ncesinde nab\u0131z yoklama olarak de\u011ferlendiriliyor.<\/p>\n<p>\u00c7evrim i\u00e7i konferansta konu\u015fan Erdo\u011fan, &#8220;19 y\u0131ld\u0131r reform g\u00fcndeminden asla kopmad\u0131klar\u0131n\u0131&#8221; s\u00f6yleyerek de\u011fi\u015fen \u015fartlara ve ihtiya\u00e7lara g\u00f6re ekonomide, \u00f6zg\u00fcrl\u00fcklerde, hukuk ve adalette reform \u00e7al\u0131\u015fmalar\u0131n\u0131 kararl\u0131l\u0131kla s\u00fcrd\u00fcrd\u00fcklerini kaydetti.<\/p>\n<h2>&#8220;Haziran&#8217;da normalle\u015fmeyi hedefliyoruz&#8221;<\/h2>\n<p>Erdo\u011fan T\u00fcrkiye&#8217;nin salg\u0131n d\u00f6neminde pek \u00e7ok \u00fclkede tedarik zincirinde ya\u015fanan aksakl\u0131klar ve g\u00fcvenlik zafiyetlerini ya\u015famad\u0131\u011f\u0131n\u0131 ve a\u015f\u0131 konusunda 29 milyon doza yakla\u015ft\u0131\u011f\u0131n\u0131 vurgulayarak &#8220;\u00d6zellikle haziran ay\u0131nda yo\u011fun bir a\u015f\u0131lama kampanyas\u0131 y\u00fcr\u00fcterek \u00fclkemiz genelinde normalle\u015fmeyi temin etmeyi hedefliyoruz&#8221; dedi.<\/p>\n<p>&#8220;T\u00fcrkiye&#8217;nin Asya merkezli \u00fcretim a\u011f\u0131na alternatif aray\u0131\u015flar\u0131nda sanayisi, \u00fcretim kapasitesi, rekabet\u00e7i fiyatlar\u0131, nitelikli i\u015f g\u00fcc\u00fc, co\u011frafi konumu ve g\u00fc\u00e7l\u00fc altyap\u0131s\u0131 ile daha fazla \u00f6n plana \u00e7\u0131kmaya ba\u015flad\u0131\u011f\u0131&#8221; de\u011ferlendirmesinde bulunan Erdo\u011fan, ekonomide ilk \u00e7eyrekte g\u00fc\u00e7l\u00fc b\u00fcy\u00fcme beklediklerini, T\u00fcrkiye&#8217;ye olan yat\u0131r\u0131m talebinde de ciddi bir art\u0131\u015f g\u00f6zlemlediklerini s\u00f6yledi.<\/p>\n<h2>Uluslararas\u0131 yat\u0131r\u0131m \u00e7a\u011fr\u0131s\u0131<\/h2>\n<p>T\u00fcrkiye ve T\u00fcrk ekonomisine g\u00fcvenen t\u00fcm Amerikal\u0131 firmalara te\u015fekk\u00fcr eden Erdo\u011fan, T\u00fcrkiye&#8217;ye yat\u0131r\u0131m yapan, istihdam olu\u015fturan, ekonomik katk\u0131 sa\u011flayan uluslararas\u0131 \u015firketlere her zaman destek olduklar\u0131n\u0131 vurgulad\u0131.<\/p>\n<p>Uluslararas\u0131 do\u011frudan yat\u0131r\u0131mlardan T\u00fcrkiye&#8217;nin y\u0131ll\u0131k ald\u0131\u011f\u0131 pay\u0131 orta vadede y\u00fczde 50 oran\u0131nda art\u0131rmak istediklerini belirten Erdo\u011fan, bu ama\u00e7la te\u015fvik sisteminin sadele\u015ftirilece\u011fini ve yat\u0131r\u0131mc\u0131lar\u0131n te\u015fviklerden daha kolay yararlanmas\u0131n\u0131 sa\u011flayacaklar\u0131n\u0131 kaydetti.<\/p>\n<p><em><strong>https:\/\/www.dw.com\/tr\/erdo%C4%9Fandan-abdye-reform-ve-yat%C4%B1r%C4%B1m-mesaj%C4%B1\/a-57677398\u00a0<\/strong><\/em><\/p>\n<\/div>\n<\/div>\n","protected":false},"excerpt":{"rendered":"<p>Cumhurba\u015fkan\u0131 Erdo\u011fan, ABD Ba\u015fkan\u0131 Biden ile yapaca\u011f\u0131 ilk y\u00fcz y\u00fcze g\u00f6r\u00fc\u015fme \u00f6ncesinde ABD&#8217;li dev \u015firketlerin y\u00f6neticileriyle bir toplant\u0131 ger\u00e7ekle\u015ftirdi. Cumhurba\u015fkan\u0131 Erdo\u011fan 2016 y\u0131l\u0131nda d\u00f6nemin ABD Ba\u015fkan Yard\u0131mc\u0131s\u0131 Joe Biden ile Cumhurba\u015fkan\u0131 Recep Tayyip Erdo\u011fan, Amerika Birle\u015fik Devletleri (ABD) Ba\u015fkan\u0131 Joe Biden ile g\u00f6r\u00fc\u015fmesi \u00f6ncesinde ABD&#8217;li dev \u015firketlerin \u00fcst d\u00fczey y\u00f6neticileriyle bir araya geldi. Reuters haber [&hellip;]<\/p>\n","protected":false},"author":7,"featured_media":63102,"comment_status":"open","ping_status":"open","sticky":false,"template":"","format":"standard","meta":{"footnotes":""},"categories":[1],"tags":[],"class_list":["post-63101","post","type-post","status-publish","format-standard","has-post-thumbnail","hentry","category-haberler"],"yoast_head":"<!-- This site is optimized with the Yoast SEO plugin v27.4 - https:\/\/yoast.com\/product\/yoast-seo-wordpress\/ -->\n<title>Erdo\u011fan&#039;dan ABD&#039;ye reform ve yat\u0131r\u0131m mesaj\u0131 - Bati Ermenistan Ve Bati Ermenileri Sorunlari Ara\u015ftirmalar Merkezi<\/title>\n<meta name=\"robots\" content=\"index, follow, max-snippet:-1, max-image-preview:large, max-video-preview:-1\" \/>\n<link rel=\"canonical\" href=\"https:\/\/akunq.net\/tr\/?p=63101\" \/>\n<meta property=\"og:locale\" content=\"en_US\" \/>\n<meta property=\"og:type\" content=\"article\" \/>\n<meta property=\"og:title\" content=\"Erdo\u011fan&#039;dan ABD&#039;ye reform ve yat\u0131r\u0131m mesaj\u0131 - Bati Ermenistan Ve Bati Ermenileri Sorunlari Ara\u015ftirmalar Merkezi\" \/>\n<meta property=\"og:description\" content=\"Cumhurba\u015fkan\u0131 Erdo\u011fan, ABD Ba\u015fkan\u0131 Biden ile yapaca\u011f\u0131 ilk y\u00fcz y\u00fcze g\u00f6r\u00fc\u015fme \u00f6ncesinde ABD&#8217;li dev \u015firketlerin y\u00f6neticileriyle bir toplant\u0131 ger\u00e7ekle\u015ftirdi. Cumhurba\u015fkan\u0131 Erdo\u011fan 2016 y\u0131l\u0131nda d\u00f6nemin ABD Ba\u015fkan Yard\u0131mc\u0131s\u0131 Joe Biden ile Cumhurba\u015fkan\u0131 Recep Tayyip Erdo\u011fan, Amerika Birle\u015fik Devletleri (ABD) Ba\u015fkan\u0131 Joe Biden ile g\u00f6r\u00fc\u015fmesi \u00f6ncesinde ABD&#8217;li dev \u015firketlerin \u00fcst d\u00fczey y\u00f6neticileriyle bir araya geldi. Reuters haber [&hellip;]\" \/>\n<meta property=\"og:url\" content=\"https:\/\/akunq.net\/tr\/?p=63101\" \/>\n<meta property=\"og:site_name\" content=\"Bati Ermenistan Ve Bati Ermenileri Sorunlari Ara\u015ftirmalar Merkezi\" \/>\n<meta property=\"article:published_time\" content=\"2021-05-27T10:33:25+00:00\" \/>\n<meta property=\"og:image\" content=\"https:\/\/akunq.net\/tr\/wp-content\/uploads\/sites\/6\/2021\/05\/Erdogan.jpg\" \/>\n\t<meta property=\"og:image:width\" content=\"731\" \/>\n\t<meta property=\"og:image:height\" content=\"410\" \/>\n\t<meta property=\"og:image:type\" content=\"image\/jpeg\" \/>\n<meta name=\"author\" content=\"admin\" \/>\n<meta name=\"twitter:card\" content=\"summary_large_image\" \/>\n<meta name=\"twitter:label1\" content=\"Written by\" \/>\n\t<meta name=\"twitter:data1\" content=\"admin\" \/>\n\t<meta name=\"twitter:label2\" content=\"Est. reading time\" \/>\n\t<meta name=\"twitter:data2\" content=\"4 minutes\" \/>\n<script type=\"application\/ld+json\" class=\"yoast-schema-graph\">{\"@context\":\"https:\\\/\\\/schema.org\",\"@graph\":[{\"@type\":\"Article\",\"@id\":\"https:\\\/\\\/akunq.net\\\/tr\\\/?p=63101#article\",\"isPartOf\":{\"@id\":\"https:\\\/\\\/akunq.net\\\/tr\\\/?p=63101\"},\"author\":{\"name\":\"admin\",\"@id\":\"https:\\\/\\\/akunq.net\\\/tr\\\/#\\\/schema\\\/person\\\/096f1d38a12cce57fb855b485ed24c9e\"},\"headline\":\"Erdo\u011fan&#8217;dan ABD&#8217;ye reform ve yat\u0131r\u0131m mesaj\u0131\",\"datePublished\":\"2021-05-27T10:33:25+00:00\",\"mainEntityOfPage\":{\"@id\":\"https:\\\/\\\/akunq.net\\\/tr\\\/?p=63101\"},\"wordCount\":727,\"commentCount\":0,\"image\":{\"@id\":\"https:\\\/\\\/akunq.net\\\/tr\\\/?p=63101#primaryimage\"},\"thumbnailUrl\":\"https:\\\/\\\/akunq.net\\\/tr\\\/wp-content\\\/uploads\\\/sites\\\/6\\\/2021\\\/05\\\/Erdogan.jpg\",\"articleSection\":[\"Haberler\"],\"inLanguage\":\"en-US\",\"potentialAction\":[{\"@type\":\"CommentAction\",\"name\":\"Comment\",\"target\":[\"https:\\\/\\\/akunq.net\\\/tr\\\/?p=63101#respond\"]}]},{\"@type\":\"WebPage\",\"@id\":\"https:\\\/\\\/akunq.net\\\/tr\\\/?p=63101\",\"url\":\"https:\\\/\\\/akunq.net\\\/tr\\\/?p=63101\",\"name\":\"Erdo\u011fan'dan ABD'ye reform ve yat\u0131r\u0131m mesaj\u0131 - Bati Ermenistan Ve Bati Ermenileri Sorunlari Ara\u015ftirmalar Merkezi\",\"isPartOf\":{\"@id\":\"https:\\\/\\\/akunq.net\\\/tr\\\/#website\"},\"primaryImageOfPage\":{\"@id\":\"https:\\\/\\\/akunq.net\\\/tr\\\/?p=63101#primaryimage\"},\"image\":{\"@id\":\"https:\\\/\\\/akunq.net\\\/tr\\\/?p=63101#primaryimage\"},\"thumbnailUrl\":\"https:\\\/\\\/akunq.net\\\/tr\\\/wp-content\\\/uploads\\\/sites\\\/6\\\/2021\\\/05\\\/Erdogan.jpg\",\"datePublished\":\"2021-05-27T10:33:25+00:00\",\"author\":{\"@id\":\"https:\\\/\\\/akunq.net\\\/tr\\\/#\\\/schema\\\/person\\\/096f1d38a12cce57fb855b485ed24c9e\"},\"breadcrumb\":{\"@id\":\"https:\\\/\\\/akunq.net\\\/tr\\\/?p=63101#breadcrumb\"},\"inLanguage\":\"en-US\",\"potentialAction\":[{\"@type\":\"ReadAction\",\"target\":[\"https:\\\/\\\/akunq.net\\\/tr\\\/?p=63101\"]}]},{\"@type\":\"ImageObject\",\"inLanguage\":\"en-US\",\"@id\":\"https:\\\/\\\/akunq.net\\\/tr\\\/?p=63101#primaryimage\",\"url\":\"https:\\\/\\\/akunq.net\\\/tr\\\/wp-content\\\/uploads\\\/sites\\\/6\\\/2021\\\/05\\\/Erdogan.jpg\",\"contentUrl\":\"https:\\\/\\\/akunq.net\\\/tr\\\/wp-content\\\/uploads\\\/sites\\\/6\\\/2021\\\/05\\\/Erdogan.jpg\",\"width\":731,\"height\":410},{\"@type\":\"BreadcrumbList\",\"@id\":\"https:\\\/\\\/akunq.net\\\/tr\\\/?p=63101#breadcrumb\",\"itemListElement\":[{\"@type\":\"ListItem\",\"position\":1,\"name\":\"Home\",\"item\":\"https:\\\/\\\/akunq.net\\\/tr\"},{\"@type\":\"ListItem\",\"position\":2,\"name\":\"Erdo\u011fan&#8217;dan ABD&#8217;ye reform ve yat\u0131r\u0131m mesaj\u0131\"}]},{\"@type\":\"WebSite\",\"@id\":\"https:\\\/\\\/akunq.net\\\/tr\\\/#website\",\"url\":\"https:\\\/\\\/akunq.net\\\/tr\\\/\",\"name\":\"Bati Ermenistan Ve Bati Ermenileri Sorunlari Ara\u015ftirmalar Merkezi\",\"description\":\"\",\"potentialAction\":[{\"@type\":\"SearchAction\",\"target\":{\"@type\":\"EntryPoint\",\"urlTemplate\":\"https:\\\/\\\/akunq.net\\\/tr\\\/?s={search_term_string}\"},\"query-input\":{\"@type\":\"PropertyValueSpecification\",\"valueRequired\":true,\"valueName\":\"search_term_string\"}}],\"inLanguage\":\"en-US\"},{\"@type\":\"Person\",\"@id\":\"https:\\\/\\\/akunq.net\\\/tr\\\/#\\\/schema\\\/person\\\/096f1d38a12cce57fb855b485ed24c9e\",\"name\":\"admin\",\"url\":\"https:\\\/\\\/akunq.net\\\/tr\\\/?author=7\"}]}<\/script>\n<!-- \/ Yoast SEO plugin. -->","yoast_head_json":{"title":"Erdo\u011fan'dan ABD'ye reform ve yat\u0131r\u0131m mesaj\u0131 - Bati Ermenistan Ve Bati Ermenileri Sorunlari Ara\u015ftirmalar Merkezi","robots":{"index":"index","follow":"follow","max-snippet":"max-snippet:-1","max-image-preview":"max-image-preview:large","max-video-preview":"max-video-preview:-1"},"canonical":"https:\/\/akunq.net\/tr\/?p=63101","og_locale":"en_US","og_type":"article","og_title":"Erdo\u011fan'dan ABD'ye reform ve yat\u0131r\u0131m mesaj\u0131 - Bati Ermenistan Ve Bati Ermenileri Sorunlari Ara\u015ftirmalar Merkezi","og_description":"Cumhurba\u015fkan\u0131 Erdo\u011fan, ABD Ba\u015fkan\u0131 Biden ile yapaca\u011f\u0131 ilk y\u00fcz y\u00fcze g\u00f6r\u00fc\u015fme \u00f6ncesinde ABD&#8217;li dev \u015firketlerin y\u00f6neticileriyle bir toplant\u0131 ger\u00e7ekle\u015ftirdi. Cumhurba\u015fkan\u0131 Erdo\u011fan 2016 y\u0131l\u0131nda d\u00f6nemin ABD Ba\u015fkan Yard\u0131mc\u0131s\u0131 Joe Biden ile Cumhurba\u015fkan\u0131 Recep Tayyip Erdo\u011fan, Amerika Birle\u015fik Devletleri (ABD) Ba\u015fkan\u0131 Joe Biden ile g\u00f6r\u00fc\u015fmesi \u00f6ncesinde ABD&#8217;li dev \u015firketlerin \u00fcst d\u00fczey y\u00f6neticileriyle bir araya geldi. Reuters haber [&hellip;]","og_url":"https:\/\/akunq.net\/tr\/?p=63101","og_site_name":"Bati Ermenistan Ve Bati Ermenileri Sorunlari Ara\u015ftirmalar Merkezi","article_published_time":"2021-05-27T10:33:25+00:00","og_image":[{"width":731,"height":410,"url":"https:\/\/akunq.net\/tr\/wp-content\/uploads\/sites\/6\/2021\/05\/Erdogan.jpg","type":"image\/jpeg"}],"author":"admin","twitter_card":"summary_large_image","twitter_misc":{"Written by":"admin","Est. reading time":"4 minutes"},"schema":{"@context":"https:\/\/schema.org","@graph":[{"@type":"Article","@id":"https:\/\/akunq.net\/tr\/?p=63101#article","isPartOf":{"@id":"https:\/\/akunq.net\/tr\/?p=63101"},"author":{"name":"admin","@id":"https:\/\/akunq.net\/tr\/#\/schema\/person\/096f1d38a12cce57fb855b485ed24c9e"},"headline":"Erdo\u011fan&#8217;dan ABD&#8217;ye reform ve yat\u0131r\u0131m mesaj\u0131","datePublished":"2021-05-27T10:33:25+00:00","mainEntityOfPage":{"@id":"https:\/\/akunq.net\/tr\/?p=63101"},"wordCount":727,"commentCount":0,"image":{"@id":"https:\/\/akunq.net\/tr\/?p=63101#primaryimage"},"thumbnailUrl":"https:\/\/akunq.net\/tr\/wp-content\/uploads\/sites\/6\/2021\/05\/Erdogan.jpg","articleSection":["Haberler"],"inLanguage":"en-US","potentialAction":[{"@type":"CommentAction","name":"Comment","target":["https:\/\/akunq.net\/tr\/?p=63101#respond"]}]},{"@type":"WebPage","@id":"https:\/\/akunq.net\/tr\/?p=63101","url":"https:\/\/akunq.net\/tr\/?p=63101","name":"Erdo\u011fan'dan ABD'ye reform ve yat\u0131r\u0131m mesaj\u0131 - Bati Ermenistan Ve Bati Ermenileri Sorunlari Ara\u015ftirmalar Merkezi","isPartOf":{"@id":"https:\/\/akunq.net\/tr\/#website"},"primaryImageOfPage":{"@id":"https:\/\/akunq.net\/tr\/?p=63101#primaryimage"},"image":{"@id":"https:\/\/akunq.net\/tr\/?p=63101#primaryimage"},"thumbnailUrl":"https:\/\/akunq.net\/tr\/wp-content\/uploads\/sites\/6\/2021\/05\/Erdogan.jpg","datePublished":"2021-05-27T10:33:25+00:00","author":{"@id":"https:\/\/akunq.net\/tr\/#\/schema\/person\/096f1d38a12cce57fb855b485ed24c9e"},"breadcrumb":{"@id":"https:\/\/akunq.net\/tr\/?p=63101#breadcrumb"},"inLanguage":"en-US","potentialAction":[{"@type":"ReadAction","target":["https:\/\/akunq.net\/tr\/?p=63101"]}]},{"@type":"ImageObject","inLanguage":"en-US","@id":"https:\/\/akunq.net\/tr\/?p=63101#primaryimage","url":"https:\/\/akunq.net\/tr\/wp-content\/uploads\/sites\/6\/2021\/05\/Erdogan.jpg","contentUrl":"https:\/\/akunq.net\/tr\/wp-content\/uploads\/sites\/6\/2021\/05\/Erdogan.jpg","width":731,"height":410},{"@type":"BreadcrumbList","@id":"https:\/\/akunq.net\/tr\/?p=63101#breadcrumb","itemListElement":[{"@type":"ListItem","position":1,"name":"Home","item":"https:\/\/akunq.net\/tr"},{"@type":"ListItem","position":2,"name":"Erdo\u011fan&#8217;dan ABD&#8217;ye reform ve yat\u0131r\u0131m mesaj\u0131"}]},{"@type":"WebSite","@id":"https:\/\/akunq.net\/tr\/#website","url":"https:\/\/akunq.net\/tr\/","name":"Bati Ermenistan Ve Bati Ermenileri Sorunlari Ara\u015ftirmalar Merkezi","description":"","potentialAction":[{"@type":"SearchAction","target":{"@type":"EntryPoint","urlTemplate":"https:\/\/akunq.net\/tr\/?s={search_term_string}"},"query-input":{"@type":"PropertyValueSpecification","valueRequired":true,"valueName":"search_term_string"}}],"inLanguage":"en-US"},{"@type":"Person","@id":"https:\/\/akunq.net\/tr\/#\/schema\/person\/096f1d38a12cce57fb855b485ed24c9e","name":"admin","url":"https:\/\/akunq.net\/tr\/?author=7"}]}},"_links":{"self":[{"href":"https:\/\/akunq.net\/tr\/index.php?rest_route=\/wp\/v2\/posts\/63101","targetHints":{"allow":["GET"]}}],"collection":[{"href":"https:\/\/akunq.net\/tr\/index.php?rest_route=\/wp\/v2\/posts"}],"about":[{"href":"https:\/\/akunq.net\/tr\/index.php?rest_route=\/wp\/v2\/types\/post"}],"author":[{"embeddable":true,"href":"https:\/\/akunq.net\/tr\/index.php?rest_route=\/wp\/v2\/users\/7"}],"replies":[{"embeddable":true,"href":"https:\/\/akunq.net\/tr\/index.php?rest_route=%2Fwp%2Fv2%2Fcomments&post=63101"}],"version-history":[{"count":1,"href":"https:\/\/akunq.net\/tr\/index.php?rest_route=\/wp\/v2\/posts\/63101\/revisions"}],"predecessor-version":[{"id":63103,"href":"https:\/\/akunq.net\/tr\/index.php?rest_route=\/wp\/v2\/posts\/63101\/revisions\/63103"}],"wp:featuredmedia":[{"embeddable":true,"href":"https:\/\/akunq.net\/tr\/index.php?rest_route=\/wp\/v2\/media\/63102"}],"wp:attachment":[{"href":"https:\/\/akunq.net\/tr\/index.php?rest_route=%2Fwp%2Fv2%2Fmedia&parent=63101"}],"wp:term":[{"taxonomy":"category","embeddable":true,"href":"https:\/\/akunq.net\/tr\/index.php?rest_route=%2Fwp%2Fv2%2Fcategories&post=63101"},{"taxonomy":"post_tag","embeddable":true,"href":"https:\/\/akunq.net\/tr\/index.php?rest_route=%2Fwp%2Fv2%2Ftags&post=63101"}],"curies":[{"name":"wp","href":"https:\/\/api.w.org\/{rel}","templated":true}]}}