{"id":63098,"date":"2021-05-27T05:23:52","date_gmt":"2021-05-27T10:23:52","guid":{"rendered":"https:\/\/akunq.net\/tr\/?p=63098"},"modified":"2021-05-27T05:23:52","modified_gmt":"2021-05-27T10:23:52","slug":"kultepedeki-kazilarda-dini-inanc-sembolleri-aciga-cikarilacak","status":"publish","type":"post","link":"https:\/\/akunq.net\/tr\/?p=63098","title":{"rendered":"K\u00fcltepe\u2019deki Kaz\u0131larda Dini \u0130nan\u00e7 Sembolleri A\u00e7\u0131\u011fa \u00c7\u0131kar\u0131lacak"},"content":{"rendered":"<p><img loading=\"lazy\" decoding=\"async\" class=\"aligncenter size-medium wp-image-63099\" src=\"https:\/\/akunq.net\/tr\/wp-content\/uploads\/2021\/05\/K\u00fcltepe\u2019deki-Kaz\u0131lar-360x215.png\" alt=\"\" width=\"360\" height=\"215\" srcset=\"https:\/\/akunq.net\/tr\/wp-content\/uploads\/sites\/6\/2021\/05\/K\u00fcltepe\u2019deki-Kaz\u0131lar-360x215.png 360w, https:\/\/akunq.net\/tr\/wp-content\/uploads\/sites\/6\/2021\/05\/K\u00fcltepe\u2019deki-Kaz\u0131lar-768x460.png 768w, https:\/\/akunq.net\/tr\/wp-content\/uploads\/sites\/6\/2021\/05\/K\u00fcltepe\u2019deki-Kaz\u0131lar-560x335.png 560w, https:\/\/akunq.net\/tr\/wp-content\/uploads\/sites\/6\/2021\/05\/K\u00fcltepe\u2019deki-Kaz\u0131lar-260x156.png 260w, https:\/\/akunq.net\/tr\/wp-content\/uploads\/sites\/6\/2021\/05\/K\u00fcltepe\u2019deki-Kaz\u0131lar-160x96.png 160w, https:\/\/akunq.net\/tr\/wp-content\/uploads\/sites\/6\/2021\/05\/K\u00fcltepe\u2019deki-Kaz\u0131lar.png 847w\" sizes=\"auto, (max-width: 360px) 100vw, 360px\" \/><\/p>\n<p><em><strong>Kayseri\u2019de (Kesaria-&#8216;Akunq&#8217; web sitesi) 1948 y\u0131l\u0131ndan bu yana \u00e7al\u0131\u015fmalar\u0131n s\u00fcrd\u00fc\u011f\u00fc 6 bin y\u0131ll\u0131k K\u00fcltepe Kani\u015f Karum \u00d6ren Yeri\u2019nde, haziran ay\u0131nda ba\u015flayacak kaz\u0131 \u00e7al\u0131\u015fmalar\u0131nda dini inan\u00e7 sembolleri a\u00e7\u0131\u011fa \u00e7\u0131kar\u0131lacak.<\/strong><\/em><\/p>\n<figure class=\"wp-block-image\"><img decoding=\"async\" class=\"wp-image-47468\" src=\"https:\/\/i0.wp.com\/haber.sat7turk.com\/wp-content\/uploads\/2021\/05\/Prof-Dr-Fikri-Kulakoglu-2-1024x683.jpg?resize=1024%2C683&amp;ssl=1\" alt=\"\" data-recalc-dims=\"1\" \/><figcaption><strong><em>Prof. Dr. Fikri Kulako\u011flu<\/em><\/strong><\/figcaption><\/figure>\n<p>Ankara \u00dcniversitesi Dil ve Tarih-Co\u011frafya Fak\u00fcltesi Arkeoloji B\u00f6l\u00fcm\u00fc \u00f6\u011fretim \u00fcyesi Prof. Dr. Fikri Kulako\u011flu,\u00a0<em>\u201dAsurlu t\u00fcccarlardan \u00f6nce bizim yakla\u015f\u0131k g\u00fcn\u00fcm\u00fczden 4 bin 500 y\u0131l \u00f6nceki yap\u0131larda daha \u00f6nce buldu\u011fumuz dini inan\u00e7 sembollerinin devam\u0131n\u0131 a\u00e7\u0131\u011fa \u00e7\u0131karmaya \u00e7al\u0131\u015faca\u011f\u0131z. E\u011fer ger\u00e7ekle\u015ftirebilirsek Karum\u2019da da yapaca\u011f\u0131m\u0131z \u00e7al\u0131\u015fmalarda yine bir t\u00fcccar ar\u015fivine ve evine ula\u015farak, Kayseri\u00a0M\u00fczesi\u2019ne katk\u0131da bulunmak istiyoruz\u201d\u00a0<\/em>dedi.<\/p>\n<figure class=\"wp-block-image\"><img decoding=\"async\" class=\"wp-image-47466\" src=\"https:\/\/i2.wp.com\/haber.sat7turk.com\/wp-content\/uploads\/2021\/05\/kultepe-2.jpg?ssl=1\" alt=\"\" data-recalc-dims=\"1\" \/><\/figure>\n<p>Kayseri tarihini 6 bin y\u0131l \u00f6nceye dayand\u0131ran belgelerin g\u00fcn \u0131\u015f\u0131\u011f\u0131na \u00e7\u0131kar\u0131ld\u0131\u011f\u0131 K\u00fcltepe Kani\u015f-Karum \u00d6ren Yeri, kent merkezine 24 kilometre uzakl\u0131kta bulunuyor. Hititlerin Anadolu\u2019da kurdu\u011fu ilk kentin kal\u0131nt\u0131s\u0131 olan h\u00f6y\u00fck ve onu saran Karum\u2019dan olu\u015fan K\u00fcltepe \u00d6ren Yeri\u2019nde y\u00f6netim binalar\u0131, dini yap\u0131lar, ev ve d\u00fckkan ile at\u00f6lye kal\u0131nt\u0131lar\u0131 yer al\u0131yor. T\u00fcrkiye\u2019nin \u00f6nemli turizm merkezlerinden olan \u00f6ren yerinde kaz\u0131, restorasyon ve envanter \u00e7al\u0131\u015fmalar\u0131, 1948 y\u0131l\u0131ndan bu yana devam ediyor. K\u0131\u015f sezonu nedeniyle ara verilen kaz\u0131 \u00e7al\u0131\u015fmalar\u0131 Haziran ay\u0131nda ba\u015flayacak.<\/p>\n<h3>\u2018K\u00dcLTEPE\u2019DE KE\u015eFETT\u0130\u011e\u0130M\u0130Z \u00c7OK \u00d6ZEL VER\u0130LER VAR\u2019<\/h3>\n<figure class=\"wp-block-image\"><img decoding=\"async\" class=\"wp-image-47469\" src=\"https:\/\/i1.wp.com\/haber.sat7turk.com\/wp-content\/uploads\/2021\/05\/kultepe-3.jpg?ssl=1\" alt=\"\" data-recalc-dims=\"1\" \/><\/figure>\n<p>Kaz\u0131 Ba\u015fkan\u0131 Prof. Dr. Fikri Kulako\u011flu, kaz\u0131 \u00e7al\u0131\u015fmalar\u0131yla ilgili bilgi vererek,\u00a0<em>\u201d2021 \u00e7al\u0131\u015fmalar\u0131na yak\u0131n zamanda ba\u015flayaca\u011f\u0131z. Biliyorsunuz K\u00fcltepe 12 ayl\u0131k kaz\u0131 program\u0131 i\u00e7inde yer almaktad\u0131r. Bu y\u0131l san\u0131yorum ki ge\u00e7en y\u0131ldan daha uzun bir s\u00fcre kaz\u0131 \u00e7al\u0131\u015fmas\u0131 yap\u0131lacak. Bu Haziran ay\u0131 ba\u015f\u0131nda kaz\u0131lara ba\u015flad\u0131\u011f\u0131m\u0131zda, Ekim ay\u0131na kadar kaz\u0131lar yapaca\u011f\u0131z. Tabii kaz\u0131 sadece arazide kazmak de\u011fil, onun d\u0131\u015f\u0131nda da biz biliyorsunuz kampta \u00e7al\u0131\u015fmalar devam ediyor. Yap\u0131lan kaz\u0131lar s\u0131ras\u0131nda bulunan eserler, objeler ve kay\u0131tlar elden ge\u00e7iriliyor ve bunlar depolan\u0131yor. Bu y\u0131l a\u011f\u0131rl\u0131kl\u0131 olarak tepede ger\u00e7ekle\u015fecek. Bu Asurlu t\u00fcccarlar gelmeden \u00f6nce daha \u00f6nceki d\u00f6nemleri anlamak \u00fczere tepede \u00e7al\u0131\u015fmalar yap\u0131yoruz. Bu \u00e7al\u0131\u015fmalar ilgin\u00e7 sonu\u00e7lar veriyor. A\u00e7\u0131k\u00e7as\u0131 \u015fimdiye kadar bizim K\u00fcltepe\u2019de ke\u015ffettiklerimiz \u00e7ok \u00f6zel veriler. Ger\u00e7ekten sadece T\u00fcrkiye\u2019de de\u011fil, uluslararas\u0131 camiada da yak\u0131ndan takip ediliyor. Dolay\u0131s\u0131yla biz burada yapt\u0131\u011f\u0131m\u0131z \u00e7al\u0131\u015fmalar\u0131n sonucunu bir \u015fekilde al\u0131yoruz\u201d\u00a0<\/em>diye konu\u015ftu.<\/p>\n<h3>\u2018ASURLU T\u00dcCCARLARIN GELD\u0130KLER\u0130 D\u00d6NEMLER\u0130 AYIRIYORUZ\u2019<\/h3>\n<figure class=\"wp-block-image\"><img decoding=\"async\" class=\"wp-image-47473\" src=\"https:\/\/i0.wp.com\/haber.sat7turk.com\/wp-content\/uploads\/2021\/05\/kultepe-6.jpg?ssl=1\" alt=\"\" data-recalc-dims=\"1\" \/><\/figure>\n<p>Prof. Dr. Kulako\u011flu, \u00e7al\u0131\u015fmalar\u0131n eski Tun\u00e7 \u00e7a\u011f\u0131 denilen bir alanda yap\u0131laca\u011f\u0131n\u0131 s\u00f6yleyerek,\u00a0<em>\u201dDaha \u00f6nceden buldu\u011fumuz 100\u2019e yak\u0131n \u2018idol\u2019 dedi\u011fimiz, su mermerinden yap\u0131lm\u0131\u015f heykeller vard\u0131. O b\u00f6lgede \u00e7al\u0131\u015fmay\u0131 s\u00fcrd\u00fcrece\u011fiz. Onu ke\u015ffedebilirsek \u00e7ok \u00f6zel bir alan\u0131 \u00e7\u0131karm\u0131\u015f olaca\u011f\u0131z. Bununla beraber sadece bu d\u00f6nemler de\u011fil, asl\u0131na bakarsan\u0131z K\u00fcltepe\u2019ye ilk kez ne zaman yerle\u015fildi\u011fi konusunda da bilmediklerimiz var. Yine bu ama\u00e7la bizim h\u00f6y\u00fck \u00fczerinde Var\u015fama Saray\u0131\u2019n\u0131n k\u0131y\u0131s\u0131nda bir test sondaj\u0131m\u0131z olmu\u015ftu. Orada \u00e7al\u0131\u015fmalara devam etmek istiyoruz. Orada daha erken d\u00f6nemleri a\u00e7\u0131\u011fa \u00e7\u0131karaca\u011f\u0131m\u0131z\u0131 ge\u00e7en y\u0131l g\u00f6rd\u00fck. Bunu yapmay\u0131 planl\u0131yoruz. Biz Asurlu t\u00fcccarlar gelmeden \u00f6nceki d\u00f6nem ile geldikten sonraki d\u00f6nemi ay\u0131r\u0131yoruz. Umar\u0131m bu sene hem olanaklar hem de pandemi buna m\u00fcsaade eder?\u201d<\/em>\u00a0ifadelerini kulland\u0131.<\/p>\n<h3>\u2018SUR\u0130YE\u2019DE B\u0130LMED\u0130\u011e\u0130M\u0130Z BAZI OLAYLARI BURADA \u00c7\u00d6ZECE\u011e\u0130Z\u2019<\/h3>\n<figure class=\"wp-block-image\"><img decoding=\"async\" class=\"wp-image-47470\" src=\"https:\/\/i0.wp.com\/haber.sat7turk.com\/wp-content\/uploads\/2021\/05\/kultepe-5.jpg?ssl=1\" alt=\"\" data-recalc-dims=\"1\" \/><\/figure>\n<p>Prof. Dr. Kulako\u011flu, K\u00fcltepe\u2019nin \u00f6nemli bir yap\u0131 oldu\u011funu belirterek,\u00a0<em>\u201dK\u00fcltepe \u00f6zellikle g\u00fcn\u00fcm\u00fczden 4 bin y\u0131l \u00f6nce g\u00fcn\u00fcm\u00fcz\u00fc ayd\u0131nlatan \u00f6nemli bir merkez. \u0130\u00e7inde \u00e7ivi yaz\u0131l\u0131 \u00e7\u0131kan tabletler bunu bize g\u00f6steriyor. Buradaki bilgiler sadece K\u00fcltepe\u2019yi ayd\u0131nlatm\u0131yor. Suriye\u2019nin milattan \u00f6nce 2 bin y\u0131l\u0131na ait \u00f6nemli bulgular veriyor. Hatta \u015fu an yapt\u0131\u011f\u0131m\u0131z kaz\u0131lar 3 bin y\u0131la ait bulgular da verecek. Yani Suriye\u2019de bilmedi\u011fimiz baz\u0131 olaylar\u0131 burada \u00e7\u00f6zm\u00fc\u015f olaca\u011f\u0131z. Ayn\u0131 zamanda bug\u00fcnk\u00fc Mezopotamya dedi\u011fimiz Irak\u2019\u0131n b\u00fcy\u00fck bir k\u0131sm\u0131n\u0131 i\u00e7ine alan b\u00f6lgede d\u00f6nemin bilinmeyenlerini K\u00fcltepe\u2019deki tabletler veriyor. O zamanki d\u00fcnya tarihini ayd\u0131nlatmas\u0131 a\u00e7\u0131s\u0131ndan son derece \u00f6nemli. Tabii buradaki tabletler okundu\u011fu zaman muhakkak faydas\u0131 var. Biz \u00e7ok fazla tarihi bilgiler veriyor. Asl\u0131nda o zamanlar yap\u0131lmayan bir ticaretten bahsediyoruz\u201d\u00a0<\/em>dedi.<\/p>\n<h3>\u2018B\u0130Z ESER DE\u011e\u0130L, VER\u0130 PE\u015e\u0130NDEY\u0130Z\u2019<\/h3>\n<p>Bu y\u0131l iki \u00f6nemli \u00e7al\u0131\u015fma yapacaklar\u0131n\u0131 kaydeden Kulako\u011flu,\u00a0<em>\u201dBu y\u0131l iki ayr\u0131 yerde \u00e7al\u0131\u015faca\u011f\u0131z. Asl\u0131nda bakarsan\u0131z biz eser pe\u015finde de\u011fil, veri pe\u015findeyiz. Yani o eserler bize veri verecek diye takip diyoruz. Birincisi Asurlu t\u00fcccarlardan \u00f6nce bizim yakla\u015f\u0131k g\u00fcn\u00fcm\u00fczden 4 bin 500 y\u0131l \u00f6nceki yap\u0131larda daha \u00f6nce buldu\u011fumuz dini inan\u00e7 sembollerinin devam\u0131n\u0131 a\u00e7\u0131\u011fa \u00e7\u0131karmaya \u00e7al\u0131\u015faca\u011f\u0131z. Bunlar\u0131n yan\u0131nda \u00e7\u0131kacak di\u011fer malzemelerde bizim i\u00e7in muhakkak son derece k\u0131ymetli olacak. E\u011fer ger\u00e7ekle\u015ftirebilirsek Karum\u2019da yapaca\u011f\u0131m\u0131z \u00e7al\u0131\u015fmalarda da yine bir t\u00fcccar ar\u015fivine ve evine ula\u015farak, zengin buluntularla Kayseri m\u00fczesine katk\u0131da bulunmak istiyoruz\u201d\u00a0<\/em>ifadelerini kulland\u0131. (arkeolojisanat)<\/p>\n<p><em><strong><a href=\"https:\/\/haber.sat7turk.com\/kultepedeki-kazilarda-dini-inanc-sembolleri-aciga-cikarilacak\/\">https:\/\/haber.sat7turk.com\/kultepedeki-kazilarda-dini-inanc-sembolleri-aciga-cikarilacak\/<\/a>\u00a0<\/strong><\/em><\/p>\n","protected":false},"excerpt":{"rendered":"<p>Kayseri\u2019de (Kesaria-&#8216;Akunq&#8217; web sitesi) 1948 y\u0131l\u0131ndan bu yana \u00e7al\u0131\u015fmalar\u0131n s\u00fcrd\u00fc\u011f\u00fc 6 bin y\u0131ll\u0131k K\u00fcltepe Kani\u015f Karum \u00d6ren Yeri\u2019nde, haziran ay\u0131nda ba\u015flayacak kaz\u0131 \u00e7al\u0131\u015fmalar\u0131nda dini inan\u00e7 sembolleri a\u00e7\u0131\u011fa \u00e7\u0131kar\u0131lacak. Prof. Dr. Fikri Kulako\u011flu Ankara \u00dcniversitesi Dil ve Tarih-Co\u011frafya Fak\u00fcltesi Arkeoloji B\u00f6l\u00fcm\u00fc \u00f6\u011fretim \u00fcyesi Prof. Dr. Fikri Kulako\u011flu,\u00a0\u201dAsurlu t\u00fcccarlardan \u00f6nce bizim yakla\u015f\u0131k g\u00fcn\u00fcm\u00fczden 4 bin 500 y\u0131l [&hellip;]<\/p>\n","protected":false},"author":7,"featured_media":63099,"comment_status":"open","ping_status":"open","sticky":false,"template":"","format":"standard","meta":{"footnotes":""},"categories":[1],"tags":[],"class_list":["post-63098","post","type-post","status-publish","format-standard","has-post-thumbnail","hentry","category-haberler"],"yoast_head":"<!-- This site is optimized with the Yoast SEO plugin v27.4 - https:\/\/yoast.com\/product\/yoast-seo-wordpress\/ -->\n<title>K\u00fcltepe\u2019deki Kaz\u0131larda Dini \u0130nan\u00e7 Sembolleri A\u00e7\u0131\u011fa \u00c7\u0131kar\u0131lacak - Bati Ermenistan Ve Bati Ermenileri Sorunlari Ara\u015ftirmalar Merkezi<\/title>\n<meta name=\"robots\" content=\"index, follow, max-snippet:-1, max-image-preview:large, max-video-preview:-1\" \/>\n<link rel=\"canonical\" href=\"https:\/\/akunq.net\/tr\/?p=63098\" \/>\n<meta property=\"og:locale\" content=\"en_US\" \/>\n<meta property=\"og:type\" content=\"article\" \/>\n<meta property=\"og:title\" content=\"K\u00fcltepe\u2019deki Kaz\u0131larda Dini \u0130nan\u00e7 Sembolleri A\u00e7\u0131\u011fa \u00c7\u0131kar\u0131lacak - Bati Ermenistan Ve Bati Ermenileri Sorunlari Ara\u015ftirmalar Merkezi\" \/>\n<meta property=\"og:description\" content=\"Kayseri\u2019de (Kesaria-&#8216;Akunq&#8217; web sitesi) 1948 y\u0131l\u0131ndan bu yana \u00e7al\u0131\u015fmalar\u0131n s\u00fcrd\u00fc\u011f\u00fc 6 bin y\u0131ll\u0131k K\u00fcltepe Kani\u015f Karum \u00d6ren Yeri\u2019nde, haziran ay\u0131nda ba\u015flayacak kaz\u0131 \u00e7al\u0131\u015fmalar\u0131nda dini inan\u00e7 sembolleri a\u00e7\u0131\u011fa \u00e7\u0131kar\u0131lacak. Prof. Dr. Fikri Kulako\u011flu Ankara \u00dcniversitesi Dil ve Tarih-Co\u011frafya Fak\u00fcltesi Arkeoloji B\u00f6l\u00fcm\u00fc \u00f6\u011fretim \u00fcyesi Prof. Dr. Fikri Kulako\u011flu,\u00a0\u201dAsurlu t\u00fcccarlardan \u00f6nce bizim yakla\u015f\u0131k g\u00fcn\u00fcm\u00fczden 4 bin 500 y\u0131l [&hellip;]\" \/>\n<meta property=\"og:url\" content=\"https:\/\/akunq.net\/tr\/?p=63098\" \/>\n<meta property=\"og:site_name\" content=\"Bati Ermenistan Ve Bati Ermenileri Sorunlari Ara\u015ftirmalar Merkezi\" \/>\n<meta property=\"article:published_time\" content=\"2021-05-27T10:23:52+00:00\" \/>\n<meta property=\"og:image\" content=\"https:\/\/akunq.net\/tr\/wp-content\/uploads\/sites\/6\/2021\/05\/K\u00fcltepe\u2019deki-Kaz\u0131lar.png\" \/>\n\t<meta property=\"og:image:width\" content=\"847\" \/>\n\t<meta property=\"og:image:height\" content=\"507\" \/>\n\t<meta property=\"og:image:type\" content=\"image\/png\" \/>\n<meta name=\"author\" content=\"admin\" \/>\n<meta name=\"twitter:card\" content=\"summary_large_image\" \/>\n<meta name=\"twitter:label1\" content=\"Written by\" \/>\n\t<meta name=\"twitter:data1\" content=\"admin\" \/>\n\t<meta name=\"twitter:label2\" content=\"Est. reading time\" \/>\n\t<meta name=\"twitter:data2\" content=\"5 minutes\" \/>\n<script type=\"application\/ld+json\" class=\"yoast-schema-graph\">{\"@context\":\"https:\\\/\\\/schema.org\",\"@graph\":[{\"@type\":\"Article\",\"@id\":\"https:\\\/\\\/akunq.net\\\/tr\\\/?p=63098#article\",\"isPartOf\":{\"@id\":\"https:\\\/\\\/akunq.net\\\/tr\\\/?p=63098\"},\"author\":{\"name\":\"admin\",\"@id\":\"https:\\\/\\\/akunq.net\\\/tr\\\/#\\\/schema\\\/person\\\/096f1d38a12cce57fb855b485ed24c9e\"},\"headline\":\"K\u00fcltepe\u2019deki Kaz\u0131larda Dini \u0130nan\u00e7 Sembolleri A\u00e7\u0131\u011fa \u00c7\u0131kar\u0131lacak\",\"datePublished\":\"2021-05-27T10:23:52+00:00\",\"mainEntityOfPage\":{\"@id\":\"https:\\\/\\\/akunq.net\\\/tr\\\/?p=63098\"},\"wordCount\":938,\"commentCount\":0,\"image\":{\"@id\":\"https:\\\/\\\/akunq.net\\\/tr\\\/?p=63098#primaryimage\"},\"thumbnailUrl\":\"https:\\\/\\\/akunq.net\\\/tr\\\/wp-content\\\/uploads\\\/sites\\\/6\\\/2021\\\/05\\\/K\u00fcltepe\u2019deki-Kaz\u0131lar.png\",\"articleSection\":[\"Haberler\"],\"inLanguage\":\"en-US\",\"potentialAction\":[{\"@type\":\"CommentAction\",\"name\":\"Comment\",\"target\":[\"https:\\\/\\\/akunq.net\\\/tr\\\/?p=63098#respond\"]}]},{\"@type\":\"WebPage\",\"@id\":\"https:\\\/\\\/akunq.net\\\/tr\\\/?p=63098\",\"url\":\"https:\\\/\\\/akunq.net\\\/tr\\\/?p=63098\",\"name\":\"K\u00fcltepe\u2019deki Kaz\u0131larda Dini \u0130nan\u00e7 Sembolleri A\u00e7\u0131\u011fa \u00c7\u0131kar\u0131lacak - Bati Ermenistan Ve Bati Ermenileri Sorunlari Ara\u015ftirmalar Merkezi\",\"isPartOf\":{\"@id\":\"https:\\\/\\\/akunq.net\\\/tr\\\/#website\"},\"primaryImageOfPage\":{\"@id\":\"https:\\\/\\\/akunq.net\\\/tr\\\/?p=63098#primaryimage\"},\"image\":{\"@id\":\"https:\\\/\\\/akunq.net\\\/tr\\\/?p=63098#primaryimage\"},\"thumbnailUrl\":\"https:\\\/\\\/akunq.net\\\/tr\\\/wp-content\\\/uploads\\\/sites\\\/6\\\/2021\\\/05\\\/K\u00fcltepe\u2019deki-Kaz\u0131lar.png\",\"datePublished\":\"2021-05-27T10:23:52+00:00\",\"author\":{\"@id\":\"https:\\\/\\\/akunq.net\\\/tr\\\/#\\\/schema\\\/person\\\/096f1d38a12cce57fb855b485ed24c9e\"},\"breadcrumb\":{\"@id\":\"https:\\\/\\\/akunq.net\\\/tr\\\/?p=63098#breadcrumb\"},\"inLanguage\":\"en-US\",\"potentialAction\":[{\"@type\":\"ReadAction\",\"target\":[\"https:\\\/\\\/akunq.net\\\/tr\\\/?p=63098\"]}]},{\"@type\":\"ImageObject\",\"inLanguage\":\"en-US\",\"@id\":\"https:\\\/\\\/akunq.net\\\/tr\\\/?p=63098#primaryimage\",\"url\":\"https:\\\/\\\/akunq.net\\\/tr\\\/wp-content\\\/uploads\\\/sites\\\/6\\\/2021\\\/05\\\/K\u00fcltepe\u2019deki-Kaz\u0131lar.png\",\"contentUrl\":\"https:\\\/\\\/akunq.net\\\/tr\\\/wp-content\\\/uploads\\\/sites\\\/6\\\/2021\\\/05\\\/K\u00fcltepe\u2019deki-Kaz\u0131lar.png\",\"width\":847,\"height\":507},{\"@type\":\"BreadcrumbList\",\"@id\":\"https:\\\/\\\/akunq.net\\\/tr\\\/?p=63098#breadcrumb\",\"itemListElement\":[{\"@type\":\"ListItem\",\"position\":1,\"name\":\"Home\",\"item\":\"https:\\\/\\\/akunq.net\\\/tr\"},{\"@type\":\"ListItem\",\"position\":2,\"name\":\"K\u00fcltepe\u2019deki Kaz\u0131larda Dini \u0130nan\u00e7 Sembolleri A\u00e7\u0131\u011fa \u00c7\u0131kar\u0131lacak\"}]},{\"@type\":\"WebSite\",\"@id\":\"https:\\\/\\\/akunq.net\\\/tr\\\/#website\",\"url\":\"https:\\\/\\\/akunq.net\\\/tr\\\/\",\"name\":\"Bati Ermenistan Ve Bati Ermenileri Sorunlari Ara\u015ftirmalar Merkezi\",\"description\":\"\",\"potentialAction\":[{\"@type\":\"SearchAction\",\"target\":{\"@type\":\"EntryPoint\",\"urlTemplate\":\"https:\\\/\\\/akunq.net\\\/tr\\\/?s={search_term_string}\"},\"query-input\":{\"@type\":\"PropertyValueSpecification\",\"valueRequired\":true,\"valueName\":\"search_term_string\"}}],\"inLanguage\":\"en-US\"},{\"@type\":\"Person\",\"@id\":\"https:\\\/\\\/akunq.net\\\/tr\\\/#\\\/schema\\\/person\\\/096f1d38a12cce57fb855b485ed24c9e\",\"name\":\"admin\",\"url\":\"https:\\\/\\\/akunq.net\\\/tr\\\/?author=7\"}]}<\/script>\n<!-- \/ Yoast SEO plugin. -->","yoast_head_json":{"title":"K\u00fcltepe\u2019deki Kaz\u0131larda Dini \u0130nan\u00e7 Sembolleri A\u00e7\u0131\u011fa \u00c7\u0131kar\u0131lacak - Bati Ermenistan Ve Bati Ermenileri Sorunlari Ara\u015ftirmalar Merkezi","robots":{"index":"index","follow":"follow","max-snippet":"max-snippet:-1","max-image-preview":"max-image-preview:large","max-video-preview":"max-video-preview:-1"},"canonical":"https:\/\/akunq.net\/tr\/?p=63098","og_locale":"en_US","og_type":"article","og_title":"K\u00fcltepe\u2019deki Kaz\u0131larda Dini \u0130nan\u00e7 Sembolleri A\u00e7\u0131\u011fa \u00c7\u0131kar\u0131lacak - Bati Ermenistan Ve Bati Ermenileri Sorunlari Ara\u015ftirmalar Merkezi","og_description":"Kayseri\u2019de (Kesaria-&#8216;Akunq&#8217; web sitesi) 1948 y\u0131l\u0131ndan bu yana \u00e7al\u0131\u015fmalar\u0131n s\u00fcrd\u00fc\u011f\u00fc 6 bin y\u0131ll\u0131k K\u00fcltepe Kani\u015f Karum \u00d6ren Yeri\u2019nde, haziran ay\u0131nda ba\u015flayacak kaz\u0131 \u00e7al\u0131\u015fmalar\u0131nda dini inan\u00e7 sembolleri a\u00e7\u0131\u011fa \u00e7\u0131kar\u0131lacak. Prof. Dr. Fikri Kulako\u011flu Ankara \u00dcniversitesi Dil ve Tarih-Co\u011frafya Fak\u00fcltesi Arkeoloji B\u00f6l\u00fcm\u00fc \u00f6\u011fretim \u00fcyesi Prof. Dr. Fikri Kulako\u011flu,\u00a0\u201dAsurlu t\u00fcccarlardan \u00f6nce bizim yakla\u015f\u0131k g\u00fcn\u00fcm\u00fczden 4 bin 500 y\u0131l [&hellip;]","og_url":"https:\/\/akunq.net\/tr\/?p=63098","og_site_name":"Bati Ermenistan Ve Bati Ermenileri Sorunlari Ara\u015ftirmalar Merkezi","article_published_time":"2021-05-27T10:23:52+00:00","og_image":[{"width":847,"height":507,"url":"https:\/\/akunq.net\/tr\/wp-content\/uploads\/sites\/6\/2021\/05\/K\u00fcltepe\u2019deki-Kaz\u0131lar.png","type":"image\/png"}],"author":"admin","twitter_card":"summary_large_image","twitter_misc":{"Written by":"admin","Est. reading time":"5 minutes"},"schema":{"@context":"https:\/\/schema.org","@graph":[{"@type":"Article","@id":"https:\/\/akunq.net\/tr\/?p=63098#article","isPartOf":{"@id":"https:\/\/akunq.net\/tr\/?p=63098"},"author":{"name":"admin","@id":"https:\/\/akunq.net\/tr\/#\/schema\/person\/096f1d38a12cce57fb855b485ed24c9e"},"headline":"K\u00fcltepe\u2019deki Kaz\u0131larda Dini \u0130nan\u00e7 Sembolleri A\u00e7\u0131\u011fa \u00c7\u0131kar\u0131lacak","datePublished":"2021-05-27T10:23:52+00:00","mainEntityOfPage":{"@id":"https:\/\/akunq.net\/tr\/?p=63098"},"wordCount":938,"commentCount":0,"image":{"@id":"https:\/\/akunq.net\/tr\/?p=63098#primaryimage"},"thumbnailUrl":"https:\/\/akunq.net\/tr\/wp-content\/uploads\/sites\/6\/2021\/05\/K\u00fcltepe\u2019deki-Kaz\u0131lar.png","articleSection":["Haberler"],"inLanguage":"en-US","potentialAction":[{"@type":"CommentAction","name":"Comment","target":["https:\/\/akunq.net\/tr\/?p=63098#respond"]}]},{"@type":"WebPage","@id":"https:\/\/akunq.net\/tr\/?p=63098","url":"https:\/\/akunq.net\/tr\/?p=63098","name":"K\u00fcltepe\u2019deki Kaz\u0131larda Dini \u0130nan\u00e7 Sembolleri A\u00e7\u0131\u011fa \u00c7\u0131kar\u0131lacak - Bati Ermenistan Ve Bati Ermenileri Sorunlari Ara\u015ftirmalar Merkezi","isPartOf":{"@id":"https:\/\/akunq.net\/tr\/#website"},"primaryImageOfPage":{"@id":"https:\/\/akunq.net\/tr\/?p=63098#primaryimage"},"image":{"@id":"https:\/\/akunq.net\/tr\/?p=63098#primaryimage"},"thumbnailUrl":"https:\/\/akunq.net\/tr\/wp-content\/uploads\/sites\/6\/2021\/05\/K\u00fcltepe\u2019deki-Kaz\u0131lar.png","datePublished":"2021-05-27T10:23:52+00:00","author":{"@id":"https:\/\/akunq.net\/tr\/#\/schema\/person\/096f1d38a12cce57fb855b485ed24c9e"},"breadcrumb":{"@id":"https:\/\/akunq.net\/tr\/?p=63098#breadcrumb"},"inLanguage":"en-US","potentialAction":[{"@type":"ReadAction","target":["https:\/\/akunq.net\/tr\/?p=63098"]}]},{"@type":"ImageObject","inLanguage":"en-US","@id":"https:\/\/akunq.net\/tr\/?p=63098#primaryimage","url":"https:\/\/akunq.net\/tr\/wp-content\/uploads\/sites\/6\/2021\/05\/K\u00fcltepe\u2019deki-Kaz\u0131lar.png","contentUrl":"https:\/\/akunq.net\/tr\/wp-content\/uploads\/sites\/6\/2021\/05\/K\u00fcltepe\u2019deki-Kaz\u0131lar.png","width":847,"height":507},{"@type":"BreadcrumbList","@id":"https:\/\/akunq.net\/tr\/?p=63098#breadcrumb","itemListElement":[{"@type":"ListItem","position":1,"name":"Home","item":"https:\/\/akunq.net\/tr"},{"@type":"ListItem","position":2,"name":"K\u00fcltepe\u2019deki Kaz\u0131larda Dini \u0130nan\u00e7 Sembolleri A\u00e7\u0131\u011fa \u00c7\u0131kar\u0131lacak"}]},{"@type":"WebSite","@id":"https:\/\/akunq.net\/tr\/#website","url":"https:\/\/akunq.net\/tr\/","name":"Bati Ermenistan Ve Bati Ermenileri Sorunlari Ara\u015ftirmalar Merkezi","description":"","potentialAction":[{"@type":"SearchAction","target":{"@type":"EntryPoint","urlTemplate":"https:\/\/akunq.net\/tr\/?s={search_term_string}"},"query-input":{"@type":"PropertyValueSpecification","valueRequired":true,"valueName":"search_term_string"}}],"inLanguage":"en-US"},{"@type":"Person","@id":"https:\/\/akunq.net\/tr\/#\/schema\/person\/096f1d38a12cce57fb855b485ed24c9e","name":"admin","url":"https:\/\/akunq.net\/tr\/?author=7"}]}},"_links":{"self":[{"href":"https:\/\/akunq.net\/tr\/index.php?rest_route=\/wp\/v2\/posts\/63098","targetHints":{"allow":["GET"]}}],"collection":[{"href":"https:\/\/akunq.net\/tr\/index.php?rest_route=\/wp\/v2\/posts"}],"about":[{"href":"https:\/\/akunq.net\/tr\/index.php?rest_route=\/wp\/v2\/types\/post"}],"author":[{"embeddable":true,"href":"https:\/\/akunq.net\/tr\/index.php?rest_route=\/wp\/v2\/users\/7"}],"replies":[{"embeddable":true,"href":"https:\/\/akunq.net\/tr\/index.php?rest_route=%2Fwp%2Fv2%2Fcomments&post=63098"}],"version-history":[{"count":1,"href":"https:\/\/akunq.net\/tr\/index.php?rest_route=\/wp\/v2\/posts\/63098\/revisions"}],"predecessor-version":[{"id":63100,"href":"https:\/\/akunq.net\/tr\/index.php?rest_route=\/wp\/v2\/posts\/63098\/revisions\/63100"}],"wp:featuredmedia":[{"embeddable":true,"href":"https:\/\/akunq.net\/tr\/index.php?rest_route=\/wp\/v2\/media\/63099"}],"wp:attachment":[{"href":"https:\/\/akunq.net\/tr\/index.php?rest_route=%2Fwp%2Fv2%2Fmedia&parent=63098"}],"wp:term":[{"taxonomy":"category","embeddable":true,"href":"https:\/\/akunq.net\/tr\/index.php?rest_route=%2Fwp%2Fv2%2Fcategories&post=63098"},{"taxonomy":"post_tag","embeddable":true,"href":"https:\/\/akunq.net\/tr\/index.php?rest_route=%2Fwp%2Fv2%2Ftags&post=63098"}],"curies":[{"name":"wp","href":"https:\/\/api.w.org\/{rel}","templated":true}]}}